{"id":5613,"date":"2021-08-29T00:01:00","date_gmt":"2021-08-28T23:01:00","guid":{"rendered":"https:\/\/lasentinelle.dz\/?p=5613"},"modified":"2021-08-28T15:04:10","modified_gmt":"2021-08-28T14:04:10","slug":"nahd-la-rue-gronde-contre-les-ould-zemirli","status":"publish","type":"post","link":"https:\/\/lasentinelle.dz\/index.php\/2021\/08\/29\/nahd-la-rue-gronde-contre-les-ould-zemirli\/","title":{"rendered":"NAHD : La rue gronde contre les Ould Zemirli"},"content":{"rendered":"\n<p><strong>Apr\u00e8s la fin de la saison avec le maintien de l\u2019\u00e9quipe en Ligue 1, les supporters du Nasria r\u00e9clament du changement au niveau de leur direction.<\/strong><\/p>\n\n\n\n<p>Les fr\u00e8res OuldZemirli, Mahfoud et Bachir, v\u00e9ritables d\u00e9cideurs dans la maison du NA Hussein-Dey, ne devraient pas faire long feu \u00e0 la t\u00eate du NA Hussein-Dey. Ils sont dans le collimateur des supporters depuis plusieurs ann\u00e9es, ces derniers demandent leur d\u00e9part, dans la mesure o\u00f9 ils n\u2019ont rien apport\u00e9 au club, selon eux, pendant 11 ann\u00e9es de r\u00e8gne. Et Mahfoud, qui demeure le pr\u00e9sident l\u00e9gal sur le papier, a \u00e9t\u00e9 clair avec des supporters qui l\u2019avaient interpell\u00e9. Il a indiqu\u00e9 qu\u2019il n\u2019ira pas au-del\u00e0 de cette saison, et qu\u2019il attend la fin du championnat (mardi dernier face au MCA) pour entamer les proc\u00e9dures n\u00e9cessaires afin de se retirer. Il a m\u00eame indiqu\u00e9 que son fr\u00e8re Bachir ne pourra, cette fois-ci, oui exercer une pression pour rester. Mais aux derni\u00e8res nouvelles, Bachir a refait le coup et exerc\u00e9 une pression sur son fr\u00e8re afin de rester. Le m\u00eame groupe de supporters s\u2019est d\u00e9plac\u00e9, d\u00e8s lors, au domicile de Mahfoud afin de le rencontrer et confirmer la v\u00e9racit\u00e9 de cette information. Ils ne l\u2019ont pas trouv\u00e9 sur place et lui ont laiss\u00e9 un message qu\u2019il a jusqu\u2019\u00e0 lundi (demain, Ndlr) pour entamer les proc\u00e9dures. Ceci, \u00e9tant donn\u00e9 que ces supporters, qui affirment que le rempla\u00e7ant des OuldZemirli est pr\u00eat, ont eu \u00e9cho de la part des autres actionnaires qu\u2019il n\u2019ont re\u00e7u aucune convocation pour quelconque assembl\u00e9e g\u00e9n\u00e9rale. La situation demeure, donc, en l\u2019\u00e9tat et les jours se suivent et se ressemblent. Tout est en stand by et les inconditionnels des Sang et Or craignent que le retard accus\u00e9 se r\u00e9percute sur la pr\u00e9paration de la nouvelle saison, sachant que l\u2019entra\u00eeneur Abdelkader Ia\u00efche, ainsi qu\u2019une grande partie des joueurs, se disent sur le d\u00e9part. D\u2019anciens joueurs, \u00e0 l\u2019image de Ahmed A\u00eft El Hocine, Mahmoud Guendouz, Sid Ali Lazazi ou encore l\u2019entra\u00eeneur NourBenzekri, appellent au calme et \u00e0 la sagesse afin de trouver la solution qui arrangera tout le monde, et le club en premier lieu. Pour ces anciennes figures du club, celui-ci ne doit plus revivre dans les m\u00eames conditions de ces derni\u00e8res ann\u00e9es. Du c\u00f4t\u00e9 des joueurs, l\u2019on attend de la r\u00e9gularisation de la situation financi\u00e8re, comme promis par Bachir OuldZemirli, lors de sa derni\u00e8re rencontre avec eux, la veille du dernier match du championnat face au MCA. Dans tout cela, l\u2019on croise les doigts au Nasria en esp\u00e9rant un d\u00e9nouement dans les meilleurs d\u00e9lais.<\/p>\n\n\n\n<p><strong>Abderrahim Mahious<\/strong><\/p>\n","protected":false},"excerpt":{"rendered":"<p>Apr\u00e8s la fin de la saison avec le maintien de l\u2019\u00e9quipe en Ligue 1, les supporters du Nasria r\u00e9clament du<\/p>\n","protected":false},"author":3,"featured_media":5628,"comment_status":"open","ping_status":"closed","sticky":false,"template":"","format":"standard","meta":{"colormag_page_container_layout":"default_layout","colormag_page_sidebar_layout":"default_layout","om_disable_all_campaigns":false,"_monsterinsights_skip_tracking":false,"_monsterinsights_sitenote_active":false,"_monsterinsights_sitenote_note":"","_monsterinsights_sitenote_category":0,"footnotes":"","_wpscppro_dont_share_socialmedia":false,"_wpscppro_custom_social_share_image":0,"_facebook_share_type":"","_twitter_share_type":"","_linkedin_share_type":"","_pinterest_share_type":"","_linkedin_share_type_page":"","_instagram_share_type":"","_medium_share_type":"","_threads_share_type":"","_google_business_share_type":"","_selected_social_profile":[],"_wpsp_enable_custom_social_template":false,"_wpsp_social_scheduling":{"enabled":false,"datetime":null,"platforms":[],"status":"template_only","dateOption":"today","timeOption":"now","customDays":"","customHours":"","customDate":"","customTime":"","schedulingType":"absolute"},"_wpsp_active_default_template":true},"categories":[33],"tags":[],"class_list":["post-5613","post","type-post","status-publish","format-standard","has-post-thumbnail","hentry","category-sports"],"aioseo_notices":[],"yoast_head":"<!-- This site is optimized with the Yoast SEO plugin v27.5 - https:\/\/yoast.com\/product\/yoast-seo-wordpress\/ -->\n<title>NAHD : La rue gronde contre les Ould Zemirli - La Sentinelle<\/title>\n<meta name=\"robots\" content=\"index, follow, max-snippet:-1, max-image-preview:large, max-video-preview:-1\" \/>\n<link rel=\"canonical\" href=\"https:\/\/lasentinelle.dz\/index.php\/2021\/08\/29\/nahd-la-rue-gronde-contre-les-ould-zemirli\/\" \/>\n<meta property=\"og:locale\" content=\"fr_FR\" \/>\n<meta property=\"og:type\" content=\"article\" \/>\n<meta property=\"og:title\" content=\"NAHD : La rue gronde contre les Ould Zemirli - La Sentinelle\" \/>\n<meta property=\"og:description\" content=\"Apr\u00e8s la fin de la saison avec le maintien de l\u2019\u00e9quipe en Ligue 1, les supporters du Nasria r\u00e9clament du\" \/>\n<meta property=\"og:url\" content=\"https:\/\/lasentinelle.dz\/index.php\/2021\/08\/29\/nahd-la-rue-gronde-contre-les-ould-zemirli\/\" \/>\n<meta property=\"og:site_name\" content=\"La Sentinelle\" \/>\n<meta property=\"article:publisher\" content=\"https:\/\/www.facebook.com\/La-Sentinelle-104059864394773\" \/>\n<meta property=\"article:published_time\" content=\"2021-08-28T23:01:00+00:00\" \/>\n<meta property=\"og:image\" content=\"https:\/\/lasentinelle.dz\/wp-content\/uploads\/2021\/08\/NAHD3-scaled.jpg\" \/>\n\t<meta property=\"og:image:width\" content=\"2560\" \/>\n\t<meta property=\"og:image:height\" content=\"1696\" \/>\n\t<meta property=\"og:image:type\" content=\"image\/jpeg\" \/>\n<meta name=\"author\" content=\"La Sentinelle\" \/>\n<meta name=\"twitter:card\" content=\"summary_large_image\" \/>\n<meta name=\"twitter:label1\" content=\"\u00c9crit par\" \/>\n\t<meta name=\"twitter:data1\" content=\"La Sentinelle\" \/>\n\t<meta name=\"twitter:label2\" content=\"Dur\u00e9e de lecture estim\u00e9e\" \/>\n\t<meta name=\"twitter:data2\" content=\"2 minutes\" \/>\n<script type=\"application\/ld+json\" class=\"yoast-schema-graph\">{\"@context\":\"https:\\\/\\\/schema.org\",\"@graph\":[{\"@type\":\"Article\",\"@id\":\"https:\\\/\\\/lasentinelle.dz\\\/index.php\\\/2021\\\/08\\\/29\\\/nahd-la-rue-gronde-contre-les-ould-zemirli\\\/#article\",\"isPartOf\":{\"@id\":\"https:\\\/\\\/lasentinelle.dz\\\/index.php\\\/2021\\\/08\\\/29\\\/nahd-la-rue-gronde-contre-les-ould-zemirli\\\/\"},\"author\":{\"name\":\"La Sentinelle\",\"@id\":\"https:\\\/\\\/lasentinelle.dz\\\/#\\\/schema\\\/person\\\/d865044e22e70a75174ce8bcad3acfb3\"},\"headline\":\"NAHD : La rue gronde contre les Ould Zemirli\",\"datePublished\":\"2021-08-28T23:01:00+00:00\",\"mainEntityOfPage\":{\"@id\":\"https:\\\/\\\/lasentinelle.dz\\\/index.php\\\/2021\\\/08\\\/29\\\/nahd-la-rue-gronde-contre-les-ould-zemirli\\\/\"},\"wordCount\":489,\"commentCount\":0,\"publisher\":{\"@id\":\"https:\\\/\\\/lasentinelle.dz\\\/#organization\"},\"image\":{\"@id\":\"https:\\\/\\\/lasentinelle.dz\\\/index.php\\\/2021\\\/08\\\/29\\\/nahd-la-rue-gronde-contre-les-ould-zemirli\\\/#primaryimage\"},\"thumbnailUrl\":\"https:\\\/\\\/lasentinelle.dz\\\/wp-content\\\/uploads\\\/2021\\\/08\\\/NAHD3-scaled.jpg\",\"articleSection\":[\"Sports\"],\"inLanguage\":\"fr-FR\",\"potentialAction\":[{\"@type\":\"CommentAction\",\"name\":\"Comment\",\"target\":[\"https:\\\/\\\/lasentinelle.dz\\\/index.php\\\/2021\\\/08\\\/29\\\/nahd-la-rue-gronde-contre-les-ould-zemirli\\\/#respond\"]}]},{\"@type\":\"WebPage\",\"@id\":\"https:\\\/\\\/lasentinelle.dz\\\/index.php\\\/2021\\\/08\\\/29\\\/nahd-la-rue-gronde-contre-les-ould-zemirli\\\/\",\"url\":\"https:\\\/\\\/lasentinelle.dz\\\/index.php\\\/2021\\\/08\\\/29\\\/nahd-la-rue-gronde-contre-les-ould-zemirli\\\/\",\"name\":\"NAHD : La rue gronde contre les Ould Zemirli - La Sentinelle\",\"isPartOf\":{\"@id\":\"https:\\\/\\\/lasentinelle.dz\\\/#website\"},\"primaryImageOfPage\":{\"@id\":\"https:\\\/\\\/lasentinelle.dz\\\/index.php\\\/2021\\\/08\\\/29\\\/nahd-la-rue-gronde-contre-les-ould-zemirli\\\/#primaryimage\"},\"image\":{\"@id\":\"https:\\\/\\\/lasentinelle.dz\\\/index.php\\\/2021\\\/08\\\/29\\\/nahd-la-rue-gronde-contre-les-ould-zemirli\\\/#primaryimage\"},\"thumbnailUrl\":\"https:\\\/\\\/lasentinelle.dz\\\/wp-content\\\/uploads\\\/2021\\\/08\\\/NAHD3-scaled.jpg\",\"datePublished\":\"2021-08-28T23:01:00+00:00\",\"breadcrumb\":{\"@id\":\"https:\\\/\\\/lasentinelle.dz\\\/index.php\\\/2021\\\/08\\\/29\\\/nahd-la-rue-gronde-contre-les-ould-zemirli\\\/#breadcrumb\"},\"inLanguage\":\"fr-FR\",\"potentialAction\":[{\"@type\":\"ReadAction\",\"target\":[\"https:\\\/\\\/lasentinelle.dz\\\/index.php\\\/2021\\\/08\\\/29\\\/nahd-la-rue-gronde-contre-les-ould-zemirli\\\/\"]}]},{\"@type\":\"ImageObject\",\"inLanguage\":\"fr-FR\",\"@id\":\"https:\\\/\\\/lasentinelle.dz\\\/index.php\\\/2021\\\/08\\\/29\\\/nahd-la-rue-gronde-contre-les-ould-zemirli\\\/#primaryimage\",\"url\":\"https:\\\/\\\/lasentinelle.dz\\\/wp-content\\\/uploads\\\/2021\\\/08\\\/NAHD3-scaled.jpg\",\"contentUrl\":\"https:\\\/\\\/lasentinelle.dz\\\/wp-content\\\/uploads\\\/2021\\\/08\\\/NAHD3-scaled.jpg\",\"width\":2560,\"height\":1696},{\"@type\":\"BreadcrumbList\",\"@id\":\"https:\\\/\\\/lasentinelle.dz\\\/index.php\\\/2021\\\/08\\\/29\\\/nahd-la-rue-gronde-contre-les-ould-zemirli\\\/#breadcrumb\",\"itemListElement\":[{\"@type\":\"ListItem\",\"position\":1,\"name\":\"Accueil\",\"item\":\"https:\\\/\\\/lasentinelle.dz\\\/\"},{\"@type\":\"ListItem\",\"position\":2,\"name\":\"NAHD : La rue gronde contre les Ould Zemirli\"}]},{\"@type\":\"WebSite\",\"@id\":\"https:\\\/\\\/lasentinelle.dz\\\/#website\",\"url\":\"https:\\\/\\\/lasentinelle.dz\\\/\",\"name\":\"La Sentinelle\",\"description\":\"Quotidien national d&#039;information\",\"publisher\":{\"@id\":\"https:\\\/\\\/lasentinelle.dz\\\/#organization\"},\"potentialAction\":[{\"@type\":\"SearchAction\",\"target\":{\"@type\":\"EntryPoint\",\"urlTemplate\":\"https:\\\/\\\/lasentinelle.dz\\\/?s={search_term_string}\"},\"query-input\":{\"@type\":\"PropertyValueSpecification\",\"valueRequired\":true,\"valueName\":\"search_term_string\"}}],\"inLanguage\":\"fr-FR\"},{\"@type\":\"Organization\",\"@id\":\"https:\\\/\\\/lasentinelle.dz\\\/#organization\",\"name\":\"Quotidien La Sentinelle\",\"url\":\"https:\\\/\\\/lasentinelle.dz\\\/\",\"logo\":{\"@type\":\"ImageObject\",\"inLanguage\":\"fr-FR\",\"@id\":\"https:\\\/\\\/lasentinelle.dz\\\/#\\\/schema\\\/logo\\\/image\\\/\",\"url\":\"https:\\\/\\\/lasentinelle.dz\\\/wp-content\\\/uploads\\\/2021\\\/09\\\/logo-sentinelleSLOGAN-1.png\",\"contentUrl\":\"https:\\\/\\\/lasentinelle.dz\\\/wp-content\\\/uploads\\\/2021\\\/09\\\/logo-sentinelleSLOGAN-1.png\",\"width\":615,\"height\":142,\"caption\":\"Quotidien La Sentinelle\"},\"image\":{\"@id\":\"https:\\\/\\\/lasentinelle.dz\\\/#\\\/schema\\\/logo\\\/image\\\/\"},\"sameAs\":[\"https:\\\/\\\/www.facebook.com\\\/La-Sentinelle-104059864394773\"]},{\"@type\":\"Person\",\"@id\":\"https:\\\/\\\/lasentinelle.dz\\\/#\\\/schema\\\/person\\\/d865044e22e70a75174ce8bcad3acfb3\",\"name\":\"La Sentinelle\",\"image\":{\"@type\":\"ImageObject\",\"inLanguage\":\"fr-FR\",\"@id\":\"https:\\\/\\\/secure.gravatar.com\\\/avatar\\\/57de8e5d4b15d43fb361a71fbb36338450fe67865b528a43dd10ef7c51a20392?s=96&d=mm&r=g\",\"url\":\"https:\\\/\\\/secure.gravatar.com\\\/avatar\\\/57de8e5d4b15d43fb361a71fbb36338450fe67865b528a43dd10ef7c51a20392?s=96&d=mm&r=g\",\"contentUrl\":\"https:\\\/\\\/secure.gravatar.com\\\/avatar\\\/57de8e5d4b15d43fb361a71fbb36338450fe67865b528a43dd10ef7c51a20392?s=96&d=mm&r=g\",\"caption\":\"La Sentinelle\"},\"sameAs\":[\"http:\\\/\\\/www.lasentinelle.dz\"],\"url\":\"https:\\\/\\\/lasentinelle.dz\\\/author\\\/redaction\\\/\"}]}<\/script>\n<!-- \/ Yoast SEO plugin. -->","yoast_head_json":{"title":"NAHD : La rue gronde contre les Ould Zemirli - La Sentinelle","robots":{"index":"index","follow":"follow","max-snippet":"max-snippet:-1","max-image-preview":"max-image-preview:large","max-video-preview":"max-video-preview:-1"},"canonical":"https:\/\/lasentinelle.dz\/index.php\/2021\/08\/29\/nahd-la-rue-gronde-contre-les-ould-zemirli\/","og_locale":"fr_FR","og_type":"article","og_title":"NAHD : La rue gronde contre les Ould Zemirli - La Sentinelle","og_description":"Apr\u00e8s la fin de la saison avec le maintien de l\u2019\u00e9quipe en Ligue 1, les supporters du Nasria r\u00e9clament du","og_url":"https:\/\/lasentinelle.dz\/index.php\/2021\/08\/29\/nahd-la-rue-gronde-contre-les-ould-zemirli\/","og_site_name":"La Sentinelle","article_publisher":"https:\/\/www.facebook.com\/La-Sentinelle-104059864394773","article_published_time":"2021-08-28T23:01:00+00:00","og_image":[{"width":2560,"height":1696,"url":"https:\/\/lasentinelle.dz\/wp-content\/uploads\/2021\/08\/NAHD3-scaled.jpg","type":"image\/jpeg"}],"author":"La Sentinelle","twitter_card":"summary_large_image","twitter_misc":{"\u00c9crit par":"La Sentinelle","Dur\u00e9e de lecture estim\u00e9e":"2 minutes"},"schema":{"@context":"https:\/\/schema.org","@graph":[{"@type":"Article","@id":"https:\/\/lasentinelle.dz\/index.php\/2021\/08\/29\/nahd-la-rue-gronde-contre-les-ould-zemirli\/#article","isPartOf":{"@id":"https:\/\/lasentinelle.dz\/index.php\/2021\/08\/29\/nahd-la-rue-gronde-contre-les-ould-zemirli\/"},"author":{"name":"La Sentinelle","@id":"https:\/\/lasentinelle.dz\/#\/schema\/person\/d865044e22e70a75174ce8bcad3acfb3"},"headline":"NAHD : La rue gronde contre les Ould Zemirli","datePublished":"2021-08-28T23:01:00+00:00","mainEntityOfPage":{"@id":"https:\/\/lasentinelle.dz\/index.php\/2021\/08\/29\/nahd-la-rue-gronde-contre-les-ould-zemirli\/"},"wordCount":489,"commentCount":0,"publisher":{"@id":"https:\/\/lasentinelle.dz\/#organization"},"image":{"@id":"https:\/\/lasentinelle.dz\/index.php\/2021\/08\/29\/nahd-la-rue-gronde-contre-les-ould-zemirli\/#primaryimage"},"thumbnailUrl":"https:\/\/lasentinelle.dz\/wp-content\/uploads\/2021\/08\/NAHD3-scaled.jpg","articleSection":["Sports"],"inLanguage":"fr-FR","potentialAction":[{"@type":"CommentAction","name":"Comment","target":["https:\/\/lasentinelle.dz\/index.php\/2021\/08\/29\/nahd-la-rue-gronde-contre-les-ould-zemirli\/#respond"]}]},{"@type":"WebPage","@id":"https:\/\/lasentinelle.dz\/index.php\/2021\/08\/29\/nahd-la-rue-gronde-contre-les-ould-zemirli\/","url":"https:\/\/lasentinelle.dz\/index.php\/2021\/08\/29\/nahd-la-rue-gronde-contre-les-ould-zemirli\/","name":"NAHD : La rue gronde contre les Ould Zemirli - La Sentinelle","isPartOf":{"@id":"https:\/\/lasentinelle.dz\/#website"},"primaryImageOfPage":{"@id":"https:\/\/lasentinelle.dz\/index.php\/2021\/08\/29\/nahd-la-rue-gronde-contre-les-ould-zemirli\/#primaryimage"},"image":{"@id":"https:\/\/lasentinelle.dz\/index.php\/2021\/08\/29\/nahd-la-rue-gronde-contre-les-ould-zemirli\/#primaryimage"},"thumbnailUrl":"https:\/\/lasentinelle.dz\/wp-content\/uploads\/2021\/08\/NAHD3-scaled.jpg","datePublished":"2021-08-28T23:01:00+00:00","breadcrumb":{"@id":"https:\/\/lasentinelle.dz\/index.php\/2021\/08\/29\/nahd-la-rue-gronde-contre-les-ould-zemirli\/#breadcrumb"},"inLanguage":"fr-FR","potentialAction":[{"@type":"ReadAction","target":["https:\/\/lasentinelle.dz\/index.php\/2021\/08\/29\/nahd-la-rue-gronde-contre-les-ould-zemirli\/"]}]},{"@type":"ImageObject","inLanguage":"fr-FR","@id":"https:\/\/lasentinelle.dz\/index.php\/2021\/08\/29\/nahd-la-rue-gronde-contre-les-ould-zemirli\/#primaryimage","url":"https:\/\/lasentinelle.dz\/wp-content\/uploads\/2021\/08\/NAHD3-scaled.jpg","contentUrl":"https:\/\/lasentinelle.dz\/wp-content\/uploads\/2021\/08\/NAHD3-scaled.jpg","width":2560,"height":1696},{"@type":"BreadcrumbList","@id":"https:\/\/lasentinelle.dz\/index.php\/2021\/08\/29\/nahd-la-rue-gronde-contre-les-ould-zemirli\/#breadcrumb","itemListElement":[{"@type":"ListItem","position":1,"name":"Accueil","item":"https:\/\/lasentinelle.dz\/"},{"@type":"ListItem","position":2,"name":"NAHD : La rue gronde contre les Ould Zemirli"}]},{"@type":"WebSite","@id":"https:\/\/lasentinelle.dz\/#website","url":"https:\/\/lasentinelle.dz\/","name":"La Sentinelle","description":"Quotidien national d&#039;information","publisher":{"@id":"https:\/\/lasentinelle.dz\/#organization"},"potentialAction":[{"@type":"SearchAction","target":{"@type":"EntryPoint","urlTemplate":"https:\/\/lasentinelle.dz\/?s={search_term_string}"},"query-input":{"@type":"PropertyValueSpecification","valueRequired":true,"valueName":"search_term_string"}}],"inLanguage":"fr-FR"},{"@type":"Organization","@id":"https:\/\/lasentinelle.dz\/#organization","name":"Quotidien La Sentinelle","url":"https:\/\/lasentinelle.dz\/","logo":{"@type":"ImageObject","inLanguage":"fr-FR","@id":"https:\/\/lasentinelle.dz\/#\/schema\/logo\/image\/","url":"https:\/\/lasentinelle.dz\/wp-content\/uploads\/2021\/09\/logo-sentinelleSLOGAN-1.png","contentUrl":"https:\/\/lasentinelle.dz\/wp-content\/uploads\/2021\/09\/logo-sentinelleSLOGAN-1.png","width":615,"height":142,"caption":"Quotidien La Sentinelle"},"image":{"@id":"https:\/\/lasentinelle.dz\/#\/schema\/logo\/image\/"},"sameAs":["https:\/\/www.facebook.com\/La-Sentinelle-104059864394773"]},{"@type":"Person","@id":"https:\/\/lasentinelle.dz\/#\/schema\/person\/d865044e22e70a75174ce8bcad3acfb3","name":"La Sentinelle","image":{"@type":"ImageObject","inLanguage":"fr-FR","@id":"https:\/\/secure.gravatar.com\/avatar\/57de8e5d4b15d43fb361a71fbb36338450fe67865b528a43dd10ef7c51a20392?s=96&d=mm&r=g","url":"https:\/\/secure.gravatar.com\/avatar\/57de8e5d4b15d43fb361a71fbb36338450fe67865b528a43dd10ef7c51a20392?s=96&d=mm&r=g","contentUrl":"https:\/\/secure.gravatar.com\/avatar\/57de8e5d4b15d43fb361a71fbb36338450fe67865b528a43dd10ef7c51a20392?s=96&d=mm&r=g","caption":"La Sentinelle"},"sameAs":["http:\/\/www.lasentinelle.dz"],"url":"https:\/\/lasentinelle.dz\/author\/redaction\/"}]}},"_links":{"self":[{"href":"https:\/\/lasentinelle.dz\/index.php\/wp-json\/wp\/v2\/posts\/5613","targetHints":{"allow":["GET"]}}],"collection":[{"href":"https:\/\/lasentinelle.dz\/index.php\/wp-json\/wp\/v2\/posts"}],"about":[{"href":"https:\/\/lasentinelle.dz\/index.php\/wp-json\/wp\/v2\/types\/post"}],"author":[{"embeddable":true,"href":"https:\/\/lasentinelle.dz\/index.php\/wp-json\/wp\/v2\/users\/3"}],"replies":[{"embeddable":true,"href":"https:\/\/lasentinelle.dz\/index.php\/wp-json\/wp\/v2\/comments?post=5613"}],"version-history":[{"count":1,"href":"https:\/\/lasentinelle.dz\/index.php\/wp-json\/wp\/v2\/posts\/5613\/revisions"}],"predecessor-version":[{"id":5629,"href":"https:\/\/lasentinelle.dz\/index.php\/wp-json\/wp\/v2\/posts\/5613\/revisions\/5629"}],"wp:featuredmedia":[{"embeddable":true,"href":"https:\/\/lasentinelle.dz\/index.php\/wp-json\/wp\/v2\/media\/5628"}],"wp:attachment":[{"href":"https:\/\/lasentinelle.dz\/index.php\/wp-json\/wp\/v2\/media?parent=5613"}],"wp:term":[{"taxonomy":"category","embeddable":true,"href":"https:\/\/lasentinelle.dz\/index.php\/wp-json\/wp\/v2\/categories?post=5613"},{"taxonomy":"post_tag","embeddable":true,"href":"https:\/\/lasentinelle.dz\/index.php\/wp-json\/wp\/v2\/tags?post=5613"}],"curies":[{"name":"wp","href":"https:\/\/api.w.org\/{rel}","templated":true}]}}