{"id":56137,"date":"2024-08-25T14:11:19","date_gmt":"2024-08-25T13:11:19","guid":{"rendered":"https:\/\/lasentinelle.dz\/?p=56137"},"modified":"2024-08-25T14:11:20","modified_gmt":"2024-08-25T13:11:20","slug":"annaba-cap-sur-le-developpement-agricole-piscicole-et-sylvicole","status":"publish","type":"post","link":"https:\/\/lasentinelle.dz\/index.php\/2024\/08\/25\/annaba-cap-sur-le-developpement-agricole-piscicole-et-sylvicole\/","title":{"rendered":"Annaba\u00a0: Cap sur le d\u00e9veloppement agricole, piscicole et sylvicole"},"content":{"rendered":"\n<p>Les autorit\u00e9s locales de la wilaya d\u2019Annaba encha\u00eenent les r\u00e9unions et les rencontres et pr\u00eatent une oreille attentive aux acteurs int\u00e9ress\u00e9s par l\u2019investissement et d\u00e9veloppement les secteurs de l\u2019agriculture, la pisciculture et la sylviculture.<\/p>\n\n\n\n<p>Dans ce contexte, et au titre de la th\u00e9matique \u00ab\u00a0La r\u00e9alit\u00e9 de l\u2019investissement et ses horizons pour le d\u00e9veloppement continu des secteurs de l\u2019agriculture, des for\u00eats et de la p\u00eache\u00a0\u00bb, une rencontre a \u00e9t\u00e9 organis\u00e9e, jeudi, au si\u00e8ge de la wilaya d\u2019Annaba. La rencontre pr\u00e9sid\u00e9e par le chef de l\u2019ex\u00e9cutif local, Abdelkader Djellaoui, a \u00e9t\u00e9 marqu\u00e9e par une participation distingu\u00e9e des investisseurs locaux,&nbsp;et des directeurs de l\u2019ex\u00e9cutif charg\u00e9 des secteurs concern\u00e9s. Au centre des d\u00e9bats, les m\u00e9canismes de d\u00e9veloppement du secteur agricole, piscicole et forestier. Les pr\u00e9sents ont mis en relief les nouvelles opportunit\u00e9s, modalit\u00e9s et textes de lois en vigueur pour le d\u00e9veloppement \u00e9conomique d\u2019Annaba. Ces rencontres permettent aussi aux participants de saisir le potentiel pr\u00e9sent des secteurs discut\u00e9s et d\u2019\u00e9tablir des d\u00e9bats autour de ces derniers, notamment sur les obstacles et difficult\u00e9s que peuvent rencontrer les investisseurs et op\u00e9rateurs \u00e9conomiques dans leurs champs d\u2019activit\u00e9s. La rencontre \u00e9tait une occasion pour le wali d\u2019Annaba pour signifier \u00e0 tous les pr\u00e9sents, les op\u00e9rateurs \u00e9conomiques notamment, que \u00ab\u00a0cette rencontre traite de toutes les nouveaut\u00e9s dans les secteurs de la p\u00eache, l\u2019industrie, et l\u2019agriculture\u00a0\u00bb. Mettant les investisseurs en confiance, le wali a lanc\u00e9 : \u00ab\u00a0Nous sommes ici pour en discuter et prendre note de vos propositions. Si vous avez des id\u00e9es \u00e0 soumettre \u00e0 cette assembl\u00e9e, nous sommes ici pour les \u00e9couter et d\u00e9battre de leur faisabilit\u00e9, voire les soumettre aux minist\u00e8res concern\u00e9s pour les \u00e9tudier\u00a0\u00bb. Des propos qui ont ouvert la voie devant les investisseurs qui chacun, selon sp\u00e9cialit\u00e9, n\u2019ont pas h\u00e9sit\u00e9 \u00e0 faire part des projets susceptibles de hisser le d\u00e9veloppement locale de la wilaya d\u2019Annaba. En r\u00e9alit\u00e9, la tenue de cette rencontre \u00e9tait en elle-m\u00eame une occasion pour voir l\u2019engouement des investisseurs quant \u00e0 la volont\u00e9 de vouloir d\u00e9velopper les secteurs pr\u00e9cit\u00e9s. Lors de la rencontre, il a \u00e9t\u00e9 fait \u00e9tat du secteur de l\u2019agriculture. Cette ann\u00e9e la Conservation des for\u00eats d\u2019Annaba a attribu\u00e9 plus de 400 attestations d\u2019exploitation dans le secteur l&rsquo;agriculture en milieu forestier, dans le cadre de la loi 84\/12. Gr\u00e2ce \u00e0 cette loi, les habitants \u00e0 proximit\u00e9 ou dans des secteurs forestiers ont l\u2019avantage de b\u00e9n\u00e9ficier de concessions dans les espaces forestiers afin d\u2019y d\u00e9velopper des exploitations agricoles adapt\u00e9es \u00e0 ce type de terrain. Ainsi, 395 b\u00e9n\u00e9ficiaires, dont 41 femmes, ont obtenu des concessions sur un total de 617 hectares. De mani\u00e8re g\u00e9n\u00e9rale, les projets sont partag\u00e9s entre l\u2019apiculture et l\u2019arboriculture, notamment dans les communes de Sera\u00efdi et Cheta\u00efbi. Par ailleurs, dans le cadre de la mise en place et de l\u2019application du programme national des \u00ab\u00a0projets agricoles \u00e0 caract\u00e8re strat\u00e9gique\u00a0\u00bb, la direction des services agricoles (DSA) d\u2019Annaba a r\u00e9serv\u00e9 plusieurs centaines d\u2019hectares pour introduire et renforcer de nouveaux types de plantations. Dans ce contexte, elle s\u2019est mise en qu\u00eate d\u2019introduire et de renforcer plusieurs types de cultures. Ainsi, 100 hectares ont \u00e9t\u00e9 attribu\u00e9s \u00e0 la culture du Colza et 16 hectares \u00e0 la culture du tournesol. Ces deux cultures sont destin\u00e9es \u00e0 la transformation agroalimentaire (production de l\u2019huile de table), sans oublier leurs usages pharmaceutiques. En parall\u00e8le, la DSA a renforc\u00e9 la production des l\u00e9gumes secs par l\u2019extension de la superficie \u00e0 hauteur de 67 hectares et de 170 hectares pour la culture c\u00e9r\u00e9ali\u00e8re. Par ailleurs, la rencontre \u00e9tait une occasion pour les agriculteurs pour soulever leurs pr\u00e9occupations. Apr\u00e8s avoir \u00e9cout\u00e9 attentivement les dol\u00e9ances, le premier responsable de la wilaya d\u2019Annaba s\u2019est engag\u00e9 \u00e0 les prendre en charge et surtout d\u2019accompagner les agriculteurs de la wilaya dans la r\u00e9solution de leurs probl\u00e8mes. Ces derniers se rapportent notamment \u00e0 l\u2019obtention de la carte d\u2019agriculteur, les autorisations de forage de puits, l\u2019obtention des \u00e9quipements et l\u2019irrigation des exploitations agricoles.<\/p>\n\n\n\n<p><strong>Sofia Chahine<\/strong><\/p>\n","protected":false},"excerpt":{"rendered":"<p>Les autorit\u00e9s locales de la wilaya d\u2019Annaba encha\u00eenent les r\u00e9unions et les rencontres et pr\u00eatent une oreille attentive aux acteurs<\/p>\n","protected":false},"author":6,"featured_media":56138,"comment_status":"open","ping_status":"closed","sticky":false,"template":"","format":"standard","meta":{"colormag_page_container_layout":"default_layout","colormag_page_sidebar_layout":"default_layout","om_disable_all_campaigns":false,"_monsterinsights_skip_tracking":false,"_monsterinsights_sitenote_active":false,"_monsterinsights_sitenote_note":"","_monsterinsights_sitenote_category":0,"footnotes":"","_wpscppro_dont_share_socialmedia":false,"_wpscppro_custom_social_share_image":0,"_facebook_share_type":"default","_twitter_share_type":"default","_linkedin_share_type":"default","_pinterest_share_type":"default","_linkedin_share_type_page":"","_instagram_share_type":"default","_medium_share_type":"","_threads_share_type":"","_google_business_share_type":"","_selected_social_profile":[],"_wpsp_enable_custom_social_template":false,"_wpsp_social_scheduling":{"enabled":false,"datetime":null,"platforms":[],"status":"template_only","dateOption":"today","timeOption":"now","customDays":"","customHours":"","customDate":"","customTime":"","schedulingType":"absolute"},"_wpsp_active_default_template":true},"categories":[31],"tags":[],"class_list":["post-56137","post","type-post","status-publish","format-standard","has-post-thumbnail","hentry","category-regions"],"aioseo_notices":[],"yoast_head":"<!-- This site is optimized with the Yoast SEO plugin v27.5 - https:\/\/yoast.com\/product\/yoast-seo-wordpress\/ -->\n<title>Annaba\u00a0: Cap sur le d\u00e9veloppement agricole, piscicole et sylvicole - La Sentinelle<\/title>\n<meta name=\"robots\" content=\"index, follow, max-snippet:-1, max-image-preview:large, max-video-preview:-1\" \/>\n<link rel=\"canonical\" href=\"https:\/\/lasentinelle.dz\/index.php\/2024\/08\/25\/annaba-cap-sur-le-developpement-agricole-piscicole-et-sylvicole\/\" \/>\n<meta property=\"og:locale\" content=\"fr_FR\" \/>\n<meta property=\"og:type\" content=\"article\" \/>\n<meta property=\"og:title\" content=\"Annaba\u00a0: Cap sur le d\u00e9veloppement agricole, piscicole et sylvicole - La Sentinelle\" \/>\n<meta property=\"og:description\" content=\"Les autorit\u00e9s locales de la wilaya d\u2019Annaba encha\u00eenent les r\u00e9unions et les rencontres et pr\u00eatent une oreille attentive aux acteurs\" \/>\n<meta property=\"og:url\" content=\"https:\/\/lasentinelle.dz\/index.php\/2024\/08\/25\/annaba-cap-sur-le-developpement-agricole-piscicole-et-sylvicole\/\" \/>\n<meta property=\"og:site_name\" content=\"La Sentinelle\" \/>\n<meta property=\"article:publisher\" content=\"https:\/\/www.facebook.com\/La-Sentinelle-104059864394773\" \/>\n<meta property=\"article:published_time\" content=\"2024-08-25T13:11:19+00:00\" \/>\n<meta property=\"article:modified_time\" content=\"2024-08-25T13:11:20+00:00\" \/>\n<meta property=\"og:image\" content=\"https:\/\/lasentinelle.dz\/wp-content\/uploads\/2024\/08\/wali-dannaba.jpg\" \/>\n\t<meta property=\"og:image:width\" content=\"1325\" \/>\n\t<meta property=\"og:image:height\" content=\"733\" \/>\n\t<meta property=\"og:image:type\" content=\"image\/jpeg\" \/>\n<meta name=\"author\" content=\"admin\" \/>\n<meta name=\"twitter:card\" content=\"summary_large_image\" \/>\n<meta name=\"twitter:label1\" content=\"\u00c9crit par\" \/>\n\t<meta name=\"twitter:data1\" content=\"admin\" \/>\n\t<meta name=\"twitter:label2\" content=\"Dur\u00e9e de lecture estim\u00e9e\" \/>\n\t<meta name=\"twitter:data2\" content=\"4 minutes\" \/>\n<script type=\"application\/ld+json\" class=\"yoast-schema-graph\">{\"@context\":\"https:\\\/\\\/schema.org\",\"@graph\":[{\"@type\":\"Article\",\"@id\":\"https:\\\/\\\/lasentinelle.dz\\\/index.php\\\/2024\\\/08\\\/25\\\/annaba-cap-sur-le-developpement-agricole-piscicole-et-sylvicole\\\/#article\",\"isPartOf\":{\"@id\":\"https:\\\/\\\/lasentinelle.dz\\\/index.php\\\/2024\\\/08\\\/25\\\/annaba-cap-sur-le-developpement-agricole-piscicole-et-sylvicole\\\/\"},\"author\":{\"name\":\"admin\",\"@id\":\"https:\\\/\\\/lasentinelle.dz\\\/#\\\/schema\\\/person\\\/729ee0024f24e0b8c5ec17232f8e8b41\"},\"headline\":\"Annaba\u00a0: Cap sur le d\u00e9veloppement agricole, piscicole et sylvicole\",\"datePublished\":\"2024-08-25T13:11:19+00:00\",\"dateModified\":\"2024-08-25T13:11:20+00:00\",\"mainEntityOfPage\":{\"@id\":\"https:\\\/\\\/lasentinelle.dz\\\/index.php\\\/2024\\\/08\\\/25\\\/annaba-cap-sur-le-developpement-agricole-piscicole-et-sylvicole\\\/\"},\"wordCount\":747,\"commentCount\":0,\"publisher\":{\"@id\":\"https:\\\/\\\/lasentinelle.dz\\\/#organization\"},\"image\":{\"@id\":\"https:\\\/\\\/lasentinelle.dz\\\/index.php\\\/2024\\\/08\\\/25\\\/annaba-cap-sur-le-developpement-agricole-piscicole-et-sylvicole\\\/#primaryimage\"},\"thumbnailUrl\":\"https:\\\/\\\/lasentinelle.dz\\\/wp-content\\\/uploads\\\/2024\\\/08\\\/wali-dannaba.jpg\",\"articleSection\":[\"R\u00e9gions\"],\"inLanguage\":\"fr-FR\",\"potentialAction\":[{\"@type\":\"CommentAction\",\"name\":\"Comment\",\"target\":[\"https:\\\/\\\/lasentinelle.dz\\\/index.php\\\/2024\\\/08\\\/25\\\/annaba-cap-sur-le-developpement-agricole-piscicole-et-sylvicole\\\/#respond\"]}]},{\"@type\":\"WebPage\",\"@id\":\"https:\\\/\\\/lasentinelle.dz\\\/index.php\\\/2024\\\/08\\\/25\\\/annaba-cap-sur-le-developpement-agricole-piscicole-et-sylvicole\\\/\",\"url\":\"https:\\\/\\\/lasentinelle.dz\\\/index.php\\\/2024\\\/08\\\/25\\\/annaba-cap-sur-le-developpement-agricole-piscicole-et-sylvicole\\\/\",\"name\":\"Annaba\u00a0: Cap sur le d\u00e9veloppement agricole, piscicole et sylvicole - La Sentinelle\",\"isPartOf\":{\"@id\":\"https:\\\/\\\/lasentinelle.dz\\\/#website\"},\"primaryImageOfPage\":{\"@id\":\"https:\\\/\\\/lasentinelle.dz\\\/index.php\\\/2024\\\/08\\\/25\\\/annaba-cap-sur-le-developpement-agricole-piscicole-et-sylvicole\\\/#primaryimage\"},\"image\":{\"@id\":\"https:\\\/\\\/lasentinelle.dz\\\/index.php\\\/2024\\\/08\\\/25\\\/annaba-cap-sur-le-developpement-agricole-piscicole-et-sylvicole\\\/#primaryimage\"},\"thumbnailUrl\":\"https:\\\/\\\/lasentinelle.dz\\\/wp-content\\\/uploads\\\/2024\\\/08\\\/wali-dannaba.jpg\",\"datePublished\":\"2024-08-25T13:11:19+00:00\",\"dateModified\":\"2024-08-25T13:11:20+00:00\",\"breadcrumb\":{\"@id\":\"https:\\\/\\\/lasentinelle.dz\\\/index.php\\\/2024\\\/08\\\/25\\\/annaba-cap-sur-le-developpement-agricole-piscicole-et-sylvicole\\\/#breadcrumb\"},\"inLanguage\":\"fr-FR\",\"potentialAction\":[{\"@type\":\"ReadAction\",\"target\":[\"https:\\\/\\\/lasentinelle.dz\\\/index.php\\\/2024\\\/08\\\/25\\\/annaba-cap-sur-le-developpement-agricole-piscicole-et-sylvicole\\\/\"]}]},{\"@type\":\"ImageObject\",\"inLanguage\":\"fr-FR\",\"@id\":\"https:\\\/\\\/lasentinelle.dz\\\/index.php\\\/2024\\\/08\\\/25\\\/annaba-cap-sur-le-developpement-agricole-piscicole-et-sylvicole\\\/#primaryimage\",\"url\":\"https:\\\/\\\/lasentinelle.dz\\\/wp-content\\\/uploads\\\/2024\\\/08\\\/wali-dannaba.jpg\",\"contentUrl\":\"https:\\\/\\\/lasentinelle.dz\\\/wp-content\\\/uploads\\\/2024\\\/08\\\/wali-dannaba.jpg\",\"width\":1325,\"height\":733},{\"@type\":\"BreadcrumbList\",\"@id\":\"https:\\\/\\\/lasentinelle.dz\\\/index.php\\\/2024\\\/08\\\/25\\\/annaba-cap-sur-le-developpement-agricole-piscicole-et-sylvicole\\\/#breadcrumb\",\"itemListElement\":[{\"@type\":\"ListItem\",\"position\":1,\"name\":\"Accueil\",\"item\":\"https:\\\/\\\/lasentinelle.dz\\\/\"},{\"@type\":\"ListItem\",\"position\":2,\"name\":\"Annaba\u00a0: Cap sur le d\u00e9veloppement agricole, piscicole et sylvicole\"}]},{\"@type\":\"WebSite\",\"@id\":\"https:\\\/\\\/lasentinelle.dz\\\/#website\",\"url\":\"https:\\\/\\\/lasentinelle.dz\\\/\",\"name\":\"La Sentinelle\",\"description\":\"Quotidien national d&#039;information\",\"publisher\":{\"@id\":\"https:\\\/\\\/lasentinelle.dz\\\/#organization\"},\"potentialAction\":[{\"@type\":\"SearchAction\",\"target\":{\"@type\":\"EntryPoint\",\"urlTemplate\":\"https:\\\/\\\/lasentinelle.dz\\\/?s={search_term_string}\"},\"query-input\":{\"@type\":\"PropertyValueSpecification\",\"valueRequired\":true,\"valueName\":\"search_term_string\"}}],\"inLanguage\":\"fr-FR\"},{\"@type\":\"Organization\",\"@id\":\"https:\\\/\\\/lasentinelle.dz\\\/#organization\",\"name\":\"Quotidien La Sentinelle\",\"url\":\"https:\\\/\\\/lasentinelle.dz\\\/\",\"logo\":{\"@type\":\"ImageObject\",\"inLanguage\":\"fr-FR\",\"@id\":\"https:\\\/\\\/lasentinelle.dz\\\/#\\\/schema\\\/logo\\\/image\\\/\",\"url\":\"https:\\\/\\\/lasentinelle.dz\\\/wp-content\\\/uploads\\\/2021\\\/09\\\/logo-sentinelleSLOGAN-1.png\",\"contentUrl\":\"https:\\\/\\\/lasentinelle.dz\\\/wp-content\\\/uploads\\\/2021\\\/09\\\/logo-sentinelleSLOGAN-1.png\",\"width\":615,\"height\":142,\"caption\":\"Quotidien La Sentinelle\"},\"image\":{\"@id\":\"https:\\\/\\\/lasentinelle.dz\\\/#\\\/schema\\\/logo\\\/image\\\/\"},\"sameAs\":[\"https:\\\/\\\/www.facebook.com\\\/La-Sentinelle-104059864394773\"]},{\"@type\":\"Person\",\"@id\":\"https:\\\/\\\/lasentinelle.dz\\\/#\\\/schema\\\/person\\\/729ee0024f24e0b8c5ec17232f8e8b41\",\"name\":\"admin\",\"image\":{\"@type\":\"ImageObject\",\"inLanguage\":\"fr-FR\",\"@id\":\"https:\\\/\\\/secure.gravatar.com\\\/avatar\\\/4c81fed838786e9b53f540bf46533e750f5d292099ae3b66cfc6fb1982e29df7?s=96&d=mm&r=g\",\"url\":\"https:\\\/\\\/secure.gravatar.com\\\/avatar\\\/4c81fed838786e9b53f540bf46533e750f5d292099ae3b66cfc6fb1982e29df7?s=96&d=mm&r=g\",\"contentUrl\":\"https:\\\/\\\/secure.gravatar.com\\\/avatar\\\/4c81fed838786e9b53f540bf46533e750f5d292099ae3b66cfc6fb1982e29df7?s=96&d=mm&r=g\",\"caption\":\"admin\"},\"description\":\"admin\",\"url\":\"https:\\\/\\\/lasentinelle.dz\\\/author\\\/admin\\\/\"}]}<\/script>\n<!-- \/ Yoast SEO plugin. -->","yoast_head_json":{"title":"Annaba\u00a0: Cap sur le d\u00e9veloppement agricole, piscicole et sylvicole - La Sentinelle","robots":{"index":"index","follow":"follow","max-snippet":"max-snippet:-1","max-image-preview":"max-image-preview:large","max-video-preview":"max-video-preview:-1"},"canonical":"https:\/\/lasentinelle.dz\/index.php\/2024\/08\/25\/annaba-cap-sur-le-developpement-agricole-piscicole-et-sylvicole\/","og_locale":"fr_FR","og_type":"article","og_title":"Annaba\u00a0: Cap sur le d\u00e9veloppement agricole, piscicole et sylvicole - La Sentinelle","og_description":"Les autorit\u00e9s locales de la wilaya d\u2019Annaba encha\u00eenent les r\u00e9unions et les rencontres et pr\u00eatent une oreille attentive aux acteurs","og_url":"https:\/\/lasentinelle.dz\/index.php\/2024\/08\/25\/annaba-cap-sur-le-developpement-agricole-piscicole-et-sylvicole\/","og_site_name":"La Sentinelle","article_publisher":"https:\/\/www.facebook.com\/La-Sentinelle-104059864394773","article_published_time":"2024-08-25T13:11:19+00:00","article_modified_time":"2024-08-25T13:11:20+00:00","og_image":[{"width":1325,"height":733,"url":"https:\/\/lasentinelle.dz\/wp-content\/uploads\/2024\/08\/wali-dannaba.jpg","type":"image\/jpeg"}],"author":"admin","twitter_card":"summary_large_image","twitter_misc":{"\u00c9crit par":"admin","Dur\u00e9e de lecture estim\u00e9e":"4 minutes"},"schema":{"@context":"https:\/\/schema.org","@graph":[{"@type":"Article","@id":"https:\/\/lasentinelle.dz\/index.php\/2024\/08\/25\/annaba-cap-sur-le-developpement-agricole-piscicole-et-sylvicole\/#article","isPartOf":{"@id":"https:\/\/lasentinelle.dz\/index.php\/2024\/08\/25\/annaba-cap-sur-le-developpement-agricole-piscicole-et-sylvicole\/"},"author":{"name":"admin","@id":"https:\/\/lasentinelle.dz\/#\/schema\/person\/729ee0024f24e0b8c5ec17232f8e8b41"},"headline":"Annaba\u00a0: Cap sur le d\u00e9veloppement agricole, piscicole et sylvicole","datePublished":"2024-08-25T13:11:19+00:00","dateModified":"2024-08-25T13:11:20+00:00","mainEntityOfPage":{"@id":"https:\/\/lasentinelle.dz\/index.php\/2024\/08\/25\/annaba-cap-sur-le-developpement-agricole-piscicole-et-sylvicole\/"},"wordCount":747,"commentCount":0,"publisher":{"@id":"https:\/\/lasentinelle.dz\/#organization"},"image":{"@id":"https:\/\/lasentinelle.dz\/index.php\/2024\/08\/25\/annaba-cap-sur-le-developpement-agricole-piscicole-et-sylvicole\/#primaryimage"},"thumbnailUrl":"https:\/\/lasentinelle.dz\/wp-content\/uploads\/2024\/08\/wali-dannaba.jpg","articleSection":["R\u00e9gions"],"inLanguage":"fr-FR","potentialAction":[{"@type":"CommentAction","name":"Comment","target":["https:\/\/lasentinelle.dz\/index.php\/2024\/08\/25\/annaba-cap-sur-le-developpement-agricole-piscicole-et-sylvicole\/#respond"]}]},{"@type":"WebPage","@id":"https:\/\/lasentinelle.dz\/index.php\/2024\/08\/25\/annaba-cap-sur-le-developpement-agricole-piscicole-et-sylvicole\/","url":"https:\/\/lasentinelle.dz\/index.php\/2024\/08\/25\/annaba-cap-sur-le-developpement-agricole-piscicole-et-sylvicole\/","name":"Annaba\u00a0: Cap sur le d\u00e9veloppement agricole, piscicole et sylvicole - La Sentinelle","isPartOf":{"@id":"https:\/\/lasentinelle.dz\/#website"},"primaryImageOfPage":{"@id":"https:\/\/lasentinelle.dz\/index.php\/2024\/08\/25\/annaba-cap-sur-le-developpement-agricole-piscicole-et-sylvicole\/#primaryimage"},"image":{"@id":"https:\/\/lasentinelle.dz\/index.php\/2024\/08\/25\/annaba-cap-sur-le-developpement-agricole-piscicole-et-sylvicole\/#primaryimage"},"thumbnailUrl":"https:\/\/lasentinelle.dz\/wp-content\/uploads\/2024\/08\/wali-dannaba.jpg","datePublished":"2024-08-25T13:11:19+00:00","dateModified":"2024-08-25T13:11:20+00:00","breadcrumb":{"@id":"https:\/\/lasentinelle.dz\/index.php\/2024\/08\/25\/annaba-cap-sur-le-developpement-agricole-piscicole-et-sylvicole\/#breadcrumb"},"inLanguage":"fr-FR","potentialAction":[{"@type":"ReadAction","target":["https:\/\/lasentinelle.dz\/index.php\/2024\/08\/25\/annaba-cap-sur-le-developpement-agricole-piscicole-et-sylvicole\/"]}]},{"@type":"ImageObject","inLanguage":"fr-FR","@id":"https:\/\/lasentinelle.dz\/index.php\/2024\/08\/25\/annaba-cap-sur-le-developpement-agricole-piscicole-et-sylvicole\/#primaryimage","url":"https:\/\/lasentinelle.dz\/wp-content\/uploads\/2024\/08\/wali-dannaba.jpg","contentUrl":"https:\/\/lasentinelle.dz\/wp-content\/uploads\/2024\/08\/wali-dannaba.jpg","width":1325,"height":733},{"@type":"BreadcrumbList","@id":"https:\/\/lasentinelle.dz\/index.php\/2024\/08\/25\/annaba-cap-sur-le-developpement-agricole-piscicole-et-sylvicole\/#breadcrumb","itemListElement":[{"@type":"ListItem","position":1,"name":"Accueil","item":"https:\/\/lasentinelle.dz\/"},{"@type":"ListItem","position":2,"name":"Annaba\u00a0: Cap sur le d\u00e9veloppement agricole, piscicole et sylvicole"}]},{"@type":"WebSite","@id":"https:\/\/lasentinelle.dz\/#website","url":"https:\/\/lasentinelle.dz\/","name":"La Sentinelle","description":"Quotidien national d&#039;information","publisher":{"@id":"https:\/\/lasentinelle.dz\/#organization"},"potentialAction":[{"@type":"SearchAction","target":{"@type":"EntryPoint","urlTemplate":"https:\/\/lasentinelle.dz\/?s={search_term_string}"},"query-input":{"@type":"PropertyValueSpecification","valueRequired":true,"valueName":"search_term_string"}}],"inLanguage":"fr-FR"},{"@type":"Organization","@id":"https:\/\/lasentinelle.dz\/#organization","name":"Quotidien La Sentinelle","url":"https:\/\/lasentinelle.dz\/","logo":{"@type":"ImageObject","inLanguage":"fr-FR","@id":"https:\/\/lasentinelle.dz\/#\/schema\/logo\/image\/","url":"https:\/\/lasentinelle.dz\/wp-content\/uploads\/2021\/09\/logo-sentinelleSLOGAN-1.png","contentUrl":"https:\/\/lasentinelle.dz\/wp-content\/uploads\/2021\/09\/logo-sentinelleSLOGAN-1.png","width":615,"height":142,"caption":"Quotidien La Sentinelle"},"image":{"@id":"https:\/\/lasentinelle.dz\/#\/schema\/logo\/image\/"},"sameAs":["https:\/\/www.facebook.com\/La-Sentinelle-104059864394773"]},{"@type":"Person","@id":"https:\/\/lasentinelle.dz\/#\/schema\/person\/729ee0024f24e0b8c5ec17232f8e8b41","name":"admin","image":{"@type":"ImageObject","inLanguage":"fr-FR","@id":"https:\/\/secure.gravatar.com\/avatar\/4c81fed838786e9b53f540bf46533e750f5d292099ae3b66cfc6fb1982e29df7?s=96&d=mm&r=g","url":"https:\/\/secure.gravatar.com\/avatar\/4c81fed838786e9b53f540bf46533e750f5d292099ae3b66cfc6fb1982e29df7?s=96&d=mm&r=g","contentUrl":"https:\/\/secure.gravatar.com\/avatar\/4c81fed838786e9b53f540bf46533e750f5d292099ae3b66cfc6fb1982e29df7?s=96&d=mm&r=g","caption":"admin"},"description":"admin","url":"https:\/\/lasentinelle.dz\/author\/admin\/"}]}},"_links":{"self":[{"href":"https:\/\/lasentinelle.dz\/index.php\/wp-json\/wp\/v2\/posts\/56137","targetHints":{"allow":["GET"]}}],"collection":[{"href":"https:\/\/lasentinelle.dz\/index.php\/wp-json\/wp\/v2\/posts"}],"about":[{"href":"https:\/\/lasentinelle.dz\/index.php\/wp-json\/wp\/v2\/types\/post"}],"author":[{"embeddable":true,"href":"https:\/\/lasentinelle.dz\/index.php\/wp-json\/wp\/v2\/users\/6"}],"replies":[{"embeddable":true,"href":"https:\/\/lasentinelle.dz\/index.php\/wp-json\/wp\/v2\/comments?post=56137"}],"version-history":[{"count":1,"href":"https:\/\/lasentinelle.dz\/index.php\/wp-json\/wp\/v2\/posts\/56137\/revisions"}],"predecessor-version":[{"id":56139,"href":"https:\/\/lasentinelle.dz\/index.php\/wp-json\/wp\/v2\/posts\/56137\/revisions\/56139"}],"wp:featuredmedia":[{"embeddable":true,"href":"https:\/\/lasentinelle.dz\/index.php\/wp-json\/wp\/v2\/media\/56138"}],"wp:attachment":[{"href":"https:\/\/lasentinelle.dz\/index.php\/wp-json\/wp\/v2\/media?parent=56137"}],"wp:term":[{"taxonomy":"category","embeddable":true,"href":"https:\/\/lasentinelle.dz\/index.php\/wp-json\/wp\/v2\/categories?post=56137"},{"taxonomy":"post_tag","embeddable":true,"href":"https:\/\/lasentinelle.dz\/index.php\/wp-json\/wp\/v2\/tags?post=56137"}],"curies":[{"name":"wp","href":"https:\/\/api.w.org\/{rel}","templated":true}]}}