{"id":56146,"date":"2024-08-25T14:14:45","date_gmt":"2024-08-25T13:14:45","guid":{"rendered":"https:\/\/lasentinelle.dz\/?p=56146"},"modified":"2024-08-25T14:14:46","modified_gmt":"2024-08-25T13:14:46","slug":"transformation-numerique-la-strategie-nationale-adoptee","status":"publish","type":"post","link":"https:\/\/lasentinelle.dz\/index.php\/2024\/08\/25\/transformation-numerique-la-strategie-nationale-adoptee\/","title":{"rendered":"Transformation num\u00e9rique : La strat\u00e9gie nationale adopt\u00e9e"},"content":{"rendered":"\n<p>La ministre, haut-commissaire \u00e0 la num\u00e9risation, Meriem Ben Mouloud a annonc\u00e9, hier sur sa page facebook, que la Pr\u00e9sidence de la R\u00e9publique a adopt\u00e9 la strat\u00e9gie nationale de transformation num\u00e9rique en Alg\u00e9rie 2025-2030, pr\u00e9cisant que cette strat\u00e9gie est consid\u00e9r\u00e9e comme \u00e9tant le r\u00e9f\u00e9rentiel national et le cadre d\u00e9finissant la mise en \u0153uvre du processus de transformation num\u00e9rique en Alg\u00e9rie.<\/p>\n\n\n\n<p>Selon la m\u00eame source, l\u2019adoption de la strat\u00e9gie nationale de transformation num\u00e9rique est un \u00e9v\u00e9nement historique dans notre pays puisqu\u2019elle est la premi\u00e8re du genre en Alg\u00e9rie, ajoutant que cette strat\u00e9gie s\u2019appuie sur cinq axes strat\u00e9giques, \u00e0 savoir les ressources humaines, la formation et la recherche, l\u2019infrastructure de base principale des technologies de l\u2019information et de la communication (TIC), la gouvernance num\u00e9rique, l\u2019\u00e9conomie num\u00e9rique et la soci\u00e9t\u00e9 num\u00e9rique. Plus explicite, le Haut-commissariat \u00e0 la num\u00e9risation a indiqu\u00e9 que ladite strat\u00e9gie est bas\u00e9e, \u00e9galement, sur deux principes, en l\u2019occurrence le cadre juridique et r\u00e9glementaire et la cyber s\u00e9curit\u00e9, soulignant que ce document \u00e9labor\u00e9 par les services du Haut-commissariat \u00e0 la num\u00e9risation en collaboration avec des repr\u00e9sentants des secteurs minist\u00e9riels concern\u00e9s et experts en TIC sera explicit\u00e9 et publi\u00e9 ult\u00e9rieurement. La Haut-commissaire \u00e0 la num\u00e9risation, Meriem Benmouloud, a affirm\u00e9 que le projet de Strat\u00e9gie nationale de transition num\u00e9rique qui est fin pr\u00eat visait le changement des modes de gestion, l&rsquo;instauration des principes de transparence et la lutte contre la bureaucratie et la corruption, rappelant que le projet de la strat\u00e9gie nationale de transition num\u00e9rique, a \u00e9t\u00e9 approuv\u00e9 par le Conseil d&rsquo;Orientation du Commissariat le 28 mai dernier. Continuant sur sa lanc\u00e9e, elle a soutenu que cette strat\u00e9gie visait \u00e0 changer le mode de gestion, \u00e0 instaurer les principes de transparence, \u00e0 lutter contre la bureaucratie et la corruption, \u00e0 assurer un acc\u00e8s \u00e9quitable \u00e0 l&rsquo;information et \u00e0 am\u00e9liorer les prestations.<\/p>\n\n\n\n<p>Il y a lieu de noter que l&rsquo;\u00e9laboration de ce projet \u00e9tait pass\u00e9e par plusieurs \u00e9tapes, dont des consultations avec des experts et acteurs activant dans le domaine du num\u00e9rique. 14 ateliers ont \u00e9t\u00e9 organis\u00e9s en novembre 2023, ayant permis l&rsquo;adoption de 300 recommandations dans la premi\u00e8re mouture de ladite strat\u00e9gie, lesquelles ont \u00e9t\u00e9 soumises aux diff\u00e9rents secteurs concern\u00e9s, sachant que cette mouture a fait l&rsquo;objet de cinq modifications dont la derni\u00e8re version a \u00e9t\u00e9 soumise, depuis un mois, \u00e0 la Pr\u00e9sidence de la R\u00e9publique. Ainsi, cette strat\u00e9gie nationale qui intervient en r\u00e9ponse aux exigences socio-\u00e9conomiques et culturelles actuelles, repose sur cinq axes et 25 objectifs strat\u00e9giques. En vue de concr\u00e9tiser l&rsquo;axe relatif aux infrastructures, le Haut-commissariat \u00e0 la num\u00e9risation a sign\u00e9, avril dernier, d\u2019une convention relative au projet de r\u00e9alisation du Centre national alg\u00e9rien des prestations num\u00e9riques (DATA CENTER) avec l\u2019\u00e9quipementier chinois Huawei Consortium. L&rsquo;objectif de la cr\u00e9ation de ce Data Center, qui comprend deux centres de donn\u00e9es \u00e0 Alger et Blida, est d&rsquo;atteindre la souverainet\u00e9 num\u00e9rique et d&rsquo;\u0153uvrer \u00e0 la domiciliation des donn\u00e9es nationales, ce qui incitera les investisseurs \u00e0 promouvoir les services \u00e0 l&rsquo;int\u00e9rieur du pays en recourant aux m\u00eames technologies qui existent \u00e0 l&rsquo;\u00e9tranger.<\/p>\n\n\n\n<p>Le centre s&rsquo;att\u00e8lera \u00e9galement \u00e0 l&rsquo;\u00e9laboration d&rsquo;une base de donn\u00e9es nationale et \u00e0 la coordination entre les diff\u00e9rents d\u00e9partements minist\u00e9riels ayant enregistr\u00e9 un progr\u00e8s dans le processus de num\u00e9risation mais n&rsquo;ont pas encore \u00e9chang\u00e9 d&rsquo;informations et n&rsquo;ont pas encore r\u00e9alis\u00e9 l&rsquo;int\u00e9gration souhait\u00e9e entre eux, selon Madame Meriem Benmouloud.<\/p>\n\n\n\n<p>Le centre dispose d&rsquo;un syst\u00e8me informatique national contenant la plateforme nationale d&rsquo;interop\u00e9rabilit\u00e9 qui interconnectera les syst\u00e8mes informatiques sectoriels, outre une base de donn\u00e9es nationale et un portail national interactif des services num\u00e9riques, pr\u00e9voyant 40 services publics num\u00e9riques au profit du citoyen et de l&rsquo;entreprise.<\/p>\n\n\n\n<p>Mme Benmouloud a soulign\u00e9 que la strat\u00e9gie nationale de transition num\u00e9rique reposait sur deux bases essentielles, la loi sur la num\u00e9risation en cours d&rsquo;\u00e9laboration et la s\u00e9curit\u00e9 informatique et cybern\u00e9tique objet d&rsquo;une collaboration avec le minist\u00e8re de la D\u00e9fense nationale (MDN). Concernant a loi sur la num\u00e9risation, elle indiqu\u00e9 qu\u2019il s&rsquo;agit d&rsquo;une loi cadre, r\u00e9gissant, encadrant et r\u00e9gulant le domaine num\u00e9rique et visant \u00e0 lever les obstacles, \u00e0 faciliter les mesures administratives et \u00e0 rem\u00e9dier aux failles induites par l&rsquo;\u00e9volution technologique, ajoutant que ce texte de loi sera valable pour une longue dur\u00e9e, en ce sens qu&rsquo;il sera valide pour une dur\u00e9e de 10 ans au moins.<\/p>\n\n\n\n<p>La dite loi comprend, selon la m\u00eame responsable, neuf axes pr\u00e9sent\u00e9s r\u00e9cemment devant des experts nationaux et internationaux dans les domaines du num\u00e9rique et de la l\u00e9gislation, et ce lors d&rsquo;ateliers sanctionn\u00e9s par plus de 200 recommandations actuellement en cours d&rsquo;examen avant l&rsquo;\u00e9laboration du texte de loi qui sera pr\u00e9sent\u00e9 au secr\u00e9tariat g\u00e9n\u00e9ral du Gouvernement (SGG).<\/p>\n\n\n\n<p>Hakim Aomar<\/p>\n","protected":false},"excerpt":{"rendered":"<p>La ministre, haut-commissaire \u00e0 la num\u00e9risation, Meriem Ben Mouloud a annonc\u00e9, hier sur sa page facebook, que la Pr\u00e9sidence de<\/p>\n","protected":false},"author":6,"featured_media":38691,"comment_status":"open","ping_status":"closed","sticky":false,"template":"","format":"standard","meta":{"colormag_page_container_layout":"default_layout","colormag_page_sidebar_layout":"default_layout","om_disable_all_campaigns":false,"_monsterinsights_skip_tracking":false,"_monsterinsights_sitenote_active":false,"_monsterinsights_sitenote_note":"","_monsterinsights_sitenote_category":0,"footnotes":"","_wpscppro_dont_share_socialmedia":false,"_wpscppro_custom_social_share_image":0,"_facebook_share_type":"default","_twitter_share_type":"default","_linkedin_share_type":"default","_pinterest_share_type":"default","_linkedin_share_type_page":"","_instagram_share_type":"default","_medium_share_type":"","_threads_share_type":"","_google_business_share_type":"","_selected_social_profile":[],"_wpsp_enable_custom_social_template":false,"_wpsp_social_scheduling":{"enabled":false,"datetime":null,"platforms":[],"status":"template_only","dateOption":"today","timeOption":"now","customDays":"","customHours":"","customDate":"","customTime":"","schedulingType":"absolute"},"_wpsp_active_default_template":true},"categories":[52,29],"tags":[],"class_list":["post-56146","post","type-post","status-publish","format-standard","has-post-thumbnail","hentry","category-a-la-une","category-economie"],"aioseo_notices":[],"yoast_head":"<!-- This site is optimized with the Yoast SEO plugin v27.5 - https:\/\/yoast.com\/product\/yoast-seo-wordpress\/ -->\n<title>Transformation num\u00e9rique : La strat\u00e9gie nationale adopt\u00e9e - La Sentinelle<\/title>\n<meta name=\"robots\" content=\"index, follow, max-snippet:-1, max-image-preview:large, max-video-preview:-1\" \/>\n<link rel=\"canonical\" href=\"https:\/\/lasentinelle.dz\/index.php\/2024\/08\/25\/transformation-numerique-la-strategie-nationale-adoptee\/\" \/>\n<meta property=\"og:locale\" content=\"fr_FR\" \/>\n<meta property=\"og:type\" content=\"article\" \/>\n<meta property=\"og:title\" content=\"Transformation num\u00e9rique : La strat\u00e9gie nationale adopt\u00e9e - La Sentinelle\" \/>\n<meta property=\"og:description\" content=\"La ministre, haut-commissaire \u00e0 la num\u00e9risation, Meriem Ben Mouloud a annonc\u00e9, hier sur sa page facebook, que la Pr\u00e9sidence de\" \/>\n<meta property=\"og:url\" content=\"https:\/\/lasentinelle.dz\/index.php\/2024\/08\/25\/transformation-numerique-la-strategie-nationale-adoptee\/\" \/>\n<meta property=\"og:site_name\" content=\"La Sentinelle\" \/>\n<meta property=\"article:publisher\" content=\"https:\/\/www.facebook.com\/La-Sentinelle-104059864394773\" \/>\n<meta property=\"article:published_time\" content=\"2024-08-25T13:14:45+00:00\" \/>\n<meta property=\"article:modified_time\" content=\"2024-08-25T13:14:46+00:00\" \/>\n<meta property=\"og:image\" content=\"https:\/\/lasentinelle.dz\/wp-content\/uploads\/2023\/03\/numerisation.png\" \/>\n\t<meta property=\"og:image:width\" content=\"1491\" \/>\n\t<meta property=\"og:image:height\" content=\"900\" \/>\n\t<meta property=\"og:image:type\" content=\"image\/png\" \/>\n<meta name=\"author\" content=\"admin\" \/>\n<meta name=\"twitter:card\" content=\"summary_large_image\" \/>\n<meta name=\"twitter:label1\" content=\"\u00c9crit par\" \/>\n\t<meta name=\"twitter:data1\" content=\"admin\" \/>\n\t<meta name=\"twitter:label2\" content=\"Dur\u00e9e de lecture estim\u00e9e\" \/>\n\t<meta name=\"twitter:data2\" content=\"5 minutes\" \/>\n<script type=\"application\/ld+json\" class=\"yoast-schema-graph\">{\"@context\":\"https:\\\/\\\/schema.org\",\"@graph\":[{\"@type\":\"Article\",\"@id\":\"https:\\\/\\\/lasentinelle.dz\\\/index.php\\\/2024\\\/08\\\/25\\\/transformation-numerique-la-strategie-nationale-adoptee\\\/#article\",\"isPartOf\":{\"@id\":\"https:\\\/\\\/lasentinelle.dz\\\/index.php\\\/2024\\\/08\\\/25\\\/transformation-numerique-la-strategie-nationale-adoptee\\\/\"},\"author\":{\"name\":\"admin\",\"@id\":\"https:\\\/\\\/lasentinelle.dz\\\/#\\\/schema\\\/person\\\/729ee0024f24e0b8c5ec17232f8e8b41\"},\"headline\":\"Transformation num\u00e9rique : La strat\u00e9gie nationale adopt\u00e9e\",\"datePublished\":\"2024-08-25T13:14:45+00:00\",\"dateModified\":\"2024-08-25T13:14:46+00:00\",\"mainEntityOfPage\":{\"@id\":\"https:\\\/\\\/lasentinelle.dz\\\/index.php\\\/2024\\\/08\\\/25\\\/transformation-numerique-la-strategie-nationale-adoptee\\\/\"},\"wordCount\":885,\"commentCount\":0,\"publisher\":{\"@id\":\"https:\\\/\\\/lasentinelle.dz\\\/#organization\"},\"image\":{\"@id\":\"https:\\\/\\\/lasentinelle.dz\\\/index.php\\\/2024\\\/08\\\/25\\\/transformation-numerique-la-strategie-nationale-adoptee\\\/#primaryimage\"},\"thumbnailUrl\":\"https:\\\/\\\/lasentinelle.dz\\\/wp-content\\\/uploads\\\/2023\\\/03\\\/numerisation.png\",\"articleSection\":[\"\u00c0 la Une\",\"\u00c9conomie\"],\"inLanguage\":\"fr-FR\",\"potentialAction\":[{\"@type\":\"CommentAction\",\"name\":\"Comment\",\"target\":[\"https:\\\/\\\/lasentinelle.dz\\\/index.php\\\/2024\\\/08\\\/25\\\/transformation-numerique-la-strategie-nationale-adoptee\\\/#respond\"]}]},{\"@type\":\"WebPage\",\"@id\":\"https:\\\/\\\/lasentinelle.dz\\\/index.php\\\/2024\\\/08\\\/25\\\/transformation-numerique-la-strategie-nationale-adoptee\\\/\",\"url\":\"https:\\\/\\\/lasentinelle.dz\\\/index.php\\\/2024\\\/08\\\/25\\\/transformation-numerique-la-strategie-nationale-adoptee\\\/\",\"name\":\"Transformation num\u00e9rique : La strat\u00e9gie nationale adopt\u00e9e - La Sentinelle\",\"isPartOf\":{\"@id\":\"https:\\\/\\\/lasentinelle.dz\\\/#website\"},\"primaryImageOfPage\":{\"@id\":\"https:\\\/\\\/lasentinelle.dz\\\/index.php\\\/2024\\\/08\\\/25\\\/transformation-numerique-la-strategie-nationale-adoptee\\\/#primaryimage\"},\"image\":{\"@id\":\"https:\\\/\\\/lasentinelle.dz\\\/index.php\\\/2024\\\/08\\\/25\\\/transformation-numerique-la-strategie-nationale-adoptee\\\/#primaryimage\"},\"thumbnailUrl\":\"https:\\\/\\\/lasentinelle.dz\\\/wp-content\\\/uploads\\\/2023\\\/03\\\/numerisation.png\",\"datePublished\":\"2024-08-25T13:14:45+00:00\",\"dateModified\":\"2024-08-25T13:14:46+00:00\",\"breadcrumb\":{\"@id\":\"https:\\\/\\\/lasentinelle.dz\\\/index.php\\\/2024\\\/08\\\/25\\\/transformation-numerique-la-strategie-nationale-adoptee\\\/#breadcrumb\"},\"inLanguage\":\"fr-FR\",\"potentialAction\":[{\"@type\":\"ReadAction\",\"target\":[\"https:\\\/\\\/lasentinelle.dz\\\/index.php\\\/2024\\\/08\\\/25\\\/transformation-numerique-la-strategie-nationale-adoptee\\\/\"]}]},{\"@type\":\"ImageObject\",\"inLanguage\":\"fr-FR\",\"@id\":\"https:\\\/\\\/lasentinelle.dz\\\/index.php\\\/2024\\\/08\\\/25\\\/transformation-numerique-la-strategie-nationale-adoptee\\\/#primaryimage\",\"url\":\"https:\\\/\\\/lasentinelle.dz\\\/wp-content\\\/uploads\\\/2023\\\/03\\\/numerisation.png\",\"contentUrl\":\"https:\\\/\\\/lasentinelle.dz\\\/wp-content\\\/uploads\\\/2023\\\/03\\\/numerisation.png\",\"width\":1491,\"height\":900},{\"@type\":\"BreadcrumbList\",\"@id\":\"https:\\\/\\\/lasentinelle.dz\\\/index.php\\\/2024\\\/08\\\/25\\\/transformation-numerique-la-strategie-nationale-adoptee\\\/#breadcrumb\",\"itemListElement\":[{\"@type\":\"ListItem\",\"position\":1,\"name\":\"Accueil\",\"item\":\"https:\\\/\\\/lasentinelle.dz\\\/\"},{\"@type\":\"ListItem\",\"position\":2,\"name\":\"Transformation num\u00e9rique : La strat\u00e9gie nationale adopt\u00e9e\"}]},{\"@type\":\"WebSite\",\"@id\":\"https:\\\/\\\/lasentinelle.dz\\\/#website\",\"url\":\"https:\\\/\\\/lasentinelle.dz\\\/\",\"name\":\"La Sentinelle\",\"description\":\"Quotidien national d&#039;information\",\"publisher\":{\"@id\":\"https:\\\/\\\/lasentinelle.dz\\\/#organization\"},\"potentialAction\":[{\"@type\":\"SearchAction\",\"target\":{\"@type\":\"EntryPoint\",\"urlTemplate\":\"https:\\\/\\\/lasentinelle.dz\\\/?s={search_term_string}\"},\"query-input\":{\"@type\":\"PropertyValueSpecification\",\"valueRequired\":true,\"valueName\":\"search_term_string\"}}],\"inLanguage\":\"fr-FR\"},{\"@type\":\"Organization\",\"@id\":\"https:\\\/\\\/lasentinelle.dz\\\/#organization\",\"name\":\"Quotidien La Sentinelle\",\"url\":\"https:\\\/\\\/lasentinelle.dz\\\/\",\"logo\":{\"@type\":\"ImageObject\",\"inLanguage\":\"fr-FR\",\"@id\":\"https:\\\/\\\/lasentinelle.dz\\\/#\\\/schema\\\/logo\\\/image\\\/\",\"url\":\"https:\\\/\\\/lasentinelle.dz\\\/wp-content\\\/uploads\\\/2021\\\/09\\\/logo-sentinelleSLOGAN-1.png\",\"contentUrl\":\"https:\\\/\\\/lasentinelle.dz\\\/wp-content\\\/uploads\\\/2021\\\/09\\\/logo-sentinelleSLOGAN-1.png\",\"width\":615,\"height\":142,\"caption\":\"Quotidien La Sentinelle\"},\"image\":{\"@id\":\"https:\\\/\\\/lasentinelle.dz\\\/#\\\/schema\\\/logo\\\/image\\\/\"},\"sameAs\":[\"https:\\\/\\\/www.facebook.com\\\/La-Sentinelle-104059864394773\"]},{\"@type\":\"Person\",\"@id\":\"https:\\\/\\\/lasentinelle.dz\\\/#\\\/schema\\\/person\\\/729ee0024f24e0b8c5ec17232f8e8b41\",\"name\":\"admin\",\"image\":{\"@type\":\"ImageObject\",\"inLanguage\":\"fr-FR\",\"@id\":\"https:\\\/\\\/secure.gravatar.com\\\/avatar\\\/4c81fed838786e9b53f540bf46533e750f5d292099ae3b66cfc6fb1982e29df7?s=96&d=mm&r=g\",\"url\":\"https:\\\/\\\/secure.gravatar.com\\\/avatar\\\/4c81fed838786e9b53f540bf46533e750f5d292099ae3b66cfc6fb1982e29df7?s=96&d=mm&r=g\",\"contentUrl\":\"https:\\\/\\\/secure.gravatar.com\\\/avatar\\\/4c81fed838786e9b53f540bf46533e750f5d292099ae3b66cfc6fb1982e29df7?s=96&d=mm&r=g\",\"caption\":\"admin\"},\"description\":\"admin\",\"url\":\"https:\\\/\\\/lasentinelle.dz\\\/author\\\/admin\\\/\"}]}<\/script>\n<!-- \/ Yoast SEO plugin. -->","yoast_head_json":{"title":"Transformation num\u00e9rique : La strat\u00e9gie nationale adopt\u00e9e - La Sentinelle","robots":{"index":"index","follow":"follow","max-snippet":"max-snippet:-1","max-image-preview":"max-image-preview:large","max-video-preview":"max-video-preview:-1"},"canonical":"https:\/\/lasentinelle.dz\/index.php\/2024\/08\/25\/transformation-numerique-la-strategie-nationale-adoptee\/","og_locale":"fr_FR","og_type":"article","og_title":"Transformation num\u00e9rique : La strat\u00e9gie nationale adopt\u00e9e - La Sentinelle","og_description":"La ministre, haut-commissaire \u00e0 la num\u00e9risation, Meriem Ben Mouloud a annonc\u00e9, hier sur sa page facebook, que la Pr\u00e9sidence de","og_url":"https:\/\/lasentinelle.dz\/index.php\/2024\/08\/25\/transformation-numerique-la-strategie-nationale-adoptee\/","og_site_name":"La Sentinelle","article_publisher":"https:\/\/www.facebook.com\/La-Sentinelle-104059864394773","article_published_time":"2024-08-25T13:14:45+00:00","article_modified_time":"2024-08-25T13:14:46+00:00","og_image":[{"width":1491,"height":900,"url":"https:\/\/lasentinelle.dz\/wp-content\/uploads\/2023\/03\/numerisation.png","type":"image\/png"}],"author":"admin","twitter_card":"summary_large_image","twitter_misc":{"\u00c9crit par":"admin","Dur\u00e9e de lecture estim\u00e9e":"5 minutes"},"schema":{"@context":"https:\/\/schema.org","@graph":[{"@type":"Article","@id":"https:\/\/lasentinelle.dz\/index.php\/2024\/08\/25\/transformation-numerique-la-strategie-nationale-adoptee\/#article","isPartOf":{"@id":"https:\/\/lasentinelle.dz\/index.php\/2024\/08\/25\/transformation-numerique-la-strategie-nationale-adoptee\/"},"author":{"name":"admin","@id":"https:\/\/lasentinelle.dz\/#\/schema\/person\/729ee0024f24e0b8c5ec17232f8e8b41"},"headline":"Transformation num\u00e9rique : La strat\u00e9gie nationale adopt\u00e9e","datePublished":"2024-08-25T13:14:45+00:00","dateModified":"2024-08-25T13:14:46+00:00","mainEntityOfPage":{"@id":"https:\/\/lasentinelle.dz\/index.php\/2024\/08\/25\/transformation-numerique-la-strategie-nationale-adoptee\/"},"wordCount":885,"commentCount":0,"publisher":{"@id":"https:\/\/lasentinelle.dz\/#organization"},"image":{"@id":"https:\/\/lasentinelle.dz\/index.php\/2024\/08\/25\/transformation-numerique-la-strategie-nationale-adoptee\/#primaryimage"},"thumbnailUrl":"https:\/\/lasentinelle.dz\/wp-content\/uploads\/2023\/03\/numerisation.png","articleSection":["\u00c0 la Une","\u00c9conomie"],"inLanguage":"fr-FR","potentialAction":[{"@type":"CommentAction","name":"Comment","target":["https:\/\/lasentinelle.dz\/index.php\/2024\/08\/25\/transformation-numerique-la-strategie-nationale-adoptee\/#respond"]}]},{"@type":"WebPage","@id":"https:\/\/lasentinelle.dz\/index.php\/2024\/08\/25\/transformation-numerique-la-strategie-nationale-adoptee\/","url":"https:\/\/lasentinelle.dz\/index.php\/2024\/08\/25\/transformation-numerique-la-strategie-nationale-adoptee\/","name":"Transformation num\u00e9rique : La strat\u00e9gie nationale adopt\u00e9e - La Sentinelle","isPartOf":{"@id":"https:\/\/lasentinelle.dz\/#website"},"primaryImageOfPage":{"@id":"https:\/\/lasentinelle.dz\/index.php\/2024\/08\/25\/transformation-numerique-la-strategie-nationale-adoptee\/#primaryimage"},"image":{"@id":"https:\/\/lasentinelle.dz\/index.php\/2024\/08\/25\/transformation-numerique-la-strategie-nationale-adoptee\/#primaryimage"},"thumbnailUrl":"https:\/\/lasentinelle.dz\/wp-content\/uploads\/2023\/03\/numerisation.png","datePublished":"2024-08-25T13:14:45+00:00","dateModified":"2024-08-25T13:14:46+00:00","breadcrumb":{"@id":"https:\/\/lasentinelle.dz\/index.php\/2024\/08\/25\/transformation-numerique-la-strategie-nationale-adoptee\/#breadcrumb"},"inLanguage":"fr-FR","potentialAction":[{"@type":"ReadAction","target":["https:\/\/lasentinelle.dz\/index.php\/2024\/08\/25\/transformation-numerique-la-strategie-nationale-adoptee\/"]}]},{"@type":"ImageObject","inLanguage":"fr-FR","@id":"https:\/\/lasentinelle.dz\/index.php\/2024\/08\/25\/transformation-numerique-la-strategie-nationale-adoptee\/#primaryimage","url":"https:\/\/lasentinelle.dz\/wp-content\/uploads\/2023\/03\/numerisation.png","contentUrl":"https:\/\/lasentinelle.dz\/wp-content\/uploads\/2023\/03\/numerisation.png","width":1491,"height":900},{"@type":"BreadcrumbList","@id":"https:\/\/lasentinelle.dz\/index.php\/2024\/08\/25\/transformation-numerique-la-strategie-nationale-adoptee\/#breadcrumb","itemListElement":[{"@type":"ListItem","position":1,"name":"Accueil","item":"https:\/\/lasentinelle.dz\/"},{"@type":"ListItem","position":2,"name":"Transformation num\u00e9rique : La strat\u00e9gie nationale adopt\u00e9e"}]},{"@type":"WebSite","@id":"https:\/\/lasentinelle.dz\/#website","url":"https:\/\/lasentinelle.dz\/","name":"La Sentinelle","description":"Quotidien national d&#039;information","publisher":{"@id":"https:\/\/lasentinelle.dz\/#organization"},"potentialAction":[{"@type":"SearchAction","target":{"@type":"EntryPoint","urlTemplate":"https:\/\/lasentinelle.dz\/?s={search_term_string}"},"query-input":{"@type":"PropertyValueSpecification","valueRequired":true,"valueName":"search_term_string"}}],"inLanguage":"fr-FR"},{"@type":"Organization","@id":"https:\/\/lasentinelle.dz\/#organization","name":"Quotidien La Sentinelle","url":"https:\/\/lasentinelle.dz\/","logo":{"@type":"ImageObject","inLanguage":"fr-FR","@id":"https:\/\/lasentinelle.dz\/#\/schema\/logo\/image\/","url":"https:\/\/lasentinelle.dz\/wp-content\/uploads\/2021\/09\/logo-sentinelleSLOGAN-1.png","contentUrl":"https:\/\/lasentinelle.dz\/wp-content\/uploads\/2021\/09\/logo-sentinelleSLOGAN-1.png","width":615,"height":142,"caption":"Quotidien La Sentinelle"},"image":{"@id":"https:\/\/lasentinelle.dz\/#\/schema\/logo\/image\/"},"sameAs":["https:\/\/www.facebook.com\/La-Sentinelle-104059864394773"]},{"@type":"Person","@id":"https:\/\/lasentinelle.dz\/#\/schema\/person\/729ee0024f24e0b8c5ec17232f8e8b41","name":"admin","image":{"@type":"ImageObject","inLanguage":"fr-FR","@id":"https:\/\/secure.gravatar.com\/avatar\/4c81fed838786e9b53f540bf46533e750f5d292099ae3b66cfc6fb1982e29df7?s=96&d=mm&r=g","url":"https:\/\/secure.gravatar.com\/avatar\/4c81fed838786e9b53f540bf46533e750f5d292099ae3b66cfc6fb1982e29df7?s=96&d=mm&r=g","contentUrl":"https:\/\/secure.gravatar.com\/avatar\/4c81fed838786e9b53f540bf46533e750f5d292099ae3b66cfc6fb1982e29df7?s=96&d=mm&r=g","caption":"admin"},"description":"admin","url":"https:\/\/lasentinelle.dz\/author\/admin\/"}]}},"_links":{"self":[{"href":"https:\/\/lasentinelle.dz\/index.php\/wp-json\/wp\/v2\/posts\/56146","targetHints":{"allow":["GET"]}}],"collection":[{"href":"https:\/\/lasentinelle.dz\/index.php\/wp-json\/wp\/v2\/posts"}],"about":[{"href":"https:\/\/lasentinelle.dz\/index.php\/wp-json\/wp\/v2\/types\/post"}],"author":[{"embeddable":true,"href":"https:\/\/lasentinelle.dz\/index.php\/wp-json\/wp\/v2\/users\/6"}],"replies":[{"embeddable":true,"href":"https:\/\/lasentinelle.dz\/index.php\/wp-json\/wp\/v2\/comments?post=56146"}],"version-history":[{"count":1,"href":"https:\/\/lasentinelle.dz\/index.php\/wp-json\/wp\/v2\/posts\/56146\/revisions"}],"predecessor-version":[{"id":56147,"href":"https:\/\/lasentinelle.dz\/index.php\/wp-json\/wp\/v2\/posts\/56146\/revisions\/56147"}],"wp:featuredmedia":[{"embeddable":true,"href":"https:\/\/lasentinelle.dz\/index.php\/wp-json\/wp\/v2\/media\/38691"}],"wp:attachment":[{"href":"https:\/\/lasentinelle.dz\/index.php\/wp-json\/wp\/v2\/media?parent=56146"}],"wp:term":[{"taxonomy":"category","embeddable":true,"href":"https:\/\/lasentinelle.dz\/index.php\/wp-json\/wp\/v2\/categories?post=56146"},{"taxonomy":"post_tag","embeddable":true,"href":"https:\/\/lasentinelle.dz\/index.php\/wp-json\/wp\/v2\/tags?post=56146"}],"curies":[{"name":"wp","href":"https:\/\/api.w.org\/{rel}","templated":true}]}}