{"id":56170,"date":"2024-08-26T14:02:53","date_gmt":"2024-08-26T13:02:53","guid":{"rendered":"https:\/\/lasentinelle.dz\/?p=56170"},"modified":"2024-08-26T14:02:56","modified_gmt":"2024-08-26T13:02:56","slug":"inscriptions-exceptionnelles-en-premiere-annee-primaire-ouverture-de-la-procedure-demain","status":"publish","type":"post","link":"https:\/\/lasentinelle.dz\/index.php\/2024\/08\/26\/inscriptions-exceptionnelles-en-premiere-annee-primaire-ouverture-de-la-procedure-demain\/","title":{"rendered":"Inscriptions exceptionnelles en premi\u00e8re ann\u00e9e primaire: Ouverture de la proc\u00e9dure demain"},"content":{"rendered":"\n<p>Le minist\u00e8re de l&rsquo;\u00c9ducation nationale vient d&rsquo;annoncer une proc\u00e9dure d&rsquo;inscription exceptionnelle en premi\u00e8re ann\u00e9e primaire pour la rentr\u00e9e 2024\/2025. Une proc\u00e9dure qui s&rsquo;ouvrira d\u00e8s demain mardi et qui pourrait permettre \u00e0 de jeunes \u00e9l\u00e8ves de faire leurs premiers pas \u00e0 l&rsquo;\u00e9cole un peu plus t\u00f4t que pr\u00e9vu. Les parents devront se connecter \u00e0 l&rsquo;Espace d\u00e9di\u00e9 sur le site du minist\u00e8re pour d\u00e9poser leur demande. Simple, rapide et accessible \u00e0 tous, cette d\u00e9marche illustre la volont\u00e9 du gouvernement de moderniser le syst\u00e8me \u00e9ducatif. \u00ab\u00a0Dans le cadre de la mise en \u0153uvre des op\u00e9rations li\u00e9es \u00e0 la rentr\u00e9e scolaire 2024-2025 et conform\u00e9ment aux dispositions de l&rsquo;article 12 de la loi 08-04 du 23 janvier 2008 portant loi d&rsquo;orientation sur l&rsquo;\u00e9ducation nationale, le minist\u00e8re de l&rsquo;Education nationale annonce que les demandes d&rsquo;inscription exceptionnelle en premi\u00e8re ann\u00e9e primaire au titre de l&rsquo;ann\u00e9e scolaire 2024-2025 seront ouvertes de mardi 27 ao\u00fbt \u00e0 dimanche 8 septembre 2024, exclusivement via l&rsquo;espace d\u00e9di\u00e9 aux parents sur le syst\u00e8me d&rsquo;information du secteur de l&rsquo;\u00e9ducation nationale\u00a0\u00bb, lit-on dans le communiqu\u00e9. Attention, tous les enfants n\u00e9s en 2019 ne sont pas concern\u00e9s. Seuls ceux venus au monde entre le 1er janvier et le 31 mars pourront tenter leur chance. De plus, les places sont limit\u00e9es : seules les \u00e9coles ayant des classes de moins de 34 \u00e9l\u00e8ves pourront accueillir ces nouveaux arrivants.<\/p>\n\n\n\n<p>\u00ab\u00a0Les demandes d&rsquo;inscription exceptionnelle en premi\u00e8re ann\u00e9e primaire pour les enfants n\u00e9s entre le 1er janvier et le 31 mars 2019 sont d\u00e9pos\u00e9es via le lien : \u00ab\u00a0https:\/\/awlyaa.education.dz\u00a0\u00bb, a pr\u00e9cis\u00e9 le minist\u00e8re. Le syst\u00e8me d&rsquo;information du secteur de l&rsquo;\u00e9ducation permet aux parents de \u00ab\u00a0choisir une seule \u00e9cole parmi celles disposant de places p\u00e9dagogiques en premi\u00e8re ann\u00e9e primaire\u00a0\u00bb, selon le communiqu\u00e9, qui pr\u00e9cise que \u00ab\u00a0les demandes d&rsquo;inscription exceptionnelle en premi\u00e8re ann\u00e9e primaire sont trait\u00e9es par le syst\u00e8me selon deux crit\u00e8res : les places p\u00e9dagogiques disponibles et la date de naissance\u00a0\u00bb. \u00ab\u00a0L&rsquo;inscription exceptionnelle est effectu\u00e9e dans les \u00e9coles primaires comptant en moyenne moins de 34 \u00e9l\u00e8ves par groupe\u00a0\u00bb, a soulign\u00e9 le minist\u00e8re, ajoutant que \u00ab\u00a0les listes des enfants admis \u00e0 l&rsquo;inscription seront affich\u00e9es au niveau des \u00e9coles primaires concern\u00e9es, le samedi 14 septembre 2024, et via l&rsquo;espace d\u00e9di\u00e9 aux parents, le jour m\u00eame\u00a0\u00bb. Les enfants admis et inscrits doivent rejoindre l&rsquo;\u00e9cole le jour de la rentr\u00e9e scolaire 2024-2025, sachant que \u00ab\u00a0tout enfant qui ne rejoint pas son \u00e9cole au plus tard le 30 septembre 2024 perd son inscription exceptionnelle et est remplac\u00e9 par l&rsquo;enfant suivant sur la liste\u00a0\u00bb, a pr\u00e9venu le document. \u00ab\u00a0Les b\u00e9n\u00e9ficiaires d&rsquo;une inscription exceptionnelle en premi\u00e8re ann\u00e9e primaire n&rsquo;ont pas le droit de changer d&rsquo;\u00e9cole dans la m\u00eame wilaya pendant l&rsquo;ann\u00e9e scolaire\u00a0\u00bb, a ajout\u00e9 le minist\u00e8re, pr\u00e9cisant que \u00ab\u00a0toute inscription exceptionnelle en premi\u00e8re ann\u00e9e primaire effectu\u00e9e en dehors du syst\u00e8me d&rsquo;information du secteur de l&rsquo;\u00e9ducation nationale est consid\u00e9r\u00e9e nulle et non avenue\u00a0\u00bb.<\/p>\n\n\n\n<p>Chokri Hafed<\/p>\n","protected":false},"excerpt":{"rendered":"<p>Le minist\u00e8re de l&rsquo;\u00c9ducation nationale vient d&rsquo;annoncer une proc\u00e9dure d&rsquo;inscription exceptionnelle en premi\u00e8re ann\u00e9e primaire pour la rentr\u00e9e 2024\/2025. Une<\/p>\n","protected":false},"author":6,"featured_media":14906,"comment_status":"open","ping_status":"closed","sticky":false,"template":"","format":"standard","meta":{"colormag_page_container_layout":"default_layout","colormag_page_sidebar_layout":"default_layout","om_disable_all_campaigns":false,"_monsterinsights_skip_tracking":false,"_monsterinsights_sitenote_active":false,"_monsterinsights_sitenote_note":"","_monsterinsights_sitenote_category":0,"footnotes":"","_wpscppro_dont_share_socialmedia":false,"_wpscppro_custom_social_share_image":0,"_facebook_share_type":"default","_twitter_share_type":"default","_linkedin_share_type":"default","_pinterest_share_type":"default","_linkedin_share_type_page":"","_instagram_share_type":"default","_medium_share_type":"","_threads_share_type":"","_google_business_share_type":"","_selected_social_profile":[],"_wpsp_enable_custom_social_template":false,"_wpsp_social_scheduling":{"enabled":false,"datetime":null,"platforms":[],"status":"template_only","dateOption":"today","timeOption":"now","customDays":"","customHours":"","customDate":"","customTime":"","schedulingType":"absolute"},"_wpsp_active_default_template":true},"categories":[27],"tags":[],"class_list":["post-56170","post","type-post","status-publish","format-standard","has-post-thumbnail","hentry","category-actualite"],"aioseo_notices":[],"yoast_head":"<!-- This site is optimized with the Yoast SEO plugin v27.5 - https:\/\/yoast.com\/product\/yoast-seo-wordpress\/ -->\n<title>Inscriptions exceptionnelles en premi\u00e8re ann\u00e9e primaire: Ouverture de la proc\u00e9dure demain - La Sentinelle<\/title>\n<meta name=\"robots\" content=\"index, follow, max-snippet:-1, max-image-preview:large, max-video-preview:-1\" \/>\n<link rel=\"canonical\" href=\"https:\/\/lasentinelle.dz\/index.php\/2024\/08\/26\/inscriptions-exceptionnelles-en-premiere-annee-primaire-ouverture-de-la-procedure-demain\/\" \/>\n<meta property=\"og:locale\" content=\"fr_FR\" \/>\n<meta property=\"og:type\" content=\"article\" \/>\n<meta property=\"og:title\" content=\"Inscriptions exceptionnelles en premi\u00e8re ann\u00e9e primaire: Ouverture de la proc\u00e9dure demain - La Sentinelle\" \/>\n<meta property=\"og:description\" content=\"Le minist\u00e8re de l&rsquo;\u00c9ducation nationale vient d&rsquo;annoncer une proc\u00e9dure d&rsquo;inscription exceptionnelle en premi\u00e8re ann\u00e9e primaire pour la rentr\u00e9e 2024\/2025. Une\" \/>\n<meta property=\"og:url\" content=\"https:\/\/lasentinelle.dz\/index.php\/2024\/08\/26\/inscriptions-exceptionnelles-en-premiere-annee-primaire-ouverture-de-la-procedure-demain\/\" \/>\n<meta property=\"og:site_name\" content=\"La Sentinelle\" \/>\n<meta property=\"article:publisher\" content=\"https:\/\/www.facebook.com\/La-Sentinelle-104059864394773\" \/>\n<meta property=\"article:published_time\" content=\"2024-08-26T13:02:53+00:00\" \/>\n<meta property=\"article:modified_time\" content=\"2024-08-26T13:02:56+00:00\" \/>\n<meta property=\"og:image\" content=\"https:\/\/lasentinelle.dz\/wp-content\/uploads\/2021\/12\/Ministere-de-leducation-nastional.gif\" \/>\n\t<meta property=\"og:image:width\" content=\"600\" \/>\n\t<meta property=\"og:image:height\" content=\"400\" \/>\n\t<meta property=\"og:image:type\" content=\"image\/gif\" \/>\n<meta name=\"author\" content=\"admin\" \/>\n<meta name=\"twitter:card\" content=\"summary_large_image\" \/>\n<meta name=\"twitter:label1\" content=\"\u00c9crit par\" \/>\n\t<meta name=\"twitter:data1\" content=\"admin\" \/>\n\t<meta name=\"twitter:label2\" content=\"Dur\u00e9e de lecture estim\u00e9e\" \/>\n\t<meta name=\"twitter:data2\" content=\"3 minutes\" \/>\n<script type=\"application\/ld+json\" class=\"yoast-schema-graph\">{\"@context\":\"https:\\\/\\\/schema.org\",\"@graph\":[{\"@type\":\"Article\",\"@id\":\"https:\\\/\\\/lasentinelle.dz\\\/index.php\\\/2024\\\/08\\\/26\\\/inscriptions-exceptionnelles-en-premiere-annee-primaire-ouverture-de-la-procedure-demain\\\/#article\",\"isPartOf\":{\"@id\":\"https:\\\/\\\/lasentinelle.dz\\\/index.php\\\/2024\\\/08\\\/26\\\/inscriptions-exceptionnelles-en-premiere-annee-primaire-ouverture-de-la-procedure-demain\\\/\"},\"author\":{\"name\":\"admin\",\"@id\":\"https:\\\/\\\/lasentinelle.dz\\\/#\\\/schema\\\/person\\\/729ee0024f24e0b8c5ec17232f8e8b41\"},\"headline\":\"Inscriptions exceptionnelles en premi\u00e8re ann\u00e9e primaire: Ouverture de la proc\u00e9dure demain\",\"datePublished\":\"2024-08-26T13:02:53+00:00\",\"dateModified\":\"2024-08-26T13:02:56+00:00\",\"mainEntityOfPage\":{\"@id\":\"https:\\\/\\\/lasentinelle.dz\\\/index.php\\\/2024\\\/08\\\/26\\\/inscriptions-exceptionnelles-en-premiere-annee-primaire-ouverture-de-la-procedure-demain\\\/\"},\"wordCount\":557,\"commentCount\":0,\"publisher\":{\"@id\":\"https:\\\/\\\/lasentinelle.dz\\\/#organization\"},\"image\":{\"@id\":\"https:\\\/\\\/lasentinelle.dz\\\/index.php\\\/2024\\\/08\\\/26\\\/inscriptions-exceptionnelles-en-premiere-annee-primaire-ouverture-de-la-procedure-demain\\\/#primaryimage\"},\"thumbnailUrl\":\"https:\\\/\\\/lasentinelle.dz\\\/wp-content\\\/uploads\\\/2021\\\/12\\\/Ministere-de-leducation-nastional.gif\",\"articleSection\":[\"Actualit\u00e9\"],\"inLanguage\":\"fr-FR\",\"potentialAction\":[{\"@type\":\"CommentAction\",\"name\":\"Comment\",\"target\":[\"https:\\\/\\\/lasentinelle.dz\\\/index.php\\\/2024\\\/08\\\/26\\\/inscriptions-exceptionnelles-en-premiere-annee-primaire-ouverture-de-la-procedure-demain\\\/#respond\"]}]},{\"@type\":\"WebPage\",\"@id\":\"https:\\\/\\\/lasentinelle.dz\\\/index.php\\\/2024\\\/08\\\/26\\\/inscriptions-exceptionnelles-en-premiere-annee-primaire-ouverture-de-la-procedure-demain\\\/\",\"url\":\"https:\\\/\\\/lasentinelle.dz\\\/index.php\\\/2024\\\/08\\\/26\\\/inscriptions-exceptionnelles-en-premiere-annee-primaire-ouverture-de-la-procedure-demain\\\/\",\"name\":\"Inscriptions exceptionnelles en premi\u00e8re ann\u00e9e primaire: Ouverture de la proc\u00e9dure demain - La Sentinelle\",\"isPartOf\":{\"@id\":\"https:\\\/\\\/lasentinelle.dz\\\/#website\"},\"primaryImageOfPage\":{\"@id\":\"https:\\\/\\\/lasentinelle.dz\\\/index.php\\\/2024\\\/08\\\/26\\\/inscriptions-exceptionnelles-en-premiere-annee-primaire-ouverture-de-la-procedure-demain\\\/#primaryimage\"},\"image\":{\"@id\":\"https:\\\/\\\/lasentinelle.dz\\\/index.php\\\/2024\\\/08\\\/26\\\/inscriptions-exceptionnelles-en-premiere-annee-primaire-ouverture-de-la-procedure-demain\\\/#primaryimage\"},\"thumbnailUrl\":\"https:\\\/\\\/lasentinelle.dz\\\/wp-content\\\/uploads\\\/2021\\\/12\\\/Ministere-de-leducation-nastional.gif\",\"datePublished\":\"2024-08-26T13:02:53+00:00\",\"dateModified\":\"2024-08-26T13:02:56+00:00\",\"breadcrumb\":{\"@id\":\"https:\\\/\\\/lasentinelle.dz\\\/index.php\\\/2024\\\/08\\\/26\\\/inscriptions-exceptionnelles-en-premiere-annee-primaire-ouverture-de-la-procedure-demain\\\/#breadcrumb\"},\"inLanguage\":\"fr-FR\",\"potentialAction\":[{\"@type\":\"ReadAction\",\"target\":[\"https:\\\/\\\/lasentinelle.dz\\\/index.php\\\/2024\\\/08\\\/26\\\/inscriptions-exceptionnelles-en-premiere-annee-primaire-ouverture-de-la-procedure-demain\\\/\"]}]},{\"@type\":\"ImageObject\",\"inLanguage\":\"fr-FR\",\"@id\":\"https:\\\/\\\/lasentinelle.dz\\\/index.php\\\/2024\\\/08\\\/26\\\/inscriptions-exceptionnelles-en-premiere-annee-primaire-ouverture-de-la-procedure-demain\\\/#primaryimage\",\"url\":\"https:\\\/\\\/lasentinelle.dz\\\/wp-content\\\/uploads\\\/2021\\\/12\\\/Ministere-de-leducation-nastional.gif\",\"contentUrl\":\"https:\\\/\\\/lasentinelle.dz\\\/wp-content\\\/uploads\\\/2021\\\/12\\\/Ministere-de-leducation-nastional.gif\",\"width\":600,\"height\":400},{\"@type\":\"BreadcrumbList\",\"@id\":\"https:\\\/\\\/lasentinelle.dz\\\/index.php\\\/2024\\\/08\\\/26\\\/inscriptions-exceptionnelles-en-premiere-annee-primaire-ouverture-de-la-procedure-demain\\\/#breadcrumb\",\"itemListElement\":[{\"@type\":\"ListItem\",\"position\":1,\"name\":\"Accueil\",\"item\":\"https:\\\/\\\/lasentinelle.dz\\\/\"},{\"@type\":\"ListItem\",\"position\":2,\"name\":\"Inscriptions exceptionnelles en premi\u00e8re ann\u00e9e primaire: Ouverture de la proc\u00e9dure demain\"}]},{\"@type\":\"WebSite\",\"@id\":\"https:\\\/\\\/lasentinelle.dz\\\/#website\",\"url\":\"https:\\\/\\\/lasentinelle.dz\\\/\",\"name\":\"La Sentinelle\",\"description\":\"Quotidien national d&#039;information\",\"publisher\":{\"@id\":\"https:\\\/\\\/lasentinelle.dz\\\/#organization\"},\"potentialAction\":[{\"@type\":\"SearchAction\",\"target\":{\"@type\":\"EntryPoint\",\"urlTemplate\":\"https:\\\/\\\/lasentinelle.dz\\\/?s={search_term_string}\"},\"query-input\":{\"@type\":\"PropertyValueSpecification\",\"valueRequired\":true,\"valueName\":\"search_term_string\"}}],\"inLanguage\":\"fr-FR\"},{\"@type\":\"Organization\",\"@id\":\"https:\\\/\\\/lasentinelle.dz\\\/#organization\",\"name\":\"Quotidien La Sentinelle\",\"url\":\"https:\\\/\\\/lasentinelle.dz\\\/\",\"logo\":{\"@type\":\"ImageObject\",\"inLanguage\":\"fr-FR\",\"@id\":\"https:\\\/\\\/lasentinelle.dz\\\/#\\\/schema\\\/logo\\\/image\\\/\",\"url\":\"https:\\\/\\\/lasentinelle.dz\\\/wp-content\\\/uploads\\\/2021\\\/09\\\/logo-sentinelleSLOGAN-1.png\",\"contentUrl\":\"https:\\\/\\\/lasentinelle.dz\\\/wp-content\\\/uploads\\\/2021\\\/09\\\/logo-sentinelleSLOGAN-1.png\",\"width\":615,\"height\":142,\"caption\":\"Quotidien La Sentinelle\"},\"image\":{\"@id\":\"https:\\\/\\\/lasentinelle.dz\\\/#\\\/schema\\\/logo\\\/image\\\/\"},\"sameAs\":[\"https:\\\/\\\/www.facebook.com\\\/La-Sentinelle-104059864394773\"]},{\"@type\":\"Person\",\"@id\":\"https:\\\/\\\/lasentinelle.dz\\\/#\\\/schema\\\/person\\\/729ee0024f24e0b8c5ec17232f8e8b41\",\"name\":\"admin\",\"image\":{\"@type\":\"ImageObject\",\"inLanguage\":\"fr-FR\",\"@id\":\"https:\\\/\\\/secure.gravatar.com\\\/avatar\\\/4c81fed838786e9b53f540bf46533e750f5d292099ae3b66cfc6fb1982e29df7?s=96&d=mm&r=g\",\"url\":\"https:\\\/\\\/secure.gravatar.com\\\/avatar\\\/4c81fed838786e9b53f540bf46533e750f5d292099ae3b66cfc6fb1982e29df7?s=96&d=mm&r=g\",\"contentUrl\":\"https:\\\/\\\/secure.gravatar.com\\\/avatar\\\/4c81fed838786e9b53f540bf46533e750f5d292099ae3b66cfc6fb1982e29df7?s=96&d=mm&r=g\",\"caption\":\"admin\"},\"description\":\"admin\",\"url\":\"https:\\\/\\\/lasentinelle.dz\\\/author\\\/admin\\\/\"}]}<\/script>\n<!-- \/ Yoast SEO plugin. -->","yoast_head_json":{"title":"Inscriptions exceptionnelles en premi\u00e8re ann\u00e9e primaire: Ouverture de la proc\u00e9dure demain - La Sentinelle","robots":{"index":"index","follow":"follow","max-snippet":"max-snippet:-1","max-image-preview":"max-image-preview:large","max-video-preview":"max-video-preview:-1"},"canonical":"https:\/\/lasentinelle.dz\/index.php\/2024\/08\/26\/inscriptions-exceptionnelles-en-premiere-annee-primaire-ouverture-de-la-procedure-demain\/","og_locale":"fr_FR","og_type":"article","og_title":"Inscriptions exceptionnelles en premi\u00e8re ann\u00e9e primaire: Ouverture de la proc\u00e9dure demain - La Sentinelle","og_description":"Le minist\u00e8re de l&rsquo;\u00c9ducation nationale vient d&rsquo;annoncer une proc\u00e9dure d&rsquo;inscription exceptionnelle en premi\u00e8re ann\u00e9e primaire pour la rentr\u00e9e 2024\/2025. Une","og_url":"https:\/\/lasentinelle.dz\/index.php\/2024\/08\/26\/inscriptions-exceptionnelles-en-premiere-annee-primaire-ouverture-de-la-procedure-demain\/","og_site_name":"La Sentinelle","article_publisher":"https:\/\/www.facebook.com\/La-Sentinelle-104059864394773","article_published_time":"2024-08-26T13:02:53+00:00","article_modified_time":"2024-08-26T13:02:56+00:00","og_image":[{"width":600,"height":400,"url":"https:\/\/lasentinelle.dz\/wp-content\/uploads\/2021\/12\/Ministere-de-leducation-nastional.gif","type":"image\/gif"}],"author":"admin","twitter_card":"summary_large_image","twitter_misc":{"\u00c9crit par":"admin","Dur\u00e9e de lecture estim\u00e9e":"3 minutes"},"schema":{"@context":"https:\/\/schema.org","@graph":[{"@type":"Article","@id":"https:\/\/lasentinelle.dz\/index.php\/2024\/08\/26\/inscriptions-exceptionnelles-en-premiere-annee-primaire-ouverture-de-la-procedure-demain\/#article","isPartOf":{"@id":"https:\/\/lasentinelle.dz\/index.php\/2024\/08\/26\/inscriptions-exceptionnelles-en-premiere-annee-primaire-ouverture-de-la-procedure-demain\/"},"author":{"name":"admin","@id":"https:\/\/lasentinelle.dz\/#\/schema\/person\/729ee0024f24e0b8c5ec17232f8e8b41"},"headline":"Inscriptions exceptionnelles en premi\u00e8re ann\u00e9e primaire: Ouverture de la proc\u00e9dure demain","datePublished":"2024-08-26T13:02:53+00:00","dateModified":"2024-08-26T13:02:56+00:00","mainEntityOfPage":{"@id":"https:\/\/lasentinelle.dz\/index.php\/2024\/08\/26\/inscriptions-exceptionnelles-en-premiere-annee-primaire-ouverture-de-la-procedure-demain\/"},"wordCount":557,"commentCount":0,"publisher":{"@id":"https:\/\/lasentinelle.dz\/#organization"},"image":{"@id":"https:\/\/lasentinelle.dz\/index.php\/2024\/08\/26\/inscriptions-exceptionnelles-en-premiere-annee-primaire-ouverture-de-la-procedure-demain\/#primaryimage"},"thumbnailUrl":"https:\/\/lasentinelle.dz\/wp-content\/uploads\/2021\/12\/Ministere-de-leducation-nastional.gif","articleSection":["Actualit\u00e9"],"inLanguage":"fr-FR","potentialAction":[{"@type":"CommentAction","name":"Comment","target":["https:\/\/lasentinelle.dz\/index.php\/2024\/08\/26\/inscriptions-exceptionnelles-en-premiere-annee-primaire-ouverture-de-la-procedure-demain\/#respond"]}]},{"@type":"WebPage","@id":"https:\/\/lasentinelle.dz\/index.php\/2024\/08\/26\/inscriptions-exceptionnelles-en-premiere-annee-primaire-ouverture-de-la-procedure-demain\/","url":"https:\/\/lasentinelle.dz\/index.php\/2024\/08\/26\/inscriptions-exceptionnelles-en-premiere-annee-primaire-ouverture-de-la-procedure-demain\/","name":"Inscriptions exceptionnelles en premi\u00e8re ann\u00e9e primaire: Ouverture de la proc\u00e9dure demain - La Sentinelle","isPartOf":{"@id":"https:\/\/lasentinelle.dz\/#website"},"primaryImageOfPage":{"@id":"https:\/\/lasentinelle.dz\/index.php\/2024\/08\/26\/inscriptions-exceptionnelles-en-premiere-annee-primaire-ouverture-de-la-procedure-demain\/#primaryimage"},"image":{"@id":"https:\/\/lasentinelle.dz\/index.php\/2024\/08\/26\/inscriptions-exceptionnelles-en-premiere-annee-primaire-ouverture-de-la-procedure-demain\/#primaryimage"},"thumbnailUrl":"https:\/\/lasentinelle.dz\/wp-content\/uploads\/2021\/12\/Ministere-de-leducation-nastional.gif","datePublished":"2024-08-26T13:02:53+00:00","dateModified":"2024-08-26T13:02:56+00:00","breadcrumb":{"@id":"https:\/\/lasentinelle.dz\/index.php\/2024\/08\/26\/inscriptions-exceptionnelles-en-premiere-annee-primaire-ouverture-de-la-procedure-demain\/#breadcrumb"},"inLanguage":"fr-FR","potentialAction":[{"@type":"ReadAction","target":["https:\/\/lasentinelle.dz\/index.php\/2024\/08\/26\/inscriptions-exceptionnelles-en-premiere-annee-primaire-ouverture-de-la-procedure-demain\/"]}]},{"@type":"ImageObject","inLanguage":"fr-FR","@id":"https:\/\/lasentinelle.dz\/index.php\/2024\/08\/26\/inscriptions-exceptionnelles-en-premiere-annee-primaire-ouverture-de-la-procedure-demain\/#primaryimage","url":"https:\/\/lasentinelle.dz\/wp-content\/uploads\/2021\/12\/Ministere-de-leducation-nastional.gif","contentUrl":"https:\/\/lasentinelle.dz\/wp-content\/uploads\/2021\/12\/Ministere-de-leducation-nastional.gif","width":600,"height":400},{"@type":"BreadcrumbList","@id":"https:\/\/lasentinelle.dz\/index.php\/2024\/08\/26\/inscriptions-exceptionnelles-en-premiere-annee-primaire-ouverture-de-la-procedure-demain\/#breadcrumb","itemListElement":[{"@type":"ListItem","position":1,"name":"Accueil","item":"https:\/\/lasentinelle.dz\/"},{"@type":"ListItem","position":2,"name":"Inscriptions exceptionnelles en premi\u00e8re ann\u00e9e primaire: Ouverture de la proc\u00e9dure demain"}]},{"@type":"WebSite","@id":"https:\/\/lasentinelle.dz\/#website","url":"https:\/\/lasentinelle.dz\/","name":"La Sentinelle","description":"Quotidien national d&#039;information","publisher":{"@id":"https:\/\/lasentinelle.dz\/#organization"},"potentialAction":[{"@type":"SearchAction","target":{"@type":"EntryPoint","urlTemplate":"https:\/\/lasentinelle.dz\/?s={search_term_string}"},"query-input":{"@type":"PropertyValueSpecification","valueRequired":true,"valueName":"search_term_string"}}],"inLanguage":"fr-FR"},{"@type":"Organization","@id":"https:\/\/lasentinelle.dz\/#organization","name":"Quotidien La Sentinelle","url":"https:\/\/lasentinelle.dz\/","logo":{"@type":"ImageObject","inLanguage":"fr-FR","@id":"https:\/\/lasentinelle.dz\/#\/schema\/logo\/image\/","url":"https:\/\/lasentinelle.dz\/wp-content\/uploads\/2021\/09\/logo-sentinelleSLOGAN-1.png","contentUrl":"https:\/\/lasentinelle.dz\/wp-content\/uploads\/2021\/09\/logo-sentinelleSLOGAN-1.png","width":615,"height":142,"caption":"Quotidien La Sentinelle"},"image":{"@id":"https:\/\/lasentinelle.dz\/#\/schema\/logo\/image\/"},"sameAs":["https:\/\/www.facebook.com\/La-Sentinelle-104059864394773"]},{"@type":"Person","@id":"https:\/\/lasentinelle.dz\/#\/schema\/person\/729ee0024f24e0b8c5ec17232f8e8b41","name":"admin","image":{"@type":"ImageObject","inLanguage":"fr-FR","@id":"https:\/\/secure.gravatar.com\/avatar\/4c81fed838786e9b53f540bf46533e750f5d292099ae3b66cfc6fb1982e29df7?s=96&d=mm&r=g","url":"https:\/\/secure.gravatar.com\/avatar\/4c81fed838786e9b53f540bf46533e750f5d292099ae3b66cfc6fb1982e29df7?s=96&d=mm&r=g","contentUrl":"https:\/\/secure.gravatar.com\/avatar\/4c81fed838786e9b53f540bf46533e750f5d292099ae3b66cfc6fb1982e29df7?s=96&d=mm&r=g","caption":"admin"},"description":"admin","url":"https:\/\/lasentinelle.dz\/author\/admin\/"}]}},"_links":{"self":[{"href":"https:\/\/lasentinelle.dz\/index.php\/wp-json\/wp\/v2\/posts\/56170","targetHints":{"allow":["GET"]}}],"collection":[{"href":"https:\/\/lasentinelle.dz\/index.php\/wp-json\/wp\/v2\/posts"}],"about":[{"href":"https:\/\/lasentinelle.dz\/index.php\/wp-json\/wp\/v2\/types\/post"}],"author":[{"embeddable":true,"href":"https:\/\/lasentinelle.dz\/index.php\/wp-json\/wp\/v2\/users\/6"}],"replies":[{"embeddable":true,"href":"https:\/\/lasentinelle.dz\/index.php\/wp-json\/wp\/v2\/comments?post=56170"}],"version-history":[{"count":1,"href":"https:\/\/lasentinelle.dz\/index.php\/wp-json\/wp\/v2\/posts\/56170\/revisions"}],"predecessor-version":[{"id":56171,"href":"https:\/\/lasentinelle.dz\/index.php\/wp-json\/wp\/v2\/posts\/56170\/revisions\/56171"}],"wp:featuredmedia":[{"embeddable":true,"href":"https:\/\/lasentinelle.dz\/index.php\/wp-json\/wp\/v2\/media\/14906"}],"wp:attachment":[{"href":"https:\/\/lasentinelle.dz\/index.php\/wp-json\/wp\/v2\/media?parent=56170"}],"wp:term":[{"taxonomy":"category","embeddable":true,"href":"https:\/\/lasentinelle.dz\/index.php\/wp-json\/wp\/v2\/categories?post=56170"},{"taxonomy":"post_tag","embeddable":true,"href":"https:\/\/lasentinelle.dz\/index.php\/wp-json\/wp\/v2\/tags?post=56170"}],"curies":[{"name":"wp","href":"https:\/\/api.w.org\/{rel}","templated":true}]}}