{"id":56175,"date":"2024-08-26T14:05:53","date_gmt":"2024-08-26T13:05:53","guid":{"rendered":"https:\/\/lasentinelle.dz\/?p=56175"},"modified":"2024-08-26T14:05:54","modified_gmt":"2024-08-26T13:05:54","slug":"systeme-de-partage-des-eaux-de-la-vallee-du-mzab-lancement-prochain-du-projet-de-restauration-et-de-valorisation","status":"publish","type":"post","link":"https:\/\/lasentinelle.dz\/index.php\/2024\/08\/26\/systeme-de-partage-des-eaux-de-la-vallee-du-mzab-lancement-prochain-du-projet-de-restauration-et-de-valorisation\/","title":{"rendered":"Syst\u00e8me de partage des eaux de la vall\u00e9e du M\u2019zab: Lancement prochain du projet de restauration et de valorisation"},"content":{"rendered":"\n<p>Au c\u0153ur du Sahara alg\u00e9rien, un tr\u00e9sor hydraulique mill\u00e9naire s&rsquo;appr\u00eate \u00e0 rena\u00eetre. La vall\u00e9e du M&rsquo;zab, joyau inscrit au patrimoine mondial de l&rsquo;UNESCO, va bient\u00f4t voir son ing\u00e9nieux syst\u00e8me ancestral de partage des eaux restaur\u00e9 et valoris\u00e9. Cette initiative marque un tournant dans l&rsquo;histoire de Gharda\u00efa, promettant de raviver l&rsquo;\u00e2me d&rsquo;un lieu o\u00f9 l&rsquo;homme et la nature ont longtemps v\u00e9cu en parfaite harmonie.<\/p>\n\n\n\n<p>Imaginez un instant : des canaux sinueux serpentant \u00e0 travers les dunes, des barrages astucieusement con\u00e7us pour dompter les crues capricieuses de l&rsquo;oued M&rsquo;zab, des palmiers majestueux s&rsquo;\u00e9levant vers le ciel br\u00fblant. Ce paysage, fa\u00e7onn\u00e9 par des si\u00e8cles de savoir-faire, n&rsquo;est pas un mirage, mais bien le fruit du g\u00e9nie des b\u00e2tisseurs du 12\u00e8me si\u00e8cle, Cheikh Ba Mhamed Abou Sahaba et Cheikh Hamou Oulhadj. Leur h\u00e9ritage, longtemps malmen\u00e9 par les al\u00e9as du temps et les catastrophes naturelles, s&rsquo;appr\u00eate \u00e0 retrouver sa splendeur d&rsquo;antan. Abdelhamid Amiz, gardien passionn\u00e9 de ce patrimoine \u00e0 la direction de la Culture et des Arts, ne cache pas son enthousiasme : \u00ab\u00a0Ce n&rsquo;est pas simplement un chantier de restauration, c&rsquo;est la renaissance d&rsquo;une philosophie de vie, d&rsquo;une sagesse ancestrale qui a su faire fleurir le d\u00e9sert.\u00a0\u00bb Le projet, ambitieux, va bien au-del\u00e0 de la simple r\u00e9paration des ouvrages endommag\u00e9s. C&rsquo;est une v\u00e9ritable renaissance qui se profile, alliant respect des traditions et innovations modernes. Les canaux seront cur\u00e9s, les barrages consolid\u00e9s, mais surtout, les anciennes techniques seront transmises aux nouvelles g\u00e9n\u00e9rations, garantissant la p\u00e9rennit\u00e9 de ce savoir-faire unique. Kamel Ramdane, directeur de l&rsquo;Office de protection de la vall\u00e9e du M&rsquo;Zab, voit plus loin encore : \u00ab\u00a0Notre vall\u00e9e n&rsquo;est pas qu&rsquo;un mus\u00e9e \u00e0 ciel ouvert. C&rsquo;est un laboratoire vivant o\u00f9 s&rsquo;invente l&rsquo;avenir des r\u00e9gions arides.\u00a0\u00bb En effet, \u00e0 l&rsquo;heure o\u00f9 le changement climatique menace l&rsquo;\u00e9quilibre fragile des \u00e9cosyst\u00e8mes d\u00e9sertiques, les le\u00e7ons du pass\u00e9 pourraient bien \u00eatre la cl\u00e9 d&rsquo;un futur durable.<\/p>\n\n\n\n<p>Mais ce projet n&rsquo;est pas qu&rsquo;une affaire d&rsquo;ing\u00e9nieurs et d&rsquo;hydrologues. C&rsquo;est toute une communaut\u00e9 qui se mobilise, port\u00e9e par un \u00e9lan d&rsquo;espoir et de fiert\u00e9 retrouv\u00e9e. Hadj Omar, figure respect\u00e9e de Gharda\u00efa, en t\u00e9moigne avec \u00e9motion : \u00ab\u00a0Chaque pierre de nos barrages, chaque goutte d&rsquo;eau de nos canaux raconte notre histoire. En les restaurant, c&rsquo;est notre identit\u00e9 que nous pr\u00e9servons.\u00a0\u00bb Cette renaissance hydraulique promet aussi de nouvelles opportunit\u00e9s \u00e9conomiques. Khaled, jeune entrepreneur touristique, y voit d\u00e9j\u00e0 le germe d&rsquo;un nouvel essor pour la r\u00e9gion : \u00ab\u00a0Imaginez des visiteurs du monde entier venant admirer ce miracle d&rsquo;ing\u00e9nierie, d\u00e9couvrir nos palmeraies, go\u00fbter \u00e0 notre hospitalit\u00e9 l\u00e9gendaire. C&rsquo;est tout un pan de notre \u00e9conomie qui pourrait refleurir.\u00a0\u00bb<\/p>\n\n\n\n<p>Pourtant, le chemin vers cette renaissance n&rsquo;est pas sans emb\u00fbches. Les d\u00e9fis sont nombreux : adapter les techniques ancestrales aux r\u00e9alit\u00e9s du changement climatique, concilier pr\u00e9servation du patrimoine et d\u00e9veloppement urbain, former une nouvelle g\u00e9n\u00e9ration de gardiens de cet h\u00e9ritage. Mais la d\u00e9termination des acteurs locaux est \u00e0 la hauteur de l&rsquo;enjeu.<\/p>\n\n\n\n<p>La mobilisation est g\u00e9n\u00e9rale. Autorit\u00e9s, experts, soci\u00e9t\u00e9 civile et habitants unissent leurs forces dans un \u00e9lan collectif sans pr\u00e9c\u00e9dent. Cette synergie est la garantie que le projet ne restera pas lettre morte, mais deviendra le moteur d&rsquo;un d\u00e9veloppement durable et harmonieux.<\/p>\n\n\n\n<p>Au-del\u00e0 des fronti\u00e8res de l&rsquo;Alg\u00e9rie, le monde observe avec int\u00e9r\u00eat cette initiative audacieuse. La vall\u00e9e du M&rsquo;zab pourrait bien devenir un mod\u00e8le inspirant pour d&rsquo;autres r\u00e9gions arides, prouvant qu&rsquo;il est possible de conjuguer pr\u00e9servation du patrimoine, innovation technologique et respect de l&rsquo;environnement.<\/p>\n\n\n\n<p>Alors que les premiers coups de pioche se pr\u00e9parent, c&rsquo;est tout un peuple qui retient son souffle. La restauration du syst\u00e8me hydraulique du M&rsquo;zab n&rsquo;est pas qu&rsquo;un chantier de plus, c&rsquo;est la promesse d&rsquo;un renouveau, d&rsquo;un \u00e9quilibre retrouv\u00e9 entre l&rsquo;homme et son environnement.<\/p>\n\n\n\n<p>Dans les ruelles ombrag\u00e9es des ksour, sur les places anim\u00e9es des march\u00e9s, le long des palmeraies verdoyantes, un m\u00eame espoir rena\u00eet. Bient\u00f4t, l&rsquo;eau coulera \u00e0 nouveau dans les anciens canaux, insufflant une nouvelle vie \u00e0 cette terre mill\u00e9naire. Et avec elle, c&rsquo;est tout un pan de l&rsquo;histoire humaine qui reprendra son cours, rappelant au monde que les solutions aux d\u00e9fis de demain se trouvent parfois dans la sagesse d&rsquo;hier. La vall\u00e9e du M&rsquo;zab s&rsquo;appr\u00eate ainsi \u00e0 \u00e9crire un nouveau chapitre de son histoire, un chapitre o\u00f9 tradition et modernit\u00e9, pr\u00e9servation et innovation, s&rsquo;entrem\u00ealent pour dessiner les contours d&rsquo;un avenir prometteur. Un avenir o\u00f9 l&rsquo;eau, source de vie et de prosp\u00e9rit\u00e9, continuera de couler, perp\u00e9tuant le miracle du d\u00e9sert fleuri. Disposant d\u2019un riche patrimoine architectural, culturel et environnemental class\u00e9 par l\u2019UNESCO, depuis 1982, de nombreux projets d\u2019envergure sont lanc\u00e9s pour r\u00e9habiliter et valoriser cette richesse et lui redonner vie et contribuer au d\u00e9veloppement de l\u2019\u00e9conomie locale bas\u00e9e sur les activit\u00e9s touristiques et artisanales, selon les cadres locaux du secteur de la Culture.<\/p>\n\n\n\n<p>R.C.<\/p>\n","protected":false},"excerpt":{"rendered":"<p>Au c\u0153ur du Sahara alg\u00e9rien, un tr\u00e9sor hydraulique mill\u00e9naire s&rsquo;appr\u00eate \u00e0 rena\u00eetre. La vall\u00e9e du M&rsquo;zab, joyau inscrit au patrimoine<\/p>\n","protected":false},"author":6,"featured_media":56176,"comment_status":"open","ping_status":"closed","sticky":false,"template":"","format":"standard","meta":{"colormag_page_container_layout":"default_layout","colormag_page_sidebar_layout":"default_layout","om_disable_all_campaigns":false,"_monsterinsights_skip_tracking":false,"_monsterinsights_sitenote_active":false,"_monsterinsights_sitenote_note":"","_monsterinsights_sitenote_category":0,"footnotes":"","_wpscppro_dont_share_socialmedia":false,"_wpscppro_custom_social_share_image":0,"_facebook_share_type":"default","_twitter_share_type":"default","_linkedin_share_type":"default","_pinterest_share_type":"default","_linkedin_share_type_page":"","_instagram_share_type":"default","_medium_share_type":"","_threads_share_type":"","_google_business_share_type":"","_selected_social_profile":[],"_wpsp_enable_custom_social_template":false,"_wpsp_social_scheduling":{"enabled":false,"datetime":null,"platforms":[],"status":"template_only","dateOption":"today","timeOption":"now","customDays":"","customHours":"","customDate":"","customTime":"","schedulingType":"absolute"},"_wpsp_active_default_template":true},"categories":[36],"tags":[],"class_list":["post-56175","post","type-post","status-publish","format-standard","has-post-thumbnail","hentry","category-culture"],"aioseo_notices":[],"yoast_head":"<!-- This site is optimized with the Yoast SEO plugin v27.4 - https:\/\/yoast.com\/product\/yoast-seo-wordpress\/ -->\n<title>Syst\u00e8me de partage des eaux de la vall\u00e9e du M\u2019zab: Lancement prochain du projet de restauration et de valorisation - La Sentinelle<\/title>\n<meta name=\"robots\" content=\"index, follow, max-snippet:-1, max-image-preview:large, max-video-preview:-1\" \/>\n<link rel=\"canonical\" href=\"https:\/\/lasentinelle.dz\/index.php\/2024\/08\/26\/systeme-de-partage-des-eaux-de-la-vallee-du-mzab-lancement-prochain-du-projet-de-restauration-et-de-valorisation\/\" \/>\n<meta property=\"og:locale\" content=\"fr_FR\" \/>\n<meta property=\"og:type\" content=\"article\" \/>\n<meta property=\"og:title\" content=\"Syst\u00e8me de partage des eaux de la vall\u00e9e du M\u2019zab: Lancement prochain du projet de restauration et de valorisation - La Sentinelle\" \/>\n<meta property=\"og:description\" content=\"Au c\u0153ur du Sahara alg\u00e9rien, un tr\u00e9sor hydraulique mill\u00e9naire s&rsquo;appr\u00eate \u00e0 rena\u00eetre. La vall\u00e9e du M&rsquo;zab, joyau inscrit au patrimoine\" \/>\n<meta property=\"og:url\" content=\"https:\/\/lasentinelle.dz\/index.php\/2024\/08\/26\/systeme-de-partage-des-eaux-de-la-vallee-du-mzab-lancement-prochain-du-projet-de-restauration-et-de-valorisation\/\" \/>\n<meta property=\"og:site_name\" content=\"La Sentinelle\" \/>\n<meta property=\"article:publisher\" content=\"https:\/\/www.facebook.com\/La-Sentinelle-104059864394773\" \/>\n<meta property=\"article:published_time\" content=\"2024-08-26T13:05:53+00:00\" \/>\n<meta property=\"article:modified_time\" content=\"2024-08-26T13:05:54+00:00\" \/>\n<meta property=\"og:image\" content=\"https:\/\/lasentinelle.dz\/wp-content\/uploads\/2024\/08\/eaux-mzab.jpg\" \/>\n\t<meta property=\"og:image:width\" content=\"745\" \/>\n\t<meta property=\"og:image:height\" content=\"470\" \/>\n\t<meta property=\"og:image:type\" content=\"image\/jpeg\" \/>\n<meta name=\"author\" content=\"admin\" \/>\n<meta name=\"twitter:card\" content=\"summary_large_image\" \/>\n<meta name=\"twitter:label1\" content=\"\u00c9crit par\" \/>\n\t<meta name=\"twitter:data1\" content=\"admin\" \/>\n\t<meta name=\"twitter:label2\" content=\"Dur\u00e9e de lecture estim\u00e9e\" \/>\n\t<meta name=\"twitter:data2\" content=\"5 minutes\" \/>\n<script type=\"application\/ld+json\" class=\"yoast-schema-graph\">{\"@context\":\"https:\\\/\\\/schema.org\",\"@graph\":[{\"@type\":\"Article\",\"@id\":\"https:\\\/\\\/lasentinelle.dz\\\/index.php\\\/2024\\\/08\\\/26\\\/systeme-de-partage-des-eaux-de-la-vallee-du-mzab-lancement-prochain-du-projet-de-restauration-et-de-valorisation\\\/#article\",\"isPartOf\":{\"@id\":\"https:\\\/\\\/lasentinelle.dz\\\/index.php\\\/2024\\\/08\\\/26\\\/systeme-de-partage-des-eaux-de-la-vallee-du-mzab-lancement-prochain-du-projet-de-restauration-et-de-valorisation\\\/\"},\"author\":{\"name\":\"admin\",\"@id\":\"https:\\\/\\\/lasentinelle.dz\\\/#\\\/schema\\\/person\\\/729ee0024f24e0b8c5ec17232f8e8b41\"},\"headline\":\"Syst\u00e8me de partage des eaux de la vall\u00e9e du M\u2019zab: Lancement prochain du projet de restauration et de valorisation\",\"datePublished\":\"2024-08-26T13:05:53+00:00\",\"dateModified\":\"2024-08-26T13:05:54+00:00\",\"mainEntityOfPage\":{\"@id\":\"https:\\\/\\\/lasentinelle.dz\\\/index.php\\\/2024\\\/08\\\/26\\\/systeme-de-partage-des-eaux-de-la-vallee-du-mzab-lancement-prochain-du-projet-de-restauration-et-de-valorisation\\\/\"},\"wordCount\":942,\"commentCount\":0,\"publisher\":{\"@id\":\"https:\\\/\\\/lasentinelle.dz\\\/#organization\"},\"image\":{\"@id\":\"https:\\\/\\\/lasentinelle.dz\\\/index.php\\\/2024\\\/08\\\/26\\\/systeme-de-partage-des-eaux-de-la-vallee-du-mzab-lancement-prochain-du-projet-de-restauration-et-de-valorisation\\\/#primaryimage\"},\"thumbnailUrl\":\"https:\\\/\\\/lasentinelle.dz\\\/wp-content\\\/uploads\\\/2024\\\/08\\\/eaux-mzab.jpg\",\"articleSection\":[\"Culture\"],\"inLanguage\":\"fr-FR\",\"potentialAction\":[{\"@type\":\"CommentAction\",\"name\":\"Comment\",\"target\":[\"https:\\\/\\\/lasentinelle.dz\\\/index.php\\\/2024\\\/08\\\/26\\\/systeme-de-partage-des-eaux-de-la-vallee-du-mzab-lancement-prochain-du-projet-de-restauration-et-de-valorisation\\\/#respond\"]}]},{\"@type\":\"WebPage\",\"@id\":\"https:\\\/\\\/lasentinelle.dz\\\/index.php\\\/2024\\\/08\\\/26\\\/systeme-de-partage-des-eaux-de-la-vallee-du-mzab-lancement-prochain-du-projet-de-restauration-et-de-valorisation\\\/\",\"url\":\"https:\\\/\\\/lasentinelle.dz\\\/index.php\\\/2024\\\/08\\\/26\\\/systeme-de-partage-des-eaux-de-la-vallee-du-mzab-lancement-prochain-du-projet-de-restauration-et-de-valorisation\\\/\",\"name\":\"Syst\u00e8me de partage des eaux de la vall\u00e9e du M\u2019zab: Lancement prochain du projet de restauration et de valorisation - La Sentinelle\",\"isPartOf\":{\"@id\":\"https:\\\/\\\/lasentinelle.dz\\\/#website\"},\"primaryImageOfPage\":{\"@id\":\"https:\\\/\\\/lasentinelle.dz\\\/index.php\\\/2024\\\/08\\\/26\\\/systeme-de-partage-des-eaux-de-la-vallee-du-mzab-lancement-prochain-du-projet-de-restauration-et-de-valorisation\\\/#primaryimage\"},\"image\":{\"@id\":\"https:\\\/\\\/lasentinelle.dz\\\/index.php\\\/2024\\\/08\\\/26\\\/systeme-de-partage-des-eaux-de-la-vallee-du-mzab-lancement-prochain-du-projet-de-restauration-et-de-valorisation\\\/#primaryimage\"},\"thumbnailUrl\":\"https:\\\/\\\/lasentinelle.dz\\\/wp-content\\\/uploads\\\/2024\\\/08\\\/eaux-mzab.jpg\",\"datePublished\":\"2024-08-26T13:05:53+00:00\",\"dateModified\":\"2024-08-26T13:05:54+00:00\",\"breadcrumb\":{\"@id\":\"https:\\\/\\\/lasentinelle.dz\\\/index.php\\\/2024\\\/08\\\/26\\\/systeme-de-partage-des-eaux-de-la-vallee-du-mzab-lancement-prochain-du-projet-de-restauration-et-de-valorisation\\\/#breadcrumb\"},\"inLanguage\":\"fr-FR\",\"potentialAction\":[{\"@type\":\"ReadAction\",\"target\":[\"https:\\\/\\\/lasentinelle.dz\\\/index.php\\\/2024\\\/08\\\/26\\\/systeme-de-partage-des-eaux-de-la-vallee-du-mzab-lancement-prochain-du-projet-de-restauration-et-de-valorisation\\\/\"]}]},{\"@type\":\"ImageObject\",\"inLanguage\":\"fr-FR\",\"@id\":\"https:\\\/\\\/lasentinelle.dz\\\/index.php\\\/2024\\\/08\\\/26\\\/systeme-de-partage-des-eaux-de-la-vallee-du-mzab-lancement-prochain-du-projet-de-restauration-et-de-valorisation\\\/#primaryimage\",\"url\":\"https:\\\/\\\/lasentinelle.dz\\\/wp-content\\\/uploads\\\/2024\\\/08\\\/eaux-mzab.jpg\",\"contentUrl\":\"https:\\\/\\\/lasentinelle.dz\\\/wp-content\\\/uploads\\\/2024\\\/08\\\/eaux-mzab.jpg\",\"width\":745,\"height\":470},{\"@type\":\"BreadcrumbList\",\"@id\":\"https:\\\/\\\/lasentinelle.dz\\\/index.php\\\/2024\\\/08\\\/26\\\/systeme-de-partage-des-eaux-de-la-vallee-du-mzab-lancement-prochain-du-projet-de-restauration-et-de-valorisation\\\/#breadcrumb\",\"itemListElement\":[{\"@type\":\"ListItem\",\"position\":1,\"name\":\"Accueil\",\"item\":\"https:\\\/\\\/lasentinelle.dz\\\/\"},{\"@type\":\"ListItem\",\"position\":2,\"name\":\"Syst\u00e8me de partage des eaux de la vall\u00e9e du M\u2019zab: Lancement prochain du projet de restauration et de valorisation\"}]},{\"@type\":\"WebSite\",\"@id\":\"https:\\\/\\\/lasentinelle.dz\\\/#website\",\"url\":\"https:\\\/\\\/lasentinelle.dz\\\/\",\"name\":\"La Sentinelle\",\"description\":\"Quotidien national d&#039;information\",\"publisher\":{\"@id\":\"https:\\\/\\\/lasentinelle.dz\\\/#organization\"},\"potentialAction\":[{\"@type\":\"SearchAction\",\"target\":{\"@type\":\"EntryPoint\",\"urlTemplate\":\"https:\\\/\\\/lasentinelle.dz\\\/?s={search_term_string}\"},\"query-input\":{\"@type\":\"PropertyValueSpecification\",\"valueRequired\":true,\"valueName\":\"search_term_string\"}}],\"inLanguage\":\"fr-FR\"},{\"@type\":\"Organization\",\"@id\":\"https:\\\/\\\/lasentinelle.dz\\\/#organization\",\"name\":\"Quotidien La Sentinelle\",\"url\":\"https:\\\/\\\/lasentinelle.dz\\\/\",\"logo\":{\"@type\":\"ImageObject\",\"inLanguage\":\"fr-FR\",\"@id\":\"https:\\\/\\\/lasentinelle.dz\\\/#\\\/schema\\\/logo\\\/image\\\/\",\"url\":\"https:\\\/\\\/lasentinelle.dz\\\/wp-content\\\/uploads\\\/2021\\\/09\\\/logo-sentinelleSLOGAN-1.png\",\"contentUrl\":\"https:\\\/\\\/lasentinelle.dz\\\/wp-content\\\/uploads\\\/2021\\\/09\\\/logo-sentinelleSLOGAN-1.png\",\"width\":615,\"height\":142,\"caption\":\"Quotidien La Sentinelle\"},\"image\":{\"@id\":\"https:\\\/\\\/lasentinelle.dz\\\/#\\\/schema\\\/logo\\\/image\\\/\"},\"sameAs\":[\"https:\\\/\\\/www.facebook.com\\\/La-Sentinelle-104059864394773\"]},{\"@type\":\"Person\",\"@id\":\"https:\\\/\\\/lasentinelle.dz\\\/#\\\/schema\\\/person\\\/729ee0024f24e0b8c5ec17232f8e8b41\",\"name\":\"admin\",\"image\":{\"@type\":\"ImageObject\",\"inLanguage\":\"fr-FR\",\"@id\":\"https:\\\/\\\/secure.gravatar.com\\\/avatar\\\/4c81fed838786e9b53f540bf46533e750f5d292099ae3b66cfc6fb1982e29df7?s=96&d=mm&r=g\",\"url\":\"https:\\\/\\\/secure.gravatar.com\\\/avatar\\\/4c81fed838786e9b53f540bf46533e750f5d292099ae3b66cfc6fb1982e29df7?s=96&d=mm&r=g\",\"contentUrl\":\"https:\\\/\\\/secure.gravatar.com\\\/avatar\\\/4c81fed838786e9b53f540bf46533e750f5d292099ae3b66cfc6fb1982e29df7?s=96&d=mm&r=g\",\"caption\":\"admin\"},\"description\":\"admin\",\"url\":\"https:\\\/\\\/lasentinelle.dz\\\/author\\\/admin\\\/\"}]}<\/script>\n<!-- \/ Yoast SEO plugin. -->","yoast_head_json":{"title":"Syst\u00e8me de partage des eaux de la vall\u00e9e du M\u2019zab: Lancement prochain du projet de restauration et de valorisation - La Sentinelle","robots":{"index":"index","follow":"follow","max-snippet":"max-snippet:-1","max-image-preview":"max-image-preview:large","max-video-preview":"max-video-preview:-1"},"canonical":"https:\/\/lasentinelle.dz\/index.php\/2024\/08\/26\/systeme-de-partage-des-eaux-de-la-vallee-du-mzab-lancement-prochain-du-projet-de-restauration-et-de-valorisation\/","og_locale":"fr_FR","og_type":"article","og_title":"Syst\u00e8me de partage des eaux de la vall\u00e9e du M\u2019zab: Lancement prochain du projet de restauration et de valorisation - La Sentinelle","og_description":"Au c\u0153ur du Sahara alg\u00e9rien, un tr\u00e9sor hydraulique mill\u00e9naire s&rsquo;appr\u00eate \u00e0 rena\u00eetre. La vall\u00e9e du M&rsquo;zab, joyau inscrit au patrimoine","og_url":"https:\/\/lasentinelle.dz\/index.php\/2024\/08\/26\/systeme-de-partage-des-eaux-de-la-vallee-du-mzab-lancement-prochain-du-projet-de-restauration-et-de-valorisation\/","og_site_name":"La Sentinelle","article_publisher":"https:\/\/www.facebook.com\/La-Sentinelle-104059864394773","article_published_time":"2024-08-26T13:05:53+00:00","article_modified_time":"2024-08-26T13:05:54+00:00","og_image":[{"width":745,"height":470,"url":"https:\/\/lasentinelle.dz\/wp-content\/uploads\/2024\/08\/eaux-mzab.jpg","type":"image\/jpeg"}],"author":"admin","twitter_card":"summary_large_image","twitter_misc":{"\u00c9crit par":"admin","Dur\u00e9e de lecture estim\u00e9e":"5 minutes"},"schema":{"@context":"https:\/\/schema.org","@graph":[{"@type":"Article","@id":"https:\/\/lasentinelle.dz\/index.php\/2024\/08\/26\/systeme-de-partage-des-eaux-de-la-vallee-du-mzab-lancement-prochain-du-projet-de-restauration-et-de-valorisation\/#article","isPartOf":{"@id":"https:\/\/lasentinelle.dz\/index.php\/2024\/08\/26\/systeme-de-partage-des-eaux-de-la-vallee-du-mzab-lancement-prochain-du-projet-de-restauration-et-de-valorisation\/"},"author":{"name":"admin","@id":"https:\/\/lasentinelle.dz\/#\/schema\/person\/729ee0024f24e0b8c5ec17232f8e8b41"},"headline":"Syst\u00e8me de partage des eaux de la vall\u00e9e du M\u2019zab: Lancement prochain du projet de restauration et de valorisation","datePublished":"2024-08-26T13:05:53+00:00","dateModified":"2024-08-26T13:05:54+00:00","mainEntityOfPage":{"@id":"https:\/\/lasentinelle.dz\/index.php\/2024\/08\/26\/systeme-de-partage-des-eaux-de-la-vallee-du-mzab-lancement-prochain-du-projet-de-restauration-et-de-valorisation\/"},"wordCount":942,"commentCount":0,"publisher":{"@id":"https:\/\/lasentinelle.dz\/#organization"},"image":{"@id":"https:\/\/lasentinelle.dz\/index.php\/2024\/08\/26\/systeme-de-partage-des-eaux-de-la-vallee-du-mzab-lancement-prochain-du-projet-de-restauration-et-de-valorisation\/#primaryimage"},"thumbnailUrl":"https:\/\/lasentinelle.dz\/wp-content\/uploads\/2024\/08\/eaux-mzab.jpg","articleSection":["Culture"],"inLanguage":"fr-FR","potentialAction":[{"@type":"CommentAction","name":"Comment","target":["https:\/\/lasentinelle.dz\/index.php\/2024\/08\/26\/systeme-de-partage-des-eaux-de-la-vallee-du-mzab-lancement-prochain-du-projet-de-restauration-et-de-valorisation\/#respond"]}]},{"@type":"WebPage","@id":"https:\/\/lasentinelle.dz\/index.php\/2024\/08\/26\/systeme-de-partage-des-eaux-de-la-vallee-du-mzab-lancement-prochain-du-projet-de-restauration-et-de-valorisation\/","url":"https:\/\/lasentinelle.dz\/index.php\/2024\/08\/26\/systeme-de-partage-des-eaux-de-la-vallee-du-mzab-lancement-prochain-du-projet-de-restauration-et-de-valorisation\/","name":"Syst\u00e8me de partage des eaux de la vall\u00e9e du M\u2019zab: Lancement prochain du projet de restauration et de valorisation - La Sentinelle","isPartOf":{"@id":"https:\/\/lasentinelle.dz\/#website"},"primaryImageOfPage":{"@id":"https:\/\/lasentinelle.dz\/index.php\/2024\/08\/26\/systeme-de-partage-des-eaux-de-la-vallee-du-mzab-lancement-prochain-du-projet-de-restauration-et-de-valorisation\/#primaryimage"},"image":{"@id":"https:\/\/lasentinelle.dz\/index.php\/2024\/08\/26\/systeme-de-partage-des-eaux-de-la-vallee-du-mzab-lancement-prochain-du-projet-de-restauration-et-de-valorisation\/#primaryimage"},"thumbnailUrl":"https:\/\/lasentinelle.dz\/wp-content\/uploads\/2024\/08\/eaux-mzab.jpg","datePublished":"2024-08-26T13:05:53+00:00","dateModified":"2024-08-26T13:05:54+00:00","breadcrumb":{"@id":"https:\/\/lasentinelle.dz\/index.php\/2024\/08\/26\/systeme-de-partage-des-eaux-de-la-vallee-du-mzab-lancement-prochain-du-projet-de-restauration-et-de-valorisation\/#breadcrumb"},"inLanguage":"fr-FR","potentialAction":[{"@type":"ReadAction","target":["https:\/\/lasentinelle.dz\/index.php\/2024\/08\/26\/systeme-de-partage-des-eaux-de-la-vallee-du-mzab-lancement-prochain-du-projet-de-restauration-et-de-valorisation\/"]}]},{"@type":"ImageObject","inLanguage":"fr-FR","@id":"https:\/\/lasentinelle.dz\/index.php\/2024\/08\/26\/systeme-de-partage-des-eaux-de-la-vallee-du-mzab-lancement-prochain-du-projet-de-restauration-et-de-valorisation\/#primaryimage","url":"https:\/\/lasentinelle.dz\/wp-content\/uploads\/2024\/08\/eaux-mzab.jpg","contentUrl":"https:\/\/lasentinelle.dz\/wp-content\/uploads\/2024\/08\/eaux-mzab.jpg","width":745,"height":470},{"@type":"BreadcrumbList","@id":"https:\/\/lasentinelle.dz\/index.php\/2024\/08\/26\/systeme-de-partage-des-eaux-de-la-vallee-du-mzab-lancement-prochain-du-projet-de-restauration-et-de-valorisation\/#breadcrumb","itemListElement":[{"@type":"ListItem","position":1,"name":"Accueil","item":"https:\/\/lasentinelle.dz\/"},{"@type":"ListItem","position":2,"name":"Syst\u00e8me de partage des eaux de la vall\u00e9e du M\u2019zab: Lancement prochain du projet de restauration et de valorisation"}]},{"@type":"WebSite","@id":"https:\/\/lasentinelle.dz\/#website","url":"https:\/\/lasentinelle.dz\/","name":"La Sentinelle","description":"Quotidien national d&#039;information","publisher":{"@id":"https:\/\/lasentinelle.dz\/#organization"},"potentialAction":[{"@type":"SearchAction","target":{"@type":"EntryPoint","urlTemplate":"https:\/\/lasentinelle.dz\/?s={search_term_string}"},"query-input":{"@type":"PropertyValueSpecification","valueRequired":true,"valueName":"search_term_string"}}],"inLanguage":"fr-FR"},{"@type":"Organization","@id":"https:\/\/lasentinelle.dz\/#organization","name":"Quotidien La Sentinelle","url":"https:\/\/lasentinelle.dz\/","logo":{"@type":"ImageObject","inLanguage":"fr-FR","@id":"https:\/\/lasentinelle.dz\/#\/schema\/logo\/image\/","url":"https:\/\/lasentinelle.dz\/wp-content\/uploads\/2021\/09\/logo-sentinelleSLOGAN-1.png","contentUrl":"https:\/\/lasentinelle.dz\/wp-content\/uploads\/2021\/09\/logo-sentinelleSLOGAN-1.png","width":615,"height":142,"caption":"Quotidien La Sentinelle"},"image":{"@id":"https:\/\/lasentinelle.dz\/#\/schema\/logo\/image\/"},"sameAs":["https:\/\/www.facebook.com\/La-Sentinelle-104059864394773"]},{"@type":"Person","@id":"https:\/\/lasentinelle.dz\/#\/schema\/person\/729ee0024f24e0b8c5ec17232f8e8b41","name":"admin","image":{"@type":"ImageObject","inLanguage":"fr-FR","@id":"https:\/\/secure.gravatar.com\/avatar\/4c81fed838786e9b53f540bf46533e750f5d292099ae3b66cfc6fb1982e29df7?s=96&d=mm&r=g","url":"https:\/\/secure.gravatar.com\/avatar\/4c81fed838786e9b53f540bf46533e750f5d292099ae3b66cfc6fb1982e29df7?s=96&d=mm&r=g","contentUrl":"https:\/\/secure.gravatar.com\/avatar\/4c81fed838786e9b53f540bf46533e750f5d292099ae3b66cfc6fb1982e29df7?s=96&d=mm&r=g","caption":"admin"},"description":"admin","url":"https:\/\/lasentinelle.dz\/author\/admin\/"}]}},"_links":{"self":[{"href":"https:\/\/lasentinelle.dz\/index.php\/wp-json\/wp\/v2\/posts\/56175","targetHints":{"allow":["GET"]}}],"collection":[{"href":"https:\/\/lasentinelle.dz\/index.php\/wp-json\/wp\/v2\/posts"}],"about":[{"href":"https:\/\/lasentinelle.dz\/index.php\/wp-json\/wp\/v2\/types\/post"}],"author":[{"embeddable":true,"href":"https:\/\/lasentinelle.dz\/index.php\/wp-json\/wp\/v2\/users\/6"}],"replies":[{"embeddable":true,"href":"https:\/\/lasentinelle.dz\/index.php\/wp-json\/wp\/v2\/comments?post=56175"}],"version-history":[{"count":1,"href":"https:\/\/lasentinelle.dz\/index.php\/wp-json\/wp\/v2\/posts\/56175\/revisions"}],"predecessor-version":[{"id":56177,"href":"https:\/\/lasentinelle.dz\/index.php\/wp-json\/wp\/v2\/posts\/56175\/revisions\/56177"}],"wp:featuredmedia":[{"embeddable":true,"href":"https:\/\/lasentinelle.dz\/index.php\/wp-json\/wp\/v2\/media\/56176"}],"wp:attachment":[{"href":"https:\/\/lasentinelle.dz\/index.php\/wp-json\/wp\/v2\/media?parent=56175"}],"wp:term":[{"taxonomy":"category","embeddable":true,"href":"https:\/\/lasentinelle.dz\/index.php\/wp-json\/wp\/v2\/categories?post=56175"},{"taxonomy":"post_tag","embeddable":true,"href":"https:\/\/lasentinelle.dz\/index.php\/wp-json\/wp\/v2\/tags?post=56175"}],"curies":[{"name":"wp","href":"https:\/\/api.w.org\/{rel}","templated":true}]}}