{"id":56195,"date":"2024-08-26T14:13:40","date_gmt":"2024-08-26T13:13:40","guid":{"rendered":"https:\/\/lasentinelle.dz\/?p=56195"},"modified":"2024-08-26T14:13:42","modified_gmt":"2024-08-26T13:13:42","slug":"transport-maritime-naissance-de-madar-maritime-compagny","status":"publish","type":"post","link":"https:\/\/lasentinelle.dz\/index.php\/2024\/08\/26\/transport-maritime-naissance-de-madar-maritime-compagny\/","title":{"rendered":"Transport maritime : Naissance de Madar Maritime Compagny"},"content":{"rendered":"\n<p>Le groupe public Madar Holding SPA vient d\u2019\u00e9largir son portefeuille en filiales, \u00e0 travers la cr\u00e9ation, r\u00e9cemment, d\u2019une nouvelle filiale d\u00e9nomm\u00e9e \u00ab Madar Maritime Company (MMC) \u00bb, sp\u00e9cialis\u00e9e dans le transport maritime et logistique, qui ambitionne de devenir la premi\u00e8re compagnie maritime en Alg\u00e9rie.<\/p>\n\n\n\n<p>Et pour cause, le groupe public Madar Holding SPA en investissant dans le secteur du transport maritime, qui est un secteur vital et strat\u00e9gique, avec l\u2019acquisition de son premier navire, s\u2019engage \u00e0 jouer un r\u00f4le cl\u00e9 dans la dynamique et la croissance \u00e9conomique de notre pays, en assurant de services de transports maritimes de qualit\u00e9 pour soutenir les \u00e9changes commerciaux, pr\u00e9cise un communiqu\u00e9 de ce groupe diffus\u00e9 sur les r\u00e9seaux sociaux. &nbsp;Selon la m\u00eame source, la nouvelle soci\u00e9t\u00e9 Madar Maritime Compagny a b\u00e9n\u00e9fici\u00e9, \u00e9galement, de moyens financiers cons\u00e9quents, lui permettant l\u2019achat de nouveaux navires de diff\u00e9rents usages et de capacit\u00e9s pour renforcer sa flotte, assurant au passage que le secteur du transport maritime et de la logistique commerciale conna\u00eetra d\u00e9sormais la pr\u00e9sence d\u2019un nouvel op\u00e9rateur public, dont les ambitions de croissance et d\u2019investissements dans les domaines strat\u00e9giques ne cessent de cro\u00eetre.<\/p>\n\n\n\n<p>Ceci dit, la cr\u00e9ation et l\u2019entr\u00e9e en service de cette nouvelle compagnie de transport maritime intervient, selon les observateurs, au moment o\u00f9 les pouvoirs publics misent sur une refonte totale du secteur du transport maritime afin de d\u00e9passer les difficult\u00e9s qu&rsquo;a connu le secteur, au regard des probl\u00e8mes et crises qu&rsquo;a connu la Cnan au cours des 20 derni\u00e8res ann\u00e9es.&nbsp;<\/p>\n\n\n\n<p>Une situation qui ne rime pas, selon ces observateurs, avec le d\u00e9veloppement croissant de nos exportations hors hydrocarbures dont le montant a d\u00e9pass\u00e9 la barre de 7 milliards de dollars en 2023 et l\u2019augmentation du volume du trafic maritime.<\/p>\n\n\n\n<p>Sachant que l\u2019Alg\u00e9rie ambitionne, selon le ministre du commerce et de la promotion des exportations, Tayeb Zitouni, d\u2019atteindre un volume de 13 milliards de dollars en mati\u00e8re d\u2019exportations hors hydrocarbures d\u2019ici 2030. &nbsp;La encore, le transport maritime constitue un maillon essentiel de la chaine logistique pour le d\u00e9veloppement du commerce ext\u00e9rieur en assurant le transport et la livraison des marchandises export\u00e9s vers l\u2019\u00e9tranger. &nbsp;C&rsquo;est d&rsquo;ailleurs dans ce contexte que de nouvelles lignes maritimes ont \u00e9t\u00e9 ouvertes pour relier les ports alg\u00e9riens vers les ports de Nouakchott en Mauritanie et de Dakar au S\u00e9n\u00e9gal, avec pour ambition d&rsquo;ouvrir de nouvelles lignes vers l&rsquo;Afrique de l&rsquo;Ouest. Autrement dit, la cr\u00e9ation de cette nouvelle compagnie de transport maritime permettra de renforcer davantage la flotte nationale maritime et de contribuer efficacement au d\u00e9veloppement de l\u2019\u00e9conomie nationale en g\u00e9n\u00e9ral et du commerce ext\u00e9rieur en particulier.<\/p>\n\n\n\n<p>Il faut dire que cette nouvelle r\u00e9alit\u00e9 a impos\u00e9 une refonte des compagnies traditionnelles de transport maritime et de fret. C&rsquo;est dans ce contexte et en parall\u00e8lement \u00e0 la cr\u00e9ation de cette nouvelle compagnie par Madar Holding, le Groupe transport maritime (Gatma) envisage de restructuration des compagnies sous sa tutelle. Sous la houlette du minist\u00e8re des transports, le GATMA s\u2019est engag\u00e9 dans une transformation en profondeur de ses activit\u00e9s maritimes. L\u2019une des premi\u00e8res \u00e9tapes de cette refonte a \u00e9t\u00e9 la cr\u00e9ation de la nouvelle compagnie \u00ab&nbsp;CNAN El Djazair&nbsp;\u00bb, qui rassemble d\u00e9sormais \u00ab&nbsp;CNAN Nord&nbsp;\u00bb et \u00ab&nbsp;CNAN Med&nbsp;\u00bb pour consolider ses capacit\u00e9s.<\/p>\n\n\n\n<p>Mais la r\u00e9forme ne s\u2019est pas arr\u00eat\u00e9e l\u00e0. La compagnie a entrepris la r\u00e9habilitation de sa flotte, compos\u00e9e de 13 navires, en lan\u00e7ant des op\u00e9rations de maintenance et de r\u00e9paration. Ces travaux sont confi\u00e9s \u00e0 l\u2019Entreprise nationale de r\u00e9paration navale (ERENAV).<\/p>\n\n\n\n<p>Selon les informations fournies par le minist\u00e8re des transports, sept navires sont actuellement en service, tandis que six autres sont en cours de maintenance et de r\u00e9paration. Ces derniers devraient reprendre du service d\u2019ici la fin de l\u2019ann\u00e9e 2023 ou le d\u00e9but de l\u2019ann\u00e9e 2024, permettant ainsi \u00e0 la flotte d\u2019\u00eatre op\u00e9rationnelle \u00e0 100%.<\/p>\n\n\n\n<p>Hakim Aomar<\/p>\n","protected":false},"excerpt":{"rendered":"<p>Le groupe public Madar Holding SPA vient d\u2019\u00e9largir son portefeuille en filiales, \u00e0 travers la cr\u00e9ation, r\u00e9cemment, d\u2019une nouvelle filiale<\/p>\n","protected":false},"author":6,"featured_media":56196,"comment_status":"open","ping_status":"closed","sticky":false,"template":"","format":"standard","meta":{"colormag_page_container_layout":"default_layout","colormag_page_sidebar_layout":"default_layout","om_disable_all_campaigns":false,"_monsterinsights_skip_tracking":false,"_monsterinsights_sitenote_active":false,"_monsterinsights_sitenote_note":"","_monsterinsights_sitenote_category":0,"footnotes":"","_wpscppro_dont_share_socialmedia":false,"_wpscppro_custom_social_share_image":0,"_facebook_share_type":"default","_twitter_share_type":"default","_linkedin_share_type":"default","_pinterest_share_type":"default","_linkedin_share_type_page":"","_instagram_share_type":"default","_medium_share_type":"","_threads_share_type":"","_google_business_share_type":"","_selected_social_profile":[],"_wpsp_enable_custom_social_template":false,"_wpsp_social_scheduling":{"enabled":false,"datetime":null,"platforms":[],"status":"template_only","dateOption":"today","timeOption":"now","customDays":"","customHours":"","customDate":"","customTime":"","schedulingType":"absolute"},"_wpsp_active_default_template":true},"categories":[52,29],"tags":[],"class_list":["post-56195","post","type-post","status-publish","format-standard","has-post-thumbnail","hentry","category-a-la-une","category-economie"],"aioseo_notices":[],"yoast_head":"<!-- This site is optimized with the Yoast SEO plugin v27.5 - https:\/\/yoast.com\/product\/yoast-seo-wordpress\/ -->\n<title>Transport maritime : Naissance de Madar Maritime Compagny - La Sentinelle<\/title>\n<meta name=\"robots\" content=\"index, follow, max-snippet:-1, max-image-preview:large, max-video-preview:-1\" \/>\n<link rel=\"canonical\" href=\"https:\/\/lasentinelle.dz\/index.php\/2024\/08\/26\/transport-maritime-naissance-de-madar-maritime-compagny\/\" \/>\n<meta property=\"og:locale\" content=\"fr_FR\" \/>\n<meta property=\"og:type\" content=\"article\" \/>\n<meta property=\"og:title\" content=\"Transport maritime : Naissance de Madar Maritime Compagny - La Sentinelle\" \/>\n<meta property=\"og:description\" content=\"Le groupe public Madar Holding SPA vient d\u2019\u00e9largir son portefeuille en filiales, \u00e0 travers la cr\u00e9ation, r\u00e9cemment, d\u2019une nouvelle filiale\" \/>\n<meta property=\"og:url\" content=\"https:\/\/lasentinelle.dz\/index.php\/2024\/08\/26\/transport-maritime-naissance-de-madar-maritime-compagny\/\" \/>\n<meta property=\"og:site_name\" content=\"La Sentinelle\" \/>\n<meta property=\"article:publisher\" content=\"https:\/\/www.facebook.com\/La-Sentinelle-104059864394773\" \/>\n<meta property=\"article:published_time\" content=\"2024-08-26T13:13:40+00:00\" \/>\n<meta property=\"article:modified_time\" content=\"2024-08-26T13:13:42+00:00\" \/>\n<meta property=\"og:image\" content=\"https:\/\/lasentinelle.dz\/wp-content\/uploads\/2024\/08\/porte-conteneurs.jpg\" \/>\n\t<meta property=\"og:image:width\" content=\"1200\" \/>\n\t<meta property=\"og:image:height\" content=\"675\" \/>\n\t<meta property=\"og:image:type\" content=\"image\/jpeg\" \/>\n<meta name=\"author\" content=\"admin\" \/>\n<meta name=\"twitter:card\" content=\"summary_large_image\" \/>\n<meta name=\"twitter:label1\" content=\"\u00c9crit par\" \/>\n\t<meta name=\"twitter:data1\" content=\"admin\" \/>\n\t<meta name=\"twitter:label2\" content=\"Dur\u00e9e de lecture estim\u00e9e\" \/>\n\t<meta name=\"twitter:data2\" content=\"4 minutes\" \/>\n<script type=\"application\/ld+json\" class=\"yoast-schema-graph\">{\"@context\":\"https:\\\/\\\/schema.org\",\"@graph\":[{\"@type\":\"Article\",\"@id\":\"https:\\\/\\\/lasentinelle.dz\\\/index.php\\\/2024\\\/08\\\/26\\\/transport-maritime-naissance-de-madar-maritime-compagny\\\/#article\",\"isPartOf\":{\"@id\":\"https:\\\/\\\/lasentinelle.dz\\\/index.php\\\/2024\\\/08\\\/26\\\/transport-maritime-naissance-de-madar-maritime-compagny\\\/\"},\"author\":{\"name\":\"admin\",\"@id\":\"https:\\\/\\\/lasentinelle.dz\\\/#\\\/schema\\\/person\\\/729ee0024f24e0b8c5ec17232f8e8b41\"},\"headline\":\"Transport maritime : Naissance de Madar Maritime Compagny\",\"datePublished\":\"2024-08-26T13:13:40+00:00\",\"dateModified\":\"2024-08-26T13:13:42+00:00\",\"mainEntityOfPage\":{\"@id\":\"https:\\\/\\\/lasentinelle.dz\\\/index.php\\\/2024\\\/08\\\/26\\\/transport-maritime-naissance-de-madar-maritime-compagny\\\/\"},\"wordCount\":724,\"commentCount\":0,\"publisher\":{\"@id\":\"https:\\\/\\\/lasentinelle.dz\\\/#organization\"},\"image\":{\"@id\":\"https:\\\/\\\/lasentinelle.dz\\\/index.php\\\/2024\\\/08\\\/26\\\/transport-maritime-naissance-de-madar-maritime-compagny\\\/#primaryimage\"},\"thumbnailUrl\":\"https:\\\/\\\/lasentinelle.dz\\\/wp-content\\\/uploads\\\/2024\\\/08\\\/porte-conteneurs.jpg\",\"articleSection\":[\"\u00c0 la Une\",\"\u00c9conomie\"],\"inLanguage\":\"fr-FR\",\"potentialAction\":[{\"@type\":\"CommentAction\",\"name\":\"Comment\",\"target\":[\"https:\\\/\\\/lasentinelle.dz\\\/index.php\\\/2024\\\/08\\\/26\\\/transport-maritime-naissance-de-madar-maritime-compagny\\\/#respond\"]}]},{\"@type\":\"WebPage\",\"@id\":\"https:\\\/\\\/lasentinelle.dz\\\/index.php\\\/2024\\\/08\\\/26\\\/transport-maritime-naissance-de-madar-maritime-compagny\\\/\",\"url\":\"https:\\\/\\\/lasentinelle.dz\\\/index.php\\\/2024\\\/08\\\/26\\\/transport-maritime-naissance-de-madar-maritime-compagny\\\/\",\"name\":\"Transport maritime : Naissance de Madar Maritime Compagny - La Sentinelle\",\"isPartOf\":{\"@id\":\"https:\\\/\\\/lasentinelle.dz\\\/#website\"},\"primaryImageOfPage\":{\"@id\":\"https:\\\/\\\/lasentinelle.dz\\\/index.php\\\/2024\\\/08\\\/26\\\/transport-maritime-naissance-de-madar-maritime-compagny\\\/#primaryimage\"},\"image\":{\"@id\":\"https:\\\/\\\/lasentinelle.dz\\\/index.php\\\/2024\\\/08\\\/26\\\/transport-maritime-naissance-de-madar-maritime-compagny\\\/#primaryimage\"},\"thumbnailUrl\":\"https:\\\/\\\/lasentinelle.dz\\\/wp-content\\\/uploads\\\/2024\\\/08\\\/porte-conteneurs.jpg\",\"datePublished\":\"2024-08-26T13:13:40+00:00\",\"dateModified\":\"2024-08-26T13:13:42+00:00\",\"breadcrumb\":{\"@id\":\"https:\\\/\\\/lasentinelle.dz\\\/index.php\\\/2024\\\/08\\\/26\\\/transport-maritime-naissance-de-madar-maritime-compagny\\\/#breadcrumb\"},\"inLanguage\":\"fr-FR\",\"potentialAction\":[{\"@type\":\"ReadAction\",\"target\":[\"https:\\\/\\\/lasentinelle.dz\\\/index.php\\\/2024\\\/08\\\/26\\\/transport-maritime-naissance-de-madar-maritime-compagny\\\/\"]}]},{\"@type\":\"ImageObject\",\"inLanguage\":\"fr-FR\",\"@id\":\"https:\\\/\\\/lasentinelle.dz\\\/index.php\\\/2024\\\/08\\\/26\\\/transport-maritime-naissance-de-madar-maritime-compagny\\\/#primaryimage\",\"url\":\"https:\\\/\\\/lasentinelle.dz\\\/wp-content\\\/uploads\\\/2024\\\/08\\\/porte-conteneurs.jpg\",\"contentUrl\":\"https:\\\/\\\/lasentinelle.dz\\\/wp-content\\\/uploads\\\/2024\\\/08\\\/porte-conteneurs.jpg\",\"width\":1200,\"height\":675},{\"@type\":\"BreadcrumbList\",\"@id\":\"https:\\\/\\\/lasentinelle.dz\\\/index.php\\\/2024\\\/08\\\/26\\\/transport-maritime-naissance-de-madar-maritime-compagny\\\/#breadcrumb\",\"itemListElement\":[{\"@type\":\"ListItem\",\"position\":1,\"name\":\"Accueil\",\"item\":\"https:\\\/\\\/lasentinelle.dz\\\/\"},{\"@type\":\"ListItem\",\"position\":2,\"name\":\"Transport maritime : Naissance de Madar Maritime Compagny\"}]},{\"@type\":\"WebSite\",\"@id\":\"https:\\\/\\\/lasentinelle.dz\\\/#website\",\"url\":\"https:\\\/\\\/lasentinelle.dz\\\/\",\"name\":\"La Sentinelle\",\"description\":\"Quotidien national d&#039;information\",\"publisher\":{\"@id\":\"https:\\\/\\\/lasentinelle.dz\\\/#organization\"},\"potentialAction\":[{\"@type\":\"SearchAction\",\"target\":{\"@type\":\"EntryPoint\",\"urlTemplate\":\"https:\\\/\\\/lasentinelle.dz\\\/?s={search_term_string}\"},\"query-input\":{\"@type\":\"PropertyValueSpecification\",\"valueRequired\":true,\"valueName\":\"search_term_string\"}}],\"inLanguage\":\"fr-FR\"},{\"@type\":\"Organization\",\"@id\":\"https:\\\/\\\/lasentinelle.dz\\\/#organization\",\"name\":\"Quotidien La Sentinelle\",\"url\":\"https:\\\/\\\/lasentinelle.dz\\\/\",\"logo\":{\"@type\":\"ImageObject\",\"inLanguage\":\"fr-FR\",\"@id\":\"https:\\\/\\\/lasentinelle.dz\\\/#\\\/schema\\\/logo\\\/image\\\/\",\"url\":\"https:\\\/\\\/lasentinelle.dz\\\/wp-content\\\/uploads\\\/2021\\\/09\\\/logo-sentinelleSLOGAN-1.png\",\"contentUrl\":\"https:\\\/\\\/lasentinelle.dz\\\/wp-content\\\/uploads\\\/2021\\\/09\\\/logo-sentinelleSLOGAN-1.png\",\"width\":615,\"height\":142,\"caption\":\"Quotidien La Sentinelle\"},\"image\":{\"@id\":\"https:\\\/\\\/lasentinelle.dz\\\/#\\\/schema\\\/logo\\\/image\\\/\"},\"sameAs\":[\"https:\\\/\\\/www.facebook.com\\\/La-Sentinelle-104059864394773\"]},{\"@type\":\"Person\",\"@id\":\"https:\\\/\\\/lasentinelle.dz\\\/#\\\/schema\\\/person\\\/729ee0024f24e0b8c5ec17232f8e8b41\",\"name\":\"admin\",\"image\":{\"@type\":\"ImageObject\",\"inLanguage\":\"fr-FR\",\"@id\":\"https:\\\/\\\/secure.gravatar.com\\\/avatar\\\/4c81fed838786e9b53f540bf46533e750f5d292099ae3b66cfc6fb1982e29df7?s=96&d=mm&r=g\",\"url\":\"https:\\\/\\\/secure.gravatar.com\\\/avatar\\\/4c81fed838786e9b53f540bf46533e750f5d292099ae3b66cfc6fb1982e29df7?s=96&d=mm&r=g\",\"contentUrl\":\"https:\\\/\\\/secure.gravatar.com\\\/avatar\\\/4c81fed838786e9b53f540bf46533e750f5d292099ae3b66cfc6fb1982e29df7?s=96&d=mm&r=g\",\"caption\":\"admin\"},\"description\":\"admin\",\"url\":\"https:\\\/\\\/lasentinelle.dz\\\/author\\\/admin\\\/\"}]}<\/script>\n<!-- \/ Yoast SEO plugin. -->","yoast_head_json":{"title":"Transport maritime : Naissance de Madar Maritime Compagny - La Sentinelle","robots":{"index":"index","follow":"follow","max-snippet":"max-snippet:-1","max-image-preview":"max-image-preview:large","max-video-preview":"max-video-preview:-1"},"canonical":"https:\/\/lasentinelle.dz\/index.php\/2024\/08\/26\/transport-maritime-naissance-de-madar-maritime-compagny\/","og_locale":"fr_FR","og_type":"article","og_title":"Transport maritime : Naissance de Madar Maritime Compagny - La Sentinelle","og_description":"Le groupe public Madar Holding SPA vient d\u2019\u00e9largir son portefeuille en filiales, \u00e0 travers la cr\u00e9ation, r\u00e9cemment, d\u2019une nouvelle filiale","og_url":"https:\/\/lasentinelle.dz\/index.php\/2024\/08\/26\/transport-maritime-naissance-de-madar-maritime-compagny\/","og_site_name":"La Sentinelle","article_publisher":"https:\/\/www.facebook.com\/La-Sentinelle-104059864394773","article_published_time":"2024-08-26T13:13:40+00:00","article_modified_time":"2024-08-26T13:13:42+00:00","og_image":[{"width":1200,"height":675,"url":"https:\/\/lasentinelle.dz\/wp-content\/uploads\/2024\/08\/porte-conteneurs.jpg","type":"image\/jpeg"}],"author":"admin","twitter_card":"summary_large_image","twitter_misc":{"\u00c9crit par":"admin","Dur\u00e9e de lecture estim\u00e9e":"4 minutes"},"schema":{"@context":"https:\/\/schema.org","@graph":[{"@type":"Article","@id":"https:\/\/lasentinelle.dz\/index.php\/2024\/08\/26\/transport-maritime-naissance-de-madar-maritime-compagny\/#article","isPartOf":{"@id":"https:\/\/lasentinelle.dz\/index.php\/2024\/08\/26\/transport-maritime-naissance-de-madar-maritime-compagny\/"},"author":{"name":"admin","@id":"https:\/\/lasentinelle.dz\/#\/schema\/person\/729ee0024f24e0b8c5ec17232f8e8b41"},"headline":"Transport maritime : Naissance de Madar Maritime Compagny","datePublished":"2024-08-26T13:13:40+00:00","dateModified":"2024-08-26T13:13:42+00:00","mainEntityOfPage":{"@id":"https:\/\/lasentinelle.dz\/index.php\/2024\/08\/26\/transport-maritime-naissance-de-madar-maritime-compagny\/"},"wordCount":724,"commentCount":0,"publisher":{"@id":"https:\/\/lasentinelle.dz\/#organization"},"image":{"@id":"https:\/\/lasentinelle.dz\/index.php\/2024\/08\/26\/transport-maritime-naissance-de-madar-maritime-compagny\/#primaryimage"},"thumbnailUrl":"https:\/\/lasentinelle.dz\/wp-content\/uploads\/2024\/08\/porte-conteneurs.jpg","articleSection":["\u00c0 la Une","\u00c9conomie"],"inLanguage":"fr-FR","potentialAction":[{"@type":"CommentAction","name":"Comment","target":["https:\/\/lasentinelle.dz\/index.php\/2024\/08\/26\/transport-maritime-naissance-de-madar-maritime-compagny\/#respond"]}]},{"@type":"WebPage","@id":"https:\/\/lasentinelle.dz\/index.php\/2024\/08\/26\/transport-maritime-naissance-de-madar-maritime-compagny\/","url":"https:\/\/lasentinelle.dz\/index.php\/2024\/08\/26\/transport-maritime-naissance-de-madar-maritime-compagny\/","name":"Transport maritime : Naissance de Madar Maritime Compagny - La Sentinelle","isPartOf":{"@id":"https:\/\/lasentinelle.dz\/#website"},"primaryImageOfPage":{"@id":"https:\/\/lasentinelle.dz\/index.php\/2024\/08\/26\/transport-maritime-naissance-de-madar-maritime-compagny\/#primaryimage"},"image":{"@id":"https:\/\/lasentinelle.dz\/index.php\/2024\/08\/26\/transport-maritime-naissance-de-madar-maritime-compagny\/#primaryimage"},"thumbnailUrl":"https:\/\/lasentinelle.dz\/wp-content\/uploads\/2024\/08\/porte-conteneurs.jpg","datePublished":"2024-08-26T13:13:40+00:00","dateModified":"2024-08-26T13:13:42+00:00","breadcrumb":{"@id":"https:\/\/lasentinelle.dz\/index.php\/2024\/08\/26\/transport-maritime-naissance-de-madar-maritime-compagny\/#breadcrumb"},"inLanguage":"fr-FR","potentialAction":[{"@type":"ReadAction","target":["https:\/\/lasentinelle.dz\/index.php\/2024\/08\/26\/transport-maritime-naissance-de-madar-maritime-compagny\/"]}]},{"@type":"ImageObject","inLanguage":"fr-FR","@id":"https:\/\/lasentinelle.dz\/index.php\/2024\/08\/26\/transport-maritime-naissance-de-madar-maritime-compagny\/#primaryimage","url":"https:\/\/lasentinelle.dz\/wp-content\/uploads\/2024\/08\/porte-conteneurs.jpg","contentUrl":"https:\/\/lasentinelle.dz\/wp-content\/uploads\/2024\/08\/porte-conteneurs.jpg","width":1200,"height":675},{"@type":"BreadcrumbList","@id":"https:\/\/lasentinelle.dz\/index.php\/2024\/08\/26\/transport-maritime-naissance-de-madar-maritime-compagny\/#breadcrumb","itemListElement":[{"@type":"ListItem","position":1,"name":"Accueil","item":"https:\/\/lasentinelle.dz\/"},{"@type":"ListItem","position":2,"name":"Transport maritime : Naissance de Madar Maritime Compagny"}]},{"@type":"WebSite","@id":"https:\/\/lasentinelle.dz\/#website","url":"https:\/\/lasentinelle.dz\/","name":"La Sentinelle","description":"Quotidien national d&#039;information","publisher":{"@id":"https:\/\/lasentinelle.dz\/#organization"},"potentialAction":[{"@type":"SearchAction","target":{"@type":"EntryPoint","urlTemplate":"https:\/\/lasentinelle.dz\/?s={search_term_string}"},"query-input":{"@type":"PropertyValueSpecification","valueRequired":true,"valueName":"search_term_string"}}],"inLanguage":"fr-FR"},{"@type":"Organization","@id":"https:\/\/lasentinelle.dz\/#organization","name":"Quotidien La Sentinelle","url":"https:\/\/lasentinelle.dz\/","logo":{"@type":"ImageObject","inLanguage":"fr-FR","@id":"https:\/\/lasentinelle.dz\/#\/schema\/logo\/image\/","url":"https:\/\/lasentinelle.dz\/wp-content\/uploads\/2021\/09\/logo-sentinelleSLOGAN-1.png","contentUrl":"https:\/\/lasentinelle.dz\/wp-content\/uploads\/2021\/09\/logo-sentinelleSLOGAN-1.png","width":615,"height":142,"caption":"Quotidien La Sentinelle"},"image":{"@id":"https:\/\/lasentinelle.dz\/#\/schema\/logo\/image\/"},"sameAs":["https:\/\/www.facebook.com\/La-Sentinelle-104059864394773"]},{"@type":"Person","@id":"https:\/\/lasentinelle.dz\/#\/schema\/person\/729ee0024f24e0b8c5ec17232f8e8b41","name":"admin","image":{"@type":"ImageObject","inLanguage":"fr-FR","@id":"https:\/\/secure.gravatar.com\/avatar\/4c81fed838786e9b53f540bf46533e750f5d292099ae3b66cfc6fb1982e29df7?s=96&d=mm&r=g","url":"https:\/\/secure.gravatar.com\/avatar\/4c81fed838786e9b53f540bf46533e750f5d292099ae3b66cfc6fb1982e29df7?s=96&d=mm&r=g","contentUrl":"https:\/\/secure.gravatar.com\/avatar\/4c81fed838786e9b53f540bf46533e750f5d292099ae3b66cfc6fb1982e29df7?s=96&d=mm&r=g","caption":"admin"},"description":"admin","url":"https:\/\/lasentinelle.dz\/author\/admin\/"}]}},"_links":{"self":[{"href":"https:\/\/lasentinelle.dz\/index.php\/wp-json\/wp\/v2\/posts\/56195","targetHints":{"allow":["GET"]}}],"collection":[{"href":"https:\/\/lasentinelle.dz\/index.php\/wp-json\/wp\/v2\/posts"}],"about":[{"href":"https:\/\/lasentinelle.dz\/index.php\/wp-json\/wp\/v2\/types\/post"}],"author":[{"embeddable":true,"href":"https:\/\/lasentinelle.dz\/index.php\/wp-json\/wp\/v2\/users\/6"}],"replies":[{"embeddable":true,"href":"https:\/\/lasentinelle.dz\/index.php\/wp-json\/wp\/v2\/comments?post=56195"}],"version-history":[{"count":1,"href":"https:\/\/lasentinelle.dz\/index.php\/wp-json\/wp\/v2\/posts\/56195\/revisions"}],"predecessor-version":[{"id":56197,"href":"https:\/\/lasentinelle.dz\/index.php\/wp-json\/wp\/v2\/posts\/56195\/revisions\/56197"}],"wp:featuredmedia":[{"embeddable":true,"href":"https:\/\/lasentinelle.dz\/index.php\/wp-json\/wp\/v2\/media\/56196"}],"wp:attachment":[{"href":"https:\/\/lasentinelle.dz\/index.php\/wp-json\/wp\/v2\/media?parent=56195"}],"wp:term":[{"taxonomy":"category","embeddable":true,"href":"https:\/\/lasentinelle.dz\/index.php\/wp-json\/wp\/v2\/categories?post=56195"},{"taxonomy":"post_tag","embeddable":true,"href":"https:\/\/lasentinelle.dz\/index.php\/wp-json\/wp\/v2\/tags?post=56195"}],"curies":[{"name":"wp","href":"https:\/\/api.w.org\/{rel}","templated":true}]}}