{"id":562,"date":"2021-01-23T00:46:00","date_gmt":"2021-01-22T23:46:00","guid":{"rendered":"https:\/\/lasentinelle.dz\/?p=562"},"modified":"2021-01-23T10:43:43","modified_gmt":"2021-01-23T09:43:43","slug":"irak-trente-deux-morts-dans-un-double-attentat-suicide-de-lei-a-bagdad","status":"publish","type":"post","link":"https:\/\/lasentinelle.dz\/index.php\/2021\/01\/23\/irak-trente-deux-morts-dans-un-double-attentat-suicide-de-lei-a-bagdad\/","title":{"rendered":"Irak: Trente-deux morts dans un double attentat suicide de l\u2019EI \u00e0 Bagdad"},"content":{"rendered":"\n<p><\/p>\n\n\n\n<p><\/p>\n\n\n\n<figure class=\"wp-block-image size-large\"><img loading=\"lazy\" decoding=\"async\" width=\"932\" height=\"582\" src=\"https:\/\/lasentinelle.dz\/wp-content\/uploads\/2021\/01\/irak.jpg\" alt=\"\" class=\"wp-image-563\" srcset=\"https:\/\/lasentinelle.dz\/wp-content\/uploads\/2021\/01\/irak.jpg 932w, https:\/\/lasentinelle.dz\/wp-content\/uploads\/2021\/01\/irak-300x187.jpg 300w, https:\/\/lasentinelle.dz\/wp-content\/uploads\/2021\/01\/irak-768x480.jpg 768w\" sizes=\"auto, (max-width: 932px) 100vw, 932px\" \/><\/figure>\n\n\n\n<p>Trente-deux personnes ont \u00e9t\u00e9 tu\u00e9es jeudi par deux kamikazes du groupe Etat islamique (EI) qui se sont fait exploser sur un march\u00e9 du centre<br>de Bagdad, l\u2019attaque la plus meurtri\u00e8re depuis plus de trois ans dans la capitale irakienne.<\/p>\n\n\n\n<p><br>Un premier homme a d\u00e9clench\u00e9 sa ceinture explosive au beau milieu de vendeurs et de badauds sur le march\u00e9 de v\u00eatements d\u2019occasion de la place Tayaran, a expliqu\u00e9 le minist\u00e8re de l\u2019Int\u00e9rieur. Alors qu\u2019un attroupement se formait pour tenter de venir en aide aux victimes, un second kamikaze a fait d\u00e9toner ses explosifs, a-t-il ajout\u00e9. L\u2019attaque a \u00e9t\u00e9 revendiqu\u00e9e dans la nuit de jeudi \u00e0 vendredi par l\u2019EI. Outre les 32 morts, le ministre de la Sant\u00e9, Hassan al-Tamimi, a fait \u00e9tat de 110 bless\u00e9s dans la m\u00e9tropole de dix millions d\u2019habitants o\u00f9 l\u2019ensemble du personnel m\u00e9dical a \u00e9t\u00e9 plac\u00e9 en \u00e9tat d\u2019alerte maximale. Soldats et ambulanciers \u00e9taient d\u00e9ploy\u00e9s en masse sur la place, les premiers bloquant les acc\u00e8s et les seconds s\u2019activant \u00e0 d\u00e9placer des corps ou \u00e0 aider des bless\u00e9s, dans un ballet d\u2019ambulances aux sir\u00e8nes hurlantes. Un attentat avec exactement le m\u00eame mode op\u00e9ratoire avait d\u00e9j\u00e0 endeuill\u00e9 cette m\u00eame place, faisant 31 morts, il y a trois ans quasiment jour pour jour. Comme en 2018, cette attaque intervient alors que les autorit\u00e9s discutent de l\u2019organisation d\u2019un scrutin l\u00e9gislatif. <\/p>\n\n\n\n<p>Le gouvernement avait promis l\u2019\u00e9lection anticip\u00e9e d\u2019un nouveau Parlement pour juin. Mais les autorit\u00e9s proposent maintenant de la reporter \u00e0 octobre, afin de donner plus de temps \u00e0 la Commission \u00e9lectorale pour organiser ce scrutin. De nombreux politiciens disent toutefois douter de la tenue d\u2019une \u00e9lection anticip\u00e9e &#8212; en juin comme en octobre &#8212; car la condition sine qua non est une dissolution du Parlement. Or, seuls les d\u00e9put\u00e9s peuvent voter leur propre dissolution et aucun n\u2019a donn\u00e9 d\u2019assurance en ce sens. Le pr\u00e9sident Barham Saleh a d\u00e9nonc\u00e9 sur Twitter des \u00abtentatives malignes de faire trembler la stabilit\u00e9 du pays\u00bb, tandis que le Premier ministre Moustafa al-Kazimi a annonc\u00e9 avoir remplac\u00e9 des hauts-grad\u00e9s apr\u00e8s l\u2019attentat. \u00abUn acte aussi ignoble n\u2019affaiblira pas la marche de l\u2019Irak vers la stabilit\u00e9 et la prosp\u00e9rit\u00e9\u00bb, a r\u00e9agi la mission de l\u2019ONU en Irak. Les Etats-Unis, la France, l\u2019Union europ\u00e9enne et l\u2019Otan ont condamn\u00e9 fermement ces attaques et apport\u00e9 leur soutien \u00e0 l\u2019Irak, tandis que l\u2019Iran a estim\u00e9 que ces attentats avaient pour but de \u00abperturber la paix et la stabilit\u00e9\u00bb en Irak. Dans la nuit de jeudi \u00e0 vendredi, le groupe Etat islamique a revendiqu\u00e9 l\u2019attaque, men\u00e9e selon un mode op\u00e9ratoire d\u00e9j\u00e0 utilis\u00e9 par le pass\u00e9 par le groupe terroriste qui a occup\u00e9 pr\u00e8s du tiers de l\u2019Irak en 2014 avant que Bagdad ne d\u00e9clare avoir gagn\u00e9 sa guerre fin 2017. <\/p>\n\n\n\n<p>Depuis, des cellules terroristes se terrent dans les nombreuses zones montagneuses et d\u00e9sertiques du pays. Depuis la \u00ablib\u00e9ration\u00bb toutefois, l\u2019EI n\u2019a revendiqu\u00e9 que des attaques de faible envergure, men\u00e9es g\u00e9n\u00e9ralement de nuit contre des positions militaires dans des zones isol\u00e9es, loin des villes. Les derniers attentats ayant fait plusieurs morts \u00e0 Bagdad remontent \u00e0 juin 2019. Cette attaque intervient alors que les Etats-Unis ont r\u00e9duit le nombre de leurs soldats en Irak \u00e0 2.500 hommes, une baisse qui \u00abrefl\u00e8te la hausse des capacit\u00e9s de l\u2019arm\u00e9e irakienne\u00bb, selon les mots du chef du Pentagone, Christopher Miller. Cette r\u00e9duction \u00abne signifie pas un changement dans la politique des Etats-Unis\u00bb, a-t-il soulign\u00e9. \u00abLes Etats-Unis et les forces de la coalition restent en Irak pour assurer une d\u00e9faite durable\u00bb de l\u2019EI. R.I. avec AFP<\/p>\n\n\n\n<p><\/p>\n\n\n\n<p><strong>L\u2019Alg\u00e9rie condamne le double attentat terroriste perp\u00e9tr\u00e9 \u00e0 Baghdad<\/strong><\/p>\n\n\n\n<p>L\u2019Alg\u00e9rie a condamn\u00e9 \u00e9nergiquement jeudi le double attentat ayant cibl\u00e9 un march\u00e9 populaire dans la capitale irakienne Baghdad faisant plusieurs victimes et des dizaines de bless\u00e9s, a indiqu\u00e9 un communiqu\u00e9 du minist\u00e8re des Affaires \u00e9trang\u00e8res. \u00abL\u2019Alg\u00e9rie condamne vigoureusement le double attentat ayant cibl\u00e9 le 21 janvier 2021 un march\u00e9 populaire \u00e0 Baghdad faisant plusieurs victimes et des dizaines de bless\u00e9s irakiens sans d\u00e9fense \u00ab, souligne la m\u00eame source.<\/p>\n\n\n\n<p> \u00abSuite \u00e0 cet ignoble acte terroriste, l\u2019Alg\u00e9rie exprime sa solidarit\u00e9 avec l\u2019Irak fr\u00e8re et lui r\u00e9it\u00e8re son soutien dans sa guerre contre le terrorisme, l\u2019extr\u00e9misme et toute tentative visant \u00e0 \u00e9branler sa stabilit\u00e9 et sa s\u00e9curit\u00e9\u00bb, ajoute le communiqu\u00e9. \u00abL\u2019Alg\u00e9rie pr\u00e9sente ses sinc\u00e8res condol\u00e9ances aux familles des victimes tout en souhaitant un prompt r\u00e9tablissement aux bless\u00e9s, r\u00e9it\u00e8re sa position ferme rejetant le terrorisme sous toutes ses formes et appelle \u00e0 la conjugaison de tous les efforts internationaux et r\u00e9gionaux pour exterminer ce fl\u00e9au\u00bb,<br>conclut le communiqu\u00e9. <\/p>\n\n\n\n<p><strong>APS<\/strong><\/p>\n","protected":false},"excerpt":{"rendered":"<p>Trente-deux personnes ont \u00e9t\u00e9 tu\u00e9es jeudi par deux kamikazes du groupe Etat islamique (EI) qui se sont fait exploser sur<\/p>\n","protected":false},"author":3,"featured_media":563,"comment_status":"open","ping_status":"closed","sticky":false,"template":"","format":"standard","meta":{"colormag_page_container_layout":"default_layout","colormag_page_sidebar_layout":"default_layout","om_disable_all_campaigns":false,"_monsterinsights_skip_tracking":false,"_monsterinsights_sitenote_active":false,"_monsterinsights_sitenote_note":"","_monsterinsights_sitenote_category":0,"footnotes":"","_wpscppro_dont_share_socialmedia":false,"_wpscppro_custom_social_share_image":0,"_facebook_share_type":"","_twitter_share_type":"","_linkedin_share_type":"","_pinterest_share_type":"","_linkedin_share_type_page":"","_instagram_share_type":"","_medium_share_type":"","_threads_share_type":"","_google_business_share_type":"","_selected_social_profile":[],"_wpsp_enable_custom_social_template":false,"_wpsp_social_scheduling":{"enabled":false,"datetime":null,"platforms":[],"status":"template_only","dateOption":"today","timeOption":"now","customDays":"","customHours":"","customDate":"","customTime":"","schedulingType":"absolute"},"_wpsp_active_default_template":true},"categories":[37],"tags":[],"class_list":["post-562","post","type-post","status-publish","format-standard","has-post-thumbnail","hentry","category-monde"],"aioseo_notices":[],"yoast_head":"<!-- This site is optimized with the Yoast SEO plugin v27.5 - https:\/\/yoast.com\/product\/yoast-seo-wordpress\/ -->\n<title>Irak: Trente-deux morts dans un double attentat suicide de l\u2019EI \u00e0 Bagdad - La Sentinelle<\/title>\n<meta name=\"robots\" content=\"index, follow, max-snippet:-1, max-image-preview:large, max-video-preview:-1\" \/>\n<link rel=\"canonical\" href=\"https:\/\/lasentinelle.dz\/index.php\/2021\/01\/23\/irak-trente-deux-morts-dans-un-double-attentat-suicide-de-lei-a-bagdad\/\" \/>\n<meta property=\"og:locale\" content=\"fr_FR\" \/>\n<meta property=\"og:type\" content=\"article\" \/>\n<meta property=\"og:title\" content=\"Irak: Trente-deux morts dans un double attentat suicide de l\u2019EI \u00e0 Bagdad - La Sentinelle\" \/>\n<meta property=\"og:description\" content=\"Trente-deux personnes ont \u00e9t\u00e9 tu\u00e9es jeudi par deux kamikazes du groupe Etat islamique (EI) qui se sont fait exploser sur\" \/>\n<meta property=\"og:url\" content=\"https:\/\/lasentinelle.dz\/index.php\/2021\/01\/23\/irak-trente-deux-morts-dans-un-double-attentat-suicide-de-lei-a-bagdad\/\" \/>\n<meta property=\"og:site_name\" content=\"La Sentinelle\" \/>\n<meta property=\"article:publisher\" content=\"https:\/\/www.facebook.com\/La-Sentinelle-104059864394773\" \/>\n<meta property=\"article:published_time\" content=\"2021-01-22T23:46:00+00:00\" \/>\n<meta property=\"article:modified_time\" content=\"2021-01-23T09:43:43+00:00\" \/>\n<meta property=\"og:image\" content=\"https:\/\/lasentinelle.dz\/wp-content\/uploads\/2021\/01\/irak.jpg\" \/>\n\t<meta property=\"og:image:width\" content=\"932\" \/>\n\t<meta property=\"og:image:height\" content=\"582\" \/>\n\t<meta property=\"og:image:type\" content=\"image\/jpeg\" \/>\n<meta name=\"author\" content=\"La Sentinelle\" \/>\n<meta name=\"twitter:card\" content=\"summary_large_image\" \/>\n<meta name=\"twitter:label1\" content=\"\u00c9crit par\" \/>\n\t<meta name=\"twitter:data1\" content=\"La Sentinelle\" \/>\n\t<meta name=\"twitter:label2\" content=\"Dur\u00e9e de lecture estim\u00e9e\" \/>\n\t<meta name=\"twitter:data2\" content=\"4 minutes\" \/>\n<script type=\"application\/ld+json\" class=\"yoast-schema-graph\">{\"@context\":\"https:\\\/\\\/schema.org\",\"@graph\":[{\"@type\":\"Article\",\"@id\":\"https:\\\/\\\/lasentinelle.dz\\\/index.php\\\/2021\\\/01\\\/23\\\/irak-trente-deux-morts-dans-un-double-attentat-suicide-de-lei-a-bagdad\\\/#article\",\"isPartOf\":{\"@id\":\"https:\\\/\\\/lasentinelle.dz\\\/index.php\\\/2021\\\/01\\\/23\\\/irak-trente-deux-morts-dans-un-double-attentat-suicide-de-lei-a-bagdad\\\/\"},\"author\":{\"name\":\"La Sentinelle\",\"@id\":\"https:\\\/\\\/lasentinelle.dz\\\/#\\\/schema\\\/person\\\/d865044e22e70a75174ce8bcad3acfb3\"},\"headline\":\"Irak: Trente-deux morts dans un double attentat suicide de l\u2019EI \u00e0 Bagdad\",\"datePublished\":\"2021-01-22T23:46:00+00:00\",\"dateModified\":\"2021-01-23T09:43:43+00:00\",\"mainEntityOfPage\":{\"@id\":\"https:\\\/\\\/lasentinelle.dz\\\/index.php\\\/2021\\\/01\\\/23\\\/irak-trente-deux-morts-dans-un-double-attentat-suicide-de-lei-a-bagdad\\\/\"},\"wordCount\":844,\"commentCount\":0,\"publisher\":{\"@id\":\"https:\\\/\\\/lasentinelle.dz\\\/#organization\"},\"image\":{\"@id\":\"https:\\\/\\\/lasentinelle.dz\\\/index.php\\\/2021\\\/01\\\/23\\\/irak-trente-deux-morts-dans-un-double-attentat-suicide-de-lei-a-bagdad\\\/#primaryimage\"},\"thumbnailUrl\":\"https:\\\/\\\/lasentinelle.dz\\\/wp-content\\\/uploads\\\/2021\\\/01\\\/irak.jpg\",\"articleSection\":[\"Monde\"],\"inLanguage\":\"fr-FR\",\"potentialAction\":[{\"@type\":\"CommentAction\",\"name\":\"Comment\",\"target\":[\"https:\\\/\\\/lasentinelle.dz\\\/index.php\\\/2021\\\/01\\\/23\\\/irak-trente-deux-morts-dans-un-double-attentat-suicide-de-lei-a-bagdad\\\/#respond\"]}]},{\"@type\":\"WebPage\",\"@id\":\"https:\\\/\\\/lasentinelle.dz\\\/index.php\\\/2021\\\/01\\\/23\\\/irak-trente-deux-morts-dans-un-double-attentat-suicide-de-lei-a-bagdad\\\/\",\"url\":\"https:\\\/\\\/lasentinelle.dz\\\/index.php\\\/2021\\\/01\\\/23\\\/irak-trente-deux-morts-dans-un-double-attentat-suicide-de-lei-a-bagdad\\\/\",\"name\":\"Irak: Trente-deux morts dans un double attentat suicide de l\u2019EI \u00e0 Bagdad - La Sentinelle\",\"isPartOf\":{\"@id\":\"https:\\\/\\\/lasentinelle.dz\\\/#website\"},\"primaryImageOfPage\":{\"@id\":\"https:\\\/\\\/lasentinelle.dz\\\/index.php\\\/2021\\\/01\\\/23\\\/irak-trente-deux-morts-dans-un-double-attentat-suicide-de-lei-a-bagdad\\\/#primaryimage\"},\"image\":{\"@id\":\"https:\\\/\\\/lasentinelle.dz\\\/index.php\\\/2021\\\/01\\\/23\\\/irak-trente-deux-morts-dans-un-double-attentat-suicide-de-lei-a-bagdad\\\/#primaryimage\"},\"thumbnailUrl\":\"https:\\\/\\\/lasentinelle.dz\\\/wp-content\\\/uploads\\\/2021\\\/01\\\/irak.jpg\",\"datePublished\":\"2021-01-22T23:46:00+00:00\",\"dateModified\":\"2021-01-23T09:43:43+00:00\",\"breadcrumb\":{\"@id\":\"https:\\\/\\\/lasentinelle.dz\\\/index.php\\\/2021\\\/01\\\/23\\\/irak-trente-deux-morts-dans-un-double-attentat-suicide-de-lei-a-bagdad\\\/#breadcrumb\"},\"inLanguage\":\"fr-FR\",\"potentialAction\":[{\"@type\":\"ReadAction\",\"target\":[\"https:\\\/\\\/lasentinelle.dz\\\/index.php\\\/2021\\\/01\\\/23\\\/irak-trente-deux-morts-dans-un-double-attentat-suicide-de-lei-a-bagdad\\\/\"]}]},{\"@type\":\"ImageObject\",\"inLanguage\":\"fr-FR\",\"@id\":\"https:\\\/\\\/lasentinelle.dz\\\/index.php\\\/2021\\\/01\\\/23\\\/irak-trente-deux-morts-dans-un-double-attentat-suicide-de-lei-a-bagdad\\\/#primaryimage\",\"url\":\"https:\\\/\\\/lasentinelle.dz\\\/wp-content\\\/uploads\\\/2021\\\/01\\\/irak.jpg\",\"contentUrl\":\"https:\\\/\\\/lasentinelle.dz\\\/wp-content\\\/uploads\\\/2021\\\/01\\\/irak.jpg\",\"width\":932,\"height\":582},{\"@type\":\"BreadcrumbList\",\"@id\":\"https:\\\/\\\/lasentinelle.dz\\\/index.php\\\/2021\\\/01\\\/23\\\/irak-trente-deux-morts-dans-un-double-attentat-suicide-de-lei-a-bagdad\\\/#breadcrumb\",\"itemListElement\":[{\"@type\":\"ListItem\",\"position\":1,\"name\":\"Accueil\",\"item\":\"https:\\\/\\\/lasentinelle.dz\\\/\"},{\"@type\":\"ListItem\",\"position\":2,\"name\":\"Irak: Trente-deux morts dans un double attentat suicide de l\u2019EI \u00e0 Bagdad\"}]},{\"@type\":\"WebSite\",\"@id\":\"https:\\\/\\\/lasentinelle.dz\\\/#website\",\"url\":\"https:\\\/\\\/lasentinelle.dz\\\/\",\"name\":\"La Sentinelle\",\"description\":\"Quotidien national d&#039;information\",\"publisher\":{\"@id\":\"https:\\\/\\\/lasentinelle.dz\\\/#organization\"},\"potentialAction\":[{\"@type\":\"SearchAction\",\"target\":{\"@type\":\"EntryPoint\",\"urlTemplate\":\"https:\\\/\\\/lasentinelle.dz\\\/?s={search_term_string}\"},\"query-input\":{\"@type\":\"PropertyValueSpecification\",\"valueRequired\":true,\"valueName\":\"search_term_string\"}}],\"inLanguage\":\"fr-FR\"},{\"@type\":\"Organization\",\"@id\":\"https:\\\/\\\/lasentinelle.dz\\\/#organization\",\"name\":\"Quotidien La Sentinelle\",\"url\":\"https:\\\/\\\/lasentinelle.dz\\\/\",\"logo\":{\"@type\":\"ImageObject\",\"inLanguage\":\"fr-FR\",\"@id\":\"https:\\\/\\\/lasentinelle.dz\\\/#\\\/schema\\\/logo\\\/image\\\/\",\"url\":\"https:\\\/\\\/lasentinelle.dz\\\/wp-content\\\/uploads\\\/2021\\\/09\\\/logo-sentinelleSLOGAN-1.png\",\"contentUrl\":\"https:\\\/\\\/lasentinelle.dz\\\/wp-content\\\/uploads\\\/2021\\\/09\\\/logo-sentinelleSLOGAN-1.png\",\"width\":615,\"height\":142,\"caption\":\"Quotidien La Sentinelle\"},\"image\":{\"@id\":\"https:\\\/\\\/lasentinelle.dz\\\/#\\\/schema\\\/logo\\\/image\\\/\"},\"sameAs\":[\"https:\\\/\\\/www.facebook.com\\\/La-Sentinelle-104059864394773\"]},{\"@type\":\"Person\",\"@id\":\"https:\\\/\\\/lasentinelle.dz\\\/#\\\/schema\\\/person\\\/d865044e22e70a75174ce8bcad3acfb3\",\"name\":\"La Sentinelle\",\"image\":{\"@type\":\"ImageObject\",\"inLanguage\":\"fr-FR\",\"@id\":\"https:\\\/\\\/secure.gravatar.com\\\/avatar\\\/57de8e5d4b15d43fb361a71fbb36338450fe67865b528a43dd10ef7c51a20392?s=96&d=mm&r=g\",\"url\":\"https:\\\/\\\/secure.gravatar.com\\\/avatar\\\/57de8e5d4b15d43fb361a71fbb36338450fe67865b528a43dd10ef7c51a20392?s=96&d=mm&r=g\",\"contentUrl\":\"https:\\\/\\\/secure.gravatar.com\\\/avatar\\\/57de8e5d4b15d43fb361a71fbb36338450fe67865b528a43dd10ef7c51a20392?s=96&d=mm&r=g\",\"caption\":\"La Sentinelle\"},\"sameAs\":[\"http:\\\/\\\/www.lasentinelle.dz\"],\"url\":\"https:\\\/\\\/lasentinelle.dz\\\/author\\\/redaction\\\/\"}]}<\/script>\n<!-- \/ Yoast SEO plugin. -->","yoast_head_json":{"title":"Irak: Trente-deux morts dans un double attentat suicide de l\u2019EI \u00e0 Bagdad - La Sentinelle","robots":{"index":"index","follow":"follow","max-snippet":"max-snippet:-1","max-image-preview":"max-image-preview:large","max-video-preview":"max-video-preview:-1"},"canonical":"https:\/\/lasentinelle.dz\/index.php\/2021\/01\/23\/irak-trente-deux-morts-dans-un-double-attentat-suicide-de-lei-a-bagdad\/","og_locale":"fr_FR","og_type":"article","og_title":"Irak: Trente-deux morts dans un double attentat suicide de l\u2019EI \u00e0 Bagdad - La Sentinelle","og_description":"Trente-deux personnes ont \u00e9t\u00e9 tu\u00e9es jeudi par deux kamikazes du groupe Etat islamique (EI) qui se sont fait exploser sur","og_url":"https:\/\/lasentinelle.dz\/index.php\/2021\/01\/23\/irak-trente-deux-morts-dans-un-double-attentat-suicide-de-lei-a-bagdad\/","og_site_name":"La Sentinelle","article_publisher":"https:\/\/www.facebook.com\/La-Sentinelle-104059864394773","article_published_time":"2021-01-22T23:46:00+00:00","article_modified_time":"2021-01-23T09:43:43+00:00","og_image":[{"width":932,"height":582,"url":"https:\/\/lasentinelle.dz\/wp-content\/uploads\/2021\/01\/irak.jpg","type":"image\/jpeg"}],"author":"La Sentinelle","twitter_card":"summary_large_image","twitter_misc":{"\u00c9crit par":"La Sentinelle","Dur\u00e9e de lecture estim\u00e9e":"4 minutes"},"schema":{"@context":"https:\/\/schema.org","@graph":[{"@type":"Article","@id":"https:\/\/lasentinelle.dz\/index.php\/2021\/01\/23\/irak-trente-deux-morts-dans-un-double-attentat-suicide-de-lei-a-bagdad\/#article","isPartOf":{"@id":"https:\/\/lasentinelle.dz\/index.php\/2021\/01\/23\/irak-trente-deux-morts-dans-un-double-attentat-suicide-de-lei-a-bagdad\/"},"author":{"name":"La Sentinelle","@id":"https:\/\/lasentinelle.dz\/#\/schema\/person\/d865044e22e70a75174ce8bcad3acfb3"},"headline":"Irak: Trente-deux morts dans un double attentat suicide de l\u2019EI \u00e0 Bagdad","datePublished":"2021-01-22T23:46:00+00:00","dateModified":"2021-01-23T09:43:43+00:00","mainEntityOfPage":{"@id":"https:\/\/lasentinelle.dz\/index.php\/2021\/01\/23\/irak-trente-deux-morts-dans-un-double-attentat-suicide-de-lei-a-bagdad\/"},"wordCount":844,"commentCount":0,"publisher":{"@id":"https:\/\/lasentinelle.dz\/#organization"},"image":{"@id":"https:\/\/lasentinelle.dz\/index.php\/2021\/01\/23\/irak-trente-deux-morts-dans-un-double-attentat-suicide-de-lei-a-bagdad\/#primaryimage"},"thumbnailUrl":"https:\/\/lasentinelle.dz\/wp-content\/uploads\/2021\/01\/irak.jpg","articleSection":["Monde"],"inLanguage":"fr-FR","potentialAction":[{"@type":"CommentAction","name":"Comment","target":["https:\/\/lasentinelle.dz\/index.php\/2021\/01\/23\/irak-trente-deux-morts-dans-un-double-attentat-suicide-de-lei-a-bagdad\/#respond"]}]},{"@type":"WebPage","@id":"https:\/\/lasentinelle.dz\/index.php\/2021\/01\/23\/irak-trente-deux-morts-dans-un-double-attentat-suicide-de-lei-a-bagdad\/","url":"https:\/\/lasentinelle.dz\/index.php\/2021\/01\/23\/irak-trente-deux-morts-dans-un-double-attentat-suicide-de-lei-a-bagdad\/","name":"Irak: Trente-deux morts dans un double attentat suicide de l\u2019EI \u00e0 Bagdad - La Sentinelle","isPartOf":{"@id":"https:\/\/lasentinelle.dz\/#website"},"primaryImageOfPage":{"@id":"https:\/\/lasentinelle.dz\/index.php\/2021\/01\/23\/irak-trente-deux-morts-dans-un-double-attentat-suicide-de-lei-a-bagdad\/#primaryimage"},"image":{"@id":"https:\/\/lasentinelle.dz\/index.php\/2021\/01\/23\/irak-trente-deux-morts-dans-un-double-attentat-suicide-de-lei-a-bagdad\/#primaryimage"},"thumbnailUrl":"https:\/\/lasentinelle.dz\/wp-content\/uploads\/2021\/01\/irak.jpg","datePublished":"2021-01-22T23:46:00+00:00","dateModified":"2021-01-23T09:43:43+00:00","breadcrumb":{"@id":"https:\/\/lasentinelle.dz\/index.php\/2021\/01\/23\/irak-trente-deux-morts-dans-un-double-attentat-suicide-de-lei-a-bagdad\/#breadcrumb"},"inLanguage":"fr-FR","potentialAction":[{"@type":"ReadAction","target":["https:\/\/lasentinelle.dz\/index.php\/2021\/01\/23\/irak-trente-deux-morts-dans-un-double-attentat-suicide-de-lei-a-bagdad\/"]}]},{"@type":"ImageObject","inLanguage":"fr-FR","@id":"https:\/\/lasentinelle.dz\/index.php\/2021\/01\/23\/irak-trente-deux-morts-dans-un-double-attentat-suicide-de-lei-a-bagdad\/#primaryimage","url":"https:\/\/lasentinelle.dz\/wp-content\/uploads\/2021\/01\/irak.jpg","contentUrl":"https:\/\/lasentinelle.dz\/wp-content\/uploads\/2021\/01\/irak.jpg","width":932,"height":582},{"@type":"BreadcrumbList","@id":"https:\/\/lasentinelle.dz\/index.php\/2021\/01\/23\/irak-trente-deux-morts-dans-un-double-attentat-suicide-de-lei-a-bagdad\/#breadcrumb","itemListElement":[{"@type":"ListItem","position":1,"name":"Accueil","item":"https:\/\/lasentinelle.dz\/"},{"@type":"ListItem","position":2,"name":"Irak: Trente-deux morts dans un double attentat suicide de l\u2019EI \u00e0 Bagdad"}]},{"@type":"WebSite","@id":"https:\/\/lasentinelle.dz\/#website","url":"https:\/\/lasentinelle.dz\/","name":"La Sentinelle","description":"Quotidien national d&#039;information","publisher":{"@id":"https:\/\/lasentinelle.dz\/#organization"},"potentialAction":[{"@type":"SearchAction","target":{"@type":"EntryPoint","urlTemplate":"https:\/\/lasentinelle.dz\/?s={search_term_string}"},"query-input":{"@type":"PropertyValueSpecification","valueRequired":true,"valueName":"search_term_string"}}],"inLanguage":"fr-FR"},{"@type":"Organization","@id":"https:\/\/lasentinelle.dz\/#organization","name":"Quotidien La Sentinelle","url":"https:\/\/lasentinelle.dz\/","logo":{"@type":"ImageObject","inLanguage":"fr-FR","@id":"https:\/\/lasentinelle.dz\/#\/schema\/logo\/image\/","url":"https:\/\/lasentinelle.dz\/wp-content\/uploads\/2021\/09\/logo-sentinelleSLOGAN-1.png","contentUrl":"https:\/\/lasentinelle.dz\/wp-content\/uploads\/2021\/09\/logo-sentinelleSLOGAN-1.png","width":615,"height":142,"caption":"Quotidien La Sentinelle"},"image":{"@id":"https:\/\/lasentinelle.dz\/#\/schema\/logo\/image\/"},"sameAs":["https:\/\/www.facebook.com\/La-Sentinelle-104059864394773"]},{"@type":"Person","@id":"https:\/\/lasentinelle.dz\/#\/schema\/person\/d865044e22e70a75174ce8bcad3acfb3","name":"La Sentinelle","image":{"@type":"ImageObject","inLanguage":"fr-FR","@id":"https:\/\/secure.gravatar.com\/avatar\/57de8e5d4b15d43fb361a71fbb36338450fe67865b528a43dd10ef7c51a20392?s=96&d=mm&r=g","url":"https:\/\/secure.gravatar.com\/avatar\/57de8e5d4b15d43fb361a71fbb36338450fe67865b528a43dd10ef7c51a20392?s=96&d=mm&r=g","contentUrl":"https:\/\/secure.gravatar.com\/avatar\/57de8e5d4b15d43fb361a71fbb36338450fe67865b528a43dd10ef7c51a20392?s=96&d=mm&r=g","caption":"La Sentinelle"},"sameAs":["http:\/\/www.lasentinelle.dz"],"url":"https:\/\/lasentinelle.dz\/author\/redaction\/"}]}},"_links":{"self":[{"href":"https:\/\/lasentinelle.dz\/index.php\/wp-json\/wp\/v2\/posts\/562","targetHints":{"allow":["GET"]}}],"collection":[{"href":"https:\/\/lasentinelle.dz\/index.php\/wp-json\/wp\/v2\/posts"}],"about":[{"href":"https:\/\/lasentinelle.dz\/index.php\/wp-json\/wp\/v2\/types\/post"}],"author":[{"embeddable":true,"href":"https:\/\/lasentinelle.dz\/index.php\/wp-json\/wp\/v2\/users\/3"}],"replies":[{"embeddable":true,"href":"https:\/\/lasentinelle.dz\/index.php\/wp-json\/wp\/v2\/comments?post=562"}],"version-history":[{"count":1,"href":"https:\/\/lasentinelle.dz\/index.php\/wp-json\/wp\/v2\/posts\/562\/revisions"}],"predecessor-version":[{"id":564,"href":"https:\/\/lasentinelle.dz\/index.php\/wp-json\/wp\/v2\/posts\/562\/revisions\/564"}],"wp:featuredmedia":[{"embeddable":true,"href":"https:\/\/lasentinelle.dz\/index.php\/wp-json\/wp\/v2\/media\/563"}],"wp:attachment":[{"href":"https:\/\/lasentinelle.dz\/index.php\/wp-json\/wp\/v2\/media?parent=562"}],"wp:term":[{"taxonomy":"category","embeddable":true,"href":"https:\/\/lasentinelle.dz\/index.php\/wp-json\/wp\/v2\/categories?post=562"},{"taxonomy":"post_tag","embeddable":true,"href":"https:\/\/lasentinelle.dz\/index.php\/wp-json\/wp\/v2\/tags?post=562"}],"curies":[{"name":"wp","href":"https:\/\/api.w.org\/{rel}","templated":true}]}}