{"id":56215,"date":"2024-08-26T14:31:18","date_gmt":"2024-08-26T13:31:18","guid":{"rendered":"https:\/\/lasentinelle.dz\/?p=56215"},"modified":"2024-08-26T14:31:19","modified_gmt":"2024-08-26T13:31:19","slug":"11e-jour-de-campagne-electorale-hassani-cherif-promet-une-distribution-equitable-des-logements","status":"publish","type":"post","link":"https:\/\/lasentinelle.dz\/index.php\/2024\/08\/26\/11e-jour-de-campagne-electorale-hassani-cherif-promet-une-distribution-equitable-des-logements\/","title":{"rendered":"11e jour de campagne \u00e9lectorale: Hassani Cherif promet \u00a0\u00bb une distribution \u00e9quitable des logements\u00a0\u00bb"},"content":{"rendered":"\n<p>Le candidat du Mouvement de la soci\u00e9t\u00e9 pour la paix (MSP) \u00e0 l&rsquo;\u00e9lection pr\u00e9sidentielle, Abdelaali Hassani Cherif, s&rsquo;est engag\u00e9 hier \u00e0 Relizane \u00e0 garantir une distribution \u00e9quitable des logements et \u00e0 r\u00e9gulariser la situation des logements individuels<\/p>\n\n\n\n<p>Le candidat du Mouvement de la soci\u00e9t\u00e9 pour la paix (MSP) \u00e0 l&rsquo;\u00e9lection pr\u00e9sidentielle, Abdelaali Hassani Cherif, poursuit activement sa campagne \u00e9lectorale \u00e0 travers le pays. Il a pr\u00e9sent\u00e9 les grandes lignes de son programme \u00e9lectoral baptis\u00e9 \u00ab\u00a0Forsa\u00a0\u00bb (Opportunit\u00e9), mettant l&rsquo;accent sur plusieurs axes majeurs de d\u00e9veloppement et de r\u00e9forme.<\/p>\n\n\n\n<p>Au c\u0153ur des pr\u00e9occupations de Hassani Cherif se trouve la question du logement. \u00c0 Relizane, il s&rsquo;est engag\u00e9 \u00e0 garantir une distribution \u00e9quitable des logements et \u00e0 r\u00e9gulariser la situation des logements individuels, sous r\u00e9serve qu&rsquo;ils n&#8217;empi\u00e8tent pas sur le foncier agricole ou industriel. Son programme pr\u00e9voit la diversification des formules d&rsquo;habitat, tant en quantit\u00e9 qu&rsquo;en qualit\u00e9, en ad\u00e9quation avec les capacit\u00e9s des citoyens. Il propose \u00e9galement d&rsquo;actualiser et d&rsquo;am\u00e9liorer les crit\u00e8res de qualit\u00e9 et de bien-\u00eatre, notamment par le d\u00e9veloppement des m\u00e9canismes d&rsquo;accompagnement du logement rural et la relance du march\u00e9 locatif. Le candidat souhaite encourager l&rsquo;investissement immobilier, diversifier les sources de financement des logements et mettre en place des proc\u00e9dures favorisant la location des logements vacants.<\/p>\n\n\n\n<p>Hassani Cherif a soulign\u00e9 l&rsquo;importance de cr\u00e9er un environnement favorable et attractif pour l&rsquo;investissement, particuli\u00e8rement dans les domaines des industries manufacturi\u00e8res, \u00e9nerg\u00e9tiques et agricoles. Il propose d&rsquo;\u00e9largir les m\u00e9canismes de financement local, incluant des subventions et des fonds de d\u00e9veloppement. Le candidat a notamment \u00e9voqu\u00e9 le d\u00e9veloppement de l&rsquo;industrie automobile, avec l&rsquo;ambition de cr\u00e9er une production \u00ab\u00a0Made in Algeria\u00a0\u00bb, ainsi que le secteur des pi\u00e8ces de rechange automobiles. Le candidat du MSP a abord\u00e9 les besoins sp\u00e9cifiques de certaines r\u00e9gions. Pour Relizane, il a identifi\u00e9 la n\u00e9cessit\u00e9 de cr\u00e9er des emplois, de r\u00e9soudre les probl\u00e8mes d&rsquo;approvisionnement en eau potable, de relancer les projets, d&rsquo;am\u00e9liorer les services de sant\u00e9 et le r\u00e9seau routier. Il a \u00e9galement soulign\u00e9 l&rsquo;importance de mettre en place un syst\u00e8me pour d\u00e9velopper les m\u00e9canismes de gestion dans le secteur \u00e9conomique public et d&rsquo;int\u00e9grer les grandes entreprises pour accompagner les petits investisseurs.<\/p>\n\n\n\n<p>La veille \u00e0 Oran, Hassani Cherif a salu\u00e9 la soci\u00e9t\u00e9 \u00ab\u00a0authentique et respectueuse des principes soci\u00e9taux\u00a0\u00bb, promettant un plan de d\u00e9veloppement \u00e0 la hauteur des ambitions de la ville.<\/p>\n\n\n\n<p>A cette occasion, le candidat du MSP a salu\u00e9 la soci\u00e9t\u00e9 oranaise \u00ab\u00a0authentique et respectueuse des principes soci\u00e9taux\u00a0\u00bb, qui a besoin, a-t-il-dit, \u00ab\u00a0d&rsquo;un plan de d\u00e9veloppement \u00e0 la hauteur de ses ambitions\u00a0\u00bb, assurant que, s&rsquo;il est \u00e9lu pr\u00e9sident de la R\u00e9publique, \u00ab\u00a0il compte renforcer l&rsquo;Etat de droit, promouvoir les droits, consacrer la justice sociale, r\u00e9duire les in\u00e9galit\u00e9s, trouver des solutions aux probl\u00e8mes de foncier, r\u00e9duire le ch\u00f4mage et permettre aux comp\u00e9tences alg\u00e9riennes \u00e0 l&rsquo;\u00e9tranger de contribuer au d\u00e9veloppement de l&rsquo;\u00e9conomie\u00a0\u00bb. Il a \u00e9galement \u00ab\u00a0promis de veiller \u00e0 une r\u00e9partition \u00e9quitable des richesses, de soutenir les classes vuln\u00e9rables, de lever les entraves \u00e0 l&rsquo;investissement et d&rsquo;associer les femmes et les jeunes au processus de d\u00e9veloppement\u00a0\u00bb. Arpentant les rues d&rsquo;Oran, accompagn\u00e9 de militants et sympathisants du MSP, le candidat Hassani Cherif a invit\u00e9 les citoyens \u00e0 consulter son programme \u00e9lectoral \u00ab\u00a0Forsa\u00a0\u00bb (opportunit\u00e9). Le programme \u00ab\u00a0Forsa\u00a0\u00bb de Hassani Cherif repose sur la r\u00e9forme, le renouveau et le traitement des dysfonctionnements dans tous les domaines. Il vise \u00e0 r\u00e9pondre aux aspirations des citoyens \u00e0 un \u00c9tat d\u00e9mocratique, pluraliste et social. Le candidat promet de veiller \u00e0 une r\u00e9partition \u00e9quitable des richesses, de soutenir les classes vuln\u00e9rables, de lever les entraves \u00e0 l&rsquo;investissement et d&rsquo;associer les femmes et les jeunes au processus de d\u00e9veloppement. Hassani Cherif a \u00e9voqu\u00e9 son intention de renforcer la centralit\u00e9 de l&rsquo;Alg\u00e9rie sur la sc\u00e8ne internationale. Il a \u00e9galement promis de permettre aux comp\u00e9tences alg\u00e9riennes \u00e0 l&rsquo;\u00e9tranger de contribuer au d\u00e9veloppement de l&rsquo;\u00e9conomie nationale. Tout au long de sa campagne, le candidat du MSP a insist\u00e9 sur l&rsquo;importance de cette \u00e9ch\u00e9ance \u00e9lectorale qu&rsquo;il qualifie de \u00ab\u00a0cruciale\u00a0\u00bb, se d\u00e9roulant dans un contexte international \u00ab\u00a0difficile et complexe\u00a0\u00bb. Il a appel\u00e9 les citoyens \u00e0 se rassembler autour du processus \u00e9lectoral et \u00e0 voter massivement le 7 septembre, soulignant que cela d\u00e9montrerait la conscience du peuple quant \u00e0 sa responsabilit\u00e9 dans la d\u00e9fense de l&rsquo;int\u00e9r\u00eat sup\u00e9rieur du pays. Selon lui, une participation importante serait un signe d&rsquo;unit\u00e9 et de coh\u00e9sion, permettant de faire \u00e9chouer \u00ab\u00a0les desseins sournois visant l&rsquo;Alg\u00e9rie\u00a0\u00bb.<\/p>\n\n\n\n<p>Samir Benisid<\/p>\n","protected":false},"excerpt":{"rendered":"<p>Le candidat du Mouvement de la soci\u00e9t\u00e9 pour la paix (MSP) \u00e0 l&rsquo;\u00e9lection pr\u00e9sidentielle, Abdelaali Hassani Cherif, s&rsquo;est engag\u00e9 hier<\/p>\n","protected":false},"author":6,"featured_media":56216,"comment_status":"open","ping_status":"closed","sticky":false,"template":"","format":"standard","meta":{"colormag_page_container_layout":"default_layout","colormag_page_sidebar_layout":"default_layout","om_disable_all_campaigns":false,"_monsterinsights_skip_tracking":false,"_monsterinsights_sitenote_active":false,"_monsterinsights_sitenote_note":"","_monsterinsights_sitenote_category":0,"footnotes":"","_wpscppro_dont_share_socialmedia":false,"_wpscppro_custom_social_share_image":0,"_facebook_share_type":"default","_twitter_share_type":"default","_linkedin_share_type":"default","_pinterest_share_type":"default","_linkedin_share_type_page":"","_instagram_share_type":"default","_medium_share_type":"","_threads_share_type":"","_google_business_share_type":"","_selected_social_profile":[],"_wpsp_enable_custom_social_template":false,"_wpsp_social_scheduling":{"enabled":false,"datetime":null,"platforms":[],"status":"template_only","dateOption":"today","timeOption":"now","customDays":"","customHours":"","customDate":"","customTime":"","schedulingType":"absolute"},"_wpsp_active_default_template":true},"categories":[87],"tags":[],"class_list":["post-56215","post","type-post","status-publish","format-standard","has-post-thumbnail","hentry","category-presidentielle-2024"],"aioseo_notices":[],"yoast_head":"<!-- This site is optimized with the Yoast SEO plugin v27.5 - https:\/\/yoast.com\/product\/yoast-seo-wordpress\/ -->\n<title>11e jour de campagne \u00e9lectorale: Hassani Cherif promet \u00a0\u00bb une distribution \u00e9quitable des logements\u00a0\u00bb - La Sentinelle<\/title>\n<meta name=\"robots\" content=\"index, follow, max-snippet:-1, max-image-preview:large, max-video-preview:-1\" \/>\n<link rel=\"canonical\" href=\"https:\/\/lasentinelle.dz\/index.php\/2024\/08\/26\/11e-jour-de-campagne-electorale-hassani-cherif-promet-une-distribution-equitable-des-logements\/\" \/>\n<meta property=\"og:locale\" content=\"fr_FR\" \/>\n<meta property=\"og:type\" content=\"article\" \/>\n<meta property=\"og:title\" content=\"11e jour de campagne \u00e9lectorale: Hassani Cherif promet \u00a0\u00bb une distribution \u00e9quitable des logements\u00a0\u00bb - La Sentinelle\" \/>\n<meta property=\"og:description\" content=\"Le candidat du Mouvement de la soci\u00e9t\u00e9 pour la paix (MSP) \u00e0 l&rsquo;\u00e9lection pr\u00e9sidentielle, Abdelaali Hassani Cherif, s&rsquo;est engag\u00e9 hier\" \/>\n<meta property=\"og:url\" content=\"https:\/\/lasentinelle.dz\/index.php\/2024\/08\/26\/11e-jour-de-campagne-electorale-hassani-cherif-promet-une-distribution-equitable-des-logements\/\" \/>\n<meta property=\"og:site_name\" content=\"La Sentinelle\" \/>\n<meta property=\"article:publisher\" content=\"https:\/\/www.facebook.com\/La-Sentinelle-104059864394773\" \/>\n<meta property=\"article:published_time\" content=\"2024-08-26T13:31:18+00:00\" \/>\n<meta property=\"article:modified_time\" content=\"2024-08-26T13:31:19+00:00\" \/>\n<meta property=\"og:image\" content=\"https:\/\/lasentinelle.dz\/wp-content\/uploads\/2024\/08\/Capture-decran-2024-08-26-a-14.30.32.png\" \/>\n\t<meta property=\"og:image:width\" content=\"1546\" \/>\n\t<meta property=\"og:image:height\" content=\"836\" \/>\n\t<meta property=\"og:image:type\" content=\"image\/png\" \/>\n<meta name=\"author\" content=\"admin\" \/>\n<meta name=\"twitter:card\" content=\"summary_large_image\" \/>\n<meta name=\"twitter:label1\" content=\"\u00c9crit par\" \/>\n\t<meta name=\"twitter:data1\" content=\"admin\" \/>\n\t<meta name=\"twitter:label2\" content=\"Dur\u00e9e de lecture estim\u00e9e\" \/>\n\t<meta name=\"twitter:data2\" content=\"4 minutes\" \/>\n<script type=\"application\/ld+json\" class=\"yoast-schema-graph\">{\"@context\":\"https:\\\/\\\/schema.org\",\"@graph\":[{\"@type\":\"Article\",\"@id\":\"https:\\\/\\\/lasentinelle.dz\\\/index.php\\\/2024\\\/08\\\/26\\\/11e-jour-de-campagne-electorale-hassani-cherif-promet-une-distribution-equitable-des-logements\\\/#article\",\"isPartOf\":{\"@id\":\"https:\\\/\\\/lasentinelle.dz\\\/index.php\\\/2024\\\/08\\\/26\\\/11e-jour-de-campagne-electorale-hassani-cherif-promet-une-distribution-equitable-des-logements\\\/\"},\"author\":{\"name\":\"admin\",\"@id\":\"https:\\\/\\\/lasentinelle.dz\\\/#\\\/schema\\\/person\\\/729ee0024f24e0b8c5ec17232f8e8b41\"},\"headline\":\"11e jour de campagne \u00e9lectorale: Hassani Cherif promet \u00a0\u00bb une distribution \u00e9quitable des logements\u00a0\u00bb\",\"datePublished\":\"2024-08-26T13:31:18+00:00\",\"dateModified\":\"2024-08-26T13:31:19+00:00\",\"mainEntityOfPage\":{\"@id\":\"https:\\\/\\\/lasentinelle.dz\\\/index.php\\\/2024\\\/08\\\/26\\\/11e-jour-de-campagne-electorale-hassani-cherif-promet-une-distribution-equitable-des-logements\\\/\"},\"wordCount\":825,\"commentCount\":0,\"publisher\":{\"@id\":\"https:\\\/\\\/lasentinelle.dz\\\/#organization\"},\"image\":{\"@id\":\"https:\\\/\\\/lasentinelle.dz\\\/index.php\\\/2024\\\/08\\\/26\\\/11e-jour-de-campagne-electorale-hassani-cherif-promet-une-distribution-equitable-des-logements\\\/#primaryimage\"},\"thumbnailUrl\":\"https:\\\/\\\/lasentinelle.dz\\\/wp-content\\\/uploads\\\/2024\\\/08\\\/Capture-decran-2024-08-26-a-14.30.32.png\",\"articleSection\":[\"Pr\u00e9sidentielle 2024\"],\"inLanguage\":\"fr-FR\",\"potentialAction\":[{\"@type\":\"CommentAction\",\"name\":\"Comment\",\"target\":[\"https:\\\/\\\/lasentinelle.dz\\\/index.php\\\/2024\\\/08\\\/26\\\/11e-jour-de-campagne-electorale-hassani-cherif-promet-une-distribution-equitable-des-logements\\\/#respond\"]}]},{\"@type\":\"WebPage\",\"@id\":\"https:\\\/\\\/lasentinelle.dz\\\/index.php\\\/2024\\\/08\\\/26\\\/11e-jour-de-campagne-electorale-hassani-cherif-promet-une-distribution-equitable-des-logements\\\/\",\"url\":\"https:\\\/\\\/lasentinelle.dz\\\/index.php\\\/2024\\\/08\\\/26\\\/11e-jour-de-campagne-electorale-hassani-cherif-promet-une-distribution-equitable-des-logements\\\/\",\"name\":\"11e jour de campagne \u00e9lectorale: Hassani Cherif promet \u00a0\u00bb une distribution \u00e9quitable des logements\u00a0\u00bb - La Sentinelle\",\"isPartOf\":{\"@id\":\"https:\\\/\\\/lasentinelle.dz\\\/#website\"},\"primaryImageOfPage\":{\"@id\":\"https:\\\/\\\/lasentinelle.dz\\\/index.php\\\/2024\\\/08\\\/26\\\/11e-jour-de-campagne-electorale-hassani-cherif-promet-une-distribution-equitable-des-logements\\\/#primaryimage\"},\"image\":{\"@id\":\"https:\\\/\\\/lasentinelle.dz\\\/index.php\\\/2024\\\/08\\\/26\\\/11e-jour-de-campagne-electorale-hassani-cherif-promet-une-distribution-equitable-des-logements\\\/#primaryimage\"},\"thumbnailUrl\":\"https:\\\/\\\/lasentinelle.dz\\\/wp-content\\\/uploads\\\/2024\\\/08\\\/Capture-decran-2024-08-26-a-14.30.32.png\",\"datePublished\":\"2024-08-26T13:31:18+00:00\",\"dateModified\":\"2024-08-26T13:31:19+00:00\",\"breadcrumb\":{\"@id\":\"https:\\\/\\\/lasentinelle.dz\\\/index.php\\\/2024\\\/08\\\/26\\\/11e-jour-de-campagne-electorale-hassani-cherif-promet-une-distribution-equitable-des-logements\\\/#breadcrumb\"},\"inLanguage\":\"fr-FR\",\"potentialAction\":[{\"@type\":\"ReadAction\",\"target\":[\"https:\\\/\\\/lasentinelle.dz\\\/index.php\\\/2024\\\/08\\\/26\\\/11e-jour-de-campagne-electorale-hassani-cherif-promet-une-distribution-equitable-des-logements\\\/\"]}]},{\"@type\":\"ImageObject\",\"inLanguage\":\"fr-FR\",\"@id\":\"https:\\\/\\\/lasentinelle.dz\\\/index.php\\\/2024\\\/08\\\/26\\\/11e-jour-de-campagne-electorale-hassani-cherif-promet-une-distribution-equitable-des-logements\\\/#primaryimage\",\"url\":\"https:\\\/\\\/lasentinelle.dz\\\/wp-content\\\/uploads\\\/2024\\\/08\\\/Capture-decran-2024-08-26-a-14.30.32.png\",\"contentUrl\":\"https:\\\/\\\/lasentinelle.dz\\\/wp-content\\\/uploads\\\/2024\\\/08\\\/Capture-decran-2024-08-26-a-14.30.32.png\",\"width\":1546,\"height\":836},{\"@type\":\"BreadcrumbList\",\"@id\":\"https:\\\/\\\/lasentinelle.dz\\\/index.php\\\/2024\\\/08\\\/26\\\/11e-jour-de-campagne-electorale-hassani-cherif-promet-une-distribution-equitable-des-logements\\\/#breadcrumb\",\"itemListElement\":[{\"@type\":\"ListItem\",\"position\":1,\"name\":\"Accueil\",\"item\":\"https:\\\/\\\/lasentinelle.dz\\\/\"},{\"@type\":\"ListItem\",\"position\":2,\"name\":\"11e jour de campagne \u00e9lectorale: Hassani Cherif promet \u00a0\u00bb une distribution \u00e9quitable des logements\u00a0\u00bb\"}]},{\"@type\":\"WebSite\",\"@id\":\"https:\\\/\\\/lasentinelle.dz\\\/#website\",\"url\":\"https:\\\/\\\/lasentinelle.dz\\\/\",\"name\":\"La Sentinelle\",\"description\":\"Quotidien national d&#039;information\",\"publisher\":{\"@id\":\"https:\\\/\\\/lasentinelle.dz\\\/#organization\"},\"potentialAction\":[{\"@type\":\"SearchAction\",\"target\":{\"@type\":\"EntryPoint\",\"urlTemplate\":\"https:\\\/\\\/lasentinelle.dz\\\/?s={search_term_string}\"},\"query-input\":{\"@type\":\"PropertyValueSpecification\",\"valueRequired\":true,\"valueName\":\"search_term_string\"}}],\"inLanguage\":\"fr-FR\"},{\"@type\":\"Organization\",\"@id\":\"https:\\\/\\\/lasentinelle.dz\\\/#organization\",\"name\":\"Quotidien La Sentinelle\",\"url\":\"https:\\\/\\\/lasentinelle.dz\\\/\",\"logo\":{\"@type\":\"ImageObject\",\"inLanguage\":\"fr-FR\",\"@id\":\"https:\\\/\\\/lasentinelle.dz\\\/#\\\/schema\\\/logo\\\/image\\\/\",\"url\":\"https:\\\/\\\/lasentinelle.dz\\\/wp-content\\\/uploads\\\/2021\\\/09\\\/logo-sentinelleSLOGAN-1.png\",\"contentUrl\":\"https:\\\/\\\/lasentinelle.dz\\\/wp-content\\\/uploads\\\/2021\\\/09\\\/logo-sentinelleSLOGAN-1.png\",\"width\":615,\"height\":142,\"caption\":\"Quotidien La Sentinelle\"},\"image\":{\"@id\":\"https:\\\/\\\/lasentinelle.dz\\\/#\\\/schema\\\/logo\\\/image\\\/\"},\"sameAs\":[\"https:\\\/\\\/www.facebook.com\\\/La-Sentinelle-104059864394773\"]},{\"@type\":\"Person\",\"@id\":\"https:\\\/\\\/lasentinelle.dz\\\/#\\\/schema\\\/person\\\/729ee0024f24e0b8c5ec17232f8e8b41\",\"name\":\"admin\",\"image\":{\"@type\":\"ImageObject\",\"inLanguage\":\"fr-FR\",\"@id\":\"https:\\\/\\\/secure.gravatar.com\\\/avatar\\\/4c81fed838786e9b53f540bf46533e750f5d292099ae3b66cfc6fb1982e29df7?s=96&d=mm&r=g\",\"url\":\"https:\\\/\\\/secure.gravatar.com\\\/avatar\\\/4c81fed838786e9b53f540bf46533e750f5d292099ae3b66cfc6fb1982e29df7?s=96&d=mm&r=g\",\"contentUrl\":\"https:\\\/\\\/secure.gravatar.com\\\/avatar\\\/4c81fed838786e9b53f540bf46533e750f5d292099ae3b66cfc6fb1982e29df7?s=96&d=mm&r=g\",\"caption\":\"admin\"},\"description\":\"admin\",\"url\":\"https:\\\/\\\/lasentinelle.dz\\\/author\\\/admin\\\/\"}]}<\/script>\n<!-- \/ Yoast SEO plugin. -->","yoast_head_json":{"title":"11e jour de campagne \u00e9lectorale: Hassani Cherif promet \u00a0\u00bb une distribution \u00e9quitable des logements\u00a0\u00bb - La Sentinelle","robots":{"index":"index","follow":"follow","max-snippet":"max-snippet:-1","max-image-preview":"max-image-preview:large","max-video-preview":"max-video-preview:-1"},"canonical":"https:\/\/lasentinelle.dz\/index.php\/2024\/08\/26\/11e-jour-de-campagne-electorale-hassani-cherif-promet-une-distribution-equitable-des-logements\/","og_locale":"fr_FR","og_type":"article","og_title":"11e jour de campagne \u00e9lectorale: Hassani Cherif promet \u00a0\u00bb une distribution \u00e9quitable des logements\u00a0\u00bb - La Sentinelle","og_description":"Le candidat du Mouvement de la soci\u00e9t\u00e9 pour la paix (MSP) \u00e0 l&rsquo;\u00e9lection pr\u00e9sidentielle, Abdelaali Hassani Cherif, s&rsquo;est engag\u00e9 hier","og_url":"https:\/\/lasentinelle.dz\/index.php\/2024\/08\/26\/11e-jour-de-campagne-electorale-hassani-cherif-promet-une-distribution-equitable-des-logements\/","og_site_name":"La Sentinelle","article_publisher":"https:\/\/www.facebook.com\/La-Sentinelle-104059864394773","article_published_time":"2024-08-26T13:31:18+00:00","article_modified_time":"2024-08-26T13:31:19+00:00","og_image":[{"width":1546,"height":836,"url":"https:\/\/lasentinelle.dz\/wp-content\/uploads\/2024\/08\/Capture-decran-2024-08-26-a-14.30.32.png","type":"image\/png"}],"author":"admin","twitter_card":"summary_large_image","twitter_misc":{"\u00c9crit par":"admin","Dur\u00e9e de lecture estim\u00e9e":"4 minutes"},"schema":{"@context":"https:\/\/schema.org","@graph":[{"@type":"Article","@id":"https:\/\/lasentinelle.dz\/index.php\/2024\/08\/26\/11e-jour-de-campagne-electorale-hassani-cherif-promet-une-distribution-equitable-des-logements\/#article","isPartOf":{"@id":"https:\/\/lasentinelle.dz\/index.php\/2024\/08\/26\/11e-jour-de-campagne-electorale-hassani-cherif-promet-une-distribution-equitable-des-logements\/"},"author":{"name":"admin","@id":"https:\/\/lasentinelle.dz\/#\/schema\/person\/729ee0024f24e0b8c5ec17232f8e8b41"},"headline":"11e jour de campagne \u00e9lectorale: Hassani Cherif promet \u00a0\u00bb une distribution \u00e9quitable des logements\u00a0\u00bb","datePublished":"2024-08-26T13:31:18+00:00","dateModified":"2024-08-26T13:31:19+00:00","mainEntityOfPage":{"@id":"https:\/\/lasentinelle.dz\/index.php\/2024\/08\/26\/11e-jour-de-campagne-electorale-hassani-cherif-promet-une-distribution-equitable-des-logements\/"},"wordCount":825,"commentCount":0,"publisher":{"@id":"https:\/\/lasentinelle.dz\/#organization"},"image":{"@id":"https:\/\/lasentinelle.dz\/index.php\/2024\/08\/26\/11e-jour-de-campagne-electorale-hassani-cherif-promet-une-distribution-equitable-des-logements\/#primaryimage"},"thumbnailUrl":"https:\/\/lasentinelle.dz\/wp-content\/uploads\/2024\/08\/Capture-decran-2024-08-26-a-14.30.32.png","articleSection":["Pr\u00e9sidentielle 2024"],"inLanguage":"fr-FR","potentialAction":[{"@type":"CommentAction","name":"Comment","target":["https:\/\/lasentinelle.dz\/index.php\/2024\/08\/26\/11e-jour-de-campagne-electorale-hassani-cherif-promet-une-distribution-equitable-des-logements\/#respond"]}]},{"@type":"WebPage","@id":"https:\/\/lasentinelle.dz\/index.php\/2024\/08\/26\/11e-jour-de-campagne-electorale-hassani-cherif-promet-une-distribution-equitable-des-logements\/","url":"https:\/\/lasentinelle.dz\/index.php\/2024\/08\/26\/11e-jour-de-campagne-electorale-hassani-cherif-promet-une-distribution-equitable-des-logements\/","name":"11e jour de campagne \u00e9lectorale: Hassani Cherif promet \u00a0\u00bb une distribution \u00e9quitable des logements\u00a0\u00bb - La Sentinelle","isPartOf":{"@id":"https:\/\/lasentinelle.dz\/#website"},"primaryImageOfPage":{"@id":"https:\/\/lasentinelle.dz\/index.php\/2024\/08\/26\/11e-jour-de-campagne-electorale-hassani-cherif-promet-une-distribution-equitable-des-logements\/#primaryimage"},"image":{"@id":"https:\/\/lasentinelle.dz\/index.php\/2024\/08\/26\/11e-jour-de-campagne-electorale-hassani-cherif-promet-une-distribution-equitable-des-logements\/#primaryimage"},"thumbnailUrl":"https:\/\/lasentinelle.dz\/wp-content\/uploads\/2024\/08\/Capture-decran-2024-08-26-a-14.30.32.png","datePublished":"2024-08-26T13:31:18+00:00","dateModified":"2024-08-26T13:31:19+00:00","breadcrumb":{"@id":"https:\/\/lasentinelle.dz\/index.php\/2024\/08\/26\/11e-jour-de-campagne-electorale-hassani-cherif-promet-une-distribution-equitable-des-logements\/#breadcrumb"},"inLanguage":"fr-FR","potentialAction":[{"@type":"ReadAction","target":["https:\/\/lasentinelle.dz\/index.php\/2024\/08\/26\/11e-jour-de-campagne-electorale-hassani-cherif-promet-une-distribution-equitable-des-logements\/"]}]},{"@type":"ImageObject","inLanguage":"fr-FR","@id":"https:\/\/lasentinelle.dz\/index.php\/2024\/08\/26\/11e-jour-de-campagne-electorale-hassani-cherif-promet-une-distribution-equitable-des-logements\/#primaryimage","url":"https:\/\/lasentinelle.dz\/wp-content\/uploads\/2024\/08\/Capture-decran-2024-08-26-a-14.30.32.png","contentUrl":"https:\/\/lasentinelle.dz\/wp-content\/uploads\/2024\/08\/Capture-decran-2024-08-26-a-14.30.32.png","width":1546,"height":836},{"@type":"BreadcrumbList","@id":"https:\/\/lasentinelle.dz\/index.php\/2024\/08\/26\/11e-jour-de-campagne-electorale-hassani-cherif-promet-une-distribution-equitable-des-logements\/#breadcrumb","itemListElement":[{"@type":"ListItem","position":1,"name":"Accueil","item":"https:\/\/lasentinelle.dz\/"},{"@type":"ListItem","position":2,"name":"11e jour de campagne \u00e9lectorale: Hassani Cherif promet \u00a0\u00bb une distribution \u00e9quitable des logements\u00a0\u00bb"}]},{"@type":"WebSite","@id":"https:\/\/lasentinelle.dz\/#website","url":"https:\/\/lasentinelle.dz\/","name":"La Sentinelle","description":"Quotidien national d&#039;information","publisher":{"@id":"https:\/\/lasentinelle.dz\/#organization"},"potentialAction":[{"@type":"SearchAction","target":{"@type":"EntryPoint","urlTemplate":"https:\/\/lasentinelle.dz\/?s={search_term_string}"},"query-input":{"@type":"PropertyValueSpecification","valueRequired":true,"valueName":"search_term_string"}}],"inLanguage":"fr-FR"},{"@type":"Organization","@id":"https:\/\/lasentinelle.dz\/#organization","name":"Quotidien La Sentinelle","url":"https:\/\/lasentinelle.dz\/","logo":{"@type":"ImageObject","inLanguage":"fr-FR","@id":"https:\/\/lasentinelle.dz\/#\/schema\/logo\/image\/","url":"https:\/\/lasentinelle.dz\/wp-content\/uploads\/2021\/09\/logo-sentinelleSLOGAN-1.png","contentUrl":"https:\/\/lasentinelle.dz\/wp-content\/uploads\/2021\/09\/logo-sentinelleSLOGAN-1.png","width":615,"height":142,"caption":"Quotidien La Sentinelle"},"image":{"@id":"https:\/\/lasentinelle.dz\/#\/schema\/logo\/image\/"},"sameAs":["https:\/\/www.facebook.com\/La-Sentinelle-104059864394773"]},{"@type":"Person","@id":"https:\/\/lasentinelle.dz\/#\/schema\/person\/729ee0024f24e0b8c5ec17232f8e8b41","name":"admin","image":{"@type":"ImageObject","inLanguage":"fr-FR","@id":"https:\/\/secure.gravatar.com\/avatar\/4c81fed838786e9b53f540bf46533e750f5d292099ae3b66cfc6fb1982e29df7?s=96&d=mm&r=g","url":"https:\/\/secure.gravatar.com\/avatar\/4c81fed838786e9b53f540bf46533e750f5d292099ae3b66cfc6fb1982e29df7?s=96&d=mm&r=g","contentUrl":"https:\/\/secure.gravatar.com\/avatar\/4c81fed838786e9b53f540bf46533e750f5d292099ae3b66cfc6fb1982e29df7?s=96&d=mm&r=g","caption":"admin"},"description":"admin","url":"https:\/\/lasentinelle.dz\/author\/admin\/"}]}},"_links":{"self":[{"href":"https:\/\/lasentinelle.dz\/index.php\/wp-json\/wp\/v2\/posts\/56215","targetHints":{"allow":["GET"]}}],"collection":[{"href":"https:\/\/lasentinelle.dz\/index.php\/wp-json\/wp\/v2\/posts"}],"about":[{"href":"https:\/\/lasentinelle.dz\/index.php\/wp-json\/wp\/v2\/types\/post"}],"author":[{"embeddable":true,"href":"https:\/\/lasentinelle.dz\/index.php\/wp-json\/wp\/v2\/users\/6"}],"replies":[{"embeddable":true,"href":"https:\/\/lasentinelle.dz\/index.php\/wp-json\/wp\/v2\/comments?post=56215"}],"version-history":[{"count":2,"href":"https:\/\/lasentinelle.dz\/index.php\/wp-json\/wp\/v2\/posts\/56215\/revisions"}],"predecessor-version":[{"id":56218,"href":"https:\/\/lasentinelle.dz\/index.php\/wp-json\/wp\/v2\/posts\/56215\/revisions\/56218"}],"wp:featuredmedia":[{"embeddable":true,"href":"https:\/\/lasentinelle.dz\/index.php\/wp-json\/wp\/v2\/media\/56216"}],"wp:attachment":[{"href":"https:\/\/lasentinelle.dz\/index.php\/wp-json\/wp\/v2\/media?parent=56215"}],"wp:term":[{"taxonomy":"category","embeddable":true,"href":"https:\/\/lasentinelle.dz\/index.php\/wp-json\/wp\/v2\/categories?post=56215"},{"taxonomy":"post_tag","embeddable":true,"href":"https:\/\/lasentinelle.dz\/index.php\/wp-json\/wp\/v2\/tags?post=56215"}],"curies":[{"name":"wp","href":"https:\/\/api.w.org\/{rel}","templated":true}]}}