{"id":56272,"date":"2024-08-27T21:49:53","date_gmt":"2024-08-27T20:49:53","guid":{"rendered":"https:\/\/lasentinelle.dz\/?p=56272"},"modified":"2024-08-27T21:49:54","modified_gmt":"2024-08-27T20:49:54","slug":"lunpa-et-la-tariqa-taibia-touhamia-affichent-leur-soutien-a-tebboune","status":"publish","type":"post","link":"https:\/\/lasentinelle.dz\/index.php\/2024\/08\/27\/lunpa-et-la-tariqa-taibia-touhamia-affichent-leur-soutien-a-tebboune\/","title":{"rendered":"L&rsquo;UNPA et la Tariqa Ta\u00efbia Touhamia affichent leur soutien \u00e0 Tebboune"},"content":{"rendered":"\n<p>Plusieurs organisations et personnalit\u00e9s politiques ont exprim\u00e9 hier, au 13e jour de campagne \u00e9lectorale pour la pr\u00e9sidentielle du 7 septembre, leur soutien \u00e0 la candidature de Tebboune. L&rsquo;Union nationale des paysans alg\u00e9riens (UNPA), par la voix de son secr\u00e9taire g\u00e9n\u00e9ral Abdellatif Dilmi, a appel\u00e9 \u00e0 voter en faveur du pr\u00e9sident sortant. Selon Dilmi, ce choix \u00ab\u00a0garantirait la poursuite du d\u00e9veloppement agricole et assurerait l&rsquo;autosuffisance et la s\u00e9curit\u00e9 alimentaire durable\u00a0\u00bb. La Tariqa Ta\u00efbia Touhamia, une confr\u00e9rie religieuse influente bas\u00e9e \u00e0 Oran, a \u00e9galement annonc\u00e9 son soutien \u00e0 Tebboune. Dans un communiqu\u00e9, elle a salu\u00e9 le bilan du premier mandat du pr\u00e9sident, notamment en mati\u00e8re de r\u00e9formes et de lutte contre la corruption. Du c\u00f4t\u00e9 des partis politiques, le Front de lib\u00e9ration nationale, par l&rsquo;interm\u00e9diaire de son secr\u00e9taire g\u00e9n\u00e9ral Abdelkrim Benmebarek, et le Rassemblement national d\u00e9mocratique, repr\u00e9sent\u00e9 par Mustapha Yahi, ont, tous deux, appel\u00e9 \u00e0 voter pour Tebboune. Le Mouvement El Bina, dirig\u00e9 par Abdelkader Bengrina, s&rsquo;est \u00e9galement rang\u00e9 derri\u00e8re le pr\u00e9sident sortant.<\/p>\n\n\n\n<p>Les soutiens de Tebboune mettent en avant son bilan du premier mandat et ses engagements pour l&rsquo;avenir. Parmi les r\u00e9alisations cit\u00e9es figurent le d\u00e9veloppement agricole et les efforts pour assurer la s\u00e9curit\u00e9 alimentaire. Figurent \u00e9galement les r\u00e9formes dans divers domaines et la lutte contre la corruption, le soutien aux jeunes et aux start-ups, l&rsquo;am\u00e9lioration de la situation diplomatique de l&rsquo;Alg\u00e9rie et enfin les projets d&rsquo;infrastructure et de d\u00e9veloppement \u00e9conomique. Tebboune promet de poursuivre le d\u00e9veloppement \u00e9conomique et la diversification hors hydrocarbures, de r\u00e9former les collectivit\u00e9s locales en accordant plus de pouvoirs aux assembl\u00e9es \u00e9lues, de lutter contre la bureaucratie, de traiter le ph\u00e9nom\u00e8ne de l&rsquo;immigration clandestine, la \u00ab\u00a0Harga\u00a0\u00bb et soutenir le secteur culturel et am\u00e9liorer le statut des artistes.<\/p>\n\n\n\n<p>La campagne met l&rsquo;accent sur les d\u00e9fis \u00e9conomiques et sociaux auxquels l&rsquo;Alg\u00e9rie est confront\u00e9e. La diversification de l&rsquo;\u00e9conomie, encore tr\u00e8s d\u00e9pendante des hydrocarbures, est un th\u00e8me r\u00e9current. Tebboune promet de d\u00e9velopper les exportations hors hydrocarbures et de soutenir les start-ups pour stimuler la cr\u00e9ation d&#8217;emplois et de richesses. La question de l&rsquo;eau est \u00e9galement centrale, avec des promesses de d\u00e9velopper le dessalement de l&rsquo;eau de mer pour assurer la s\u00e9curit\u00e9 hydrique du pays. Le candidat s&rsquo;engage \u00e0 mettre en \u0153uvre un programme s&rsquo;\u00e9talant de 2025 \u00e0 2030 pour fournir de l&rsquo;eau \u00e0 60% de la population gr\u00e2ce \u00e0 cette technologie. L&rsquo;agriculture est pr\u00e9sent\u00e9e comme un secteur cl\u00e9 pour assurer la s\u00e9curit\u00e9 alimentaire du pays. Les soutiens de Tebboune soulignent les efforts d\u00e9j\u00e0 entrepris, notamment dans le sud du pays, pour d\u00e9velopper la production de bl\u00e9, de ma\u00efs et d&rsquo;autres produits agricoles. Le programme de Tebboune pr\u00e9voit \u00e9galement des r\u00e9formes institutionnelles, notamment au niveau local. Il promet de r\u00e9viser les lois r\u00e9gissant les communes et les wilayas (provinces) pour donner plus de pouvoirs aux \u00e9lus locaux. Cette d\u00e9centralisation vise \u00e0 am\u00e9liorer la gouvernance et \u00e0 rapprocher les d\u00e9cisions des citoyens. La lutte contre l&rsquo;immigration clandestine, appel\u00e9e \u00ab\u00a0Harga\u00a0\u00bb en Alg\u00e9rie, est un autre point soulev\u00e9 lors de cette campagne, notamment par le chef d&rsquo;El-Bina qui souligne que le candidat s&rsquo;engage \u00e0 traiter ce ph\u00e9nom\u00e8ne en redonnant espoir \u00e0 la jeunesse et en restaurant la confiance dans le pays. Le soutien au secteur culturel est \u00e9galement mentionn\u00e9, avec des promesses d&rsquo;am\u00e9liorer le statut des artistes et de leur accorder un soutien total.<\/p>\n\n\n\n<p>Chokri Hafed<\/p>\n","protected":false},"excerpt":{"rendered":"<p>Plusieurs organisations et personnalit\u00e9s politiques ont exprim\u00e9 hier, au 13e jour de campagne \u00e9lectorale pour la pr\u00e9sidentielle du 7 septembre,<\/p>\n","protected":false},"author":6,"featured_media":54408,"comment_status":"open","ping_status":"closed","sticky":false,"template":"","format":"standard","meta":{"colormag_page_container_layout":"default_layout","colormag_page_sidebar_layout":"default_layout","om_disable_all_campaigns":false,"_monsterinsights_skip_tracking":false,"_monsterinsights_sitenote_active":false,"_monsterinsights_sitenote_note":"","_monsterinsights_sitenote_category":0,"footnotes":"","_wpscppro_dont_share_socialmedia":false,"_wpscppro_custom_social_share_image":0,"_facebook_share_type":"default","_twitter_share_type":"default","_linkedin_share_type":"default","_pinterest_share_type":"default","_linkedin_share_type_page":"","_instagram_share_type":"default","_medium_share_type":"","_threads_share_type":"","_google_business_share_type":"","_selected_social_profile":[],"_wpsp_enable_custom_social_template":false,"_wpsp_social_scheduling":{"enabled":false,"datetime":null,"platforms":[],"status":"template_only","dateOption":"today","timeOption":"now","customDays":"","customHours":"","customDate":"","customTime":"","schedulingType":"absolute"},"_wpsp_active_default_template":true},"categories":[87],"tags":[],"class_list":["post-56272","post","type-post","status-publish","format-standard","has-post-thumbnail","hentry","category-presidentielle-2024"],"aioseo_notices":[],"yoast_head":"<!-- This site is optimized with the Yoast SEO plugin v27.5 - https:\/\/yoast.com\/product\/yoast-seo-wordpress\/ -->\n<title>L&rsquo;UNPA et la Tariqa Ta\u00efbia Touhamia affichent leur soutien \u00e0 Tebboune - La Sentinelle<\/title>\n<meta name=\"robots\" content=\"index, follow, max-snippet:-1, max-image-preview:large, max-video-preview:-1\" \/>\n<link rel=\"canonical\" href=\"https:\/\/lasentinelle.dz\/index.php\/2024\/08\/27\/lunpa-et-la-tariqa-taibia-touhamia-affichent-leur-soutien-a-tebboune\/\" \/>\n<meta property=\"og:locale\" content=\"fr_FR\" \/>\n<meta property=\"og:type\" content=\"article\" \/>\n<meta property=\"og:title\" content=\"L&rsquo;UNPA et la Tariqa Ta\u00efbia Touhamia affichent leur soutien \u00e0 Tebboune - La Sentinelle\" \/>\n<meta property=\"og:description\" content=\"Plusieurs organisations et personnalit\u00e9s politiques ont exprim\u00e9 hier, au 13e jour de campagne \u00e9lectorale pour la pr\u00e9sidentielle du 7 septembre,\" \/>\n<meta property=\"og:url\" content=\"https:\/\/lasentinelle.dz\/index.php\/2024\/08\/27\/lunpa-et-la-tariqa-taibia-touhamia-affichent-leur-soutien-a-tebboune\/\" \/>\n<meta property=\"og:site_name\" content=\"La Sentinelle\" \/>\n<meta property=\"article:publisher\" content=\"https:\/\/www.facebook.com\/La-Sentinelle-104059864394773\" \/>\n<meta property=\"article:published_time\" content=\"2024-08-27T20:49:53+00:00\" \/>\n<meta property=\"article:modified_time\" content=\"2024-08-27T20:49:54+00:00\" \/>\n<meta property=\"og:image\" content=\"https:\/\/lasentinelle.dz\/wp-content\/uploads\/2024\/07\/tebboune-1-e1720897216181.png\" \/>\n\t<meta property=\"og:image:width\" content=\"1231\" \/>\n\t<meta property=\"og:image:height\" content=\"693\" \/>\n\t<meta property=\"og:image:type\" content=\"image\/png\" \/>\n<meta name=\"author\" content=\"admin\" \/>\n<meta name=\"twitter:card\" content=\"summary_large_image\" \/>\n<meta name=\"twitter:label1\" content=\"\u00c9crit par\" \/>\n\t<meta name=\"twitter:data1\" content=\"admin\" \/>\n\t<meta name=\"twitter:label2\" content=\"Dur\u00e9e de lecture estim\u00e9e\" \/>\n\t<meta name=\"twitter:data2\" content=\"3 minutes\" \/>\n<script type=\"application\/ld+json\" class=\"yoast-schema-graph\">{\"@context\":\"https:\\\/\\\/schema.org\",\"@graph\":[{\"@type\":\"Article\",\"@id\":\"https:\\\/\\\/lasentinelle.dz\\\/index.php\\\/2024\\\/08\\\/27\\\/lunpa-et-la-tariqa-taibia-touhamia-affichent-leur-soutien-a-tebboune\\\/#article\",\"isPartOf\":{\"@id\":\"https:\\\/\\\/lasentinelle.dz\\\/index.php\\\/2024\\\/08\\\/27\\\/lunpa-et-la-tariqa-taibia-touhamia-affichent-leur-soutien-a-tebboune\\\/\"},\"author\":{\"name\":\"admin\",\"@id\":\"https:\\\/\\\/lasentinelle.dz\\\/#\\\/schema\\\/person\\\/729ee0024f24e0b8c5ec17232f8e8b41\"},\"headline\":\"L&rsquo;UNPA et la Tariqa Ta\u00efbia Touhamia affichent leur soutien \u00e0 Tebboune\",\"datePublished\":\"2024-08-27T20:49:53+00:00\",\"dateModified\":\"2024-08-27T20:49:54+00:00\",\"mainEntityOfPage\":{\"@id\":\"https:\\\/\\\/lasentinelle.dz\\\/index.php\\\/2024\\\/08\\\/27\\\/lunpa-et-la-tariqa-taibia-touhamia-affichent-leur-soutien-a-tebboune\\\/\"},\"wordCount\":631,\"commentCount\":0,\"publisher\":{\"@id\":\"https:\\\/\\\/lasentinelle.dz\\\/#organization\"},\"image\":{\"@id\":\"https:\\\/\\\/lasentinelle.dz\\\/index.php\\\/2024\\\/08\\\/27\\\/lunpa-et-la-tariqa-taibia-touhamia-affichent-leur-soutien-a-tebboune\\\/#primaryimage\"},\"thumbnailUrl\":\"https:\\\/\\\/lasentinelle.dz\\\/wp-content\\\/uploads\\\/2024\\\/07\\\/tebboune-1-e1720897216181.png\",\"articleSection\":[\"Pr\u00e9sidentielle 2024\"],\"inLanguage\":\"fr-FR\",\"potentialAction\":[{\"@type\":\"CommentAction\",\"name\":\"Comment\",\"target\":[\"https:\\\/\\\/lasentinelle.dz\\\/index.php\\\/2024\\\/08\\\/27\\\/lunpa-et-la-tariqa-taibia-touhamia-affichent-leur-soutien-a-tebboune\\\/#respond\"]}]},{\"@type\":\"WebPage\",\"@id\":\"https:\\\/\\\/lasentinelle.dz\\\/index.php\\\/2024\\\/08\\\/27\\\/lunpa-et-la-tariqa-taibia-touhamia-affichent-leur-soutien-a-tebboune\\\/\",\"url\":\"https:\\\/\\\/lasentinelle.dz\\\/index.php\\\/2024\\\/08\\\/27\\\/lunpa-et-la-tariqa-taibia-touhamia-affichent-leur-soutien-a-tebboune\\\/\",\"name\":\"L&rsquo;UNPA et la Tariqa Ta\u00efbia Touhamia affichent leur soutien \u00e0 Tebboune - La Sentinelle\",\"isPartOf\":{\"@id\":\"https:\\\/\\\/lasentinelle.dz\\\/#website\"},\"primaryImageOfPage\":{\"@id\":\"https:\\\/\\\/lasentinelle.dz\\\/index.php\\\/2024\\\/08\\\/27\\\/lunpa-et-la-tariqa-taibia-touhamia-affichent-leur-soutien-a-tebboune\\\/#primaryimage\"},\"image\":{\"@id\":\"https:\\\/\\\/lasentinelle.dz\\\/index.php\\\/2024\\\/08\\\/27\\\/lunpa-et-la-tariqa-taibia-touhamia-affichent-leur-soutien-a-tebboune\\\/#primaryimage\"},\"thumbnailUrl\":\"https:\\\/\\\/lasentinelle.dz\\\/wp-content\\\/uploads\\\/2024\\\/07\\\/tebboune-1-e1720897216181.png\",\"datePublished\":\"2024-08-27T20:49:53+00:00\",\"dateModified\":\"2024-08-27T20:49:54+00:00\",\"breadcrumb\":{\"@id\":\"https:\\\/\\\/lasentinelle.dz\\\/index.php\\\/2024\\\/08\\\/27\\\/lunpa-et-la-tariqa-taibia-touhamia-affichent-leur-soutien-a-tebboune\\\/#breadcrumb\"},\"inLanguage\":\"fr-FR\",\"potentialAction\":[{\"@type\":\"ReadAction\",\"target\":[\"https:\\\/\\\/lasentinelle.dz\\\/index.php\\\/2024\\\/08\\\/27\\\/lunpa-et-la-tariqa-taibia-touhamia-affichent-leur-soutien-a-tebboune\\\/\"]}]},{\"@type\":\"ImageObject\",\"inLanguage\":\"fr-FR\",\"@id\":\"https:\\\/\\\/lasentinelle.dz\\\/index.php\\\/2024\\\/08\\\/27\\\/lunpa-et-la-tariqa-taibia-touhamia-affichent-leur-soutien-a-tebboune\\\/#primaryimage\",\"url\":\"https:\\\/\\\/lasentinelle.dz\\\/wp-content\\\/uploads\\\/2024\\\/07\\\/tebboune-1-e1720897216181.png\",\"contentUrl\":\"https:\\\/\\\/lasentinelle.dz\\\/wp-content\\\/uploads\\\/2024\\\/07\\\/tebboune-1-e1720897216181.png\",\"width\":1231,\"height\":693},{\"@type\":\"BreadcrumbList\",\"@id\":\"https:\\\/\\\/lasentinelle.dz\\\/index.php\\\/2024\\\/08\\\/27\\\/lunpa-et-la-tariqa-taibia-touhamia-affichent-leur-soutien-a-tebboune\\\/#breadcrumb\",\"itemListElement\":[{\"@type\":\"ListItem\",\"position\":1,\"name\":\"Accueil\",\"item\":\"https:\\\/\\\/lasentinelle.dz\\\/\"},{\"@type\":\"ListItem\",\"position\":2,\"name\":\"L&rsquo;UNPA et la Tariqa Ta\u00efbia Touhamia affichent leur soutien \u00e0 Tebboune\"}]},{\"@type\":\"WebSite\",\"@id\":\"https:\\\/\\\/lasentinelle.dz\\\/#website\",\"url\":\"https:\\\/\\\/lasentinelle.dz\\\/\",\"name\":\"La Sentinelle\",\"description\":\"Quotidien national d&#039;information\",\"publisher\":{\"@id\":\"https:\\\/\\\/lasentinelle.dz\\\/#organization\"},\"potentialAction\":[{\"@type\":\"SearchAction\",\"target\":{\"@type\":\"EntryPoint\",\"urlTemplate\":\"https:\\\/\\\/lasentinelle.dz\\\/?s={search_term_string}\"},\"query-input\":{\"@type\":\"PropertyValueSpecification\",\"valueRequired\":true,\"valueName\":\"search_term_string\"}}],\"inLanguage\":\"fr-FR\"},{\"@type\":\"Organization\",\"@id\":\"https:\\\/\\\/lasentinelle.dz\\\/#organization\",\"name\":\"Quotidien La Sentinelle\",\"url\":\"https:\\\/\\\/lasentinelle.dz\\\/\",\"logo\":{\"@type\":\"ImageObject\",\"inLanguage\":\"fr-FR\",\"@id\":\"https:\\\/\\\/lasentinelle.dz\\\/#\\\/schema\\\/logo\\\/image\\\/\",\"url\":\"https:\\\/\\\/lasentinelle.dz\\\/wp-content\\\/uploads\\\/2021\\\/09\\\/logo-sentinelleSLOGAN-1.png\",\"contentUrl\":\"https:\\\/\\\/lasentinelle.dz\\\/wp-content\\\/uploads\\\/2021\\\/09\\\/logo-sentinelleSLOGAN-1.png\",\"width\":615,\"height\":142,\"caption\":\"Quotidien La Sentinelle\"},\"image\":{\"@id\":\"https:\\\/\\\/lasentinelle.dz\\\/#\\\/schema\\\/logo\\\/image\\\/\"},\"sameAs\":[\"https:\\\/\\\/www.facebook.com\\\/La-Sentinelle-104059864394773\"]},{\"@type\":\"Person\",\"@id\":\"https:\\\/\\\/lasentinelle.dz\\\/#\\\/schema\\\/person\\\/729ee0024f24e0b8c5ec17232f8e8b41\",\"name\":\"admin\",\"image\":{\"@type\":\"ImageObject\",\"inLanguage\":\"fr-FR\",\"@id\":\"https:\\\/\\\/secure.gravatar.com\\\/avatar\\\/4c81fed838786e9b53f540bf46533e750f5d292099ae3b66cfc6fb1982e29df7?s=96&d=mm&r=g\",\"url\":\"https:\\\/\\\/secure.gravatar.com\\\/avatar\\\/4c81fed838786e9b53f540bf46533e750f5d292099ae3b66cfc6fb1982e29df7?s=96&d=mm&r=g\",\"contentUrl\":\"https:\\\/\\\/secure.gravatar.com\\\/avatar\\\/4c81fed838786e9b53f540bf46533e750f5d292099ae3b66cfc6fb1982e29df7?s=96&d=mm&r=g\",\"caption\":\"admin\"},\"description\":\"admin\",\"url\":\"https:\\\/\\\/lasentinelle.dz\\\/author\\\/admin\\\/\"}]}<\/script>\n<!-- \/ Yoast SEO plugin. -->","yoast_head_json":{"title":"L&rsquo;UNPA et la Tariqa Ta\u00efbia Touhamia affichent leur soutien \u00e0 Tebboune - La Sentinelle","robots":{"index":"index","follow":"follow","max-snippet":"max-snippet:-1","max-image-preview":"max-image-preview:large","max-video-preview":"max-video-preview:-1"},"canonical":"https:\/\/lasentinelle.dz\/index.php\/2024\/08\/27\/lunpa-et-la-tariqa-taibia-touhamia-affichent-leur-soutien-a-tebboune\/","og_locale":"fr_FR","og_type":"article","og_title":"L&rsquo;UNPA et la Tariqa Ta\u00efbia Touhamia affichent leur soutien \u00e0 Tebboune - La Sentinelle","og_description":"Plusieurs organisations et personnalit\u00e9s politiques ont exprim\u00e9 hier, au 13e jour de campagne \u00e9lectorale pour la pr\u00e9sidentielle du 7 septembre,","og_url":"https:\/\/lasentinelle.dz\/index.php\/2024\/08\/27\/lunpa-et-la-tariqa-taibia-touhamia-affichent-leur-soutien-a-tebboune\/","og_site_name":"La Sentinelle","article_publisher":"https:\/\/www.facebook.com\/La-Sentinelle-104059864394773","article_published_time":"2024-08-27T20:49:53+00:00","article_modified_time":"2024-08-27T20:49:54+00:00","og_image":[{"width":1231,"height":693,"url":"https:\/\/lasentinelle.dz\/wp-content\/uploads\/2024\/07\/tebboune-1-e1720897216181.png","type":"image\/png"}],"author":"admin","twitter_card":"summary_large_image","twitter_misc":{"\u00c9crit par":"admin","Dur\u00e9e de lecture estim\u00e9e":"3 minutes"},"schema":{"@context":"https:\/\/schema.org","@graph":[{"@type":"Article","@id":"https:\/\/lasentinelle.dz\/index.php\/2024\/08\/27\/lunpa-et-la-tariqa-taibia-touhamia-affichent-leur-soutien-a-tebboune\/#article","isPartOf":{"@id":"https:\/\/lasentinelle.dz\/index.php\/2024\/08\/27\/lunpa-et-la-tariqa-taibia-touhamia-affichent-leur-soutien-a-tebboune\/"},"author":{"name":"admin","@id":"https:\/\/lasentinelle.dz\/#\/schema\/person\/729ee0024f24e0b8c5ec17232f8e8b41"},"headline":"L&rsquo;UNPA et la Tariqa Ta\u00efbia Touhamia affichent leur soutien \u00e0 Tebboune","datePublished":"2024-08-27T20:49:53+00:00","dateModified":"2024-08-27T20:49:54+00:00","mainEntityOfPage":{"@id":"https:\/\/lasentinelle.dz\/index.php\/2024\/08\/27\/lunpa-et-la-tariqa-taibia-touhamia-affichent-leur-soutien-a-tebboune\/"},"wordCount":631,"commentCount":0,"publisher":{"@id":"https:\/\/lasentinelle.dz\/#organization"},"image":{"@id":"https:\/\/lasentinelle.dz\/index.php\/2024\/08\/27\/lunpa-et-la-tariqa-taibia-touhamia-affichent-leur-soutien-a-tebboune\/#primaryimage"},"thumbnailUrl":"https:\/\/lasentinelle.dz\/wp-content\/uploads\/2024\/07\/tebboune-1-e1720897216181.png","articleSection":["Pr\u00e9sidentielle 2024"],"inLanguage":"fr-FR","potentialAction":[{"@type":"CommentAction","name":"Comment","target":["https:\/\/lasentinelle.dz\/index.php\/2024\/08\/27\/lunpa-et-la-tariqa-taibia-touhamia-affichent-leur-soutien-a-tebboune\/#respond"]}]},{"@type":"WebPage","@id":"https:\/\/lasentinelle.dz\/index.php\/2024\/08\/27\/lunpa-et-la-tariqa-taibia-touhamia-affichent-leur-soutien-a-tebboune\/","url":"https:\/\/lasentinelle.dz\/index.php\/2024\/08\/27\/lunpa-et-la-tariqa-taibia-touhamia-affichent-leur-soutien-a-tebboune\/","name":"L&rsquo;UNPA et la Tariqa Ta\u00efbia Touhamia affichent leur soutien \u00e0 Tebboune - La Sentinelle","isPartOf":{"@id":"https:\/\/lasentinelle.dz\/#website"},"primaryImageOfPage":{"@id":"https:\/\/lasentinelle.dz\/index.php\/2024\/08\/27\/lunpa-et-la-tariqa-taibia-touhamia-affichent-leur-soutien-a-tebboune\/#primaryimage"},"image":{"@id":"https:\/\/lasentinelle.dz\/index.php\/2024\/08\/27\/lunpa-et-la-tariqa-taibia-touhamia-affichent-leur-soutien-a-tebboune\/#primaryimage"},"thumbnailUrl":"https:\/\/lasentinelle.dz\/wp-content\/uploads\/2024\/07\/tebboune-1-e1720897216181.png","datePublished":"2024-08-27T20:49:53+00:00","dateModified":"2024-08-27T20:49:54+00:00","breadcrumb":{"@id":"https:\/\/lasentinelle.dz\/index.php\/2024\/08\/27\/lunpa-et-la-tariqa-taibia-touhamia-affichent-leur-soutien-a-tebboune\/#breadcrumb"},"inLanguage":"fr-FR","potentialAction":[{"@type":"ReadAction","target":["https:\/\/lasentinelle.dz\/index.php\/2024\/08\/27\/lunpa-et-la-tariqa-taibia-touhamia-affichent-leur-soutien-a-tebboune\/"]}]},{"@type":"ImageObject","inLanguage":"fr-FR","@id":"https:\/\/lasentinelle.dz\/index.php\/2024\/08\/27\/lunpa-et-la-tariqa-taibia-touhamia-affichent-leur-soutien-a-tebboune\/#primaryimage","url":"https:\/\/lasentinelle.dz\/wp-content\/uploads\/2024\/07\/tebboune-1-e1720897216181.png","contentUrl":"https:\/\/lasentinelle.dz\/wp-content\/uploads\/2024\/07\/tebboune-1-e1720897216181.png","width":1231,"height":693},{"@type":"BreadcrumbList","@id":"https:\/\/lasentinelle.dz\/index.php\/2024\/08\/27\/lunpa-et-la-tariqa-taibia-touhamia-affichent-leur-soutien-a-tebboune\/#breadcrumb","itemListElement":[{"@type":"ListItem","position":1,"name":"Accueil","item":"https:\/\/lasentinelle.dz\/"},{"@type":"ListItem","position":2,"name":"L&rsquo;UNPA et la Tariqa Ta\u00efbia Touhamia affichent leur soutien \u00e0 Tebboune"}]},{"@type":"WebSite","@id":"https:\/\/lasentinelle.dz\/#website","url":"https:\/\/lasentinelle.dz\/","name":"La Sentinelle","description":"Quotidien national d&#039;information","publisher":{"@id":"https:\/\/lasentinelle.dz\/#organization"},"potentialAction":[{"@type":"SearchAction","target":{"@type":"EntryPoint","urlTemplate":"https:\/\/lasentinelle.dz\/?s={search_term_string}"},"query-input":{"@type":"PropertyValueSpecification","valueRequired":true,"valueName":"search_term_string"}}],"inLanguage":"fr-FR"},{"@type":"Organization","@id":"https:\/\/lasentinelle.dz\/#organization","name":"Quotidien La Sentinelle","url":"https:\/\/lasentinelle.dz\/","logo":{"@type":"ImageObject","inLanguage":"fr-FR","@id":"https:\/\/lasentinelle.dz\/#\/schema\/logo\/image\/","url":"https:\/\/lasentinelle.dz\/wp-content\/uploads\/2021\/09\/logo-sentinelleSLOGAN-1.png","contentUrl":"https:\/\/lasentinelle.dz\/wp-content\/uploads\/2021\/09\/logo-sentinelleSLOGAN-1.png","width":615,"height":142,"caption":"Quotidien La Sentinelle"},"image":{"@id":"https:\/\/lasentinelle.dz\/#\/schema\/logo\/image\/"},"sameAs":["https:\/\/www.facebook.com\/La-Sentinelle-104059864394773"]},{"@type":"Person","@id":"https:\/\/lasentinelle.dz\/#\/schema\/person\/729ee0024f24e0b8c5ec17232f8e8b41","name":"admin","image":{"@type":"ImageObject","inLanguage":"fr-FR","@id":"https:\/\/secure.gravatar.com\/avatar\/4c81fed838786e9b53f540bf46533e750f5d292099ae3b66cfc6fb1982e29df7?s=96&d=mm&r=g","url":"https:\/\/secure.gravatar.com\/avatar\/4c81fed838786e9b53f540bf46533e750f5d292099ae3b66cfc6fb1982e29df7?s=96&d=mm&r=g","contentUrl":"https:\/\/secure.gravatar.com\/avatar\/4c81fed838786e9b53f540bf46533e750f5d292099ae3b66cfc6fb1982e29df7?s=96&d=mm&r=g","caption":"admin"},"description":"admin","url":"https:\/\/lasentinelle.dz\/author\/admin\/"}]}},"_links":{"self":[{"href":"https:\/\/lasentinelle.dz\/index.php\/wp-json\/wp\/v2\/posts\/56272","targetHints":{"allow":["GET"]}}],"collection":[{"href":"https:\/\/lasentinelle.dz\/index.php\/wp-json\/wp\/v2\/posts"}],"about":[{"href":"https:\/\/lasentinelle.dz\/index.php\/wp-json\/wp\/v2\/types\/post"}],"author":[{"embeddable":true,"href":"https:\/\/lasentinelle.dz\/index.php\/wp-json\/wp\/v2\/users\/6"}],"replies":[{"embeddable":true,"href":"https:\/\/lasentinelle.dz\/index.php\/wp-json\/wp\/v2\/comments?post=56272"}],"version-history":[{"count":2,"href":"https:\/\/lasentinelle.dz\/index.php\/wp-json\/wp\/v2\/posts\/56272\/revisions"}],"predecessor-version":[{"id":56274,"href":"https:\/\/lasentinelle.dz\/index.php\/wp-json\/wp\/v2\/posts\/56272\/revisions\/56274"}],"wp:featuredmedia":[{"embeddable":true,"href":"https:\/\/lasentinelle.dz\/index.php\/wp-json\/wp\/v2\/media\/54408"}],"wp:attachment":[{"href":"https:\/\/lasentinelle.dz\/index.php\/wp-json\/wp\/v2\/media?parent=56272"}],"wp:term":[{"taxonomy":"category","embeddable":true,"href":"https:\/\/lasentinelle.dz\/index.php\/wp-json\/wp\/v2\/categories?post=56272"},{"taxonomy":"post_tag","embeddable":true,"href":"https:\/\/lasentinelle.dz\/index.php\/wp-json\/wp\/v2\/tags?post=56272"}],"curies":[{"name":"wp","href":"https:\/\/api.w.org\/{rel}","templated":true}]}}