{"id":56299,"date":"2024-08-26T22:00:52","date_gmt":"2024-08-26T21:00:52","guid":{"rendered":"https:\/\/lasentinelle.dz\/?p=56299"},"modified":"2024-08-27T22:01:32","modified_gmt":"2024-08-27T21:01:32","slug":"caf-le-stade-de-douera-homologue","status":"publish","type":"post","link":"https:\/\/lasentinelle.dz\/index.php\/2024\/08\/26\/caf-le-stade-de-douera-homologue\/","title":{"rendered":"CAF : Le stade de Douera homologu\u00e9"},"content":{"rendered":"\n<p>&nbsp;Le nouveau stade de Douera (Ouest d&rsquo;Alger) d&rsquo;une capacit\u00e9 de 40.000 places, baptis\u00e9 du nom du \u00ab\u00a0Chahid Ali Ammar dit Ali la Pointe\u00a0\u00bb, vient d&rsquo;\u00eatre officiellement homologu\u00e9 par la Conf\u00e9d\u00e9ration Africaine de football (CAF) et pourra abriter les matchs des comp\u00e9titions CAF et FIFA, a indiqu\u00e9 hier la F\u00e9d\u00e9ration alg\u00e9rienne de football (FAF) dans un communiqu\u00e9 sur son site officiel.<\/p>\n\n\n\n<p>Dans sa correspondance envoy\u00e9e \u00e0 la F\u00e9d\u00e9ration alg\u00e9rienne de football, la CAF a profit\u00e9 de l&rsquo;occasion pour \u00ab\u00a0f\u00e9liciter les responsables du stade et la FAF pour les remarquables travaux r\u00e9alis\u00e9s dans cette enceinte la pla\u00e7ant comme l&rsquo;une des meilleures dans notre continent\u00a0\u00bb, a \u00e9crit l&rsquo;instance africaine. L&rsquo;exploitation du nouveau stade de Douera est attribu\u00e9e au Mouloudia club d&rsquo;Alger (MCA), selon le d\u00e9cret pr\u00e9sidentiel n 23-385 du 15 Rabie Ethani 1445 correspondant au 30 octobre 2023, paru au Journal officiel N.69, rappellent-on. En vertu dudit d\u00e9cret, le MC Alger \u00ab\u00a0doit assurer la bonne gestion de l&rsquo;infrastructure sportive, et de veiller \u00e0 son entretien et \u00e0 sa maintenance. Il est, \u00e9galement, tenu au respect des normes techniques et de s\u00e9curit\u00e9 y aff\u00e9rentes, conform\u00e9ment aux sp\u00e9cifications pr\u00e9vues par la r\u00e9glementation en vigueur\u00a0\u00bb. \u00ab\u00a0Dans le cadre de l&rsquo;organisation des comp\u00e9titions sportives nationales, continentales et internationales, le MCA peut mettre avec contrepartie les installations de l&rsquo;infrastructure sportive, \u00e0 la disposition de la F\u00e9d\u00e9ration alg\u00e9rienne de football et des autres organisations sportives, suivant des r\u00e8gles fix\u00e9es par la convention d&rsquo;exploitation\u00a0\u00bb, ajoute le texte.<\/p>\n\n\n\n<p>Notons qu&rsquo;avec cette nouvelle homologation, l\u2019Alg\u00e9rie de dispose d\u00e9sormais de 7 stades homologu\u00e9s et d\u00e9passe ainsi l\u2019\u00c9gypte et le Maroc. Outre le stade de Douera et le stade de Tizi-Ouzou, r\u00e9cemment homologu\u00e9, &nbsp;le pays dispose de cinq autres enceintes d\u00e9j\u00e0 homologu\u00e9es : le 5-Juillet et Nelson-Mandela \u00e0 Alger, le Chahid-Hamlaoui \u00e0 Constantine, le 19-Mai \u00e0 Annaba, et le Miloud-Hadhefi \u00e0 Oran.<\/p>\n\n\n\n<p>Cette dynamique s\u2019inscrit dans une strat\u00e9gie plus large de d\u00e9veloppement des infrastructures sportives \u00e0 l\u2019\u00e9chelle nationale. Le pr\u00e9sident de la R\u00e9publique, Abdelmadjid Tebboune a notamment annonc\u00e9 des projets de construction de grands stades \u00e0 B\u00e9char et Ouargla, renfor\u00e7ant ainsi la pr\u00e9sence d\u2019installations modernes dans les r\u00e9gions du sud du pays. Cette politique ambitieuse vise non seulement \u00e0 am\u00e9liorer les conditions de pratique du sport de haut niveau en Alg\u00e9rie, mais aussi \u00e0 positionner le pays comme une destination potentielle pour l\u2019organisation de grands \u00e9v\u00e9nements sportifs continentaux et internationaux. L\u2019augmentation du nombre de stades homologu\u00e9s par la CAF aura des r\u00e9percussions positives sur le football alg\u00e9rien. Les clubs qualifi\u00e9s pour les comp\u00e9titions africaines, comme le MC Alger et le CR Belouizdad en Ligue des Champions, ou l\u2019USM Alger et le CS Constantine en Coupe de la CAF, b\u00e9n\u00e9ficieont d\u2019installations de premier plan pour leurs matches \u00e0 domicile. Gr\u00e2ce \u00e0 sa politique volontariste en mati\u00e8re d\u2019infrastructures sportives, l\u2019Alg\u00e9rie, s\u2019impose comme un acteur incontournable du football africain. Avec sept stades homologu\u00e9s, le pays se positionne strat\u00e9giquement pour jouer un r\u00f4le majeur dans l\u2019organisation des futures comp\u00e9titions continentales, tout en offrant \u00e0 ses clubs et \u00e0 ses supporters des conditions optimales pour la pratique et le spectacle du football.<\/p>\n\n\n\n<p>Moncef Dahleb<\/p>\n","protected":false},"excerpt":{"rendered":"<p>&nbsp;Le nouveau stade de Douera (Ouest d&rsquo;Alger) d&rsquo;une capacit\u00e9 de 40.000 places, baptis\u00e9 du nom du \u00ab\u00a0Chahid Ali Ammar dit<\/p>\n","protected":false},"author":6,"featured_media":56300,"comment_status":"open","ping_status":"closed","sticky":false,"template":"","format":"standard","meta":{"colormag_page_container_layout":"default_layout","colormag_page_sidebar_layout":"default_layout","om_disable_all_campaigns":false,"_monsterinsights_skip_tracking":false,"_monsterinsights_sitenote_active":false,"_monsterinsights_sitenote_note":"","_monsterinsights_sitenote_category":0,"footnotes":"","_wpscppro_dont_share_socialmedia":false,"_wpscppro_custom_social_share_image":0,"_facebook_share_type":"default","_twitter_share_type":"default","_linkedin_share_type":"default","_pinterest_share_type":"default","_linkedin_share_type_page":"","_instagram_share_type":"default","_medium_share_type":"","_threads_share_type":"","_google_business_share_type":"","_selected_social_profile":[],"_wpsp_enable_custom_social_template":false,"_wpsp_social_scheduling":{"enabled":false,"datetime":null,"platforms":[],"status":"template_only","dateOption":"today","timeOption":"now","customDays":"","customHours":"","customDate":"","customTime":"","schedulingType":"absolute"},"_wpsp_active_default_template":true},"categories":[33],"tags":[],"class_list":["post-56299","post","type-post","status-publish","format-standard","has-post-thumbnail","hentry","category-sports"],"aioseo_notices":[],"yoast_head":"<!-- This site is optimized with the Yoast SEO plugin v27.5 - https:\/\/yoast.com\/product\/yoast-seo-wordpress\/ -->\n<title>CAF : Le stade de Douera homologu\u00e9 - La Sentinelle<\/title>\n<meta name=\"robots\" content=\"index, follow, max-snippet:-1, max-image-preview:large, max-video-preview:-1\" \/>\n<link rel=\"canonical\" href=\"https:\/\/lasentinelle.dz\/index.php\/2024\/08\/26\/caf-le-stade-de-douera-homologue\/\" \/>\n<meta property=\"og:locale\" content=\"fr_FR\" \/>\n<meta property=\"og:type\" content=\"article\" \/>\n<meta property=\"og:title\" content=\"CAF : Le stade de Douera homologu\u00e9 - La Sentinelle\" \/>\n<meta property=\"og:description\" content=\"&nbsp;Le nouveau stade de Douera (Ouest d&rsquo;Alger) d&rsquo;une capacit\u00e9 de 40.000 places, baptis\u00e9 du nom du \u00ab\u00a0Chahid Ali Ammar dit\" \/>\n<meta property=\"og:url\" content=\"https:\/\/lasentinelle.dz\/index.php\/2024\/08\/26\/caf-le-stade-de-douera-homologue\/\" \/>\n<meta property=\"og:site_name\" content=\"La Sentinelle\" \/>\n<meta property=\"article:publisher\" content=\"https:\/\/www.facebook.com\/La-Sentinelle-104059864394773\" \/>\n<meta property=\"article:published_time\" content=\"2024-08-26T21:00:52+00:00\" \/>\n<meta property=\"article:modified_time\" content=\"2024-08-27T21:01:32+00:00\" \/>\n<meta property=\"og:image\" content=\"https:\/\/lasentinelle.dz\/wp-content\/uploads\/2024\/08\/stade-de-douera.jpg\" \/>\n\t<meta property=\"og:image:width\" content=\"1000\" \/>\n\t<meta property=\"og:image:height\" content=\"467\" \/>\n\t<meta property=\"og:image:type\" content=\"image\/jpeg\" \/>\n<meta name=\"author\" content=\"admin\" \/>\n<meta name=\"twitter:card\" content=\"summary_large_image\" \/>\n<meta name=\"twitter:label1\" content=\"\u00c9crit par\" \/>\n\t<meta name=\"twitter:data1\" content=\"admin\" \/>\n\t<meta name=\"twitter:label2\" content=\"Dur\u00e9e de lecture estim\u00e9e\" \/>\n\t<meta name=\"twitter:data2\" content=\"3 minutes\" \/>\n<script type=\"application\/ld+json\" class=\"yoast-schema-graph\">{\"@context\":\"https:\\\/\\\/schema.org\",\"@graph\":[{\"@type\":\"Article\",\"@id\":\"https:\\\/\\\/lasentinelle.dz\\\/index.php\\\/2024\\\/08\\\/26\\\/caf-le-stade-de-douera-homologue\\\/#article\",\"isPartOf\":{\"@id\":\"https:\\\/\\\/lasentinelle.dz\\\/index.php\\\/2024\\\/08\\\/26\\\/caf-le-stade-de-douera-homologue\\\/\"},\"author\":{\"name\":\"admin\",\"@id\":\"https:\\\/\\\/lasentinelle.dz\\\/#\\\/schema\\\/person\\\/729ee0024f24e0b8c5ec17232f8e8b41\"},\"headline\":\"CAF : Le stade de Douera homologu\u00e9\",\"datePublished\":\"2024-08-26T21:00:52+00:00\",\"dateModified\":\"2024-08-27T21:01:32+00:00\",\"mainEntityOfPage\":{\"@id\":\"https:\\\/\\\/lasentinelle.dz\\\/index.php\\\/2024\\\/08\\\/26\\\/caf-le-stade-de-douera-homologue\\\/\"},\"wordCount\":578,\"commentCount\":0,\"publisher\":{\"@id\":\"https:\\\/\\\/lasentinelle.dz\\\/#organization\"},\"image\":{\"@id\":\"https:\\\/\\\/lasentinelle.dz\\\/index.php\\\/2024\\\/08\\\/26\\\/caf-le-stade-de-douera-homologue\\\/#primaryimage\"},\"thumbnailUrl\":\"https:\\\/\\\/lasentinelle.dz\\\/wp-content\\\/uploads\\\/2024\\\/08\\\/stade-de-douera.jpg\",\"articleSection\":[\"Sports\"],\"inLanguage\":\"fr-FR\",\"potentialAction\":[{\"@type\":\"CommentAction\",\"name\":\"Comment\",\"target\":[\"https:\\\/\\\/lasentinelle.dz\\\/index.php\\\/2024\\\/08\\\/26\\\/caf-le-stade-de-douera-homologue\\\/#respond\"]}]},{\"@type\":\"WebPage\",\"@id\":\"https:\\\/\\\/lasentinelle.dz\\\/index.php\\\/2024\\\/08\\\/26\\\/caf-le-stade-de-douera-homologue\\\/\",\"url\":\"https:\\\/\\\/lasentinelle.dz\\\/index.php\\\/2024\\\/08\\\/26\\\/caf-le-stade-de-douera-homologue\\\/\",\"name\":\"CAF : Le stade de Douera homologu\u00e9 - La Sentinelle\",\"isPartOf\":{\"@id\":\"https:\\\/\\\/lasentinelle.dz\\\/#website\"},\"primaryImageOfPage\":{\"@id\":\"https:\\\/\\\/lasentinelle.dz\\\/index.php\\\/2024\\\/08\\\/26\\\/caf-le-stade-de-douera-homologue\\\/#primaryimage\"},\"image\":{\"@id\":\"https:\\\/\\\/lasentinelle.dz\\\/index.php\\\/2024\\\/08\\\/26\\\/caf-le-stade-de-douera-homologue\\\/#primaryimage\"},\"thumbnailUrl\":\"https:\\\/\\\/lasentinelle.dz\\\/wp-content\\\/uploads\\\/2024\\\/08\\\/stade-de-douera.jpg\",\"datePublished\":\"2024-08-26T21:00:52+00:00\",\"dateModified\":\"2024-08-27T21:01:32+00:00\",\"breadcrumb\":{\"@id\":\"https:\\\/\\\/lasentinelle.dz\\\/index.php\\\/2024\\\/08\\\/26\\\/caf-le-stade-de-douera-homologue\\\/#breadcrumb\"},\"inLanguage\":\"fr-FR\",\"potentialAction\":[{\"@type\":\"ReadAction\",\"target\":[\"https:\\\/\\\/lasentinelle.dz\\\/index.php\\\/2024\\\/08\\\/26\\\/caf-le-stade-de-douera-homologue\\\/\"]}]},{\"@type\":\"ImageObject\",\"inLanguage\":\"fr-FR\",\"@id\":\"https:\\\/\\\/lasentinelle.dz\\\/index.php\\\/2024\\\/08\\\/26\\\/caf-le-stade-de-douera-homologue\\\/#primaryimage\",\"url\":\"https:\\\/\\\/lasentinelle.dz\\\/wp-content\\\/uploads\\\/2024\\\/08\\\/stade-de-douera.jpg\",\"contentUrl\":\"https:\\\/\\\/lasentinelle.dz\\\/wp-content\\\/uploads\\\/2024\\\/08\\\/stade-de-douera.jpg\",\"width\":1000,\"height\":467},{\"@type\":\"BreadcrumbList\",\"@id\":\"https:\\\/\\\/lasentinelle.dz\\\/index.php\\\/2024\\\/08\\\/26\\\/caf-le-stade-de-douera-homologue\\\/#breadcrumb\",\"itemListElement\":[{\"@type\":\"ListItem\",\"position\":1,\"name\":\"Accueil\",\"item\":\"https:\\\/\\\/lasentinelle.dz\\\/\"},{\"@type\":\"ListItem\",\"position\":2,\"name\":\"CAF : Le stade de Douera homologu\u00e9\"}]},{\"@type\":\"WebSite\",\"@id\":\"https:\\\/\\\/lasentinelle.dz\\\/#website\",\"url\":\"https:\\\/\\\/lasentinelle.dz\\\/\",\"name\":\"La Sentinelle\",\"description\":\"Quotidien national d&#039;information\",\"publisher\":{\"@id\":\"https:\\\/\\\/lasentinelle.dz\\\/#organization\"},\"potentialAction\":[{\"@type\":\"SearchAction\",\"target\":{\"@type\":\"EntryPoint\",\"urlTemplate\":\"https:\\\/\\\/lasentinelle.dz\\\/?s={search_term_string}\"},\"query-input\":{\"@type\":\"PropertyValueSpecification\",\"valueRequired\":true,\"valueName\":\"search_term_string\"}}],\"inLanguage\":\"fr-FR\"},{\"@type\":\"Organization\",\"@id\":\"https:\\\/\\\/lasentinelle.dz\\\/#organization\",\"name\":\"Quotidien La Sentinelle\",\"url\":\"https:\\\/\\\/lasentinelle.dz\\\/\",\"logo\":{\"@type\":\"ImageObject\",\"inLanguage\":\"fr-FR\",\"@id\":\"https:\\\/\\\/lasentinelle.dz\\\/#\\\/schema\\\/logo\\\/image\\\/\",\"url\":\"https:\\\/\\\/lasentinelle.dz\\\/wp-content\\\/uploads\\\/2021\\\/09\\\/logo-sentinelleSLOGAN-1.png\",\"contentUrl\":\"https:\\\/\\\/lasentinelle.dz\\\/wp-content\\\/uploads\\\/2021\\\/09\\\/logo-sentinelleSLOGAN-1.png\",\"width\":615,\"height\":142,\"caption\":\"Quotidien La Sentinelle\"},\"image\":{\"@id\":\"https:\\\/\\\/lasentinelle.dz\\\/#\\\/schema\\\/logo\\\/image\\\/\"},\"sameAs\":[\"https:\\\/\\\/www.facebook.com\\\/La-Sentinelle-104059864394773\"]},{\"@type\":\"Person\",\"@id\":\"https:\\\/\\\/lasentinelle.dz\\\/#\\\/schema\\\/person\\\/729ee0024f24e0b8c5ec17232f8e8b41\",\"name\":\"admin\",\"image\":{\"@type\":\"ImageObject\",\"inLanguage\":\"fr-FR\",\"@id\":\"https:\\\/\\\/secure.gravatar.com\\\/avatar\\\/4c81fed838786e9b53f540bf46533e750f5d292099ae3b66cfc6fb1982e29df7?s=96&d=mm&r=g\",\"url\":\"https:\\\/\\\/secure.gravatar.com\\\/avatar\\\/4c81fed838786e9b53f540bf46533e750f5d292099ae3b66cfc6fb1982e29df7?s=96&d=mm&r=g\",\"contentUrl\":\"https:\\\/\\\/secure.gravatar.com\\\/avatar\\\/4c81fed838786e9b53f540bf46533e750f5d292099ae3b66cfc6fb1982e29df7?s=96&d=mm&r=g\",\"caption\":\"admin\"},\"description\":\"admin\",\"url\":\"https:\\\/\\\/lasentinelle.dz\\\/author\\\/admin\\\/\"}]}<\/script>\n<!-- \/ Yoast SEO plugin. -->","yoast_head_json":{"title":"CAF : Le stade de Douera homologu\u00e9 - La Sentinelle","robots":{"index":"index","follow":"follow","max-snippet":"max-snippet:-1","max-image-preview":"max-image-preview:large","max-video-preview":"max-video-preview:-1"},"canonical":"https:\/\/lasentinelle.dz\/index.php\/2024\/08\/26\/caf-le-stade-de-douera-homologue\/","og_locale":"fr_FR","og_type":"article","og_title":"CAF : Le stade de Douera homologu\u00e9 - La Sentinelle","og_description":"&nbsp;Le nouveau stade de Douera (Ouest d&rsquo;Alger) d&rsquo;une capacit\u00e9 de 40.000 places, baptis\u00e9 du nom du \u00ab\u00a0Chahid Ali Ammar dit","og_url":"https:\/\/lasentinelle.dz\/index.php\/2024\/08\/26\/caf-le-stade-de-douera-homologue\/","og_site_name":"La Sentinelle","article_publisher":"https:\/\/www.facebook.com\/La-Sentinelle-104059864394773","article_published_time":"2024-08-26T21:00:52+00:00","article_modified_time":"2024-08-27T21:01:32+00:00","og_image":[{"width":1000,"height":467,"url":"https:\/\/lasentinelle.dz\/wp-content\/uploads\/2024\/08\/stade-de-douera.jpg","type":"image\/jpeg"}],"author":"admin","twitter_card":"summary_large_image","twitter_misc":{"\u00c9crit par":"admin","Dur\u00e9e de lecture estim\u00e9e":"3 minutes"},"schema":{"@context":"https:\/\/schema.org","@graph":[{"@type":"Article","@id":"https:\/\/lasentinelle.dz\/index.php\/2024\/08\/26\/caf-le-stade-de-douera-homologue\/#article","isPartOf":{"@id":"https:\/\/lasentinelle.dz\/index.php\/2024\/08\/26\/caf-le-stade-de-douera-homologue\/"},"author":{"name":"admin","@id":"https:\/\/lasentinelle.dz\/#\/schema\/person\/729ee0024f24e0b8c5ec17232f8e8b41"},"headline":"CAF : Le stade de Douera homologu\u00e9","datePublished":"2024-08-26T21:00:52+00:00","dateModified":"2024-08-27T21:01:32+00:00","mainEntityOfPage":{"@id":"https:\/\/lasentinelle.dz\/index.php\/2024\/08\/26\/caf-le-stade-de-douera-homologue\/"},"wordCount":578,"commentCount":0,"publisher":{"@id":"https:\/\/lasentinelle.dz\/#organization"},"image":{"@id":"https:\/\/lasentinelle.dz\/index.php\/2024\/08\/26\/caf-le-stade-de-douera-homologue\/#primaryimage"},"thumbnailUrl":"https:\/\/lasentinelle.dz\/wp-content\/uploads\/2024\/08\/stade-de-douera.jpg","articleSection":["Sports"],"inLanguage":"fr-FR","potentialAction":[{"@type":"CommentAction","name":"Comment","target":["https:\/\/lasentinelle.dz\/index.php\/2024\/08\/26\/caf-le-stade-de-douera-homologue\/#respond"]}]},{"@type":"WebPage","@id":"https:\/\/lasentinelle.dz\/index.php\/2024\/08\/26\/caf-le-stade-de-douera-homologue\/","url":"https:\/\/lasentinelle.dz\/index.php\/2024\/08\/26\/caf-le-stade-de-douera-homologue\/","name":"CAF : Le stade de Douera homologu\u00e9 - La Sentinelle","isPartOf":{"@id":"https:\/\/lasentinelle.dz\/#website"},"primaryImageOfPage":{"@id":"https:\/\/lasentinelle.dz\/index.php\/2024\/08\/26\/caf-le-stade-de-douera-homologue\/#primaryimage"},"image":{"@id":"https:\/\/lasentinelle.dz\/index.php\/2024\/08\/26\/caf-le-stade-de-douera-homologue\/#primaryimage"},"thumbnailUrl":"https:\/\/lasentinelle.dz\/wp-content\/uploads\/2024\/08\/stade-de-douera.jpg","datePublished":"2024-08-26T21:00:52+00:00","dateModified":"2024-08-27T21:01:32+00:00","breadcrumb":{"@id":"https:\/\/lasentinelle.dz\/index.php\/2024\/08\/26\/caf-le-stade-de-douera-homologue\/#breadcrumb"},"inLanguage":"fr-FR","potentialAction":[{"@type":"ReadAction","target":["https:\/\/lasentinelle.dz\/index.php\/2024\/08\/26\/caf-le-stade-de-douera-homologue\/"]}]},{"@type":"ImageObject","inLanguage":"fr-FR","@id":"https:\/\/lasentinelle.dz\/index.php\/2024\/08\/26\/caf-le-stade-de-douera-homologue\/#primaryimage","url":"https:\/\/lasentinelle.dz\/wp-content\/uploads\/2024\/08\/stade-de-douera.jpg","contentUrl":"https:\/\/lasentinelle.dz\/wp-content\/uploads\/2024\/08\/stade-de-douera.jpg","width":1000,"height":467},{"@type":"BreadcrumbList","@id":"https:\/\/lasentinelle.dz\/index.php\/2024\/08\/26\/caf-le-stade-de-douera-homologue\/#breadcrumb","itemListElement":[{"@type":"ListItem","position":1,"name":"Accueil","item":"https:\/\/lasentinelle.dz\/"},{"@type":"ListItem","position":2,"name":"CAF : Le stade de Douera homologu\u00e9"}]},{"@type":"WebSite","@id":"https:\/\/lasentinelle.dz\/#website","url":"https:\/\/lasentinelle.dz\/","name":"La Sentinelle","description":"Quotidien national d&#039;information","publisher":{"@id":"https:\/\/lasentinelle.dz\/#organization"},"potentialAction":[{"@type":"SearchAction","target":{"@type":"EntryPoint","urlTemplate":"https:\/\/lasentinelle.dz\/?s={search_term_string}"},"query-input":{"@type":"PropertyValueSpecification","valueRequired":true,"valueName":"search_term_string"}}],"inLanguage":"fr-FR"},{"@type":"Organization","@id":"https:\/\/lasentinelle.dz\/#organization","name":"Quotidien La Sentinelle","url":"https:\/\/lasentinelle.dz\/","logo":{"@type":"ImageObject","inLanguage":"fr-FR","@id":"https:\/\/lasentinelle.dz\/#\/schema\/logo\/image\/","url":"https:\/\/lasentinelle.dz\/wp-content\/uploads\/2021\/09\/logo-sentinelleSLOGAN-1.png","contentUrl":"https:\/\/lasentinelle.dz\/wp-content\/uploads\/2021\/09\/logo-sentinelleSLOGAN-1.png","width":615,"height":142,"caption":"Quotidien La Sentinelle"},"image":{"@id":"https:\/\/lasentinelle.dz\/#\/schema\/logo\/image\/"},"sameAs":["https:\/\/www.facebook.com\/La-Sentinelle-104059864394773"]},{"@type":"Person","@id":"https:\/\/lasentinelle.dz\/#\/schema\/person\/729ee0024f24e0b8c5ec17232f8e8b41","name":"admin","image":{"@type":"ImageObject","inLanguage":"fr-FR","@id":"https:\/\/secure.gravatar.com\/avatar\/4c81fed838786e9b53f540bf46533e750f5d292099ae3b66cfc6fb1982e29df7?s=96&d=mm&r=g","url":"https:\/\/secure.gravatar.com\/avatar\/4c81fed838786e9b53f540bf46533e750f5d292099ae3b66cfc6fb1982e29df7?s=96&d=mm&r=g","contentUrl":"https:\/\/secure.gravatar.com\/avatar\/4c81fed838786e9b53f540bf46533e750f5d292099ae3b66cfc6fb1982e29df7?s=96&d=mm&r=g","caption":"admin"},"description":"admin","url":"https:\/\/lasentinelle.dz\/author\/admin\/"}]}},"_links":{"self":[{"href":"https:\/\/lasentinelle.dz\/index.php\/wp-json\/wp\/v2\/posts\/56299","targetHints":{"allow":["GET"]}}],"collection":[{"href":"https:\/\/lasentinelle.dz\/index.php\/wp-json\/wp\/v2\/posts"}],"about":[{"href":"https:\/\/lasentinelle.dz\/index.php\/wp-json\/wp\/v2\/types\/post"}],"author":[{"embeddable":true,"href":"https:\/\/lasentinelle.dz\/index.php\/wp-json\/wp\/v2\/users\/6"}],"replies":[{"embeddable":true,"href":"https:\/\/lasentinelle.dz\/index.php\/wp-json\/wp\/v2\/comments?post=56299"}],"version-history":[{"count":1,"href":"https:\/\/lasentinelle.dz\/index.php\/wp-json\/wp\/v2\/posts\/56299\/revisions"}],"predecessor-version":[{"id":56301,"href":"https:\/\/lasentinelle.dz\/index.php\/wp-json\/wp\/v2\/posts\/56299\/revisions\/56301"}],"wp:featuredmedia":[{"embeddable":true,"href":"https:\/\/lasentinelle.dz\/index.php\/wp-json\/wp\/v2\/media\/56300"}],"wp:attachment":[{"href":"https:\/\/lasentinelle.dz\/index.php\/wp-json\/wp\/v2\/media?parent=56299"}],"wp:term":[{"taxonomy":"category","embeddable":true,"href":"https:\/\/lasentinelle.dz\/index.php\/wp-json\/wp\/v2\/categories?post=56299"},{"taxonomy":"post_tag","embeddable":true,"href":"https:\/\/lasentinelle.dz\/index.php\/wp-json\/wp\/v2\/tags?post=56299"}],"curies":[{"name":"wp","href":"https:\/\/api.w.org\/{rel}","templated":true}]}}