{"id":56312,"date":"2024-08-26T22:07:13","date_gmt":"2024-08-26T21:07:13","guid":{"rendered":"https:\/\/lasentinelle.dz\/?p=56312"},"modified":"2024-08-27T22:07:49","modified_gmt":"2024-08-27T21:07:49","slug":"ticad-le-role-de-lalgerie-dans-le-renforcement-de-lintegration-africaine-mis-en-avant","status":"publish","type":"post","link":"https:\/\/lasentinelle.dz\/index.php\/2024\/08\/26\/ticad-le-role-de-lalgerie-dans-le-renforcement-de-lintegration-africaine-mis-en-avant\/","title":{"rendered":"TICAD: Le r\u00f4le de l&rsquo;Alg\u00e9rie dans le renforcement de l&rsquo;int\u00e9gration africaine mis en avant"},"content":{"rendered":"\n<p>&nbsp;Le ministre de l&rsquo;Economie de la connaissance, des Start-up et des Micro-entreprises, Yacine El-Mahdi Oualid, a mis en avant le r\u00f4le pivot de l&rsquo;Alg\u00e9rie dans le renforcement de l&rsquo;int\u00e9gration \u00e9conomique en Afrique, et ce lors de sa participation \u00e0 la Conf\u00e9rence internationale de Tokyo sur le d\u00e9veloppement de l&rsquo;Afrique (TICAD) qui s&rsquo;est tenue samedi et et dimanche au Japon. M. Oualid a soulign\u00e9 les efforts consid\u00e9rables d\u00e9ploy\u00e9s par l&rsquo;Alg\u00e9rie pour promouvoir cette int\u00e9gration, en citant plusieurs projets strat\u00e9giques d&rsquo;envergure continentale. Parmi ces initiatives, on peut noter la route transsaharienne, un axe routier reliant plusieurs pays d&rsquo;Afrique du Nord et subsaharienne, facilitant ainsi les \u00e9changes commerciaux et la mobilit\u00e9. La dorsale transsaharienne \u00e0 fibre optique, un projet ambitieux visant \u00e0 am\u00e9liorer la connectivit\u00e9 num\u00e9rique \u00e0 travers le continent, a \u00e9galement \u00e9t\u00e9 mise en avant. Enfin, le ministre a \u00e9voqu\u00e9 le gazoduc reliant l&rsquo;Alg\u00e9rie et le Nigeria, un projet \u00e9nerg\u00e9tique majeur qui pourrait transformer le paysage \u00e9conomique de la r\u00e9gion.<\/p>\n\n\n\n<p>Au-del\u00e0 de ces projets d&rsquo;infrastructure, M. Oualid a insist\u00e9 sur le r\u00f4le de l&rsquo;Alg\u00e9rie dans la promotion de l&rsquo;innovation et de l&rsquo;entrepreneuriat en Afrique. Il a notamment cit\u00e9 l&rsquo;organisation de la conf\u00e9rence africaine des start-up, une initiative qui contribue \u00ab\u00a0efficacement \u00e0 renforcer les partenariats entre les pays africains dans les domaines des start-up et de l&rsquo;innovation technologique\u00a0\u00bb. Cette d\u00e9marche s&rsquo;inscrit dans une volont\u00e9 plus large de favoriser l&rsquo;\u00e9mergence d&rsquo;un \u00e9cosyst\u00e8me entrepreneurial dynamique \u00e0 l&rsquo;\u00e9chelle continentale. Sur le plan politique, le ministre a r\u00e9affirm\u00e9 le soutien de l&rsquo;Alg\u00e9rie \u00e0 la position africaine commune en faveur d&rsquo;une r\u00e9forme du Conseil de s\u00e9curit\u00e9 des Nations Unies. Cette position vise \u00e0 renforcer la repr\u00e9sentation du continent au sein de cette instance cruciale, refl\u00e9tant ainsi le poids croissant de l&rsquo;Afrique sur la sc\u00e8ne internationale. Yacine El-Mahdi Oualid a \u00e9galement insist\u00e9 sur la n\u00e9cessit\u00e9 de mettre en place de nouvelles politiques gouvernementales au niveau continental. Ces politiques devraient, selon lui, se concentrer sur deux axes principaux : la lutte contre la fuite des cerveaux, un ph\u00e9nom\u00e8ne qui prive l&rsquo;Afrique de talents pr\u00e9cieux, et la transition vers une \u00e9conomie ax\u00e9e sur le savoir, moins d\u00e9pendante des ressources naturelles. En marge des s\u00e9ances officielles de la TICAD, le ministre alg\u00e9rien a eu l&rsquo;occasion de s&rsquo;entretenir avec plusieurs personnalit\u00e9s de haut niveau. Il a notamment rencontr\u00e9 le ministre d&rsquo;\u00c9tat japonais aux Affaires \u00e9trang\u00e8res, Tsuji Kiyoto, ainsi que le ministre japonais de la Transition num\u00e9rique, Taro Kano. Ces entretiens bilat\u00e9raux ont permis d&rsquo;explorer les possibilit\u00e9s de coop\u00e9ration entre l&rsquo;Alg\u00e9rie et le Japon dans divers domaines, notamment l&rsquo;\u00e9conomie num\u00e9rique et l&rsquo;innovation technologique. Enfin, M. Oualid s&rsquo;est \u00e9galement entretenu avec Albert Muchanga, Commissaire de l&rsquo;Union africaine charg\u00e9 du commerce et de l&rsquo;industrie. Cette rencontre a sans doute \u00e9t\u00e9 l&rsquo;occasion d&rsquo;aborder les questions li\u00e9es \u00e0 l&rsquo;int\u00e9gration \u00e9conomique africaine et aux strat\u00e9gies de d\u00e9veloppement industriel sur le continent. La participation active de l&rsquo;Alg\u00e9rie \u00e0 la TICAD t\u00e9moigne de son engagement fort en faveur du d\u00e9veloppement et de l&rsquo;int\u00e9gration \u00e9conomique de l&rsquo;Afrique. \u00c0 travers ses initiatives et sa vision, le pays entend jouer un r\u00f4le moteur dans la transformation \u00e9conomique du continent, en mettant l&rsquo;accent sur l&rsquo;innovation, la connectivit\u00e9 et la coop\u00e9ration r\u00e9gionale.<\/p>\n\n\n\n<p>Chokri Hafed<\/p>\n","protected":false},"excerpt":{"rendered":"<p>&nbsp;Le ministre de l&rsquo;Economie de la connaissance, des Start-up et des Micro-entreprises, Yacine El-Mahdi Oualid, a mis en avant le<\/p>\n","protected":false},"author":6,"featured_media":20865,"comment_status":"open","ping_status":"closed","sticky":false,"template":"","format":"standard","meta":{"colormag_page_container_layout":"default_layout","colormag_page_sidebar_layout":"default_layout","om_disable_all_campaigns":false,"_monsterinsights_skip_tracking":false,"_monsterinsights_sitenote_active":false,"_monsterinsights_sitenote_note":"","_monsterinsights_sitenote_category":0,"footnotes":"","_wpscppro_dont_share_socialmedia":false,"_wpscppro_custom_social_share_image":0,"_facebook_share_type":"default","_twitter_share_type":"default","_linkedin_share_type":"default","_pinterest_share_type":"default","_linkedin_share_type_page":"","_instagram_share_type":"default","_medium_share_type":"","_threads_share_type":"","_google_business_share_type":"","_selected_social_profile":[],"_wpsp_enable_custom_social_template":false,"_wpsp_social_scheduling":{"enabled":false,"datetime":null,"platforms":[],"status":"template_only","dateOption":"today","timeOption":"now","customDays":"","customHours":"","customDate":"","customTime":"","schedulingType":"absolute"},"_wpsp_active_default_template":true},"categories":[29],"tags":[],"class_list":["post-56312","post","type-post","status-publish","format-standard","has-post-thumbnail","hentry","category-economie"],"aioseo_notices":[],"yoast_head":"<!-- This site is optimized with the Yoast SEO plugin v27.5 - https:\/\/yoast.com\/product\/yoast-seo-wordpress\/ -->\n<title>TICAD: Le r\u00f4le de l&rsquo;Alg\u00e9rie dans le renforcement de l&rsquo;int\u00e9gration africaine mis en avant - La Sentinelle<\/title>\n<meta name=\"robots\" content=\"index, follow, max-snippet:-1, max-image-preview:large, max-video-preview:-1\" \/>\n<link rel=\"canonical\" href=\"https:\/\/lasentinelle.dz\/index.php\/2024\/08\/26\/ticad-le-role-de-lalgerie-dans-le-renforcement-de-lintegration-africaine-mis-en-avant\/\" \/>\n<meta property=\"og:locale\" content=\"fr_FR\" \/>\n<meta property=\"og:type\" content=\"article\" \/>\n<meta property=\"og:title\" content=\"TICAD: Le r\u00f4le de l&rsquo;Alg\u00e9rie dans le renforcement de l&rsquo;int\u00e9gration africaine mis en avant - La Sentinelle\" \/>\n<meta property=\"og:description\" content=\"&nbsp;Le ministre de l&rsquo;Economie de la connaissance, des Start-up et des Micro-entreprises, Yacine El-Mahdi Oualid, a mis en avant le\" \/>\n<meta property=\"og:url\" content=\"https:\/\/lasentinelle.dz\/index.php\/2024\/08\/26\/ticad-le-role-de-lalgerie-dans-le-renforcement-de-lintegration-africaine-mis-en-avant\/\" \/>\n<meta property=\"og:site_name\" content=\"La Sentinelle\" \/>\n<meta property=\"article:publisher\" content=\"https:\/\/www.facebook.com\/La-Sentinelle-104059864394773\" \/>\n<meta property=\"article:published_time\" content=\"2024-08-26T21:07:13+00:00\" \/>\n<meta property=\"article:modified_time\" content=\"2024-08-27T21:07:49+00:00\" \/>\n<meta property=\"og:image\" content=\"https:\/\/lasentinelle.dz\/wp-content\/uploads\/2022\/05\/oualid-1.png\" \/>\n\t<meta property=\"og:image:width\" content=\"1199\" \/>\n\t<meta property=\"og:image:height\" content=\"900\" \/>\n\t<meta property=\"og:image:type\" content=\"image\/png\" \/>\n<meta name=\"author\" content=\"admin\" \/>\n<meta name=\"twitter:card\" content=\"summary_large_image\" \/>\n<meta name=\"twitter:label1\" content=\"\u00c9crit par\" \/>\n\t<meta name=\"twitter:data1\" content=\"admin\" \/>\n\t<meta name=\"twitter:label2\" content=\"Dur\u00e9e de lecture estim\u00e9e\" \/>\n\t<meta name=\"twitter:data2\" content=\"3 minutes\" \/>\n<script type=\"application\/ld+json\" class=\"yoast-schema-graph\">{\"@context\":\"https:\\\/\\\/schema.org\",\"@graph\":[{\"@type\":\"Article\",\"@id\":\"https:\\\/\\\/lasentinelle.dz\\\/index.php\\\/2024\\\/08\\\/26\\\/ticad-le-role-de-lalgerie-dans-le-renforcement-de-lintegration-africaine-mis-en-avant\\\/#article\",\"isPartOf\":{\"@id\":\"https:\\\/\\\/lasentinelle.dz\\\/index.php\\\/2024\\\/08\\\/26\\\/ticad-le-role-de-lalgerie-dans-le-renforcement-de-lintegration-africaine-mis-en-avant\\\/\"},\"author\":{\"name\":\"admin\",\"@id\":\"https:\\\/\\\/lasentinelle.dz\\\/#\\\/schema\\\/person\\\/729ee0024f24e0b8c5ec17232f8e8b41\"},\"headline\":\"TICAD: Le r\u00f4le de l&rsquo;Alg\u00e9rie dans le renforcement de l&rsquo;int\u00e9gration africaine mis en avant\",\"datePublished\":\"2024-08-26T21:07:13+00:00\",\"dateModified\":\"2024-08-27T21:07:49+00:00\",\"mainEntityOfPage\":{\"@id\":\"https:\\\/\\\/lasentinelle.dz\\\/index.php\\\/2024\\\/08\\\/26\\\/ticad-le-role-de-lalgerie-dans-le-renforcement-de-lintegration-africaine-mis-en-avant\\\/\"},\"wordCount\":624,\"commentCount\":0,\"publisher\":{\"@id\":\"https:\\\/\\\/lasentinelle.dz\\\/#organization\"},\"image\":{\"@id\":\"https:\\\/\\\/lasentinelle.dz\\\/index.php\\\/2024\\\/08\\\/26\\\/ticad-le-role-de-lalgerie-dans-le-renforcement-de-lintegration-africaine-mis-en-avant\\\/#primaryimage\"},\"thumbnailUrl\":\"https:\\\/\\\/lasentinelle.dz\\\/wp-content\\\/uploads\\\/2022\\\/05\\\/oualid-1.png\",\"articleSection\":[\"\u00c9conomie\"],\"inLanguage\":\"fr-FR\",\"potentialAction\":[{\"@type\":\"CommentAction\",\"name\":\"Comment\",\"target\":[\"https:\\\/\\\/lasentinelle.dz\\\/index.php\\\/2024\\\/08\\\/26\\\/ticad-le-role-de-lalgerie-dans-le-renforcement-de-lintegration-africaine-mis-en-avant\\\/#respond\"]}]},{\"@type\":\"WebPage\",\"@id\":\"https:\\\/\\\/lasentinelle.dz\\\/index.php\\\/2024\\\/08\\\/26\\\/ticad-le-role-de-lalgerie-dans-le-renforcement-de-lintegration-africaine-mis-en-avant\\\/\",\"url\":\"https:\\\/\\\/lasentinelle.dz\\\/index.php\\\/2024\\\/08\\\/26\\\/ticad-le-role-de-lalgerie-dans-le-renforcement-de-lintegration-africaine-mis-en-avant\\\/\",\"name\":\"TICAD: Le r\u00f4le de l&rsquo;Alg\u00e9rie dans le renforcement de l&rsquo;int\u00e9gration africaine mis en avant - La Sentinelle\",\"isPartOf\":{\"@id\":\"https:\\\/\\\/lasentinelle.dz\\\/#website\"},\"primaryImageOfPage\":{\"@id\":\"https:\\\/\\\/lasentinelle.dz\\\/index.php\\\/2024\\\/08\\\/26\\\/ticad-le-role-de-lalgerie-dans-le-renforcement-de-lintegration-africaine-mis-en-avant\\\/#primaryimage\"},\"image\":{\"@id\":\"https:\\\/\\\/lasentinelle.dz\\\/index.php\\\/2024\\\/08\\\/26\\\/ticad-le-role-de-lalgerie-dans-le-renforcement-de-lintegration-africaine-mis-en-avant\\\/#primaryimage\"},\"thumbnailUrl\":\"https:\\\/\\\/lasentinelle.dz\\\/wp-content\\\/uploads\\\/2022\\\/05\\\/oualid-1.png\",\"datePublished\":\"2024-08-26T21:07:13+00:00\",\"dateModified\":\"2024-08-27T21:07:49+00:00\",\"breadcrumb\":{\"@id\":\"https:\\\/\\\/lasentinelle.dz\\\/index.php\\\/2024\\\/08\\\/26\\\/ticad-le-role-de-lalgerie-dans-le-renforcement-de-lintegration-africaine-mis-en-avant\\\/#breadcrumb\"},\"inLanguage\":\"fr-FR\",\"potentialAction\":[{\"@type\":\"ReadAction\",\"target\":[\"https:\\\/\\\/lasentinelle.dz\\\/index.php\\\/2024\\\/08\\\/26\\\/ticad-le-role-de-lalgerie-dans-le-renforcement-de-lintegration-africaine-mis-en-avant\\\/\"]}]},{\"@type\":\"ImageObject\",\"inLanguage\":\"fr-FR\",\"@id\":\"https:\\\/\\\/lasentinelle.dz\\\/index.php\\\/2024\\\/08\\\/26\\\/ticad-le-role-de-lalgerie-dans-le-renforcement-de-lintegration-africaine-mis-en-avant\\\/#primaryimage\",\"url\":\"https:\\\/\\\/lasentinelle.dz\\\/wp-content\\\/uploads\\\/2022\\\/05\\\/oualid-1.png\",\"contentUrl\":\"https:\\\/\\\/lasentinelle.dz\\\/wp-content\\\/uploads\\\/2022\\\/05\\\/oualid-1.png\",\"width\":1199,\"height\":900},{\"@type\":\"BreadcrumbList\",\"@id\":\"https:\\\/\\\/lasentinelle.dz\\\/index.php\\\/2024\\\/08\\\/26\\\/ticad-le-role-de-lalgerie-dans-le-renforcement-de-lintegration-africaine-mis-en-avant\\\/#breadcrumb\",\"itemListElement\":[{\"@type\":\"ListItem\",\"position\":1,\"name\":\"Accueil\",\"item\":\"https:\\\/\\\/lasentinelle.dz\\\/\"},{\"@type\":\"ListItem\",\"position\":2,\"name\":\"TICAD: Le r\u00f4le de l&rsquo;Alg\u00e9rie dans le renforcement de l&rsquo;int\u00e9gration africaine mis en avant\"}]},{\"@type\":\"WebSite\",\"@id\":\"https:\\\/\\\/lasentinelle.dz\\\/#website\",\"url\":\"https:\\\/\\\/lasentinelle.dz\\\/\",\"name\":\"La Sentinelle\",\"description\":\"Quotidien national d&#039;information\",\"publisher\":{\"@id\":\"https:\\\/\\\/lasentinelle.dz\\\/#organization\"},\"potentialAction\":[{\"@type\":\"SearchAction\",\"target\":{\"@type\":\"EntryPoint\",\"urlTemplate\":\"https:\\\/\\\/lasentinelle.dz\\\/?s={search_term_string}\"},\"query-input\":{\"@type\":\"PropertyValueSpecification\",\"valueRequired\":true,\"valueName\":\"search_term_string\"}}],\"inLanguage\":\"fr-FR\"},{\"@type\":\"Organization\",\"@id\":\"https:\\\/\\\/lasentinelle.dz\\\/#organization\",\"name\":\"Quotidien La Sentinelle\",\"url\":\"https:\\\/\\\/lasentinelle.dz\\\/\",\"logo\":{\"@type\":\"ImageObject\",\"inLanguage\":\"fr-FR\",\"@id\":\"https:\\\/\\\/lasentinelle.dz\\\/#\\\/schema\\\/logo\\\/image\\\/\",\"url\":\"https:\\\/\\\/lasentinelle.dz\\\/wp-content\\\/uploads\\\/2021\\\/09\\\/logo-sentinelleSLOGAN-1.png\",\"contentUrl\":\"https:\\\/\\\/lasentinelle.dz\\\/wp-content\\\/uploads\\\/2021\\\/09\\\/logo-sentinelleSLOGAN-1.png\",\"width\":615,\"height\":142,\"caption\":\"Quotidien La Sentinelle\"},\"image\":{\"@id\":\"https:\\\/\\\/lasentinelle.dz\\\/#\\\/schema\\\/logo\\\/image\\\/\"},\"sameAs\":[\"https:\\\/\\\/www.facebook.com\\\/La-Sentinelle-104059864394773\"]},{\"@type\":\"Person\",\"@id\":\"https:\\\/\\\/lasentinelle.dz\\\/#\\\/schema\\\/person\\\/729ee0024f24e0b8c5ec17232f8e8b41\",\"name\":\"admin\",\"image\":{\"@type\":\"ImageObject\",\"inLanguage\":\"fr-FR\",\"@id\":\"https:\\\/\\\/secure.gravatar.com\\\/avatar\\\/4c81fed838786e9b53f540bf46533e750f5d292099ae3b66cfc6fb1982e29df7?s=96&d=mm&r=g\",\"url\":\"https:\\\/\\\/secure.gravatar.com\\\/avatar\\\/4c81fed838786e9b53f540bf46533e750f5d292099ae3b66cfc6fb1982e29df7?s=96&d=mm&r=g\",\"contentUrl\":\"https:\\\/\\\/secure.gravatar.com\\\/avatar\\\/4c81fed838786e9b53f540bf46533e750f5d292099ae3b66cfc6fb1982e29df7?s=96&d=mm&r=g\",\"caption\":\"admin\"},\"description\":\"admin\",\"url\":\"https:\\\/\\\/lasentinelle.dz\\\/author\\\/admin\\\/\"}]}<\/script>\n<!-- \/ Yoast SEO plugin. -->","yoast_head_json":{"title":"TICAD: Le r\u00f4le de l&rsquo;Alg\u00e9rie dans le renforcement de l&rsquo;int\u00e9gration africaine mis en avant - La Sentinelle","robots":{"index":"index","follow":"follow","max-snippet":"max-snippet:-1","max-image-preview":"max-image-preview:large","max-video-preview":"max-video-preview:-1"},"canonical":"https:\/\/lasentinelle.dz\/index.php\/2024\/08\/26\/ticad-le-role-de-lalgerie-dans-le-renforcement-de-lintegration-africaine-mis-en-avant\/","og_locale":"fr_FR","og_type":"article","og_title":"TICAD: Le r\u00f4le de l&rsquo;Alg\u00e9rie dans le renforcement de l&rsquo;int\u00e9gration africaine mis en avant - La Sentinelle","og_description":"&nbsp;Le ministre de l&rsquo;Economie de la connaissance, des Start-up et des Micro-entreprises, Yacine El-Mahdi Oualid, a mis en avant le","og_url":"https:\/\/lasentinelle.dz\/index.php\/2024\/08\/26\/ticad-le-role-de-lalgerie-dans-le-renforcement-de-lintegration-africaine-mis-en-avant\/","og_site_name":"La Sentinelle","article_publisher":"https:\/\/www.facebook.com\/La-Sentinelle-104059864394773","article_published_time":"2024-08-26T21:07:13+00:00","article_modified_time":"2024-08-27T21:07:49+00:00","og_image":[{"width":1199,"height":900,"url":"https:\/\/lasentinelle.dz\/wp-content\/uploads\/2022\/05\/oualid-1.png","type":"image\/png"}],"author":"admin","twitter_card":"summary_large_image","twitter_misc":{"\u00c9crit par":"admin","Dur\u00e9e de lecture estim\u00e9e":"3 minutes"},"schema":{"@context":"https:\/\/schema.org","@graph":[{"@type":"Article","@id":"https:\/\/lasentinelle.dz\/index.php\/2024\/08\/26\/ticad-le-role-de-lalgerie-dans-le-renforcement-de-lintegration-africaine-mis-en-avant\/#article","isPartOf":{"@id":"https:\/\/lasentinelle.dz\/index.php\/2024\/08\/26\/ticad-le-role-de-lalgerie-dans-le-renforcement-de-lintegration-africaine-mis-en-avant\/"},"author":{"name":"admin","@id":"https:\/\/lasentinelle.dz\/#\/schema\/person\/729ee0024f24e0b8c5ec17232f8e8b41"},"headline":"TICAD: Le r\u00f4le de l&rsquo;Alg\u00e9rie dans le renforcement de l&rsquo;int\u00e9gration africaine mis en avant","datePublished":"2024-08-26T21:07:13+00:00","dateModified":"2024-08-27T21:07:49+00:00","mainEntityOfPage":{"@id":"https:\/\/lasentinelle.dz\/index.php\/2024\/08\/26\/ticad-le-role-de-lalgerie-dans-le-renforcement-de-lintegration-africaine-mis-en-avant\/"},"wordCount":624,"commentCount":0,"publisher":{"@id":"https:\/\/lasentinelle.dz\/#organization"},"image":{"@id":"https:\/\/lasentinelle.dz\/index.php\/2024\/08\/26\/ticad-le-role-de-lalgerie-dans-le-renforcement-de-lintegration-africaine-mis-en-avant\/#primaryimage"},"thumbnailUrl":"https:\/\/lasentinelle.dz\/wp-content\/uploads\/2022\/05\/oualid-1.png","articleSection":["\u00c9conomie"],"inLanguage":"fr-FR","potentialAction":[{"@type":"CommentAction","name":"Comment","target":["https:\/\/lasentinelle.dz\/index.php\/2024\/08\/26\/ticad-le-role-de-lalgerie-dans-le-renforcement-de-lintegration-africaine-mis-en-avant\/#respond"]}]},{"@type":"WebPage","@id":"https:\/\/lasentinelle.dz\/index.php\/2024\/08\/26\/ticad-le-role-de-lalgerie-dans-le-renforcement-de-lintegration-africaine-mis-en-avant\/","url":"https:\/\/lasentinelle.dz\/index.php\/2024\/08\/26\/ticad-le-role-de-lalgerie-dans-le-renforcement-de-lintegration-africaine-mis-en-avant\/","name":"TICAD: Le r\u00f4le de l&rsquo;Alg\u00e9rie dans le renforcement de l&rsquo;int\u00e9gration africaine mis en avant - La Sentinelle","isPartOf":{"@id":"https:\/\/lasentinelle.dz\/#website"},"primaryImageOfPage":{"@id":"https:\/\/lasentinelle.dz\/index.php\/2024\/08\/26\/ticad-le-role-de-lalgerie-dans-le-renforcement-de-lintegration-africaine-mis-en-avant\/#primaryimage"},"image":{"@id":"https:\/\/lasentinelle.dz\/index.php\/2024\/08\/26\/ticad-le-role-de-lalgerie-dans-le-renforcement-de-lintegration-africaine-mis-en-avant\/#primaryimage"},"thumbnailUrl":"https:\/\/lasentinelle.dz\/wp-content\/uploads\/2022\/05\/oualid-1.png","datePublished":"2024-08-26T21:07:13+00:00","dateModified":"2024-08-27T21:07:49+00:00","breadcrumb":{"@id":"https:\/\/lasentinelle.dz\/index.php\/2024\/08\/26\/ticad-le-role-de-lalgerie-dans-le-renforcement-de-lintegration-africaine-mis-en-avant\/#breadcrumb"},"inLanguage":"fr-FR","potentialAction":[{"@type":"ReadAction","target":["https:\/\/lasentinelle.dz\/index.php\/2024\/08\/26\/ticad-le-role-de-lalgerie-dans-le-renforcement-de-lintegration-africaine-mis-en-avant\/"]}]},{"@type":"ImageObject","inLanguage":"fr-FR","@id":"https:\/\/lasentinelle.dz\/index.php\/2024\/08\/26\/ticad-le-role-de-lalgerie-dans-le-renforcement-de-lintegration-africaine-mis-en-avant\/#primaryimage","url":"https:\/\/lasentinelle.dz\/wp-content\/uploads\/2022\/05\/oualid-1.png","contentUrl":"https:\/\/lasentinelle.dz\/wp-content\/uploads\/2022\/05\/oualid-1.png","width":1199,"height":900},{"@type":"BreadcrumbList","@id":"https:\/\/lasentinelle.dz\/index.php\/2024\/08\/26\/ticad-le-role-de-lalgerie-dans-le-renforcement-de-lintegration-africaine-mis-en-avant\/#breadcrumb","itemListElement":[{"@type":"ListItem","position":1,"name":"Accueil","item":"https:\/\/lasentinelle.dz\/"},{"@type":"ListItem","position":2,"name":"TICAD: Le r\u00f4le de l&rsquo;Alg\u00e9rie dans le renforcement de l&rsquo;int\u00e9gration africaine mis en avant"}]},{"@type":"WebSite","@id":"https:\/\/lasentinelle.dz\/#website","url":"https:\/\/lasentinelle.dz\/","name":"La Sentinelle","description":"Quotidien national d&#039;information","publisher":{"@id":"https:\/\/lasentinelle.dz\/#organization"},"potentialAction":[{"@type":"SearchAction","target":{"@type":"EntryPoint","urlTemplate":"https:\/\/lasentinelle.dz\/?s={search_term_string}"},"query-input":{"@type":"PropertyValueSpecification","valueRequired":true,"valueName":"search_term_string"}}],"inLanguage":"fr-FR"},{"@type":"Organization","@id":"https:\/\/lasentinelle.dz\/#organization","name":"Quotidien La Sentinelle","url":"https:\/\/lasentinelle.dz\/","logo":{"@type":"ImageObject","inLanguage":"fr-FR","@id":"https:\/\/lasentinelle.dz\/#\/schema\/logo\/image\/","url":"https:\/\/lasentinelle.dz\/wp-content\/uploads\/2021\/09\/logo-sentinelleSLOGAN-1.png","contentUrl":"https:\/\/lasentinelle.dz\/wp-content\/uploads\/2021\/09\/logo-sentinelleSLOGAN-1.png","width":615,"height":142,"caption":"Quotidien La Sentinelle"},"image":{"@id":"https:\/\/lasentinelle.dz\/#\/schema\/logo\/image\/"},"sameAs":["https:\/\/www.facebook.com\/La-Sentinelle-104059864394773"]},{"@type":"Person","@id":"https:\/\/lasentinelle.dz\/#\/schema\/person\/729ee0024f24e0b8c5ec17232f8e8b41","name":"admin","image":{"@type":"ImageObject","inLanguage":"fr-FR","@id":"https:\/\/secure.gravatar.com\/avatar\/4c81fed838786e9b53f540bf46533e750f5d292099ae3b66cfc6fb1982e29df7?s=96&d=mm&r=g","url":"https:\/\/secure.gravatar.com\/avatar\/4c81fed838786e9b53f540bf46533e750f5d292099ae3b66cfc6fb1982e29df7?s=96&d=mm&r=g","contentUrl":"https:\/\/secure.gravatar.com\/avatar\/4c81fed838786e9b53f540bf46533e750f5d292099ae3b66cfc6fb1982e29df7?s=96&d=mm&r=g","caption":"admin"},"description":"admin","url":"https:\/\/lasentinelle.dz\/author\/admin\/"}]}},"_links":{"self":[{"href":"https:\/\/lasentinelle.dz\/index.php\/wp-json\/wp\/v2\/posts\/56312","targetHints":{"allow":["GET"]}}],"collection":[{"href":"https:\/\/lasentinelle.dz\/index.php\/wp-json\/wp\/v2\/posts"}],"about":[{"href":"https:\/\/lasentinelle.dz\/index.php\/wp-json\/wp\/v2\/types\/post"}],"author":[{"embeddable":true,"href":"https:\/\/lasentinelle.dz\/index.php\/wp-json\/wp\/v2\/users\/6"}],"replies":[{"embeddable":true,"href":"https:\/\/lasentinelle.dz\/index.php\/wp-json\/wp\/v2\/comments?post=56312"}],"version-history":[{"count":2,"href":"https:\/\/lasentinelle.dz\/index.php\/wp-json\/wp\/v2\/posts\/56312\/revisions"}],"predecessor-version":[{"id":56314,"href":"https:\/\/lasentinelle.dz\/index.php\/wp-json\/wp\/v2\/posts\/56312\/revisions\/56314"}],"wp:featuredmedia":[{"embeddable":true,"href":"https:\/\/lasentinelle.dz\/index.php\/wp-json\/wp\/v2\/media\/20865"}],"wp:attachment":[{"href":"https:\/\/lasentinelle.dz\/index.php\/wp-json\/wp\/v2\/media?parent=56312"}],"wp:term":[{"taxonomy":"category","embeddable":true,"href":"https:\/\/lasentinelle.dz\/index.php\/wp-json\/wp\/v2\/categories?post=56312"},{"taxonomy":"post_tag","embeddable":true,"href":"https:\/\/lasentinelle.dz\/index.php\/wp-json\/wp\/v2\/tags?post=56312"}],"curies":[{"name":"wp","href":"https:\/\/api.w.org\/{rel}","templated":true}]}}