{"id":56335,"date":"2024-08-26T22:18:54","date_gmt":"2024-08-26T21:18:54","guid":{"rendered":"https:\/\/lasentinelle.dz\/?p=56335"},"modified":"2024-08-27T22:19:31","modified_gmt":"2024-08-27T21:19:31","slug":"aouchiche-a-ghardaia-batir-un-etat-fort","status":"publish","type":"post","link":"https:\/\/lasentinelle.dz\/index.php\/2024\/08\/26\/aouchiche-a-ghardaia-batir-un-etat-fort\/","title":{"rendered":"Aouchiche \u00e0 Gharda\u00efa: \u00a0\u00bb B\u00e2tir un \u00c9tat fort\u00a0\u00bb"},"content":{"rendered":"\n<p>La campagne \u00e9lectorale pour la pr\u00e9sidentielle alg\u00e9rienne du 7 septembre 2024 bat son plein, alors que le candidat du Front des Forces Socialistes (FFS), Youcef Aouchiche multiplie les activit\u00e9s de proximit\u00e9 et les meetings pour pr\u00e9senter son programme. Ainsi, apr\u00e8s les wilayas de l&rsquo;Est et de l&rsquo;Ouest, le candidat a lanc\u00e9 cette semaine sa campagne dans le Sud du pays.<\/p>\n\n\n\n<p>&nbsp;Le candidat sur FFS ainsi anim\u00e9 dimanche et lundi diverses activit\u00e9s dans la wilaya de Gharda\u00efa, o\u00f9 il a pr\u00e9sent\u00e9 les grandes lignes de son programme \u00e9lectoral intitul\u00e9 \u00ab\u00a0Vision pour demain\u00a0\u00bb. Dans cette wilaya qui compte une base \u00e9lectorale importante pour le parti, Aouchiche a appel\u00e9 les citoyens \u00e0 soutenir son projet qui vise \u00e0 \u00ab\u00a0b\u00e2tir l&rsquo;avenir de l&rsquo;Alg\u00e9rie sur des bases solides\u00a0\u00bb. Au c\u0153ur de la campagne du candidat se trouve l&rsquo;ambition de cr\u00e9er un \u00c9tat fort, dot\u00e9 d&rsquo;institutions l\u00e9gitimes issues de la volont\u00e9 populaire. Le candidat du FFS insiste sur l&rsquo;importance de la participation citoyenne dans ce processus, pr\u00e9sentant l&rsquo;\u00e9lection du 7 septembre comme une opportunit\u00e9 cruciale pour initier le changement tant attendu et construire une \u00ab\u00a0Alg\u00e9rie r\u00e9concili\u00e9e avec elle-m\u00eame\u00a0\u00bb.<\/p>\n\n\n\n<p>Le programme d&rsquo;Aouchiche s&rsquo;articule autour de plusieurs axes majeurs. Sur le plan \u00e9conomique, il pr\u00f4ne une diversification de l&rsquo;\u00e9conomie pour sortir de la d\u00e9pendance aux hydrocarbures. Il s&rsquo;engage \u00e0 cr\u00e9er des conditions favorables \u00e0 l&rsquo;investissement et \u00e0 l&#8217;emploi, avec une attention particuli\u00e8re port\u00e9e aux sp\u00e9cificit\u00e9s \u00e9conomiques de chaque r\u00e9gion. Cette approche vise \u00e0 stimuler la cr\u00e9ation de richesses et \u00e0 offrir de nouvelles perspectives, notamment \u00e0 la jeunesse alg\u00e9rienne.<\/p>\n\n\n\n<p>Dans le domaine social, Aouchiche promet des am\u00e9liorations concr\u00e8tes, notamment une augmentation du salaire national minimum garanti (SNMG) et de l&rsquo;allocation familiale. Ces mesures s&rsquo;inscrivent dans une vision plus large visant \u00e0 \u00e9tablir un \u00c9tat social et d\u00e9mocratique, en accord avec les principes fondateurs de la r\u00e9volution alg\u00e9rienne du 1er Novembre. Le candidat du FFS accorde \u00e9galement une importance particuli\u00e8re \u00e0 la pr\u00e9servation du patrimoine culturel national. Lors d&rsquo;une activit\u00e9 de proximit\u00e9 organis\u00e9e hier &nbsp;\u00e0 Gharda\u00efa, connue pour son architecture unique, il s&rsquo;est engag\u00e9 \u00e0 \u0153uvrer pour le rayonnement culturel du pays et \u00e0 cr\u00e9er un fonds national destin\u00e9 \u00e0 soutenir les artisans locaux, contribuant ainsi \u00e0 la promotion de l&rsquo;\u00e9conomie locale.<\/p>\n\n\n\n<p>Aouchiche insiste sur le caract\u00e8re r\u00e9aliste et r\u00e9alisable de ses propositions. Il pr\u00e9sente son programme comme une s\u00e9rie de solutions concr\u00e8tes visant \u00e0 op\u00e9rer un changement tangible dans la soci\u00e9t\u00e9 alg\u00e9rienne. Son discours cherche \u00e0 redonner espoir \u00e0 l&rsquo;ensemble des Alg\u00e9riens, avec un accent particulier mis sur les attentes de la jeunesse.<\/p>\n\n\n\n<p>La strat\u00e9gie de campagne d&rsquo;Aouchiche mise sur la proximit\u00e9 avec les \u00e9lecteurs. Alternant entre meetings populaires et rencontres plus intimistes avec les militants et sympathisants du FFS, il cherche \u00e0 \u00e9tablir un dialogue direct avec les citoyens. Cette approche lui permet d&rsquo;expliquer en d\u00e9tail les diff\u00e9rents aspects de son programme et de r\u00e9pondre aux pr\u00e9occupations sp\u00e9cifiques des habitants de chaque r\u00e9gion visit\u00e9e.<\/p>\n\n\n\n<p>L&rsquo;appel \u00e0 une participation massive au scrutin du 7 septembre est un leitmotiv de la campagne d&rsquo;Aouchiche. Il pr\u00e9sente cette \u00e9lection non seulement comme un moment d\u00e9cisif pour l&rsquo;avenir politique du pays, mais aussi comme une opportunit\u00e9 pour chaque citoyen de contribuer activement \u00e0 la construction d&rsquo;une nouvelle Alg\u00e9rie.<\/p>\n\n\n\n<p>Hocine Fadheli<\/p>\n","protected":false},"excerpt":{"rendered":"<p>La campagne \u00e9lectorale pour la pr\u00e9sidentielle alg\u00e9rienne du 7 septembre 2024 bat son plein, alors que le candidat du Front<\/p>\n","protected":false},"author":6,"featured_media":56336,"comment_status":"open","ping_status":"closed","sticky":false,"template":"","format":"standard","meta":{"colormag_page_container_layout":"default_layout","colormag_page_sidebar_layout":"default_layout","om_disable_all_campaigns":false,"_monsterinsights_skip_tracking":false,"_monsterinsights_sitenote_active":false,"_monsterinsights_sitenote_note":"","_monsterinsights_sitenote_category":0,"footnotes":"","_wpscppro_dont_share_socialmedia":false,"_wpscppro_custom_social_share_image":0,"_facebook_share_type":"default","_twitter_share_type":"default","_linkedin_share_type":"default","_pinterest_share_type":"default","_linkedin_share_type_page":"","_instagram_share_type":"default","_medium_share_type":"","_threads_share_type":"","_google_business_share_type":"","_selected_social_profile":[],"_wpsp_enable_custom_social_template":false,"_wpsp_social_scheduling":{"enabled":false,"datetime":null,"platforms":[],"status":"template_only","dateOption":"today","timeOption":"now","customDays":"","customHours":"","customDate":"","customTime":"","schedulingType":"absolute"},"_wpsp_active_default_template":true},"categories":[87],"tags":[],"class_list":["post-56335","post","type-post","status-publish","format-standard","has-post-thumbnail","hentry","category-presidentielle-2024"],"aioseo_notices":[],"yoast_head":"<!-- This site is optimized with the Yoast SEO plugin v27.5 - https:\/\/yoast.com\/product\/yoast-seo-wordpress\/ -->\n<title>Aouchiche \u00e0 Gharda\u00efa: \u00a0\u00bb B\u00e2tir un \u00c9tat fort\u00a0\u00bb - La Sentinelle<\/title>\n<meta name=\"robots\" content=\"index, follow, max-snippet:-1, max-image-preview:large, max-video-preview:-1\" \/>\n<link rel=\"canonical\" href=\"https:\/\/lasentinelle.dz\/index.php\/2024\/08\/26\/aouchiche-a-ghardaia-batir-un-etat-fort\/\" \/>\n<meta property=\"og:locale\" content=\"fr_FR\" \/>\n<meta property=\"og:type\" content=\"article\" \/>\n<meta property=\"og:title\" content=\"Aouchiche \u00e0 Gharda\u00efa: \u00a0\u00bb B\u00e2tir un \u00c9tat fort\u00a0\u00bb - La Sentinelle\" \/>\n<meta property=\"og:description\" content=\"La campagne \u00e9lectorale pour la pr\u00e9sidentielle alg\u00e9rienne du 7 septembre 2024 bat son plein, alors que le candidat du Front\" \/>\n<meta property=\"og:url\" content=\"https:\/\/lasentinelle.dz\/index.php\/2024\/08\/26\/aouchiche-a-ghardaia-batir-un-etat-fort\/\" \/>\n<meta property=\"og:site_name\" content=\"La Sentinelle\" \/>\n<meta property=\"article:publisher\" content=\"https:\/\/www.facebook.com\/La-Sentinelle-104059864394773\" \/>\n<meta property=\"article:published_time\" content=\"2024-08-26T21:18:54+00:00\" \/>\n<meta property=\"article:modified_time\" content=\"2024-08-27T21:19:31+00:00\" \/>\n<meta property=\"og:image\" content=\"https:\/\/lasentinelle.dz\/wp-content\/uploads\/2024\/08\/aouchiche-7.jpg\" \/>\n\t<meta property=\"og:image:width\" content=\"1280\" \/>\n\t<meta property=\"og:image:height\" content=\"854\" \/>\n\t<meta property=\"og:image:type\" content=\"image\/jpeg\" \/>\n<meta name=\"author\" content=\"admin\" \/>\n<meta name=\"twitter:card\" content=\"summary_large_image\" \/>\n<meta name=\"twitter:label1\" content=\"\u00c9crit par\" \/>\n\t<meta name=\"twitter:data1\" content=\"admin\" \/>\n\t<meta name=\"twitter:label2\" content=\"Dur\u00e9e de lecture estim\u00e9e\" \/>\n\t<meta name=\"twitter:data2\" content=\"3 minutes\" \/>\n<script type=\"application\/ld+json\" class=\"yoast-schema-graph\">{\"@context\":\"https:\\\/\\\/schema.org\",\"@graph\":[{\"@type\":\"Article\",\"@id\":\"https:\\\/\\\/lasentinelle.dz\\\/index.php\\\/2024\\\/08\\\/26\\\/aouchiche-a-ghardaia-batir-un-etat-fort\\\/#article\",\"isPartOf\":{\"@id\":\"https:\\\/\\\/lasentinelle.dz\\\/index.php\\\/2024\\\/08\\\/26\\\/aouchiche-a-ghardaia-batir-un-etat-fort\\\/\"},\"author\":{\"name\":\"admin\",\"@id\":\"https:\\\/\\\/lasentinelle.dz\\\/#\\\/schema\\\/person\\\/729ee0024f24e0b8c5ec17232f8e8b41\"},\"headline\":\"Aouchiche \u00e0 Gharda\u00efa: \u00a0\u00bb B\u00e2tir un \u00c9tat fort\u00a0\u00bb\",\"datePublished\":\"2024-08-26T21:18:54+00:00\",\"dateModified\":\"2024-08-27T21:19:31+00:00\",\"mainEntityOfPage\":{\"@id\":\"https:\\\/\\\/lasentinelle.dz\\\/index.php\\\/2024\\\/08\\\/26\\\/aouchiche-a-ghardaia-batir-un-etat-fort\\\/\"},\"wordCount\":598,\"commentCount\":0,\"publisher\":{\"@id\":\"https:\\\/\\\/lasentinelle.dz\\\/#organization\"},\"image\":{\"@id\":\"https:\\\/\\\/lasentinelle.dz\\\/index.php\\\/2024\\\/08\\\/26\\\/aouchiche-a-ghardaia-batir-un-etat-fort\\\/#primaryimage\"},\"thumbnailUrl\":\"https:\\\/\\\/lasentinelle.dz\\\/wp-content\\\/uploads\\\/2024\\\/08\\\/aouchiche-7.jpg\",\"articleSection\":[\"Pr\u00e9sidentielle 2024\"],\"inLanguage\":\"fr-FR\",\"potentialAction\":[{\"@type\":\"CommentAction\",\"name\":\"Comment\",\"target\":[\"https:\\\/\\\/lasentinelle.dz\\\/index.php\\\/2024\\\/08\\\/26\\\/aouchiche-a-ghardaia-batir-un-etat-fort\\\/#respond\"]}]},{\"@type\":\"WebPage\",\"@id\":\"https:\\\/\\\/lasentinelle.dz\\\/index.php\\\/2024\\\/08\\\/26\\\/aouchiche-a-ghardaia-batir-un-etat-fort\\\/\",\"url\":\"https:\\\/\\\/lasentinelle.dz\\\/index.php\\\/2024\\\/08\\\/26\\\/aouchiche-a-ghardaia-batir-un-etat-fort\\\/\",\"name\":\"Aouchiche \u00e0 Gharda\u00efa: \u00a0\u00bb B\u00e2tir un \u00c9tat fort\u00a0\u00bb - La Sentinelle\",\"isPartOf\":{\"@id\":\"https:\\\/\\\/lasentinelle.dz\\\/#website\"},\"primaryImageOfPage\":{\"@id\":\"https:\\\/\\\/lasentinelle.dz\\\/index.php\\\/2024\\\/08\\\/26\\\/aouchiche-a-ghardaia-batir-un-etat-fort\\\/#primaryimage\"},\"image\":{\"@id\":\"https:\\\/\\\/lasentinelle.dz\\\/index.php\\\/2024\\\/08\\\/26\\\/aouchiche-a-ghardaia-batir-un-etat-fort\\\/#primaryimage\"},\"thumbnailUrl\":\"https:\\\/\\\/lasentinelle.dz\\\/wp-content\\\/uploads\\\/2024\\\/08\\\/aouchiche-7.jpg\",\"datePublished\":\"2024-08-26T21:18:54+00:00\",\"dateModified\":\"2024-08-27T21:19:31+00:00\",\"breadcrumb\":{\"@id\":\"https:\\\/\\\/lasentinelle.dz\\\/index.php\\\/2024\\\/08\\\/26\\\/aouchiche-a-ghardaia-batir-un-etat-fort\\\/#breadcrumb\"},\"inLanguage\":\"fr-FR\",\"potentialAction\":[{\"@type\":\"ReadAction\",\"target\":[\"https:\\\/\\\/lasentinelle.dz\\\/index.php\\\/2024\\\/08\\\/26\\\/aouchiche-a-ghardaia-batir-un-etat-fort\\\/\"]}]},{\"@type\":\"ImageObject\",\"inLanguage\":\"fr-FR\",\"@id\":\"https:\\\/\\\/lasentinelle.dz\\\/index.php\\\/2024\\\/08\\\/26\\\/aouchiche-a-ghardaia-batir-un-etat-fort\\\/#primaryimage\",\"url\":\"https:\\\/\\\/lasentinelle.dz\\\/wp-content\\\/uploads\\\/2024\\\/08\\\/aouchiche-7.jpg\",\"contentUrl\":\"https:\\\/\\\/lasentinelle.dz\\\/wp-content\\\/uploads\\\/2024\\\/08\\\/aouchiche-7.jpg\",\"width\":1280,\"height\":854},{\"@type\":\"BreadcrumbList\",\"@id\":\"https:\\\/\\\/lasentinelle.dz\\\/index.php\\\/2024\\\/08\\\/26\\\/aouchiche-a-ghardaia-batir-un-etat-fort\\\/#breadcrumb\",\"itemListElement\":[{\"@type\":\"ListItem\",\"position\":1,\"name\":\"Accueil\",\"item\":\"https:\\\/\\\/lasentinelle.dz\\\/\"},{\"@type\":\"ListItem\",\"position\":2,\"name\":\"Aouchiche \u00e0 Gharda\u00efa: \u00a0\u00bb B\u00e2tir un \u00c9tat fort\u00a0\u00bb\"}]},{\"@type\":\"WebSite\",\"@id\":\"https:\\\/\\\/lasentinelle.dz\\\/#website\",\"url\":\"https:\\\/\\\/lasentinelle.dz\\\/\",\"name\":\"La Sentinelle\",\"description\":\"Quotidien national d&#039;information\",\"publisher\":{\"@id\":\"https:\\\/\\\/lasentinelle.dz\\\/#organization\"},\"potentialAction\":[{\"@type\":\"SearchAction\",\"target\":{\"@type\":\"EntryPoint\",\"urlTemplate\":\"https:\\\/\\\/lasentinelle.dz\\\/?s={search_term_string}\"},\"query-input\":{\"@type\":\"PropertyValueSpecification\",\"valueRequired\":true,\"valueName\":\"search_term_string\"}}],\"inLanguage\":\"fr-FR\"},{\"@type\":\"Organization\",\"@id\":\"https:\\\/\\\/lasentinelle.dz\\\/#organization\",\"name\":\"Quotidien La Sentinelle\",\"url\":\"https:\\\/\\\/lasentinelle.dz\\\/\",\"logo\":{\"@type\":\"ImageObject\",\"inLanguage\":\"fr-FR\",\"@id\":\"https:\\\/\\\/lasentinelle.dz\\\/#\\\/schema\\\/logo\\\/image\\\/\",\"url\":\"https:\\\/\\\/lasentinelle.dz\\\/wp-content\\\/uploads\\\/2021\\\/09\\\/logo-sentinelleSLOGAN-1.png\",\"contentUrl\":\"https:\\\/\\\/lasentinelle.dz\\\/wp-content\\\/uploads\\\/2021\\\/09\\\/logo-sentinelleSLOGAN-1.png\",\"width\":615,\"height\":142,\"caption\":\"Quotidien La Sentinelle\"},\"image\":{\"@id\":\"https:\\\/\\\/lasentinelle.dz\\\/#\\\/schema\\\/logo\\\/image\\\/\"},\"sameAs\":[\"https:\\\/\\\/www.facebook.com\\\/La-Sentinelle-104059864394773\"]},{\"@type\":\"Person\",\"@id\":\"https:\\\/\\\/lasentinelle.dz\\\/#\\\/schema\\\/person\\\/729ee0024f24e0b8c5ec17232f8e8b41\",\"name\":\"admin\",\"image\":{\"@type\":\"ImageObject\",\"inLanguage\":\"fr-FR\",\"@id\":\"https:\\\/\\\/secure.gravatar.com\\\/avatar\\\/4c81fed838786e9b53f540bf46533e750f5d292099ae3b66cfc6fb1982e29df7?s=96&d=mm&r=g\",\"url\":\"https:\\\/\\\/secure.gravatar.com\\\/avatar\\\/4c81fed838786e9b53f540bf46533e750f5d292099ae3b66cfc6fb1982e29df7?s=96&d=mm&r=g\",\"contentUrl\":\"https:\\\/\\\/secure.gravatar.com\\\/avatar\\\/4c81fed838786e9b53f540bf46533e750f5d292099ae3b66cfc6fb1982e29df7?s=96&d=mm&r=g\",\"caption\":\"admin\"},\"description\":\"admin\",\"url\":\"https:\\\/\\\/lasentinelle.dz\\\/author\\\/admin\\\/\"}]}<\/script>\n<!-- \/ Yoast SEO plugin. -->","yoast_head_json":{"title":"Aouchiche \u00e0 Gharda\u00efa: \u00a0\u00bb B\u00e2tir un \u00c9tat fort\u00a0\u00bb - La Sentinelle","robots":{"index":"index","follow":"follow","max-snippet":"max-snippet:-1","max-image-preview":"max-image-preview:large","max-video-preview":"max-video-preview:-1"},"canonical":"https:\/\/lasentinelle.dz\/index.php\/2024\/08\/26\/aouchiche-a-ghardaia-batir-un-etat-fort\/","og_locale":"fr_FR","og_type":"article","og_title":"Aouchiche \u00e0 Gharda\u00efa: \u00a0\u00bb B\u00e2tir un \u00c9tat fort\u00a0\u00bb - La Sentinelle","og_description":"La campagne \u00e9lectorale pour la pr\u00e9sidentielle alg\u00e9rienne du 7 septembre 2024 bat son plein, alors que le candidat du Front","og_url":"https:\/\/lasentinelle.dz\/index.php\/2024\/08\/26\/aouchiche-a-ghardaia-batir-un-etat-fort\/","og_site_name":"La Sentinelle","article_publisher":"https:\/\/www.facebook.com\/La-Sentinelle-104059864394773","article_published_time":"2024-08-26T21:18:54+00:00","article_modified_time":"2024-08-27T21:19:31+00:00","og_image":[{"width":1280,"height":854,"url":"https:\/\/lasentinelle.dz\/wp-content\/uploads\/2024\/08\/aouchiche-7.jpg","type":"image\/jpeg"}],"author":"admin","twitter_card":"summary_large_image","twitter_misc":{"\u00c9crit par":"admin","Dur\u00e9e de lecture estim\u00e9e":"3 minutes"},"schema":{"@context":"https:\/\/schema.org","@graph":[{"@type":"Article","@id":"https:\/\/lasentinelle.dz\/index.php\/2024\/08\/26\/aouchiche-a-ghardaia-batir-un-etat-fort\/#article","isPartOf":{"@id":"https:\/\/lasentinelle.dz\/index.php\/2024\/08\/26\/aouchiche-a-ghardaia-batir-un-etat-fort\/"},"author":{"name":"admin","@id":"https:\/\/lasentinelle.dz\/#\/schema\/person\/729ee0024f24e0b8c5ec17232f8e8b41"},"headline":"Aouchiche \u00e0 Gharda\u00efa: \u00a0\u00bb B\u00e2tir un \u00c9tat fort\u00a0\u00bb","datePublished":"2024-08-26T21:18:54+00:00","dateModified":"2024-08-27T21:19:31+00:00","mainEntityOfPage":{"@id":"https:\/\/lasentinelle.dz\/index.php\/2024\/08\/26\/aouchiche-a-ghardaia-batir-un-etat-fort\/"},"wordCount":598,"commentCount":0,"publisher":{"@id":"https:\/\/lasentinelle.dz\/#organization"},"image":{"@id":"https:\/\/lasentinelle.dz\/index.php\/2024\/08\/26\/aouchiche-a-ghardaia-batir-un-etat-fort\/#primaryimage"},"thumbnailUrl":"https:\/\/lasentinelle.dz\/wp-content\/uploads\/2024\/08\/aouchiche-7.jpg","articleSection":["Pr\u00e9sidentielle 2024"],"inLanguage":"fr-FR","potentialAction":[{"@type":"CommentAction","name":"Comment","target":["https:\/\/lasentinelle.dz\/index.php\/2024\/08\/26\/aouchiche-a-ghardaia-batir-un-etat-fort\/#respond"]}]},{"@type":"WebPage","@id":"https:\/\/lasentinelle.dz\/index.php\/2024\/08\/26\/aouchiche-a-ghardaia-batir-un-etat-fort\/","url":"https:\/\/lasentinelle.dz\/index.php\/2024\/08\/26\/aouchiche-a-ghardaia-batir-un-etat-fort\/","name":"Aouchiche \u00e0 Gharda\u00efa: \u00a0\u00bb B\u00e2tir un \u00c9tat fort\u00a0\u00bb - La Sentinelle","isPartOf":{"@id":"https:\/\/lasentinelle.dz\/#website"},"primaryImageOfPage":{"@id":"https:\/\/lasentinelle.dz\/index.php\/2024\/08\/26\/aouchiche-a-ghardaia-batir-un-etat-fort\/#primaryimage"},"image":{"@id":"https:\/\/lasentinelle.dz\/index.php\/2024\/08\/26\/aouchiche-a-ghardaia-batir-un-etat-fort\/#primaryimage"},"thumbnailUrl":"https:\/\/lasentinelle.dz\/wp-content\/uploads\/2024\/08\/aouchiche-7.jpg","datePublished":"2024-08-26T21:18:54+00:00","dateModified":"2024-08-27T21:19:31+00:00","breadcrumb":{"@id":"https:\/\/lasentinelle.dz\/index.php\/2024\/08\/26\/aouchiche-a-ghardaia-batir-un-etat-fort\/#breadcrumb"},"inLanguage":"fr-FR","potentialAction":[{"@type":"ReadAction","target":["https:\/\/lasentinelle.dz\/index.php\/2024\/08\/26\/aouchiche-a-ghardaia-batir-un-etat-fort\/"]}]},{"@type":"ImageObject","inLanguage":"fr-FR","@id":"https:\/\/lasentinelle.dz\/index.php\/2024\/08\/26\/aouchiche-a-ghardaia-batir-un-etat-fort\/#primaryimage","url":"https:\/\/lasentinelle.dz\/wp-content\/uploads\/2024\/08\/aouchiche-7.jpg","contentUrl":"https:\/\/lasentinelle.dz\/wp-content\/uploads\/2024\/08\/aouchiche-7.jpg","width":1280,"height":854},{"@type":"BreadcrumbList","@id":"https:\/\/lasentinelle.dz\/index.php\/2024\/08\/26\/aouchiche-a-ghardaia-batir-un-etat-fort\/#breadcrumb","itemListElement":[{"@type":"ListItem","position":1,"name":"Accueil","item":"https:\/\/lasentinelle.dz\/"},{"@type":"ListItem","position":2,"name":"Aouchiche \u00e0 Gharda\u00efa: \u00a0\u00bb B\u00e2tir un \u00c9tat fort\u00a0\u00bb"}]},{"@type":"WebSite","@id":"https:\/\/lasentinelle.dz\/#website","url":"https:\/\/lasentinelle.dz\/","name":"La Sentinelle","description":"Quotidien national d&#039;information","publisher":{"@id":"https:\/\/lasentinelle.dz\/#organization"},"potentialAction":[{"@type":"SearchAction","target":{"@type":"EntryPoint","urlTemplate":"https:\/\/lasentinelle.dz\/?s={search_term_string}"},"query-input":{"@type":"PropertyValueSpecification","valueRequired":true,"valueName":"search_term_string"}}],"inLanguage":"fr-FR"},{"@type":"Organization","@id":"https:\/\/lasentinelle.dz\/#organization","name":"Quotidien La Sentinelle","url":"https:\/\/lasentinelle.dz\/","logo":{"@type":"ImageObject","inLanguage":"fr-FR","@id":"https:\/\/lasentinelle.dz\/#\/schema\/logo\/image\/","url":"https:\/\/lasentinelle.dz\/wp-content\/uploads\/2021\/09\/logo-sentinelleSLOGAN-1.png","contentUrl":"https:\/\/lasentinelle.dz\/wp-content\/uploads\/2021\/09\/logo-sentinelleSLOGAN-1.png","width":615,"height":142,"caption":"Quotidien La Sentinelle"},"image":{"@id":"https:\/\/lasentinelle.dz\/#\/schema\/logo\/image\/"},"sameAs":["https:\/\/www.facebook.com\/La-Sentinelle-104059864394773"]},{"@type":"Person","@id":"https:\/\/lasentinelle.dz\/#\/schema\/person\/729ee0024f24e0b8c5ec17232f8e8b41","name":"admin","image":{"@type":"ImageObject","inLanguage":"fr-FR","@id":"https:\/\/secure.gravatar.com\/avatar\/4c81fed838786e9b53f540bf46533e750f5d292099ae3b66cfc6fb1982e29df7?s=96&d=mm&r=g","url":"https:\/\/secure.gravatar.com\/avatar\/4c81fed838786e9b53f540bf46533e750f5d292099ae3b66cfc6fb1982e29df7?s=96&d=mm&r=g","contentUrl":"https:\/\/secure.gravatar.com\/avatar\/4c81fed838786e9b53f540bf46533e750f5d292099ae3b66cfc6fb1982e29df7?s=96&d=mm&r=g","caption":"admin"},"description":"admin","url":"https:\/\/lasentinelle.dz\/author\/admin\/"}]}},"_links":{"self":[{"href":"https:\/\/lasentinelle.dz\/index.php\/wp-json\/wp\/v2\/posts\/56335","targetHints":{"allow":["GET"]}}],"collection":[{"href":"https:\/\/lasentinelle.dz\/index.php\/wp-json\/wp\/v2\/posts"}],"about":[{"href":"https:\/\/lasentinelle.dz\/index.php\/wp-json\/wp\/v2\/types\/post"}],"author":[{"embeddable":true,"href":"https:\/\/lasentinelle.dz\/index.php\/wp-json\/wp\/v2\/users\/6"}],"replies":[{"embeddable":true,"href":"https:\/\/lasentinelle.dz\/index.php\/wp-json\/wp\/v2\/comments?post=56335"}],"version-history":[{"count":2,"href":"https:\/\/lasentinelle.dz\/index.php\/wp-json\/wp\/v2\/posts\/56335\/revisions"}],"predecessor-version":[{"id":56338,"href":"https:\/\/lasentinelle.dz\/index.php\/wp-json\/wp\/v2\/posts\/56335\/revisions\/56338"}],"wp:featuredmedia":[{"embeddable":true,"href":"https:\/\/lasentinelle.dz\/index.php\/wp-json\/wp\/v2\/media\/56336"}],"wp:attachment":[{"href":"https:\/\/lasentinelle.dz\/index.php\/wp-json\/wp\/v2\/media?parent=56335"}],"wp:term":[{"taxonomy":"category","embeddable":true,"href":"https:\/\/lasentinelle.dz\/index.php\/wp-json\/wp\/v2\/categories?post=56335"},{"taxonomy":"post_tag","embeddable":true,"href":"https:\/\/lasentinelle.dz\/index.php\/wp-json\/wp\/v2\/tags?post=56335"}],"curies":[{"name":"wp","href":"https:\/\/api.w.org\/{rel}","templated":true}]}}