{"id":56356,"date":"2024-08-29T13:10:19","date_gmt":"2024-08-29T12:10:19","guid":{"rendered":"https:\/\/lasentinelle.dz\/?p=56356"},"modified":"2024-08-30T13:11:34","modified_gmt":"2024-08-30T12:11:34","slug":"rehabilitation-du-telepherique-dannaba-les-pieces-de-rechange-enfin-receptionnees","status":"publish","type":"post","link":"https:\/\/lasentinelle.dz\/index.php\/2024\/08\/29\/rehabilitation-du-telepherique-dannaba-les-pieces-de-rechange-enfin-receptionnees\/","title":{"rendered":"R\u00e9habilitation du t\u00e9l\u00e9ph\u00e9rique d&rsquo;Annaba\u00a0: Les pi\u00e8ces de rechange enfin r\u00e9ceptionn\u00e9es"},"content":{"rendered":"\n<p>Aussit\u00f4t les \u00e9quipements de rechanges tant attendus arriv\u00e9es, les travaux de r\u00e9habilitation du t\u00e9l\u00e9ph\u00e9rique reliant les communes d\u2019Anna et S\u00e9raidi ont \u00e9t\u00e9 lanc\u00e9s.<\/p>\n\n\n\n<p>Les pi\u00e8ces de rechange \u00e0 l\u2019origine du retard de la remise en service du t\u00e9l\u00e9ph\u00e9rique ont \u00e9t\u00e9 r\u00e9ceptionn\u00e9es la semaine \u00e9coul\u00e9e. Il s\u2019agit de pi\u00e8ces essentielles pour la remise en service de ce moyen de transport \u00e0 l\u2019arr\u00eat depuis 2019. Ces \u00e9quipements se composent de suspentes, 300 roulements, 33 cabines et 10 unit\u00e9s de main courante. Ces \u00e9quipements sont importants la reprise du t\u00e9l\u00e9ph\u00e9rique, dont les travaux de r\u00e9habilitation ont avanc\u00e9 \u00e0 hauteur de 85%. Outre le remplacement des trois pyl\u00f4nes endommag\u00e9s, divers \u00e9quipements ont \u00e9t\u00e9 livr\u00e9s par \u00e9tapes, permettant une progression qualitative des travaux de r\u00e9paration. Ces derniers ont \u00e9t\u00e9, rappelons-le, inspect\u00e9s et contr\u00f4l\u00e9s par le ministre des Transports, lors de sa visite \u00e0 Annaba en d\u00e9cembre dernier. L\u2019arriv\u00e9e de ces \u00e9quipements t\u00e9moigne de la volont\u00e9 des autorit\u00e9s locales de la wilaya d\u2019Annaba qui se sont engag\u00e9es \u00e0 remettre ce moyen de transport par c\u00e2ble. L\u2019entreprise charg\u00e9e des travaux de r\u00e9paration et de r\u00e9habilitation est tenue de respecter les d\u00e9lais fix\u00e9s pour la livraison du t\u00e9l\u00e9ph\u00e9rique, pr\u00e9vue le 1er novembre soit dans deux mois, date comm\u00e9morant le 70\u00e8me anniversaire du d\u00e9clenchement de la guerre d\u2019ind\u00e9pendance. La remise en service du t\u00e9l\u00e9ph\u00e9rique soulagera consid\u00e9rablement ses usagers, parmi les habitants de la commune de S\u00e9raidi en p\u00e9riode hivernale o\u00f9 la route menant de Annaba \u00e0 Sera\u00efdi sur une distance de 14 km est souvent enneig\u00e9e. Ce projet de r\u00e9habilitation, d\u2019une importance capitale pour la mobilit\u00e9 des usagers, illustre les efforts d\u00e9ploy\u00e9s pour moderniser et s\u00e9curiser les infrastructures de transport en Alg\u00e9rie. Il devrait contribuer \u00e0 dynamiser le tourisme local et \u00e0 am\u00e9liorer les conditions de vie des habitants des communes de Sera\u00efdi et d\u2019Annaba. Pour rappel, \u00e0 l\u2019arr\u00eat depuis six ans, en raison d\u2019intemp\u00e9ries qui ont provoqu\u00e9 un glissement de terrain, \u00e0 l\u2019origine de l\u2019effondrement de trois pyl\u00f4nes, le t\u00e9l\u00e9ph\u00e9rique reliant Annaba \u00e0 S\u00e9ra\u00efdi, via la station de Sidi Hareb couvre une distance de 4 km. Le t\u00e9l\u00e9ph\u00e9rique a, dans l\u2019attente de ces \u00e9quipements, fait l\u2019objet de d\u2019autres travaux de r\u00e9paration, sous la supervision de l\u2019Entreprise de transport alg\u00e9rien par c\u00e2ble (ETAC), notamment l\u2019installation des c\u00e2bles sur une longueur de 4150 m\u00e8tres et des moteurs, sur lesquels des tests ont \u00e9t\u00e9 effectu\u00e9s. Cette liaison rapide entre Annaba et S\u00e9ra\u00efdi, assurant un trajet de 20 minutes, \u00e9tait utilis\u00e9e par plus de 2000 passagers\/J. Les 68 cabines du t\u00e9l\u00e9ph\u00e9rique, pouvant accueillir six personnes chacune, sont particuli\u00e8rement pris\u00e9es par les habitants de S\u00e9ra\u00efdi, qui rencontrent des difficult\u00e9s de d\u00e9placement vers Annaba, ainsi que des amoureux de la nature, pour qui cette exp\u00e9rience offre une vue exceptionnelle \u00e0 100 m\u00e8tres d\u2019altitude, sur les paysages pittoresques de la r\u00e9gion. Il est \u00e0 souligner que le t\u00e9l\u00e9ph\u00e9rique joue un r\u00f4le essentiel dans la vie quotidienne, offrant des avantages ind\u00e9niables en termes de gain de temps, de confort et d\u2019\u00e9conomie. Pour rappel, la gestion quotidienne de ce moyen de transport est ax\u00e9e sur la maintenance r\u00e9guli\u00e8re des installations, afin de garantir un fonctionnement optimal et de maintenir sa contribution essentielle aux secteurs du transport et du tourisme de la r\u00e9gion. Avec la remise en service du t\u00e9l\u00e9ph\u00e9rique, c\u2019est une nouvelle \u00e9tape qui vient marquer l\u2019importance de la restauration de la connectivit\u00e9 et du service de transport pour les habitants des deux communes, soulignant ainsi, l\u2019engagement continu autorit\u00e9s locales envers le d\u00e9veloppement et l\u2019am\u00e9lioration des infrastructures de transport dans la wilaya d\u2019Annaba.<\/p>\n\n\n\n<p><strong>Sofia Chahine&nbsp;<\/strong><\/p>\n","protected":false},"excerpt":{"rendered":"<p>Aussit\u00f4t les \u00e9quipements de rechanges tant attendus arriv\u00e9es, les travaux de r\u00e9habilitation du t\u00e9l\u00e9ph\u00e9rique reliant les communes d\u2019Anna et S\u00e9raidi<\/p>\n","protected":false},"author":6,"featured_media":5236,"comment_status":"open","ping_status":"closed","sticky":false,"template":"","format":"standard","meta":{"colormag_page_container_layout":"default_layout","colormag_page_sidebar_layout":"default_layout","om_disable_all_campaigns":false,"_monsterinsights_skip_tracking":false,"_monsterinsights_sitenote_active":false,"_monsterinsights_sitenote_note":"","_monsterinsights_sitenote_category":0,"footnotes":"","_wpscppro_dont_share_socialmedia":false,"_wpscppro_custom_social_share_image":0,"_facebook_share_type":"default","_twitter_share_type":"default","_linkedin_share_type":"default","_pinterest_share_type":"default","_linkedin_share_type_page":"","_instagram_share_type":"default","_medium_share_type":"","_threads_share_type":"","_google_business_share_type":"","_selected_social_profile":[],"_wpsp_enable_custom_social_template":false,"_wpsp_social_scheduling":{"enabled":false,"datetime":null,"platforms":[],"status":"template_only","dateOption":"today","timeOption":"now","customDays":"","customHours":"","customDate":"","customTime":"","schedulingType":"absolute"},"_wpsp_active_default_template":true},"categories":[31],"tags":[],"class_list":["post-56356","post","type-post","status-publish","format-standard","has-post-thumbnail","hentry","category-regions"],"aioseo_notices":[],"yoast_head":"<!-- This site is optimized with the Yoast SEO plugin v27.5 - https:\/\/yoast.com\/product\/yoast-seo-wordpress\/ -->\n<title>R\u00e9habilitation du t\u00e9l\u00e9ph\u00e9rique d&rsquo;Annaba\u00a0: Les pi\u00e8ces de rechange enfin r\u00e9ceptionn\u00e9es - La Sentinelle<\/title>\n<meta name=\"robots\" content=\"index, follow, max-snippet:-1, max-image-preview:large, max-video-preview:-1\" \/>\n<link rel=\"canonical\" href=\"https:\/\/lasentinelle.dz\/index.php\/2024\/08\/29\/rehabilitation-du-telepherique-dannaba-les-pieces-de-rechange-enfin-receptionnees\/\" \/>\n<meta property=\"og:locale\" content=\"fr_FR\" \/>\n<meta property=\"og:type\" content=\"article\" \/>\n<meta property=\"og:title\" content=\"R\u00e9habilitation du t\u00e9l\u00e9ph\u00e9rique d&rsquo;Annaba\u00a0: Les pi\u00e8ces de rechange enfin r\u00e9ceptionn\u00e9es - La Sentinelle\" \/>\n<meta property=\"og:description\" content=\"Aussit\u00f4t les \u00e9quipements de rechanges tant attendus arriv\u00e9es, les travaux de r\u00e9habilitation du t\u00e9l\u00e9ph\u00e9rique reliant les communes d\u2019Anna et S\u00e9raidi\" \/>\n<meta property=\"og:url\" content=\"https:\/\/lasentinelle.dz\/index.php\/2024\/08\/29\/rehabilitation-du-telepherique-dannaba-les-pieces-de-rechange-enfin-receptionnees\/\" \/>\n<meta property=\"og:site_name\" content=\"La Sentinelle\" \/>\n<meta property=\"article:publisher\" content=\"https:\/\/www.facebook.com\/La-Sentinelle-104059864394773\" \/>\n<meta property=\"article:published_time\" content=\"2024-08-29T12:10:19+00:00\" \/>\n<meta property=\"article:modified_time\" content=\"2024-08-30T12:11:34+00:00\" \/>\n<meta property=\"og:image\" content=\"https:\/\/lasentinelle.dz\/wp-content\/uploads\/2021\/08\/telepherique.jpeg\" \/>\n\t<meta property=\"og:image:width\" content=\"600\" \/>\n\t<meta property=\"og:image:height\" content=\"339\" \/>\n\t<meta property=\"og:image:type\" content=\"image\/jpeg\" \/>\n<meta name=\"author\" content=\"admin\" \/>\n<meta name=\"twitter:card\" content=\"summary_large_image\" \/>\n<meta name=\"twitter:label1\" content=\"\u00c9crit par\" \/>\n\t<meta name=\"twitter:data1\" content=\"admin\" \/>\n\t<meta name=\"twitter:label2\" content=\"Dur\u00e9e de lecture estim\u00e9e\" \/>\n\t<meta name=\"twitter:data2\" content=\"4 minutes\" \/>\n<script type=\"application\/ld+json\" class=\"yoast-schema-graph\">{\"@context\":\"https:\\\/\\\/schema.org\",\"@graph\":[{\"@type\":\"Article\",\"@id\":\"https:\\\/\\\/lasentinelle.dz\\\/index.php\\\/2024\\\/08\\\/29\\\/rehabilitation-du-telepherique-dannaba-les-pieces-de-rechange-enfin-receptionnees\\\/#article\",\"isPartOf\":{\"@id\":\"https:\\\/\\\/lasentinelle.dz\\\/index.php\\\/2024\\\/08\\\/29\\\/rehabilitation-du-telepherique-dannaba-les-pieces-de-rechange-enfin-receptionnees\\\/\"},\"author\":{\"name\":\"admin\",\"@id\":\"https:\\\/\\\/lasentinelle.dz\\\/#\\\/schema\\\/person\\\/729ee0024f24e0b8c5ec17232f8e8b41\"},\"headline\":\"R\u00e9habilitation du t\u00e9l\u00e9ph\u00e9rique d&rsquo;Annaba\u00a0: Les pi\u00e8ces de rechange enfin r\u00e9ceptionn\u00e9es\",\"datePublished\":\"2024-08-29T12:10:19+00:00\",\"dateModified\":\"2024-08-30T12:11:34+00:00\",\"mainEntityOfPage\":{\"@id\":\"https:\\\/\\\/lasentinelle.dz\\\/index.php\\\/2024\\\/08\\\/29\\\/rehabilitation-du-telepherique-dannaba-les-pieces-de-rechange-enfin-receptionnees\\\/\"},\"wordCount\":709,\"commentCount\":0,\"publisher\":{\"@id\":\"https:\\\/\\\/lasentinelle.dz\\\/#organization\"},\"image\":{\"@id\":\"https:\\\/\\\/lasentinelle.dz\\\/index.php\\\/2024\\\/08\\\/29\\\/rehabilitation-du-telepherique-dannaba-les-pieces-de-rechange-enfin-receptionnees\\\/#primaryimage\"},\"thumbnailUrl\":\"https:\\\/\\\/lasentinelle.dz\\\/wp-content\\\/uploads\\\/2021\\\/08\\\/telepherique.jpeg\",\"articleSection\":[\"R\u00e9gions\"],\"inLanguage\":\"fr-FR\",\"potentialAction\":[{\"@type\":\"CommentAction\",\"name\":\"Comment\",\"target\":[\"https:\\\/\\\/lasentinelle.dz\\\/index.php\\\/2024\\\/08\\\/29\\\/rehabilitation-du-telepherique-dannaba-les-pieces-de-rechange-enfin-receptionnees\\\/#respond\"]}]},{\"@type\":\"WebPage\",\"@id\":\"https:\\\/\\\/lasentinelle.dz\\\/index.php\\\/2024\\\/08\\\/29\\\/rehabilitation-du-telepherique-dannaba-les-pieces-de-rechange-enfin-receptionnees\\\/\",\"url\":\"https:\\\/\\\/lasentinelle.dz\\\/index.php\\\/2024\\\/08\\\/29\\\/rehabilitation-du-telepherique-dannaba-les-pieces-de-rechange-enfin-receptionnees\\\/\",\"name\":\"R\u00e9habilitation du t\u00e9l\u00e9ph\u00e9rique d&rsquo;Annaba\u00a0: Les pi\u00e8ces de rechange enfin r\u00e9ceptionn\u00e9es - La Sentinelle\",\"isPartOf\":{\"@id\":\"https:\\\/\\\/lasentinelle.dz\\\/#website\"},\"primaryImageOfPage\":{\"@id\":\"https:\\\/\\\/lasentinelle.dz\\\/index.php\\\/2024\\\/08\\\/29\\\/rehabilitation-du-telepherique-dannaba-les-pieces-de-rechange-enfin-receptionnees\\\/#primaryimage\"},\"image\":{\"@id\":\"https:\\\/\\\/lasentinelle.dz\\\/index.php\\\/2024\\\/08\\\/29\\\/rehabilitation-du-telepherique-dannaba-les-pieces-de-rechange-enfin-receptionnees\\\/#primaryimage\"},\"thumbnailUrl\":\"https:\\\/\\\/lasentinelle.dz\\\/wp-content\\\/uploads\\\/2021\\\/08\\\/telepherique.jpeg\",\"datePublished\":\"2024-08-29T12:10:19+00:00\",\"dateModified\":\"2024-08-30T12:11:34+00:00\",\"breadcrumb\":{\"@id\":\"https:\\\/\\\/lasentinelle.dz\\\/index.php\\\/2024\\\/08\\\/29\\\/rehabilitation-du-telepherique-dannaba-les-pieces-de-rechange-enfin-receptionnees\\\/#breadcrumb\"},\"inLanguage\":\"fr-FR\",\"potentialAction\":[{\"@type\":\"ReadAction\",\"target\":[\"https:\\\/\\\/lasentinelle.dz\\\/index.php\\\/2024\\\/08\\\/29\\\/rehabilitation-du-telepherique-dannaba-les-pieces-de-rechange-enfin-receptionnees\\\/\"]}]},{\"@type\":\"ImageObject\",\"inLanguage\":\"fr-FR\",\"@id\":\"https:\\\/\\\/lasentinelle.dz\\\/index.php\\\/2024\\\/08\\\/29\\\/rehabilitation-du-telepherique-dannaba-les-pieces-de-rechange-enfin-receptionnees\\\/#primaryimage\",\"url\":\"https:\\\/\\\/lasentinelle.dz\\\/wp-content\\\/uploads\\\/2021\\\/08\\\/telepherique.jpeg\",\"contentUrl\":\"https:\\\/\\\/lasentinelle.dz\\\/wp-content\\\/uploads\\\/2021\\\/08\\\/telepherique.jpeg\",\"width\":600,\"height\":339},{\"@type\":\"BreadcrumbList\",\"@id\":\"https:\\\/\\\/lasentinelle.dz\\\/index.php\\\/2024\\\/08\\\/29\\\/rehabilitation-du-telepherique-dannaba-les-pieces-de-rechange-enfin-receptionnees\\\/#breadcrumb\",\"itemListElement\":[{\"@type\":\"ListItem\",\"position\":1,\"name\":\"Accueil\",\"item\":\"https:\\\/\\\/lasentinelle.dz\\\/\"},{\"@type\":\"ListItem\",\"position\":2,\"name\":\"R\u00e9habilitation du t\u00e9l\u00e9ph\u00e9rique d&rsquo;Annaba\u00a0: Les pi\u00e8ces de rechange enfin r\u00e9ceptionn\u00e9es\"}]},{\"@type\":\"WebSite\",\"@id\":\"https:\\\/\\\/lasentinelle.dz\\\/#website\",\"url\":\"https:\\\/\\\/lasentinelle.dz\\\/\",\"name\":\"La Sentinelle\",\"description\":\"Quotidien national d&#039;information\",\"publisher\":{\"@id\":\"https:\\\/\\\/lasentinelle.dz\\\/#organization\"},\"potentialAction\":[{\"@type\":\"SearchAction\",\"target\":{\"@type\":\"EntryPoint\",\"urlTemplate\":\"https:\\\/\\\/lasentinelle.dz\\\/?s={search_term_string}\"},\"query-input\":{\"@type\":\"PropertyValueSpecification\",\"valueRequired\":true,\"valueName\":\"search_term_string\"}}],\"inLanguage\":\"fr-FR\"},{\"@type\":\"Organization\",\"@id\":\"https:\\\/\\\/lasentinelle.dz\\\/#organization\",\"name\":\"Quotidien La Sentinelle\",\"url\":\"https:\\\/\\\/lasentinelle.dz\\\/\",\"logo\":{\"@type\":\"ImageObject\",\"inLanguage\":\"fr-FR\",\"@id\":\"https:\\\/\\\/lasentinelle.dz\\\/#\\\/schema\\\/logo\\\/image\\\/\",\"url\":\"https:\\\/\\\/lasentinelle.dz\\\/wp-content\\\/uploads\\\/2021\\\/09\\\/logo-sentinelleSLOGAN-1.png\",\"contentUrl\":\"https:\\\/\\\/lasentinelle.dz\\\/wp-content\\\/uploads\\\/2021\\\/09\\\/logo-sentinelleSLOGAN-1.png\",\"width\":615,\"height\":142,\"caption\":\"Quotidien La Sentinelle\"},\"image\":{\"@id\":\"https:\\\/\\\/lasentinelle.dz\\\/#\\\/schema\\\/logo\\\/image\\\/\"},\"sameAs\":[\"https:\\\/\\\/www.facebook.com\\\/La-Sentinelle-104059864394773\"]},{\"@type\":\"Person\",\"@id\":\"https:\\\/\\\/lasentinelle.dz\\\/#\\\/schema\\\/person\\\/729ee0024f24e0b8c5ec17232f8e8b41\",\"name\":\"admin\",\"image\":{\"@type\":\"ImageObject\",\"inLanguage\":\"fr-FR\",\"@id\":\"https:\\\/\\\/secure.gravatar.com\\\/avatar\\\/4c81fed838786e9b53f540bf46533e750f5d292099ae3b66cfc6fb1982e29df7?s=96&d=mm&r=g\",\"url\":\"https:\\\/\\\/secure.gravatar.com\\\/avatar\\\/4c81fed838786e9b53f540bf46533e750f5d292099ae3b66cfc6fb1982e29df7?s=96&d=mm&r=g\",\"contentUrl\":\"https:\\\/\\\/secure.gravatar.com\\\/avatar\\\/4c81fed838786e9b53f540bf46533e750f5d292099ae3b66cfc6fb1982e29df7?s=96&d=mm&r=g\",\"caption\":\"admin\"},\"description\":\"admin\",\"url\":\"https:\\\/\\\/lasentinelle.dz\\\/author\\\/admin\\\/\"}]}<\/script>\n<!-- \/ Yoast SEO plugin. -->","yoast_head_json":{"title":"R\u00e9habilitation du t\u00e9l\u00e9ph\u00e9rique d&rsquo;Annaba\u00a0: Les pi\u00e8ces de rechange enfin r\u00e9ceptionn\u00e9es - La Sentinelle","robots":{"index":"index","follow":"follow","max-snippet":"max-snippet:-1","max-image-preview":"max-image-preview:large","max-video-preview":"max-video-preview:-1"},"canonical":"https:\/\/lasentinelle.dz\/index.php\/2024\/08\/29\/rehabilitation-du-telepherique-dannaba-les-pieces-de-rechange-enfin-receptionnees\/","og_locale":"fr_FR","og_type":"article","og_title":"R\u00e9habilitation du t\u00e9l\u00e9ph\u00e9rique d&rsquo;Annaba\u00a0: Les pi\u00e8ces de rechange enfin r\u00e9ceptionn\u00e9es - La Sentinelle","og_description":"Aussit\u00f4t les \u00e9quipements de rechanges tant attendus arriv\u00e9es, les travaux de r\u00e9habilitation du t\u00e9l\u00e9ph\u00e9rique reliant les communes d\u2019Anna et S\u00e9raidi","og_url":"https:\/\/lasentinelle.dz\/index.php\/2024\/08\/29\/rehabilitation-du-telepherique-dannaba-les-pieces-de-rechange-enfin-receptionnees\/","og_site_name":"La Sentinelle","article_publisher":"https:\/\/www.facebook.com\/La-Sentinelle-104059864394773","article_published_time":"2024-08-29T12:10:19+00:00","article_modified_time":"2024-08-30T12:11:34+00:00","og_image":[{"width":600,"height":339,"url":"https:\/\/lasentinelle.dz\/wp-content\/uploads\/2021\/08\/telepherique.jpeg","type":"image\/jpeg"}],"author":"admin","twitter_card":"summary_large_image","twitter_misc":{"\u00c9crit par":"admin","Dur\u00e9e de lecture estim\u00e9e":"4 minutes"},"schema":{"@context":"https:\/\/schema.org","@graph":[{"@type":"Article","@id":"https:\/\/lasentinelle.dz\/index.php\/2024\/08\/29\/rehabilitation-du-telepherique-dannaba-les-pieces-de-rechange-enfin-receptionnees\/#article","isPartOf":{"@id":"https:\/\/lasentinelle.dz\/index.php\/2024\/08\/29\/rehabilitation-du-telepherique-dannaba-les-pieces-de-rechange-enfin-receptionnees\/"},"author":{"name":"admin","@id":"https:\/\/lasentinelle.dz\/#\/schema\/person\/729ee0024f24e0b8c5ec17232f8e8b41"},"headline":"R\u00e9habilitation du t\u00e9l\u00e9ph\u00e9rique d&rsquo;Annaba\u00a0: Les pi\u00e8ces de rechange enfin r\u00e9ceptionn\u00e9es","datePublished":"2024-08-29T12:10:19+00:00","dateModified":"2024-08-30T12:11:34+00:00","mainEntityOfPage":{"@id":"https:\/\/lasentinelle.dz\/index.php\/2024\/08\/29\/rehabilitation-du-telepherique-dannaba-les-pieces-de-rechange-enfin-receptionnees\/"},"wordCount":709,"commentCount":0,"publisher":{"@id":"https:\/\/lasentinelle.dz\/#organization"},"image":{"@id":"https:\/\/lasentinelle.dz\/index.php\/2024\/08\/29\/rehabilitation-du-telepherique-dannaba-les-pieces-de-rechange-enfin-receptionnees\/#primaryimage"},"thumbnailUrl":"https:\/\/lasentinelle.dz\/wp-content\/uploads\/2021\/08\/telepherique.jpeg","articleSection":["R\u00e9gions"],"inLanguage":"fr-FR","potentialAction":[{"@type":"CommentAction","name":"Comment","target":["https:\/\/lasentinelle.dz\/index.php\/2024\/08\/29\/rehabilitation-du-telepherique-dannaba-les-pieces-de-rechange-enfin-receptionnees\/#respond"]}]},{"@type":"WebPage","@id":"https:\/\/lasentinelle.dz\/index.php\/2024\/08\/29\/rehabilitation-du-telepherique-dannaba-les-pieces-de-rechange-enfin-receptionnees\/","url":"https:\/\/lasentinelle.dz\/index.php\/2024\/08\/29\/rehabilitation-du-telepherique-dannaba-les-pieces-de-rechange-enfin-receptionnees\/","name":"R\u00e9habilitation du t\u00e9l\u00e9ph\u00e9rique d&rsquo;Annaba\u00a0: Les pi\u00e8ces de rechange enfin r\u00e9ceptionn\u00e9es - La Sentinelle","isPartOf":{"@id":"https:\/\/lasentinelle.dz\/#website"},"primaryImageOfPage":{"@id":"https:\/\/lasentinelle.dz\/index.php\/2024\/08\/29\/rehabilitation-du-telepherique-dannaba-les-pieces-de-rechange-enfin-receptionnees\/#primaryimage"},"image":{"@id":"https:\/\/lasentinelle.dz\/index.php\/2024\/08\/29\/rehabilitation-du-telepherique-dannaba-les-pieces-de-rechange-enfin-receptionnees\/#primaryimage"},"thumbnailUrl":"https:\/\/lasentinelle.dz\/wp-content\/uploads\/2021\/08\/telepherique.jpeg","datePublished":"2024-08-29T12:10:19+00:00","dateModified":"2024-08-30T12:11:34+00:00","breadcrumb":{"@id":"https:\/\/lasentinelle.dz\/index.php\/2024\/08\/29\/rehabilitation-du-telepherique-dannaba-les-pieces-de-rechange-enfin-receptionnees\/#breadcrumb"},"inLanguage":"fr-FR","potentialAction":[{"@type":"ReadAction","target":["https:\/\/lasentinelle.dz\/index.php\/2024\/08\/29\/rehabilitation-du-telepherique-dannaba-les-pieces-de-rechange-enfin-receptionnees\/"]}]},{"@type":"ImageObject","inLanguage":"fr-FR","@id":"https:\/\/lasentinelle.dz\/index.php\/2024\/08\/29\/rehabilitation-du-telepherique-dannaba-les-pieces-de-rechange-enfin-receptionnees\/#primaryimage","url":"https:\/\/lasentinelle.dz\/wp-content\/uploads\/2021\/08\/telepherique.jpeg","contentUrl":"https:\/\/lasentinelle.dz\/wp-content\/uploads\/2021\/08\/telepherique.jpeg","width":600,"height":339},{"@type":"BreadcrumbList","@id":"https:\/\/lasentinelle.dz\/index.php\/2024\/08\/29\/rehabilitation-du-telepherique-dannaba-les-pieces-de-rechange-enfin-receptionnees\/#breadcrumb","itemListElement":[{"@type":"ListItem","position":1,"name":"Accueil","item":"https:\/\/lasentinelle.dz\/"},{"@type":"ListItem","position":2,"name":"R\u00e9habilitation du t\u00e9l\u00e9ph\u00e9rique d&rsquo;Annaba\u00a0: Les pi\u00e8ces de rechange enfin r\u00e9ceptionn\u00e9es"}]},{"@type":"WebSite","@id":"https:\/\/lasentinelle.dz\/#website","url":"https:\/\/lasentinelle.dz\/","name":"La Sentinelle","description":"Quotidien national d&#039;information","publisher":{"@id":"https:\/\/lasentinelle.dz\/#organization"},"potentialAction":[{"@type":"SearchAction","target":{"@type":"EntryPoint","urlTemplate":"https:\/\/lasentinelle.dz\/?s={search_term_string}"},"query-input":{"@type":"PropertyValueSpecification","valueRequired":true,"valueName":"search_term_string"}}],"inLanguage":"fr-FR"},{"@type":"Organization","@id":"https:\/\/lasentinelle.dz\/#organization","name":"Quotidien La Sentinelle","url":"https:\/\/lasentinelle.dz\/","logo":{"@type":"ImageObject","inLanguage":"fr-FR","@id":"https:\/\/lasentinelle.dz\/#\/schema\/logo\/image\/","url":"https:\/\/lasentinelle.dz\/wp-content\/uploads\/2021\/09\/logo-sentinelleSLOGAN-1.png","contentUrl":"https:\/\/lasentinelle.dz\/wp-content\/uploads\/2021\/09\/logo-sentinelleSLOGAN-1.png","width":615,"height":142,"caption":"Quotidien La Sentinelle"},"image":{"@id":"https:\/\/lasentinelle.dz\/#\/schema\/logo\/image\/"},"sameAs":["https:\/\/www.facebook.com\/La-Sentinelle-104059864394773"]},{"@type":"Person","@id":"https:\/\/lasentinelle.dz\/#\/schema\/person\/729ee0024f24e0b8c5ec17232f8e8b41","name":"admin","image":{"@type":"ImageObject","inLanguage":"fr-FR","@id":"https:\/\/secure.gravatar.com\/avatar\/4c81fed838786e9b53f540bf46533e750f5d292099ae3b66cfc6fb1982e29df7?s=96&d=mm&r=g","url":"https:\/\/secure.gravatar.com\/avatar\/4c81fed838786e9b53f540bf46533e750f5d292099ae3b66cfc6fb1982e29df7?s=96&d=mm&r=g","contentUrl":"https:\/\/secure.gravatar.com\/avatar\/4c81fed838786e9b53f540bf46533e750f5d292099ae3b66cfc6fb1982e29df7?s=96&d=mm&r=g","caption":"admin"},"description":"admin","url":"https:\/\/lasentinelle.dz\/author\/admin\/"}]}},"_links":{"self":[{"href":"https:\/\/lasentinelle.dz\/index.php\/wp-json\/wp\/v2\/posts\/56356","targetHints":{"allow":["GET"]}}],"collection":[{"href":"https:\/\/lasentinelle.dz\/index.php\/wp-json\/wp\/v2\/posts"}],"about":[{"href":"https:\/\/lasentinelle.dz\/index.php\/wp-json\/wp\/v2\/types\/post"}],"author":[{"embeddable":true,"href":"https:\/\/lasentinelle.dz\/index.php\/wp-json\/wp\/v2\/users\/6"}],"replies":[{"embeddable":true,"href":"https:\/\/lasentinelle.dz\/index.php\/wp-json\/wp\/v2\/comments?post=56356"}],"version-history":[{"count":2,"href":"https:\/\/lasentinelle.dz\/index.php\/wp-json\/wp\/v2\/posts\/56356\/revisions"}],"predecessor-version":[{"id":56358,"href":"https:\/\/lasentinelle.dz\/index.php\/wp-json\/wp\/v2\/posts\/56356\/revisions\/56358"}],"wp:featuredmedia":[{"embeddable":true,"href":"https:\/\/lasentinelle.dz\/index.php\/wp-json\/wp\/v2\/media\/5236"}],"wp:attachment":[{"href":"https:\/\/lasentinelle.dz\/index.php\/wp-json\/wp\/v2\/media?parent=56356"}],"wp:term":[{"taxonomy":"category","embeddable":true,"href":"https:\/\/lasentinelle.dz\/index.php\/wp-json\/wp\/v2\/categories?post=56356"},{"taxonomy":"post_tag","embeddable":true,"href":"https:\/\/lasentinelle.dz\/index.php\/wp-json\/wp\/v2\/tags?post=56356"}],"curies":[{"name":"wp","href":"https:\/\/api.w.org\/{rel}","templated":true}]}}