{"id":56364,"date":"2024-08-29T13:14:24","date_gmt":"2024-08-29T12:14:24","guid":{"rendered":"https:\/\/lasentinelle.dz\/?p=56364"},"modified":"2024-08-30T13:16:50","modified_gmt":"2024-08-30T12:16:50","slug":"alors-que-la-cij-a-declare-loccupation-sioniste-illegale-escalade-de-violence-en-cisjordanie-occupee","status":"publish","type":"post","link":"https:\/\/lasentinelle.dz\/index.php\/2024\/08\/29\/alors-que-la-cij-a-declare-loccupation-sioniste-illegale-escalade-de-violence-en-cisjordanie-occupee\/","title":{"rendered":"Alors que la CIJ a d\u00e9clar\u00e9 l&rsquo;occupation sioniste ill\u00e9gale : Escalade de violence en Cisjordanie occup\u00e9e"},"content":{"rendered":"\n<p>L&rsquo;escalade de la violence se poursuit en Cisjordanie occup\u00e9e. Une vaste attaque sioniste a fait au moins 11 morts palestiniens hier dans le nord de la Cisjordanie, principalement \u00e0 J\u00e9nine et Tulkarem, marquant une intensification alarmante des tensions dans la r\u00e9gion.<\/p>\n\n\n\n<p>Cette nouvelle attaque, qualifi\u00e9e par les autorit\u00e9s palestiniennes de \u00ab\u00a0la plus importante depuis 2002\u00a0\u00bb, alors que la Cour internationale de Justice (CIJ) a d\u00e9clar\u00e9 l&rsquo;occupation isra\u00e9lienne ill\u00e9gale et a exig\u00e9 le retrait des forces d&rsquo;occupation et des colons de la Cisjordanie occup\u00e9e y compris El-Qods Est. Aussi, depuis le d\u00e9but de l&rsquo;agression g\u00e9nocidaire sioniste \u00e0 Ghaza en octobre 2023, la violence n&rsquo;a cess\u00e9 de s&rsquo;accentuer en Cisjordanie, avec un bilan humain qui ne cesse de s&rsquo;alourdir. Selon les chiffres fournis par les autorit\u00e9s palestiniennes, pas moins de 662 Palestiniens, dont 150 enfants, ont perdu la vie dans cette r\u00e9gion depuis le 7 octobre dernier. Le Haut-Commissariat des Nations Unies aux droits de l&rsquo;homme a vivement r\u00e9agi \u00e0 cette escalade, condamnant fermement les attaques croissantes de l&rsquo;arm\u00e9e d&rsquo;occupation et des colons contre les Palestiniens en Cisjordanie occup\u00e9e. Dans un communiqu\u00e9, l&rsquo;agence onusienne a qualifi\u00e9 ces actions de \u00ab\u00a0violation flagrante du droit international\u00a0\u00bb, soulignant que l&rsquo;assaut sioniste \u00ab\u00a0ne se limitait pas \u00e0 des attaques militaires, mais comprenait \u00e9galement une escalade de la violence des colons et le transfert forc\u00e9 de Palestiniens de leurs zones en Cisjordanie\u00a0\u00bb. Le porte-parole de la pr\u00e9sidence palestinienne, Nabil Abu Rudeina, a mis en garde contre les cons\u00e9quences potentiellement d\u00e9vastatrices de cette escalade. Il a d\u00e9crit la situation comme une \u00ab\u00a0guerre globale contre notre peuple, notre terre, et notre caract\u00e8re sacr\u00e9\u00a0\u00bb, pointant du doigt non seulement les autorit\u00e9s sionistes mais aussi les \u00c9tats-Unis, accus\u00e9s de fournir \u00ab\u00a0protection et soutien \u00e0 cette occupation pour poursuivre sa guerre\u00a0\u00bb. Abu Rudeina a appel\u00e9 \u00e0 une intervention internationale imm\u00e9diate pour mettre fin \u00e0 ce qu&rsquo;il qualifie de \u00ab\u00a0politique barbare\u00a0\u00bb de l&rsquo;entit\u00e9 sioniste.<\/p>\n\n\n\n<p>Cette recrudescence de violence intervient dans un contexte g\u00e9opolitique particuli\u00e8rement tendu. En effet, la Cour internationale de Justice a r\u00e9cemment rendu un avis consultatif historique, d\u00e9clarant l&rsquo;occupation isra\u00e9lienne de la Cisjordanie, y compris El Qods-Est, comme ill\u00e9gale au regard du droit international. La Cour a exig\u00e9 le retrait imm\u00e9diat et inconditionnel des forces d&rsquo;occupation isra\u00e9liennes de ces territoires. Cependant, malgr\u00e9 cette d\u00e9cision juridique internationale de poids, la r\u00e9alit\u00e9 sur le terrain semble aller dans le sens oppos\u00e9, avec une intensification des op\u00e9rations militaires et une expansion continue des colonies isra\u00e9liennes.<\/p>\n\n\n\n<p>Le Haut-Commissariat de l&rsquo;ONU a d&rsquo;ailleurs soulign\u00e9 dans son communiqu\u00e9 que les colons qui s&#8217;emparent des territoires palestiniens \u00ab\u00a0b\u00e9n\u00e9ficient du soutien de certains hauts responsables politiques isra\u00e9liens\u00a0\u00bb, ce qui complique encore davantage la situation et rend le respect de la d\u00e9cision de la CIJ d&rsquo;autant plus improbable \u00e0 court terme.<\/p>\n\n\n\n<p>Parall\u00e8lement \u00e0 cette situation d\u00e9j\u00e0 explosive en Cisjordanie, la g\u00e9nocide \u00e0 Ghaza se poursuit sans rel\u00e2che depuis plus de 10 mois. Le bilan humain y est catastrophique, avec plus de 134 000 Palestiniens tu\u00e9s ou bless\u00e9s, principalement des femmes et des enfants, et plus de 10 000 disparus. La destruction massive des infrastructures et la famine qui en r\u00e9sulte aggrave encore la crise humanitaire.<\/p>\n\n\n\n<p>Face \u00e0 cette situation, Abu Rudeina a lanc\u00e9 un avertissement solennel : \u00ab\u00a0Cette politique d&rsquo;escalade, la destruction de villes, le meurtre de citoyens, les arrestations et la colonisation, n&rsquo;apporteront la s\u00e9curit\u00e9 et la stabilit\u00e9 \u00e0 personne, et tout le monde paiera le prix de ces b\u00eatises\u00a0\u00bb de l&rsquo;occupant isra\u00e9lien. Il a appel\u00e9 la communaut\u00e9 internationale, et en particulier les \u00c9tats-Unis, \u00e0 \u00ab\u00a0intervenir imm\u00e9diatement et \u00e0 forcer les autorit\u00e9s d&rsquo;occupation \u00e0 mettre fin \u00e0 leur guerre globale contre le peuple palestinien, la terre palestinienne et ses lieux sacr\u00e9s\u00a0\u00bb.<\/p>\n\n\n\n<p>L&rsquo;escalade actuelle en Cisjordanie, coupl\u00e9e \u00e0 la poursuite du conflit \u00e0 Ghaza, fait craindre une extension du conflit \u00e0 l&rsquo;ensemble de la r\u00e9gion. Le Haut-Commissariat de l&rsquo;ONU a d&rsquo;ailleurs averti que ces attaques croissantes \u00ab\u00a0comportent le risque d&rsquo;aggraver davantage la situation instable dans la r\u00e9gion\u00a0\u00bb.<\/p>\n\n\n\n<p>Lyes Sa\u00efdi<\/p>\n","protected":false},"excerpt":{"rendered":"<p>L&rsquo;escalade de la violence se poursuit en Cisjordanie occup\u00e9e. Une vaste attaque sioniste a fait au moins 11 morts palestiniens<\/p>\n","protected":false},"author":6,"featured_media":56365,"comment_status":"open","ping_status":"closed","sticky":false,"template":"","format":"standard","meta":{"colormag_page_container_layout":"default_layout","colormag_page_sidebar_layout":"default_layout","om_disable_all_campaigns":false,"_monsterinsights_skip_tracking":false,"_monsterinsights_sitenote_active":false,"_monsterinsights_sitenote_note":"","_monsterinsights_sitenote_category":0,"footnotes":"","_wpscppro_dont_share_socialmedia":false,"_wpscppro_custom_social_share_image":0,"_facebook_share_type":"default","_twitter_share_type":"default","_linkedin_share_type":"default","_pinterest_share_type":"default","_linkedin_share_type_page":"","_instagram_share_type":"default","_medium_share_type":"","_threads_share_type":"","_google_business_share_type":"","_selected_social_profile":[],"_wpsp_enable_custom_social_template":false,"_wpsp_social_scheduling":{"enabled":false,"datetime":null,"platforms":[],"status":"template_only","dateOption":"today","timeOption":"now","customDays":"","customHours":"","customDate":"","customTime":"","schedulingType":"absolute"},"_wpsp_active_default_template":true},"categories":[52,27],"tags":[],"class_list":["post-56364","post","type-post","status-publish","format-standard","has-post-thumbnail","hentry","category-a-la-une","category-actualite"],"aioseo_notices":[],"yoast_head":"<!-- This site is optimized with the Yoast SEO plugin v27.5 - https:\/\/yoast.com\/product\/yoast-seo-wordpress\/ -->\n<title>Alors que la CIJ a d\u00e9clar\u00e9 l&rsquo;occupation sioniste ill\u00e9gale : Escalade de violence en Cisjordanie occup\u00e9e - La Sentinelle<\/title>\n<meta name=\"robots\" content=\"index, follow, max-snippet:-1, max-image-preview:large, max-video-preview:-1\" \/>\n<link rel=\"canonical\" href=\"https:\/\/lasentinelle.dz\/index.php\/2024\/08\/29\/alors-que-la-cij-a-declare-loccupation-sioniste-illegale-escalade-de-violence-en-cisjordanie-occupee\/\" \/>\n<meta property=\"og:locale\" content=\"fr_FR\" \/>\n<meta property=\"og:type\" content=\"article\" \/>\n<meta property=\"og:title\" content=\"Alors que la CIJ a d\u00e9clar\u00e9 l&rsquo;occupation sioniste ill\u00e9gale : Escalade de violence en Cisjordanie occup\u00e9e - La Sentinelle\" \/>\n<meta property=\"og:description\" content=\"L&rsquo;escalade de la violence se poursuit en Cisjordanie occup\u00e9e. Une vaste attaque sioniste a fait au moins 11 morts palestiniens\" \/>\n<meta property=\"og:url\" content=\"https:\/\/lasentinelle.dz\/index.php\/2024\/08\/29\/alors-que-la-cij-a-declare-loccupation-sioniste-illegale-escalade-de-violence-en-cisjordanie-occupee\/\" \/>\n<meta property=\"og:site_name\" content=\"La Sentinelle\" \/>\n<meta property=\"article:publisher\" content=\"https:\/\/www.facebook.com\/La-Sentinelle-104059864394773\" \/>\n<meta property=\"article:published_time\" content=\"2024-08-29T12:14:24+00:00\" \/>\n<meta property=\"article:modified_time\" content=\"2024-08-30T12:16:50+00:00\" \/>\n<meta property=\"og:image\" content=\"https:\/\/lasentinelle.dz\/wp-content\/uploads\/2024\/08\/Capture-decran-2024-08-30-a-13.15.54.png\" \/>\n\t<meta property=\"og:image:width\" content=\"1336\" \/>\n\t<meta property=\"og:image:height\" content=\"744\" \/>\n\t<meta property=\"og:image:type\" content=\"image\/png\" \/>\n<meta name=\"author\" content=\"admin\" \/>\n<meta name=\"twitter:card\" content=\"summary_large_image\" \/>\n<meta name=\"twitter:label1\" content=\"\u00c9crit par\" \/>\n\t<meta name=\"twitter:data1\" content=\"admin\" \/>\n\t<meta name=\"twitter:label2\" content=\"Dur\u00e9e de lecture estim\u00e9e\" \/>\n\t<meta name=\"twitter:data2\" content=\"4 minutes\" \/>\n<script type=\"application\/ld+json\" class=\"yoast-schema-graph\">{\"@context\":\"https:\\\/\\\/schema.org\",\"@graph\":[{\"@type\":\"Article\",\"@id\":\"https:\\\/\\\/lasentinelle.dz\\\/index.php\\\/2024\\\/08\\\/29\\\/alors-que-la-cij-a-declare-loccupation-sioniste-illegale-escalade-de-violence-en-cisjordanie-occupee\\\/#article\",\"isPartOf\":{\"@id\":\"https:\\\/\\\/lasentinelle.dz\\\/index.php\\\/2024\\\/08\\\/29\\\/alors-que-la-cij-a-declare-loccupation-sioniste-illegale-escalade-de-violence-en-cisjordanie-occupee\\\/\"},\"author\":{\"name\":\"admin\",\"@id\":\"https:\\\/\\\/lasentinelle.dz\\\/#\\\/schema\\\/person\\\/729ee0024f24e0b8c5ec17232f8e8b41\"},\"headline\":\"Alors que la CIJ a d\u00e9clar\u00e9 l&rsquo;occupation sioniste ill\u00e9gale : Escalade de violence en Cisjordanie occup\u00e9e\",\"datePublished\":\"2024-08-29T12:14:24+00:00\",\"dateModified\":\"2024-08-30T12:16:50+00:00\",\"mainEntityOfPage\":{\"@id\":\"https:\\\/\\\/lasentinelle.dz\\\/index.php\\\/2024\\\/08\\\/29\\\/alors-que-la-cij-a-declare-loccupation-sioniste-illegale-escalade-de-violence-en-cisjordanie-occupee\\\/\"},\"wordCount\":724,\"commentCount\":0,\"publisher\":{\"@id\":\"https:\\\/\\\/lasentinelle.dz\\\/#organization\"},\"image\":{\"@id\":\"https:\\\/\\\/lasentinelle.dz\\\/index.php\\\/2024\\\/08\\\/29\\\/alors-que-la-cij-a-declare-loccupation-sioniste-illegale-escalade-de-violence-en-cisjordanie-occupee\\\/#primaryimage\"},\"thumbnailUrl\":\"https:\\\/\\\/lasentinelle.dz\\\/wp-content\\\/uploads\\\/2024\\\/08\\\/Capture-decran-2024-08-30-a-13.15.54.png\",\"articleSection\":[\"\u00c0 la Une\",\"Actualit\u00e9\"],\"inLanguage\":\"fr-FR\",\"potentialAction\":[{\"@type\":\"CommentAction\",\"name\":\"Comment\",\"target\":[\"https:\\\/\\\/lasentinelle.dz\\\/index.php\\\/2024\\\/08\\\/29\\\/alors-que-la-cij-a-declare-loccupation-sioniste-illegale-escalade-de-violence-en-cisjordanie-occupee\\\/#respond\"]}]},{\"@type\":\"WebPage\",\"@id\":\"https:\\\/\\\/lasentinelle.dz\\\/index.php\\\/2024\\\/08\\\/29\\\/alors-que-la-cij-a-declare-loccupation-sioniste-illegale-escalade-de-violence-en-cisjordanie-occupee\\\/\",\"url\":\"https:\\\/\\\/lasentinelle.dz\\\/index.php\\\/2024\\\/08\\\/29\\\/alors-que-la-cij-a-declare-loccupation-sioniste-illegale-escalade-de-violence-en-cisjordanie-occupee\\\/\",\"name\":\"Alors que la CIJ a d\u00e9clar\u00e9 l&rsquo;occupation sioniste ill\u00e9gale : Escalade de violence en Cisjordanie occup\u00e9e - La Sentinelle\",\"isPartOf\":{\"@id\":\"https:\\\/\\\/lasentinelle.dz\\\/#website\"},\"primaryImageOfPage\":{\"@id\":\"https:\\\/\\\/lasentinelle.dz\\\/index.php\\\/2024\\\/08\\\/29\\\/alors-que-la-cij-a-declare-loccupation-sioniste-illegale-escalade-de-violence-en-cisjordanie-occupee\\\/#primaryimage\"},\"image\":{\"@id\":\"https:\\\/\\\/lasentinelle.dz\\\/index.php\\\/2024\\\/08\\\/29\\\/alors-que-la-cij-a-declare-loccupation-sioniste-illegale-escalade-de-violence-en-cisjordanie-occupee\\\/#primaryimage\"},\"thumbnailUrl\":\"https:\\\/\\\/lasentinelle.dz\\\/wp-content\\\/uploads\\\/2024\\\/08\\\/Capture-decran-2024-08-30-a-13.15.54.png\",\"datePublished\":\"2024-08-29T12:14:24+00:00\",\"dateModified\":\"2024-08-30T12:16:50+00:00\",\"breadcrumb\":{\"@id\":\"https:\\\/\\\/lasentinelle.dz\\\/index.php\\\/2024\\\/08\\\/29\\\/alors-que-la-cij-a-declare-loccupation-sioniste-illegale-escalade-de-violence-en-cisjordanie-occupee\\\/#breadcrumb\"},\"inLanguage\":\"fr-FR\",\"potentialAction\":[{\"@type\":\"ReadAction\",\"target\":[\"https:\\\/\\\/lasentinelle.dz\\\/index.php\\\/2024\\\/08\\\/29\\\/alors-que-la-cij-a-declare-loccupation-sioniste-illegale-escalade-de-violence-en-cisjordanie-occupee\\\/\"]}]},{\"@type\":\"ImageObject\",\"inLanguage\":\"fr-FR\",\"@id\":\"https:\\\/\\\/lasentinelle.dz\\\/index.php\\\/2024\\\/08\\\/29\\\/alors-que-la-cij-a-declare-loccupation-sioniste-illegale-escalade-de-violence-en-cisjordanie-occupee\\\/#primaryimage\",\"url\":\"https:\\\/\\\/lasentinelle.dz\\\/wp-content\\\/uploads\\\/2024\\\/08\\\/Capture-decran-2024-08-30-a-13.15.54.png\",\"contentUrl\":\"https:\\\/\\\/lasentinelle.dz\\\/wp-content\\\/uploads\\\/2024\\\/08\\\/Capture-decran-2024-08-30-a-13.15.54.png\",\"width\":1336,\"height\":744},{\"@type\":\"BreadcrumbList\",\"@id\":\"https:\\\/\\\/lasentinelle.dz\\\/index.php\\\/2024\\\/08\\\/29\\\/alors-que-la-cij-a-declare-loccupation-sioniste-illegale-escalade-de-violence-en-cisjordanie-occupee\\\/#breadcrumb\",\"itemListElement\":[{\"@type\":\"ListItem\",\"position\":1,\"name\":\"Accueil\",\"item\":\"https:\\\/\\\/lasentinelle.dz\\\/\"},{\"@type\":\"ListItem\",\"position\":2,\"name\":\"Alors que la CIJ a d\u00e9clar\u00e9 l&rsquo;occupation sioniste ill\u00e9gale : Escalade de violence en Cisjordanie occup\u00e9e\"}]},{\"@type\":\"WebSite\",\"@id\":\"https:\\\/\\\/lasentinelle.dz\\\/#website\",\"url\":\"https:\\\/\\\/lasentinelle.dz\\\/\",\"name\":\"La Sentinelle\",\"description\":\"Quotidien national d&#039;information\",\"publisher\":{\"@id\":\"https:\\\/\\\/lasentinelle.dz\\\/#organization\"},\"potentialAction\":[{\"@type\":\"SearchAction\",\"target\":{\"@type\":\"EntryPoint\",\"urlTemplate\":\"https:\\\/\\\/lasentinelle.dz\\\/?s={search_term_string}\"},\"query-input\":{\"@type\":\"PropertyValueSpecification\",\"valueRequired\":true,\"valueName\":\"search_term_string\"}}],\"inLanguage\":\"fr-FR\"},{\"@type\":\"Organization\",\"@id\":\"https:\\\/\\\/lasentinelle.dz\\\/#organization\",\"name\":\"Quotidien La Sentinelle\",\"url\":\"https:\\\/\\\/lasentinelle.dz\\\/\",\"logo\":{\"@type\":\"ImageObject\",\"inLanguage\":\"fr-FR\",\"@id\":\"https:\\\/\\\/lasentinelle.dz\\\/#\\\/schema\\\/logo\\\/image\\\/\",\"url\":\"https:\\\/\\\/lasentinelle.dz\\\/wp-content\\\/uploads\\\/2021\\\/09\\\/logo-sentinelleSLOGAN-1.png\",\"contentUrl\":\"https:\\\/\\\/lasentinelle.dz\\\/wp-content\\\/uploads\\\/2021\\\/09\\\/logo-sentinelleSLOGAN-1.png\",\"width\":615,\"height\":142,\"caption\":\"Quotidien La Sentinelle\"},\"image\":{\"@id\":\"https:\\\/\\\/lasentinelle.dz\\\/#\\\/schema\\\/logo\\\/image\\\/\"},\"sameAs\":[\"https:\\\/\\\/www.facebook.com\\\/La-Sentinelle-104059864394773\"]},{\"@type\":\"Person\",\"@id\":\"https:\\\/\\\/lasentinelle.dz\\\/#\\\/schema\\\/person\\\/729ee0024f24e0b8c5ec17232f8e8b41\",\"name\":\"admin\",\"image\":{\"@type\":\"ImageObject\",\"inLanguage\":\"fr-FR\",\"@id\":\"https:\\\/\\\/secure.gravatar.com\\\/avatar\\\/4c81fed838786e9b53f540bf46533e750f5d292099ae3b66cfc6fb1982e29df7?s=96&d=mm&r=g\",\"url\":\"https:\\\/\\\/secure.gravatar.com\\\/avatar\\\/4c81fed838786e9b53f540bf46533e750f5d292099ae3b66cfc6fb1982e29df7?s=96&d=mm&r=g\",\"contentUrl\":\"https:\\\/\\\/secure.gravatar.com\\\/avatar\\\/4c81fed838786e9b53f540bf46533e750f5d292099ae3b66cfc6fb1982e29df7?s=96&d=mm&r=g\",\"caption\":\"admin\"},\"description\":\"admin\",\"url\":\"https:\\\/\\\/lasentinelle.dz\\\/author\\\/admin\\\/\"}]}<\/script>\n<!-- \/ Yoast SEO plugin. -->","yoast_head_json":{"title":"Alors que la CIJ a d\u00e9clar\u00e9 l&rsquo;occupation sioniste ill\u00e9gale : Escalade de violence en Cisjordanie occup\u00e9e - La Sentinelle","robots":{"index":"index","follow":"follow","max-snippet":"max-snippet:-1","max-image-preview":"max-image-preview:large","max-video-preview":"max-video-preview:-1"},"canonical":"https:\/\/lasentinelle.dz\/index.php\/2024\/08\/29\/alors-que-la-cij-a-declare-loccupation-sioniste-illegale-escalade-de-violence-en-cisjordanie-occupee\/","og_locale":"fr_FR","og_type":"article","og_title":"Alors que la CIJ a d\u00e9clar\u00e9 l&rsquo;occupation sioniste ill\u00e9gale : Escalade de violence en Cisjordanie occup\u00e9e - La Sentinelle","og_description":"L&rsquo;escalade de la violence se poursuit en Cisjordanie occup\u00e9e. Une vaste attaque sioniste a fait au moins 11 morts palestiniens","og_url":"https:\/\/lasentinelle.dz\/index.php\/2024\/08\/29\/alors-que-la-cij-a-declare-loccupation-sioniste-illegale-escalade-de-violence-en-cisjordanie-occupee\/","og_site_name":"La Sentinelle","article_publisher":"https:\/\/www.facebook.com\/La-Sentinelle-104059864394773","article_published_time":"2024-08-29T12:14:24+00:00","article_modified_time":"2024-08-30T12:16:50+00:00","og_image":[{"width":1336,"height":744,"url":"https:\/\/lasentinelle.dz\/wp-content\/uploads\/2024\/08\/Capture-decran-2024-08-30-a-13.15.54.png","type":"image\/png"}],"author":"admin","twitter_card":"summary_large_image","twitter_misc":{"\u00c9crit par":"admin","Dur\u00e9e de lecture estim\u00e9e":"4 minutes"},"schema":{"@context":"https:\/\/schema.org","@graph":[{"@type":"Article","@id":"https:\/\/lasentinelle.dz\/index.php\/2024\/08\/29\/alors-que-la-cij-a-declare-loccupation-sioniste-illegale-escalade-de-violence-en-cisjordanie-occupee\/#article","isPartOf":{"@id":"https:\/\/lasentinelle.dz\/index.php\/2024\/08\/29\/alors-que-la-cij-a-declare-loccupation-sioniste-illegale-escalade-de-violence-en-cisjordanie-occupee\/"},"author":{"name":"admin","@id":"https:\/\/lasentinelle.dz\/#\/schema\/person\/729ee0024f24e0b8c5ec17232f8e8b41"},"headline":"Alors que la CIJ a d\u00e9clar\u00e9 l&rsquo;occupation sioniste ill\u00e9gale : Escalade de violence en Cisjordanie occup\u00e9e","datePublished":"2024-08-29T12:14:24+00:00","dateModified":"2024-08-30T12:16:50+00:00","mainEntityOfPage":{"@id":"https:\/\/lasentinelle.dz\/index.php\/2024\/08\/29\/alors-que-la-cij-a-declare-loccupation-sioniste-illegale-escalade-de-violence-en-cisjordanie-occupee\/"},"wordCount":724,"commentCount":0,"publisher":{"@id":"https:\/\/lasentinelle.dz\/#organization"},"image":{"@id":"https:\/\/lasentinelle.dz\/index.php\/2024\/08\/29\/alors-que-la-cij-a-declare-loccupation-sioniste-illegale-escalade-de-violence-en-cisjordanie-occupee\/#primaryimage"},"thumbnailUrl":"https:\/\/lasentinelle.dz\/wp-content\/uploads\/2024\/08\/Capture-decran-2024-08-30-a-13.15.54.png","articleSection":["\u00c0 la Une","Actualit\u00e9"],"inLanguage":"fr-FR","potentialAction":[{"@type":"CommentAction","name":"Comment","target":["https:\/\/lasentinelle.dz\/index.php\/2024\/08\/29\/alors-que-la-cij-a-declare-loccupation-sioniste-illegale-escalade-de-violence-en-cisjordanie-occupee\/#respond"]}]},{"@type":"WebPage","@id":"https:\/\/lasentinelle.dz\/index.php\/2024\/08\/29\/alors-que-la-cij-a-declare-loccupation-sioniste-illegale-escalade-de-violence-en-cisjordanie-occupee\/","url":"https:\/\/lasentinelle.dz\/index.php\/2024\/08\/29\/alors-que-la-cij-a-declare-loccupation-sioniste-illegale-escalade-de-violence-en-cisjordanie-occupee\/","name":"Alors que la CIJ a d\u00e9clar\u00e9 l&rsquo;occupation sioniste ill\u00e9gale : Escalade de violence en Cisjordanie occup\u00e9e - La Sentinelle","isPartOf":{"@id":"https:\/\/lasentinelle.dz\/#website"},"primaryImageOfPage":{"@id":"https:\/\/lasentinelle.dz\/index.php\/2024\/08\/29\/alors-que-la-cij-a-declare-loccupation-sioniste-illegale-escalade-de-violence-en-cisjordanie-occupee\/#primaryimage"},"image":{"@id":"https:\/\/lasentinelle.dz\/index.php\/2024\/08\/29\/alors-que-la-cij-a-declare-loccupation-sioniste-illegale-escalade-de-violence-en-cisjordanie-occupee\/#primaryimage"},"thumbnailUrl":"https:\/\/lasentinelle.dz\/wp-content\/uploads\/2024\/08\/Capture-decran-2024-08-30-a-13.15.54.png","datePublished":"2024-08-29T12:14:24+00:00","dateModified":"2024-08-30T12:16:50+00:00","breadcrumb":{"@id":"https:\/\/lasentinelle.dz\/index.php\/2024\/08\/29\/alors-que-la-cij-a-declare-loccupation-sioniste-illegale-escalade-de-violence-en-cisjordanie-occupee\/#breadcrumb"},"inLanguage":"fr-FR","potentialAction":[{"@type":"ReadAction","target":["https:\/\/lasentinelle.dz\/index.php\/2024\/08\/29\/alors-que-la-cij-a-declare-loccupation-sioniste-illegale-escalade-de-violence-en-cisjordanie-occupee\/"]}]},{"@type":"ImageObject","inLanguage":"fr-FR","@id":"https:\/\/lasentinelle.dz\/index.php\/2024\/08\/29\/alors-que-la-cij-a-declare-loccupation-sioniste-illegale-escalade-de-violence-en-cisjordanie-occupee\/#primaryimage","url":"https:\/\/lasentinelle.dz\/wp-content\/uploads\/2024\/08\/Capture-decran-2024-08-30-a-13.15.54.png","contentUrl":"https:\/\/lasentinelle.dz\/wp-content\/uploads\/2024\/08\/Capture-decran-2024-08-30-a-13.15.54.png","width":1336,"height":744},{"@type":"BreadcrumbList","@id":"https:\/\/lasentinelle.dz\/index.php\/2024\/08\/29\/alors-que-la-cij-a-declare-loccupation-sioniste-illegale-escalade-de-violence-en-cisjordanie-occupee\/#breadcrumb","itemListElement":[{"@type":"ListItem","position":1,"name":"Accueil","item":"https:\/\/lasentinelle.dz\/"},{"@type":"ListItem","position":2,"name":"Alors que la CIJ a d\u00e9clar\u00e9 l&rsquo;occupation sioniste ill\u00e9gale : Escalade de violence en Cisjordanie occup\u00e9e"}]},{"@type":"WebSite","@id":"https:\/\/lasentinelle.dz\/#website","url":"https:\/\/lasentinelle.dz\/","name":"La Sentinelle","description":"Quotidien national d&#039;information","publisher":{"@id":"https:\/\/lasentinelle.dz\/#organization"},"potentialAction":[{"@type":"SearchAction","target":{"@type":"EntryPoint","urlTemplate":"https:\/\/lasentinelle.dz\/?s={search_term_string}"},"query-input":{"@type":"PropertyValueSpecification","valueRequired":true,"valueName":"search_term_string"}}],"inLanguage":"fr-FR"},{"@type":"Organization","@id":"https:\/\/lasentinelle.dz\/#organization","name":"Quotidien La Sentinelle","url":"https:\/\/lasentinelle.dz\/","logo":{"@type":"ImageObject","inLanguage":"fr-FR","@id":"https:\/\/lasentinelle.dz\/#\/schema\/logo\/image\/","url":"https:\/\/lasentinelle.dz\/wp-content\/uploads\/2021\/09\/logo-sentinelleSLOGAN-1.png","contentUrl":"https:\/\/lasentinelle.dz\/wp-content\/uploads\/2021\/09\/logo-sentinelleSLOGAN-1.png","width":615,"height":142,"caption":"Quotidien La Sentinelle"},"image":{"@id":"https:\/\/lasentinelle.dz\/#\/schema\/logo\/image\/"},"sameAs":["https:\/\/www.facebook.com\/La-Sentinelle-104059864394773"]},{"@type":"Person","@id":"https:\/\/lasentinelle.dz\/#\/schema\/person\/729ee0024f24e0b8c5ec17232f8e8b41","name":"admin","image":{"@type":"ImageObject","inLanguage":"fr-FR","@id":"https:\/\/secure.gravatar.com\/avatar\/4c81fed838786e9b53f540bf46533e750f5d292099ae3b66cfc6fb1982e29df7?s=96&d=mm&r=g","url":"https:\/\/secure.gravatar.com\/avatar\/4c81fed838786e9b53f540bf46533e750f5d292099ae3b66cfc6fb1982e29df7?s=96&d=mm&r=g","contentUrl":"https:\/\/secure.gravatar.com\/avatar\/4c81fed838786e9b53f540bf46533e750f5d292099ae3b66cfc6fb1982e29df7?s=96&d=mm&r=g","caption":"admin"},"description":"admin","url":"https:\/\/lasentinelle.dz\/author\/admin\/"}]}},"_links":{"self":[{"href":"https:\/\/lasentinelle.dz\/index.php\/wp-json\/wp\/v2\/posts\/56364","targetHints":{"allow":["GET"]}}],"collection":[{"href":"https:\/\/lasentinelle.dz\/index.php\/wp-json\/wp\/v2\/posts"}],"about":[{"href":"https:\/\/lasentinelle.dz\/index.php\/wp-json\/wp\/v2\/types\/post"}],"author":[{"embeddable":true,"href":"https:\/\/lasentinelle.dz\/index.php\/wp-json\/wp\/v2\/users\/6"}],"replies":[{"embeddable":true,"href":"https:\/\/lasentinelle.dz\/index.php\/wp-json\/wp\/v2\/comments?post=56364"}],"version-history":[{"count":2,"href":"https:\/\/lasentinelle.dz\/index.php\/wp-json\/wp\/v2\/posts\/56364\/revisions"}],"predecessor-version":[{"id":56367,"href":"https:\/\/lasentinelle.dz\/index.php\/wp-json\/wp\/v2\/posts\/56364\/revisions\/56367"}],"wp:featuredmedia":[{"embeddable":true,"href":"https:\/\/lasentinelle.dz\/index.php\/wp-json\/wp\/v2\/media\/56365"}],"wp:attachment":[{"href":"https:\/\/lasentinelle.dz\/index.php\/wp-json\/wp\/v2\/media?parent=56364"}],"wp:term":[{"taxonomy":"category","embeddable":true,"href":"https:\/\/lasentinelle.dz\/index.php\/wp-json\/wp\/v2\/categories?post=56364"},{"taxonomy":"post_tag","embeddable":true,"href":"https:\/\/lasentinelle.dz\/index.php\/wp-json\/wp\/v2\/tags?post=56364"}],"curies":[{"name":"wp","href":"https:\/\/api.w.org\/{rel}","templated":true}]}}