{"id":56406,"date":"2024-09-02T14:35:00","date_gmt":"2024-09-02T13:35:00","guid":{"rendered":"https:\/\/lasentinelle.dz\/?p=56406"},"modified":"2024-09-02T14:53:28","modified_gmt":"2024-09-02T13:53:28","slug":"m-attaf-visite-le-musee-ethnographique-slovene-un-heritage-culturel-partage","status":"publish","type":"post","link":"https:\/\/lasentinelle.dz\/index.php\/2024\/09\/02\/m-attaf-visite-le-musee-ethnographique-slovene-un-heritage-culturel-partage\/","title":{"rendered":"M.\u00a0Attaf\u00a0visite le Mus\u00e9e ethnographique slov\u00e8ne: Un h\u00e9ritage culturel partag\u00e9"},"content":{"rendered":"\n<p>La visite samedi du ministre des Affaires \u00e9trang\u00e8res et de la Communaut\u00e9 alg\u00e9rienne \u00e9tablie \u00e0 l&rsquo;\u00e9tranger, Ahmed Attaf, au Mus\u00e9e ethnographique slov\u00e8ne, met en lumi\u00e8re une histoire commune m\u00e9connue entre l&rsquo;Alg\u00e9rie et la Slov\u00e9nie. Cette rencontre culturelle, centr\u00e9e autour de l&rsquo;exposition \u00ab\u00a0Un voyage \u00e0 travers la m\u00e9moire &#8211; paysages naturels de l&rsquo;Alg\u00e9rie\u00a0\u00bb, r\u00e9v\u00e8le des connexions inattendues entre les deux nations.<\/p>\n\n\n\n<p>Au c\u0153ur de cette exposition se trouvent les souvenirs de Nina Zdravic Polic, une citoyenne slov\u00e8ne ayant pass\u00e9 son enfance en Alg\u00e9rie dans les ann\u00e9es 1960. Son p\u00e8re, m\u00e9decin, repr\u00e9sente ces professionnels de l&rsquo;ex-bloc communiste qui ont contribu\u00e9 au d\u00e9veloppement de l&rsquo;Alg\u00e9rie post-ind\u00e9pendance. Cette pr\u00e9sence slov\u00e8ne en Alg\u00e9rie t\u00e9moigne d&rsquo;une \u00e9poque d&rsquo;\u00e9changes et de coop\u00e9ration internationale, souvent oubli\u00e9e dans les r\u00e9cits historiques conventionnels. Les photographies et \u0153uvres artisanales expos\u00e9es offrent un double regard sur l&rsquo;Alg\u00e9rie : celui d&rsquo;une enfant slov\u00e8ne captiv\u00e9e par la beaut\u00e9 du pays, et celui d&rsquo;un peuple alg\u00e9rien fier de son patrimoine. Cette perspective unique permet aux visiteurs slov\u00e8nes de d\u00e9couvrir l&rsquo;Alg\u00e9rie \u00e0 travers un prisme familier, cr\u00e9ant ainsi des ponts culturels.<\/p>\n\n\n\n<p>L&rsquo;initiative de cette exposition transcende le simple cadre mus\u00e9al. Elle illustre comment les exp\u00e9riences personnelles peuvent devenir des vecteurs de compr\u00e9hension mutuelle entre les nations. En pr\u00e9sentant l&rsquo;Alg\u00e9rie sous un jour intime et authentique, elle contribue \u00e0 d\u00e9construire les st\u00e9r\u00e9otypes et \u00e0 favoriser une appr\u00e9ciation plus nuanc\u00e9e de la culture alg\u00e9rienne en Slov\u00e9nie. La pr\u00e9sence du ministre Attaf \u00e0 cet \u00e9v\u00e9nement souligne l&rsquo;importance accord\u00e9e par l&rsquo;Alg\u00e9rie \u00e0 ces \u00e9changes culturels. Sa visite s&rsquo;inscrit dans une d\u00e9marche plus large visant \u00e0 renforcer les liens diplomatiques et culturels entre les deux pays. Elle rappelle que la diplomatie ne se limite pas aux accords officiels, mais s&rsquo;enrichit aussi des \u00e9changes humains et des partages d&rsquo;exp\u00e9riences.<\/p>\n\n\n\n<p>Cette exposition au Mus\u00e9e ethnographique slov\u00e8ne repr\u00e9sente bien plus qu&rsquo;une simple collection de photographies et d&rsquo;artisanat. Elle incarne un dialogue entre pass\u00e9 et pr\u00e9sent, entre l&rsquo;Alg\u00e9rie et la Slov\u00e9nie. Elle invite \u00e0 red\u00e9couvrir une histoire partag\u00e9e, souvent n\u00e9glig\u00e9e, et \u00e0 imaginer de nouvelles formes de collaboration culturelle pour l&rsquo;avenir.<\/p>\n\n\n\n<p>En c\u00e9l\u00e9brant cette histoire commune inattendue, l&rsquo;Alg\u00e9rie et la Slov\u00e9nie ouvrent la voie \u00e0 un renforcement de leurs relations bilat\u00e9rales. Cette initiative culturelle d\u00e9montre comment l&rsquo;art et les souvenirs personnels peuvent servir de catalyseurs pour approfondir la compr\u00e9hension mutuelle et la coop\u00e9ration entre nations.<\/p>\n\n\n\n<p>R.C.<\/p>\n","protected":false},"excerpt":{"rendered":"<p>La visite samedi du ministre des Affaires \u00e9trang\u00e8res et de la Communaut\u00e9 alg\u00e9rienne \u00e9tablie \u00e0 l&rsquo;\u00e9tranger, Ahmed Attaf, au Mus\u00e9e<\/p>\n","protected":false},"author":6,"featured_media":0,"comment_status":"open","ping_status":"closed","sticky":false,"template":"","format":"standard","meta":{"colormag_page_container_layout":"default_layout","colormag_page_sidebar_layout":"default_layout","om_disable_all_campaigns":false,"_monsterinsights_skip_tracking":false,"_monsterinsights_sitenote_active":false,"_monsterinsights_sitenote_note":"","_monsterinsights_sitenote_category":0,"footnotes":"","_wpscppro_dont_share_socialmedia":false,"_wpscppro_custom_social_share_image":0,"_facebook_share_type":"default","_twitter_share_type":"default","_linkedin_share_type":"default","_pinterest_share_type":"default","_linkedin_share_type_page":"","_instagram_share_type":"default","_medium_share_type":"","_threads_share_type":"","_google_business_share_type":"","_selected_social_profile":[],"_wpsp_enable_custom_social_template":false,"_wpsp_social_scheduling":{"enabled":false,"datetime":null,"platforms":[],"status":"template_only","dateOption":"today","timeOption":"now","customDays":"","customHours":"","customDate":"","customTime":"","schedulingType":"absolute"},"_wpsp_active_default_template":true},"categories":[36],"tags":[],"class_list":["post-56406","post","type-post","status-publish","format-standard","hentry","category-culture"],"aioseo_notices":[],"yoast_head":"<!-- This site is optimized with the Yoast SEO plugin v27.5 - https:\/\/yoast.com\/product\/yoast-seo-wordpress\/ -->\n<title>M.\u00a0Attaf\u00a0visite le Mus\u00e9e ethnographique slov\u00e8ne: Un h\u00e9ritage culturel partag\u00e9 - La Sentinelle<\/title>\n<meta name=\"robots\" content=\"index, follow, max-snippet:-1, max-image-preview:large, max-video-preview:-1\" \/>\n<link rel=\"canonical\" href=\"https:\/\/lasentinelle.dz\/index.php\/2024\/09\/02\/m-attaf-visite-le-musee-ethnographique-slovene-un-heritage-culturel-partage\/\" \/>\n<meta property=\"og:locale\" content=\"fr_FR\" \/>\n<meta property=\"og:type\" content=\"article\" \/>\n<meta property=\"og:title\" content=\"M.\u00a0Attaf\u00a0visite le Mus\u00e9e ethnographique slov\u00e8ne: Un h\u00e9ritage culturel partag\u00e9 - La Sentinelle\" \/>\n<meta property=\"og:description\" content=\"La visite samedi du ministre des Affaires \u00e9trang\u00e8res et de la Communaut\u00e9 alg\u00e9rienne \u00e9tablie \u00e0 l&rsquo;\u00e9tranger, Ahmed Attaf, au Mus\u00e9e\" \/>\n<meta property=\"og:url\" content=\"https:\/\/lasentinelle.dz\/index.php\/2024\/09\/02\/m-attaf-visite-le-musee-ethnographique-slovene-un-heritage-culturel-partage\/\" \/>\n<meta property=\"og:site_name\" content=\"La Sentinelle\" \/>\n<meta property=\"article:publisher\" content=\"https:\/\/www.facebook.com\/La-Sentinelle-104059864394773\" \/>\n<meta property=\"article:published_time\" content=\"2024-09-02T13:35:00+00:00\" \/>\n<meta property=\"article:modified_time\" content=\"2024-09-02T13:53:28+00:00\" \/>\n<meta name=\"author\" content=\"admin\" \/>\n<meta name=\"twitter:card\" content=\"summary_large_image\" \/>\n<meta name=\"twitter:label1\" content=\"\u00c9crit par\" \/>\n\t<meta name=\"twitter:data1\" content=\"admin\" \/>\n\t<meta name=\"twitter:label2\" content=\"Dur\u00e9e de lecture estim\u00e9e\" \/>\n\t<meta name=\"twitter:data2\" content=\"2 minutes\" \/>\n<script type=\"application\/ld+json\" class=\"yoast-schema-graph\">{\"@context\":\"https:\\\/\\\/schema.org\",\"@graph\":[{\"@type\":\"Article\",\"@id\":\"https:\\\/\\\/lasentinelle.dz\\\/index.php\\\/2024\\\/09\\\/02\\\/m-attaf-visite-le-musee-ethnographique-slovene-un-heritage-culturel-partage\\\/#article\",\"isPartOf\":{\"@id\":\"https:\\\/\\\/lasentinelle.dz\\\/index.php\\\/2024\\\/09\\\/02\\\/m-attaf-visite-le-musee-ethnographique-slovene-un-heritage-culturel-partage\\\/\"},\"author\":{\"name\":\"admin\",\"@id\":\"https:\\\/\\\/lasentinelle.dz\\\/#\\\/schema\\\/person\\\/729ee0024f24e0b8c5ec17232f8e8b41\"},\"headline\":\"M.\u00a0Attaf\u00a0visite le Mus\u00e9e ethnographique slov\u00e8ne: Un h\u00e9ritage culturel partag\u00e9\",\"datePublished\":\"2024-09-02T13:35:00+00:00\",\"dateModified\":\"2024-09-02T13:53:28+00:00\",\"mainEntityOfPage\":{\"@id\":\"https:\\\/\\\/lasentinelle.dz\\\/index.php\\\/2024\\\/09\\\/02\\\/m-attaf-visite-le-musee-ethnographique-slovene-un-heritage-culturel-partage\\\/\"},\"wordCount\":483,\"commentCount\":0,\"publisher\":{\"@id\":\"https:\\\/\\\/lasentinelle.dz\\\/#organization\"},\"articleSection\":[\"Culture\"],\"inLanguage\":\"fr-FR\",\"potentialAction\":[{\"@type\":\"CommentAction\",\"name\":\"Comment\",\"target\":[\"https:\\\/\\\/lasentinelle.dz\\\/index.php\\\/2024\\\/09\\\/02\\\/m-attaf-visite-le-musee-ethnographique-slovene-un-heritage-culturel-partage\\\/#respond\"]}]},{\"@type\":\"WebPage\",\"@id\":\"https:\\\/\\\/lasentinelle.dz\\\/index.php\\\/2024\\\/09\\\/02\\\/m-attaf-visite-le-musee-ethnographique-slovene-un-heritage-culturel-partage\\\/\",\"url\":\"https:\\\/\\\/lasentinelle.dz\\\/index.php\\\/2024\\\/09\\\/02\\\/m-attaf-visite-le-musee-ethnographique-slovene-un-heritage-culturel-partage\\\/\",\"name\":\"M.\u00a0Attaf\u00a0visite le Mus\u00e9e ethnographique slov\u00e8ne: Un h\u00e9ritage culturel partag\u00e9 - La Sentinelle\",\"isPartOf\":{\"@id\":\"https:\\\/\\\/lasentinelle.dz\\\/#website\"},\"datePublished\":\"2024-09-02T13:35:00+00:00\",\"dateModified\":\"2024-09-02T13:53:28+00:00\",\"breadcrumb\":{\"@id\":\"https:\\\/\\\/lasentinelle.dz\\\/index.php\\\/2024\\\/09\\\/02\\\/m-attaf-visite-le-musee-ethnographique-slovene-un-heritage-culturel-partage\\\/#breadcrumb\"},\"inLanguage\":\"fr-FR\",\"potentialAction\":[{\"@type\":\"ReadAction\",\"target\":[\"https:\\\/\\\/lasentinelle.dz\\\/index.php\\\/2024\\\/09\\\/02\\\/m-attaf-visite-le-musee-ethnographique-slovene-un-heritage-culturel-partage\\\/\"]}]},{\"@type\":\"BreadcrumbList\",\"@id\":\"https:\\\/\\\/lasentinelle.dz\\\/index.php\\\/2024\\\/09\\\/02\\\/m-attaf-visite-le-musee-ethnographique-slovene-un-heritage-culturel-partage\\\/#breadcrumb\",\"itemListElement\":[{\"@type\":\"ListItem\",\"position\":1,\"name\":\"Accueil\",\"item\":\"https:\\\/\\\/lasentinelle.dz\\\/\"},{\"@type\":\"ListItem\",\"position\":2,\"name\":\"M.\u00a0Attaf\u00a0visite le Mus\u00e9e ethnographique slov\u00e8ne: Un h\u00e9ritage culturel partag\u00e9\"}]},{\"@type\":\"WebSite\",\"@id\":\"https:\\\/\\\/lasentinelle.dz\\\/#website\",\"url\":\"https:\\\/\\\/lasentinelle.dz\\\/\",\"name\":\"La Sentinelle\",\"description\":\"Quotidien national d&#039;information\",\"publisher\":{\"@id\":\"https:\\\/\\\/lasentinelle.dz\\\/#organization\"},\"potentialAction\":[{\"@type\":\"SearchAction\",\"target\":{\"@type\":\"EntryPoint\",\"urlTemplate\":\"https:\\\/\\\/lasentinelle.dz\\\/?s={search_term_string}\"},\"query-input\":{\"@type\":\"PropertyValueSpecification\",\"valueRequired\":true,\"valueName\":\"search_term_string\"}}],\"inLanguage\":\"fr-FR\"},{\"@type\":\"Organization\",\"@id\":\"https:\\\/\\\/lasentinelle.dz\\\/#organization\",\"name\":\"Quotidien La Sentinelle\",\"url\":\"https:\\\/\\\/lasentinelle.dz\\\/\",\"logo\":{\"@type\":\"ImageObject\",\"inLanguage\":\"fr-FR\",\"@id\":\"https:\\\/\\\/lasentinelle.dz\\\/#\\\/schema\\\/logo\\\/image\\\/\",\"url\":\"https:\\\/\\\/lasentinelle.dz\\\/wp-content\\\/uploads\\\/2021\\\/09\\\/logo-sentinelleSLOGAN-1.png\",\"contentUrl\":\"https:\\\/\\\/lasentinelle.dz\\\/wp-content\\\/uploads\\\/2021\\\/09\\\/logo-sentinelleSLOGAN-1.png\",\"width\":615,\"height\":142,\"caption\":\"Quotidien La Sentinelle\"},\"image\":{\"@id\":\"https:\\\/\\\/lasentinelle.dz\\\/#\\\/schema\\\/logo\\\/image\\\/\"},\"sameAs\":[\"https:\\\/\\\/www.facebook.com\\\/La-Sentinelle-104059864394773\"]},{\"@type\":\"Person\",\"@id\":\"https:\\\/\\\/lasentinelle.dz\\\/#\\\/schema\\\/person\\\/729ee0024f24e0b8c5ec17232f8e8b41\",\"name\":\"admin\",\"image\":{\"@type\":\"ImageObject\",\"inLanguage\":\"fr-FR\",\"@id\":\"https:\\\/\\\/secure.gravatar.com\\\/avatar\\\/4c81fed838786e9b53f540bf46533e750f5d292099ae3b66cfc6fb1982e29df7?s=96&d=mm&r=g\",\"url\":\"https:\\\/\\\/secure.gravatar.com\\\/avatar\\\/4c81fed838786e9b53f540bf46533e750f5d292099ae3b66cfc6fb1982e29df7?s=96&d=mm&r=g\",\"contentUrl\":\"https:\\\/\\\/secure.gravatar.com\\\/avatar\\\/4c81fed838786e9b53f540bf46533e750f5d292099ae3b66cfc6fb1982e29df7?s=96&d=mm&r=g\",\"caption\":\"admin\"},\"description\":\"admin\",\"url\":\"https:\\\/\\\/lasentinelle.dz\\\/author\\\/admin\\\/\"}]}<\/script>\n<!-- \/ Yoast SEO plugin. -->","yoast_head_json":{"title":"M.\u00a0Attaf\u00a0visite le Mus\u00e9e ethnographique slov\u00e8ne: Un h\u00e9ritage culturel partag\u00e9 - La Sentinelle","robots":{"index":"index","follow":"follow","max-snippet":"max-snippet:-1","max-image-preview":"max-image-preview:large","max-video-preview":"max-video-preview:-1"},"canonical":"https:\/\/lasentinelle.dz\/index.php\/2024\/09\/02\/m-attaf-visite-le-musee-ethnographique-slovene-un-heritage-culturel-partage\/","og_locale":"fr_FR","og_type":"article","og_title":"M.\u00a0Attaf\u00a0visite le Mus\u00e9e ethnographique slov\u00e8ne: Un h\u00e9ritage culturel partag\u00e9 - La Sentinelle","og_description":"La visite samedi du ministre des Affaires \u00e9trang\u00e8res et de la Communaut\u00e9 alg\u00e9rienne \u00e9tablie \u00e0 l&rsquo;\u00e9tranger, Ahmed Attaf, au Mus\u00e9e","og_url":"https:\/\/lasentinelle.dz\/index.php\/2024\/09\/02\/m-attaf-visite-le-musee-ethnographique-slovene-un-heritage-culturel-partage\/","og_site_name":"La Sentinelle","article_publisher":"https:\/\/www.facebook.com\/La-Sentinelle-104059864394773","article_published_time":"2024-09-02T13:35:00+00:00","article_modified_time":"2024-09-02T13:53:28+00:00","author":"admin","twitter_card":"summary_large_image","twitter_misc":{"\u00c9crit par":"admin","Dur\u00e9e de lecture estim\u00e9e":"2 minutes"},"schema":{"@context":"https:\/\/schema.org","@graph":[{"@type":"Article","@id":"https:\/\/lasentinelle.dz\/index.php\/2024\/09\/02\/m-attaf-visite-le-musee-ethnographique-slovene-un-heritage-culturel-partage\/#article","isPartOf":{"@id":"https:\/\/lasentinelle.dz\/index.php\/2024\/09\/02\/m-attaf-visite-le-musee-ethnographique-slovene-un-heritage-culturel-partage\/"},"author":{"name":"admin","@id":"https:\/\/lasentinelle.dz\/#\/schema\/person\/729ee0024f24e0b8c5ec17232f8e8b41"},"headline":"M.\u00a0Attaf\u00a0visite le Mus\u00e9e ethnographique slov\u00e8ne: Un h\u00e9ritage culturel partag\u00e9","datePublished":"2024-09-02T13:35:00+00:00","dateModified":"2024-09-02T13:53:28+00:00","mainEntityOfPage":{"@id":"https:\/\/lasentinelle.dz\/index.php\/2024\/09\/02\/m-attaf-visite-le-musee-ethnographique-slovene-un-heritage-culturel-partage\/"},"wordCount":483,"commentCount":0,"publisher":{"@id":"https:\/\/lasentinelle.dz\/#organization"},"articleSection":["Culture"],"inLanguage":"fr-FR","potentialAction":[{"@type":"CommentAction","name":"Comment","target":["https:\/\/lasentinelle.dz\/index.php\/2024\/09\/02\/m-attaf-visite-le-musee-ethnographique-slovene-un-heritage-culturel-partage\/#respond"]}]},{"@type":"WebPage","@id":"https:\/\/lasentinelle.dz\/index.php\/2024\/09\/02\/m-attaf-visite-le-musee-ethnographique-slovene-un-heritage-culturel-partage\/","url":"https:\/\/lasentinelle.dz\/index.php\/2024\/09\/02\/m-attaf-visite-le-musee-ethnographique-slovene-un-heritage-culturel-partage\/","name":"M.\u00a0Attaf\u00a0visite le Mus\u00e9e ethnographique slov\u00e8ne: Un h\u00e9ritage culturel partag\u00e9 - La Sentinelle","isPartOf":{"@id":"https:\/\/lasentinelle.dz\/#website"},"datePublished":"2024-09-02T13:35:00+00:00","dateModified":"2024-09-02T13:53:28+00:00","breadcrumb":{"@id":"https:\/\/lasentinelle.dz\/index.php\/2024\/09\/02\/m-attaf-visite-le-musee-ethnographique-slovene-un-heritage-culturel-partage\/#breadcrumb"},"inLanguage":"fr-FR","potentialAction":[{"@type":"ReadAction","target":["https:\/\/lasentinelle.dz\/index.php\/2024\/09\/02\/m-attaf-visite-le-musee-ethnographique-slovene-un-heritage-culturel-partage\/"]}]},{"@type":"BreadcrumbList","@id":"https:\/\/lasentinelle.dz\/index.php\/2024\/09\/02\/m-attaf-visite-le-musee-ethnographique-slovene-un-heritage-culturel-partage\/#breadcrumb","itemListElement":[{"@type":"ListItem","position":1,"name":"Accueil","item":"https:\/\/lasentinelle.dz\/"},{"@type":"ListItem","position":2,"name":"M.\u00a0Attaf\u00a0visite le Mus\u00e9e ethnographique slov\u00e8ne: Un h\u00e9ritage culturel partag\u00e9"}]},{"@type":"WebSite","@id":"https:\/\/lasentinelle.dz\/#website","url":"https:\/\/lasentinelle.dz\/","name":"La Sentinelle","description":"Quotidien national d&#039;information","publisher":{"@id":"https:\/\/lasentinelle.dz\/#organization"},"potentialAction":[{"@type":"SearchAction","target":{"@type":"EntryPoint","urlTemplate":"https:\/\/lasentinelle.dz\/?s={search_term_string}"},"query-input":{"@type":"PropertyValueSpecification","valueRequired":true,"valueName":"search_term_string"}}],"inLanguage":"fr-FR"},{"@type":"Organization","@id":"https:\/\/lasentinelle.dz\/#organization","name":"Quotidien La Sentinelle","url":"https:\/\/lasentinelle.dz\/","logo":{"@type":"ImageObject","inLanguage":"fr-FR","@id":"https:\/\/lasentinelle.dz\/#\/schema\/logo\/image\/","url":"https:\/\/lasentinelle.dz\/wp-content\/uploads\/2021\/09\/logo-sentinelleSLOGAN-1.png","contentUrl":"https:\/\/lasentinelle.dz\/wp-content\/uploads\/2021\/09\/logo-sentinelleSLOGAN-1.png","width":615,"height":142,"caption":"Quotidien La Sentinelle"},"image":{"@id":"https:\/\/lasentinelle.dz\/#\/schema\/logo\/image\/"},"sameAs":["https:\/\/www.facebook.com\/La-Sentinelle-104059864394773"]},{"@type":"Person","@id":"https:\/\/lasentinelle.dz\/#\/schema\/person\/729ee0024f24e0b8c5ec17232f8e8b41","name":"admin","image":{"@type":"ImageObject","inLanguage":"fr-FR","@id":"https:\/\/secure.gravatar.com\/avatar\/4c81fed838786e9b53f540bf46533e750f5d292099ae3b66cfc6fb1982e29df7?s=96&d=mm&r=g","url":"https:\/\/secure.gravatar.com\/avatar\/4c81fed838786e9b53f540bf46533e750f5d292099ae3b66cfc6fb1982e29df7?s=96&d=mm&r=g","contentUrl":"https:\/\/secure.gravatar.com\/avatar\/4c81fed838786e9b53f540bf46533e750f5d292099ae3b66cfc6fb1982e29df7?s=96&d=mm&r=g","caption":"admin"},"description":"admin","url":"https:\/\/lasentinelle.dz\/author\/admin\/"}]}},"_links":{"self":[{"href":"https:\/\/lasentinelle.dz\/index.php\/wp-json\/wp\/v2\/posts\/56406","targetHints":{"allow":["GET"]}}],"collection":[{"href":"https:\/\/lasentinelle.dz\/index.php\/wp-json\/wp\/v2\/posts"}],"about":[{"href":"https:\/\/lasentinelle.dz\/index.php\/wp-json\/wp\/v2\/types\/post"}],"author":[{"embeddable":true,"href":"https:\/\/lasentinelle.dz\/index.php\/wp-json\/wp\/v2\/users\/6"}],"replies":[{"embeddable":true,"href":"https:\/\/lasentinelle.dz\/index.php\/wp-json\/wp\/v2\/comments?post=56406"}],"version-history":[{"count":1,"href":"https:\/\/lasentinelle.dz\/index.php\/wp-json\/wp\/v2\/posts\/56406\/revisions"}],"predecessor-version":[{"id":56407,"href":"https:\/\/lasentinelle.dz\/index.php\/wp-json\/wp\/v2\/posts\/56406\/revisions\/56407"}],"wp:attachment":[{"href":"https:\/\/lasentinelle.dz\/index.php\/wp-json\/wp\/v2\/media?parent=56406"}],"wp:term":[{"taxonomy":"category","embeddable":true,"href":"https:\/\/lasentinelle.dz\/index.php\/wp-json\/wp\/v2\/categories?post=56406"},{"taxonomy":"post_tag","embeddable":true,"href":"https:\/\/lasentinelle.dz\/index.php\/wp-json\/wp\/v2\/tags?post=56406"}],"curies":[{"name":"wp","href":"https:\/\/api.w.org\/{rel}","templated":true}]}}