{"id":56418,"date":"2024-09-02T15:04:07","date_gmt":"2024-09-02T14:04:07","guid":{"rendered":"https:\/\/lasentinelle.dz\/?p=56418"},"modified":"2024-09-02T15:04:08","modified_gmt":"2024-09-02T14:04:08","slug":"jeux-paralympiques-2024-les-algeriens-font-le-plein-de-medailles","status":"publish","type":"post","link":"https:\/\/lasentinelle.dz\/index.php\/2024\/09\/02\/jeux-paralympiques-2024-les-algeriens-font-le-plein-de-medailles\/","title":{"rendered":"Jeux Paralympiques 2024 : Les Alg\u00e9riens font le plein de m\u00e9dailles"},"content":{"rendered":"\n<p>&nbsp;Les athl\u00e8tes alg\u00e9riens brillent aux Jeux Paralympiques de Paris 2024, notamment en para-athl\u00e9tisme, o\u00f9 plusieurs performances marquantes ont \u00e9t\u00e9 enregistr\u00e9es lors des premi\u00e8res journ\u00e9es de comp\u00e9tition.<\/p>\n\n\n\n<p>Le sprinteur alg\u00e9rien Athmani Skander Djamil, vice-champion paralympique de Tokyo 2020 et champion du monde en titre du 100 m T13, a valid\u00e9 son ticket pour la finale de l&rsquo;\u00e9preuve. Lors des s\u00e9ries disput\u00e9es au Stade de France hier, Athmani a domin\u00e9 la premi\u00e8re s\u00e9rie avec un temps impressionnant de 10.51 secondes, se pla\u00e7ant ainsi comme un s\u00e9rieux pr\u00e9tendant au titre paralympique. Il a devanc\u00e9 l\u2019Australien Perris Chad (10.87 s) et le Malien Coulibaly Samba (10.95 s), \u00e9galement qualifi\u00e9s pour la finale. La course d\u00e9cisive aura lieu le m\u00eame jour \u00e0 18h47 (heure alg\u00e9rienne), o\u00f9 Athmani visera l\u2019or pour couronner son remarquable parcours. Du c\u00f4t\u00e9 du saut en longueur, l&rsquo;Alg\u00e9rienne Lynda Hamri a d\u00e9croch\u00e9 la m\u00e9daille de bronze dans la cat\u00e9gorie T12, r\u00e9alisant sa meilleure performance de l&rsquo;ann\u00e9e avec un bond de 5,30 m\u00e8tres lors de son deuxi\u00e8me essai. La comp\u00e9tition, particuli\u00e8rement relev\u00e9e, a vu la domination de l\u2019Ukrainienne Oksana Zubkovska, d\u00e9tentrice du record du monde, qui a remport\u00e9 l\u2019or avec un saut de 5,78 m\u00e8tres. L\u2019Espagnole Sara Martinez a pris la deuxi\u00e8me place avec un saut de 5,40 m\u00e8tres. Pour Lynda Hamri, cette m\u00e9daille de bronze vient s&rsquo;ajouter \u00e0 une collection impressionnante qui comprend d\u00e9j\u00e0 deux m\u00e9dailles de bronze (Rio 2016, Tokyo 2021) et une d\u2019argent (Londres 2012). Samedi lors de la troisi\u00e8me journ\u00e9e des JP,<strong>&nbsp; <\/strong>Nassima Saifi (lancer de disque) et Walid Ferhah (Club) ont offert \u00e0 l&rsquo;Alg\u00e9rie ses premi\u00e8res m\u00e9dailles. Engag\u00e9e dans le concours du disque (F57), sa sp\u00e9cialit\u00e9 de pr\u00e9dilection, Nassima Saifi a fait sensation d\u00e8s son premier essai, en lan\u00e7ant son engin \u00e0 35,55m, \u00e9tablissant ainsi un nouveau record des jeux (l&rsquo;ancien qu&rsquo;elle d\u00e9tenait \u00e9tait mesur\u00e9 \u00e0 33,33m), une mani\u00e8re de mettre la pression sur ses principales concurrentes, \u00e0 savoir la chinoise Xu Mian (32,81), et surtout la championne paralympique en titre \u00e0 Tokyo-2020, l&rsquo;Ouzb\u00e8que Khamdamova Mokhigul (32,75m). \u00ab\u00a0C&rsquo;est s\u00fbr que je suis tr\u00e8s heureuse aujourd&rsquo;hui. Un titre paralympique et un nouveau record des jeux, je ne peux qu&rsquo;\u00eatre contente de ce que j&rsquo;ai r\u00e9alis\u00e9 aujourd&rsquo;hui. Je d\u00e9die ce sacre \u00e0 mon pays, mon entra\u00eeneur qui est mon mari, ma f\u00e9d\u00e9ration et tous ceux qui m&rsquo;ont soutenu\u00a0\u00bb, a d\u00e9clar\u00e9 Saifi apr\u00e8s son sacre. Et d&rsquo;ajouter : \u00ab\u00a0le concours \u00e9tait difficile, avec des concurrentes que je connais tr\u00e8s bien. Je tenais \u00e0 reprendre mon titre paralympique que j&rsquo;avais perdu \u00e0 Tokyo o\u00f9 je me suis content\u00e9e de l&rsquo;argent. Maintenant, je suis de nouveau championne paralympique, mondial, recordwomen de la sp\u00e9cialit\u00e9 et des jeux. De son c\u00f4t\u00e9, le lanceur du Club, classe F32, Ahmed Mehideb a offert \u00e0 l&rsquo;Alg\u00e9rie la bronze de la sp\u00e9cialit\u00e9, gr\u00e2ce \u00e0 son jet mesur\u00e9 \u00e0 38,61m, r\u00e9alis\u00e9 lors de son second essai des six permis. \u00ab\u00a0Qu&rsquo;est ce que je peux dire, certes je suis content de la m\u00e9daille de bronze, car c&rsquo;est des jeux paralympiques, mais je ne suis pas content de mes essais. Lors de mon dernier stage en Turquie, je lan\u00e7ais tr\u00e8s facilement 41 m\u00e8tres et plus. Aujourd&rsquo;hui, je n&rsquo;arrive pas \u00e0 accepter cette prestation. Il y avait mieux \u00e0 faire, voil\u00e0\u00a0\u00bb, a indiqu\u00e9 Mehideb qui n&rsquo;\u00e9tait pas du tout heureux de sa m\u00e9daille de bronze, estimant que l&rsquo;argent et m\u00eame l&rsquo;or ne devait pas lui \u00e9chapper. Ce titre paralympique qu&rsquo;il convoitait est revenu finalement au Russe qui concourait sous un drapeau neutre, Churkin Aleksei (40,33m) suivi du Grec Konstantinidis Athanasios (38,65m) qui a d\u00e9croch\u00e9 l&rsquo;argent. La seconde journ\u00e9e consacr\u00e9e au para-athl\u00e9tisme a vu la participation d&rsquo;autres athl\u00e8tes alg\u00e9riens qui se sont content\u00e9s tous d&rsquo;un classement tr\u00e8s honorable. Au concours de Club (F32), Walid Ferhah et Abdelhak Missouni ont termin\u00e9 respectivement 4e et 8e, avec des jets \u00e0 37.99 m\u00e8tres et 32.91 m\u00e8tres. Safia Djelal a pris la 8e place au disque (29,17m), alors sa compatriote du javelot, Bakhta Benallou, (F13) s&rsquo;est content\u00e9e d&rsquo;une honorable 8e place en finale (29,63m). De son c\u00f4t\u00e9, Samir Nouioua, a fini 5e au 1500m (T46) couru en 3:57.30.<\/p>\n\n\n\n<p>R.S.<\/p>\n","protected":false},"excerpt":{"rendered":"<p>&nbsp;Les athl\u00e8tes alg\u00e9riens brillent aux Jeux Paralympiques de Paris 2024, notamment en para-athl\u00e9tisme, o\u00f9 plusieurs performances marquantes ont \u00e9t\u00e9 enregistr\u00e9es<\/p>\n","protected":false},"author":6,"featured_media":56419,"comment_status":"open","ping_status":"closed","sticky":false,"template":"","format":"standard","meta":{"colormag_page_container_layout":"default_layout","colormag_page_sidebar_layout":"default_layout","om_disable_all_campaigns":false,"_monsterinsights_skip_tracking":false,"_monsterinsights_sitenote_active":false,"_monsterinsights_sitenote_note":"","_monsterinsights_sitenote_category":0,"footnotes":"","_wpscppro_dont_share_socialmedia":false,"_wpscppro_custom_social_share_image":0,"_facebook_share_type":"default","_twitter_share_type":"default","_linkedin_share_type":"default","_pinterest_share_type":"default","_linkedin_share_type_page":"","_instagram_share_type":"default","_medium_share_type":"","_threads_share_type":"","_google_business_share_type":"","_selected_social_profile":[],"_wpsp_enable_custom_social_template":false,"_wpsp_social_scheduling":{"enabled":false,"datetime":null,"platforms":[],"status":"template_only","dateOption":"today","timeOption":"now","customDays":"","customHours":"","customDate":"","customTime":"","schedulingType":"absolute"},"_wpsp_active_default_template":true},"categories":[52,33],"tags":[],"class_list":["post-56418","post","type-post","status-publish","format-standard","has-post-thumbnail","hentry","category-a-la-une","category-sports"],"aioseo_notices":[],"yoast_head":"<!-- This site is optimized with the Yoast SEO plugin v27.5 - https:\/\/yoast.com\/product\/yoast-seo-wordpress\/ -->\n<title>Jeux Paralympiques 2024 : Les Alg\u00e9riens font le plein de m\u00e9dailles - La Sentinelle<\/title>\n<meta name=\"robots\" content=\"index, follow, max-snippet:-1, max-image-preview:large, max-video-preview:-1\" \/>\n<link rel=\"canonical\" href=\"https:\/\/lasentinelle.dz\/index.php\/2024\/09\/02\/jeux-paralympiques-2024-les-algeriens-font-le-plein-de-medailles\/\" \/>\n<meta property=\"og:locale\" content=\"fr_FR\" \/>\n<meta property=\"og:type\" content=\"article\" \/>\n<meta property=\"og:title\" content=\"Jeux Paralympiques 2024 : Les Alg\u00e9riens font le plein de m\u00e9dailles - La Sentinelle\" \/>\n<meta property=\"og:description\" content=\"&nbsp;Les athl\u00e8tes alg\u00e9riens brillent aux Jeux Paralympiques de Paris 2024, notamment en para-athl\u00e9tisme, o\u00f9 plusieurs performances marquantes ont \u00e9t\u00e9 enregistr\u00e9es\" \/>\n<meta property=\"og:url\" content=\"https:\/\/lasentinelle.dz\/index.php\/2024\/09\/02\/jeux-paralympiques-2024-les-algeriens-font-le-plein-de-medailles\/\" \/>\n<meta property=\"og:site_name\" content=\"La Sentinelle\" \/>\n<meta property=\"article:publisher\" content=\"https:\/\/www.facebook.com\/La-Sentinelle-104059864394773\" \/>\n<meta property=\"article:published_time\" content=\"2024-09-02T14:04:07+00:00\" \/>\n<meta property=\"article:modified_time\" content=\"2024-09-02T14:04:08+00:00\" \/>\n<meta property=\"og:image\" content=\"https:\/\/lasentinelle.dz\/wp-content\/uploads\/2024\/09\/lynda-hamri.webp\" \/>\n\t<meta property=\"og:image:width\" content=\"900\" \/>\n\t<meta property=\"og:image:height\" content=\"675\" \/>\n\t<meta property=\"og:image:type\" content=\"image\/webp\" \/>\n<meta name=\"author\" content=\"admin\" \/>\n<meta name=\"twitter:card\" content=\"summary_large_image\" \/>\n<meta name=\"twitter:label1\" content=\"\u00c9crit par\" \/>\n\t<meta name=\"twitter:data1\" content=\"admin\" \/>\n\t<meta name=\"twitter:label2\" content=\"Dur\u00e9e de lecture estim\u00e9e\" \/>\n\t<meta name=\"twitter:data2\" content=\"4 minutes\" \/>\n<script type=\"application\/ld+json\" class=\"yoast-schema-graph\">{\"@context\":\"https:\\\/\\\/schema.org\",\"@graph\":[{\"@type\":\"Article\",\"@id\":\"https:\\\/\\\/lasentinelle.dz\\\/index.php\\\/2024\\\/09\\\/02\\\/jeux-paralympiques-2024-les-algeriens-font-le-plein-de-medailles\\\/#article\",\"isPartOf\":{\"@id\":\"https:\\\/\\\/lasentinelle.dz\\\/index.php\\\/2024\\\/09\\\/02\\\/jeux-paralympiques-2024-les-algeriens-font-le-plein-de-medailles\\\/\"},\"author\":{\"name\":\"admin\",\"@id\":\"https:\\\/\\\/lasentinelle.dz\\\/#\\\/schema\\\/person\\\/729ee0024f24e0b8c5ec17232f8e8b41\"},\"headline\":\"Jeux Paralympiques 2024 : Les Alg\u00e9riens font le plein de m\u00e9dailles\",\"datePublished\":\"2024-09-02T14:04:07+00:00\",\"dateModified\":\"2024-09-02T14:04:08+00:00\",\"mainEntityOfPage\":{\"@id\":\"https:\\\/\\\/lasentinelle.dz\\\/index.php\\\/2024\\\/09\\\/02\\\/jeux-paralympiques-2024-les-algeriens-font-le-plein-de-medailles\\\/\"},\"wordCount\":774,\"commentCount\":0,\"publisher\":{\"@id\":\"https:\\\/\\\/lasentinelle.dz\\\/#organization\"},\"image\":{\"@id\":\"https:\\\/\\\/lasentinelle.dz\\\/index.php\\\/2024\\\/09\\\/02\\\/jeux-paralympiques-2024-les-algeriens-font-le-plein-de-medailles\\\/#primaryimage\"},\"thumbnailUrl\":\"https:\\\/\\\/lasentinelle.dz\\\/wp-content\\\/uploads\\\/2024\\\/09\\\/lynda-hamri.webp\",\"articleSection\":[\"\u00c0 la Une\",\"Sports\"],\"inLanguage\":\"fr-FR\",\"potentialAction\":[{\"@type\":\"CommentAction\",\"name\":\"Comment\",\"target\":[\"https:\\\/\\\/lasentinelle.dz\\\/index.php\\\/2024\\\/09\\\/02\\\/jeux-paralympiques-2024-les-algeriens-font-le-plein-de-medailles\\\/#respond\"]}]},{\"@type\":\"WebPage\",\"@id\":\"https:\\\/\\\/lasentinelle.dz\\\/index.php\\\/2024\\\/09\\\/02\\\/jeux-paralympiques-2024-les-algeriens-font-le-plein-de-medailles\\\/\",\"url\":\"https:\\\/\\\/lasentinelle.dz\\\/index.php\\\/2024\\\/09\\\/02\\\/jeux-paralympiques-2024-les-algeriens-font-le-plein-de-medailles\\\/\",\"name\":\"Jeux Paralympiques 2024 : Les Alg\u00e9riens font le plein de m\u00e9dailles - La Sentinelle\",\"isPartOf\":{\"@id\":\"https:\\\/\\\/lasentinelle.dz\\\/#website\"},\"primaryImageOfPage\":{\"@id\":\"https:\\\/\\\/lasentinelle.dz\\\/index.php\\\/2024\\\/09\\\/02\\\/jeux-paralympiques-2024-les-algeriens-font-le-plein-de-medailles\\\/#primaryimage\"},\"image\":{\"@id\":\"https:\\\/\\\/lasentinelle.dz\\\/index.php\\\/2024\\\/09\\\/02\\\/jeux-paralympiques-2024-les-algeriens-font-le-plein-de-medailles\\\/#primaryimage\"},\"thumbnailUrl\":\"https:\\\/\\\/lasentinelle.dz\\\/wp-content\\\/uploads\\\/2024\\\/09\\\/lynda-hamri.webp\",\"datePublished\":\"2024-09-02T14:04:07+00:00\",\"dateModified\":\"2024-09-02T14:04:08+00:00\",\"breadcrumb\":{\"@id\":\"https:\\\/\\\/lasentinelle.dz\\\/index.php\\\/2024\\\/09\\\/02\\\/jeux-paralympiques-2024-les-algeriens-font-le-plein-de-medailles\\\/#breadcrumb\"},\"inLanguage\":\"fr-FR\",\"potentialAction\":[{\"@type\":\"ReadAction\",\"target\":[\"https:\\\/\\\/lasentinelle.dz\\\/index.php\\\/2024\\\/09\\\/02\\\/jeux-paralympiques-2024-les-algeriens-font-le-plein-de-medailles\\\/\"]}]},{\"@type\":\"ImageObject\",\"inLanguage\":\"fr-FR\",\"@id\":\"https:\\\/\\\/lasentinelle.dz\\\/index.php\\\/2024\\\/09\\\/02\\\/jeux-paralympiques-2024-les-algeriens-font-le-plein-de-medailles\\\/#primaryimage\",\"url\":\"https:\\\/\\\/lasentinelle.dz\\\/wp-content\\\/uploads\\\/2024\\\/09\\\/lynda-hamri.webp\",\"contentUrl\":\"https:\\\/\\\/lasentinelle.dz\\\/wp-content\\\/uploads\\\/2024\\\/09\\\/lynda-hamri.webp\",\"width\":900,\"height\":675},{\"@type\":\"BreadcrumbList\",\"@id\":\"https:\\\/\\\/lasentinelle.dz\\\/index.php\\\/2024\\\/09\\\/02\\\/jeux-paralympiques-2024-les-algeriens-font-le-plein-de-medailles\\\/#breadcrumb\",\"itemListElement\":[{\"@type\":\"ListItem\",\"position\":1,\"name\":\"Accueil\",\"item\":\"https:\\\/\\\/lasentinelle.dz\\\/\"},{\"@type\":\"ListItem\",\"position\":2,\"name\":\"Jeux Paralympiques 2024 : Les Alg\u00e9riens font le plein de m\u00e9dailles\"}]},{\"@type\":\"WebSite\",\"@id\":\"https:\\\/\\\/lasentinelle.dz\\\/#website\",\"url\":\"https:\\\/\\\/lasentinelle.dz\\\/\",\"name\":\"La Sentinelle\",\"description\":\"Quotidien national d&#039;information\",\"publisher\":{\"@id\":\"https:\\\/\\\/lasentinelle.dz\\\/#organization\"},\"potentialAction\":[{\"@type\":\"SearchAction\",\"target\":{\"@type\":\"EntryPoint\",\"urlTemplate\":\"https:\\\/\\\/lasentinelle.dz\\\/?s={search_term_string}\"},\"query-input\":{\"@type\":\"PropertyValueSpecification\",\"valueRequired\":true,\"valueName\":\"search_term_string\"}}],\"inLanguage\":\"fr-FR\"},{\"@type\":\"Organization\",\"@id\":\"https:\\\/\\\/lasentinelle.dz\\\/#organization\",\"name\":\"Quotidien La Sentinelle\",\"url\":\"https:\\\/\\\/lasentinelle.dz\\\/\",\"logo\":{\"@type\":\"ImageObject\",\"inLanguage\":\"fr-FR\",\"@id\":\"https:\\\/\\\/lasentinelle.dz\\\/#\\\/schema\\\/logo\\\/image\\\/\",\"url\":\"https:\\\/\\\/lasentinelle.dz\\\/wp-content\\\/uploads\\\/2021\\\/09\\\/logo-sentinelleSLOGAN-1.png\",\"contentUrl\":\"https:\\\/\\\/lasentinelle.dz\\\/wp-content\\\/uploads\\\/2021\\\/09\\\/logo-sentinelleSLOGAN-1.png\",\"width\":615,\"height\":142,\"caption\":\"Quotidien La Sentinelle\"},\"image\":{\"@id\":\"https:\\\/\\\/lasentinelle.dz\\\/#\\\/schema\\\/logo\\\/image\\\/\"},\"sameAs\":[\"https:\\\/\\\/www.facebook.com\\\/La-Sentinelle-104059864394773\"]},{\"@type\":\"Person\",\"@id\":\"https:\\\/\\\/lasentinelle.dz\\\/#\\\/schema\\\/person\\\/729ee0024f24e0b8c5ec17232f8e8b41\",\"name\":\"admin\",\"image\":{\"@type\":\"ImageObject\",\"inLanguage\":\"fr-FR\",\"@id\":\"https:\\\/\\\/secure.gravatar.com\\\/avatar\\\/4c81fed838786e9b53f540bf46533e750f5d292099ae3b66cfc6fb1982e29df7?s=96&d=mm&r=g\",\"url\":\"https:\\\/\\\/secure.gravatar.com\\\/avatar\\\/4c81fed838786e9b53f540bf46533e750f5d292099ae3b66cfc6fb1982e29df7?s=96&d=mm&r=g\",\"contentUrl\":\"https:\\\/\\\/secure.gravatar.com\\\/avatar\\\/4c81fed838786e9b53f540bf46533e750f5d292099ae3b66cfc6fb1982e29df7?s=96&d=mm&r=g\",\"caption\":\"admin\"},\"description\":\"admin\",\"url\":\"https:\\\/\\\/lasentinelle.dz\\\/author\\\/admin\\\/\"}]}<\/script>\n<!-- \/ Yoast SEO plugin. -->","yoast_head_json":{"title":"Jeux Paralympiques 2024 : Les Alg\u00e9riens font le plein de m\u00e9dailles - La Sentinelle","robots":{"index":"index","follow":"follow","max-snippet":"max-snippet:-1","max-image-preview":"max-image-preview:large","max-video-preview":"max-video-preview:-1"},"canonical":"https:\/\/lasentinelle.dz\/index.php\/2024\/09\/02\/jeux-paralympiques-2024-les-algeriens-font-le-plein-de-medailles\/","og_locale":"fr_FR","og_type":"article","og_title":"Jeux Paralympiques 2024 : Les Alg\u00e9riens font le plein de m\u00e9dailles - La Sentinelle","og_description":"&nbsp;Les athl\u00e8tes alg\u00e9riens brillent aux Jeux Paralympiques de Paris 2024, notamment en para-athl\u00e9tisme, o\u00f9 plusieurs performances marquantes ont \u00e9t\u00e9 enregistr\u00e9es","og_url":"https:\/\/lasentinelle.dz\/index.php\/2024\/09\/02\/jeux-paralympiques-2024-les-algeriens-font-le-plein-de-medailles\/","og_site_name":"La Sentinelle","article_publisher":"https:\/\/www.facebook.com\/La-Sentinelle-104059864394773","article_published_time":"2024-09-02T14:04:07+00:00","article_modified_time":"2024-09-02T14:04:08+00:00","og_image":[{"width":900,"height":675,"url":"https:\/\/lasentinelle.dz\/wp-content\/uploads\/2024\/09\/lynda-hamri.webp","type":"image\/webp"}],"author":"admin","twitter_card":"summary_large_image","twitter_misc":{"\u00c9crit par":"admin","Dur\u00e9e de lecture estim\u00e9e":"4 minutes"},"schema":{"@context":"https:\/\/schema.org","@graph":[{"@type":"Article","@id":"https:\/\/lasentinelle.dz\/index.php\/2024\/09\/02\/jeux-paralympiques-2024-les-algeriens-font-le-plein-de-medailles\/#article","isPartOf":{"@id":"https:\/\/lasentinelle.dz\/index.php\/2024\/09\/02\/jeux-paralympiques-2024-les-algeriens-font-le-plein-de-medailles\/"},"author":{"name":"admin","@id":"https:\/\/lasentinelle.dz\/#\/schema\/person\/729ee0024f24e0b8c5ec17232f8e8b41"},"headline":"Jeux Paralympiques 2024 : Les Alg\u00e9riens font le plein de m\u00e9dailles","datePublished":"2024-09-02T14:04:07+00:00","dateModified":"2024-09-02T14:04:08+00:00","mainEntityOfPage":{"@id":"https:\/\/lasentinelle.dz\/index.php\/2024\/09\/02\/jeux-paralympiques-2024-les-algeriens-font-le-plein-de-medailles\/"},"wordCount":774,"commentCount":0,"publisher":{"@id":"https:\/\/lasentinelle.dz\/#organization"},"image":{"@id":"https:\/\/lasentinelle.dz\/index.php\/2024\/09\/02\/jeux-paralympiques-2024-les-algeriens-font-le-plein-de-medailles\/#primaryimage"},"thumbnailUrl":"https:\/\/lasentinelle.dz\/wp-content\/uploads\/2024\/09\/lynda-hamri.webp","articleSection":["\u00c0 la Une","Sports"],"inLanguage":"fr-FR","potentialAction":[{"@type":"CommentAction","name":"Comment","target":["https:\/\/lasentinelle.dz\/index.php\/2024\/09\/02\/jeux-paralympiques-2024-les-algeriens-font-le-plein-de-medailles\/#respond"]}]},{"@type":"WebPage","@id":"https:\/\/lasentinelle.dz\/index.php\/2024\/09\/02\/jeux-paralympiques-2024-les-algeriens-font-le-plein-de-medailles\/","url":"https:\/\/lasentinelle.dz\/index.php\/2024\/09\/02\/jeux-paralympiques-2024-les-algeriens-font-le-plein-de-medailles\/","name":"Jeux Paralympiques 2024 : Les Alg\u00e9riens font le plein de m\u00e9dailles - La Sentinelle","isPartOf":{"@id":"https:\/\/lasentinelle.dz\/#website"},"primaryImageOfPage":{"@id":"https:\/\/lasentinelle.dz\/index.php\/2024\/09\/02\/jeux-paralympiques-2024-les-algeriens-font-le-plein-de-medailles\/#primaryimage"},"image":{"@id":"https:\/\/lasentinelle.dz\/index.php\/2024\/09\/02\/jeux-paralympiques-2024-les-algeriens-font-le-plein-de-medailles\/#primaryimage"},"thumbnailUrl":"https:\/\/lasentinelle.dz\/wp-content\/uploads\/2024\/09\/lynda-hamri.webp","datePublished":"2024-09-02T14:04:07+00:00","dateModified":"2024-09-02T14:04:08+00:00","breadcrumb":{"@id":"https:\/\/lasentinelle.dz\/index.php\/2024\/09\/02\/jeux-paralympiques-2024-les-algeriens-font-le-plein-de-medailles\/#breadcrumb"},"inLanguage":"fr-FR","potentialAction":[{"@type":"ReadAction","target":["https:\/\/lasentinelle.dz\/index.php\/2024\/09\/02\/jeux-paralympiques-2024-les-algeriens-font-le-plein-de-medailles\/"]}]},{"@type":"ImageObject","inLanguage":"fr-FR","@id":"https:\/\/lasentinelle.dz\/index.php\/2024\/09\/02\/jeux-paralympiques-2024-les-algeriens-font-le-plein-de-medailles\/#primaryimage","url":"https:\/\/lasentinelle.dz\/wp-content\/uploads\/2024\/09\/lynda-hamri.webp","contentUrl":"https:\/\/lasentinelle.dz\/wp-content\/uploads\/2024\/09\/lynda-hamri.webp","width":900,"height":675},{"@type":"BreadcrumbList","@id":"https:\/\/lasentinelle.dz\/index.php\/2024\/09\/02\/jeux-paralympiques-2024-les-algeriens-font-le-plein-de-medailles\/#breadcrumb","itemListElement":[{"@type":"ListItem","position":1,"name":"Accueil","item":"https:\/\/lasentinelle.dz\/"},{"@type":"ListItem","position":2,"name":"Jeux Paralympiques 2024 : Les Alg\u00e9riens font le plein de m\u00e9dailles"}]},{"@type":"WebSite","@id":"https:\/\/lasentinelle.dz\/#website","url":"https:\/\/lasentinelle.dz\/","name":"La Sentinelle","description":"Quotidien national d&#039;information","publisher":{"@id":"https:\/\/lasentinelle.dz\/#organization"},"potentialAction":[{"@type":"SearchAction","target":{"@type":"EntryPoint","urlTemplate":"https:\/\/lasentinelle.dz\/?s={search_term_string}"},"query-input":{"@type":"PropertyValueSpecification","valueRequired":true,"valueName":"search_term_string"}}],"inLanguage":"fr-FR"},{"@type":"Organization","@id":"https:\/\/lasentinelle.dz\/#organization","name":"Quotidien La Sentinelle","url":"https:\/\/lasentinelle.dz\/","logo":{"@type":"ImageObject","inLanguage":"fr-FR","@id":"https:\/\/lasentinelle.dz\/#\/schema\/logo\/image\/","url":"https:\/\/lasentinelle.dz\/wp-content\/uploads\/2021\/09\/logo-sentinelleSLOGAN-1.png","contentUrl":"https:\/\/lasentinelle.dz\/wp-content\/uploads\/2021\/09\/logo-sentinelleSLOGAN-1.png","width":615,"height":142,"caption":"Quotidien La Sentinelle"},"image":{"@id":"https:\/\/lasentinelle.dz\/#\/schema\/logo\/image\/"},"sameAs":["https:\/\/www.facebook.com\/La-Sentinelle-104059864394773"]},{"@type":"Person","@id":"https:\/\/lasentinelle.dz\/#\/schema\/person\/729ee0024f24e0b8c5ec17232f8e8b41","name":"admin","image":{"@type":"ImageObject","inLanguage":"fr-FR","@id":"https:\/\/secure.gravatar.com\/avatar\/4c81fed838786e9b53f540bf46533e750f5d292099ae3b66cfc6fb1982e29df7?s=96&d=mm&r=g","url":"https:\/\/secure.gravatar.com\/avatar\/4c81fed838786e9b53f540bf46533e750f5d292099ae3b66cfc6fb1982e29df7?s=96&d=mm&r=g","contentUrl":"https:\/\/secure.gravatar.com\/avatar\/4c81fed838786e9b53f540bf46533e750f5d292099ae3b66cfc6fb1982e29df7?s=96&d=mm&r=g","caption":"admin"},"description":"admin","url":"https:\/\/lasentinelle.dz\/author\/admin\/"}]}},"_links":{"self":[{"href":"https:\/\/lasentinelle.dz\/index.php\/wp-json\/wp\/v2\/posts\/56418","targetHints":{"allow":["GET"]}}],"collection":[{"href":"https:\/\/lasentinelle.dz\/index.php\/wp-json\/wp\/v2\/posts"}],"about":[{"href":"https:\/\/lasentinelle.dz\/index.php\/wp-json\/wp\/v2\/types\/post"}],"author":[{"embeddable":true,"href":"https:\/\/lasentinelle.dz\/index.php\/wp-json\/wp\/v2\/users\/6"}],"replies":[{"embeddable":true,"href":"https:\/\/lasentinelle.dz\/index.php\/wp-json\/wp\/v2\/comments?post=56418"}],"version-history":[{"count":1,"href":"https:\/\/lasentinelle.dz\/index.php\/wp-json\/wp\/v2\/posts\/56418\/revisions"}],"predecessor-version":[{"id":56420,"href":"https:\/\/lasentinelle.dz\/index.php\/wp-json\/wp\/v2\/posts\/56418\/revisions\/56420"}],"wp:featuredmedia":[{"embeddable":true,"href":"https:\/\/lasentinelle.dz\/index.php\/wp-json\/wp\/v2\/media\/56419"}],"wp:attachment":[{"href":"https:\/\/lasentinelle.dz\/index.php\/wp-json\/wp\/v2\/media?parent=56418"}],"wp:term":[{"taxonomy":"category","embeddable":true,"href":"https:\/\/lasentinelle.dz\/index.php\/wp-json\/wp\/v2\/categories?post=56418"},{"taxonomy":"post_tag","embeddable":true,"href":"https:\/\/lasentinelle.dz\/index.php\/wp-json\/wp\/v2\/tags?post=56418"}],"curies":[{"name":"wp","href":"https:\/\/api.w.org\/{rel}","templated":true}]}}