{"id":56453,"date":"2024-09-02T15:03:36","date_gmt":"2024-09-02T14:03:36","guid":{"rendered":"https:\/\/lasentinelle.dz\/?p=56453"},"modified":"2024-09-02T15:24:22","modified_gmt":"2024-09-02T14:24:22","slug":"cisjordanie-lautre-nettoyage-ethnique","status":"publish","type":"post","link":"https:\/\/lasentinelle.dz\/index.php\/2024\/09\/02\/cisjordanie-lautre-nettoyage-ethnique\/","title":{"rendered":"Cisjordanie : l&rsquo;autre nettoyage ethnique"},"content":{"rendered":"\n<p>L&rsquo;occupation isra\u00e9lienne m\u00e8ne depuis pr\u00e8s de 11 mois une agression g\u00e9nocidaire \u00e0 Ghaza qui \u00e9meut le monde entier. Si l&rsquo;entit\u00e9 sioniste cherche \u00e0 travers cette agression \u00e0 r\u00e9\u00e9diter le nettoyage ethnique de la Nakba en 1948 et imposer la r\u00e9occupation de l&rsquo;enclave, elle profite aussi que l&rsquo;attention de la communaut\u00e9 internationale soit centr\u00e9e sur Ghaza, pour intensifier son nettoyage ethnique en Cisjordanie occup\u00e9e y compris \u00e0 El Qods-Est.<\/p>\n\n\n\n<p>Depuis les 7 octobre dernier, les raids et les agressions des forces d&rsquo;occupation, tout comme la violence des colons se sont intensifi\u00e9s dans les territoires occup\u00e9s et plus encore depuis l&rsquo;arr\u00eat de la Cour internationale de Justice d\u00e9clarant l&rsquo;occupation isra\u00e9lienne en Cisjordanie et \u00e0 El Qods ill\u00e9gale et exigeant le retrait des colons et des forces d&rsquo;occupation. L&rsquo;occupant m\u00e8ne une attaque violente et meurtri\u00e8re depuis quelques jours \u00e0 J\u00e9nine dans le nord de la Cisjordanie.&nbsp; D&rsquo;importantes forces ont pris d&rsquo;assaut les villes de J\u00e9nine et de Tulkarem, ainsi que leurs camps de r\u00e9fugi\u00e9s et le camp de Fara pr\u00e8s de Tubas. Les raids se poursuivent toutefois \u00e0 J\u00e9nine, l&rsquo;arm\u00e9e sioniste d\u00e9ployant des forces blind\u00e9es, appuy\u00e9es par des forces a\u00e9riennes, dans la ville. L&rsquo;op\u00e9ration a entra\u00een\u00e9 la mort en martyrs d&rsquo;au moins 26 Palestiniens, selon des m\u00e9dias. PLes autorit\u00e9s palestiniennes ont estim\u00e9 que pr\u00e8s de 135,2 millions de dollars de d\u00e9g\u00e2ts avaient \u00e9t\u00e9 caus\u00e9s jusqu&rsquo;\u00e0 pr\u00e9sent. \u00ab\u00a0La plus grande perte est celle des vies humaines. Sur le plan mat\u00e9riel, les destructions (caus\u00e9es par les forces sionistes) sont immenses, y compris les d\u00e9g\u00e2ts aux infrastructures, comme la destruction des conduites d&rsquo;eau et des lignes de communication et les attaques contre les transformateurs \u00e9lectriques\u00a0\u00bb, a d\u00e9clar\u00e9 le maire de Jenine, Nidal al-Obaidi, cit\u00e9 par des m\u00e9dias. \u00ab\u00a0L&rsquo;ampleur des destructions d\u00e9passe celle des op\u00e9rations pr\u00e9c\u00e9dentes, avec des d\u00e9g\u00e2ts estim\u00e9s \u00e0 135,2 millions de dollars\u00a0\u00bb, a-t-il d\u00e9clar\u00e9 au lendemain de l&rsquo;assaut sioniste sur la ville de J\u00e9nine, ses quartiers et son camp de r\u00e9fugi\u00e9s. D\u00e9crivant la situation, notamment dans le quartier Est et dans le camp, le maire a indiqu\u00e9 que c&rsquo;\u00e9tait \u00ab\u00a0comme si un tremblement de terre avait frapp\u00e9 la ville : des destructions massives, des rues endommag\u00e9es, des maisons d\u00e9molies et d&rsquo;autres explos\u00e9es\u00a0\u00bb. Al-Obaidi a relev\u00e9 que l&rsquo;arm\u00e9e sioniste \u00ab\u00a0sabote et d\u00e9truit d\u00e9lib\u00e9r\u00e9ment la ville\u00a0\u00bb, notant que \u00ab\u00a0l&rsquo;op\u00e9ration se poursuit depuis cinq jours cons\u00e9cutifs, avec de nouvelles destructions et de nouveaux d\u00e9g\u00e2ts se produisant chaque jour\u00a0\u00bb. Il a \u00e9galement soulign\u00e9 que l&rsquo;incursion sioniste a \u00ab\u00a0paralys\u00e9 la vie publique et \u00e9conomique\u00a0\u00bb, ajoutant que les habitants \u00e9taient confront\u00e9s \u00e0 des conditions extr\u00eamement difficiles, avec une grave p\u00e9nurie de fournitures essentielles dans le quartier Est et le camp en raison du si\u00e8ge en cours. &nbsp;L&rsquo;ONG M\u00e9decins sans fronti\u00e8res a de son c\u00f4t\u00e9 soulign\u00e9 hier que l&rsquo;ampleur et l&rsquo;intensit\u00e9 de l&rsquo;incursion des forces d&rsquo;occupation sioniste pour le cinqui\u00e8me jour cons\u00e9cutif \u00e0 J\u00e9nine sont \u00ab\u00a0extr\u00eamement alarmantes\u00a0\u00bb, car continuant d&rsquo;entraver l&rsquo;acc\u00e8s aux \u00e9tablissements de sant\u00e9 et de bloquer, voire de prendre pour cible, les ambulances, retardant ainsi l&rsquo;acc\u00e8s des personnes aux soins. Dans l&rsquo;h\u00f4pital gouvernemental de J\u00e9nine, soutenu par MSF et assi\u00e9g\u00e9 par les forces d&rsquo;occupation sioniste depuis le d\u00e9but de l&rsquo;incursion, l&rsquo;approvisionnement en eau et en \u00e9lectricit\u00e9 a \u00e9t\u00e9 compromis et le personnel m\u00e9dical a \u00e9t\u00e9 contraint de suspendre les op\u00e9rations de dialyse, une proc\u00e9dure essentielle dans le traitement de l&rsquo;insuffisance r\u00e9nale, a indiqu\u00e9 l&rsquo;organisation internationale dans une br\u00e8ve d\u00e9claration publi\u00e9e sur la plateforme X dimanche. A Tulkarem, apr\u00e8s le retrait des forces d&rsquo;occupation sioniste, \u00ab\u00a0nos \u00e9quipes ont \u00e9t\u00e9 t\u00e9moins de la destruction des camps et ont entendu des r\u00e9cits inqui\u00e9tants d&rsquo;un volontaire form\u00e9 par MSF qui a \u00e9t\u00e9 battu et interrog\u00e9\u00a0\u00bb.<\/p>\n\n\n\n<p>Parall\u00e8lement \u00e0 sa guerre d\u00e9vastatrice contre Ghaza, l&rsquo;arm\u00e9e d&rsquo;occupation sioniste a \u00e9tendu ses assauts en Cisjordanie tandis que les colons intensifiaient leurs attaques, entra\u00eenant la mort en martyrs de 676 Palestiniens depuis le 7 octobre 2023, en plus de plus de 5 600 bless\u00e9s, selon le minist\u00e8re de la Sant\u00e9 palestinien. <strong>&nbsp;<\/strong>L\u2019Autorit\u00e9 de r\u00e9sistance au mur et aux implantations a affirm\u00e9, hier dans un communiqu\u00e9, qu'\u00a0\u00bbau cours du mois d&rsquo;ao\u00fbt dernier, les autorit\u00e9s d&rsquo;occupation ont men\u00e9 62 op\u00e9rations de d\u00e9molition, affectant 78 installations, dont 36 maisons habit\u00e9es, 8 maisons inhabit\u00e9es et 13 installations agricoles et autres (&#8230;) et ont \u00e9galement notifi\u00e9 la d\u00e9molition de 74 maisons et des installations\u00a0\u00bb. Le communiqu\u00e9 a ajout\u00e9 que \u00ab\u00a0les colons ont men\u00e9 206 attaques allant d&rsquo;attaques arm\u00e9es contre des villages palestiniens \u00e0 des ex\u00e9cutions sur le terrain, en passant par le sabotage et le rasage de vastes \u00e9tendues de terre, le d\u00e9racinement d&rsquo;arbres, le sabotage et le vol de biens palestiniens, ainsi que le placement de barri\u00e8res\u00a0\u00bb. La source a \u00e9galement fait savoir que \u00ab\u00a0depuis ao\u00fbt dernier, les colons ont \u00e9tabli 8 nouveaux avant-postes de colonisation, \u00e0 caract\u00e8re essentiellement agricole et pastoral, tandis que l\u2019arm\u00e9e s\u2019est empar\u00e9e d\u2019un total de 367 dounams de terres palestiniennes\u00a0\u00bb. Dans ce contexte, le minist\u00e8re jordanien des Affaires \u00e9trang\u00e8res et des Affaires des expatri\u00e9s a ainsi condamn\u00e9 dans les \u00ab\u00a0termes les plus fermes\u00a0\u00bb la poursuite des attaques agressives syst\u00e9matiques men\u00e9es par l&rsquo;arm\u00e9e de l&rsquo;occupation sioniste dans les territoires palestiniens occup\u00e9s. Le porte-parole du minist\u00e8re des Affaires \u00e9trang\u00e8res, Sofiane El-Qodat, a soulign\u00e9 samedi dans un communiqu\u00e9 que l&rsquo;entit\u00e9 sioniste \u00ab\u00a0poursuit ses violations et agressions contre les Palestiniens alors que la guerre contre Ghaza est toujours en cours parall\u00e8lement \u00e0 la campagne d&rsquo;incitation que les responsables sionistes continuent de mener \u00e0 l&rsquo;\u00e9gard des Palestiniens en multipliant notamment les constructions de colonies dans les territoires occup\u00e9s\u00a0\u00bb. Pour le porte-parole, ces pratiques \u00ab\u00a0risquent d&rsquo;aggraver davantage\u00a0\u00bb la situation en Palestine occup\u00e9e soulignant \u00ab\u00a0la n\u00e9cessit\u00e9 de la fin de l&rsquo;occupation des territoires palestiniens pour r\u00e9aliser la paix et la stabilit\u00e9 dans la r\u00e9gion\u00a0\u00bb. Il a, par ailleurs, appel\u00e9 \u00e0 imposer des \u00ab\u00a0sanctions internationales\u00a0\u00bb aux responsables sionistes qui ont tenu r\u00e9cemment des propos racistes et haineux \u00e0 l&rsquo;\u00e9gard des Palestiniens dans une tentative d'\u00a0\u00bbimposer de nouveaux faits\u00a0\u00bb. Dans ce contexte, le porte-parole du minist\u00e8re, a exhort\u00e9 la communaut\u00e9 internationale, en particulier le Conseil de s\u00e9curit\u00e9, \u00e0 \u00ab\u00a0agir\u00a0\u00bb pour assurer la protection au peuple palestinien, mettre un terme aux violations sionistes, punir les auteurs de celles-ci, et travailler davantage pour garantir au peuple palestinien ses droits l\u00e9gitimes notamment l&rsquo;ind\u00e9pendance de l&rsquo;Etat de Palestine, avec El Qods comme capitale.<strong><\/strong><\/p>\n\n\n\n<p>Lyes Sa\u00efdi<\/p>\n","protected":false},"excerpt":{"rendered":"<p>L&rsquo;occupation isra\u00e9lienne m\u00e8ne depuis pr\u00e8s de 11 mois une agression g\u00e9nocidaire \u00e0 Ghaza qui \u00e9meut le monde entier. Si l&rsquo;entit\u00e9<\/p>\n","protected":false},"author":6,"featured_media":46147,"comment_status":"open","ping_status":"closed","sticky":false,"template":"","format":"standard","meta":{"colormag_page_container_layout":"default_layout","colormag_page_sidebar_layout":"default_layout","om_disable_all_campaigns":false,"_monsterinsights_skip_tracking":false,"_monsterinsights_sitenote_active":false,"_monsterinsights_sitenote_note":"","_monsterinsights_sitenote_category":0,"footnotes":"","_wpscppro_dont_share_socialmedia":false,"_wpscppro_custom_social_share_image":0,"_facebook_share_type":"default","_twitter_share_type":"default","_linkedin_share_type":"default","_pinterest_share_type":"default","_linkedin_share_type_page":"","_instagram_share_type":"default","_medium_share_type":"","_threads_share_type":"","_google_business_share_type":"","_selected_social_profile":[],"_wpsp_enable_custom_social_template":false,"_wpsp_social_scheduling":{"enabled":false,"datetime":null,"platforms":[],"status":"template_only","dateOption":"today","timeOption":"now","customDays":"","customHours":"","customDate":"","customTime":"","schedulingType":"absolute"},"_wpsp_active_default_template":true},"categories":[52,27],"tags":[],"class_list":["post-56453","post","type-post","status-publish","format-standard","has-post-thumbnail","hentry","category-a-la-une","category-actualite"],"aioseo_notices":[],"yoast_head":"<!-- This site is optimized with the Yoast SEO plugin v27.5 - https:\/\/yoast.com\/product\/yoast-seo-wordpress\/ -->\n<title>Cisjordanie : l&rsquo;autre nettoyage ethnique - La Sentinelle<\/title>\n<meta name=\"robots\" content=\"index, follow, max-snippet:-1, max-image-preview:large, max-video-preview:-1\" \/>\n<link rel=\"canonical\" href=\"https:\/\/lasentinelle.dz\/index.php\/2024\/09\/02\/cisjordanie-lautre-nettoyage-ethnique\/\" \/>\n<meta property=\"og:locale\" content=\"fr_FR\" \/>\n<meta property=\"og:type\" content=\"article\" \/>\n<meta property=\"og:title\" content=\"Cisjordanie : l&rsquo;autre nettoyage ethnique - La Sentinelle\" \/>\n<meta property=\"og:description\" content=\"L&rsquo;occupation isra\u00e9lienne m\u00e8ne depuis pr\u00e8s de 11 mois une agression g\u00e9nocidaire \u00e0 Ghaza qui \u00e9meut le monde entier. Si l&rsquo;entit\u00e9\" \/>\n<meta property=\"og:url\" content=\"https:\/\/lasentinelle.dz\/index.php\/2024\/09\/02\/cisjordanie-lautre-nettoyage-ethnique\/\" \/>\n<meta property=\"og:site_name\" content=\"La Sentinelle\" \/>\n<meta property=\"article:publisher\" content=\"https:\/\/www.facebook.com\/La-Sentinelle-104059864394773\" \/>\n<meta property=\"article:published_time\" content=\"2024-09-02T14:03:36+00:00\" \/>\n<meta property=\"article:modified_time\" content=\"2024-09-02T14:24:22+00:00\" \/>\n<meta property=\"og:image\" content=\"https:\/\/lasentinelle.dz\/wp-content\/uploads\/2023\/10\/palestine.jpeg\" \/>\n\t<meta property=\"og:image:width\" content=\"701\" \/>\n\t<meta property=\"og:image:height\" content=\"370\" \/>\n\t<meta property=\"og:image:type\" content=\"image\/jpeg\" \/>\n<meta name=\"author\" content=\"admin\" \/>\n<meta name=\"twitter:card\" content=\"summary_large_image\" \/>\n<meta name=\"twitter:label1\" content=\"\u00c9crit par\" \/>\n\t<meta name=\"twitter:data1\" content=\"admin\" \/>\n\t<meta name=\"twitter:label2\" content=\"Dur\u00e9e de lecture estim\u00e9e\" \/>\n\t<meta name=\"twitter:data2\" content=\"6 minutes\" \/>\n<script type=\"application\/ld+json\" class=\"yoast-schema-graph\">{\"@context\":\"https:\\\/\\\/schema.org\",\"@graph\":[{\"@type\":\"Article\",\"@id\":\"https:\\\/\\\/lasentinelle.dz\\\/index.php\\\/2024\\\/09\\\/02\\\/cisjordanie-lautre-nettoyage-ethnique\\\/#article\",\"isPartOf\":{\"@id\":\"https:\\\/\\\/lasentinelle.dz\\\/index.php\\\/2024\\\/09\\\/02\\\/cisjordanie-lautre-nettoyage-ethnique\\\/\"},\"author\":{\"name\":\"admin\",\"@id\":\"https:\\\/\\\/lasentinelle.dz\\\/#\\\/schema\\\/person\\\/729ee0024f24e0b8c5ec17232f8e8b41\"},\"headline\":\"Cisjordanie : l&rsquo;autre nettoyage ethnique\",\"datePublished\":\"2024-09-02T14:03:36+00:00\",\"dateModified\":\"2024-09-02T14:24:22+00:00\",\"mainEntityOfPage\":{\"@id\":\"https:\\\/\\\/lasentinelle.dz\\\/index.php\\\/2024\\\/09\\\/02\\\/cisjordanie-lautre-nettoyage-ethnique\\\/\"},\"wordCount\":1191,\"commentCount\":0,\"publisher\":{\"@id\":\"https:\\\/\\\/lasentinelle.dz\\\/#organization\"},\"image\":{\"@id\":\"https:\\\/\\\/lasentinelle.dz\\\/index.php\\\/2024\\\/09\\\/02\\\/cisjordanie-lautre-nettoyage-ethnique\\\/#primaryimage\"},\"thumbnailUrl\":\"https:\\\/\\\/lasentinelle.dz\\\/wp-content\\\/uploads\\\/2023\\\/10\\\/palestine.jpeg\",\"articleSection\":[\"\u00c0 la Une\",\"Actualit\u00e9\"],\"inLanguage\":\"fr-FR\",\"potentialAction\":[{\"@type\":\"CommentAction\",\"name\":\"Comment\",\"target\":[\"https:\\\/\\\/lasentinelle.dz\\\/index.php\\\/2024\\\/09\\\/02\\\/cisjordanie-lautre-nettoyage-ethnique\\\/#respond\"]}]},{\"@type\":\"WebPage\",\"@id\":\"https:\\\/\\\/lasentinelle.dz\\\/index.php\\\/2024\\\/09\\\/02\\\/cisjordanie-lautre-nettoyage-ethnique\\\/\",\"url\":\"https:\\\/\\\/lasentinelle.dz\\\/index.php\\\/2024\\\/09\\\/02\\\/cisjordanie-lautre-nettoyage-ethnique\\\/\",\"name\":\"Cisjordanie : l&rsquo;autre nettoyage ethnique - La Sentinelle\",\"isPartOf\":{\"@id\":\"https:\\\/\\\/lasentinelle.dz\\\/#website\"},\"primaryImageOfPage\":{\"@id\":\"https:\\\/\\\/lasentinelle.dz\\\/index.php\\\/2024\\\/09\\\/02\\\/cisjordanie-lautre-nettoyage-ethnique\\\/#primaryimage\"},\"image\":{\"@id\":\"https:\\\/\\\/lasentinelle.dz\\\/index.php\\\/2024\\\/09\\\/02\\\/cisjordanie-lautre-nettoyage-ethnique\\\/#primaryimage\"},\"thumbnailUrl\":\"https:\\\/\\\/lasentinelle.dz\\\/wp-content\\\/uploads\\\/2023\\\/10\\\/palestine.jpeg\",\"datePublished\":\"2024-09-02T14:03:36+00:00\",\"dateModified\":\"2024-09-02T14:24:22+00:00\",\"breadcrumb\":{\"@id\":\"https:\\\/\\\/lasentinelle.dz\\\/index.php\\\/2024\\\/09\\\/02\\\/cisjordanie-lautre-nettoyage-ethnique\\\/#breadcrumb\"},\"inLanguage\":\"fr-FR\",\"potentialAction\":[{\"@type\":\"ReadAction\",\"target\":[\"https:\\\/\\\/lasentinelle.dz\\\/index.php\\\/2024\\\/09\\\/02\\\/cisjordanie-lautre-nettoyage-ethnique\\\/\"]}]},{\"@type\":\"ImageObject\",\"inLanguage\":\"fr-FR\",\"@id\":\"https:\\\/\\\/lasentinelle.dz\\\/index.php\\\/2024\\\/09\\\/02\\\/cisjordanie-lautre-nettoyage-ethnique\\\/#primaryimage\",\"url\":\"https:\\\/\\\/lasentinelle.dz\\\/wp-content\\\/uploads\\\/2023\\\/10\\\/palestine.jpeg\",\"contentUrl\":\"https:\\\/\\\/lasentinelle.dz\\\/wp-content\\\/uploads\\\/2023\\\/10\\\/palestine.jpeg\",\"width\":701,\"height\":370},{\"@type\":\"BreadcrumbList\",\"@id\":\"https:\\\/\\\/lasentinelle.dz\\\/index.php\\\/2024\\\/09\\\/02\\\/cisjordanie-lautre-nettoyage-ethnique\\\/#breadcrumb\",\"itemListElement\":[{\"@type\":\"ListItem\",\"position\":1,\"name\":\"Accueil\",\"item\":\"https:\\\/\\\/lasentinelle.dz\\\/\"},{\"@type\":\"ListItem\",\"position\":2,\"name\":\"Cisjordanie : l&rsquo;autre nettoyage ethnique\"}]},{\"@type\":\"WebSite\",\"@id\":\"https:\\\/\\\/lasentinelle.dz\\\/#website\",\"url\":\"https:\\\/\\\/lasentinelle.dz\\\/\",\"name\":\"La Sentinelle\",\"description\":\"Quotidien national d&#039;information\",\"publisher\":{\"@id\":\"https:\\\/\\\/lasentinelle.dz\\\/#organization\"},\"potentialAction\":[{\"@type\":\"SearchAction\",\"target\":{\"@type\":\"EntryPoint\",\"urlTemplate\":\"https:\\\/\\\/lasentinelle.dz\\\/?s={search_term_string}\"},\"query-input\":{\"@type\":\"PropertyValueSpecification\",\"valueRequired\":true,\"valueName\":\"search_term_string\"}}],\"inLanguage\":\"fr-FR\"},{\"@type\":\"Organization\",\"@id\":\"https:\\\/\\\/lasentinelle.dz\\\/#organization\",\"name\":\"Quotidien La Sentinelle\",\"url\":\"https:\\\/\\\/lasentinelle.dz\\\/\",\"logo\":{\"@type\":\"ImageObject\",\"inLanguage\":\"fr-FR\",\"@id\":\"https:\\\/\\\/lasentinelle.dz\\\/#\\\/schema\\\/logo\\\/image\\\/\",\"url\":\"https:\\\/\\\/lasentinelle.dz\\\/wp-content\\\/uploads\\\/2021\\\/09\\\/logo-sentinelleSLOGAN-1.png\",\"contentUrl\":\"https:\\\/\\\/lasentinelle.dz\\\/wp-content\\\/uploads\\\/2021\\\/09\\\/logo-sentinelleSLOGAN-1.png\",\"width\":615,\"height\":142,\"caption\":\"Quotidien La Sentinelle\"},\"image\":{\"@id\":\"https:\\\/\\\/lasentinelle.dz\\\/#\\\/schema\\\/logo\\\/image\\\/\"},\"sameAs\":[\"https:\\\/\\\/www.facebook.com\\\/La-Sentinelle-104059864394773\"]},{\"@type\":\"Person\",\"@id\":\"https:\\\/\\\/lasentinelle.dz\\\/#\\\/schema\\\/person\\\/729ee0024f24e0b8c5ec17232f8e8b41\",\"name\":\"admin\",\"image\":{\"@type\":\"ImageObject\",\"inLanguage\":\"fr-FR\",\"@id\":\"https:\\\/\\\/secure.gravatar.com\\\/avatar\\\/4c81fed838786e9b53f540bf46533e750f5d292099ae3b66cfc6fb1982e29df7?s=96&d=mm&r=g\",\"url\":\"https:\\\/\\\/secure.gravatar.com\\\/avatar\\\/4c81fed838786e9b53f540bf46533e750f5d292099ae3b66cfc6fb1982e29df7?s=96&d=mm&r=g\",\"contentUrl\":\"https:\\\/\\\/secure.gravatar.com\\\/avatar\\\/4c81fed838786e9b53f540bf46533e750f5d292099ae3b66cfc6fb1982e29df7?s=96&d=mm&r=g\",\"caption\":\"admin\"},\"description\":\"admin\",\"url\":\"https:\\\/\\\/lasentinelle.dz\\\/author\\\/admin\\\/\"}]}<\/script>\n<!-- \/ Yoast SEO plugin. -->","yoast_head_json":{"title":"Cisjordanie : l&rsquo;autre nettoyage ethnique - La Sentinelle","robots":{"index":"index","follow":"follow","max-snippet":"max-snippet:-1","max-image-preview":"max-image-preview:large","max-video-preview":"max-video-preview:-1"},"canonical":"https:\/\/lasentinelle.dz\/index.php\/2024\/09\/02\/cisjordanie-lautre-nettoyage-ethnique\/","og_locale":"fr_FR","og_type":"article","og_title":"Cisjordanie : l&rsquo;autre nettoyage ethnique - La Sentinelle","og_description":"L&rsquo;occupation isra\u00e9lienne m\u00e8ne depuis pr\u00e8s de 11 mois une agression g\u00e9nocidaire \u00e0 Ghaza qui \u00e9meut le monde entier. Si l&rsquo;entit\u00e9","og_url":"https:\/\/lasentinelle.dz\/index.php\/2024\/09\/02\/cisjordanie-lautre-nettoyage-ethnique\/","og_site_name":"La Sentinelle","article_publisher":"https:\/\/www.facebook.com\/La-Sentinelle-104059864394773","article_published_time":"2024-09-02T14:03:36+00:00","article_modified_time":"2024-09-02T14:24:22+00:00","og_image":[{"width":701,"height":370,"url":"https:\/\/lasentinelle.dz\/wp-content\/uploads\/2023\/10\/palestine.jpeg","type":"image\/jpeg"}],"author":"admin","twitter_card":"summary_large_image","twitter_misc":{"\u00c9crit par":"admin","Dur\u00e9e de lecture estim\u00e9e":"6 minutes"},"schema":{"@context":"https:\/\/schema.org","@graph":[{"@type":"Article","@id":"https:\/\/lasentinelle.dz\/index.php\/2024\/09\/02\/cisjordanie-lautre-nettoyage-ethnique\/#article","isPartOf":{"@id":"https:\/\/lasentinelle.dz\/index.php\/2024\/09\/02\/cisjordanie-lautre-nettoyage-ethnique\/"},"author":{"name":"admin","@id":"https:\/\/lasentinelle.dz\/#\/schema\/person\/729ee0024f24e0b8c5ec17232f8e8b41"},"headline":"Cisjordanie : l&rsquo;autre nettoyage ethnique","datePublished":"2024-09-02T14:03:36+00:00","dateModified":"2024-09-02T14:24:22+00:00","mainEntityOfPage":{"@id":"https:\/\/lasentinelle.dz\/index.php\/2024\/09\/02\/cisjordanie-lautre-nettoyage-ethnique\/"},"wordCount":1191,"commentCount":0,"publisher":{"@id":"https:\/\/lasentinelle.dz\/#organization"},"image":{"@id":"https:\/\/lasentinelle.dz\/index.php\/2024\/09\/02\/cisjordanie-lautre-nettoyage-ethnique\/#primaryimage"},"thumbnailUrl":"https:\/\/lasentinelle.dz\/wp-content\/uploads\/2023\/10\/palestine.jpeg","articleSection":["\u00c0 la Une","Actualit\u00e9"],"inLanguage":"fr-FR","potentialAction":[{"@type":"CommentAction","name":"Comment","target":["https:\/\/lasentinelle.dz\/index.php\/2024\/09\/02\/cisjordanie-lautre-nettoyage-ethnique\/#respond"]}]},{"@type":"WebPage","@id":"https:\/\/lasentinelle.dz\/index.php\/2024\/09\/02\/cisjordanie-lautre-nettoyage-ethnique\/","url":"https:\/\/lasentinelle.dz\/index.php\/2024\/09\/02\/cisjordanie-lautre-nettoyage-ethnique\/","name":"Cisjordanie : l&rsquo;autre nettoyage ethnique - La Sentinelle","isPartOf":{"@id":"https:\/\/lasentinelle.dz\/#website"},"primaryImageOfPage":{"@id":"https:\/\/lasentinelle.dz\/index.php\/2024\/09\/02\/cisjordanie-lautre-nettoyage-ethnique\/#primaryimage"},"image":{"@id":"https:\/\/lasentinelle.dz\/index.php\/2024\/09\/02\/cisjordanie-lautre-nettoyage-ethnique\/#primaryimage"},"thumbnailUrl":"https:\/\/lasentinelle.dz\/wp-content\/uploads\/2023\/10\/palestine.jpeg","datePublished":"2024-09-02T14:03:36+00:00","dateModified":"2024-09-02T14:24:22+00:00","breadcrumb":{"@id":"https:\/\/lasentinelle.dz\/index.php\/2024\/09\/02\/cisjordanie-lautre-nettoyage-ethnique\/#breadcrumb"},"inLanguage":"fr-FR","potentialAction":[{"@type":"ReadAction","target":["https:\/\/lasentinelle.dz\/index.php\/2024\/09\/02\/cisjordanie-lautre-nettoyage-ethnique\/"]}]},{"@type":"ImageObject","inLanguage":"fr-FR","@id":"https:\/\/lasentinelle.dz\/index.php\/2024\/09\/02\/cisjordanie-lautre-nettoyage-ethnique\/#primaryimage","url":"https:\/\/lasentinelle.dz\/wp-content\/uploads\/2023\/10\/palestine.jpeg","contentUrl":"https:\/\/lasentinelle.dz\/wp-content\/uploads\/2023\/10\/palestine.jpeg","width":701,"height":370},{"@type":"BreadcrumbList","@id":"https:\/\/lasentinelle.dz\/index.php\/2024\/09\/02\/cisjordanie-lautre-nettoyage-ethnique\/#breadcrumb","itemListElement":[{"@type":"ListItem","position":1,"name":"Accueil","item":"https:\/\/lasentinelle.dz\/"},{"@type":"ListItem","position":2,"name":"Cisjordanie : l&rsquo;autre nettoyage ethnique"}]},{"@type":"WebSite","@id":"https:\/\/lasentinelle.dz\/#website","url":"https:\/\/lasentinelle.dz\/","name":"La Sentinelle","description":"Quotidien national d&#039;information","publisher":{"@id":"https:\/\/lasentinelle.dz\/#organization"},"potentialAction":[{"@type":"SearchAction","target":{"@type":"EntryPoint","urlTemplate":"https:\/\/lasentinelle.dz\/?s={search_term_string}"},"query-input":{"@type":"PropertyValueSpecification","valueRequired":true,"valueName":"search_term_string"}}],"inLanguage":"fr-FR"},{"@type":"Organization","@id":"https:\/\/lasentinelle.dz\/#organization","name":"Quotidien La Sentinelle","url":"https:\/\/lasentinelle.dz\/","logo":{"@type":"ImageObject","inLanguage":"fr-FR","@id":"https:\/\/lasentinelle.dz\/#\/schema\/logo\/image\/","url":"https:\/\/lasentinelle.dz\/wp-content\/uploads\/2021\/09\/logo-sentinelleSLOGAN-1.png","contentUrl":"https:\/\/lasentinelle.dz\/wp-content\/uploads\/2021\/09\/logo-sentinelleSLOGAN-1.png","width":615,"height":142,"caption":"Quotidien La Sentinelle"},"image":{"@id":"https:\/\/lasentinelle.dz\/#\/schema\/logo\/image\/"},"sameAs":["https:\/\/www.facebook.com\/La-Sentinelle-104059864394773"]},{"@type":"Person","@id":"https:\/\/lasentinelle.dz\/#\/schema\/person\/729ee0024f24e0b8c5ec17232f8e8b41","name":"admin","image":{"@type":"ImageObject","inLanguage":"fr-FR","@id":"https:\/\/secure.gravatar.com\/avatar\/4c81fed838786e9b53f540bf46533e750f5d292099ae3b66cfc6fb1982e29df7?s=96&d=mm&r=g","url":"https:\/\/secure.gravatar.com\/avatar\/4c81fed838786e9b53f540bf46533e750f5d292099ae3b66cfc6fb1982e29df7?s=96&d=mm&r=g","contentUrl":"https:\/\/secure.gravatar.com\/avatar\/4c81fed838786e9b53f540bf46533e750f5d292099ae3b66cfc6fb1982e29df7?s=96&d=mm&r=g","caption":"admin"},"description":"admin","url":"https:\/\/lasentinelle.dz\/author\/admin\/"}]}},"_links":{"self":[{"href":"https:\/\/lasentinelle.dz\/index.php\/wp-json\/wp\/v2\/posts\/56453","targetHints":{"allow":["GET"]}}],"collection":[{"href":"https:\/\/lasentinelle.dz\/index.php\/wp-json\/wp\/v2\/posts"}],"about":[{"href":"https:\/\/lasentinelle.dz\/index.php\/wp-json\/wp\/v2\/types\/post"}],"author":[{"embeddable":true,"href":"https:\/\/lasentinelle.dz\/index.php\/wp-json\/wp\/v2\/users\/6"}],"replies":[{"embeddable":true,"href":"https:\/\/lasentinelle.dz\/index.php\/wp-json\/wp\/v2\/comments?post=56453"}],"version-history":[{"count":2,"href":"https:\/\/lasentinelle.dz\/index.php\/wp-json\/wp\/v2\/posts\/56453\/revisions"}],"predecessor-version":[{"id":56455,"href":"https:\/\/lasentinelle.dz\/index.php\/wp-json\/wp\/v2\/posts\/56453\/revisions\/56455"}],"wp:featuredmedia":[{"embeddable":true,"href":"https:\/\/lasentinelle.dz\/index.php\/wp-json\/wp\/v2\/media\/46147"}],"wp:attachment":[{"href":"https:\/\/lasentinelle.dz\/index.php\/wp-json\/wp\/v2\/media?parent=56453"}],"wp:term":[{"taxonomy":"category","embeddable":true,"href":"https:\/\/lasentinelle.dz\/index.php\/wp-json\/wp\/v2\/categories?post=56453"},{"taxonomy":"post_tag","embeddable":true,"href":"https:\/\/lasentinelle.dz\/index.php\/wp-json\/wp\/v2\/tags?post=56453"}],"curies":[{"name":"wp","href":"https:\/\/api.w.org\/{rel}","templated":true}]}}