{"id":56456,"date":"2024-09-02T15:22:23","date_gmt":"2024-09-02T14:22:23","guid":{"rendered":"https:\/\/lasentinelle.dz\/?p=56456"},"modified":"2024-09-02T15:22:24","modified_gmt":"2024-09-02T14:22:24","slug":"depuis-setif-hassani-cherif-promet-une-reforme-sociale-qui-preserve-la-cohesion-de-la-societe","status":"publish","type":"post","link":"https:\/\/lasentinelle.dz\/index.php\/2024\/09\/02\/depuis-setif-hassani-cherif-promet-une-reforme-sociale-qui-preserve-la-cohesion-de-la-societe\/","title":{"rendered":"Depuis S\u00e9tif: Hassani Cherif promet une r\u00e9forme sociale qui \u00ab\u00a0pr\u00e9serve la coh\u00e9sion de la soci\u00e9t\u00e9\u00a0\u00bb"},"content":{"rendered":"\n<p>Le candidat du Mouvement de la soci\u00e9t\u00e9 pour la paix (MSP) \u00e0 la Pr\u00e9sidentielle du 7 septembre prochain, M. Abdelaali Hassani Cherif, s&rsquo;est engag\u00e9, samedi depuis la wilaya de S\u00e9tif, \u00e0 op\u00e9rer une r\u00e9forme sociale \u00ab\u00a0\u00e0 m\u00eame de maintenir la s\u00e9r\u00e9nit\u00e9 et de pr\u00e9server la coh\u00e9sion de la soci\u00e9t\u00e9\u00a0\u00bb. Animant un meeting au complexe omnisports 8 mai 1945, M. Hassani Cherif a indiqu\u00e9 que son programme \u00e9lectoral reposait sur \u00ab\u00a0la concr\u00e9tisation d&rsquo;une r\u00e9forme sociale globale \u00e0 m\u00eame de maintenir la s\u00e9r\u00e9nit\u00e9, de pr\u00e9server la coh\u00e9sion de la soci\u00e9t\u00e9 et de garantir une vie digne au citoyen\u00a0\u00bb, soulignant que son programme pr\u00e9voit aussi \u00ab\u00a0la pr\u00e9servation des droits du citoyen, la garantie de sa libert\u00e9, la protection de sa sant\u00e9 et l&rsquo;am\u00e9lioration de son pouvoir d&rsquo;achat\u00a0\u00bb. Il s&rsquo;est, dans ce contexte, engag\u00e9 \u00e0 renforcer \u00ab\u00a0les m\u00e9canismes incitateurs visant \u00e0 cr\u00e9er des emplois dans les secteurs de production et tertiaires, \u00e0 r\u00e9sorber le ch\u00f4mage, mais aussi \u00e0 r\u00e9viser le syst\u00e8me d&rsquo;allocation aux ch\u00f4meurs et le syst\u00e8me sanitaire\u00a0\u00bb. Au volet \u00e9conomique, le candidat du MSP a r\u00e9affirm\u00e9 que ses engagements \u00e9taient bas\u00e9s sur \u00ab\u00a0l\u2019\u00e9valuation de la situation actuelle en vue d&rsquo;anticiper les futurs d\u00e9fis qui n\u00e9cessitent, a-t-il dit, la relance des grands projets, l\u2019instauration d\u2019un environnement propice aux investissements ainsi que la lib\u00e9ration du commerce et de l\u2019import-export\u00a0\u00bb. S\u2019agissant de la wilaya de S\u00e9tif, M. Hassani a \u00e9num\u00e9r\u00e9 ses atouts industriels, agricoles, et touristiques, faisant d\u2019elle \u00ab\u00a0un important p\u00f4le \u00e9conomique\u00a0\u00bb, s\u2019engageant, en cas, de son \u00e9lection \u00e0 la magistrature supr\u00eame, \u00e0 \u00ab\u00a0transformer les villes connues pour leur dynamique industrielle et commerciale, en p\u00f4les \u00e0 m\u00eame de contribuer \u00e0 la relance de l\u2019\u00e9conomie nationale\u00a0\u00bb. Il a par la m\u00eame, soulign\u00e9 que l\u2019Alg\u00e9rie s&rsquo;appr\u00eatait \u00e0 une \u00e9ch\u00e9ance importante avec tous les d\u00e9fis et enjeux qui se pr\u00e9sentent, notamment au vu de ses positions constantes en faveur des causes justes dans le monde, appelant \u00e0 \u00ab\u00a0r\u00e9ussir cette \u00e9ch\u00e9ance \u00e9lectorale, en se rendant massivement aux urnes le 7 septembre\u00a0\u00bb.<\/p>\n\n\n\n<p>APS<\/p>\n","protected":false},"excerpt":{"rendered":"<p>Le candidat du Mouvement de la soci\u00e9t\u00e9 pour la paix (MSP) \u00e0 la Pr\u00e9sidentielle du 7 septembre prochain, M. Abdelaali<\/p>\n","protected":false},"author":6,"featured_media":55904,"comment_status":"open","ping_status":"closed","sticky":false,"template":"","format":"standard","meta":{"colormag_page_container_layout":"default_layout","colormag_page_sidebar_layout":"default_layout","om_disable_all_campaigns":false,"_monsterinsights_skip_tracking":false,"_monsterinsights_sitenote_active":false,"_monsterinsights_sitenote_note":"","_monsterinsights_sitenote_category":0,"footnotes":"","_wpscppro_dont_share_socialmedia":false,"_wpscppro_custom_social_share_image":0,"_facebook_share_type":"default","_twitter_share_type":"default","_linkedin_share_type":"default","_pinterest_share_type":"default","_linkedin_share_type_page":"","_instagram_share_type":"default","_medium_share_type":"","_threads_share_type":"","_google_business_share_type":"","_selected_social_profile":[],"_wpsp_enable_custom_social_template":false,"_wpsp_social_scheduling":{"enabled":false,"datetime":null,"platforms":[],"status":"template_only","dateOption":"today","timeOption":"now","customDays":"","customHours":"","customDate":"","customTime":"","schedulingType":"absolute"},"_wpsp_active_default_template":true},"categories":[87],"tags":[],"class_list":["post-56456","post","type-post","status-publish","format-standard","has-post-thumbnail","hentry","category-presidentielle-2024"],"aioseo_notices":[],"yoast_head":"<!-- This site is optimized with the Yoast SEO plugin v27.5 - https:\/\/yoast.com\/product\/yoast-seo-wordpress\/ -->\n<title>Depuis S\u00e9tif: Hassani Cherif promet une r\u00e9forme sociale qui \u00ab\u00a0pr\u00e9serve la coh\u00e9sion de la soci\u00e9t\u00e9\u00a0\u00bb - La Sentinelle<\/title>\n<meta name=\"robots\" content=\"index, follow, max-snippet:-1, max-image-preview:large, max-video-preview:-1\" \/>\n<link rel=\"canonical\" href=\"https:\/\/lasentinelle.dz\/index.php\/2024\/09\/02\/depuis-setif-hassani-cherif-promet-une-reforme-sociale-qui-preserve-la-cohesion-de-la-societe\/\" \/>\n<meta property=\"og:locale\" content=\"fr_FR\" \/>\n<meta property=\"og:type\" content=\"article\" \/>\n<meta property=\"og:title\" content=\"Depuis S\u00e9tif: Hassani Cherif promet une r\u00e9forme sociale qui \u00ab\u00a0pr\u00e9serve la coh\u00e9sion de la soci\u00e9t\u00e9\u00a0\u00bb - La Sentinelle\" \/>\n<meta property=\"og:description\" content=\"Le candidat du Mouvement de la soci\u00e9t\u00e9 pour la paix (MSP) \u00e0 la Pr\u00e9sidentielle du 7 septembre prochain, M. Abdelaali\" \/>\n<meta property=\"og:url\" content=\"https:\/\/lasentinelle.dz\/index.php\/2024\/09\/02\/depuis-setif-hassani-cherif-promet-une-reforme-sociale-qui-preserve-la-cohesion-de-la-societe\/\" \/>\n<meta property=\"og:site_name\" content=\"La Sentinelle\" \/>\n<meta property=\"article:publisher\" content=\"https:\/\/www.facebook.com\/La-Sentinelle-104059864394773\" \/>\n<meta property=\"article:published_time\" content=\"2024-09-02T14:22:23+00:00\" \/>\n<meta property=\"article:modified_time\" content=\"2024-09-02T14:22:24+00:00\" \/>\n<meta property=\"og:image\" content=\"https:\/\/lasentinelle.dz\/wp-content\/uploads\/2024\/08\/Hassani-2.jpg\" \/>\n\t<meta property=\"og:image:width\" content=\"1280\" \/>\n\t<meta property=\"og:image:height\" content=\"853\" \/>\n\t<meta property=\"og:image:type\" content=\"image\/jpeg\" \/>\n<meta name=\"author\" content=\"admin\" \/>\n<meta name=\"twitter:card\" content=\"summary_large_image\" \/>\n<meta name=\"twitter:label1\" content=\"\u00c9crit par\" \/>\n\t<meta name=\"twitter:data1\" content=\"admin\" \/>\n\t<meta name=\"twitter:label2\" content=\"Dur\u00e9e de lecture estim\u00e9e\" \/>\n\t<meta name=\"twitter:data2\" content=\"2 minutes\" \/>\n<script type=\"application\/ld+json\" class=\"yoast-schema-graph\">{\"@context\":\"https:\\\/\\\/schema.org\",\"@graph\":[{\"@type\":\"Article\",\"@id\":\"https:\\\/\\\/lasentinelle.dz\\\/index.php\\\/2024\\\/09\\\/02\\\/depuis-setif-hassani-cherif-promet-une-reforme-sociale-qui-preserve-la-cohesion-de-la-societe\\\/#article\",\"isPartOf\":{\"@id\":\"https:\\\/\\\/lasentinelle.dz\\\/index.php\\\/2024\\\/09\\\/02\\\/depuis-setif-hassani-cherif-promet-une-reforme-sociale-qui-preserve-la-cohesion-de-la-societe\\\/\"},\"author\":{\"name\":\"admin\",\"@id\":\"https:\\\/\\\/lasentinelle.dz\\\/#\\\/schema\\\/person\\\/729ee0024f24e0b8c5ec17232f8e8b41\"},\"headline\":\"Depuis S\u00e9tif: Hassani Cherif promet une r\u00e9forme sociale qui \u00ab\u00a0pr\u00e9serve la coh\u00e9sion de la soci\u00e9t\u00e9\u00a0\u00bb\",\"datePublished\":\"2024-09-02T14:22:23+00:00\",\"dateModified\":\"2024-09-02T14:22:24+00:00\",\"mainEntityOfPage\":{\"@id\":\"https:\\\/\\\/lasentinelle.dz\\\/index.php\\\/2024\\\/09\\\/02\\\/depuis-setif-hassani-cherif-promet-une-reforme-sociale-qui-preserve-la-cohesion-de-la-societe\\\/\"},\"wordCount\":390,\"commentCount\":0,\"publisher\":{\"@id\":\"https:\\\/\\\/lasentinelle.dz\\\/#organization\"},\"image\":{\"@id\":\"https:\\\/\\\/lasentinelle.dz\\\/index.php\\\/2024\\\/09\\\/02\\\/depuis-setif-hassani-cherif-promet-une-reforme-sociale-qui-preserve-la-cohesion-de-la-societe\\\/#primaryimage\"},\"thumbnailUrl\":\"https:\\\/\\\/lasentinelle.dz\\\/wp-content\\\/uploads\\\/2024\\\/08\\\/Hassani-2.jpg\",\"articleSection\":[\"Pr\u00e9sidentielle 2024\"],\"inLanguage\":\"fr-FR\",\"potentialAction\":[{\"@type\":\"CommentAction\",\"name\":\"Comment\",\"target\":[\"https:\\\/\\\/lasentinelle.dz\\\/index.php\\\/2024\\\/09\\\/02\\\/depuis-setif-hassani-cherif-promet-une-reforme-sociale-qui-preserve-la-cohesion-de-la-societe\\\/#respond\"]}]},{\"@type\":\"WebPage\",\"@id\":\"https:\\\/\\\/lasentinelle.dz\\\/index.php\\\/2024\\\/09\\\/02\\\/depuis-setif-hassani-cherif-promet-une-reforme-sociale-qui-preserve-la-cohesion-de-la-societe\\\/\",\"url\":\"https:\\\/\\\/lasentinelle.dz\\\/index.php\\\/2024\\\/09\\\/02\\\/depuis-setif-hassani-cherif-promet-une-reforme-sociale-qui-preserve-la-cohesion-de-la-societe\\\/\",\"name\":\"Depuis S\u00e9tif: Hassani Cherif promet une r\u00e9forme sociale qui \u00ab\u00a0pr\u00e9serve la coh\u00e9sion de la soci\u00e9t\u00e9\u00a0\u00bb - La Sentinelle\",\"isPartOf\":{\"@id\":\"https:\\\/\\\/lasentinelle.dz\\\/#website\"},\"primaryImageOfPage\":{\"@id\":\"https:\\\/\\\/lasentinelle.dz\\\/index.php\\\/2024\\\/09\\\/02\\\/depuis-setif-hassani-cherif-promet-une-reforme-sociale-qui-preserve-la-cohesion-de-la-societe\\\/#primaryimage\"},\"image\":{\"@id\":\"https:\\\/\\\/lasentinelle.dz\\\/index.php\\\/2024\\\/09\\\/02\\\/depuis-setif-hassani-cherif-promet-une-reforme-sociale-qui-preserve-la-cohesion-de-la-societe\\\/#primaryimage\"},\"thumbnailUrl\":\"https:\\\/\\\/lasentinelle.dz\\\/wp-content\\\/uploads\\\/2024\\\/08\\\/Hassani-2.jpg\",\"datePublished\":\"2024-09-02T14:22:23+00:00\",\"dateModified\":\"2024-09-02T14:22:24+00:00\",\"breadcrumb\":{\"@id\":\"https:\\\/\\\/lasentinelle.dz\\\/index.php\\\/2024\\\/09\\\/02\\\/depuis-setif-hassani-cherif-promet-une-reforme-sociale-qui-preserve-la-cohesion-de-la-societe\\\/#breadcrumb\"},\"inLanguage\":\"fr-FR\",\"potentialAction\":[{\"@type\":\"ReadAction\",\"target\":[\"https:\\\/\\\/lasentinelle.dz\\\/index.php\\\/2024\\\/09\\\/02\\\/depuis-setif-hassani-cherif-promet-une-reforme-sociale-qui-preserve-la-cohesion-de-la-societe\\\/\"]}]},{\"@type\":\"ImageObject\",\"inLanguage\":\"fr-FR\",\"@id\":\"https:\\\/\\\/lasentinelle.dz\\\/index.php\\\/2024\\\/09\\\/02\\\/depuis-setif-hassani-cherif-promet-une-reforme-sociale-qui-preserve-la-cohesion-de-la-societe\\\/#primaryimage\",\"url\":\"https:\\\/\\\/lasentinelle.dz\\\/wp-content\\\/uploads\\\/2024\\\/08\\\/Hassani-2.jpg\",\"contentUrl\":\"https:\\\/\\\/lasentinelle.dz\\\/wp-content\\\/uploads\\\/2024\\\/08\\\/Hassani-2.jpg\",\"width\":1280,\"height\":853},{\"@type\":\"BreadcrumbList\",\"@id\":\"https:\\\/\\\/lasentinelle.dz\\\/index.php\\\/2024\\\/09\\\/02\\\/depuis-setif-hassani-cherif-promet-une-reforme-sociale-qui-preserve-la-cohesion-de-la-societe\\\/#breadcrumb\",\"itemListElement\":[{\"@type\":\"ListItem\",\"position\":1,\"name\":\"Accueil\",\"item\":\"https:\\\/\\\/lasentinelle.dz\\\/\"},{\"@type\":\"ListItem\",\"position\":2,\"name\":\"Depuis S\u00e9tif: Hassani Cherif promet une r\u00e9forme sociale qui \u00ab\u00a0pr\u00e9serve la coh\u00e9sion de la soci\u00e9t\u00e9\u00a0\u00bb\"}]},{\"@type\":\"WebSite\",\"@id\":\"https:\\\/\\\/lasentinelle.dz\\\/#website\",\"url\":\"https:\\\/\\\/lasentinelle.dz\\\/\",\"name\":\"La Sentinelle\",\"description\":\"Quotidien national d&#039;information\",\"publisher\":{\"@id\":\"https:\\\/\\\/lasentinelle.dz\\\/#organization\"},\"potentialAction\":[{\"@type\":\"SearchAction\",\"target\":{\"@type\":\"EntryPoint\",\"urlTemplate\":\"https:\\\/\\\/lasentinelle.dz\\\/?s={search_term_string}\"},\"query-input\":{\"@type\":\"PropertyValueSpecification\",\"valueRequired\":true,\"valueName\":\"search_term_string\"}}],\"inLanguage\":\"fr-FR\"},{\"@type\":\"Organization\",\"@id\":\"https:\\\/\\\/lasentinelle.dz\\\/#organization\",\"name\":\"Quotidien La Sentinelle\",\"url\":\"https:\\\/\\\/lasentinelle.dz\\\/\",\"logo\":{\"@type\":\"ImageObject\",\"inLanguage\":\"fr-FR\",\"@id\":\"https:\\\/\\\/lasentinelle.dz\\\/#\\\/schema\\\/logo\\\/image\\\/\",\"url\":\"https:\\\/\\\/lasentinelle.dz\\\/wp-content\\\/uploads\\\/2021\\\/09\\\/logo-sentinelleSLOGAN-1.png\",\"contentUrl\":\"https:\\\/\\\/lasentinelle.dz\\\/wp-content\\\/uploads\\\/2021\\\/09\\\/logo-sentinelleSLOGAN-1.png\",\"width\":615,\"height\":142,\"caption\":\"Quotidien La Sentinelle\"},\"image\":{\"@id\":\"https:\\\/\\\/lasentinelle.dz\\\/#\\\/schema\\\/logo\\\/image\\\/\"},\"sameAs\":[\"https:\\\/\\\/www.facebook.com\\\/La-Sentinelle-104059864394773\"]},{\"@type\":\"Person\",\"@id\":\"https:\\\/\\\/lasentinelle.dz\\\/#\\\/schema\\\/person\\\/729ee0024f24e0b8c5ec17232f8e8b41\",\"name\":\"admin\",\"image\":{\"@type\":\"ImageObject\",\"inLanguage\":\"fr-FR\",\"@id\":\"https:\\\/\\\/secure.gravatar.com\\\/avatar\\\/4c81fed838786e9b53f540bf46533e750f5d292099ae3b66cfc6fb1982e29df7?s=96&d=mm&r=g\",\"url\":\"https:\\\/\\\/secure.gravatar.com\\\/avatar\\\/4c81fed838786e9b53f540bf46533e750f5d292099ae3b66cfc6fb1982e29df7?s=96&d=mm&r=g\",\"contentUrl\":\"https:\\\/\\\/secure.gravatar.com\\\/avatar\\\/4c81fed838786e9b53f540bf46533e750f5d292099ae3b66cfc6fb1982e29df7?s=96&d=mm&r=g\",\"caption\":\"admin\"},\"description\":\"admin\",\"url\":\"https:\\\/\\\/lasentinelle.dz\\\/author\\\/admin\\\/\"}]}<\/script>\n<!-- \/ Yoast SEO plugin. -->","yoast_head_json":{"title":"Depuis S\u00e9tif: Hassani Cherif promet une r\u00e9forme sociale qui \u00ab\u00a0pr\u00e9serve la coh\u00e9sion de la soci\u00e9t\u00e9\u00a0\u00bb - La Sentinelle","robots":{"index":"index","follow":"follow","max-snippet":"max-snippet:-1","max-image-preview":"max-image-preview:large","max-video-preview":"max-video-preview:-1"},"canonical":"https:\/\/lasentinelle.dz\/index.php\/2024\/09\/02\/depuis-setif-hassani-cherif-promet-une-reforme-sociale-qui-preserve-la-cohesion-de-la-societe\/","og_locale":"fr_FR","og_type":"article","og_title":"Depuis S\u00e9tif: Hassani Cherif promet une r\u00e9forme sociale qui \u00ab\u00a0pr\u00e9serve la coh\u00e9sion de la soci\u00e9t\u00e9\u00a0\u00bb - La Sentinelle","og_description":"Le candidat du Mouvement de la soci\u00e9t\u00e9 pour la paix (MSP) \u00e0 la Pr\u00e9sidentielle du 7 septembre prochain, M. Abdelaali","og_url":"https:\/\/lasentinelle.dz\/index.php\/2024\/09\/02\/depuis-setif-hassani-cherif-promet-une-reforme-sociale-qui-preserve-la-cohesion-de-la-societe\/","og_site_name":"La Sentinelle","article_publisher":"https:\/\/www.facebook.com\/La-Sentinelle-104059864394773","article_published_time":"2024-09-02T14:22:23+00:00","article_modified_time":"2024-09-02T14:22:24+00:00","og_image":[{"width":1280,"height":853,"url":"https:\/\/lasentinelle.dz\/wp-content\/uploads\/2024\/08\/Hassani-2.jpg","type":"image\/jpeg"}],"author":"admin","twitter_card":"summary_large_image","twitter_misc":{"\u00c9crit par":"admin","Dur\u00e9e de lecture estim\u00e9e":"2 minutes"},"schema":{"@context":"https:\/\/schema.org","@graph":[{"@type":"Article","@id":"https:\/\/lasentinelle.dz\/index.php\/2024\/09\/02\/depuis-setif-hassani-cherif-promet-une-reforme-sociale-qui-preserve-la-cohesion-de-la-societe\/#article","isPartOf":{"@id":"https:\/\/lasentinelle.dz\/index.php\/2024\/09\/02\/depuis-setif-hassani-cherif-promet-une-reforme-sociale-qui-preserve-la-cohesion-de-la-societe\/"},"author":{"name":"admin","@id":"https:\/\/lasentinelle.dz\/#\/schema\/person\/729ee0024f24e0b8c5ec17232f8e8b41"},"headline":"Depuis S\u00e9tif: Hassani Cherif promet une r\u00e9forme sociale qui \u00ab\u00a0pr\u00e9serve la coh\u00e9sion de la soci\u00e9t\u00e9\u00a0\u00bb","datePublished":"2024-09-02T14:22:23+00:00","dateModified":"2024-09-02T14:22:24+00:00","mainEntityOfPage":{"@id":"https:\/\/lasentinelle.dz\/index.php\/2024\/09\/02\/depuis-setif-hassani-cherif-promet-une-reforme-sociale-qui-preserve-la-cohesion-de-la-societe\/"},"wordCount":390,"commentCount":0,"publisher":{"@id":"https:\/\/lasentinelle.dz\/#organization"},"image":{"@id":"https:\/\/lasentinelle.dz\/index.php\/2024\/09\/02\/depuis-setif-hassani-cherif-promet-une-reforme-sociale-qui-preserve-la-cohesion-de-la-societe\/#primaryimage"},"thumbnailUrl":"https:\/\/lasentinelle.dz\/wp-content\/uploads\/2024\/08\/Hassani-2.jpg","articleSection":["Pr\u00e9sidentielle 2024"],"inLanguage":"fr-FR","potentialAction":[{"@type":"CommentAction","name":"Comment","target":["https:\/\/lasentinelle.dz\/index.php\/2024\/09\/02\/depuis-setif-hassani-cherif-promet-une-reforme-sociale-qui-preserve-la-cohesion-de-la-societe\/#respond"]}]},{"@type":"WebPage","@id":"https:\/\/lasentinelle.dz\/index.php\/2024\/09\/02\/depuis-setif-hassani-cherif-promet-une-reforme-sociale-qui-preserve-la-cohesion-de-la-societe\/","url":"https:\/\/lasentinelle.dz\/index.php\/2024\/09\/02\/depuis-setif-hassani-cherif-promet-une-reforme-sociale-qui-preserve-la-cohesion-de-la-societe\/","name":"Depuis S\u00e9tif: Hassani Cherif promet une r\u00e9forme sociale qui \u00ab\u00a0pr\u00e9serve la coh\u00e9sion de la soci\u00e9t\u00e9\u00a0\u00bb - La Sentinelle","isPartOf":{"@id":"https:\/\/lasentinelle.dz\/#website"},"primaryImageOfPage":{"@id":"https:\/\/lasentinelle.dz\/index.php\/2024\/09\/02\/depuis-setif-hassani-cherif-promet-une-reforme-sociale-qui-preserve-la-cohesion-de-la-societe\/#primaryimage"},"image":{"@id":"https:\/\/lasentinelle.dz\/index.php\/2024\/09\/02\/depuis-setif-hassani-cherif-promet-une-reforme-sociale-qui-preserve-la-cohesion-de-la-societe\/#primaryimage"},"thumbnailUrl":"https:\/\/lasentinelle.dz\/wp-content\/uploads\/2024\/08\/Hassani-2.jpg","datePublished":"2024-09-02T14:22:23+00:00","dateModified":"2024-09-02T14:22:24+00:00","breadcrumb":{"@id":"https:\/\/lasentinelle.dz\/index.php\/2024\/09\/02\/depuis-setif-hassani-cherif-promet-une-reforme-sociale-qui-preserve-la-cohesion-de-la-societe\/#breadcrumb"},"inLanguage":"fr-FR","potentialAction":[{"@type":"ReadAction","target":["https:\/\/lasentinelle.dz\/index.php\/2024\/09\/02\/depuis-setif-hassani-cherif-promet-une-reforme-sociale-qui-preserve-la-cohesion-de-la-societe\/"]}]},{"@type":"ImageObject","inLanguage":"fr-FR","@id":"https:\/\/lasentinelle.dz\/index.php\/2024\/09\/02\/depuis-setif-hassani-cherif-promet-une-reforme-sociale-qui-preserve-la-cohesion-de-la-societe\/#primaryimage","url":"https:\/\/lasentinelle.dz\/wp-content\/uploads\/2024\/08\/Hassani-2.jpg","contentUrl":"https:\/\/lasentinelle.dz\/wp-content\/uploads\/2024\/08\/Hassani-2.jpg","width":1280,"height":853},{"@type":"BreadcrumbList","@id":"https:\/\/lasentinelle.dz\/index.php\/2024\/09\/02\/depuis-setif-hassani-cherif-promet-une-reforme-sociale-qui-preserve-la-cohesion-de-la-societe\/#breadcrumb","itemListElement":[{"@type":"ListItem","position":1,"name":"Accueil","item":"https:\/\/lasentinelle.dz\/"},{"@type":"ListItem","position":2,"name":"Depuis S\u00e9tif: Hassani Cherif promet une r\u00e9forme sociale qui \u00ab\u00a0pr\u00e9serve la coh\u00e9sion de la soci\u00e9t\u00e9\u00a0\u00bb"}]},{"@type":"WebSite","@id":"https:\/\/lasentinelle.dz\/#website","url":"https:\/\/lasentinelle.dz\/","name":"La Sentinelle","description":"Quotidien national d&#039;information","publisher":{"@id":"https:\/\/lasentinelle.dz\/#organization"},"potentialAction":[{"@type":"SearchAction","target":{"@type":"EntryPoint","urlTemplate":"https:\/\/lasentinelle.dz\/?s={search_term_string}"},"query-input":{"@type":"PropertyValueSpecification","valueRequired":true,"valueName":"search_term_string"}}],"inLanguage":"fr-FR"},{"@type":"Organization","@id":"https:\/\/lasentinelle.dz\/#organization","name":"Quotidien La Sentinelle","url":"https:\/\/lasentinelle.dz\/","logo":{"@type":"ImageObject","inLanguage":"fr-FR","@id":"https:\/\/lasentinelle.dz\/#\/schema\/logo\/image\/","url":"https:\/\/lasentinelle.dz\/wp-content\/uploads\/2021\/09\/logo-sentinelleSLOGAN-1.png","contentUrl":"https:\/\/lasentinelle.dz\/wp-content\/uploads\/2021\/09\/logo-sentinelleSLOGAN-1.png","width":615,"height":142,"caption":"Quotidien La Sentinelle"},"image":{"@id":"https:\/\/lasentinelle.dz\/#\/schema\/logo\/image\/"},"sameAs":["https:\/\/www.facebook.com\/La-Sentinelle-104059864394773"]},{"@type":"Person","@id":"https:\/\/lasentinelle.dz\/#\/schema\/person\/729ee0024f24e0b8c5ec17232f8e8b41","name":"admin","image":{"@type":"ImageObject","inLanguage":"fr-FR","@id":"https:\/\/secure.gravatar.com\/avatar\/4c81fed838786e9b53f540bf46533e750f5d292099ae3b66cfc6fb1982e29df7?s=96&d=mm&r=g","url":"https:\/\/secure.gravatar.com\/avatar\/4c81fed838786e9b53f540bf46533e750f5d292099ae3b66cfc6fb1982e29df7?s=96&d=mm&r=g","contentUrl":"https:\/\/secure.gravatar.com\/avatar\/4c81fed838786e9b53f540bf46533e750f5d292099ae3b66cfc6fb1982e29df7?s=96&d=mm&r=g","caption":"admin"},"description":"admin","url":"https:\/\/lasentinelle.dz\/author\/admin\/"}]}},"_links":{"self":[{"href":"https:\/\/lasentinelle.dz\/index.php\/wp-json\/wp\/v2\/posts\/56456","targetHints":{"allow":["GET"]}}],"collection":[{"href":"https:\/\/lasentinelle.dz\/index.php\/wp-json\/wp\/v2\/posts"}],"about":[{"href":"https:\/\/lasentinelle.dz\/index.php\/wp-json\/wp\/v2\/types\/post"}],"author":[{"embeddable":true,"href":"https:\/\/lasentinelle.dz\/index.php\/wp-json\/wp\/v2\/users\/6"}],"replies":[{"embeddable":true,"href":"https:\/\/lasentinelle.dz\/index.php\/wp-json\/wp\/v2\/comments?post=56456"}],"version-history":[{"count":2,"href":"https:\/\/lasentinelle.dz\/index.php\/wp-json\/wp\/v2\/posts\/56456\/revisions"}],"predecessor-version":[{"id":56458,"href":"https:\/\/lasentinelle.dz\/index.php\/wp-json\/wp\/v2\/posts\/56456\/revisions\/56458"}],"wp:featuredmedia":[{"embeddable":true,"href":"https:\/\/lasentinelle.dz\/index.php\/wp-json\/wp\/v2\/media\/55904"}],"wp:attachment":[{"href":"https:\/\/lasentinelle.dz\/index.php\/wp-json\/wp\/v2\/media?parent=56456"}],"wp:term":[{"taxonomy":"category","embeddable":true,"href":"https:\/\/lasentinelle.dz\/index.php\/wp-json\/wp\/v2\/categories?post=56456"},{"taxonomy":"post_tag","embeddable":true,"href":"https:\/\/lasentinelle.dz\/index.php\/wp-json\/wp\/v2\/tags?post=56456"}],"curies":[{"name":"wp","href":"https:\/\/api.w.org\/{rel}","templated":true}]}}