{"id":56459,"date":"2024-09-02T15:23:15","date_gmt":"2024-09-02T14:23:15","guid":{"rendered":"https:\/\/lasentinelle.dz\/?p=56459"},"modified":"2024-09-02T15:23:16","modified_gmt":"2024-09-02T14:23:16","slug":"youcef-aouchiche-a-bouira-prendre-en-charge-les-preoccupations-des-citoyens","status":"publish","type":"post","link":"https:\/\/lasentinelle.dz\/index.php\/2024\/09\/02\/youcef-aouchiche-a-bouira-prendre-en-charge-les-preoccupations-des-citoyens\/","title":{"rendered":"Youcef Aouchiche \u00e0 Bouira: \u00ab\u00a0Prendre en charge les pr\u00e9occupations des citoyens\u00a0\u00bb"},"content":{"rendered":"\n<p>\u00c0 l&rsquo;approche de la pr\u00e9sidentielle du 7 septembre, le candidat Youcef Aouchiche, repr\u00e9sentant du Front des forces socialistes (FFS), a intensifi\u00e9 ses engagements envers les pr\u00e9occupations des citoyens alg\u00e9riens. Lors d&rsquo;un meeting \u00e0 Bouira, il a expos\u00e9 ses promesses \u00e9lectorales, soulignant sa d\u00e9termination \u00e0 r\u00e9pondre aux attentes du peuple \u00e0 travers des mesures concr\u00e8tes et imm\u00e9diates. Youcef Aouchiche a hier mis en avant la n\u00e9cessit\u00e9 de pr\u00e9server le pouvoir d&rsquo;achat des Alg\u00e9riens, une pr\u00e9occupation majeure dans le contexte \u00e9conomique actuel. Il a promis d&rsquo;augmenter le salaire minimum \u00e0 40.000 DA et de r\u00e9viser les allocations destin\u00e9es aux segments les plus vuln\u00e9rables de la soci\u00e9t\u00e9. Ces propositions visent \u00e0 r\u00e9pondre aux revendications sociales croissantes et \u00e0 am\u00e9liorer les conditions de vie des citoyens, en particulier ceux qui peinent \u00e0 joindre les deux bouts.<\/p>\n\n\n\n<p>Le candidat du FFS a \u00e9galement \u00e9voqu\u00e9 son intention de mener des r\u00e9formes dans le secteur de la justice. Aouchiche a d\u00e9clar\u00e9 qu&rsquo;il conf\u00e9rerait de \u00ab\u00a0plus larges pr\u00e9rogatives\u00a0\u00bb \u00e0 l&rsquo;institution l\u00e9gislative, soulignant l&rsquo;importance d&rsquo;un syst\u00e8me politique o\u00f9 les citoyens peuvent v\u00e9ritablement participer \u00e0 la prise de d\u00e9cision.<\/p>\n\n\n\n<p>Lors d&rsquo;un pr\u00e9c\u00e9dent meeting \u00e0 Boumerdes anim\u00e9 samedi soir, Aouchiche a exprim\u00e9 son ambition d&rsquo;\u00e9difier \u00ab\u00a0une Alg\u00e9rie diff\u00e9rente sur tous les plans\u00a0\u00bb. Il a pr\u00e9sent\u00e9 son projet \u00e9lectoral comme un \u00ab\u00a0projet de renaissance\u00a0\u00bb, prenant en compte le contexte r\u00e9gional et international, ainsi que les d\u00e9fis \u00e0 relever pour assurer la p\u00e9rennit\u00e9 de l&rsquo;\u00c9tat national. Cette vision inclut la mise en place d&rsquo;un syst\u00e8me de gouvernance bas\u00e9 sur la participation populaire, o\u00f9 chaque citoyen a son mot \u00e0 dire dans les affaires du pays.<\/p>\n\n\n\n<p>Pour soutenir son projet d&rsquo;\u00e9dification d&rsquo;une Alg\u00e9rie diff\u00e9rente, Aouchiche a promis de diversifier l&rsquo;\u00e9conomie, en s&rsquo;\u00e9loignant de la d\u00e9pendance aux hydrocarbures. Il a propos\u00e9 d&rsquo;encourager l&rsquo;investissement et de lib\u00e9rer les initiatives priv\u00e9es, tout en cr\u00e9ant un \u00ab\u00a0super minist\u00e8re de la Planification et de la Prospective\u00a0\u00bb. Ces mesures visent \u00e0 stimuler l&rsquo;\u00e9conomie et \u00e0 cr\u00e9er des emplois, tout en renfor\u00e7ant la r\u00e9silience du pays face aux fluctuations des march\u00e9s mondiaux. \u00c0 l&rsquo;approche du scrutin, Aouchiche a lanc\u00e9 un appel vibrant aux Alg\u00e9riens pour qu&rsquo;ils ne c\u00e8dent pas aux discours d\u00e9faitistes et qu&rsquo;ils participent massivement au vote. Il a insist\u00e9 sur l&rsquo;importance de choisir un pr\u00e9sident capable de r\u00e9pondre aux d\u00e9fis actuels et de porter les aspirations du peuple. Son message est clair : le changement est possible, mais il n\u00e9cessite l&rsquo;engagement de chaque citoyen.<\/p>\n\n\n\n<p><strong>Samir Benisid<\/strong><\/p>\n","protected":false},"excerpt":{"rendered":"<p>\u00c0 l&rsquo;approche de la pr\u00e9sidentielle du 7 septembre, le candidat Youcef Aouchiche, repr\u00e9sentant du Front des forces socialistes (FFS), a<\/p>\n","protected":false},"author":6,"featured_media":56212,"comment_status":"open","ping_status":"closed","sticky":false,"template":"","format":"standard","meta":{"colormag_page_container_layout":"default_layout","colormag_page_sidebar_layout":"default_layout","om_disable_all_campaigns":false,"_monsterinsights_skip_tracking":false,"_monsterinsights_sitenote_active":false,"_monsterinsights_sitenote_note":"","_monsterinsights_sitenote_category":0,"footnotes":"","_wpscppro_dont_share_socialmedia":false,"_wpscppro_custom_social_share_image":0,"_facebook_share_type":"default","_twitter_share_type":"default","_linkedin_share_type":"default","_pinterest_share_type":"default","_linkedin_share_type_page":"","_instagram_share_type":"default","_medium_share_type":"","_threads_share_type":"","_google_business_share_type":"","_selected_social_profile":[],"_wpsp_enable_custom_social_template":false,"_wpsp_social_scheduling":{"enabled":false,"datetime":null,"platforms":[],"status":"template_only","dateOption":"today","timeOption":"now","customDays":"","customHours":"","customDate":"","customTime":"","schedulingType":"absolute"},"_wpsp_active_default_template":true},"categories":[87],"tags":[],"class_list":["post-56459","post","type-post","status-publish","format-standard","has-post-thumbnail","hentry","category-presidentielle-2024"],"aioseo_notices":[],"yoast_head":"<!-- This site is optimized with the Yoast SEO plugin v27.5 - https:\/\/yoast.com\/product\/yoast-seo-wordpress\/ -->\n<title>Youcef Aouchiche \u00e0 Bouira: \u00ab\u00a0Prendre en charge les pr\u00e9occupations des citoyens\u00a0\u00bb - La Sentinelle<\/title>\n<meta name=\"robots\" content=\"index, follow, max-snippet:-1, max-image-preview:large, max-video-preview:-1\" \/>\n<link rel=\"canonical\" href=\"https:\/\/lasentinelle.dz\/index.php\/2024\/09\/02\/youcef-aouchiche-a-bouira-prendre-en-charge-les-preoccupations-des-citoyens\/\" \/>\n<meta property=\"og:locale\" content=\"fr_FR\" \/>\n<meta property=\"og:type\" content=\"article\" \/>\n<meta property=\"og:title\" content=\"Youcef Aouchiche \u00e0 Bouira: \u00ab\u00a0Prendre en charge les pr\u00e9occupations des citoyens\u00a0\u00bb - La Sentinelle\" \/>\n<meta property=\"og:description\" content=\"\u00c0 l&rsquo;approche de la pr\u00e9sidentielle du 7 septembre, le candidat Youcef Aouchiche, repr\u00e9sentant du Front des forces socialistes (FFS), a\" \/>\n<meta property=\"og:url\" content=\"https:\/\/lasentinelle.dz\/index.php\/2024\/09\/02\/youcef-aouchiche-a-bouira-prendre-en-charge-les-preoccupations-des-citoyens\/\" \/>\n<meta property=\"og:site_name\" content=\"La Sentinelle\" \/>\n<meta property=\"article:publisher\" content=\"https:\/\/www.facebook.com\/La-Sentinelle-104059864394773\" \/>\n<meta property=\"article:published_time\" content=\"2024-09-02T14:23:15+00:00\" \/>\n<meta property=\"article:modified_time\" content=\"2024-09-02T14:23:16+00:00\" \/>\n<meta property=\"og:image\" content=\"https:\/\/lasentinelle.dz\/wp-content\/uploads\/2024\/08\/aouchiche-5.jpg\" \/>\n\t<meta property=\"og:image:width\" content=\"960\" \/>\n\t<meta property=\"og:image:height\" content=\"1280\" \/>\n\t<meta property=\"og:image:type\" content=\"image\/jpeg\" \/>\n<meta name=\"author\" content=\"admin\" \/>\n<meta name=\"twitter:card\" content=\"summary_large_image\" \/>\n<meta name=\"twitter:label1\" content=\"\u00c9crit par\" \/>\n\t<meta name=\"twitter:data1\" content=\"admin\" \/>\n\t<meta name=\"twitter:label2\" content=\"Dur\u00e9e de lecture estim\u00e9e\" \/>\n\t<meta name=\"twitter:data2\" content=\"3 minutes\" \/>\n<script type=\"application\/ld+json\" class=\"yoast-schema-graph\">{\"@context\":\"https:\\\/\\\/schema.org\",\"@graph\":[{\"@type\":\"Article\",\"@id\":\"https:\\\/\\\/lasentinelle.dz\\\/index.php\\\/2024\\\/09\\\/02\\\/youcef-aouchiche-a-bouira-prendre-en-charge-les-preoccupations-des-citoyens\\\/#article\",\"isPartOf\":{\"@id\":\"https:\\\/\\\/lasentinelle.dz\\\/index.php\\\/2024\\\/09\\\/02\\\/youcef-aouchiche-a-bouira-prendre-en-charge-les-preoccupations-des-citoyens\\\/\"},\"author\":{\"name\":\"admin\",\"@id\":\"https:\\\/\\\/lasentinelle.dz\\\/#\\\/schema\\\/person\\\/729ee0024f24e0b8c5ec17232f8e8b41\"},\"headline\":\"Youcef Aouchiche \u00e0 Bouira: \u00ab\u00a0Prendre en charge les pr\u00e9occupations des citoyens\u00a0\u00bb\",\"datePublished\":\"2024-09-02T14:23:15+00:00\",\"dateModified\":\"2024-09-02T14:23:16+00:00\",\"mainEntityOfPage\":{\"@id\":\"https:\\\/\\\/lasentinelle.dz\\\/index.php\\\/2024\\\/09\\\/02\\\/youcef-aouchiche-a-bouira-prendre-en-charge-les-preoccupations-des-citoyens\\\/\"},\"wordCount\":466,\"commentCount\":0,\"publisher\":{\"@id\":\"https:\\\/\\\/lasentinelle.dz\\\/#organization\"},\"image\":{\"@id\":\"https:\\\/\\\/lasentinelle.dz\\\/index.php\\\/2024\\\/09\\\/02\\\/youcef-aouchiche-a-bouira-prendre-en-charge-les-preoccupations-des-citoyens\\\/#primaryimage\"},\"thumbnailUrl\":\"https:\\\/\\\/lasentinelle.dz\\\/wp-content\\\/uploads\\\/2024\\\/08\\\/aouchiche-5.jpg\",\"articleSection\":[\"Pr\u00e9sidentielle 2024\"],\"inLanguage\":\"fr-FR\",\"potentialAction\":[{\"@type\":\"CommentAction\",\"name\":\"Comment\",\"target\":[\"https:\\\/\\\/lasentinelle.dz\\\/index.php\\\/2024\\\/09\\\/02\\\/youcef-aouchiche-a-bouira-prendre-en-charge-les-preoccupations-des-citoyens\\\/#respond\"]}]},{\"@type\":\"WebPage\",\"@id\":\"https:\\\/\\\/lasentinelle.dz\\\/index.php\\\/2024\\\/09\\\/02\\\/youcef-aouchiche-a-bouira-prendre-en-charge-les-preoccupations-des-citoyens\\\/\",\"url\":\"https:\\\/\\\/lasentinelle.dz\\\/index.php\\\/2024\\\/09\\\/02\\\/youcef-aouchiche-a-bouira-prendre-en-charge-les-preoccupations-des-citoyens\\\/\",\"name\":\"Youcef Aouchiche \u00e0 Bouira: \u00ab\u00a0Prendre en charge les pr\u00e9occupations des citoyens\u00a0\u00bb - La Sentinelle\",\"isPartOf\":{\"@id\":\"https:\\\/\\\/lasentinelle.dz\\\/#website\"},\"primaryImageOfPage\":{\"@id\":\"https:\\\/\\\/lasentinelle.dz\\\/index.php\\\/2024\\\/09\\\/02\\\/youcef-aouchiche-a-bouira-prendre-en-charge-les-preoccupations-des-citoyens\\\/#primaryimage\"},\"image\":{\"@id\":\"https:\\\/\\\/lasentinelle.dz\\\/index.php\\\/2024\\\/09\\\/02\\\/youcef-aouchiche-a-bouira-prendre-en-charge-les-preoccupations-des-citoyens\\\/#primaryimage\"},\"thumbnailUrl\":\"https:\\\/\\\/lasentinelle.dz\\\/wp-content\\\/uploads\\\/2024\\\/08\\\/aouchiche-5.jpg\",\"datePublished\":\"2024-09-02T14:23:15+00:00\",\"dateModified\":\"2024-09-02T14:23:16+00:00\",\"breadcrumb\":{\"@id\":\"https:\\\/\\\/lasentinelle.dz\\\/index.php\\\/2024\\\/09\\\/02\\\/youcef-aouchiche-a-bouira-prendre-en-charge-les-preoccupations-des-citoyens\\\/#breadcrumb\"},\"inLanguage\":\"fr-FR\",\"potentialAction\":[{\"@type\":\"ReadAction\",\"target\":[\"https:\\\/\\\/lasentinelle.dz\\\/index.php\\\/2024\\\/09\\\/02\\\/youcef-aouchiche-a-bouira-prendre-en-charge-les-preoccupations-des-citoyens\\\/\"]}]},{\"@type\":\"ImageObject\",\"inLanguage\":\"fr-FR\",\"@id\":\"https:\\\/\\\/lasentinelle.dz\\\/index.php\\\/2024\\\/09\\\/02\\\/youcef-aouchiche-a-bouira-prendre-en-charge-les-preoccupations-des-citoyens\\\/#primaryimage\",\"url\":\"https:\\\/\\\/lasentinelle.dz\\\/wp-content\\\/uploads\\\/2024\\\/08\\\/aouchiche-5.jpg\",\"contentUrl\":\"https:\\\/\\\/lasentinelle.dz\\\/wp-content\\\/uploads\\\/2024\\\/08\\\/aouchiche-5.jpg\",\"width\":960,\"height\":1280},{\"@type\":\"BreadcrumbList\",\"@id\":\"https:\\\/\\\/lasentinelle.dz\\\/index.php\\\/2024\\\/09\\\/02\\\/youcef-aouchiche-a-bouira-prendre-en-charge-les-preoccupations-des-citoyens\\\/#breadcrumb\",\"itemListElement\":[{\"@type\":\"ListItem\",\"position\":1,\"name\":\"Accueil\",\"item\":\"https:\\\/\\\/lasentinelle.dz\\\/\"},{\"@type\":\"ListItem\",\"position\":2,\"name\":\"Youcef Aouchiche \u00e0 Bouira: \u00ab\u00a0Prendre en charge les pr\u00e9occupations des citoyens\u00a0\u00bb\"}]},{\"@type\":\"WebSite\",\"@id\":\"https:\\\/\\\/lasentinelle.dz\\\/#website\",\"url\":\"https:\\\/\\\/lasentinelle.dz\\\/\",\"name\":\"La Sentinelle\",\"description\":\"Quotidien national d&#039;information\",\"publisher\":{\"@id\":\"https:\\\/\\\/lasentinelle.dz\\\/#organization\"},\"potentialAction\":[{\"@type\":\"SearchAction\",\"target\":{\"@type\":\"EntryPoint\",\"urlTemplate\":\"https:\\\/\\\/lasentinelle.dz\\\/?s={search_term_string}\"},\"query-input\":{\"@type\":\"PropertyValueSpecification\",\"valueRequired\":true,\"valueName\":\"search_term_string\"}}],\"inLanguage\":\"fr-FR\"},{\"@type\":\"Organization\",\"@id\":\"https:\\\/\\\/lasentinelle.dz\\\/#organization\",\"name\":\"Quotidien La Sentinelle\",\"url\":\"https:\\\/\\\/lasentinelle.dz\\\/\",\"logo\":{\"@type\":\"ImageObject\",\"inLanguage\":\"fr-FR\",\"@id\":\"https:\\\/\\\/lasentinelle.dz\\\/#\\\/schema\\\/logo\\\/image\\\/\",\"url\":\"https:\\\/\\\/lasentinelle.dz\\\/wp-content\\\/uploads\\\/2021\\\/09\\\/logo-sentinelleSLOGAN-1.png\",\"contentUrl\":\"https:\\\/\\\/lasentinelle.dz\\\/wp-content\\\/uploads\\\/2021\\\/09\\\/logo-sentinelleSLOGAN-1.png\",\"width\":615,\"height\":142,\"caption\":\"Quotidien La Sentinelle\"},\"image\":{\"@id\":\"https:\\\/\\\/lasentinelle.dz\\\/#\\\/schema\\\/logo\\\/image\\\/\"},\"sameAs\":[\"https:\\\/\\\/www.facebook.com\\\/La-Sentinelle-104059864394773\"]},{\"@type\":\"Person\",\"@id\":\"https:\\\/\\\/lasentinelle.dz\\\/#\\\/schema\\\/person\\\/729ee0024f24e0b8c5ec17232f8e8b41\",\"name\":\"admin\",\"image\":{\"@type\":\"ImageObject\",\"inLanguage\":\"fr-FR\",\"@id\":\"https:\\\/\\\/secure.gravatar.com\\\/avatar\\\/4c81fed838786e9b53f540bf46533e750f5d292099ae3b66cfc6fb1982e29df7?s=96&d=mm&r=g\",\"url\":\"https:\\\/\\\/secure.gravatar.com\\\/avatar\\\/4c81fed838786e9b53f540bf46533e750f5d292099ae3b66cfc6fb1982e29df7?s=96&d=mm&r=g\",\"contentUrl\":\"https:\\\/\\\/secure.gravatar.com\\\/avatar\\\/4c81fed838786e9b53f540bf46533e750f5d292099ae3b66cfc6fb1982e29df7?s=96&d=mm&r=g\",\"caption\":\"admin\"},\"description\":\"admin\",\"url\":\"https:\\\/\\\/lasentinelle.dz\\\/author\\\/admin\\\/\"}]}<\/script>\n<!-- \/ Yoast SEO plugin. -->","yoast_head_json":{"title":"Youcef Aouchiche \u00e0 Bouira: \u00ab\u00a0Prendre en charge les pr\u00e9occupations des citoyens\u00a0\u00bb - La Sentinelle","robots":{"index":"index","follow":"follow","max-snippet":"max-snippet:-1","max-image-preview":"max-image-preview:large","max-video-preview":"max-video-preview:-1"},"canonical":"https:\/\/lasentinelle.dz\/index.php\/2024\/09\/02\/youcef-aouchiche-a-bouira-prendre-en-charge-les-preoccupations-des-citoyens\/","og_locale":"fr_FR","og_type":"article","og_title":"Youcef Aouchiche \u00e0 Bouira: \u00ab\u00a0Prendre en charge les pr\u00e9occupations des citoyens\u00a0\u00bb - La Sentinelle","og_description":"\u00c0 l&rsquo;approche de la pr\u00e9sidentielle du 7 septembre, le candidat Youcef Aouchiche, repr\u00e9sentant du Front des forces socialistes (FFS), a","og_url":"https:\/\/lasentinelle.dz\/index.php\/2024\/09\/02\/youcef-aouchiche-a-bouira-prendre-en-charge-les-preoccupations-des-citoyens\/","og_site_name":"La Sentinelle","article_publisher":"https:\/\/www.facebook.com\/La-Sentinelle-104059864394773","article_published_time":"2024-09-02T14:23:15+00:00","article_modified_time":"2024-09-02T14:23:16+00:00","og_image":[{"width":960,"height":1280,"url":"https:\/\/lasentinelle.dz\/wp-content\/uploads\/2024\/08\/aouchiche-5.jpg","type":"image\/jpeg"}],"author":"admin","twitter_card":"summary_large_image","twitter_misc":{"\u00c9crit par":"admin","Dur\u00e9e de lecture estim\u00e9e":"3 minutes"},"schema":{"@context":"https:\/\/schema.org","@graph":[{"@type":"Article","@id":"https:\/\/lasentinelle.dz\/index.php\/2024\/09\/02\/youcef-aouchiche-a-bouira-prendre-en-charge-les-preoccupations-des-citoyens\/#article","isPartOf":{"@id":"https:\/\/lasentinelle.dz\/index.php\/2024\/09\/02\/youcef-aouchiche-a-bouira-prendre-en-charge-les-preoccupations-des-citoyens\/"},"author":{"name":"admin","@id":"https:\/\/lasentinelle.dz\/#\/schema\/person\/729ee0024f24e0b8c5ec17232f8e8b41"},"headline":"Youcef Aouchiche \u00e0 Bouira: \u00ab\u00a0Prendre en charge les pr\u00e9occupations des citoyens\u00a0\u00bb","datePublished":"2024-09-02T14:23:15+00:00","dateModified":"2024-09-02T14:23:16+00:00","mainEntityOfPage":{"@id":"https:\/\/lasentinelle.dz\/index.php\/2024\/09\/02\/youcef-aouchiche-a-bouira-prendre-en-charge-les-preoccupations-des-citoyens\/"},"wordCount":466,"commentCount":0,"publisher":{"@id":"https:\/\/lasentinelle.dz\/#organization"},"image":{"@id":"https:\/\/lasentinelle.dz\/index.php\/2024\/09\/02\/youcef-aouchiche-a-bouira-prendre-en-charge-les-preoccupations-des-citoyens\/#primaryimage"},"thumbnailUrl":"https:\/\/lasentinelle.dz\/wp-content\/uploads\/2024\/08\/aouchiche-5.jpg","articleSection":["Pr\u00e9sidentielle 2024"],"inLanguage":"fr-FR","potentialAction":[{"@type":"CommentAction","name":"Comment","target":["https:\/\/lasentinelle.dz\/index.php\/2024\/09\/02\/youcef-aouchiche-a-bouira-prendre-en-charge-les-preoccupations-des-citoyens\/#respond"]}]},{"@type":"WebPage","@id":"https:\/\/lasentinelle.dz\/index.php\/2024\/09\/02\/youcef-aouchiche-a-bouira-prendre-en-charge-les-preoccupations-des-citoyens\/","url":"https:\/\/lasentinelle.dz\/index.php\/2024\/09\/02\/youcef-aouchiche-a-bouira-prendre-en-charge-les-preoccupations-des-citoyens\/","name":"Youcef Aouchiche \u00e0 Bouira: \u00ab\u00a0Prendre en charge les pr\u00e9occupations des citoyens\u00a0\u00bb - La Sentinelle","isPartOf":{"@id":"https:\/\/lasentinelle.dz\/#website"},"primaryImageOfPage":{"@id":"https:\/\/lasentinelle.dz\/index.php\/2024\/09\/02\/youcef-aouchiche-a-bouira-prendre-en-charge-les-preoccupations-des-citoyens\/#primaryimage"},"image":{"@id":"https:\/\/lasentinelle.dz\/index.php\/2024\/09\/02\/youcef-aouchiche-a-bouira-prendre-en-charge-les-preoccupations-des-citoyens\/#primaryimage"},"thumbnailUrl":"https:\/\/lasentinelle.dz\/wp-content\/uploads\/2024\/08\/aouchiche-5.jpg","datePublished":"2024-09-02T14:23:15+00:00","dateModified":"2024-09-02T14:23:16+00:00","breadcrumb":{"@id":"https:\/\/lasentinelle.dz\/index.php\/2024\/09\/02\/youcef-aouchiche-a-bouira-prendre-en-charge-les-preoccupations-des-citoyens\/#breadcrumb"},"inLanguage":"fr-FR","potentialAction":[{"@type":"ReadAction","target":["https:\/\/lasentinelle.dz\/index.php\/2024\/09\/02\/youcef-aouchiche-a-bouira-prendre-en-charge-les-preoccupations-des-citoyens\/"]}]},{"@type":"ImageObject","inLanguage":"fr-FR","@id":"https:\/\/lasentinelle.dz\/index.php\/2024\/09\/02\/youcef-aouchiche-a-bouira-prendre-en-charge-les-preoccupations-des-citoyens\/#primaryimage","url":"https:\/\/lasentinelle.dz\/wp-content\/uploads\/2024\/08\/aouchiche-5.jpg","contentUrl":"https:\/\/lasentinelle.dz\/wp-content\/uploads\/2024\/08\/aouchiche-5.jpg","width":960,"height":1280},{"@type":"BreadcrumbList","@id":"https:\/\/lasentinelle.dz\/index.php\/2024\/09\/02\/youcef-aouchiche-a-bouira-prendre-en-charge-les-preoccupations-des-citoyens\/#breadcrumb","itemListElement":[{"@type":"ListItem","position":1,"name":"Accueil","item":"https:\/\/lasentinelle.dz\/"},{"@type":"ListItem","position":2,"name":"Youcef Aouchiche \u00e0 Bouira: \u00ab\u00a0Prendre en charge les pr\u00e9occupations des citoyens\u00a0\u00bb"}]},{"@type":"WebSite","@id":"https:\/\/lasentinelle.dz\/#website","url":"https:\/\/lasentinelle.dz\/","name":"La Sentinelle","description":"Quotidien national d&#039;information","publisher":{"@id":"https:\/\/lasentinelle.dz\/#organization"},"potentialAction":[{"@type":"SearchAction","target":{"@type":"EntryPoint","urlTemplate":"https:\/\/lasentinelle.dz\/?s={search_term_string}"},"query-input":{"@type":"PropertyValueSpecification","valueRequired":true,"valueName":"search_term_string"}}],"inLanguage":"fr-FR"},{"@type":"Organization","@id":"https:\/\/lasentinelle.dz\/#organization","name":"Quotidien La Sentinelle","url":"https:\/\/lasentinelle.dz\/","logo":{"@type":"ImageObject","inLanguage":"fr-FR","@id":"https:\/\/lasentinelle.dz\/#\/schema\/logo\/image\/","url":"https:\/\/lasentinelle.dz\/wp-content\/uploads\/2021\/09\/logo-sentinelleSLOGAN-1.png","contentUrl":"https:\/\/lasentinelle.dz\/wp-content\/uploads\/2021\/09\/logo-sentinelleSLOGAN-1.png","width":615,"height":142,"caption":"Quotidien La Sentinelle"},"image":{"@id":"https:\/\/lasentinelle.dz\/#\/schema\/logo\/image\/"},"sameAs":["https:\/\/www.facebook.com\/La-Sentinelle-104059864394773"]},{"@type":"Person","@id":"https:\/\/lasentinelle.dz\/#\/schema\/person\/729ee0024f24e0b8c5ec17232f8e8b41","name":"admin","image":{"@type":"ImageObject","inLanguage":"fr-FR","@id":"https:\/\/secure.gravatar.com\/avatar\/4c81fed838786e9b53f540bf46533e750f5d292099ae3b66cfc6fb1982e29df7?s=96&d=mm&r=g","url":"https:\/\/secure.gravatar.com\/avatar\/4c81fed838786e9b53f540bf46533e750f5d292099ae3b66cfc6fb1982e29df7?s=96&d=mm&r=g","contentUrl":"https:\/\/secure.gravatar.com\/avatar\/4c81fed838786e9b53f540bf46533e750f5d292099ae3b66cfc6fb1982e29df7?s=96&d=mm&r=g","caption":"admin"},"description":"admin","url":"https:\/\/lasentinelle.dz\/author\/admin\/"}]}},"_links":{"self":[{"href":"https:\/\/lasentinelle.dz\/index.php\/wp-json\/wp\/v2\/posts\/56459","targetHints":{"allow":["GET"]}}],"collection":[{"href":"https:\/\/lasentinelle.dz\/index.php\/wp-json\/wp\/v2\/posts"}],"about":[{"href":"https:\/\/lasentinelle.dz\/index.php\/wp-json\/wp\/v2\/types\/post"}],"author":[{"embeddable":true,"href":"https:\/\/lasentinelle.dz\/index.php\/wp-json\/wp\/v2\/users\/6"}],"replies":[{"embeddable":true,"href":"https:\/\/lasentinelle.dz\/index.php\/wp-json\/wp\/v2\/comments?post=56459"}],"version-history":[{"count":2,"href":"https:\/\/lasentinelle.dz\/index.php\/wp-json\/wp\/v2\/posts\/56459\/revisions"}],"predecessor-version":[{"id":56461,"href":"https:\/\/lasentinelle.dz\/index.php\/wp-json\/wp\/v2\/posts\/56459\/revisions\/56461"}],"wp:featuredmedia":[{"embeddable":true,"href":"https:\/\/lasentinelle.dz\/index.php\/wp-json\/wp\/v2\/media\/56212"}],"wp:attachment":[{"href":"https:\/\/lasentinelle.dz\/index.php\/wp-json\/wp\/v2\/media?parent=56459"}],"wp:term":[{"taxonomy":"category","embeddable":true,"href":"https:\/\/lasentinelle.dz\/index.php\/wp-json\/wp\/v2\/categories?post=56459"},{"taxonomy":"post_tag","embeddable":true,"href":"https:\/\/lasentinelle.dz\/index.php\/wp-json\/wp\/v2\/tags?post=56459"}],"curies":[{"name":"wp","href":"https:\/\/api.w.org\/{rel}","templated":true}]}}