{"id":56499,"date":"2024-09-03T14:07:49","date_gmt":"2024-09-03T13:07:49","guid":{"rendered":"https:\/\/lasentinelle.dz\/?p=56499"},"modified":"2024-09-03T14:07:50","modified_gmt":"2024-09-03T13:07:50","slug":"energies-renouvelables-un-boom-du-solaire-photovoltaique-attendu","status":"publish","type":"post","link":"https:\/\/lasentinelle.dz\/index.php\/2024\/09\/03\/energies-renouvelables-un-boom-du-solaire-photovoltaique-attendu\/","title":{"rendered":"\u00c9nergies renouvelables: Un boom du solaire photovolta\u00efque attendu"},"content":{"rendered":"\n<p>Le Commissariat aux \u00e9nergies renouvelables et \u00e0 l&rsquo;efficacit\u00e9 \u00e9nerg\u00e9tique (CEREFE) a publi\u00e9, hier, son 4e bilan des r\u00e9alisations dans le domaine des \u00e9nergies renouvelables en Alg\u00e9rie au titre des ann\u00e9es 2020, 2021, 2022 et 2023.<\/p>\n\n\n\n<p>Ce rapport publi\u00e9 par l\u2019APS a dress\u00e9 un bilan des r\u00e9alisations et des progr\u00e8s enregistr\u00e9s dans le domaine des \u00e9nergies renouvelables, en mati\u00e8re de d\u00e9ploiement sectoriel, de d\u00e9veloppement du tissu industriel et des services ainsi que l&rsquo;\u00e9volution du capital humain qualifi\u00e9, ajoutant que ce document fait \u00e9tat d&rsquo;une capacit\u00e9 d&rsquo;\u00e9nergies renouvelables (EnR) install\u00e9e \u00e0 la fin d\u00e9cembre 2023 au niveau national \u00e0 600,9 MW dont 472 MW hors hydro\u00e9lectricit\u00e9, un chiffre comprend 47,85 MW hors r\u00e9seau. Le rapport du CEREFE rel\u00e8ve , \u00e9galement, l&rsquo;augmentation remarquable des installations solaires photovolta\u00efques (PV) ces trois derni\u00e8res ann\u00e9es, soulignant que les kits solaires de 23,06 MW constituent d\u00e9sormais pr\u00e8s de la moiti\u00e9 (48,2 %) du parc solaire PV hors r\u00e9seau, indiquant qu\u2019avec la r\u00e9alisation des centrales solaires photovolta\u00efques (PV), y compris celle de Ghar Djebilet(Bechar), totalisant une capacit\u00e9 de 3.200 MW, et d&rsquo;autres en cours de d\u00e9ploiement, la capacit\u00e9 install\u00e9e cumul\u00e9e en \u00e9nergies renouvelables d\u00e9passera la barre de 4.000 MW. &nbsp;Aussi, le CEREFE souligne la dynamique du secteur ayant permis l&rsquo;\u00e9mergence d&rsquo;un nombre appr\u00e9ciable de bureaux d&rsquo;\u00e9tudes et d&rsquo;entreprises d&rsquo;installation de syst\u00e8mes d&rsquo;\u00e9nergie solaire, notant au passage que l&rsquo;Alg\u00e9rie dispose \u00e0 fin 2023 de six usines de montage et d&rsquo;encapsulation des modules PV avec une capacit\u00e9 de production annuelle de 469MWc, selon les donn\u00e9es fournies par le minist\u00e8re de l&rsquo;industrie et de la production pharmaceutique.&nbsp;<\/p>\n\n\n\n<p>Par ailleurs, les r\u00e9dacteurs de ce rapport ont \u00e9voqu\u00e9 un saut quantitatif en mati\u00e8re de nombre de dipl\u00f4m\u00e9s de la formation et de l&rsquo;enseignement professionnels dans le domaine des \u00e9nergies renouvelables, citant \u00e0 titre indicatif que le minist\u00e8re de la formation et de l&rsquo;enseignement professionnels (MFEP) a form\u00e9 2.351 dipl\u00f4m\u00e9s dans les diff\u00e9rentes sp\u00e9cialit\u00e9s inh\u00e9rentes au domaine des \u00e9nergies renouvelables et de l&rsquo;efficacit\u00e9 \u00e9nerg\u00e9tique entre 2020 et 2023 dont 1.222 dipl\u00f4m\u00e9s durant l&rsquo;ann\u00e9e 2022-2023.<\/p>\n\n\n\n<p>R\u00e9alisation de 21 centrales solaires<\/p>\n\n\n\n<p>Concernant les capacit\u00e9s nationales de production d&rsquo;\u00e9nergies renouvelables (EnR), les experts du CEREFE ont estim\u00e9 qu\u2019elles devront d\u00e9passer \u00e0 terme 4.000 MW gr\u00e2ce notamment \u00e0 la r\u00e9alisation future de 21 centrales photovolta\u00efques \u00e0 travers les wilayas du pays, y compris celle de Gara Djebilet, totalisant une capacit\u00e9 de 3.200 MW et l&rsquo;hybridation des centrales diesel ou \u00e0 turbines \u00e0 gaz situ\u00e9es au sud du pays avec du solaire PV, rappelant que le minist\u00e8re de l&rsquo;\u00e9nergie et des mines a proc\u00e9d\u00e9 en 2023, \u00e0 travers le groupe Sonelgaz \u00e0 l&rsquo;attribution provisoire des march\u00e9s inh\u00e9rents aux appels d&rsquo;offres national et international pour la r\u00e9alisation en mode EPC (Engineering Procurement &amp; Construction) des deux projets \u00ab\u00a02.000 MW\u00a0\u00bb et \u00ab\u00a0Solar 1.000 MW\u00a0\u00bb, et \u00e0 la signature des contrats avec les entreprises (nationales et \u00e9trang\u00e8res) laur\u00e9ates en mars 2024. &nbsp;Plus explicite, les r\u00e9dacteurs de ce rapport ont soutenu que le projet de \u00ab\u00a02.000 MW\u00a0\u00bb consiste en la r\u00e9alisation de 15 centrales solaires PV, \u00e0 travers 12 wilayas du pays, d&rsquo;une puissance allant de 80 MW \u00e0 220 MW chacune, tandis que le projet \u00ab\u00a0Solar 1000 MW\u00a0\u00bb porte sur la r\u00e9alisation de cinq centrales solaires PV d&rsquo;une puissance allant de 50 MW \u00e0 300 MW dans cinq wilayas, en sus du lancement fin 2023, \u00e0 travers le groupe Sonelgaz, d\u2019un autre appel d&rsquo;offres relatif \u00e0 la r\u00e9alisation en mode EPC d&rsquo;une centrale solaire PV d&rsquo;une capacit\u00e9 de 200 MW avec stockage d&rsquo;\u00e9nergie dans la r\u00e9gion de Gara Djebilet situ\u00e9e dans la wilaya de Tindouf au profit du projet d&rsquo;exploitation du gisement de fer en cours de d\u00e9veloppement ainsi que trois centrales solaires hybrides avec une capacit\u00e9 totale de 22 MW qui sont en cours de r\u00e9alisation \u00e0 Talmine (Adrar8 MW), \u00e0 Tabelbala (B\u00e9char 3MW) et \u00e0 Tindouf (11MW).<\/p>\n\n\n\n<p>Ceci dit, les r\u00e9dacteurs de ce rapport ont \u00e9valu\u00e9 la capacit\u00e9 d&rsquo;\u00e9nergies renouvelables (EnR) install\u00e9e \u00e0 fin d\u00e9cembre 2023 au niveau national \u00e0 600,9 MW dont 417,64 MW d\u00e9tenu, soit 98,4% de la capacit\u00e9 totale des installations EnR raccord\u00e9es au r\u00e9seau et 88,5% du parc national des \u00e9nergies renouvelables hors hydro\u00e9lectricit\u00e9.<\/p>\n\n\n\n<p>Et d\u2019ajouter: \u201ccette capacit\u00e9, d\u00e9tenue par le minist\u00e8re de l\u2019\u00e9nergie et des mines, se mat\u00e9rialise \u00e0 travers 22 centrales solaires PV totalisant une capacit\u00e9 de 354,1 MW, six centrales solaires PV pour l&rsquo;hybridation des centrales diesel ou \u00e0 turbines \u00e0 gaz, utilis\u00e9es pour la g\u00e9n\u00e9ration de l&rsquo;\u00e9lectricit\u00e9 au profit des R\u00e9seaux isol\u00e9s du sud (RIS), cumulant une capacit\u00e9 de 28 MW, une centrale solaire thermique (CSP) de 25 MW, une firme \u00e9olienne d&rsquo;une capacit\u00e9 de 10,2 MW ainsi que des kits solaires PV pour l&rsquo;\u00e9lectrification des villages isol\u00e9s non raccord\u00e9s au r\u00e9seau d&rsquo;une capacit\u00e9 totale de 344 kW\u201d.<\/p>\n\n\n\n<p>Autrement dit, le minist\u00e8re de l\u2019\u00c9nergie et des Mines a r\u00e9alis\u00e9 une capacit\u00e9 additionnelle de 28 MW, correspondant \u00e0 44,6% de la capacit\u00e9 totale des EnR r\u00e9alis\u00e9e en Alg\u00e9rie pendant cette p\u00e9riode (62,8 MW), soit une croissance de 7,2% par rapport \u00e0 la capacit\u00e9 cumul\u00e9e install\u00e9e par le MEM jusqu&rsquo;\u00e0 fin 2019 (389,64 MW) durant la p\u00e9riode 2020 et 2023.<\/p>\n\n\n\n<p>Hakim Aomar<\/p>\n","protected":false},"excerpt":{"rendered":"<p>Le Commissariat aux \u00e9nergies renouvelables et \u00e0 l&rsquo;efficacit\u00e9 \u00e9nerg\u00e9tique (CEREFE) a publi\u00e9, hier, son 4e bilan des r\u00e9alisations dans le<\/p>\n","protected":false},"author":3,"featured_media":23844,"comment_status":"open","ping_status":"closed","sticky":false,"template":"","format":"standard","meta":{"colormag_page_container_layout":"default_layout","colormag_page_sidebar_layout":"default_layout","om_disable_all_campaigns":false,"_monsterinsights_skip_tracking":false,"_monsterinsights_sitenote_active":false,"_monsterinsights_sitenote_note":"","_monsterinsights_sitenote_category":0,"footnotes":"","_wpscppro_dont_share_socialmedia":false,"_wpscppro_custom_social_share_image":0,"_facebook_share_type":"default","_twitter_share_type":"default","_linkedin_share_type":"default","_pinterest_share_type":"default","_linkedin_share_type_page":"","_instagram_share_type":"default","_medium_share_type":"","_threads_share_type":"","_google_business_share_type":"","_selected_social_profile":[],"_wpsp_enable_custom_social_template":false,"_wpsp_social_scheduling":{"enabled":false,"datetime":null,"platforms":[],"status":"template_only","dateOption":"today","timeOption":"now","customDays":"","customHours":"","customDate":"","customTime":"","schedulingType":"absolute"},"_wpsp_active_default_template":true},"categories":[52,29],"tags":[],"class_list":["post-56499","post","type-post","status-publish","format-standard","has-post-thumbnail","hentry","category-a-la-une","category-economie"],"aioseo_notices":[],"yoast_head":"<!-- This site is optimized with the Yoast SEO plugin v27.4 - https:\/\/yoast.com\/product\/yoast-seo-wordpress\/ -->\n<title>\u00c9nergies renouvelables: Un boom du solaire photovolta\u00efque attendu - La Sentinelle<\/title>\n<meta name=\"robots\" content=\"index, follow, max-snippet:-1, max-image-preview:large, max-video-preview:-1\" \/>\n<link rel=\"canonical\" href=\"https:\/\/lasentinelle.dz\/index.php\/2024\/09\/03\/energies-renouvelables-un-boom-du-solaire-photovoltaique-attendu\/\" \/>\n<meta property=\"og:locale\" content=\"fr_FR\" \/>\n<meta property=\"og:type\" content=\"article\" \/>\n<meta property=\"og:title\" content=\"\u00c9nergies renouvelables: Un boom du solaire photovolta\u00efque attendu - La Sentinelle\" \/>\n<meta property=\"og:description\" content=\"Le Commissariat aux \u00e9nergies renouvelables et \u00e0 l&rsquo;efficacit\u00e9 \u00e9nerg\u00e9tique (CEREFE) a publi\u00e9, hier, son 4e bilan des r\u00e9alisations dans le\" \/>\n<meta property=\"og:url\" content=\"https:\/\/lasentinelle.dz\/index.php\/2024\/09\/03\/energies-renouvelables-un-boom-du-solaire-photovoltaique-attendu\/\" \/>\n<meta property=\"og:site_name\" content=\"La Sentinelle\" \/>\n<meta property=\"article:publisher\" content=\"https:\/\/www.facebook.com\/La-Sentinelle-104059864394773\" \/>\n<meta property=\"article:published_time\" content=\"2024-09-03T13:07:49+00:00\" \/>\n<meta property=\"article:modified_time\" content=\"2024-09-03T13:07:50+00:00\" \/>\n<meta property=\"og:image\" content=\"https:\/\/lasentinelle.dz\/wp-content\/uploads\/2022\/07\/ENR-1024x538.png\" \/>\n\t<meta property=\"og:image:width\" content=\"1024\" \/>\n\t<meta property=\"og:image:height\" content=\"538\" \/>\n\t<meta property=\"og:image:type\" content=\"image\/png\" \/>\n<meta name=\"author\" content=\"La Sentinelle\" \/>\n<meta name=\"twitter:card\" content=\"summary_large_image\" \/>\n<meta name=\"twitter:label1\" content=\"\u00c9crit par\" \/>\n\t<meta name=\"twitter:data1\" content=\"La Sentinelle\" \/>\n\t<meta name=\"twitter:label2\" content=\"Dur\u00e9e de lecture estim\u00e9e\" \/>\n\t<meta name=\"twitter:data2\" content=\"5 minutes\" \/>\n<script type=\"application\/ld+json\" class=\"yoast-schema-graph\">{\"@context\":\"https:\\\/\\\/schema.org\",\"@graph\":[{\"@type\":\"Article\",\"@id\":\"https:\\\/\\\/lasentinelle.dz\\\/index.php\\\/2024\\\/09\\\/03\\\/energies-renouvelables-un-boom-du-solaire-photovoltaique-attendu\\\/#article\",\"isPartOf\":{\"@id\":\"https:\\\/\\\/lasentinelle.dz\\\/index.php\\\/2024\\\/09\\\/03\\\/energies-renouvelables-un-boom-du-solaire-photovoltaique-attendu\\\/\"},\"author\":{\"name\":\"La Sentinelle\",\"@id\":\"https:\\\/\\\/lasentinelle.dz\\\/#\\\/schema\\\/person\\\/d865044e22e70a75174ce8bcad3acfb3\"},\"headline\":\"\u00c9nergies renouvelables: Un boom du solaire photovolta\u00efque attendu\",\"datePublished\":\"2024-09-03T13:07:49+00:00\",\"dateModified\":\"2024-09-03T13:07:50+00:00\",\"mainEntityOfPage\":{\"@id\":\"https:\\\/\\\/lasentinelle.dz\\\/index.php\\\/2024\\\/09\\\/03\\\/energies-renouvelables-un-boom-du-solaire-photovoltaique-attendu\\\/\"},\"wordCount\":907,\"commentCount\":0,\"publisher\":{\"@id\":\"https:\\\/\\\/lasentinelle.dz\\\/#organization\"},\"image\":{\"@id\":\"https:\\\/\\\/lasentinelle.dz\\\/index.php\\\/2024\\\/09\\\/03\\\/energies-renouvelables-un-boom-du-solaire-photovoltaique-attendu\\\/#primaryimage\"},\"thumbnailUrl\":\"https:\\\/\\\/lasentinelle.dz\\\/wp-content\\\/uploads\\\/2022\\\/07\\\/ENR.png\",\"articleSection\":[\"\u00c0 la Une\",\"\u00c9conomie\"],\"inLanguage\":\"fr-FR\",\"potentialAction\":[{\"@type\":\"CommentAction\",\"name\":\"Comment\",\"target\":[\"https:\\\/\\\/lasentinelle.dz\\\/index.php\\\/2024\\\/09\\\/03\\\/energies-renouvelables-un-boom-du-solaire-photovoltaique-attendu\\\/#respond\"]}]},{\"@type\":\"WebPage\",\"@id\":\"https:\\\/\\\/lasentinelle.dz\\\/index.php\\\/2024\\\/09\\\/03\\\/energies-renouvelables-un-boom-du-solaire-photovoltaique-attendu\\\/\",\"url\":\"https:\\\/\\\/lasentinelle.dz\\\/index.php\\\/2024\\\/09\\\/03\\\/energies-renouvelables-un-boom-du-solaire-photovoltaique-attendu\\\/\",\"name\":\"\u00c9nergies renouvelables: Un boom du solaire photovolta\u00efque attendu - La Sentinelle\",\"isPartOf\":{\"@id\":\"https:\\\/\\\/lasentinelle.dz\\\/#website\"},\"primaryImageOfPage\":{\"@id\":\"https:\\\/\\\/lasentinelle.dz\\\/index.php\\\/2024\\\/09\\\/03\\\/energies-renouvelables-un-boom-du-solaire-photovoltaique-attendu\\\/#primaryimage\"},\"image\":{\"@id\":\"https:\\\/\\\/lasentinelle.dz\\\/index.php\\\/2024\\\/09\\\/03\\\/energies-renouvelables-un-boom-du-solaire-photovoltaique-attendu\\\/#primaryimage\"},\"thumbnailUrl\":\"https:\\\/\\\/lasentinelle.dz\\\/wp-content\\\/uploads\\\/2022\\\/07\\\/ENR.png\",\"datePublished\":\"2024-09-03T13:07:49+00:00\",\"dateModified\":\"2024-09-03T13:07:50+00:00\",\"breadcrumb\":{\"@id\":\"https:\\\/\\\/lasentinelle.dz\\\/index.php\\\/2024\\\/09\\\/03\\\/energies-renouvelables-un-boom-du-solaire-photovoltaique-attendu\\\/#breadcrumb\"},\"inLanguage\":\"fr-FR\",\"potentialAction\":[{\"@type\":\"ReadAction\",\"target\":[\"https:\\\/\\\/lasentinelle.dz\\\/index.php\\\/2024\\\/09\\\/03\\\/energies-renouvelables-un-boom-du-solaire-photovoltaique-attendu\\\/\"]}]},{\"@type\":\"ImageObject\",\"inLanguage\":\"fr-FR\",\"@id\":\"https:\\\/\\\/lasentinelle.dz\\\/index.php\\\/2024\\\/09\\\/03\\\/energies-renouvelables-un-boom-du-solaire-photovoltaique-attendu\\\/#primaryimage\",\"url\":\"https:\\\/\\\/lasentinelle.dz\\\/wp-content\\\/uploads\\\/2022\\\/07\\\/ENR.png\",\"contentUrl\":\"https:\\\/\\\/lasentinelle.dz\\\/wp-content\\\/uploads\\\/2022\\\/07\\\/ENR.png\",\"width\":1714,\"height\":900},{\"@type\":\"BreadcrumbList\",\"@id\":\"https:\\\/\\\/lasentinelle.dz\\\/index.php\\\/2024\\\/09\\\/03\\\/energies-renouvelables-un-boom-du-solaire-photovoltaique-attendu\\\/#breadcrumb\",\"itemListElement\":[{\"@type\":\"ListItem\",\"position\":1,\"name\":\"Accueil\",\"item\":\"https:\\\/\\\/lasentinelle.dz\\\/\"},{\"@type\":\"ListItem\",\"position\":2,\"name\":\"\u00c9nergies renouvelables: Un boom du solaire photovolta\u00efque attendu\"}]},{\"@type\":\"WebSite\",\"@id\":\"https:\\\/\\\/lasentinelle.dz\\\/#website\",\"url\":\"https:\\\/\\\/lasentinelle.dz\\\/\",\"name\":\"La Sentinelle\",\"description\":\"Quotidien national d&#039;information\",\"publisher\":{\"@id\":\"https:\\\/\\\/lasentinelle.dz\\\/#organization\"},\"potentialAction\":[{\"@type\":\"SearchAction\",\"target\":{\"@type\":\"EntryPoint\",\"urlTemplate\":\"https:\\\/\\\/lasentinelle.dz\\\/?s={search_term_string}\"},\"query-input\":{\"@type\":\"PropertyValueSpecification\",\"valueRequired\":true,\"valueName\":\"search_term_string\"}}],\"inLanguage\":\"fr-FR\"},{\"@type\":\"Organization\",\"@id\":\"https:\\\/\\\/lasentinelle.dz\\\/#organization\",\"name\":\"Quotidien La Sentinelle\",\"url\":\"https:\\\/\\\/lasentinelle.dz\\\/\",\"logo\":{\"@type\":\"ImageObject\",\"inLanguage\":\"fr-FR\",\"@id\":\"https:\\\/\\\/lasentinelle.dz\\\/#\\\/schema\\\/logo\\\/image\\\/\",\"url\":\"https:\\\/\\\/lasentinelle.dz\\\/wp-content\\\/uploads\\\/2021\\\/09\\\/logo-sentinelleSLOGAN-1.png\",\"contentUrl\":\"https:\\\/\\\/lasentinelle.dz\\\/wp-content\\\/uploads\\\/2021\\\/09\\\/logo-sentinelleSLOGAN-1.png\",\"width\":615,\"height\":142,\"caption\":\"Quotidien La Sentinelle\"},\"image\":{\"@id\":\"https:\\\/\\\/lasentinelle.dz\\\/#\\\/schema\\\/logo\\\/image\\\/\"},\"sameAs\":[\"https:\\\/\\\/www.facebook.com\\\/La-Sentinelle-104059864394773\"]},{\"@type\":\"Person\",\"@id\":\"https:\\\/\\\/lasentinelle.dz\\\/#\\\/schema\\\/person\\\/d865044e22e70a75174ce8bcad3acfb3\",\"name\":\"La Sentinelle\",\"image\":{\"@type\":\"ImageObject\",\"inLanguage\":\"fr-FR\",\"@id\":\"https:\\\/\\\/secure.gravatar.com\\\/avatar\\\/57de8e5d4b15d43fb361a71fbb36338450fe67865b528a43dd10ef7c51a20392?s=96&d=mm&r=g\",\"url\":\"https:\\\/\\\/secure.gravatar.com\\\/avatar\\\/57de8e5d4b15d43fb361a71fbb36338450fe67865b528a43dd10ef7c51a20392?s=96&d=mm&r=g\",\"contentUrl\":\"https:\\\/\\\/secure.gravatar.com\\\/avatar\\\/57de8e5d4b15d43fb361a71fbb36338450fe67865b528a43dd10ef7c51a20392?s=96&d=mm&r=g\",\"caption\":\"La Sentinelle\"},\"sameAs\":[\"http:\\\/\\\/www.lasentinelle.dz\"],\"url\":\"https:\\\/\\\/lasentinelle.dz\\\/author\\\/redaction\\\/\"}]}<\/script>\n<!-- \/ Yoast SEO plugin. -->","yoast_head_json":{"title":"\u00c9nergies renouvelables: Un boom du solaire photovolta\u00efque attendu - La Sentinelle","robots":{"index":"index","follow":"follow","max-snippet":"max-snippet:-1","max-image-preview":"max-image-preview:large","max-video-preview":"max-video-preview:-1"},"canonical":"https:\/\/lasentinelle.dz\/index.php\/2024\/09\/03\/energies-renouvelables-un-boom-du-solaire-photovoltaique-attendu\/","og_locale":"fr_FR","og_type":"article","og_title":"\u00c9nergies renouvelables: Un boom du solaire photovolta\u00efque attendu - La Sentinelle","og_description":"Le Commissariat aux \u00e9nergies renouvelables et \u00e0 l&rsquo;efficacit\u00e9 \u00e9nerg\u00e9tique (CEREFE) a publi\u00e9, hier, son 4e bilan des r\u00e9alisations dans le","og_url":"https:\/\/lasentinelle.dz\/index.php\/2024\/09\/03\/energies-renouvelables-un-boom-du-solaire-photovoltaique-attendu\/","og_site_name":"La Sentinelle","article_publisher":"https:\/\/www.facebook.com\/La-Sentinelle-104059864394773","article_published_time":"2024-09-03T13:07:49+00:00","article_modified_time":"2024-09-03T13:07:50+00:00","og_image":[{"width":1024,"height":538,"url":"https:\/\/lasentinelle.dz\/wp-content\/uploads\/2022\/07\/ENR-1024x538.png","type":"image\/png"}],"author":"La Sentinelle","twitter_card":"summary_large_image","twitter_misc":{"\u00c9crit par":"La Sentinelle","Dur\u00e9e de lecture estim\u00e9e":"5 minutes"},"schema":{"@context":"https:\/\/schema.org","@graph":[{"@type":"Article","@id":"https:\/\/lasentinelle.dz\/index.php\/2024\/09\/03\/energies-renouvelables-un-boom-du-solaire-photovoltaique-attendu\/#article","isPartOf":{"@id":"https:\/\/lasentinelle.dz\/index.php\/2024\/09\/03\/energies-renouvelables-un-boom-du-solaire-photovoltaique-attendu\/"},"author":{"name":"La Sentinelle","@id":"https:\/\/lasentinelle.dz\/#\/schema\/person\/d865044e22e70a75174ce8bcad3acfb3"},"headline":"\u00c9nergies renouvelables: Un boom du solaire photovolta\u00efque attendu","datePublished":"2024-09-03T13:07:49+00:00","dateModified":"2024-09-03T13:07:50+00:00","mainEntityOfPage":{"@id":"https:\/\/lasentinelle.dz\/index.php\/2024\/09\/03\/energies-renouvelables-un-boom-du-solaire-photovoltaique-attendu\/"},"wordCount":907,"commentCount":0,"publisher":{"@id":"https:\/\/lasentinelle.dz\/#organization"},"image":{"@id":"https:\/\/lasentinelle.dz\/index.php\/2024\/09\/03\/energies-renouvelables-un-boom-du-solaire-photovoltaique-attendu\/#primaryimage"},"thumbnailUrl":"https:\/\/lasentinelle.dz\/wp-content\/uploads\/2022\/07\/ENR.png","articleSection":["\u00c0 la Une","\u00c9conomie"],"inLanguage":"fr-FR","potentialAction":[{"@type":"CommentAction","name":"Comment","target":["https:\/\/lasentinelle.dz\/index.php\/2024\/09\/03\/energies-renouvelables-un-boom-du-solaire-photovoltaique-attendu\/#respond"]}]},{"@type":"WebPage","@id":"https:\/\/lasentinelle.dz\/index.php\/2024\/09\/03\/energies-renouvelables-un-boom-du-solaire-photovoltaique-attendu\/","url":"https:\/\/lasentinelle.dz\/index.php\/2024\/09\/03\/energies-renouvelables-un-boom-du-solaire-photovoltaique-attendu\/","name":"\u00c9nergies renouvelables: Un boom du solaire photovolta\u00efque attendu - La Sentinelle","isPartOf":{"@id":"https:\/\/lasentinelle.dz\/#website"},"primaryImageOfPage":{"@id":"https:\/\/lasentinelle.dz\/index.php\/2024\/09\/03\/energies-renouvelables-un-boom-du-solaire-photovoltaique-attendu\/#primaryimage"},"image":{"@id":"https:\/\/lasentinelle.dz\/index.php\/2024\/09\/03\/energies-renouvelables-un-boom-du-solaire-photovoltaique-attendu\/#primaryimage"},"thumbnailUrl":"https:\/\/lasentinelle.dz\/wp-content\/uploads\/2022\/07\/ENR.png","datePublished":"2024-09-03T13:07:49+00:00","dateModified":"2024-09-03T13:07:50+00:00","breadcrumb":{"@id":"https:\/\/lasentinelle.dz\/index.php\/2024\/09\/03\/energies-renouvelables-un-boom-du-solaire-photovoltaique-attendu\/#breadcrumb"},"inLanguage":"fr-FR","potentialAction":[{"@type":"ReadAction","target":["https:\/\/lasentinelle.dz\/index.php\/2024\/09\/03\/energies-renouvelables-un-boom-du-solaire-photovoltaique-attendu\/"]}]},{"@type":"ImageObject","inLanguage":"fr-FR","@id":"https:\/\/lasentinelle.dz\/index.php\/2024\/09\/03\/energies-renouvelables-un-boom-du-solaire-photovoltaique-attendu\/#primaryimage","url":"https:\/\/lasentinelle.dz\/wp-content\/uploads\/2022\/07\/ENR.png","contentUrl":"https:\/\/lasentinelle.dz\/wp-content\/uploads\/2022\/07\/ENR.png","width":1714,"height":900},{"@type":"BreadcrumbList","@id":"https:\/\/lasentinelle.dz\/index.php\/2024\/09\/03\/energies-renouvelables-un-boom-du-solaire-photovoltaique-attendu\/#breadcrumb","itemListElement":[{"@type":"ListItem","position":1,"name":"Accueil","item":"https:\/\/lasentinelle.dz\/"},{"@type":"ListItem","position":2,"name":"\u00c9nergies renouvelables: Un boom du solaire photovolta\u00efque attendu"}]},{"@type":"WebSite","@id":"https:\/\/lasentinelle.dz\/#website","url":"https:\/\/lasentinelle.dz\/","name":"La Sentinelle","description":"Quotidien national d&#039;information","publisher":{"@id":"https:\/\/lasentinelle.dz\/#organization"},"potentialAction":[{"@type":"SearchAction","target":{"@type":"EntryPoint","urlTemplate":"https:\/\/lasentinelle.dz\/?s={search_term_string}"},"query-input":{"@type":"PropertyValueSpecification","valueRequired":true,"valueName":"search_term_string"}}],"inLanguage":"fr-FR"},{"@type":"Organization","@id":"https:\/\/lasentinelle.dz\/#organization","name":"Quotidien La Sentinelle","url":"https:\/\/lasentinelle.dz\/","logo":{"@type":"ImageObject","inLanguage":"fr-FR","@id":"https:\/\/lasentinelle.dz\/#\/schema\/logo\/image\/","url":"https:\/\/lasentinelle.dz\/wp-content\/uploads\/2021\/09\/logo-sentinelleSLOGAN-1.png","contentUrl":"https:\/\/lasentinelle.dz\/wp-content\/uploads\/2021\/09\/logo-sentinelleSLOGAN-1.png","width":615,"height":142,"caption":"Quotidien La Sentinelle"},"image":{"@id":"https:\/\/lasentinelle.dz\/#\/schema\/logo\/image\/"},"sameAs":["https:\/\/www.facebook.com\/La-Sentinelle-104059864394773"]},{"@type":"Person","@id":"https:\/\/lasentinelle.dz\/#\/schema\/person\/d865044e22e70a75174ce8bcad3acfb3","name":"La Sentinelle","image":{"@type":"ImageObject","inLanguage":"fr-FR","@id":"https:\/\/secure.gravatar.com\/avatar\/57de8e5d4b15d43fb361a71fbb36338450fe67865b528a43dd10ef7c51a20392?s=96&d=mm&r=g","url":"https:\/\/secure.gravatar.com\/avatar\/57de8e5d4b15d43fb361a71fbb36338450fe67865b528a43dd10ef7c51a20392?s=96&d=mm&r=g","contentUrl":"https:\/\/secure.gravatar.com\/avatar\/57de8e5d4b15d43fb361a71fbb36338450fe67865b528a43dd10ef7c51a20392?s=96&d=mm&r=g","caption":"La Sentinelle"},"sameAs":["http:\/\/www.lasentinelle.dz"],"url":"https:\/\/lasentinelle.dz\/author\/redaction\/"}]}},"_links":{"self":[{"href":"https:\/\/lasentinelle.dz\/index.php\/wp-json\/wp\/v2\/posts\/56499","targetHints":{"allow":["GET"]}}],"collection":[{"href":"https:\/\/lasentinelle.dz\/index.php\/wp-json\/wp\/v2\/posts"}],"about":[{"href":"https:\/\/lasentinelle.dz\/index.php\/wp-json\/wp\/v2\/types\/post"}],"author":[{"embeddable":true,"href":"https:\/\/lasentinelle.dz\/index.php\/wp-json\/wp\/v2\/users\/3"}],"replies":[{"embeddable":true,"href":"https:\/\/lasentinelle.dz\/index.php\/wp-json\/wp\/v2\/comments?post=56499"}],"version-history":[{"count":1,"href":"https:\/\/lasentinelle.dz\/index.php\/wp-json\/wp\/v2\/posts\/56499\/revisions"}],"predecessor-version":[{"id":56500,"href":"https:\/\/lasentinelle.dz\/index.php\/wp-json\/wp\/v2\/posts\/56499\/revisions\/56500"}],"wp:featuredmedia":[{"embeddable":true,"href":"https:\/\/lasentinelle.dz\/index.php\/wp-json\/wp\/v2\/media\/23844"}],"wp:attachment":[{"href":"https:\/\/lasentinelle.dz\/index.php\/wp-json\/wp\/v2\/media?parent=56499"}],"wp:term":[{"taxonomy":"category","embeddable":true,"href":"https:\/\/lasentinelle.dz\/index.php\/wp-json\/wp\/v2\/categories?post=56499"},{"taxonomy":"post_tag","embeddable":true,"href":"https:\/\/lasentinelle.dz\/index.php\/wp-json\/wp\/v2\/tags?post=56499"}],"curies":[{"name":"wp","href":"https:\/\/api.w.org\/{rel}","templated":true}]}}