{"id":56509,"date":"2024-09-03T14:11:40","date_gmt":"2024-09-03T13:11:40","guid":{"rendered":"https:\/\/lasentinelle.dz\/?p=56509"},"modified":"2024-09-03T14:11:42","modified_gmt":"2024-09-03T13:11:42","slug":"aouchiche-presente-son-programme-au-de-la-radio-algerienne-la-refonte-de-la-gouvernance-en-priorite","status":"publish","type":"post","link":"https:\/\/lasentinelle.dz\/index.php\/2024\/09\/03\/aouchiche-presente-son-programme-au-de-la-radio-algerienne-la-refonte-de-la-gouvernance-en-priorite\/","title":{"rendered":"Aouchiche pr\u00e9sente son programme au de la Radio alg\u00e9rienne: La refonte de la gouvernance en priorit\u00e9"},"content":{"rendered":"\n<p>Youcef Aouchiche, candidat du Front des Forces Socialistes (FFS) \u00e0 l&rsquo;\u00e9lection pr\u00e9sidentielle du 7 septembre, s&rsquo;est engag\u00e9 \u00e0 initier des r\u00e9formes politiques et institutionnelles profondes. Son objectif est d&rsquo;\u00e9tablir un \u00e9quilibre effectif entre les pouvoirs et de consacrer un \u00c9tat de droit en cas d&rsquo;\u00e9lection \u00e0 la pr\u00e9sidence de la R\u00e9publique.<\/p>\n\n\n\n<p>Lors de sa participation au Forum \u00ab\u00a0Pr\u00e9sidentielles\u00a0\u00bb de la Radio alg\u00e9rienne, Youcef Aouchiche a pr\u00e9cis\u00e9 que les priorit\u00e9s de son programme \u00e9lectoral r\u00e9sident dans l&rsquo;engagement \u00e0 r\u00e9former le syst\u00e8me de gouvernance. Il propose l&rsquo;adoption d&rsquo;un r\u00e9gime semi-pr\u00e9sidentiel \u00e0 orientation parlementaire, \u00e0 travers une r\u00e9forme constitutionnelle qui revaloriserait l&rsquo;institution l\u00e9gislative et les organes de contr\u00f4le au niveau national. Le candidat du FFS s&rsquo;est engag\u00e9 \u00e0 garantir l&rsquo;ind\u00e9pendance de la justice par la r\u00e9forme de la Cour constitutionnelle et du Conseil sup\u00e9rieur de la magistrature. Il a \u00e9galement promis d&rsquo;\u00e9largir les pr\u00e9rogatives de la Cour des comptes pour qu&rsquo;elle soit ind\u00e9pendante du pouvoir ex\u00e9cutif dans le contr\u00f4le du budget et des finances publiques. Sur le plan \u00e9conomique, le programme d&rsquo;Aouchiche vise \u00e0 relancer le d\u00e9veloppement et \u00e0 diversifier l&rsquo;\u00e9conomie nationale pour sortir d\u00e9finitivement de la politique de rente. Il propose la cr\u00e9ation d&rsquo;une agence nationale pour la s\u00e9curit\u00e9 alimentaire, l&rsquo;augmentation du volume des exportations, l&rsquo;am\u00e9lioration du climat des affaires, et la cr\u00e9ation de p\u00f4les \u00e9conomiques int\u00e9gr\u00e9s selon les sp\u00e9cificit\u00e9s r\u00e9gionales. Le candidat du FFS insiste sur la n\u00e9cessit\u00e9 de ne pas lier la renaissance \u00e9conomique du pays au seul secteur des hydrocarbures. Il pr\u00e9conise le d\u00e9veloppement de secteurs alternatifs \u00e0 fort potentiel pour construire un v\u00e9ritable syst\u00e8me \u00e9conomique. Il s&rsquo;engage \u00e0 encourager des investissements importants dans les secteurs cl\u00e9s tels que l&rsquo;agriculture, le tourisme et l&rsquo;industrie, notamment les industries de transformation. Dans le domaine agricole, le programme propose des r\u00e9formes profondes pour d\u00e9velopper le secteur et atteindre l&rsquo;autosuffisance dans de nombreuses fili\u00e8res, en particulier celle des c\u00e9r\u00e9ales. Cela passerait par le doublement des surfaces irrigu\u00e9es et exploit\u00e9es, l&rsquo;encouragement de l&rsquo;agriculture de montagne et saharienne, et la r\u00e9forme du droit foncier agricole.<\/p>\n\n\n\n<p>Sur le plan social, le programme pr\u00e9voit une revalorisation du pouvoir d&rsquo;achat avec une augmentation du salaire minimum garanti \u00e0 40 000 dinars alg\u00e9riens. Il propose \u00e9galement l&rsquo;instauration d&rsquo;un revenu universel pour les cat\u00e9gories vuln\u00e9rables, la r\u00e9vision des allocations familiales, et la mise en place d&rsquo;un syst\u00e8me de protection sociale r\u00e9pondant aux aspirations des Alg\u00e9riens. Concernant l&#8217;emploi, Aouchiche consid\u00e8re la cr\u00e9ation d&#8217;emplois pour les jeunes comme une priorit\u00e9, \u00e0 travers l&rsquo;encouragement et la stimulation de l&rsquo;investissement dans divers domaines. Pour le logement, le candidat s&rsquo;engage \u00e0 r\u00e9soudre la crise du logement en Alg\u00e9rie par la construction de quatre villes intelligentes \u00e0 travers le pays, connect\u00e9es et en harmonie avec le d\u00e9veloppement actuel et respectueuses de l&rsquo;environnement. Il promet \u00e9galement de revoir en profondeur le caract\u00e8re urbanistique du pays pour l&rsquo;adapter aux sp\u00e9cificit\u00e9s g\u00e9ographiques et d\u00e9mographiques. Dans le domaine de l&rsquo;\u00e9ducation, Aouchiche s&rsquo;engage \u00e0 doubler le budget du secteur et \u00e0 revoir le syst\u00e8me scolaire, notamment dans les cycles primaires, en introduisant de nouvelles mati\u00e8res \u00e9ducatives et r\u00e9cr\u00e9atives.<\/p>\n\n\n\n<p>Enfin, en mati\u00e8re de politique \u00e9trang\u00e8re, le candidat du FFS s&rsquo;engage \u00e0 adopter une politique bas\u00e9e sur la d\u00e9fense des int\u00e9r\u00eats strat\u00e9giques de l&rsquo;Alg\u00e9rie et de sa s\u00e9curit\u00e9 nationale. Il promet de r\u00e9\u00e9valuer les relations de l&rsquo;Alg\u00e9rie avec tous ses partenaires sur la base de l&rsquo;int\u00e9r\u00eat national, de la r\u00e9ciprocit\u00e9 et du respect mutuel, tout en renfor\u00e7ant les relations avec les partenaires africains. Pour la diaspora alg\u00e9rienne, Aouchiche propose la cr\u00e9ation de bureaux \u00e0 l&rsquo;\u00e9tranger pour encourager les investissements, le renforcement des liaisons de transport avec les pays o\u00f9 r\u00e9side la communaut\u00e9 alg\u00e9rienne, et la cr\u00e9ation d&rsquo;un fonds de solidarit\u00e9 pour prendre en charge la communaut\u00e9 nationale \u00e0 l&rsquo;\u00e9tranger.<\/p>\n\n\n\n<p>Lyes Sa\u00efdi<\/p>\n","protected":false},"excerpt":{"rendered":"<p>Youcef Aouchiche, candidat du Front des Forces Socialistes (FFS) \u00e0 l&rsquo;\u00e9lection pr\u00e9sidentielle du 7 septembre, s&rsquo;est engag\u00e9 \u00e0 initier des<\/p>\n","protected":false},"author":6,"featured_media":56510,"comment_status":"open","ping_status":"closed","sticky":false,"template":"","format":"standard","meta":{"colormag_page_container_layout":"default_layout","colormag_page_sidebar_layout":"default_layout","om_disable_all_campaigns":false,"_monsterinsights_skip_tracking":false,"_monsterinsights_sitenote_active":false,"_monsterinsights_sitenote_note":"","_monsterinsights_sitenote_category":0,"footnotes":"","_wpscppro_dont_share_socialmedia":false,"_wpscppro_custom_social_share_image":0,"_facebook_share_type":"default","_twitter_share_type":"default","_linkedin_share_type":"default","_pinterest_share_type":"default","_linkedin_share_type_page":"","_instagram_share_type":"default","_medium_share_type":"","_threads_share_type":"","_google_business_share_type":"","_selected_social_profile":[],"_wpsp_enable_custom_social_template":false,"_wpsp_social_scheduling":{"enabled":false,"datetime":null,"platforms":[],"status":"template_only","dateOption":"today","timeOption":"now","customDays":"","customHours":"","customDate":"","customTime":"","schedulingType":"absolute"},"_wpsp_active_default_template":true},"categories":[87],"tags":[],"class_list":["post-56509","post","type-post","status-publish","format-standard","has-post-thumbnail","hentry","category-presidentielle-2024"],"aioseo_notices":[],"yoast_head":"<!-- This site is optimized with the Yoast SEO plugin v27.5 - https:\/\/yoast.com\/product\/yoast-seo-wordpress\/ -->\n<title>Aouchiche pr\u00e9sente son programme au de la Radio alg\u00e9rienne: La refonte de la gouvernance en priorit\u00e9 - La Sentinelle<\/title>\n<meta name=\"robots\" content=\"index, follow, max-snippet:-1, max-image-preview:large, max-video-preview:-1\" \/>\n<link rel=\"canonical\" href=\"https:\/\/lasentinelle.dz\/index.php\/2024\/09\/03\/aouchiche-presente-son-programme-au-de-la-radio-algerienne-la-refonte-de-la-gouvernance-en-priorite\/\" \/>\n<meta property=\"og:locale\" content=\"fr_FR\" \/>\n<meta property=\"og:type\" content=\"article\" \/>\n<meta property=\"og:title\" content=\"Aouchiche pr\u00e9sente son programme au de la Radio alg\u00e9rienne: La refonte de la gouvernance en priorit\u00e9 - La Sentinelle\" \/>\n<meta property=\"og:description\" content=\"Youcef Aouchiche, candidat du Front des Forces Socialistes (FFS) \u00e0 l&rsquo;\u00e9lection pr\u00e9sidentielle du 7 septembre, s&rsquo;est engag\u00e9 \u00e0 initier des\" \/>\n<meta property=\"og:url\" content=\"https:\/\/lasentinelle.dz\/index.php\/2024\/09\/03\/aouchiche-presente-son-programme-au-de-la-radio-algerienne-la-refonte-de-la-gouvernance-en-priorite\/\" \/>\n<meta property=\"og:site_name\" content=\"La Sentinelle\" \/>\n<meta property=\"article:publisher\" content=\"https:\/\/www.facebook.com\/La-Sentinelle-104059864394773\" \/>\n<meta property=\"article:published_time\" content=\"2024-09-03T13:11:40+00:00\" \/>\n<meta property=\"article:modified_time\" content=\"2024-09-03T13:11:42+00:00\" \/>\n<meta property=\"og:image\" content=\"https:\/\/lasentinelle.dz\/wp-content\/uploads\/2024\/09\/aouchiche.jpg\" \/>\n\t<meta property=\"og:image:width\" content=\"720\" \/>\n\t<meta property=\"og:image:height\" content=\"480\" \/>\n\t<meta property=\"og:image:type\" content=\"image\/jpeg\" \/>\n<meta name=\"author\" content=\"admin\" \/>\n<meta name=\"twitter:card\" content=\"summary_large_image\" \/>\n<meta name=\"twitter:label1\" content=\"\u00c9crit par\" \/>\n\t<meta name=\"twitter:data1\" content=\"admin\" \/>\n\t<meta name=\"twitter:label2\" content=\"Dur\u00e9e de lecture estim\u00e9e\" \/>\n\t<meta name=\"twitter:data2\" content=\"4 minutes\" \/>\n<script type=\"application\/ld+json\" class=\"yoast-schema-graph\">{\"@context\":\"https:\\\/\\\/schema.org\",\"@graph\":[{\"@type\":\"Article\",\"@id\":\"https:\\\/\\\/lasentinelle.dz\\\/index.php\\\/2024\\\/09\\\/03\\\/aouchiche-presente-son-programme-au-de-la-radio-algerienne-la-refonte-de-la-gouvernance-en-priorite\\\/#article\",\"isPartOf\":{\"@id\":\"https:\\\/\\\/lasentinelle.dz\\\/index.php\\\/2024\\\/09\\\/03\\\/aouchiche-presente-son-programme-au-de-la-radio-algerienne-la-refonte-de-la-gouvernance-en-priorite\\\/\"},\"author\":{\"name\":\"admin\",\"@id\":\"https:\\\/\\\/lasentinelle.dz\\\/#\\\/schema\\\/person\\\/729ee0024f24e0b8c5ec17232f8e8b41\"},\"headline\":\"Aouchiche pr\u00e9sente son programme au de la Radio alg\u00e9rienne: La refonte de la gouvernance en priorit\u00e9\",\"datePublished\":\"2024-09-03T13:11:40+00:00\",\"dateModified\":\"2024-09-03T13:11:42+00:00\",\"mainEntityOfPage\":{\"@id\":\"https:\\\/\\\/lasentinelle.dz\\\/index.php\\\/2024\\\/09\\\/03\\\/aouchiche-presente-son-programme-au-de-la-radio-algerienne-la-refonte-de-la-gouvernance-en-priorite\\\/\"},\"wordCount\":739,\"commentCount\":0,\"publisher\":{\"@id\":\"https:\\\/\\\/lasentinelle.dz\\\/#organization\"},\"image\":{\"@id\":\"https:\\\/\\\/lasentinelle.dz\\\/index.php\\\/2024\\\/09\\\/03\\\/aouchiche-presente-son-programme-au-de-la-radio-algerienne-la-refonte-de-la-gouvernance-en-priorite\\\/#primaryimage\"},\"thumbnailUrl\":\"https:\\\/\\\/lasentinelle.dz\\\/wp-content\\\/uploads\\\/2024\\\/09\\\/aouchiche.jpg\",\"articleSection\":[\"Pr\u00e9sidentielle 2024\"],\"inLanguage\":\"fr-FR\",\"potentialAction\":[{\"@type\":\"CommentAction\",\"name\":\"Comment\",\"target\":[\"https:\\\/\\\/lasentinelle.dz\\\/index.php\\\/2024\\\/09\\\/03\\\/aouchiche-presente-son-programme-au-de-la-radio-algerienne-la-refonte-de-la-gouvernance-en-priorite\\\/#respond\"]}]},{\"@type\":\"WebPage\",\"@id\":\"https:\\\/\\\/lasentinelle.dz\\\/index.php\\\/2024\\\/09\\\/03\\\/aouchiche-presente-son-programme-au-de-la-radio-algerienne-la-refonte-de-la-gouvernance-en-priorite\\\/\",\"url\":\"https:\\\/\\\/lasentinelle.dz\\\/index.php\\\/2024\\\/09\\\/03\\\/aouchiche-presente-son-programme-au-de-la-radio-algerienne-la-refonte-de-la-gouvernance-en-priorite\\\/\",\"name\":\"Aouchiche pr\u00e9sente son programme au de la Radio alg\u00e9rienne: La refonte de la gouvernance en priorit\u00e9 - La Sentinelle\",\"isPartOf\":{\"@id\":\"https:\\\/\\\/lasentinelle.dz\\\/#website\"},\"primaryImageOfPage\":{\"@id\":\"https:\\\/\\\/lasentinelle.dz\\\/index.php\\\/2024\\\/09\\\/03\\\/aouchiche-presente-son-programme-au-de-la-radio-algerienne-la-refonte-de-la-gouvernance-en-priorite\\\/#primaryimage\"},\"image\":{\"@id\":\"https:\\\/\\\/lasentinelle.dz\\\/index.php\\\/2024\\\/09\\\/03\\\/aouchiche-presente-son-programme-au-de-la-radio-algerienne-la-refonte-de-la-gouvernance-en-priorite\\\/#primaryimage\"},\"thumbnailUrl\":\"https:\\\/\\\/lasentinelle.dz\\\/wp-content\\\/uploads\\\/2024\\\/09\\\/aouchiche.jpg\",\"datePublished\":\"2024-09-03T13:11:40+00:00\",\"dateModified\":\"2024-09-03T13:11:42+00:00\",\"breadcrumb\":{\"@id\":\"https:\\\/\\\/lasentinelle.dz\\\/index.php\\\/2024\\\/09\\\/03\\\/aouchiche-presente-son-programme-au-de-la-radio-algerienne-la-refonte-de-la-gouvernance-en-priorite\\\/#breadcrumb\"},\"inLanguage\":\"fr-FR\",\"potentialAction\":[{\"@type\":\"ReadAction\",\"target\":[\"https:\\\/\\\/lasentinelle.dz\\\/index.php\\\/2024\\\/09\\\/03\\\/aouchiche-presente-son-programme-au-de-la-radio-algerienne-la-refonte-de-la-gouvernance-en-priorite\\\/\"]}]},{\"@type\":\"ImageObject\",\"inLanguage\":\"fr-FR\",\"@id\":\"https:\\\/\\\/lasentinelle.dz\\\/index.php\\\/2024\\\/09\\\/03\\\/aouchiche-presente-son-programme-au-de-la-radio-algerienne-la-refonte-de-la-gouvernance-en-priorite\\\/#primaryimage\",\"url\":\"https:\\\/\\\/lasentinelle.dz\\\/wp-content\\\/uploads\\\/2024\\\/09\\\/aouchiche.jpg\",\"contentUrl\":\"https:\\\/\\\/lasentinelle.dz\\\/wp-content\\\/uploads\\\/2024\\\/09\\\/aouchiche.jpg\",\"width\":720,\"height\":480},{\"@type\":\"BreadcrumbList\",\"@id\":\"https:\\\/\\\/lasentinelle.dz\\\/index.php\\\/2024\\\/09\\\/03\\\/aouchiche-presente-son-programme-au-de-la-radio-algerienne-la-refonte-de-la-gouvernance-en-priorite\\\/#breadcrumb\",\"itemListElement\":[{\"@type\":\"ListItem\",\"position\":1,\"name\":\"Accueil\",\"item\":\"https:\\\/\\\/lasentinelle.dz\\\/\"},{\"@type\":\"ListItem\",\"position\":2,\"name\":\"Aouchiche pr\u00e9sente son programme au de la Radio alg\u00e9rienne: La refonte de la gouvernance en priorit\u00e9\"}]},{\"@type\":\"WebSite\",\"@id\":\"https:\\\/\\\/lasentinelle.dz\\\/#website\",\"url\":\"https:\\\/\\\/lasentinelle.dz\\\/\",\"name\":\"La Sentinelle\",\"description\":\"Quotidien national d&#039;information\",\"publisher\":{\"@id\":\"https:\\\/\\\/lasentinelle.dz\\\/#organization\"},\"potentialAction\":[{\"@type\":\"SearchAction\",\"target\":{\"@type\":\"EntryPoint\",\"urlTemplate\":\"https:\\\/\\\/lasentinelle.dz\\\/?s={search_term_string}\"},\"query-input\":{\"@type\":\"PropertyValueSpecification\",\"valueRequired\":true,\"valueName\":\"search_term_string\"}}],\"inLanguage\":\"fr-FR\"},{\"@type\":\"Organization\",\"@id\":\"https:\\\/\\\/lasentinelle.dz\\\/#organization\",\"name\":\"Quotidien La Sentinelle\",\"url\":\"https:\\\/\\\/lasentinelle.dz\\\/\",\"logo\":{\"@type\":\"ImageObject\",\"inLanguage\":\"fr-FR\",\"@id\":\"https:\\\/\\\/lasentinelle.dz\\\/#\\\/schema\\\/logo\\\/image\\\/\",\"url\":\"https:\\\/\\\/lasentinelle.dz\\\/wp-content\\\/uploads\\\/2021\\\/09\\\/logo-sentinelleSLOGAN-1.png\",\"contentUrl\":\"https:\\\/\\\/lasentinelle.dz\\\/wp-content\\\/uploads\\\/2021\\\/09\\\/logo-sentinelleSLOGAN-1.png\",\"width\":615,\"height\":142,\"caption\":\"Quotidien La Sentinelle\"},\"image\":{\"@id\":\"https:\\\/\\\/lasentinelle.dz\\\/#\\\/schema\\\/logo\\\/image\\\/\"},\"sameAs\":[\"https:\\\/\\\/www.facebook.com\\\/La-Sentinelle-104059864394773\"]},{\"@type\":\"Person\",\"@id\":\"https:\\\/\\\/lasentinelle.dz\\\/#\\\/schema\\\/person\\\/729ee0024f24e0b8c5ec17232f8e8b41\",\"name\":\"admin\",\"image\":{\"@type\":\"ImageObject\",\"inLanguage\":\"fr-FR\",\"@id\":\"https:\\\/\\\/secure.gravatar.com\\\/avatar\\\/4c81fed838786e9b53f540bf46533e750f5d292099ae3b66cfc6fb1982e29df7?s=96&d=mm&r=g\",\"url\":\"https:\\\/\\\/secure.gravatar.com\\\/avatar\\\/4c81fed838786e9b53f540bf46533e750f5d292099ae3b66cfc6fb1982e29df7?s=96&d=mm&r=g\",\"contentUrl\":\"https:\\\/\\\/secure.gravatar.com\\\/avatar\\\/4c81fed838786e9b53f540bf46533e750f5d292099ae3b66cfc6fb1982e29df7?s=96&d=mm&r=g\",\"caption\":\"admin\"},\"description\":\"admin\",\"url\":\"https:\\\/\\\/lasentinelle.dz\\\/author\\\/admin\\\/\"}]}<\/script>\n<!-- \/ Yoast SEO plugin. -->","yoast_head_json":{"title":"Aouchiche pr\u00e9sente son programme au de la Radio alg\u00e9rienne: La refonte de la gouvernance en priorit\u00e9 - La Sentinelle","robots":{"index":"index","follow":"follow","max-snippet":"max-snippet:-1","max-image-preview":"max-image-preview:large","max-video-preview":"max-video-preview:-1"},"canonical":"https:\/\/lasentinelle.dz\/index.php\/2024\/09\/03\/aouchiche-presente-son-programme-au-de-la-radio-algerienne-la-refonte-de-la-gouvernance-en-priorite\/","og_locale":"fr_FR","og_type":"article","og_title":"Aouchiche pr\u00e9sente son programme au de la Radio alg\u00e9rienne: La refonte de la gouvernance en priorit\u00e9 - La Sentinelle","og_description":"Youcef Aouchiche, candidat du Front des Forces Socialistes (FFS) \u00e0 l&rsquo;\u00e9lection pr\u00e9sidentielle du 7 septembre, s&rsquo;est engag\u00e9 \u00e0 initier des","og_url":"https:\/\/lasentinelle.dz\/index.php\/2024\/09\/03\/aouchiche-presente-son-programme-au-de-la-radio-algerienne-la-refonte-de-la-gouvernance-en-priorite\/","og_site_name":"La Sentinelle","article_publisher":"https:\/\/www.facebook.com\/La-Sentinelle-104059864394773","article_published_time":"2024-09-03T13:11:40+00:00","article_modified_time":"2024-09-03T13:11:42+00:00","og_image":[{"width":720,"height":480,"url":"https:\/\/lasentinelle.dz\/wp-content\/uploads\/2024\/09\/aouchiche.jpg","type":"image\/jpeg"}],"author":"admin","twitter_card":"summary_large_image","twitter_misc":{"\u00c9crit par":"admin","Dur\u00e9e de lecture estim\u00e9e":"4 minutes"},"schema":{"@context":"https:\/\/schema.org","@graph":[{"@type":"Article","@id":"https:\/\/lasentinelle.dz\/index.php\/2024\/09\/03\/aouchiche-presente-son-programme-au-de-la-radio-algerienne-la-refonte-de-la-gouvernance-en-priorite\/#article","isPartOf":{"@id":"https:\/\/lasentinelle.dz\/index.php\/2024\/09\/03\/aouchiche-presente-son-programme-au-de-la-radio-algerienne-la-refonte-de-la-gouvernance-en-priorite\/"},"author":{"name":"admin","@id":"https:\/\/lasentinelle.dz\/#\/schema\/person\/729ee0024f24e0b8c5ec17232f8e8b41"},"headline":"Aouchiche pr\u00e9sente son programme au de la Radio alg\u00e9rienne: La refonte de la gouvernance en priorit\u00e9","datePublished":"2024-09-03T13:11:40+00:00","dateModified":"2024-09-03T13:11:42+00:00","mainEntityOfPage":{"@id":"https:\/\/lasentinelle.dz\/index.php\/2024\/09\/03\/aouchiche-presente-son-programme-au-de-la-radio-algerienne-la-refonte-de-la-gouvernance-en-priorite\/"},"wordCount":739,"commentCount":0,"publisher":{"@id":"https:\/\/lasentinelle.dz\/#organization"},"image":{"@id":"https:\/\/lasentinelle.dz\/index.php\/2024\/09\/03\/aouchiche-presente-son-programme-au-de-la-radio-algerienne-la-refonte-de-la-gouvernance-en-priorite\/#primaryimage"},"thumbnailUrl":"https:\/\/lasentinelle.dz\/wp-content\/uploads\/2024\/09\/aouchiche.jpg","articleSection":["Pr\u00e9sidentielle 2024"],"inLanguage":"fr-FR","potentialAction":[{"@type":"CommentAction","name":"Comment","target":["https:\/\/lasentinelle.dz\/index.php\/2024\/09\/03\/aouchiche-presente-son-programme-au-de-la-radio-algerienne-la-refonte-de-la-gouvernance-en-priorite\/#respond"]}]},{"@type":"WebPage","@id":"https:\/\/lasentinelle.dz\/index.php\/2024\/09\/03\/aouchiche-presente-son-programme-au-de-la-radio-algerienne-la-refonte-de-la-gouvernance-en-priorite\/","url":"https:\/\/lasentinelle.dz\/index.php\/2024\/09\/03\/aouchiche-presente-son-programme-au-de-la-radio-algerienne-la-refonte-de-la-gouvernance-en-priorite\/","name":"Aouchiche pr\u00e9sente son programme au de la Radio alg\u00e9rienne: La refonte de la gouvernance en priorit\u00e9 - La Sentinelle","isPartOf":{"@id":"https:\/\/lasentinelle.dz\/#website"},"primaryImageOfPage":{"@id":"https:\/\/lasentinelle.dz\/index.php\/2024\/09\/03\/aouchiche-presente-son-programme-au-de-la-radio-algerienne-la-refonte-de-la-gouvernance-en-priorite\/#primaryimage"},"image":{"@id":"https:\/\/lasentinelle.dz\/index.php\/2024\/09\/03\/aouchiche-presente-son-programme-au-de-la-radio-algerienne-la-refonte-de-la-gouvernance-en-priorite\/#primaryimage"},"thumbnailUrl":"https:\/\/lasentinelle.dz\/wp-content\/uploads\/2024\/09\/aouchiche.jpg","datePublished":"2024-09-03T13:11:40+00:00","dateModified":"2024-09-03T13:11:42+00:00","breadcrumb":{"@id":"https:\/\/lasentinelle.dz\/index.php\/2024\/09\/03\/aouchiche-presente-son-programme-au-de-la-radio-algerienne-la-refonte-de-la-gouvernance-en-priorite\/#breadcrumb"},"inLanguage":"fr-FR","potentialAction":[{"@type":"ReadAction","target":["https:\/\/lasentinelle.dz\/index.php\/2024\/09\/03\/aouchiche-presente-son-programme-au-de-la-radio-algerienne-la-refonte-de-la-gouvernance-en-priorite\/"]}]},{"@type":"ImageObject","inLanguage":"fr-FR","@id":"https:\/\/lasentinelle.dz\/index.php\/2024\/09\/03\/aouchiche-presente-son-programme-au-de-la-radio-algerienne-la-refonte-de-la-gouvernance-en-priorite\/#primaryimage","url":"https:\/\/lasentinelle.dz\/wp-content\/uploads\/2024\/09\/aouchiche.jpg","contentUrl":"https:\/\/lasentinelle.dz\/wp-content\/uploads\/2024\/09\/aouchiche.jpg","width":720,"height":480},{"@type":"BreadcrumbList","@id":"https:\/\/lasentinelle.dz\/index.php\/2024\/09\/03\/aouchiche-presente-son-programme-au-de-la-radio-algerienne-la-refonte-de-la-gouvernance-en-priorite\/#breadcrumb","itemListElement":[{"@type":"ListItem","position":1,"name":"Accueil","item":"https:\/\/lasentinelle.dz\/"},{"@type":"ListItem","position":2,"name":"Aouchiche pr\u00e9sente son programme au de la Radio alg\u00e9rienne: La refonte de la gouvernance en priorit\u00e9"}]},{"@type":"WebSite","@id":"https:\/\/lasentinelle.dz\/#website","url":"https:\/\/lasentinelle.dz\/","name":"La Sentinelle","description":"Quotidien national d&#039;information","publisher":{"@id":"https:\/\/lasentinelle.dz\/#organization"},"potentialAction":[{"@type":"SearchAction","target":{"@type":"EntryPoint","urlTemplate":"https:\/\/lasentinelle.dz\/?s={search_term_string}"},"query-input":{"@type":"PropertyValueSpecification","valueRequired":true,"valueName":"search_term_string"}}],"inLanguage":"fr-FR"},{"@type":"Organization","@id":"https:\/\/lasentinelle.dz\/#organization","name":"Quotidien La Sentinelle","url":"https:\/\/lasentinelle.dz\/","logo":{"@type":"ImageObject","inLanguage":"fr-FR","@id":"https:\/\/lasentinelle.dz\/#\/schema\/logo\/image\/","url":"https:\/\/lasentinelle.dz\/wp-content\/uploads\/2021\/09\/logo-sentinelleSLOGAN-1.png","contentUrl":"https:\/\/lasentinelle.dz\/wp-content\/uploads\/2021\/09\/logo-sentinelleSLOGAN-1.png","width":615,"height":142,"caption":"Quotidien La Sentinelle"},"image":{"@id":"https:\/\/lasentinelle.dz\/#\/schema\/logo\/image\/"},"sameAs":["https:\/\/www.facebook.com\/La-Sentinelle-104059864394773"]},{"@type":"Person","@id":"https:\/\/lasentinelle.dz\/#\/schema\/person\/729ee0024f24e0b8c5ec17232f8e8b41","name":"admin","image":{"@type":"ImageObject","inLanguage":"fr-FR","@id":"https:\/\/secure.gravatar.com\/avatar\/4c81fed838786e9b53f540bf46533e750f5d292099ae3b66cfc6fb1982e29df7?s=96&d=mm&r=g","url":"https:\/\/secure.gravatar.com\/avatar\/4c81fed838786e9b53f540bf46533e750f5d292099ae3b66cfc6fb1982e29df7?s=96&d=mm&r=g","contentUrl":"https:\/\/secure.gravatar.com\/avatar\/4c81fed838786e9b53f540bf46533e750f5d292099ae3b66cfc6fb1982e29df7?s=96&d=mm&r=g","caption":"admin"},"description":"admin","url":"https:\/\/lasentinelle.dz\/author\/admin\/"}]}},"_links":{"self":[{"href":"https:\/\/lasentinelle.dz\/index.php\/wp-json\/wp\/v2\/posts\/56509","targetHints":{"allow":["GET"]}}],"collection":[{"href":"https:\/\/lasentinelle.dz\/index.php\/wp-json\/wp\/v2\/posts"}],"about":[{"href":"https:\/\/lasentinelle.dz\/index.php\/wp-json\/wp\/v2\/types\/post"}],"author":[{"embeddable":true,"href":"https:\/\/lasentinelle.dz\/index.php\/wp-json\/wp\/v2\/users\/6"}],"replies":[{"embeddable":true,"href":"https:\/\/lasentinelle.dz\/index.php\/wp-json\/wp\/v2\/comments?post=56509"}],"version-history":[{"count":1,"href":"https:\/\/lasentinelle.dz\/index.php\/wp-json\/wp\/v2\/posts\/56509\/revisions"}],"predecessor-version":[{"id":56511,"href":"https:\/\/lasentinelle.dz\/index.php\/wp-json\/wp\/v2\/posts\/56509\/revisions\/56511"}],"wp:featuredmedia":[{"embeddable":true,"href":"https:\/\/lasentinelle.dz\/index.php\/wp-json\/wp\/v2\/media\/56510"}],"wp:attachment":[{"href":"https:\/\/lasentinelle.dz\/index.php\/wp-json\/wp\/v2\/media?parent=56509"}],"wp:term":[{"taxonomy":"category","embeddable":true,"href":"https:\/\/lasentinelle.dz\/index.php\/wp-json\/wp\/v2\/categories?post=56509"},{"taxonomy":"post_tag","embeddable":true,"href":"https:\/\/lasentinelle.dz\/index.php\/wp-json\/wp\/v2\/tags?post=56509"}],"curies":[{"name":"wp","href":"https:\/\/api.w.org\/{rel}","templated":true}]}}