{"id":56520,"date":"2024-09-04T13:55:35","date_gmt":"2024-09-04T12:55:35","guid":{"rendered":"https:\/\/lasentinelle.dz\/?p=56520"},"modified":"2024-09-04T13:55:38","modified_gmt":"2024-09-04T12:55:38","slug":"climat-un-record-de-chaleur-en-aout","status":"publish","type":"post","link":"https:\/\/lasentinelle.dz\/index.php\/2024\/09\/04\/climat-un-record-de-chaleur-en-aout\/","title":{"rendered":"Climat : Un record de chaleur en ao\u00fbt"},"content":{"rendered":"\n<p>Pour la deuxi\u00e8me ann\u00e9e cons\u00e9cutive, le mois d&rsquo;ao\u00fbt a enregistr\u00e9 des temp\u00e9ratures moyennes mondiales exceptionnellement \u00e9lev\u00e9es, selon les donn\u00e9es pr\u00e9liminaires de l&rsquo;observatoire europ\u00e9en Copernicus. Bien que le chiffre exact ne soit pas encore connu, il est d\u00e9j\u00e0 \u00e9tabli que la temp\u00e9rature moyenne mondiale d&rsquo;ao\u00fbt 2024 \u00e9galera le record de 16,82\u00b0C \u00e9tabli l&rsquo;ann\u00e9e derni\u00e8re. Cette tendance s&rsquo;inscrit dans une s\u00e9rie presque ininterrompue de 15 mois de chaleur historique, marqu\u00e9e par des canicules, des s\u00e9cheresses et des temp\u00eates intensifi\u00e9es par l&rsquo;\u00e9vaporation accrue des oc\u00e9ans. De nombreuses r\u00e9gions du monde ont connu leur mois d&rsquo;ao\u00fbt le plus chaud, notamment l&rsquo;Australie, le Japon, plusieurs provinces chinoises et m\u00eame l&rsquo;archipel norv\u00e9gien du Svalbard dans l&rsquo;Arctique.<\/p>\n\n\n\n<p>Entre juin 2023 et juin 2024, chaque mois a battu le record de temp\u00e9rature pour son \u00e9quivalent mensuel, selon Copernicus. Cette s\u00e9rie n&rsquo;a \u00e9t\u00e9 que l\u00e9g\u00e8rement interrompue en juillet 2024, avec une temp\u00e9rature moyenne de 16,91\u00b0C, \u00e0 peine inf\u00e9rieure au record absolu de juillet 2023. Cependant, l&rsquo;observatoire am\u00e9ricain NOAA consid\u00e8re que juillet 2024 a \u00e9tabli un nouveau record mensuel absolu mondial, prolongeant ainsi cette s\u00e9rie de temp\u00e9ratures exceptionnelles.<\/p>\n\n\n\n<p>Ces temp\u00e9ratures hors normes sont attribu\u00e9es au r\u00e9chauffement climatique d&rsquo;origine humaine, amplifi\u00e9 l&rsquo;ann\u00e9e derni\u00e8re par le ph\u00e9nom\u00e8ne cyclique El Ni\u00f1o. L&rsquo;ann\u00e9e 2023 a \u00e9t\u00e9 confirm\u00e9e comme la plus chaude jamais enregistr\u00e9e par les diff\u00e9rents instituts d&rsquo;observation du climat, dont les donn\u00e9es remontent au XIXe si\u00e8cle.Les scientifiques estiment que cette chaleur est sans pr\u00e9c\u00e9dent depuis au moins 120 000 ans, selon les reconstructions pal\u00e9oclimatiques bas\u00e9es notamment sur l&rsquo;analyse des carottes de glace et de s\u00e9diments.<\/p>\n\n\n\n<p>Cette persistance de temp\u00e9ratures record soul\u00e8ve des inqui\u00e9tudes quant \u00e0 l&rsquo;acc\u00e9l\u00e9ration du changement climatique et ses impacts sur les \u00e9cosyst\u00e8mes, l&rsquo;agriculture et les soci\u00e9t\u00e9s humaines. Les ph\u00e9nom\u00e8nes m\u00e9t\u00e9orologiques extr\u00eames, tels que les vagues de chaleur intenses, les s\u00e9cheresses prolong\u00e9es et les temp\u00eates violentes, risquent de devenir plus fr\u00e9quents et plus intenses.<\/p>\n\n\n\n<p>R.N.<\/p>\n","protected":false},"excerpt":{"rendered":"<p>Pour la deuxi\u00e8me ann\u00e9e cons\u00e9cutive, le mois d&rsquo;ao\u00fbt a enregistr\u00e9 des temp\u00e9ratures moyennes mondiales exceptionnellement \u00e9lev\u00e9es, selon les donn\u00e9es pr\u00e9liminaires<\/p>\n","protected":false},"author":6,"featured_media":42781,"comment_status":"open","ping_status":"closed","sticky":false,"template":"","format":"standard","meta":{"colormag_page_container_layout":"default_layout","colormag_page_sidebar_layout":"default_layout","om_disable_all_campaigns":false,"_monsterinsights_skip_tracking":false,"_monsterinsights_sitenote_active":false,"_monsterinsights_sitenote_note":"","_monsterinsights_sitenote_category":0,"footnotes":"","_wpscppro_dont_share_socialmedia":false,"_wpscppro_custom_social_share_image":0,"_facebook_share_type":"default","_twitter_share_type":"default","_linkedin_share_type":"default","_pinterest_share_type":"default","_linkedin_share_type_page":"","_instagram_share_type":"default","_medium_share_type":"","_threads_share_type":"","_google_business_share_type":"","_selected_social_profile":[],"_wpsp_enable_custom_social_template":false,"_wpsp_social_scheduling":{"enabled":false,"datetime":null,"platforms":[],"status":"template_only","dateOption":"today","timeOption":"now","customDays":"","customHours":"","customDate":"","customTime":"","schedulingType":"absolute"},"_wpsp_active_default_template":true},"categories":[52,27],"tags":[],"class_list":["post-56520","post","type-post","status-publish","format-standard","has-post-thumbnail","hentry","category-a-la-une","category-actualite"],"aioseo_notices":[],"yoast_head":"<!-- This site is optimized with the Yoast SEO plugin v27.5 - https:\/\/yoast.com\/product\/yoast-seo-wordpress\/ -->\n<title>Climat : Un record de chaleur en ao\u00fbt - La Sentinelle<\/title>\n<meta name=\"robots\" content=\"index, follow, max-snippet:-1, max-image-preview:large, max-video-preview:-1\" \/>\n<link rel=\"canonical\" href=\"https:\/\/lasentinelle.dz\/index.php\/2024\/09\/04\/climat-un-record-de-chaleur-en-aout\/\" \/>\n<meta property=\"og:locale\" content=\"fr_FR\" \/>\n<meta property=\"og:type\" content=\"article\" \/>\n<meta property=\"og:title\" content=\"Climat : Un record de chaleur en ao\u00fbt - La Sentinelle\" \/>\n<meta property=\"og:description\" content=\"Pour la deuxi\u00e8me ann\u00e9e cons\u00e9cutive, le mois d&rsquo;ao\u00fbt a enregistr\u00e9 des temp\u00e9ratures moyennes mondiales exceptionnellement \u00e9lev\u00e9es, selon les donn\u00e9es pr\u00e9liminaires\" \/>\n<meta property=\"og:url\" content=\"https:\/\/lasentinelle.dz\/index.php\/2024\/09\/04\/climat-un-record-de-chaleur-en-aout\/\" \/>\n<meta property=\"og:site_name\" content=\"La Sentinelle\" \/>\n<meta property=\"article:publisher\" content=\"https:\/\/www.facebook.com\/La-Sentinelle-104059864394773\" \/>\n<meta property=\"article:published_time\" content=\"2024-09-04T12:55:35+00:00\" \/>\n<meta property=\"article:modified_time\" content=\"2024-09-04T12:55:38+00:00\" \/>\n<meta property=\"og:image\" content=\"https:\/\/lasentinelle.dz\/wp-content\/uploads\/2023\/06\/canicule.webp\" \/>\n\t<meta property=\"og:image:width\" content=\"835\" \/>\n\t<meta property=\"og:image:height\" content=\"430\" \/>\n\t<meta property=\"og:image:type\" content=\"image\/webp\" \/>\n<meta name=\"author\" content=\"admin\" \/>\n<meta name=\"twitter:card\" content=\"summary_large_image\" \/>\n<meta name=\"twitter:label1\" content=\"\u00c9crit par\" \/>\n\t<meta name=\"twitter:data1\" content=\"admin\" \/>\n\t<meta name=\"twitter:label2\" content=\"Dur\u00e9e de lecture estim\u00e9e\" \/>\n\t<meta name=\"twitter:data2\" content=\"2 minutes\" \/>\n<script type=\"application\/ld+json\" class=\"yoast-schema-graph\">{\"@context\":\"https:\\\/\\\/schema.org\",\"@graph\":[{\"@type\":\"Article\",\"@id\":\"https:\\\/\\\/lasentinelle.dz\\\/index.php\\\/2024\\\/09\\\/04\\\/climat-un-record-de-chaleur-en-aout\\\/#article\",\"isPartOf\":{\"@id\":\"https:\\\/\\\/lasentinelle.dz\\\/index.php\\\/2024\\\/09\\\/04\\\/climat-un-record-de-chaleur-en-aout\\\/\"},\"author\":{\"name\":\"admin\",\"@id\":\"https:\\\/\\\/lasentinelle.dz\\\/#\\\/schema\\\/person\\\/729ee0024f24e0b8c5ec17232f8e8b41\"},\"headline\":\"Climat : Un record de chaleur en ao\u00fbt\",\"datePublished\":\"2024-09-04T12:55:35+00:00\",\"dateModified\":\"2024-09-04T12:55:38+00:00\",\"mainEntityOfPage\":{\"@id\":\"https:\\\/\\\/lasentinelle.dz\\\/index.php\\\/2024\\\/09\\\/04\\\/climat-un-record-de-chaleur-en-aout\\\/\"},\"wordCount\":391,\"commentCount\":0,\"publisher\":{\"@id\":\"https:\\\/\\\/lasentinelle.dz\\\/#organization\"},\"image\":{\"@id\":\"https:\\\/\\\/lasentinelle.dz\\\/index.php\\\/2024\\\/09\\\/04\\\/climat-un-record-de-chaleur-en-aout\\\/#primaryimage\"},\"thumbnailUrl\":\"https:\\\/\\\/lasentinelle.dz\\\/wp-content\\\/uploads\\\/2023\\\/06\\\/canicule.webp\",\"articleSection\":[\"\u00c0 la Une\",\"Actualit\u00e9\"],\"inLanguage\":\"fr-FR\",\"potentialAction\":[{\"@type\":\"CommentAction\",\"name\":\"Comment\",\"target\":[\"https:\\\/\\\/lasentinelle.dz\\\/index.php\\\/2024\\\/09\\\/04\\\/climat-un-record-de-chaleur-en-aout\\\/#respond\"]}]},{\"@type\":\"WebPage\",\"@id\":\"https:\\\/\\\/lasentinelle.dz\\\/index.php\\\/2024\\\/09\\\/04\\\/climat-un-record-de-chaleur-en-aout\\\/\",\"url\":\"https:\\\/\\\/lasentinelle.dz\\\/index.php\\\/2024\\\/09\\\/04\\\/climat-un-record-de-chaleur-en-aout\\\/\",\"name\":\"Climat : Un record de chaleur en ao\u00fbt - La Sentinelle\",\"isPartOf\":{\"@id\":\"https:\\\/\\\/lasentinelle.dz\\\/#website\"},\"primaryImageOfPage\":{\"@id\":\"https:\\\/\\\/lasentinelle.dz\\\/index.php\\\/2024\\\/09\\\/04\\\/climat-un-record-de-chaleur-en-aout\\\/#primaryimage\"},\"image\":{\"@id\":\"https:\\\/\\\/lasentinelle.dz\\\/index.php\\\/2024\\\/09\\\/04\\\/climat-un-record-de-chaleur-en-aout\\\/#primaryimage\"},\"thumbnailUrl\":\"https:\\\/\\\/lasentinelle.dz\\\/wp-content\\\/uploads\\\/2023\\\/06\\\/canicule.webp\",\"datePublished\":\"2024-09-04T12:55:35+00:00\",\"dateModified\":\"2024-09-04T12:55:38+00:00\",\"breadcrumb\":{\"@id\":\"https:\\\/\\\/lasentinelle.dz\\\/index.php\\\/2024\\\/09\\\/04\\\/climat-un-record-de-chaleur-en-aout\\\/#breadcrumb\"},\"inLanguage\":\"fr-FR\",\"potentialAction\":[{\"@type\":\"ReadAction\",\"target\":[\"https:\\\/\\\/lasentinelle.dz\\\/index.php\\\/2024\\\/09\\\/04\\\/climat-un-record-de-chaleur-en-aout\\\/\"]}]},{\"@type\":\"ImageObject\",\"inLanguage\":\"fr-FR\",\"@id\":\"https:\\\/\\\/lasentinelle.dz\\\/index.php\\\/2024\\\/09\\\/04\\\/climat-un-record-de-chaleur-en-aout\\\/#primaryimage\",\"url\":\"https:\\\/\\\/lasentinelle.dz\\\/wp-content\\\/uploads\\\/2023\\\/06\\\/canicule.webp\",\"contentUrl\":\"https:\\\/\\\/lasentinelle.dz\\\/wp-content\\\/uploads\\\/2023\\\/06\\\/canicule.webp\",\"width\":835,\"height\":430},{\"@type\":\"BreadcrumbList\",\"@id\":\"https:\\\/\\\/lasentinelle.dz\\\/index.php\\\/2024\\\/09\\\/04\\\/climat-un-record-de-chaleur-en-aout\\\/#breadcrumb\",\"itemListElement\":[{\"@type\":\"ListItem\",\"position\":1,\"name\":\"Accueil\",\"item\":\"https:\\\/\\\/lasentinelle.dz\\\/\"},{\"@type\":\"ListItem\",\"position\":2,\"name\":\"Climat : Un record de chaleur en ao\u00fbt\"}]},{\"@type\":\"WebSite\",\"@id\":\"https:\\\/\\\/lasentinelle.dz\\\/#website\",\"url\":\"https:\\\/\\\/lasentinelle.dz\\\/\",\"name\":\"La Sentinelle\",\"description\":\"Quotidien national d&#039;information\",\"publisher\":{\"@id\":\"https:\\\/\\\/lasentinelle.dz\\\/#organization\"},\"potentialAction\":[{\"@type\":\"SearchAction\",\"target\":{\"@type\":\"EntryPoint\",\"urlTemplate\":\"https:\\\/\\\/lasentinelle.dz\\\/?s={search_term_string}\"},\"query-input\":{\"@type\":\"PropertyValueSpecification\",\"valueRequired\":true,\"valueName\":\"search_term_string\"}}],\"inLanguage\":\"fr-FR\"},{\"@type\":\"Organization\",\"@id\":\"https:\\\/\\\/lasentinelle.dz\\\/#organization\",\"name\":\"Quotidien La Sentinelle\",\"url\":\"https:\\\/\\\/lasentinelle.dz\\\/\",\"logo\":{\"@type\":\"ImageObject\",\"inLanguage\":\"fr-FR\",\"@id\":\"https:\\\/\\\/lasentinelle.dz\\\/#\\\/schema\\\/logo\\\/image\\\/\",\"url\":\"https:\\\/\\\/lasentinelle.dz\\\/wp-content\\\/uploads\\\/2021\\\/09\\\/logo-sentinelleSLOGAN-1.png\",\"contentUrl\":\"https:\\\/\\\/lasentinelle.dz\\\/wp-content\\\/uploads\\\/2021\\\/09\\\/logo-sentinelleSLOGAN-1.png\",\"width\":615,\"height\":142,\"caption\":\"Quotidien La Sentinelle\"},\"image\":{\"@id\":\"https:\\\/\\\/lasentinelle.dz\\\/#\\\/schema\\\/logo\\\/image\\\/\"},\"sameAs\":[\"https:\\\/\\\/www.facebook.com\\\/La-Sentinelle-104059864394773\"]},{\"@type\":\"Person\",\"@id\":\"https:\\\/\\\/lasentinelle.dz\\\/#\\\/schema\\\/person\\\/729ee0024f24e0b8c5ec17232f8e8b41\",\"name\":\"admin\",\"image\":{\"@type\":\"ImageObject\",\"inLanguage\":\"fr-FR\",\"@id\":\"https:\\\/\\\/secure.gravatar.com\\\/avatar\\\/4c81fed838786e9b53f540bf46533e750f5d292099ae3b66cfc6fb1982e29df7?s=96&d=mm&r=g\",\"url\":\"https:\\\/\\\/secure.gravatar.com\\\/avatar\\\/4c81fed838786e9b53f540bf46533e750f5d292099ae3b66cfc6fb1982e29df7?s=96&d=mm&r=g\",\"contentUrl\":\"https:\\\/\\\/secure.gravatar.com\\\/avatar\\\/4c81fed838786e9b53f540bf46533e750f5d292099ae3b66cfc6fb1982e29df7?s=96&d=mm&r=g\",\"caption\":\"admin\"},\"description\":\"admin\",\"url\":\"https:\\\/\\\/lasentinelle.dz\\\/author\\\/admin\\\/\"}]}<\/script>\n<!-- \/ Yoast SEO plugin. -->","yoast_head_json":{"title":"Climat : Un record de chaleur en ao\u00fbt - La Sentinelle","robots":{"index":"index","follow":"follow","max-snippet":"max-snippet:-1","max-image-preview":"max-image-preview:large","max-video-preview":"max-video-preview:-1"},"canonical":"https:\/\/lasentinelle.dz\/index.php\/2024\/09\/04\/climat-un-record-de-chaleur-en-aout\/","og_locale":"fr_FR","og_type":"article","og_title":"Climat : Un record de chaleur en ao\u00fbt - La Sentinelle","og_description":"Pour la deuxi\u00e8me ann\u00e9e cons\u00e9cutive, le mois d&rsquo;ao\u00fbt a enregistr\u00e9 des temp\u00e9ratures moyennes mondiales exceptionnellement \u00e9lev\u00e9es, selon les donn\u00e9es pr\u00e9liminaires","og_url":"https:\/\/lasentinelle.dz\/index.php\/2024\/09\/04\/climat-un-record-de-chaleur-en-aout\/","og_site_name":"La Sentinelle","article_publisher":"https:\/\/www.facebook.com\/La-Sentinelle-104059864394773","article_published_time":"2024-09-04T12:55:35+00:00","article_modified_time":"2024-09-04T12:55:38+00:00","og_image":[{"width":835,"height":430,"url":"https:\/\/lasentinelle.dz\/wp-content\/uploads\/2023\/06\/canicule.webp","type":"image\/webp"}],"author":"admin","twitter_card":"summary_large_image","twitter_misc":{"\u00c9crit par":"admin","Dur\u00e9e de lecture estim\u00e9e":"2 minutes"},"schema":{"@context":"https:\/\/schema.org","@graph":[{"@type":"Article","@id":"https:\/\/lasentinelle.dz\/index.php\/2024\/09\/04\/climat-un-record-de-chaleur-en-aout\/#article","isPartOf":{"@id":"https:\/\/lasentinelle.dz\/index.php\/2024\/09\/04\/climat-un-record-de-chaleur-en-aout\/"},"author":{"name":"admin","@id":"https:\/\/lasentinelle.dz\/#\/schema\/person\/729ee0024f24e0b8c5ec17232f8e8b41"},"headline":"Climat : Un record de chaleur en ao\u00fbt","datePublished":"2024-09-04T12:55:35+00:00","dateModified":"2024-09-04T12:55:38+00:00","mainEntityOfPage":{"@id":"https:\/\/lasentinelle.dz\/index.php\/2024\/09\/04\/climat-un-record-de-chaleur-en-aout\/"},"wordCount":391,"commentCount":0,"publisher":{"@id":"https:\/\/lasentinelle.dz\/#organization"},"image":{"@id":"https:\/\/lasentinelle.dz\/index.php\/2024\/09\/04\/climat-un-record-de-chaleur-en-aout\/#primaryimage"},"thumbnailUrl":"https:\/\/lasentinelle.dz\/wp-content\/uploads\/2023\/06\/canicule.webp","articleSection":["\u00c0 la Une","Actualit\u00e9"],"inLanguage":"fr-FR","potentialAction":[{"@type":"CommentAction","name":"Comment","target":["https:\/\/lasentinelle.dz\/index.php\/2024\/09\/04\/climat-un-record-de-chaleur-en-aout\/#respond"]}]},{"@type":"WebPage","@id":"https:\/\/lasentinelle.dz\/index.php\/2024\/09\/04\/climat-un-record-de-chaleur-en-aout\/","url":"https:\/\/lasentinelle.dz\/index.php\/2024\/09\/04\/climat-un-record-de-chaleur-en-aout\/","name":"Climat : Un record de chaleur en ao\u00fbt - La Sentinelle","isPartOf":{"@id":"https:\/\/lasentinelle.dz\/#website"},"primaryImageOfPage":{"@id":"https:\/\/lasentinelle.dz\/index.php\/2024\/09\/04\/climat-un-record-de-chaleur-en-aout\/#primaryimage"},"image":{"@id":"https:\/\/lasentinelle.dz\/index.php\/2024\/09\/04\/climat-un-record-de-chaleur-en-aout\/#primaryimage"},"thumbnailUrl":"https:\/\/lasentinelle.dz\/wp-content\/uploads\/2023\/06\/canicule.webp","datePublished":"2024-09-04T12:55:35+00:00","dateModified":"2024-09-04T12:55:38+00:00","breadcrumb":{"@id":"https:\/\/lasentinelle.dz\/index.php\/2024\/09\/04\/climat-un-record-de-chaleur-en-aout\/#breadcrumb"},"inLanguage":"fr-FR","potentialAction":[{"@type":"ReadAction","target":["https:\/\/lasentinelle.dz\/index.php\/2024\/09\/04\/climat-un-record-de-chaleur-en-aout\/"]}]},{"@type":"ImageObject","inLanguage":"fr-FR","@id":"https:\/\/lasentinelle.dz\/index.php\/2024\/09\/04\/climat-un-record-de-chaleur-en-aout\/#primaryimage","url":"https:\/\/lasentinelle.dz\/wp-content\/uploads\/2023\/06\/canicule.webp","contentUrl":"https:\/\/lasentinelle.dz\/wp-content\/uploads\/2023\/06\/canicule.webp","width":835,"height":430},{"@type":"BreadcrumbList","@id":"https:\/\/lasentinelle.dz\/index.php\/2024\/09\/04\/climat-un-record-de-chaleur-en-aout\/#breadcrumb","itemListElement":[{"@type":"ListItem","position":1,"name":"Accueil","item":"https:\/\/lasentinelle.dz\/"},{"@type":"ListItem","position":2,"name":"Climat : Un record de chaleur en ao\u00fbt"}]},{"@type":"WebSite","@id":"https:\/\/lasentinelle.dz\/#website","url":"https:\/\/lasentinelle.dz\/","name":"La Sentinelle","description":"Quotidien national d&#039;information","publisher":{"@id":"https:\/\/lasentinelle.dz\/#organization"},"potentialAction":[{"@type":"SearchAction","target":{"@type":"EntryPoint","urlTemplate":"https:\/\/lasentinelle.dz\/?s={search_term_string}"},"query-input":{"@type":"PropertyValueSpecification","valueRequired":true,"valueName":"search_term_string"}}],"inLanguage":"fr-FR"},{"@type":"Organization","@id":"https:\/\/lasentinelle.dz\/#organization","name":"Quotidien La Sentinelle","url":"https:\/\/lasentinelle.dz\/","logo":{"@type":"ImageObject","inLanguage":"fr-FR","@id":"https:\/\/lasentinelle.dz\/#\/schema\/logo\/image\/","url":"https:\/\/lasentinelle.dz\/wp-content\/uploads\/2021\/09\/logo-sentinelleSLOGAN-1.png","contentUrl":"https:\/\/lasentinelle.dz\/wp-content\/uploads\/2021\/09\/logo-sentinelleSLOGAN-1.png","width":615,"height":142,"caption":"Quotidien La Sentinelle"},"image":{"@id":"https:\/\/lasentinelle.dz\/#\/schema\/logo\/image\/"},"sameAs":["https:\/\/www.facebook.com\/La-Sentinelle-104059864394773"]},{"@type":"Person","@id":"https:\/\/lasentinelle.dz\/#\/schema\/person\/729ee0024f24e0b8c5ec17232f8e8b41","name":"admin","image":{"@type":"ImageObject","inLanguage":"fr-FR","@id":"https:\/\/secure.gravatar.com\/avatar\/4c81fed838786e9b53f540bf46533e750f5d292099ae3b66cfc6fb1982e29df7?s=96&d=mm&r=g","url":"https:\/\/secure.gravatar.com\/avatar\/4c81fed838786e9b53f540bf46533e750f5d292099ae3b66cfc6fb1982e29df7?s=96&d=mm&r=g","contentUrl":"https:\/\/secure.gravatar.com\/avatar\/4c81fed838786e9b53f540bf46533e750f5d292099ae3b66cfc6fb1982e29df7?s=96&d=mm&r=g","caption":"admin"},"description":"admin","url":"https:\/\/lasentinelle.dz\/author\/admin\/"}]}},"_links":{"self":[{"href":"https:\/\/lasentinelle.dz\/index.php\/wp-json\/wp\/v2\/posts\/56520","targetHints":{"allow":["GET"]}}],"collection":[{"href":"https:\/\/lasentinelle.dz\/index.php\/wp-json\/wp\/v2\/posts"}],"about":[{"href":"https:\/\/lasentinelle.dz\/index.php\/wp-json\/wp\/v2\/types\/post"}],"author":[{"embeddable":true,"href":"https:\/\/lasentinelle.dz\/index.php\/wp-json\/wp\/v2\/users\/6"}],"replies":[{"embeddable":true,"href":"https:\/\/lasentinelle.dz\/index.php\/wp-json\/wp\/v2\/comments?post=56520"}],"version-history":[{"count":1,"href":"https:\/\/lasentinelle.dz\/index.php\/wp-json\/wp\/v2\/posts\/56520\/revisions"}],"predecessor-version":[{"id":56521,"href":"https:\/\/lasentinelle.dz\/index.php\/wp-json\/wp\/v2\/posts\/56520\/revisions\/56521"}],"wp:featuredmedia":[{"embeddable":true,"href":"https:\/\/lasentinelle.dz\/index.php\/wp-json\/wp\/v2\/media\/42781"}],"wp:attachment":[{"href":"https:\/\/lasentinelle.dz\/index.php\/wp-json\/wp\/v2\/media?parent=56520"}],"wp:term":[{"taxonomy":"category","embeddable":true,"href":"https:\/\/lasentinelle.dz\/index.php\/wp-json\/wp\/v2\/categories?post=56520"},{"taxonomy":"post_tag","embeddable":true,"href":"https:\/\/lasentinelle.dz\/index.php\/wp-json\/wp\/v2\/tags?post=56520"}],"curies":[{"name":"wp","href":"https:\/\/api.w.org\/{rel}","templated":true}]}}