{"id":56528,"date":"2024-09-04T13:58:27","date_gmt":"2024-09-04T12:58:27","guid":{"rendered":"https:\/\/lasentinelle.dz\/?p=56528"},"modified":"2024-09-04T13:58:28","modified_gmt":"2024-09-04T12:58:28","slug":"la-protection-du-patrimoine-culturel-une-priorite-nationale","status":"publish","type":"post","link":"https:\/\/lasentinelle.dz\/index.php\/2024\/09\/04\/la-protection-du-patrimoine-culturel-une-priorite-nationale\/","title":{"rendered":"La protection du patrimoine culturel : Une priorit\u00e9 nationale"},"content":{"rendered":"\n<p>Dans un effort continu pour pr\u00e9server son riche h\u00e9ritage historique et culturel, l&rsquo;Alg\u00e9rie renforce ses mesures de protection des biens culturels. Une r\u00e9cente op\u00e9ration men\u00e9e par les forces de s\u00e9curit\u00e9 \u00e0 Batna illustre l&rsquo;engagement des autorit\u00e9s dans cette lutte contre le trafic illicite d&rsquo;objets arch\u00e9ologiques.<\/p>\n\n\n\n<p>Les \u00e9l\u00e9ments de la S\u00fbret\u00e9 de da\u00efra de N&rsquo;gaous, dans la wilaya de Batna, ont effectu\u00e9 lundi une saisie importante d&rsquo;objets arch\u00e9ologiques et de pi\u00e8ces de monnaie anciennes. Cette op\u00e9ration, fruit d&rsquo;une enqu\u00eate minutieuse, a permis de r\u00e9cup\u00e9rer un v\u00e9ritable tr\u00e9sor patrimonial. Il s&rsquo;agit plus exactement de 12 pi\u00e8ces de monnaie de la p\u00e9riode islamique, 15 grandes pi\u00e8ces de monnaie de l&rsquo;antique p\u00e9riode romaine, un poignard en cuivre avec sa gaine, appartenant au patrimoine culturel local, un masque en bois, et de deux statues, l&rsquo;une repr\u00e9sentant une femme pharaonique, l&rsquo;autre un \u00e9l\u00e9phant entre deux lions. La saisie compte aussi des appareils de d\u00e9tection de m\u00e9taux et deux flacons contenant des solutions d&rsquo;analyse de m\u00e9taux pr\u00e9cieux.<\/p>\n\n\n\n<p>Cette saisie t\u00e9moigne de la diversit\u00e9 et de la richesse du patrimoine alg\u00e9rien, couvrant plusieurs p\u00e9riodes historiques importantes. Elle met \u00e9galement en lumi\u00e8re les m\u00e9thodes sophistiqu\u00e9es utilis\u00e9es par les trafiquants, comme l&rsquo;utilisation de d\u00e9tecteurs de m\u00e9taux et de produits chimiques pour l&rsquo;analyse des objets.<\/p>\n\n\n\n<p>La r\u00e9cup\u00e9ration de ces objets s&rsquo;inscrit dans une strat\u00e9gie plus large de protection du patrimoine culturel alg\u00e9rien. Soraya Mouloudji, ministre de la Culture et des Arts, a soulign\u00e9 au mois de mai dernier l&rsquo;importance de cette mission. \u00ab\u00a0Notre patrimoine culturel est une partie int\u00e9grante de notre identit\u00e9 et de notre histoire. La responsabilit\u00e9 de sa protection est un devoir national par excellence et un grand d\u00e9fi pour l&rsquo;\u00c9tat alg\u00e9rien\u00a0\u00bb, a indiqu\u00e9 la ministre \u00e0 l&rsquo;ouverture d&rsquo;un atelier de formation d\u00e9di\u00e9 \u00e0 la lutte contre le trafic de biens culturels.<\/p>\n\n\n\n<p>Cette volont\u00e9 politique se traduit par des actions concr\u00e8tes. En effet, au mois de mai dernier, cette session de formation sur la protection du patrimoine culturel national a \u00e9t\u00e9 organis\u00e9e \u00e0 Alger. Cette initiative, fruit d&rsquo;une collaboration entre le minist\u00e8re de la Culture et des Arts et le secteur de la Justice, visait \u00e0 renforcer les comp\u00e9tences des cadres du corps judiciaire dans ce domaine. La ministre a insist\u00e9 alors sur l&rsquo;importance de la collaboration entre les autorit\u00e9s judiciaires, les institutions culturelles et la soci\u00e9t\u00e9 civile pour relever les d\u00e9fis li\u00e9s \u00e0 la protection du patrimoine. Il faut dire que cette d\u00e9marche a abouti \u00e0 des fruits tangibles\/ Au cours des quatre derni\u00e8res ann\u00e9es, les services du minist\u00e8re, en coordination avec les partenaires s\u00e9curitaires, ont suivi 123 dossiers, enregistr\u00e9 96 affaires devant la Justice, et r\u00e9cup\u00e9r\u00e9 31 507 biens culturels mobiliers. Rien que pour le premier trimestre de 2024, 8 affaires ont conduit \u00e0 la restitution de 1 262 biens culturels.<\/p>\n\n\n\n<p>La protection du patrimoine culturel en Alg\u00e9rie va au-del\u00e0 de la simple pr\u00e9servation d&rsquo;objets anciens. Comme l&rsquo;a soulign\u00e9 Mouloudji, ces biens sont \u00ab\u00a0le titre de notre identit\u00e9, de notre authenticit\u00e9, de notre m\u00e9moire et de notre civilisation\u00a0\u00bb. Cette vision s&rsquo;aligne sur les instructions du pr\u00e9sident de la R\u00e9publique, Abdelmadjid Tebboune, qui vise \u00e0 renforcer la protection, la r\u00e9cup\u00e9ration, la pr\u00e9servation et la valorisation des biens culturels.<\/p>\n\n\n\n<p>Malgr\u00e9 ces efforts, le trafic illicite de biens culturels reste un d\u00e9fi majeur. Les m\u00e9thodes utilis\u00e9es par les trafiquants \u00e9voluent constamment, n\u00e9cessitant une adaptation continue des strat\u00e9gies de protection. La saisie \u00e0 Batna montre que m\u00eame dans des r\u00e9gions \u00e9loign\u00e9es des grands centres urbains, le patrimoine culturel reste vuln\u00e9rable. Le minist\u00e8re de la Culture et des Arts pr\u00e9voit ainsi d&rsquo;organiser davantage de sessions sp\u00e9cialis\u00e9es et de formations techniques intensives, notamment pour les \u00e9quipes de lutte contre les atteintes au patrimoine culturel. Aussi, des campagnes d&rsquo;information visant \u00e0 sensibiliser le grand public \u00e0 l&rsquo;importance du patrimoine culturel et aux cons\u00e9quences du trafic illicite sont en cours de planification. Enfin, L&rsquo;Alg\u00e9rie cherche \u00e0 renforcer sa collaboration avec d&rsquo;autres pays et organisations internationales pour lutter contre le trafic transfrontalier de biens culturels.<\/p>\n\n\n\n<p>La protection du patrimoine culturel en Alg\u00e9rie est plus qu&rsquo;une simple mission de pr\u00e9servation ; c&rsquo;est un engagement envers l&rsquo;histoire, l&rsquo;identit\u00e9 et l&rsquo;avenir du pays. Chaque objet r\u00e9cup\u00e9r\u00e9, comme ceux saisis \u00e0 Batna, repr\u00e9sente un fragment pr\u00e9cieux de la m\u00e9moire collective alg\u00e9rienne. En continuant \u00e0 investir dans cette protection, l&rsquo;Alg\u00e9rie ne pr\u00e9serve pas seulement son pass\u00e9, mais construit aussi les fondations culturelles de son futur.<\/p>\n\n\n\n<p>Mohamed Seghir<\/p>\n","protected":false},"excerpt":{"rendered":"<p>Dans un effort continu pour pr\u00e9server son riche h\u00e9ritage historique et culturel, l&rsquo;Alg\u00e9rie renforce ses mesures de protection des biens<\/p>\n","protected":false},"author":6,"featured_media":56529,"comment_status":"open","ping_status":"closed","sticky":false,"template":"","format":"standard","meta":{"colormag_page_container_layout":"default_layout","colormag_page_sidebar_layout":"default_layout","om_disable_all_campaigns":false,"_monsterinsights_skip_tracking":false,"_monsterinsights_sitenote_active":false,"_monsterinsights_sitenote_note":"","_monsterinsights_sitenote_category":0,"footnotes":"","_wpscppro_dont_share_socialmedia":false,"_wpscppro_custom_social_share_image":0,"_facebook_share_type":"default","_twitter_share_type":"default","_linkedin_share_type":"default","_pinterest_share_type":"default","_linkedin_share_type_page":"","_instagram_share_type":"default","_medium_share_type":"","_threads_share_type":"","_google_business_share_type":"","_selected_social_profile":[],"_wpsp_enable_custom_social_template":false,"_wpsp_social_scheduling":{"enabled":false,"datetime":null,"platforms":[],"status":"template_only","dateOption":"today","timeOption":"now","customDays":"","customHours":"","customDate":"","customTime":"","schedulingType":"absolute"},"_wpsp_active_default_template":true},"categories":[36],"tags":[],"class_list":["post-56528","post","type-post","status-publish","format-standard","has-post-thumbnail","hentry","category-culture"],"aioseo_notices":[],"yoast_head":"<!-- This site is optimized with the Yoast SEO plugin v27.5 - https:\/\/yoast.com\/product\/yoast-seo-wordpress\/ -->\n<title>La protection du patrimoine culturel : Une priorit\u00e9 nationale - La Sentinelle<\/title>\n<meta name=\"robots\" content=\"index, follow, max-snippet:-1, max-image-preview:large, max-video-preview:-1\" \/>\n<link rel=\"canonical\" href=\"https:\/\/lasentinelle.dz\/index.php\/2024\/09\/04\/la-protection-du-patrimoine-culturel-une-priorite-nationale\/\" \/>\n<meta property=\"og:locale\" content=\"fr_FR\" \/>\n<meta property=\"og:type\" content=\"article\" \/>\n<meta property=\"og:title\" content=\"La protection du patrimoine culturel : Une priorit\u00e9 nationale - La Sentinelle\" \/>\n<meta property=\"og:description\" content=\"Dans un effort continu pour pr\u00e9server son riche h\u00e9ritage historique et culturel, l&rsquo;Alg\u00e9rie renforce ses mesures de protection des biens\" \/>\n<meta property=\"og:url\" content=\"https:\/\/lasentinelle.dz\/index.php\/2024\/09\/04\/la-protection-du-patrimoine-culturel-une-priorite-nationale\/\" \/>\n<meta property=\"og:site_name\" content=\"La Sentinelle\" \/>\n<meta property=\"article:publisher\" content=\"https:\/\/www.facebook.com\/La-Sentinelle-104059864394773\" \/>\n<meta property=\"article:published_time\" content=\"2024-09-04T12:58:27+00:00\" \/>\n<meta property=\"article:modified_time\" content=\"2024-09-04T12:58:28+00:00\" \/>\n<meta property=\"og:image\" content=\"https:\/\/lasentinelle.dz\/wp-content\/uploads\/2024\/09\/saisie.jpg\" \/>\n\t<meta property=\"og:image:width\" content=\"922\" \/>\n\t<meta property=\"og:image:height\" content=\"615\" \/>\n\t<meta property=\"og:image:type\" content=\"image\/jpeg\" \/>\n<meta name=\"author\" content=\"admin\" \/>\n<meta name=\"twitter:card\" content=\"summary_large_image\" \/>\n<meta name=\"twitter:label1\" content=\"\u00c9crit par\" \/>\n\t<meta name=\"twitter:data1\" content=\"admin\" \/>\n\t<meta name=\"twitter:label2\" content=\"Dur\u00e9e de lecture estim\u00e9e\" \/>\n\t<meta name=\"twitter:data2\" content=\"4 minutes\" \/>\n<script type=\"application\/ld+json\" class=\"yoast-schema-graph\">{\"@context\":\"https:\\\/\\\/schema.org\",\"@graph\":[{\"@type\":\"Article\",\"@id\":\"https:\\\/\\\/lasentinelle.dz\\\/index.php\\\/2024\\\/09\\\/04\\\/la-protection-du-patrimoine-culturel-une-priorite-nationale\\\/#article\",\"isPartOf\":{\"@id\":\"https:\\\/\\\/lasentinelle.dz\\\/index.php\\\/2024\\\/09\\\/04\\\/la-protection-du-patrimoine-culturel-une-priorite-nationale\\\/\"},\"author\":{\"name\":\"admin\",\"@id\":\"https:\\\/\\\/lasentinelle.dz\\\/#\\\/schema\\\/person\\\/729ee0024f24e0b8c5ec17232f8e8b41\"},\"headline\":\"La protection du patrimoine culturel : Une priorit\u00e9 nationale\",\"datePublished\":\"2024-09-04T12:58:27+00:00\",\"dateModified\":\"2024-09-04T12:58:28+00:00\",\"mainEntityOfPage\":{\"@id\":\"https:\\\/\\\/lasentinelle.dz\\\/index.php\\\/2024\\\/09\\\/04\\\/la-protection-du-patrimoine-culturel-une-priorite-nationale\\\/\"},\"wordCount\":827,\"commentCount\":0,\"publisher\":{\"@id\":\"https:\\\/\\\/lasentinelle.dz\\\/#organization\"},\"image\":{\"@id\":\"https:\\\/\\\/lasentinelle.dz\\\/index.php\\\/2024\\\/09\\\/04\\\/la-protection-du-patrimoine-culturel-une-priorite-nationale\\\/#primaryimage\"},\"thumbnailUrl\":\"https:\\\/\\\/lasentinelle.dz\\\/wp-content\\\/uploads\\\/2024\\\/09\\\/saisie.jpg\",\"articleSection\":[\"Culture\"],\"inLanguage\":\"fr-FR\",\"potentialAction\":[{\"@type\":\"CommentAction\",\"name\":\"Comment\",\"target\":[\"https:\\\/\\\/lasentinelle.dz\\\/index.php\\\/2024\\\/09\\\/04\\\/la-protection-du-patrimoine-culturel-une-priorite-nationale\\\/#respond\"]}]},{\"@type\":\"WebPage\",\"@id\":\"https:\\\/\\\/lasentinelle.dz\\\/index.php\\\/2024\\\/09\\\/04\\\/la-protection-du-patrimoine-culturel-une-priorite-nationale\\\/\",\"url\":\"https:\\\/\\\/lasentinelle.dz\\\/index.php\\\/2024\\\/09\\\/04\\\/la-protection-du-patrimoine-culturel-une-priorite-nationale\\\/\",\"name\":\"La protection du patrimoine culturel : Une priorit\u00e9 nationale - La Sentinelle\",\"isPartOf\":{\"@id\":\"https:\\\/\\\/lasentinelle.dz\\\/#website\"},\"primaryImageOfPage\":{\"@id\":\"https:\\\/\\\/lasentinelle.dz\\\/index.php\\\/2024\\\/09\\\/04\\\/la-protection-du-patrimoine-culturel-une-priorite-nationale\\\/#primaryimage\"},\"image\":{\"@id\":\"https:\\\/\\\/lasentinelle.dz\\\/index.php\\\/2024\\\/09\\\/04\\\/la-protection-du-patrimoine-culturel-une-priorite-nationale\\\/#primaryimage\"},\"thumbnailUrl\":\"https:\\\/\\\/lasentinelle.dz\\\/wp-content\\\/uploads\\\/2024\\\/09\\\/saisie.jpg\",\"datePublished\":\"2024-09-04T12:58:27+00:00\",\"dateModified\":\"2024-09-04T12:58:28+00:00\",\"breadcrumb\":{\"@id\":\"https:\\\/\\\/lasentinelle.dz\\\/index.php\\\/2024\\\/09\\\/04\\\/la-protection-du-patrimoine-culturel-une-priorite-nationale\\\/#breadcrumb\"},\"inLanguage\":\"fr-FR\",\"potentialAction\":[{\"@type\":\"ReadAction\",\"target\":[\"https:\\\/\\\/lasentinelle.dz\\\/index.php\\\/2024\\\/09\\\/04\\\/la-protection-du-patrimoine-culturel-une-priorite-nationale\\\/\"]}]},{\"@type\":\"ImageObject\",\"inLanguage\":\"fr-FR\",\"@id\":\"https:\\\/\\\/lasentinelle.dz\\\/index.php\\\/2024\\\/09\\\/04\\\/la-protection-du-patrimoine-culturel-une-priorite-nationale\\\/#primaryimage\",\"url\":\"https:\\\/\\\/lasentinelle.dz\\\/wp-content\\\/uploads\\\/2024\\\/09\\\/saisie.jpg\",\"contentUrl\":\"https:\\\/\\\/lasentinelle.dz\\\/wp-content\\\/uploads\\\/2024\\\/09\\\/saisie.jpg\",\"width\":922,\"height\":615},{\"@type\":\"BreadcrumbList\",\"@id\":\"https:\\\/\\\/lasentinelle.dz\\\/index.php\\\/2024\\\/09\\\/04\\\/la-protection-du-patrimoine-culturel-une-priorite-nationale\\\/#breadcrumb\",\"itemListElement\":[{\"@type\":\"ListItem\",\"position\":1,\"name\":\"Accueil\",\"item\":\"https:\\\/\\\/lasentinelle.dz\\\/\"},{\"@type\":\"ListItem\",\"position\":2,\"name\":\"La protection du patrimoine culturel : Une priorit\u00e9 nationale\"}]},{\"@type\":\"WebSite\",\"@id\":\"https:\\\/\\\/lasentinelle.dz\\\/#website\",\"url\":\"https:\\\/\\\/lasentinelle.dz\\\/\",\"name\":\"La Sentinelle\",\"description\":\"Quotidien national d&#039;information\",\"publisher\":{\"@id\":\"https:\\\/\\\/lasentinelle.dz\\\/#organization\"},\"potentialAction\":[{\"@type\":\"SearchAction\",\"target\":{\"@type\":\"EntryPoint\",\"urlTemplate\":\"https:\\\/\\\/lasentinelle.dz\\\/?s={search_term_string}\"},\"query-input\":{\"@type\":\"PropertyValueSpecification\",\"valueRequired\":true,\"valueName\":\"search_term_string\"}}],\"inLanguage\":\"fr-FR\"},{\"@type\":\"Organization\",\"@id\":\"https:\\\/\\\/lasentinelle.dz\\\/#organization\",\"name\":\"Quotidien La Sentinelle\",\"url\":\"https:\\\/\\\/lasentinelle.dz\\\/\",\"logo\":{\"@type\":\"ImageObject\",\"inLanguage\":\"fr-FR\",\"@id\":\"https:\\\/\\\/lasentinelle.dz\\\/#\\\/schema\\\/logo\\\/image\\\/\",\"url\":\"https:\\\/\\\/lasentinelle.dz\\\/wp-content\\\/uploads\\\/2021\\\/09\\\/logo-sentinelleSLOGAN-1.png\",\"contentUrl\":\"https:\\\/\\\/lasentinelle.dz\\\/wp-content\\\/uploads\\\/2021\\\/09\\\/logo-sentinelleSLOGAN-1.png\",\"width\":615,\"height\":142,\"caption\":\"Quotidien La Sentinelle\"},\"image\":{\"@id\":\"https:\\\/\\\/lasentinelle.dz\\\/#\\\/schema\\\/logo\\\/image\\\/\"},\"sameAs\":[\"https:\\\/\\\/www.facebook.com\\\/La-Sentinelle-104059864394773\"]},{\"@type\":\"Person\",\"@id\":\"https:\\\/\\\/lasentinelle.dz\\\/#\\\/schema\\\/person\\\/729ee0024f24e0b8c5ec17232f8e8b41\",\"name\":\"admin\",\"image\":{\"@type\":\"ImageObject\",\"inLanguage\":\"fr-FR\",\"@id\":\"https:\\\/\\\/secure.gravatar.com\\\/avatar\\\/4c81fed838786e9b53f540bf46533e750f5d292099ae3b66cfc6fb1982e29df7?s=96&d=mm&r=g\",\"url\":\"https:\\\/\\\/secure.gravatar.com\\\/avatar\\\/4c81fed838786e9b53f540bf46533e750f5d292099ae3b66cfc6fb1982e29df7?s=96&d=mm&r=g\",\"contentUrl\":\"https:\\\/\\\/secure.gravatar.com\\\/avatar\\\/4c81fed838786e9b53f540bf46533e750f5d292099ae3b66cfc6fb1982e29df7?s=96&d=mm&r=g\",\"caption\":\"admin\"},\"description\":\"admin\",\"url\":\"https:\\\/\\\/lasentinelle.dz\\\/author\\\/admin\\\/\"}]}<\/script>\n<!-- \/ Yoast SEO plugin. -->","yoast_head_json":{"title":"La protection du patrimoine culturel : Une priorit\u00e9 nationale - La Sentinelle","robots":{"index":"index","follow":"follow","max-snippet":"max-snippet:-1","max-image-preview":"max-image-preview:large","max-video-preview":"max-video-preview:-1"},"canonical":"https:\/\/lasentinelle.dz\/index.php\/2024\/09\/04\/la-protection-du-patrimoine-culturel-une-priorite-nationale\/","og_locale":"fr_FR","og_type":"article","og_title":"La protection du patrimoine culturel : Une priorit\u00e9 nationale - La Sentinelle","og_description":"Dans un effort continu pour pr\u00e9server son riche h\u00e9ritage historique et culturel, l&rsquo;Alg\u00e9rie renforce ses mesures de protection des biens","og_url":"https:\/\/lasentinelle.dz\/index.php\/2024\/09\/04\/la-protection-du-patrimoine-culturel-une-priorite-nationale\/","og_site_name":"La Sentinelle","article_publisher":"https:\/\/www.facebook.com\/La-Sentinelle-104059864394773","article_published_time":"2024-09-04T12:58:27+00:00","article_modified_time":"2024-09-04T12:58:28+00:00","og_image":[{"width":922,"height":615,"url":"https:\/\/lasentinelle.dz\/wp-content\/uploads\/2024\/09\/saisie.jpg","type":"image\/jpeg"}],"author":"admin","twitter_card":"summary_large_image","twitter_misc":{"\u00c9crit par":"admin","Dur\u00e9e de lecture estim\u00e9e":"4 minutes"},"schema":{"@context":"https:\/\/schema.org","@graph":[{"@type":"Article","@id":"https:\/\/lasentinelle.dz\/index.php\/2024\/09\/04\/la-protection-du-patrimoine-culturel-une-priorite-nationale\/#article","isPartOf":{"@id":"https:\/\/lasentinelle.dz\/index.php\/2024\/09\/04\/la-protection-du-patrimoine-culturel-une-priorite-nationale\/"},"author":{"name":"admin","@id":"https:\/\/lasentinelle.dz\/#\/schema\/person\/729ee0024f24e0b8c5ec17232f8e8b41"},"headline":"La protection du patrimoine culturel : Une priorit\u00e9 nationale","datePublished":"2024-09-04T12:58:27+00:00","dateModified":"2024-09-04T12:58:28+00:00","mainEntityOfPage":{"@id":"https:\/\/lasentinelle.dz\/index.php\/2024\/09\/04\/la-protection-du-patrimoine-culturel-une-priorite-nationale\/"},"wordCount":827,"commentCount":0,"publisher":{"@id":"https:\/\/lasentinelle.dz\/#organization"},"image":{"@id":"https:\/\/lasentinelle.dz\/index.php\/2024\/09\/04\/la-protection-du-patrimoine-culturel-une-priorite-nationale\/#primaryimage"},"thumbnailUrl":"https:\/\/lasentinelle.dz\/wp-content\/uploads\/2024\/09\/saisie.jpg","articleSection":["Culture"],"inLanguage":"fr-FR","potentialAction":[{"@type":"CommentAction","name":"Comment","target":["https:\/\/lasentinelle.dz\/index.php\/2024\/09\/04\/la-protection-du-patrimoine-culturel-une-priorite-nationale\/#respond"]}]},{"@type":"WebPage","@id":"https:\/\/lasentinelle.dz\/index.php\/2024\/09\/04\/la-protection-du-patrimoine-culturel-une-priorite-nationale\/","url":"https:\/\/lasentinelle.dz\/index.php\/2024\/09\/04\/la-protection-du-patrimoine-culturel-une-priorite-nationale\/","name":"La protection du patrimoine culturel : Une priorit\u00e9 nationale - La Sentinelle","isPartOf":{"@id":"https:\/\/lasentinelle.dz\/#website"},"primaryImageOfPage":{"@id":"https:\/\/lasentinelle.dz\/index.php\/2024\/09\/04\/la-protection-du-patrimoine-culturel-une-priorite-nationale\/#primaryimage"},"image":{"@id":"https:\/\/lasentinelle.dz\/index.php\/2024\/09\/04\/la-protection-du-patrimoine-culturel-une-priorite-nationale\/#primaryimage"},"thumbnailUrl":"https:\/\/lasentinelle.dz\/wp-content\/uploads\/2024\/09\/saisie.jpg","datePublished":"2024-09-04T12:58:27+00:00","dateModified":"2024-09-04T12:58:28+00:00","breadcrumb":{"@id":"https:\/\/lasentinelle.dz\/index.php\/2024\/09\/04\/la-protection-du-patrimoine-culturel-une-priorite-nationale\/#breadcrumb"},"inLanguage":"fr-FR","potentialAction":[{"@type":"ReadAction","target":["https:\/\/lasentinelle.dz\/index.php\/2024\/09\/04\/la-protection-du-patrimoine-culturel-une-priorite-nationale\/"]}]},{"@type":"ImageObject","inLanguage":"fr-FR","@id":"https:\/\/lasentinelle.dz\/index.php\/2024\/09\/04\/la-protection-du-patrimoine-culturel-une-priorite-nationale\/#primaryimage","url":"https:\/\/lasentinelle.dz\/wp-content\/uploads\/2024\/09\/saisie.jpg","contentUrl":"https:\/\/lasentinelle.dz\/wp-content\/uploads\/2024\/09\/saisie.jpg","width":922,"height":615},{"@type":"BreadcrumbList","@id":"https:\/\/lasentinelle.dz\/index.php\/2024\/09\/04\/la-protection-du-patrimoine-culturel-une-priorite-nationale\/#breadcrumb","itemListElement":[{"@type":"ListItem","position":1,"name":"Accueil","item":"https:\/\/lasentinelle.dz\/"},{"@type":"ListItem","position":2,"name":"La protection du patrimoine culturel : Une priorit\u00e9 nationale"}]},{"@type":"WebSite","@id":"https:\/\/lasentinelle.dz\/#website","url":"https:\/\/lasentinelle.dz\/","name":"La Sentinelle","description":"Quotidien national d&#039;information","publisher":{"@id":"https:\/\/lasentinelle.dz\/#organization"},"potentialAction":[{"@type":"SearchAction","target":{"@type":"EntryPoint","urlTemplate":"https:\/\/lasentinelle.dz\/?s={search_term_string}"},"query-input":{"@type":"PropertyValueSpecification","valueRequired":true,"valueName":"search_term_string"}}],"inLanguage":"fr-FR"},{"@type":"Organization","@id":"https:\/\/lasentinelle.dz\/#organization","name":"Quotidien La Sentinelle","url":"https:\/\/lasentinelle.dz\/","logo":{"@type":"ImageObject","inLanguage":"fr-FR","@id":"https:\/\/lasentinelle.dz\/#\/schema\/logo\/image\/","url":"https:\/\/lasentinelle.dz\/wp-content\/uploads\/2021\/09\/logo-sentinelleSLOGAN-1.png","contentUrl":"https:\/\/lasentinelle.dz\/wp-content\/uploads\/2021\/09\/logo-sentinelleSLOGAN-1.png","width":615,"height":142,"caption":"Quotidien La Sentinelle"},"image":{"@id":"https:\/\/lasentinelle.dz\/#\/schema\/logo\/image\/"},"sameAs":["https:\/\/www.facebook.com\/La-Sentinelle-104059864394773"]},{"@type":"Person","@id":"https:\/\/lasentinelle.dz\/#\/schema\/person\/729ee0024f24e0b8c5ec17232f8e8b41","name":"admin","image":{"@type":"ImageObject","inLanguage":"fr-FR","@id":"https:\/\/secure.gravatar.com\/avatar\/4c81fed838786e9b53f540bf46533e750f5d292099ae3b66cfc6fb1982e29df7?s=96&d=mm&r=g","url":"https:\/\/secure.gravatar.com\/avatar\/4c81fed838786e9b53f540bf46533e750f5d292099ae3b66cfc6fb1982e29df7?s=96&d=mm&r=g","contentUrl":"https:\/\/secure.gravatar.com\/avatar\/4c81fed838786e9b53f540bf46533e750f5d292099ae3b66cfc6fb1982e29df7?s=96&d=mm&r=g","caption":"admin"},"description":"admin","url":"https:\/\/lasentinelle.dz\/author\/admin\/"}]}},"_links":{"self":[{"href":"https:\/\/lasentinelle.dz\/index.php\/wp-json\/wp\/v2\/posts\/56528","targetHints":{"allow":["GET"]}}],"collection":[{"href":"https:\/\/lasentinelle.dz\/index.php\/wp-json\/wp\/v2\/posts"}],"about":[{"href":"https:\/\/lasentinelle.dz\/index.php\/wp-json\/wp\/v2\/types\/post"}],"author":[{"embeddable":true,"href":"https:\/\/lasentinelle.dz\/index.php\/wp-json\/wp\/v2\/users\/6"}],"replies":[{"embeddable":true,"href":"https:\/\/lasentinelle.dz\/index.php\/wp-json\/wp\/v2\/comments?post=56528"}],"version-history":[{"count":1,"href":"https:\/\/lasentinelle.dz\/index.php\/wp-json\/wp\/v2\/posts\/56528\/revisions"}],"predecessor-version":[{"id":56530,"href":"https:\/\/lasentinelle.dz\/index.php\/wp-json\/wp\/v2\/posts\/56528\/revisions\/56530"}],"wp:featuredmedia":[{"embeddable":true,"href":"https:\/\/lasentinelle.dz\/index.php\/wp-json\/wp\/v2\/media\/56529"}],"wp:attachment":[{"href":"https:\/\/lasentinelle.dz\/index.php\/wp-json\/wp\/v2\/media?parent=56528"}],"wp:term":[{"taxonomy":"category","embeddable":true,"href":"https:\/\/lasentinelle.dz\/index.php\/wp-json\/wp\/v2\/categories?post=56528"},{"taxonomy":"post_tag","embeddable":true,"href":"https:\/\/lasentinelle.dz\/index.php\/wp-json\/wp\/v2\/tags?post=56528"}],"curies":[{"name":"wp","href":"https:\/\/api.w.org\/{rel}","templated":true}]}}