{"id":56560,"date":"2024-09-04T14:16:16","date_gmt":"2024-09-04T13:16:16","guid":{"rendered":"https:\/\/lasentinelle.dz\/?p=56560"},"modified":"2024-09-04T14:16:17","modified_gmt":"2024-09-04T13:16:17","slug":"attaf-prend-part-a-pekin-a-la-9e-session-de-la-reunion-ministerielle-du-forum-sur-la-cooperation-sino-africaine","status":"publish","type":"post","link":"https:\/\/lasentinelle.dz\/index.php\/2024\/09\/04\/attaf-prend-part-a-pekin-a-la-9e-session-de-la-reunion-ministerielle-du-forum-sur-la-cooperation-sino-africaine\/","title":{"rendered":"Attaf prend part \u00e0 P\u00e9kin \u00e0 la 9e session de la r\u00e9union minist\u00e9rielle du Forum sur la coop\u00e9ration sino-africaine"},"content":{"rendered":"\n<p>Le ministre des Affaires \u00e9trang\u00e8res et de la Communaut\u00e9 nationale \u00e0 l&rsquo;\u00e9tranger, M. Ahmed Attaf, a pris part, mardi \u00e0 P\u00e9kin (Chine), \u00e0 la 9e session de la r\u00e9union minist\u00e9rielle du Forum sur la coop\u00e9ration sino-africaine, copr\u00e9sid\u00e9e par les ministres des Affaires \u00e9trang\u00e8res de la Chine et du S\u00e9n\u00e9gal, indique un communiqu\u00e9 du minist\u00e8re. Cette r\u00e9union \u00ab\u00a0a \u00e9t\u00e9 consacr\u00e9e \u00e0 l&rsquo;\u00e9valuation des progr\u00e8s r\u00e9alis\u00e9s dans la mise en \u0153uvre de l&rsquo;agenda de partenariat sino-africain, en particulier les diff\u00e9rentes activit\u00e9s de coop\u00e9ration et les programmes d&rsquo;\u00e9changes convenus dans diff\u00e9rents domaines \u00e9conomique, social, scientifique et culturel\u00a0\u00bb, pr\u00e9cise le communiqu\u00e9. Selon la m\u00eame source, cette r\u00e9union a \u00e9galement permis \u00ab\u00a0d&rsquo;examiner les projets des recommandations issues du Sommet sino-africain pr\u00e9vu les 5 et 6 septembre, en particulier le projet de la d\u00e9claration commune et le projet du programme ex\u00e9cutif couvrant la p\u00e9riode de 2025 \u00e0 2027\u00a0\u00bb. En marge de cette r\u00e9union, M. Attaf a eu des entretiens bilat\u00e9raux avec plusieurs de ses homologues africains, notamment les ministres des Affaires \u00e9trang\u00e8res de la Tunisie, de la Mauritanie, de la Libye, du Kenya, de l&rsquo;Ouganda, de la R\u00e9publique du Congo, du Nigeria, du B\u00e9nin, de la Tanzanie, de Djibouti, de la Somalie, et de la R\u00e9publique centrafricaine. Ces \u00ab\u00a0rencontres s&rsquo;inscrivent dans le cadre du dialogue r\u00e9gulier et de la coordination sur les questions et les sujets d&rsquo;int\u00e9r\u00eat commun\u00a0\u00bb, conclut le communiqu\u00e9 du minist\u00e8re.<\/p>\n\n\n\n<p>APS<\/p>\n","protected":false},"excerpt":{"rendered":"<p>Le ministre des Affaires \u00e9trang\u00e8res et de la Communaut\u00e9 nationale \u00e0 l&rsquo;\u00e9tranger, M. Ahmed Attaf, a pris part, mardi \u00e0<\/p>\n","protected":false},"author":6,"featured_media":51725,"comment_status":"open","ping_status":"closed","sticky":false,"template":"","format":"standard","meta":{"colormag_page_container_layout":"default_layout","colormag_page_sidebar_layout":"default_layout","om_disable_all_campaigns":false,"_monsterinsights_skip_tracking":false,"_monsterinsights_sitenote_active":false,"_monsterinsights_sitenote_note":"","_monsterinsights_sitenote_category":0,"footnotes":"","_wpscppro_dont_share_socialmedia":false,"_wpscppro_custom_social_share_image":0,"_facebook_share_type":"default","_twitter_share_type":"default","_linkedin_share_type":"default","_pinterest_share_type":"default","_linkedin_share_type_page":"","_instagram_share_type":"default","_medium_share_type":"","_threads_share_type":"","_google_business_share_type":"","_selected_social_profile":[],"_wpsp_enable_custom_social_template":false,"_wpsp_social_scheduling":{"enabled":false,"datetime":null,"platforms":[],"status":"template_only","dateOption":"today","timeOption":"now","customDays":"","customHours":"","customDate":"","customTime":"","schedulingType":"absolute"},"_wpsp_active_default_template":true},"categories":[27],"tags":[],"class_list":["post-56560","post","type-post","status-publish","format-standard","has-post-thumbnail","hentry","category-actualite"],"aioseo_notices":[],"yoast_head":"<!-- This site is optimized with the Yoast SEO plugin v27.5 - https:\/\/yoast.com\/product\/yoast-seo-wordpress\/ -->\n<title>Attaf prend part \u00e0 P\u00e9kin \u00e0 la 9e session de la r\u00e9union minist\u00e9rielle du Forum sur la coop\u00e9ration sino-africaine - La Sentinelle<\/title>\n<meta name=\"robots\" content=\"index, follow, max-snippet:-1, max-image-preview:large, max-video-preview:-1\" \/>\n<link rel=\"canonical\" href=\"https:\/\/lasentinelle.dz\/index.php\/2024\/09\/04\/attaf-prend-part-a-pekin-a-la-9e-session-de-la-reunion-ministerielle-du-forum-sur-la-cooperation-sino-africaine\/\" \/>\n<meta property=\"og:locale\" content=\"fr_FR\" \/>\n<meta property=\"og:type\" content=\"article\" \/>\n<meta property=\"og:title\" content=\"Attaf prend part \u00e0 P\u00e9kin \u00e0 la 9e session de la r\u00e9union minist\u00e9rielle du Forum sur la coop\u00e9ration sino-africaine - La Sentinelle\" \/>\n<meta property=\"og:description\" content=\"Le ministre des Affaires \u00e9trang\u00e8res et de la Communaut\u00e9 nationale \u00e0 l&rsquo;\u00e9tranger, M. Ahmed Attaf, a pris part, mardi \u00e0\" \/>\n<meta property=\"og:url\" content=\"https:\/\/lasentinelle.dz\/index.php\/2024\/09\/04\/attaf-prend-part-a-pekin-a-la-9e-session-de-la-reunion-ministerielle-du-forum-sur-la-cooperation-sino-africaine\/\" \/>\n<meta property=\"og:site_name\" content=\"La Sentinelle\" \/>\n<meta property=\"article:publisher\" content=\"https:\/\/www.facebook.com\/La-Sentinelle-104059864394773\" \/>\n<meta property=\"article:published_time\" content=\"2024-09-04T13:16:16+00:00\" \/>\n<meta property=\"article:modified_time\" content=\"2024-09-04T13:16:17+00:00\" \/>\n<meta property=\"og:image\" content=\"https:\/\/lasentinelle.dz\/wp-content\/uploads\/2024\/04\/attaf.jpeg\" \/>\n\t<meta property=\"og:image:width\" content=\"1000\" \/>\n\t<meta property=\"og:image:height\" content=\"561\" \/>\n\t<meta property=\"og:image:type\" content=\"image\/jpeg\" \/>\n<meta name=\"author\" content=\"admin\" \/>\n<meta name=\"twitter:card\" content=\"summary_large_image\" \/>\n<meta name=\"twitter:label1\" content=\"\u00c9crit par\" \/>\n\t<meta name=\"twitter:data1\" content=\"admin\" \/>\n\t<meta name=\"twitter:label2\" content=\"Dur\u00e9e de lecture estim\u00e9e\" \/>\n\t<meta name=\"twitter:data2\" content=\"2 minutes\" \/>\n<script type=\"application\/ld+json\" class=\"yoast-schema-graph\">{\"@context\":\"https:\\\/\\\/schema.org\",\"@graph\":[{\"@type\":\"Article\",\"@id\":\"https:\\\/\\\/lasentinelle.dz\\\/index.php\\\/2024\\\/09\\\/04\\\/attaf-prend-part-a-pekin-a-la-9e-session-de-la-reunion-ministerielle-du-forum-sur-la-cooperation-sino-africaine\\\/#article\",\"isPartOf\":{\"@id\":\"https:\\\/\\\/lasentinelle.dz\\\/index.php\\\/2024\\\/09\\\/04\\\/attaf-prend-part-a-pekin-a-la-9e-session-de-la-reunion-ministerielle-du-forum-sur-la-cooperation-sino-africaine\\\/\"},\"author\":{\"name\":\"admin\",\"@id\":\"https:\\\/\\\/lasentinelle.dz\\\/#\\\/schema\\\/person\\\/729ee0024f24e0b8c5ec17232f8e8b41\"},\"headline\":\"Attaf prend part \u00e0 P\u00e9kin \u00e0 la 9e session de la r\u00e9union minist\u00e9rielle du Forum sur la coop\u00e9ration sino-africaine\",\"datePublished\":\"2024-09-04T13:16:16+00:00\",\"dateModified\":\"2024-09-04T13:16:17+00:00\",\"mainEntityOfPage\":{\"@id\":\"https:\\\/\\\/lasentinelle.dz\\\/index.php\\\/2024\\\/09\\\/04\\\/attaf-prend-part-a-pekin-a-la-9e-session-de-la-reunion-ministerielle-du-forum-sur-la-cooperation-sino-africaine\\\/\"},\"wordCount\":285,\"commentCount\":0,\"publisher\":{\"@id\":\"https:\\\/\\\/lasentinelle.dz\\\/#organization\"},\"image\":{\"@id\":\"https:\\\/\\\/lasentinelle.dz\\\/index.php\\\/2024\\\/09\\\/04\\\/attaf-prend-part-a-pekin-a-la-9e-session-de-la-reunion-ministerielle-du-forum-sur-la-cooperation-sino-africaine\\\/#primaryimage\"},\"thumbnailUrl\":\"https:\\\/\\\/lasentinelle.dz\\\/wp-content\\\/uploads\\\/2024\\\/04\\\/attaf.jpeg\",\"articleSection\":[\"Actualit\u00e9\"],\"inLanguage\":\"fr-FR\",\"potentialAction\":[{\"@type\":\"CommentAction\",\"name\":\"Comment\",\"target\":[\"https:\\\/\\\/lasentinelle.dz\\\/index.php\\\/2024\\\/09\\\/04\\\/attaf-prend-part-a-pekin-a-la-9e-session-de-la-reunion-ministerielle-du-forum-sur-la-cooperation-sino-africaine\\\/#respond\"]}]},{\"@type\":\"WebPage\",\"@id\":\"https:\\\/\\\/lasentinelle.dz\\\/index.php\\\/2024\\\/09\\\/04\\\/attaf-prend-part-a-pekin-a-la-9e-session-de-la-reunion-ministerielle-du-forum-sur-la-cooperation-sino-africaine\\\/\",\"url\":\"https:\\\/\\\/lasentinelle.dz\\\/index.php\\\/2024\\\/09\\\/04\\\/attaf-prend-part-a-pekin-a-la-9e-session-de-la-reunion-ministerielle-du-forum-sur-la-cooperation-sino-africaine\\\/\",\"name\":\"Attaf prend part \u00e0 P\u00e9kin \u00e0 la 9e session de la r\u00e9union minist\u00e9rielle du Forum sur la coop\u00e9ration sino-africaine - La Sentinelle\",\"isPartOf\":{\"@id\":\"https:\\\/\\\/lasentinelle.dz\\\/#website\"},\"primaryImageOfPage\":{\"@id\":\"https:\\\/\\\/lasentinelle.dz\\\/index.php\\\/2024\\\/09\\\/04\\\/attaf-prend-part-a-pekin-a-la-9e-session-de-la-reunion-ministerielle-du-forum-sur-la-cooperation-sino-africaine\\\/#primaryimage\"},\"image\":{\"@id\":\"https:\\\/\\\/lasentinelle.dz\\\/index.php\\\/2024\\\/09\\\/04\\\/attaf-prend-part-a-pekin-a-la-9e-session-de-la-reunion-ministerielle-du-forum-sur-la-cooperation-sino-africaine\\\/#primaryimage\"},\"thumbnailUrl\":\"https:\\\/\\\/lasentinelle.dz\\\/wp-content\\\/uploads\\\/2024\\\/04\\\/attaf.jpeg\",\"datePublished\":\"2024-09-04T13:16:16+00:00\",\"dateModified\":\"2024-09-04T13:16:17+00:00\",\"breadcrumb\":{\"@id\":\"https:\\\/\\\/lasentinelle.dz\\\/index.php\\\/2024\\\/09\\\/04\\\/attaf-prend-part-a-pekin-a-la-9e-session-de-la-reunion-ministerielle-du-forum-sur-la-cooperation-sino-africaine\\\/#breadcrumb\"},\"inLanguage\":\"fr-FR\",\"potentialAction\":[{\"@type\":\"ReadAction\",\"target\":[\"https:\\\/\\\/lasentinelle.dz\\\/index.php\\\/2024\\\/09\\\/04\\\/attaf-prend-part-a-pekin-a-la-9e-session-de-la-reunion-ministerielle-du-forum-sur-la-cooperation-sino-africaine\\\/\"]}]},{\"@type\":\"ImageObject\",\"inLanguage\":\"fr-FR\",\"@id\":\"https:\\\/\\\/lasentinelle.dz\\\/index.php\\\/2024\\\/09\\\/04\\\/attaf-prend-part-a-pekin-a-la-9e-session-de-la-reunion-ministerielle-du-forum-sur-la-cooperation-sino-africaine\\\/#primaryimage\",\"url\":\"https:\\\/\\\/lasentinelle.dz\\\/wp-content\\\/uploads\\\/2024\\\/04\\\/attaf.jpeg\",\"contentUrl\":\"https:\\\/\\\/lasentinelle.dz\\\/wp-content\\\/uploads\\\/2024\\\/04\\\/attaf.jpeg\",\"width\":1000,\"height\":561},{\"@type\":\"BreadcrumbList\",\"@id\":\"https:\\\/\\\/lasentinelle.dz\\\/index.php\\\/2024\\\/09\\\/04\\\/attaf-prend-part-a-pekin-a-la-9e-session-de-la-reunion-ministerielle-du-forum-sur-la-cooperation-sino-africaine\\\/#breadcrumb\",\"itemListElement\":[{\"@type\":\"ListItem\",\"position\":1,\"name\":\"Accueil\",\"item\":\"https:\\\/\\\/lasentinelle.dz\\\/\"},{\"@type\":\"ListItem\",\"position\":2,\"name\":\"Attaf prend part \u00e0 P\u00e9kin \u00e0 la 9e session de la r\u00e9union minist\u00e9rielle du Forum sur la coop\u00e9ration sino-africaine\"}]},{\"@type\":\"WebSite\",\"@id\":\"https:\\\/\\\/lasentinelle.dz\\\/#website\",\"url\":\"https:\\\/\\\/lasentinelle.dz\\\/\",\"name\":\"La Sentinelle\",\"description\":\"Quotidien national d&#039;information\",\"publisher\":{\"@id\":\"https:\\\/\\\/lasentinelle.dz\\\/#organization\"},\"potentialAction\":[{\"@type\":\"SearchAction\",\"target\":{\"@type\":\"EntryPoint\",\"urlTemplate\":\"https:\\\/\\\/lasentinelle.dz\\\/?s={search_term_string}\"},\"query-input\":{\"@type\":\"PropertyValueSpecification\",\"valueRequired\":true,\"valueName\":\"search_term_string\"}}],\"inLanguage\":\"fr-FR\"},{\"@type\":\"Organization\",\"@id\":\"https:\\\/\\\/lasentinelle.dz\\\/#organization\",\"name\":\"Quotidien La Sentinelle\",\"url\":\"https:\\\/\\\/lasentinelle.dz\\\/\",\"logo\":{\"@type\":\"ImageObject\",\"inLanguage\":\"fr-FR\",\"@id\":\"https:\\\/\\\/lasentinelle.dz\\\/#\\\/schema\\\/logo\\\/image\\\/\",\"url\":\"https:\\\/\\\/lasentinelle.dz\\\/wp-content\\\/uploads\\\/2021\\\/09\\\/logo-sentinelleSLOGAN-1.png\",\"contentUrl\":\"https:\\\/\\\/lasentinelle.dz\\\/wp-content\\\/uploads\\\/2021\\\/09\\\/logo-sentinelleSLOGAN-1.png\",\"width\":615,\"height\":142,\"caption\":\"Quotidien La Sentinelle\"},\"image\":{\"@id\":\"https:\\\/\\\/lasentinelle.dz\\\/#\\\/schema\\\/logo\\\/image\\\/\"},\"sameAs\":[\"https:\\\/\\\/www.facebook.com\\\/La-Sentinelle-104059864394773\"]},{\"@type\":\"Person\",\"@id\":\"https:\\\/\\\/lasentinelle.dz\\\/#\\\/schema\\\/person\\\/729ee0024f24e0b8c5ec17232f8e8b41\",\"name\":\"admin\",\"image\":{\"@type\":\"ImageObject\",\"inLanguage\":\"fr-FR\",\"@id\":\"https:\\\/\\\/secure.gravatar.com\\\/avatar\\\/4c81fed838786e9b53f540bf46533e750f5d292099ae3b66cfc6fb1982e29df7?s=96&d=mm&r=g\",\"url\":\"https:\\\/\\\/secure.gravatar.com\\\/avatar\\\/4c81fed838786e9b53f540bf46533e750f5d292099ae3b66cfc6fb1982e29df7?s=96&d=mm&r=g\",\"contentUrl\":\"https:\\\/\\\/secure.gravatar.com\\\/avatar\\\/4c81fed838786e9b53f540bf46533e750f5d292099ae3b66cfc6fb1982e29df7?s=96&d=mm&r=g\",\"caption\":\"admin\"},\"description\":\"admin\",\"url\":\"https:\\\/\\\/lasentinelle.dz\\\/author\\\/admin\\\/\"}]}<\/script>\n<!-- \/ Yoast SEO plugin. -->","yoast_head_json":{"title":"Attaf prend part \u00e0 P\u00e9kin \u00e0 la 9e session de la r\u00e9union minist\u00e9rielle du Forum sur la coop\u00e9ration sino-africaine - La Sentinelle","robots":{"index":"index","follow":"follow","max-snippet":"max-snippet:-1","max-image-preview":"max-image-preview:large","max-video-preview":"max-video-preview:-1"},"canonical":"https:\/\/lasentinelle.dz\/index.php\/2024\/09\/04\/attaf-prend-part-a-pekin-a-la-9e-session-de-la-reunion-ministerielle-du-forum-sur-la-cooperation-sino-africaine\/","og_locale":"fr_FR","og_type":"article","og_title":"Attaf prend part \u00e0 P\u00e9kin \u00e0 la 9e session de la r\u00e9union minist\u00e9rielle du Forum sur la coop\u00e9ration sino-africaine - La Sentinelle","og_description":"Le ministre des Affaires \u00e9trang\u00e8res et de la Communaut\u00e9 nationale \u00e0 l&rsquo;\u00e9tranger, M. Ahmed Attaf, a pris part, mardi \u00e0","og_url":"https:\/\/lasentinelle.dz\/index.php\/2024\/09\/04\/attaf-prend-part-a-pekin-a-la-9e-session-de-la-reunion-ministerielle-du-forum-sur-la-cooperation-sino-africaine\/","og_site_name":"La Sentinelle","article_publisher":"https:\/\/www.facebook.com\/La-Sentinelle-104059864394773","article_published_time":"2024-09-04T13:16:16+00:00","article_modified_time":"2024-09-04T13:16:17+00:00","og_image":[{"width":1000,"height":561,"url":"https:\/\/lasentinelle.dz\/wp-content\/uploads\/2024\/04\/attaf.jpeg","type":"image\/jpeg"}],"author":"admin","twitter_card":"summary_large_image","twitter_misc":{"\u00c9crit par":"admin","Dur\u00e9e de lecture estim\u00e9e":"2 minutes"},"schema":{"@context":"https:\/\/schema.org","@graph":[{"@type":"Article","@id":"https:\/\/lasentinelle.dz\/index.php\/2024\/09\/04\/attaf-prend-part-a-pekin-a-la-9e-session-de-la-reunion-ministerielle-du-forum-sur-la-cooperation-sino-africaine\/#article","isPartOf":{"@id":"https:\/\/lasentinelle.dz\/index.php\/2024\/09\/04\/attaf-prend-part-a-pekin-a-la-9e-session-de-la-reunion-ministerielle-du-forum-sur-la-cooperation-sino-africaine\/"},"author":{"name":"admin","@id":"https:\/\/lasentinelle.dz\/#\/schema\/person\/729ee0024f24e0b8c5ec17232f8e8b41"},"headline":"Attaf prend part \u00e0 P\u00e9kin \u00e0 la 9e session de la r\u00e9union minist\u00e9rielle du Forum sur la coop\u00e9ration sino-africaine","datePublished":"2024-09-04T13:16:16+00:00","dateModified":"2024-09-04T13:16:17+00:00","mainEntityOfPage":{"@id":"https:\/\/lasentinelle.dz\/index.php\/2024\/09\/04\/attaf-prend-part-a-pekin-a-la-9e-session-de-la-reunion-ministerielle-du-forum-sur-la-cooperation-sino-africaine\/"},"wordCount":285,"commentCount":0,"publisher":{"@id":"https:\/\/lasentinelle.dz\/#organization"},"image":{"@id":"https:\/\/lasentinelle.dz\/index.php\/2024\/09\/04\/attaf-prend-part-a-pekin-a-la-9e-session-de-la-reunion-ministerielle-du-forum-sur-la-cooperation-sino-africaine\/#primaryimage"},"thumbnailUrl":"https:\/\/lasentinelle.dz\/wp-content\/uploads\/2024\/04\/attaf.jpeg","articleSection":["Actualit\u00e9"],"inLanguage":"fr-FR","potentialAction":[{"@type":"CommentAction","name":"Comment","target":["https:\/\/lasentinelle.dz\/index.php\/2024\/09\/04\/attaf-prend-part-a-pekin-a-la-9e-session-de-la-reunion-ministerielle-du-forum-sur-la-cooperation-sino-africaine\/#respond"]}]},{"@type":"WebPage","@id":"https:\/\/lasentinelle.dz\/index.php\/2024\/09\/04\/attaf-prend-part-a-pekin-a-la-9e-session-de-la-reunion-ministerielle-du-forum-sur-la-cooperation-sino-africaine\/","url":"https:\/\/lasentinelle.dz\/index.php\/2024\/09\/04\/attaf-prend-part-a-pekin-a-la-9e-session-de-la-reunion-ministerielle-du-forum-sur-la-cooperation-sino-africaine\/","name":"Attaf prend part \u00e0 P\u00e9kin \u00e0 la 9e session de la r\u00e9union minist\u00e9rielle du Forum sur la coop\u00e9ration sino-africaine - La Sentinelle","isPartOf":{"@id":"https:\/\/lasentinelle.dz\/#website"},"primaryImageOfPage":{"@id":"https:\/\/lasentinelle.dz\/index.php\/2024\/09\/04\/attaf-prend-part-a-pekin-a-la-9e-session-de-la-reunion-ministerielle-du-forum-sur-la-cooperation-sino-africaine\/#primaryimage"},"image":{"@id":"https:\/\/lasentinelle.dz\/index.php\/2024\/09\/04\/attaf-prend-part-a-pekin-a-la-9e-session-de-la-reunion-ministerielle-du-forum-sur-la-cooperation-sino-africaine\/#primaryimage"},"thumbnailUrl":"https:\/\/lasentinelle.dz\/wp-content\/uploads\/2024\/04\/attaf.jpeg","datePublished":"2024-09-04T13:16:16+00:00","dateModified":"2024-09-04T13:16:17+00:00","breadcrumb":{"@id":"https:\/\/lasentinelle.dz\/index.php\/2024\/09\/04\/attaf-prend-part-a-pekin-a-la-9e-session-de-la-reunion-ministerielle-du-forum-sur-la-cooperation-sino-africaine\/#breadcrumb"},"inLanguage":"fr-FR","potentialAction":[{"@type":"ReadAction","target":["https:\/\/lasentinelle.dz\/index.php\/2024\/09\/04\/attaf-prend-part-a-pekin-a-la-9e-session-de-la-reunion-ministerielle-du-forum-sur-la-cooperation-sino-africaine\/"]}]},{"@type":"ImageObject","inLanguage":"fr-FR","@id":"https:\/\/lasentinelle.dz\/index.php\/2024\/09\/04\/attaf-prend-part-a-pekin-a-la-9e-session-de-la-reunion-ministerielle-du-forum-sur-la-cooperation-sino-africaine\/#primaryimage","url":"https:\/\/lasentinelle.dz\/wp-content\/uploads\/2024\/04\/attaf.jpeg","contentUrl":"https:\/\/lasentinelle.dz\/wp-content\/uploads\/2024\/04\/attaf.jpeg","width":1000,"height":561},{"@type":"BreadcrumbList","@id":"https:\/\/lasentinelle.dz\/index.php\/2024\/09\/04\/attaf-prend-part-a-pekin-a-la-9e-session-de-la-reunion-ministerielle-du-forum-sur-la-cooperation-sino-africaine\/#breadcrumb","itemListElement":[{"@type":"ListItem","position":1,"name":"Accueil","item":"https:\/\/lasentinelle.dz\/"},{"@type":"ListItem","position":2,"name":"Attaf prend part \u00e0 P\u00e9kin \u00e0 la 9e session de la r\u00e9union minist\u00e9rielle du Forum sur la coop\u00e9ration sino-africaine"}]},{"@type":"WebSite","@id":"https:\/\/lasentinelle.dz\/#website","url":"https:\/\/lasentinelle.dz\/","name":"La Sentinelle","description":"Quotidien national d&#039;information","publisher":{"@id":"https:\/\/lasentinelle.dz\/#organization"},"potentialAction":[{"@type":"SearchAction","target":{"@type":"EntryPoint","urlTemplate":"https:\/\/lasentinelle.dz\/?s={search_term_string}"},"query-input":{"@type":"PropertyValueSpecification","valueRequired":true,"valueName":"search_term_string"}}],"inLanguage":"fr-FR"},{"@type":"Organization","@id":"https:\/\/lasentinelle.dz\/#organization","name":"Quotidien La Sentinelle","url":"https:\/\/lasentinelle.dz\/","logo":{"@type":"ImageObject","inLanguage":"fr-FR","@id":"https:\/\/lasentinelle.dz\/#\/schema\/logo\/image\/","url":"https:\/\/lasentinelle.dz\/wp-content\/uploads\/2021\/09\/logo-sentinelleSLOGAN-1.png","contentUrl":"https:\/\/lasentinelle.dz\/wp-content\/uploads\/2021\/09\/logo-sentinelleSLOGAN-1.png","width":615,"height":142,"caption":"Quotidien La Sentinelle"},"image":{"@id":"https:\/\/lasentinelle.dz\/#\/schema\/logo\/image\/"},"sameAs":["https:\/\/www.facebook.com\/La-Sentinelle-104059864394773"]},{"@type":"Person","@id":"https:\/\/lasentinelle.dz\/#\/schema\/person\/729ee0024f24e0b8c5ec17232f8e8b41","name":"admin","image":{"@type":"ImageObject","inLanguage":"fr-FR","@id":"https:\/\/secure.gravatar.com\/avatar\/4c81fed838786e9b53f540bf46533e750f5d292099ae3b66cfc6fb1982e29df7?s=96&d=mm&r=g","url":"https:\/\/secure.gravatar.com\/avatar\/4c81fed838786e9b53f540bf46533e750f5d292099ae3b66cfc6fb1982e29df7?s=96&d=mm&r=g","contentUrl":"https:\/\/secure.gravatar.com\/avatar\/4c81fed838786e9b53f540bf46533e750f5d292099ae3b66cfc6fb1982e29df7?s=96&d=mm&r=g","caption":"admin"},"description":"admin","url":"https:\/\/lasentinelle.dz\/author\/admin\/"}]}},"_links":{"self":[{"href":"https:\/\/lasentinelle.dz\/index.php\/wp-json\/wp\/v2\/posts\/56560","targetHints":{"allow":["GET"]}}],"collection":[{"href":"https:\/\/lasentinelle.dz\/index.php\/wp-json\/wp\/v2\/posts"}],"about":[{"href":"https:\/\/lasentinelle.dz\/index.php\/wp-json\/wp\/v2\/types\/post"}],"author":[{"embeddable":true,"href":"https:\/\/lasentinelle.dz\/index.php\/wp-json\/wp\/v2\/users\/6"}],"replies":[{"embeddable":true,"href":"https:\/\/lasentinelle.dz\/index.php\/wp-json\/wp\/v2\/comments?post=56560"}],"version-history":[{"count":1,"href":"https:\/\/lasentinelle.dz\/index.php\/wp-json\/wp\/v2\/posts\/56560\/revisions"}],"predecessor-version":[{"id":56561,"href":"https:\/\/lasentinelle.dz\/index.php\/wp-json\/wp\/v2\/posts\/56560\/revisions\/56561"}],"wp:featuredmedia":[{"embeddable":true,"href":"https:\/\/lasentinelle.dz\/index.php\/wp-json\/wp\/v2\/media\/51725"}],"wp:attachment":[{"href":"https:\/\/lasentinelle.dz\/index.php\/wp-json\/wp\/v2\/media?parent=56560"}],"wp:term":[{"taxonomy":"category","embeddable":true,"href":"https:\/\/lasentinelle.dz\/index.php\/wp-json\/wp\/v2\/categories?post=56560"},{"taxonomy":"post_tag","embeddable":true,"href":"https:\/\/lasentinelle.dz\/index.php\/wp-json\/wp\/v2\/tags?post=56560"}],"curies":[{"name":"wp","href":"https:\/\/api.w.org\/{rel}","templated":true}]}}