{"id":56678,"date":"2024-09-01T15:56:25","date_gmt":"2024-09-01T14:56:25","guid":{"rendered":"https:\/\/lasentinelle.dz\/?p=56678"},"modified":"2024-09-06T15:57:09","modified_gmt":"2024-09-06T14:57:09","slug":"la-campagne-du-candidat-tebboune-se-deploie-sur-le-terrain","status":"publish","type":"post","link":"https:\/\/lasentinelle.dz\/index.php\/2024\/09\/01\/la-campagne-du-candidat-tebboune-se-deploie-sur-le-terrain\/","title":{"rendered":"La campagne du candidat Tebboune se d\u00e9ploie sur le terrain"},"content":{"rendered":"\n<p>\u00c0 une semaine du scrutin pr\u00e9sidentiel pr\u00e9vu le 7 septembre, la campagne du candidat ind\u00e9pendant Abdelmadjid Tebboune s&rsquo;intensifie sur l&rsquo;ensemble du territoire. Ses soutiens multiplient les meetings et les activit\u00e9s de proximit\u00e9 pour promouvoir son programme et mobiliser l&rsquo;\u00e9lectorat. Le directeur de campagne de Tebboune, Brahim Merad, a effectu\u00e9 plusieurs d\u00e9placements dans le pays ces derniers jours. Dans la wilaya de Biskra, il a anim\u00e9 un grand rassemblement populaire, rencontr\u00e9 les citoyens et notables locaux, et visit\u00e9 les bureaux de campagne. Merad a encourag\u00e9 les soutiens du candidat \u00e0 intensifier leur pr\u00e9sence sur le terrain durant la derni\u00e8re ligne droite, en sensibilisant \u00e0 l&rsquo;importance d&rsquo;une participation massive au scrutin. Sur place, Merad a mis en avant les engagements du pr\u00e9sident sortant en mati\u00e8re de d\u00e9veloppement local a assur\u00e9 que le candidat s&rsquo;engage \u00e0 cr\u00e9er une centaine de nouvelles wilayas dans le cadre du nouveau d\u00e9coupage administratif s&rsquo;il est r\u00e9\u00e9lu. &nbsp;D&rsquo;autres figures de la campagne sillonnent \u00e9galement le pays. Mustapha Hidaoui, membre de la direction nationale, s&rsquo;est rendu \u00e0 Tlemcen et A\u00efn Temouchent. Le secr\u00e9taire g\u00e9n\u00e9ral du FLN, Abdelkrim Benmbarek, a tenu des meetings \u00e0 Mascara et N\u00e2ama. Les responsables de plusieurs partis politiques soutenant la candidature de Tebboune sont aussi mobilis\u00e9s : Fateh Boutbig (Front El-Moustakbal) \u00e0 M&rsquo;sila, Djamel Benabdeslam (Front de l&rsquo;Alg\u00e9rie nouvelle) \u00e0 Bordj Bou Arreridj, Abdelkader Bengrina (Mouvement El Bina) \u00e0 Sidi Bel Abbes et El Bayadh, Mustapha Yahi (RND) \u00e0 Djelfa, et Lamine Osmani (Sawt Echa\u00e2b) \u00e0 T\u00e9bessa. Cette mobilisation tous azimuts vise \u00e0 quadriller le territoire et toucher un maximum d&rsquo;\u00e9lecteurs potentiels \u00e0 quatre jours de la fin de la campagne pr\u00e9vue le 3 septembre \u00e0 minuit.<\/p>\n\n\n\n<p>Les orateurs s&rsquo;attachent \u00e0 mettre en avant le bilan du premier mandat pr\u00e9sidentiel de Tebboune (2019-2024). Sont notamment cit\u00e9s le lancement de grands projets structurants comme la ligne ferroviaire Bechar-Gara Djebilet ou la route Alg\u00e9rie-Mauritanie, les efforts pour relancer l&rsquo;investissement et cr\u00e9er des emplois, l&rsquo;am\u00e9lioration du pouvoir d&rsquo;achat, ou encore le renforcement de la place des jeunes dans les institutions. Les soutiens de Tebboune soulignent qu&rsquo;il a tenu ses \u00ab\u00a054 engagements\u00a0\u00bb pris en 2019 et appellent \u00e0 lui faire \u00e0 nouveau confiance pour parachever les r\u00e9formes engag\u00e9es. Ils mettent en exergue sa \u00ab\u00a0clairvoyance\u00a0\u00bb et sa capacit\u00e9 \u00e0 \u00ab\u00a0unifier les rangs de la nation\u00a0\u00bb face aux \u00ab\u00a0conspirations \u00e9trang\u00e8res\u00a0\u00bb.<\/p>\n\n\n\n<p>Le programme \u00e9lectoral de Tebboune pour un \u00e9ventuel second mandat est \u00e9galement d\u00e9taill\u00e9 lors des meetings. Parmi les principaux engagements mis en avant la cr\u00e9ation de nombreuses nouvelles wilayas, pouvant atteindre ou d\u00e9passer 100 (contre 58 actuellement, la cr\u00e9ation de 450 000 emplois, l&rsquo;objectif de porter le PIB alg\u00e9rien \u00e0 400 milliards de dollars, la poursuite de l&rsquo;augmentation du pouvoir d&rsquo;achat (hausse des salaires, baisse d&rsquo;imp\u00f4ts, le d\u00e9veloppement des zones pastorales et de la fili\u00e8re \u00e9levage, la r\u00e9vision des codes communal et de wilaya pour donner plus de pr\u00e9rogatives aux \u00e9lus locaux et de nouvelles mesures en faveur de la diaspora alg\u00e9rienne Les orateurs insistent sur la n\u00e9cessit\u00e9 d&rsquo;un second mandat pour permettre \u00e0 Tebboune de \u00ab\u00a0poursuivre l&rsquo;\u00e9dification d&rsquo;une Alg\u00e9rie nouvelle et forte\u00a0\u00bb et \u00ab\u00a0parachever les r\u00e9alisations\u00a0\u00bb. Tous les intervenants concluent invariablement leurs prises de parole par des appels \u00e0 une mobilisation massive des \u00e9lecteurs le 7 septembre. L&rsquo;importance du scrutin pour \u00ab\u00a0l&rsquo;avenir de l&rsquo;Alg\u00e9rie\u00a0\u00bb est martel\u00e9e, de m\u00eame que la n\u00e9cessit\u00e9 de \u00ab\u00a0pr\u00e9server la stabilit\u00e9\u00a0\u00bb du pays. Les soutiens de Tebboune semblent miser sur une forte participation pour assurer sa r\u00e9\u00e9lection d\u00e8s le premier tour. Ils affirment que voter pour lui garantira \u00ab\u00a0la poursuite du processus de d\u00e9veloppement\u00a0\u00bb et \u00ab\u00a0la pr\u00e9servation des int\u00e9r\u00eats vitaux de la nation\u00a0\u00bb. \u00c0 une semaine du scrutin, la campagne du pr\u00e9sident sortant monte donc en intensit\u00e9, quadrillant le territoire \u00e0 travers meetings et activit\u00e9s de proximit\u00e9.<\/p>\n\n\n\n<p>Hocine Fadheli<\/p>\n","protected":false},"excerpt":{"rendered":"<p>\u00c0 une semaine du scrutin pr\u00e9sidentiel pr\u00e9vu le 7 septembre, la campagne du candidat ind\u00e9pendant Abdelmadjid Tebboune s&rsquo;intensifie sur l&rsquo;ensemble<\/p>\n","protected":false},"author":6,"featured_media":56329,"comment_status":"open","ping_status":"closed","sticky":false,"template":"","format":"standard","meta":{"colormag_page_container_layout":"default_layout","colormag_page_sidebar_layout":"default_layout","om_disable_all_campaigns":false,"_monsterinsights_skip_tracking":false,"_monsterinsights_sitenote_active":false,"_monsterinsights_sitenote_note":"","_monsterinsights_sitenote_category":0,"footnotes":"","_wpscppro_dont_share_socialmedia":false,"_wpscppro_custom_social_share_image":0,"_facebook_share_type":"default","_twitter_share_type":"default","_linkedin_share_type":"default","_pinterest_share_type":"default","_linkedin_share_type_page":"","_instagram_share_type":"default","_medium_share_type":"","_threads_share_type":"","_google_business_share_type":"","_selected_social_profile":[],"_wpsp_enable_custom_social_template":false,"_wpsp_social_scheduling":{"enabled":false,"datetime":null,"platforms":[],"status":"template_only","dateOption":"today","timeOption":"now","customDays":"","customHours":"","customDate":"","customTime":"","schedulingType":"absolute"},"_wpsp_active_default_template":true},"categories":[87],"tags":[],"class_list":["post-56678","post","type-post","status-publish","format-standard","has-post-thumbnail","hentry","category-presidentielle-2024"],"aioseo_notices":[],"yoast_head":"<!-- This site is optimized with the Yoast SEO plugin v27.5 - https:\/\/yoast.com\/product\/yoast-seo-wordpress\/ -->\n<title>La campagne du candidat Tebboune se d\u00e9ploie sur le terrain - La Sentinelle<\/title>\n<meta name=\"robots\" content=\"index, follow, max-snippet:-1, max-image-preview:large, max-video-preview:-1\" \/>\n<link rel=\"canonical\" href=\"https:\/\/lasentinelle.dz\/index.php\/2024\/09\/01\/la-campagne-du-candidat-tebboune-se-deploie-sur-le-terrain\/\" \/>\n<meta property=\"og:locale\" content=\"fr_FR\" \/>\n<meta property=\"og:type\" content=\"article\" \/>\n<meta property=\"og:title\" content=\"La campagne du candidat Tebboune se d\u00e9ploie sur le terrain - La Sentinelle\" \/>\n<meta property=\"og:description\" content=\"\u00c0 une semaine du scrutin pr\u00e9sidentiel pr\u00e9vu le 7 septembre, la campagne du candidat ind\u00e9pendant Abdelmadjid Tebboune s&rsquo;intensifie sur l&rsquo;ensemble\" \/>\n<meta property=\"og:url\" content=\"https:\/\/lasentinelle.dz\/index.php\/2024\/09\/01\/la-campagne-du-candidat-tebboune-se-deploie-sur-le-terrain\/\" \/>\n<meta property=\"og:site_name\" content=\"La Sentinelle\" \/>\n<meta property=\"article:publisher\" content=\"https:\/\/www.facebook.com\/La-Sentinelle-104059864394773\" \/>\n<meta property=\"article:published_time\" content=\"2024-09-01T14:56:25+00:00\" \/>\n<meta property=\"article:modified_time\" content=\"2024-09-06T14:57:09+00:00\" \/>\n<meta property=\"og:image\" content=\"https:\/\/lasentinelle.dz\/wp-content\/uploads\/2024\/08\/politique.jpg\" \/>\n\t<meta property=\"og:image:width\" content=\"1024\" \/>\n\t<meta property=\"og:image:height\" content=\"1024\" \/>\n\t<meta property=\"og:image:type\" content=\"image\/jpeg\" \/>\n<meta name=\"author\" content=\"admin\" \/>\n<meta name=\"twitter:card\" content=\"summary_large_image\" \/>\n<meta name=\"twitter:label1\" content=\"\u00c9crit par\" \/>\n\t<meta name=\"twitter:data1\" content=\"admin\" \/>\n\t<meta name=\"twitter:label2\" content=\"Dur\u00e9e de lecture estim\u00e9e\" \/>\n\t<meta name=\"twitter:data2\" content=\"4 minutes\" \/>\n<script type=\"application\/ld+json\" class=\"yoast-schema-graph\">{\"@context\":\"https:\\\/\\\/schema.org\",\"@graph\":[{\"@type\":\"Article\",\"@id\":\"https:\\\/\\\/lasentinelle.dz\\\/index.php\\\/2024\\\/09\\\/01\\\/la-campagne-du-candidat-tebboune-se-deploie-sur-le-terrain\\\/#article\",\"isPartOf\":{\"@id\":\"https:\\\/\\\/lasentinelle.dz\\\/index.php\\\/2024\\\/09\\\/01\\\/la-campagne-du-candidat-tebboune-se-deploie-sur-le-terrain\\\/\"},\"author\":{\"name\":\"admin\",\"@id\":\"https:\\\/\\\/lasentinelle.dz\\\/#\\\/schema\\\/person\\\/729ee0024f24e0b8c5ec17232f8e8b41\"},\"headline\":\"La campagne du candidat Tebboune se d\u00e9ploie sur le terrain\",\"datePublished\":\"2024-09-01T14:56:25+00:00\",\"dateModified\":\"2024-09-06T14:57:09+00:00\",\"mainEntityOfPage\":{\"@id\":\"https:\\\/\\\/lasentinelle.dz\\\/index.php\\\/2024\\\/09\\\/01\\\/la-campagne-du-candidat-tebboune-se-deploie-sur-le-terrain\\\/\"},\"wordCount\":676,\"commentCount\":0,\"publisher\":{\"@id\":\"https:\\\/\\\/lasentinelle.dz\\\/#organization\"},\"image\":{\"@id\":\"https:\\\/\\\/lasentinelle.dz\\\/index.php\\\/2024\\\/09\\\/01\\\/la-campagne-du-candidat-tebboune-se-deploie-sur-le-terrain\\\/#primaryimage\"},\"thumbnailUrl\":\"https:\\\/\\\/lasentinelle.dz\\\/wp-content\\\/uploads\\\/2024\\\/08\\\/politique.jpg\",\"articleSection\":[\"Pr\u00e9sidentielle 2024\"],\"inLanguage\":\"fr-FR\",\"potentialAction\":[{\"@type\":\"CommentAction\",\"name\":\"Comment\",\"target\":[\"https:\\\/\\\/lasentinelle.dz\\\/index.php\\\/2024\\\/09\\\/01\\\/la-campagne-du-candidat-tebboune-se-deploie-sur-le-terrain\\\/#respond\"]}]},{\"@type\":\"WebPage\",\"@id\":\"https:\\\/\\\/lasentinelle.dz\\\/index.php\\\/2024\\\/09\\\/01\\\/la-campagne-du-candidat-tebboune-se-deploie-sur-le-terrain\\\/\",\"url\":\"https:\\\/\\\/lasentinelle.dz\\\/index.php\\\/2024\\\/09\\\/01\\\/la-campagne-du-candidat-tebboune-se-deploie-sur-le-terrain\\\/\",\"name\":\"La campagne du candidat Tebboune se d\u00e9ploie sur le terrain - La Sentinelle\",\"isPartOf\":{\"@id\":\"https:\\\/\\\/lasentinelle.dz\\\/#website\"},\"primaryImageOfPage\":{\"@id\":\"https:\\\/\\\/lasentinelle.dz\\\/index.php\\\/2024\\\/09\\\/01\\\/la-campagne-du-candidat-tebboune-se-deploie-sur-le-terrain\\\/#primaryimage\"},\"image\":{\"@id\":\"https:\\\/\\\/lasentinelle.dz\\\/index.php\\\/2024\\\/09\\\/01\\\/la-campagne-du-candidat-tebboune-se-deploie-sur-le-terrain\\\/#primaryimage\"},\"thumbnailUrl\":\"https:\\\/\\\/lasentinelle.dz\\\/wp-content\\\/uploads\\\/2024\\\/08\\\/politique.jpg\",\"datePublished\":\"2024-09-01T14:56:25+00:00\",\"dateModified\":\"2024-09-06T14:57:09+00:00\",\"breadcrumb\":{\"@id\":\"https:\\\/\\\/lasentinelle.dz\\\/index.php\\\/2024\\\/09\\\/01\\\/la-campagne-du-candidat-tebboune-se-deploie-sur-le-terrain\\\/#breadcrumb\"},\"inLanguage\":\"fr-FR\",\"potentialAction\":[{\"@type\":\"ReadAction\",\"target\":[\"https:\\\/\\\/lasentinelle.dz\\\/index.php\\\/2024\\\/09\\\/01\\\/la-campagne-du-candidat-tebboune-se-deploie-sur-le-terrain\\\/\"]}]},{\"@type\":\"ImageObject\",\"inLanguage\":\"fr-FR\",\"@id\":\"https:\\\/\\\/lasentinelle.dz\\\/index.php\\\/2024\\\/09\\\/01\\\/la-campagne-du-candidat-tebboune-se-deploie-sur-le-terrain\\\/#primaryimage\",\"url\":\"https:\\\/\\\/lasentinelle.dz\\\/wp-content\\\/uploads\\\/2024\\\/08\\\/politique.jpg\",\"contentUrl\":\"https:\\\/\\\/lasentinelle.dz\\\/wp-content\\\/uploads\\\/2024\\\/08\\\/politique.jpg\",\"width\":1024,\"height\":1024},{\"@type\":\"BreadcrumbList\",\"@id\":\"https:\\\/\\\/lasentinelle.dz\\\/index.php\\\/2024\\\/09\\\/01\\\/la-campagne-du-candidat-tebboune-se-deploie-sur-le-terrain\\\/#breadcrumb\",\"itemListElement\":[{\"@type\":\"ListItem\",\"position\":1,\"name\":\"Accueil\",\"item\":\"https:\\\/\\\/lasentinelle.dz\\\/\"},{\"@type\":\"ListItem\",\"position\":2,\"name\":\"La campagne du candidat Tebboune se d\u00e9ploie sur le terrain\"}]},{\"@type\":\"WebSite\",\"@id\":\"https:\\\/\\\/lasentinelle.dz\\\/#website\",\"url\":\"https:\\\/\\\/lasentinelle.dz\\\/\",\"name\":\"La Sentinelle\",\"description\":\"Quotidien national d&#039;information\",\"publisher\":{\"@id\":\"https:\\\/\\\/lasentinelle.dz\\\/#organization\"},\"potentialAction\":[{\"@type\":\"SearchAction\",\"target\":{\"@type\":\"EntryPoint\",\"urlTemplate\":\"https:\\\/\\\/lasentinelle.dz\\\/?s={search_term_string}\"},\"query-input\":{\"@type\":\"PropertyValueSpecification\",\"valueRequired\":true,\"valueName\":\"search_term_string\"}}],\"inLanguage\":\"fr-FR\"},{\"@type\":\"Organization\",\"@id\":\"https:\\\/\\\/lasentinelle.dz\\\/#organization\",\"name\":\"Quotidien La Sentinelle\",\"url\":\"https:\\\/\\\/lasentinelle.dz\\\/\",\"logo\":{\"@type\":\"ImageObject\",\"inLanguage\":\"fr-FR\",\"@id\":\"https:\\\/\\\/lasentinelle.dz\\\/#\\\/schema\\\/logo\\\/image\\\/\",\"url\":\"https:\\\/\\\/lasentinelle.dz\\\/wp-content\\\/uploads\\\/2021\\\/09\\\/logo-sentinelleSLOGAN-1.png\",\"contentUrl\":\"https:\\\/\\\/lasentinelle.dz\\\/wp-content\\\/uploads\\\/2021\\\/09\\\/logo-sentinelleSLOGAN-1.png\",\"width\":615,\"height\":142,\"caption\":\"Quotidien La Sentinelle\"},\"image\":{\"@id\":\"https:\\\/\\\/lasentinelle.dz\\\/#\\\/schema\\\/logo\\\/image\\\/\"},\"sameAs\":[\"https:\\\/\\\/www.facebook.com\\\/La-Sentinelle-104059864394773\"]},{\"@type\":\"Person\",\"@id\":\"https:\\\/\\\/lasentinelle.dz\\\/#\\\/schema\\\/person\\\/729ee0024f24e0b8c5ec17232f8e8b41\",\"name\":\"admin\",\"image\":{\"@type\":\"ImageObject\",\"inLanguage\":\"fr-FR\",\"@id\":\"https:\\\/\\\/secure.gravatar.com\\\/avatar\\\/4c81fed838786e9b53f540bf46533e750f5d292099ae3b66cfc6fb1982e29df7?s=96&d=mm&r=g\",\"url\":\"https:\\\/\\\/secure.gravatar.com\\\/avatar\\\/4c81fed838786e9b53f540bf46533e750f5d292099ae3b66cfc6fb1982e29df7?s=96&d=mm&r=g\",\"contentUrl\":\"https:\\\/\\\/secure.gravatar.com\\\/avatar\\\/4c81fed838786e9b53f540bf46533e750f5d292099ae3b66cfc6fb1982e29df7?s=96&d=mm&r=g\",\"caption\":\"admin\"},\"description\":\"admin\",\"url\":\"https:\\\/\\\/lasentinelle.dz\\\/author\\\/admin\\\/\"}]}<\/script>\n<!-- \/ Yoast SEO plugin. -->","yoast_head_json":{"title":"La campagne du candidat Tebboune se d\u00e9ploie sur le terrain - La Sentinelle","robots":{"index":"index","follow":"follow","max-snippet":"max-snippet:-1","max-image-preview":"max-image-preview:large","max-video-preview":"max-video-preview:-1"},"canonical":"https:\/\/lasentinelle.dz\/index.php\/2024\/09\/01\/la-campagne-du-candidat-tebboune-se-deploie-sur-le-terrain\/","og_locale":"fr_FR","og_type":"article","og_title":"La campagne du candidat Tebboune se d\u00e9ploie sur le terrain - La Sentinelle","og_description":"\u00c0 une semaine du scrutin pr\u00e9sidentiel pr\u00e9vu le 7 septembre, la campagne du candidat ind\u00e9pendant Abdelmadjid Tebboune s&rsquo;intensifie sur l&rsquo;ensemble","og_url":"https:\/\/lasentinelle.dz\/index.php\/2024\/09\/01\/la-campagne-du-candidat-tebboune-se-deploie-sur-le-terrain\/","og_site_name":"La Sentinelle","article_publisher":"https:\/\/www.facebook.com\/La-Sentinelle-104059864394773","article_published_time":"2024-09-01T14:56:25+00:00","article_modified_time":"2024-09-06T14:57:09+00:00","og_image":[{"width":1024,"height":1024,"url":"https:\/\/lasentinelle.dz\/wp-content\/uploads\/2024\/08\/politique.jpg","type":"image\/jpeg"}],"author":"admin","twitter_card":"summary_large_image","twitter_misc":{"\u00c9crit par":"admin","Dur\u00e9e de lecture estim\u00e9e":"4 minutes"},"schema":{"@context":"https:\/\/schema.org","@graph":[{"@type":"Article","@id":"https:\/\/lasentinelle.dz\/index.php\/2024\/09\/01\/la-campagne-du-candidat-tebboune-se-deploie-sur-le-terrain\/#article","isPartOf":{"@id":"https:\/\/lasentinelle.dz\/index.php\/2024\/09\/01\/la-campagne-du-candidat-tebboune-se-deploie-sur-le-terrain\/"},"author":{"name":"admin","@id":"https:\/\/lasentinelle.dz\/#\/schema\/person\/729ee0024f24e0b8c5ec17232f8e8b41"},"headline":"La campagne du candidat Tebboune se d\u00e9ploie sur le terrain","datePublished":"2024-09-01T14:56:25+00:00","dateModified":"2024-09-06T14:57:09+00:00","mainEntityOfPage":{"@id":"https:\/\/lasentinelle.dz\/index.php\/2024\/09\/01\/la-campagne-du-candidat-tebboune-se-deploie-sur-le-terrain\/"},"wordCount":676,"commentCount":0,"publisher":{"@id":"https:\/\/lasentinelle.dz\/#organization"},"image":{"@id":"https:\/\/lasentinelle.dz\/index.php\/2024\/09\/01\/la-campagne-du-candidat-tebboune-se-deploie-sur-le-terrain\/#primaryimage"},"thumbnailUrl":"https:\/\/lasentinelle.dz\/wp-content\/uploads\/2024\/08\/politique.jpg","articleSection":["Pr\u00e9sidentielle 2024"],"inLanguage":"fr-FR","potentialAction":[{"@type":"CommentAction","name":"Comment","target":["https:\/\/lasentinelle.dz\/index.php\/2024\/09\/01\/la-campagne-du-candidat-tebboune-se-deploie-sur-le-terrain\/#respond"]}]},{"@type":"WebPage","@id":"https:\/\/lasentinelle.dz\/index.php\/2024\/09\/01\/la-campagne-du-candidat-tebboune-se-deploie-sur-le-terrain\/","url":"https:\/\/lasentinelle.dz\/index.php\/2024\/09\/01\/la-campagne-du-candidat-tebboune-se-deploie-sur-le-terrain\/","name":"La campagne du candidat Tebboune se d\u00e9ploie sur le terrain - La Sentinelle","isPartOf":{"@id":"https:\/\/lasentinelle.dz\/#website"},"primaryImageOfPage":{"@id":"https:\/\/lasentinelle.dz\/index.php\/2024\/09\/01\/la-campagne-du-candidat-tebboune-se-deploie-sur-le-terrain\/#primaryimage"},"image":{"@id":"https:\/\/lasentinelle.dz\/index.php\/2024\/09\/01\/la-campagne-du-candidat-tebboune-se-deploie-sur-le-terrain\/#primaryimage"},"thumbnailUrl":"https:\/\/lasentinelle.dz\/wp-content\/uploads\/2024\/08\/politique.jpg","datePublished":"2024-09-01T14:56:25+00:00","dateModified":"2024-09-06T14:57:09+00:00","breadcrumb":{"@id":"https:\/\/lasentinelle.dz\/index.php\/2024\/09\/01\/la-campagne-du-candidat-tebboune-se-deploie-sur-le-terrain\/#breadcrumb"},"inLanguage":"fr-FR","potentialAction":[{"@type":"ReadAction","target":["https:\/\/lasentinelle.dz\/index.php\/2024\/09\/01\/la-campagne-du-candidat-tebboune-se-deploie-sur-le-terrain\/"]}]},{"@type":"ImageObject","inLanguage":"fr-FR","@id":"https:\/\/lasentinelle.dz\/index.php\/2024\/09\/01\/la-campagne-du-candidat-tebboune-se-deploie-sur-le-terrain\/#primaryimage","url":"https:\/\/lasentinelle.dz\/wp-content\/uploads\/2024\/08\/politique.jpg","contentUrl":"https:\/\/lasentinelle.dz\/wp-content\/uploads\/2024\/08\/politique.jpg","width":1024,"height":1024},{"@type":"BreadcrumbList","@id":"https:\/\/lasentinelle.dz\/index.php\/2024\/09\/01\/la-campagne-du-candidat-tebboune-se-deploie-sur-le-terrain\/#breadcrumb","itemListElement":[{"@type":"ListItem","position":1,"name":"Accueil","item":"https:\/\/lasentinelle.dz\/"},{"@type":"ListItem","position":2,"name":"La campagne du candidat Tebboune se d\u00e9ploie sur le terrain"}]},{"@type":"WebSite","@id":"https:\/\/lasentinelle.dz\/#website","url":"https:\/\/lasentinelle.dz\/","name":"La Sentinelle","description":"Quotidien national d&#039;information","publisher":{"@id":"https:\/\/lasentinelle.dz\/#organization"},"potentialAction":[{"@type":"SearchAction","target":{"@type":"EntryPoint","urlTemplate":"https:\/\/lasentinelle.dz\/?s={search_term_string}"},"query-input":{"@type":"PropertyValueSpecification","valueRequired":true,"valueName":"search_term_string"}}],"inLanguage":"fr-FR"},{"@type":"Organization","@id":"https:\/\/lasentinelle.dz\/#organization","name":"Quotidien La Sentinelle","url":"https:\/\/lasentinelle.dz\/","logo":{"@type":"ImageObject","inLanguage":"fr-FR","@id":"https:\/\/lasentinelle.dz\/#\/schema\/logo\/image\/","url":"https:\/\/lasentinelle.dz\/wp-content\/uploads\/2021\/09\/logo-sentinelleSLOGAN-1.png","contentUrl":"https:\/\/lasentinelle.dz\/wp-content\/uploads\/2021\/09\/logo-sentinelleSLOGAN-1.png","width":615,"height":142,"caption":"Quotidien La Sentinelle"},"image":{"@id":"https:\/\/lasentinelle.dz\/#\/schema\/logo\/image\/"},"sameAs":["https:\/\/www.facebook.com\/La-Sentinelle-104059864394773"]},{"@type":"Person","@id":"https:\/\/lasentinelle.dz\/#\/schema\/person\/729ee0024f24e0b8c5ec17232f8e8b41","name":"admin","image":{"@type":"ImageObject","inLanguage":"fr-FR","@id":"https:\/\/secure.gravatar.com\/avatar\/4c81fed838786e9b53f540bf46533e750f5d292099ae3b66cfc6fb1982e29df7?s=96&d=mm&r=g","url":"https:\/\/secure.gravatar.com\/avatar\/4c81fed838786e9b53f540bf46533e750f5d292099ae3b66cfc6fb1982e29df7?s=96&d=mm&r=g","contentUrl":"https:\/\/secure.gravatar.com\/avatar\/4c81fed838786e9b53f540bf46533e750f5d292099ae3b66cfc6fb1982e29df7?s=96&d=mm&r=g","caption":"admin"},"description":"admin","url":"https:\/\/lasentinelle.dz\/author\/admin\/"}]}},"_links":{"self":[{"href":"https:\/\/lasentinelle.dz\/index.php\/wp-json\/wp\/v2\/posts\/56678","targetHints":{"allow":["GET"]}}],"collection":[{"href":"https:\/\/lasentinelle.dz\/index.php\/wp-json\/wp\/v2\/posts"}],"about":[{"href":"https:\/\/lasentinelle.dz\/index.php\/wp-json\/wp\/v2\/types\/post"}],"author":[{"embeddable":true,"href":"https:\/\/lasentinelle.dz\/index.php\/wp-json\/wp\/v2\/users\/6"}],"replies":[{"embeddable":true,"href":"https:\/\/lasentinelle.dz\/index.php\/wp-json\/wp\/v2\/comments?post=56678"}],"version-history":[{"count":1,"href":"https:\/\/lasentinelle.dz\/index.php\/wp-json\/wp\/v2\/posts\/56678\/revisions"}],"predecessor-version":[{"id":56679,"href":"https:\/\/lasentinelle.dz\/index.php\/wp-json\/wp\/v2\/posts\/56678\/revisions\/56679"}],"wp:featuredmedia":[{"embeddable":true,"href":"https:\/\/lasentinelle.dz\/index.php\/wp-json\/wp\/v2\/media\/56329"}],"wp:attachment":[{"href":"https:\/\/lasentinelle.dz\/index.php\/wp-json\/wp\/v2\/media?parent=56678"}],"wp:term":[{"taxonomy":"category","embeddable":true,"href":"https:\/\/lasentinelle.dz\/index.php\/wp-json\/wp\/v2\/categories?post=56678"},{"taxonomy":"post_tag","embeddable":true,"href":"https:\/\/lasentinelle.dz\/index.php\/wp-json\/wp\/v2\/tags?post=56678"}],"curies":[{"name":"wp","href":"https:\/\/api.w.org\/{rel}","templated":true}]}}