{"id":5668,"date":"2021-08-29T00:01:00","date_gmt":"2021-08-28T23:01:00","guid":{"rendered":"https:\/\/lasentinelle.dz\/?p=5668"},"modified":"2021-08-28T16:06:28","modified_gmt":"2021-08-28T15:06:28","slug":"sommet-regional-de-bagdad-lafghanistan-et-la-menace-de-lei-au-menu","status":"publish","type":"post","link":"https:\/\/lasentinelle.dz\/index.php\/2021\/08\/29\/sommet-regional-de-bagdad-lafghanistan-et-la-menace-de-lei-au-menu\/","title":{"rendered":"Sommet r\u00e9gional de Bagdad : L&rsquo;Afghanistan et la \u00ab\u00a0menace\u00a0\u00bb de l&rsquo;EI au menu"},"content":{"rendered":"\n<p>La \u00ab\u00a0menace\u00a0\u00bb pos\u00e9e par le groupe Etat islamique (EI) et la crise afghane se sont invit\u00e9es hier \u00e0 la conf\u00e9rence r\u00e9gionale qui s&rsquo;est ouverte \u00e0 Bagdad et qui s\u2019est pench\u00e9e sur les tensions irano-saoudiennes.<\/p>\n\n\n\n<p>Par cette conf\u00e9rence r\u00e9gionale, l&rsquo;Irak souhaite \u00ab\u00a0d\u00e9samorcer\u00a0\u00bb les tensions entre l&rsquo;Iran et l&rsquo;Arabie saoudite, selon un conseiller de M. Kazimi. L&rsquo;Irak, qui a d\u00e9j\u00e0 accueilli deux rounds de pourparlers \u00e0 huis clos entre ses deux voisins depuis le d\u00e9but de l&rsquo;ann\u00e9e, veut devenir un h\u00f4te incontournable de la r\u00e9gion.<\/p>\n\n\n\n<p>T\u00e9h\u00e9ran, Ryad et Ankara sont repr\u00e9sent\u00e9s par leurs ministres des Affaires \u00e9trang\u00e8res \u00e0 Bagdad. Sont \u00e9galement pr\u00e9sents le pr\u00e9sident \u00e9gyptien Sissi, le roi Abdallah II de Jordanie, l&rsquo;\u00e9mir du Qatar, entre autres responsables r\u00e9gionaux.<\/p>\n\n\n\n<p>Apr\u00e8s la prise du pouvoir par les talibans en Afghanistan et l&rsquo;attentat jeudi \u00e0 l&rsquo;a\u00e9roport de Kaboul men\u00e9 par une branche de l&rsquo;EI &#8211; qui a fait des dizaines de morts parmi lesquels 13 soldats am\u00e9ricains -, la lutte contre les terroristes doit aussi occuper une bonne part des d\u00e9bats.La situation en Irak est cependant diff\u00e9rente de celle en Afghanistan. L&rsquo;arm\u00e9e se battait il y a quatre ans encore avec la coalition internationale contre l&rsquo;EI, avant de d\u00e9clarer \u00ab\u00a0victoire\u00a0\u00bb fin 2017.Quatre ans plus tard, des cellules terroristes continuent de mener ponctuellement des attaques. Le dernier attentat suicide d&rsquo;envergure revendiqu\u00e9 par l&rsquo;EI a fait plus de 30 morts \u00e0 Bagdad en juillet.<\/p>\n\n\n\n<p>En Afghanistan, l&rsquo;EI est \u00ab\u00a0l&rsquo;ennemi jur\u00e9\u00a0\u00bb des talibans, explique Rasha al-Aqeedi, chercheuse au Newlines Institute aux Etats-Unis, mais leur \u00ab\u00a0victoire\u00a0\u00bb en Afghanistan pourrait \u00ab\u00a0galvaniser\u00a0\u00bb l&rsquo;EI, le poussant \u00e0 \u00ab\u00a0montrer qu&rsquo;il est toujours bien pr\u00e9sent\u00a0\u00bb en Irak.Quelque 2.500 soldats am\u00e9ricains sont toujours d\u00e9ploy\u00e9s en Irak. Ils se cantonneront officiellement \u00e0 un r\u00f4le de \u00ab\u00a0conseillers\u00a0\u00bb des forces de s\u00e9curit\u00e9 irakiennes d\u00e8s 2022.<\/p>\n\n\n\n<p>Les relations de l&rsquo;Irak avec l&rsquo;Iran devraient \u00e9galement \u00eatre \u00e9voqu\u00e9es lors de la conf\u00e9rence, autant que les tensions entre T\u00e9h\u00e9ran et Ryad qui s&rsquo;opposent notamment sur les conflits syrien et y\u00e9m\u00e9nite.La pr\u00e9sence de leurs chefs de la diplomatie respectifs est d\u00e9j\u00e0 une \u00ab\u00a0r\u00e9ussite\u00a0\u00bb, selon un conseiller du Premier ministre irakien.<\/p>\n\n\n\n<p>Notons que les \u00c9tats-Unis ont men\u00e9 hier une frappe de drone contre une cible du groupe \u00c9tat islamique en Afghanistan, au moment o\u00f9 le pont a\u00e9rien \u00e0 l&rsquo;a\u00e9roport de Kaboul entre dans sa phase finale sous une tension extr\u00eame, avec le risque persistant de nouveaux attentats.Deux responsables sanitaires de l&rsquo;ancienne administration afghane ont indiqu\u00e9 \u00e0 l&rsquo;AFP qu&rsquo;environ 90 personnes amen\u00e9es dans des h\u00f4pitaux de Kaboul \u00e9taient d\u00e9c\u00e9d\u00e9es, et 150 bless\u00e9es. Certains m\u00e9dias locaux ont fait \u00e9tat d&rsquo;un bilan de 170 morts.Le risque d&rsquo;autres attentats persiste, selon Washington. \u00ab\u00a0Nous estimons qu&rsquo;il y a toujours (&#8230;) des menaces pr\u00e9cises et cr\u00e9dibles\u00a0\u00bb, a pr\u00e9venu vendredi John Kirby, le porte-parole du Pentagone. L&rsquo;attach\u00e9e de presse du pr\u00e9sident Biden, Jen Psaki, citant des experts s\u00e9curitaires, a estim\u00e9 une autre attaque \u00ab\u00a0probable\u00a0\u00bb. Les prochains jours seront \u00ab\u00a0la p\u00e9riode la plus dangereuse \u00e0 ce jour\u00a0\u00bb, a-t-elle ajout\u00e9.Vendredi soir, comme la veille de l&rsquo;attentat, l&rsquo;ambassade des \u00c9tats-Unis \u00e0 Kaboul a demand\u00e9 aux ressortissants am\u00e9ricains de quitter \u00ab\u00a0imm\u00e9diatement\u00a0\u00bb les abords de l&rsquo;a\u00e9roport en raison de \u00ab\u00a0menaces pour la s\u00e9curit\u00e9\u00a0\u00bb.Au total, environ 109.000 personnes ont \u00e9t\u00e9 \u00e9vacu\u00e9es depuis le 14 ao\u00fbt, veille de la prise de pouvoir des talibans \u00e0 Kaboul, selon les derniers chiffres du gouvernement am\u00e9ricain.L&rsquo;Otan et l&rsquo;Union europ\u00e9enne avaient appel\u00e9 \u00e0 poursuivre les \u00e9vacuations malgr\u00e9 l&rsquo;attentat.<\/p>\n\n\n\n<p>R.I. avec AFP<\/p>\n","protected":false},"excerpt":{"rendered":"<p>La \u00ab\u00a0menace\u00a0\u00bb pos\u00e9e par le groupe Etat islamique (EI) et la crise afghane se sont invit\u00e9es hier \u00e0 la conf\u00e9rence<\/p>\n","protected":false},"author":3,"featured_media":5679,"comment_status":"open","ping_status":"closed","sticky":false,"template":"","format":"standard","meta":{"colormag_page_container_layout":"default_layout","colormag_page_sidebar_layout":"default_layout","om_disable_all_campaigns":false,"_monsterinsights_skip_tracking":false,"_monsterinsights_sitenote_active":false,"_monsterinsights_sitenote_note":"","_monsterinsights_sitenote_category":0,"footnotes":"","_wpscppro_dont_share_socialmedia":false,"_wpscppro_custom_social_share_image":0,"_facebook_share_type":"","_twitter_share_type":"","_linkedin_share_type":"","_pinterest_share_type":"","_linkedin_share_type_page":"","_instagram_share_type":"","_medium_share_type":"","_threads_share_type":"","_google_business_share_type":"","_selected_social_profile":[],"_wpsp_enable_custom_social_template":false,"_wpsp_social_scheduling":{"enabled":false,"datetime":null,"platforms":[],"status":"template_only","dateOption":"today","timeOption":"now","customDays":"","customHours":"","customDate":"","customTime":"","schedulingType":"absolute"},"_wpsp_active_default_template":true},"categories":[37],"tags":[],"class_list":["post-5668","post","type-post","status-publish","format-standard","has-post-thumbnail","hentry","category-monde"],"aioseo_notices":[],"yoast_head":"<!-- This site is optimized with the Yoast SEO plugin v27.4 - https:\/\/yoast.com\/product\/yoast-seo-wordpress\/ -->\n<title>Sommet r\u00e9gional de Bagdad : L&#039;Afghanistan et la &quot;menace&quot; de l&#039;EI au menu - La Sentinelle<\/title>\n<meta name=\"robots\" content=\"index, follow, max-snippet:-1, max-image-preview:large, max-video-preview:-1\" \/>\n<link rel=\"canonical\" href=\"https:\/\/lasentinelle.dz\/index.php\/2021\/08\/29\/sommet-regional-de-bagdad-lafghanistan-et-la-menace-de-lei-au-menu\/\" \/>\n<meta property=\"og:locale\" content=\"fr_FR\" \/>\n<meta property=\"og:type\" content=\"article\" \/>\n<meta property=\"og:title\" content=\"Sommet r\u00e9gional de Bagdad : L&#039;Afghanistan et la &quot;menace&quot; de l&#039;EI au menu - La Sentinelle\" \/>\n<meta property=\"og:description\" content=\"La \u00ab\u00a0menace\u00a0\u00bb pos\u00e9e par le groupe Etat islamique (EI) et la crise afghane se sont invit\u00e9es hier \u00e0 la conf\u00e9rence\" \/>\n<meta property=\"og:url\" content=\"https:\/\/lasentinelle.dz\/index.php\/2021\/08\/29\/sommet-regional-de-bagdad-lafghanistan-et-la-menace-de-lei-au-menu\/\" \/>\n<meta property=\"og:site_name\" content=\"La Sentinelle\" \/>\n<meta property=\"article:publisher\" content=\"https:\/\/www.facebook.com\/La-Sentinelle-104059864394773\" \/>\n<meta property=\"article:published_time\" content=\"2021-08-28T23:01:00+00:00\" \/>\n<meta property=\"og:image\" content=\"https:\/\/lasentinelle.dz\/wp-content\/uploads\/2021\/08\/sommet-irak.jpeg\" \/>\n\t<meta property=\"og:image:width\" content=\"1399\" \/>\n\t<meta property=\"og:image:height\" content=\"937\" \/>\n\t<meta property=\"og:image:type\" content=\"image\/jpeg\" \/>\n<meta name=\"author\" content=\"La Sentinelle\" \/>\n<meta name=\"twitter:card\" content=\"summary_large_image\" \/>\n<meta name=\"twitter:label1\" content=\"\u00c9crit par\" \/>\n\t<meta name=\"twitter:data1\" content=\"La Sentinelle\" \/>\n\t<meta name=\"twitter:label2\" content=\"Dur\u00e9e de lecture estim\u00e9e\" \/>\n\t<meta name=\"twitter:data2\" content=\"3 minutes\" \/>\n<script type=\"application\/ld+json\" class=\"yoast-schema-graph\">{\"@context\":\"https:\\\/\\\/schema.org\",\"@graph\":[{\"@type\":\"Article\",\"@id\":\"https:\\\/\\\/lasentinelle.dz\\\/index.php\\\/2021\\\/08\\\/29\\\/sommet-regional-de-bagdad-lafghanistan-et-la-menace-de-lei-au-menu\\\/#article\",\"isPartOf\":{\"@id\":\"https:\\\/\\\/lasentinelle.dz\\\/index.php\\\/2021\\\/08\\\/29\\\/sommet-regional-de-bagdad-lafghanistan-et-la-menace-de-lei-au-menu\\\/\"},\"author\":{\"name\":\"La Sentinelle\",\"@id\":\"https:\\\/\\\/lasentinelle.dz\\\/#\\\/schema\\\/person\\\/d865044e22e70a75174ce8bcad3acfb3\"},\"headline\":\"Sommet r\u00e9gional de Bagdad : L&rsquo;Afghanistan et la \u00ab\u00a0menace\u00a0\u00bb de l&rsquo;EI au menu\",\"datePublished\":\"2021-08-28T23:01:00+00:00\",\"mainEntityOfPage\":{\"@id\":\"https:\\\/\\\/lasentinelle.dz\\\/index.php\\\/2021\\\/08\\\/29\\\/sommet-regional-de-bagdad-lafghanistan-et-la-menace-de-lei-au-menu\\\/\"},\"wordCount\":655,\"commentCount\":0,\"publisher\":{\"@id\":\"https:\\\/\\\/lasentinelle.dz\\\/#organization\"},\"image\":{\"@id\":\"https:\\\/\\\/lasentinelle.dz\\\/index.php\\\/2021\\\/08\\\/29\\\/sommet-regional-de-bagdad-lafghanistan-et-la-menace-de-lei-au-menu\\\/#primaryimage\"},\"thumbnailUrl\":\"https:\\\/\\\/lasentinelle.dz\\\/wp-content\\\/uploads\\\/2021\\\/08\\\/sommet-irak.jpeg\",\"articleSection\":[\"Monde\"],\"inLanguage\":\"fr-FR\",\"potentialAction\":[{\"@type\":\"CommentAction\",\"name\":\"Comment\",\"target\":[\"https:\\\/\\\/lasentinelle.dz\\\/index.php\\\/2021\\\/08\\\/29\\\/sommet-regional-de-bagdad-lafghanistan-et-la-menace-de-lei-au-menu\\\/#respond\"]}]},{\"@type\":\"WebPage\",\"@id\":\"https:\\\/\\\/lasentinelle.dz\\\/index.php\\\/2021\\\/08\\\/29\\\/sommet-regional-de-bagdad-lafghanistan-et-la-menace-de-lei-au-menu\\\/\",\"url\":\"https:\\\/\\\/lasentinelle.dz\\\/index.php\\\/2021\\\/08\\\/29\\\/sommet-regional-de-bagdad-lafghanistan-et-la-menace-de-lei-au-menu\\\/\",\"name\":\"Sommet r\u00e9gional de Bagdad : L'Afghanistan et la \\\"menace\\\" de l'EI au menu - La Sentinelle\",\"isPartOf\":{\"@id\":\"https:\\\/\\\/lasentinelle.dz\\\/#website\"},\"primaryImageOfPage\":{\"@id\":\"https:\\\/\\\/lasentinelle.dz\\\/index.php\\\/2021\\\/08\\\/29\\\/sommet-regional-de-bagdad-lafghanistan-et-la-menace-de-lei-au-menu\\\/#primaryimage\"},\"image\":{\"@id\":\"https:\\\/\\\/lasentinelle.dz\\\/index.php\\\/2021\\\/08\\\/29\\\/sommet-regional-de-bagdad-lafghanistan-et-la-menace-de-lei-au-menu\\\/#primaryimage\"},\"thumbnailUrl\":\"https:\\\/\\\/lasentinelle.dz\\\/wp-content\\\/uploads\\\/2021\\\/08\\\/sommet-irak.jpeg\",\"datePublished\":\"2021-08-28T23:01:00+00:00\",\"breadcrumb\":{\"@id\":\"https:\\\/\\\/lasentinelle.dz\\\/index.php\\\/2021\\\/08\\\/29\\\/sommet-regional-de-bagdad-lafghanistan-et-la-menace-de-lei-au-menu\\\/#breadcrumb\"},\"inLanguage\":\"fr-FR\",\"potentialAction\":[{\"@type\":\"ReadAction\",\"target\":[\"https:\\\/\\\/lasentinelle.dz\\\/index.php\\\/2021\\\/08\\\/29\\\/sommet-regional-de-bagdad-lafghanistan-et-la-menace-de-lei-au-menu\\\/\"]}]},{\"@type\":\"ImageObject\",\"inLanguage\":\"fr-FR\",\"@id\":\"https:\\\/\\\/lasentinelle.dz\\\/index.php\\\/2021\\\/08\\\/29\\\/sommet-regional-de-bagdad-lafghanistan-et-la-menace-de-lei-au-menu\\\/#primaryimage\",\"url\":\"https:\\\/\\\/lasentinelle.dz\\\/wp-content\\\/uploads\\\/2021\\\/08\\\/sommet-irak.jpeg\",\"contentUrl\":\"https:\\\/\\\/lasentinelle.dz\\\/wp-content\\\/uploads\\\/2021\\\/08\\\/sommet-irak.jpeg\",\"width\":1399,\"height\":937},{\"@type\":\"BreadcrumbList\",\"@id\":\"https:\\\/\\\/lasentinelle.dz\\\/index.php\\\/2021\\\/08\\\/29\\\/sommet-regional-de-bagdad-lafghanistan-et-la-menace-de-lei-au-menu\\\/#breadcrumb\",\"itemListElement\":[{\"@type\":\"ListItem\",\"position\":1,\"name\":\"Accueil\",\"item\":\"https:\\\/\\\/lasentinelle.dz\\\/\"},{\"@type\":\"ListItem\",\"position\":2,\"name\":\"Sommet r\u00e9gional de Bagdad : L&rsquo;Afghanistan et la \u00ab\u00a0menace\u00a0\u00bb de l&rsquo;EI au menu\"}]},{\"@type\":\"WebSite\",\"@id\":\"https:\\\/\\\/lasentinelle.dz\\\/#website\",\"url\":\"https:\\\/\\\/lasentinelle.dz\\\/\",\"name\":\"La Sentinelle\",\"description\":\"Quotidien national d&#039;information\",\"publisher\":{\"@id\":\"https:\\\/\\\/lasentinelle.dz\\\/#organization\"},\"potentialAction\":[{\"@type\":\"SearchAction\",\"target\":{\"@type\":\"EntryPoint\",\"urlTemplate\":\"https:\\\/\\\/lasentinelle.dz\\\/?s={search_term_string}\"},\"query-input\":{\"@type\":\"PropertyValueSpecification\",\"valueRequired\":true,\"valueName\":\"search_term_string\"}}],\"inLanguage\":\"fr-FR\"},{\"@type\":\"Organization\",\"@id\":\"https:\\\/\\\/lasentinelle.dz\\\/#organization\",\"name\":\"Quotidien La Sentinelle\",\"url\":\"https:\\\/\\\/lasentinelle.dz\\\/\",\"logo\":{\"@type\":\"ImageObject\",\"inLanguage\":\"fr-FR\",\"@id\":\"https:\\\/\\\/lasentinelle.dz\\\/#\\\/schema\\\/logo\\\/image\\\/\",\"url\":\"https:\\\/\\\/lasentinelle.dz\\\/wp-content\\\/uploads\\\/2021\\\/09\\\/logo-sentinelleSLOGAN-1.png\",\"contentUrl\":\"https:\\\/\\\/lasentinelle.dz\\\/wp-content\\\/uploads\\\/2021\\\/09\\\/logo-sentinelleSLOGAN-1.png\",\"width\":615,\"height\":142,\"caption\":\"Quotidien La Sentinelle\"},\"image\":{\"@id\":\"https:\\\/\\\/lasentinelle.dz\\\/#\\\/schema\\\/logo\\\/image\\\/\"},\"sameAs\":[\"https:\\\/\\\/www.facebook.com\\\/La-Sentinelle-104059864394773\"]},{\"@type\":\"Person\",\"@id\":\"https:\\\/\\\/lasentinelle.dz\\\/#\\\/schema\\\/person\\\/d865044e22e70a75174ce8bcad3acfb3\",\"name\":\"La Sentinelle\",\"image\":{\"@type\":\"ImageObject\",\"inLanguage\":\"fr-FR\",\"@id\":\"https:\\\/\\\/secure.gravatar.com\\\/avatar\\\/57de8e5d4b15d43fb361a71fbb36338450fe67865b528a43dd10ef7c51a20392?s=96&d=mm&r=g\",\"url\":\"https:\\\/\\\/secure.gravatar.com\\\/avatar\\\/57de8e5d4b15d43fb361a71fbb36338450fe67865b528a43dd10ef7c51a20392?s=96&d=mm&r=g\",\"contentUrl\":\"https:\\\/\\\/secure.gravatar.com\\\/avatar\\\/57de8e5d4b15d43fb361a71fbb36338450fe67865b528a43dd10ef7c51a20392?s=96&d=mm&r=g\",\"caption\":\"La Sentinelle\"},\"sameAs\":[\"http:\\\/\\\/www.lasentinelle.dz\"],\"url\":\"https:\\\/\\\/lasentinelle.dz\\\/author\\\/redaction\\\/\"}]}<\/script>\n<!-- \/ Yoast SEO plugin. -->","yoast_head_json":{"title":"Sommet r\u00e9gional de Bagdad : L'Afghanistan et la \"menace\" de l'EI au menu - La Sentinelle","robots":{"index":"index","follow":"follow","max-snippet":"max-snippet:-1","max-image-preview":"max-image-preview:large","max-video-preview":"max-video-preview:-1"},"canonical":"https:\/\/lasentinelle.dz\/index.php\/2021\/08\/29\/sommet-regional-de-bagdad-lafghanistan-et-la-menace-de-lei-au-menu\/","og_locale":"fr_FR","og_type":"article","og_title":"Sommet r\u00e9gional de Bagdad : L'Afghanistan et la \"menace\" de l'EI au menu - La Sentinelle","og_description":"La \u00ab\u00a0menace\u00a0\u00bb pos\u00e9e par le groupe Etat islamique (EI) et la crise afghane se sont invit\u00e9es hier \u00e0 la conf\u00e9rence","og_url":"https:\/\/lasentinelle.dz\/index.php\/2021\/08\/29\/sommet-regional-de-bagdad-lafghanistan-et-la-menace-de-lei-au-menu\/","og_site_name":"La Sentinelle","article_publisher":"https:\/\/www.facebook.com\/La-Sentinelle-104059864394773","article_published_time":"2021-08-28T23:01:00+00:00","og_image":[{"width":1399,"height":937,"url":"https:\/\/lasentinelle.dz\/wp-content\/uploads\/2021\/08\/sommet-irak.jpeg","type":"image\/jpeg"}],"author":"La Sentinelle","twitter_card":"summary_large_image","twitter_misc":{"\u00c9crit par":"La Sentinelle","Dur\u00e9e de lecture estim\u00e9e":"3 minutes"},"schema":{"@context":"https:\/\/schema.org","@graph":[{"@type":"Article","@id":"https:\/\/lasentinelle.dz\/index.php\/2021\/08\/29\/sommet-regional-de-bagdad-lafghanistan-et-la-menace-de-lei-au-menu\/#article","isPartOf":{"@id":"https:\/\/lasentinelle.dz\/index.php\/2021\/08\/29\/sommet-regional-de-bagdad-lafghanistan-et-la-menace-de-lei-au-menu\/"},"author":{"name":"La Sentinelle","@id":"https:\/\/lasentinelle.dz\/#\/schema\/person\/d865044e22e70a75174ce8bcad3acfb3"},"headline":"Sommet r\u00e9gional de Bagdad : L&rsquo;Afghanistan et la \u00ab\u00a0menace\u00a0\u00bb de l&rsquo;EI au menu","datePublished":"2021-08-28T23:01:00+00:00","mainEntityOfPage":{"@id":"https:\/\/lasentinelle.dz\/index.php\/2021\/08\/29\/sommet-regional-de-bagdad-lafghanistan-et-la-menace-de-lei-au-menu\/"},"wordCount":655,"commentCount":0,"publisher":{"@id":"https:\/\/lasentinelle.dz\/#organization"},"image":{"@id":"https:\/\/lasentinelle.dz\/index.php\/2021\/08\/29\/sommet-regional-de-bagdad-lafghanistan-et-la-menace-de-lei-au-menu\/#primaryimage"},"thumbnailUrl":"https:\/\/lasentinelle.dz\/wp-content\/uploads\/2021\/08\/sommet-irak.jpeg","articleSection":["Monde"],"inLanguage":"fr-FR","potentialAction":[{"@type":"CommentAction","name":"Comment","target":["https:\/\/lasentinelle.dz\/index.php\/2021\/08\/29\/sommet-regional-de-bagdad-lafghanistan-et-la-menace-de-lei-au-menu\/#respond"]}]},{"@type":"WebPage","@id":"https:\/\/lasentinelle.dz\/index.php\/2021\/08\/29\/sommet-regional-de-bagdad-lafghanistan-et-la-menace-de-lei-au-menu\/","url":"https:\/\/lasentinelle.dz\/index.php\/2021\/08\/29\/sommet-regional-de-bagdad-lafghanistan-et-la-menace-de-lei-au-menu\/","name":"Sommet r\u00e9gional de Bagdad : L'Afghanistan et la \"menace\" de l'EI au menu - La Sentinelle","isPartOf":{"@id":"https:\/\/lasentinelle.dz\/#website"},"primaryImageOfPage":{"@id":"https:\/\/lasentinelle.dz\/index.php\/2021\/08\/29\/sommet-regional-de-bagdad-lafghanistan-et-la-menace-de-lei-au-menu\/#primaryimage"},"image":{"@id":"https:\/\/lasentinelle.dz\/index.php\/2021\/08\/29\/sommet-regional-de-bagdad-lafghanistan-et-la-menace-de-lei-au-menu\/#primaryimage"},"thumbnailUrl":"https:\/\/lasentinelle.dz\/wp-content\/uploads\/2021\/08\/sommet-irak.jpeg","datePublished":"2021-08-28T23:01:00+00:00","breadcrumb":{"@id":"https:\/\/lasentinelle.dz\/index.php\/2021\/08\/29\/sommet-regional-de-bagdad-lafghanistan-et-la-menace-de-lei-au-menu\/#breadcrumb"},"inLanguage":"fr-FR","potentialAction":[{"@type":"ReadAction","target":["https:\/\/lasentinelle.dz\/index.php\/2021\/08\/29\/sommet-regional-de-bagdad-lafghanistan-et-la-menace-de-lei-au-menu\/"]}]},{"@type":"ImageObject","inLanguage":"fr-FR","@id":"https:\/\/lasentinelle.dz\/index.php\/2021\/08\/29\/sommet-regional-de-bagdad-lafghanistan-et-la-menace-de-lei-au-menu\/#primaryimage","url":"https:\/\/lasentinelle.dz\/wp-content\/uploads\/2021\/08\/sommet-irak.jpeg","contentUrl":"https:\/\/lasentinelle.dz\/wp-content\/uploads\/2021\/08\/sommet-irak.jpeg","width":1399,"height":937},{"@type":"BreadcrumbList","@id":"https:\/\/lasentinelle.dz\/index.php\/2021\/08\/29\/sommet-regional-de-bagdad-lafghanistan-et-la-menace-de-lei-au-menu\/#breadcrumb","itemListElement":[{"@type":"ListItem","position":1,"name":"Accueil","item":"https:\/\/lasentinelle.dz\/"},{"@type":"ListItem","position":2,"name":"Sommet r\u00e9gional de Bagdad : L&rsquo;Afghanistan et la \u00ab\u00a0menace\u00a0\u00bb de l&rsquo;EI au menu"}]},{"@type":"WebSite","@id":"https:\/\/lasentinelle.dz\/#website","url":"https:\/\/lasentinelle.dz\/","name":"La Sentinelle","description":"Quotidien national d&#039;information","publisher":{"@id":"https:\/\/lasentinelle.dz\/#organization"},"potentialAction":[{"@type":"SearchAction","target":{"@type":"EntryPoint","urlTemplate":"https:\/\/lasentinelle.dz\/?s={search_term_string}"},"query-input":{"@type":"PropertyValueSpecification","valueRequired":true,"valueName":"search_term_string"}}],"inLanguage":"fr-FR"},{"@type":"Organization","@id":"https:\/\/lasentinelle.dz\/#organization","name":"Quotidien La Sentinelle","url":"https:\/\/lasentinelle.dz\/","logo":{"@type":"ImageObject","inLanguage":"fr-FR","@id":"https:\/\/lasentinelle.dz\/#\/schema\/logo\/image\/","url":"https:\/\/lasentinelle.dz\/wp-content\/uploads\/2021\/09\/logo-sentinelleSLOGAN-1.png","contentUrl":"https:\/\/lasentinelle.dz\/wp-content\/uploads\/2021\/09\/logo-sentinelleSLOGAN-1.png","width":615,"height":142,"caption":"Quotidien La Sentinelle"},"image":{"@id":"https:\/\/lasentinelle.dz\/#\/schema\/logo\/image\/"},"sameAs":["https:\/\/www.facebook.com\/La-Sentinelle-104059864394773"]},{"@type":"Person","@id":"https:\/\/lasentinelle.dz\/#\/schema\/person\/d865044e22e70a75174ce8bcad3acfb3","name":"La Sentinelle","image":{"@type":"ImageObject","inLanguage":"fr-FR","@id":"https:\/\/secure.gravatar.com\/avatar\/57de8e5d4b15d43fb361a71fbb36338450fe67865b528a43dd10ef7c51a20392?s=96&d=mm&r=g","url":"https:\/\/secure.gravatar.com\/avatar\/57de8e5d4b15d43fb361a71fbb36338450fe67865b528a43dd10ef7c51a20392?s=96&d=mm&r=g","contentUrl":"https:\/\/secure.gravatar.com\/avatar\/57de8e5d4b15d43fb361a71fbb36338450fe67865b528a43dd10ef7c51a20392?s=96&d=mm&r=g","caption":"La Sentinelle"},"sameAs":["http:\/\/www.lasentinelle.dz"],"url":"https:\/\/lasentinelle.dz\/author\/redaction\/"}]}},"_links":{"self":[{"href":"https:\/\/lasentinelle.dz\/index.php\/wp-json\/wp\/v2\/posts\/5668","targetHints":{"allow":["GET"]}}],"collection":[{"href":"https:\/\/lasentinelle.dz\/index.php\/wp-json\/wp\/v2\/posts"}],"about":[{"href":"https:\/\/lasentinelle.dz\/index.php\/wp-json\/wp\/v2\/types\/post"}],"author":[{"embeddable":true,"href":"https:\/\/lasentinelle.dz\/index.php\/wp-json\/wp\/v2\/users\/3"}],"replies":[{"embeddable":true,"href":"https:\/\/lasentinelle.dz\/index.php\/wp-json\/wp\/v2\/comments?post=5668"}],"version-history":[{"count":1,"href":"https:\/\/lasentinelle.dz\/index.php\/wp-json\/wp\/v2\/posts\/5668\/revisions"}],"predecessor-version":[{"id":5680,"href":"https:\/\/lasentinelle.dz\/index.php\/wp-json\/wp\/v2\/posts\/5668\/revisions\/5680"}],"wp:featuredmedia":[{"embeddable":true,"href":"https:\/\/lasentinelle.dz\/index.php\/wp-json\/wp\/v2\/media\/5679"}],"wp:attachment":[{"href":"https:\/\/lasentinelle.dz\/index.php\/wp-json\/wp\/v2\/media?parent=5668"}],"wp:term":[{"taxonomy":"category","embeddable":true,"href":"https:\/\/lasentinelle.dz\/index.php\/wp-json\/wp\/v2\/categories?post=5668"},{"taxonomy":"post_tag","embeddable":true,"href":"https:\/\/lasentinelle.dz\/index.php\/wp-json\/wp\/v2\/tags?post=5668"}],"curies":[{"name":"wp","href":"https:\/\/api.w.org\/{rel}","templated":true}]}}