{"id":56680,"date":"2024-09-01T15:57:21","date_gmt":"2024-09-01T14:57:21","guid":{"rendered":"https:\/\/lasentinelle.dz\/?p=56680"},"modified":"2024-09-06T15:57:54","modified_gmt":"2024-09-06T14:57:54","slug":"abdelmadjid-tebboune-a-anime-un-meeting-jeudi-a-djanet-lalgerie-a-ete-remise-sur-les-rails","status":"publish","type":"post","link":"https:\/\/lasentinelle.dz\/index.php\/2024\/09\/01\/abdelmadjid-tebboune-a-anime-un-meeting-jeudi-a-djanet-lalgerie-a-ete-remise-sur-les-rails\/","title":{"rendered":"Abdelmadjid Tebboune a anim\u00e9 un meeting jeudi \u00e0 Djanet: \u00a0\u00ab\u00a0L&rsquo;Alg\u00e9rie a \u00e9t\u00e9 remise sur les rails\u00a0\u00bb"},"content":{"rendered":"\n<p>Le candidat ind\u00e9pendant \u00e0 la pr\u00e9sidentielle du 7 septembre, Abdelmadjid Tebboune, a fait campagne jeudi \u00e0 Djanet, dans le sud du pays. Lors d&rsquo;un meeting \u00e0 la salle omnisports de la ville, il s&rsquo;est engag\u00e9 \u00e0 mettre en \u0153uvre de nombreux projets de d\u00e9veloppement dans les r\u00e9gions du sud s&rsquo;il est r\u00e9\u00e9lu. \u00ab\u00a0Je m&rsquo;engage, si le peuple me renouvelle sa confiance, \u00e0 r\u00e9unir tous les moyens n\u00e9cessaires \u00e0 la concr\u00e9tisation de projets dans tous les domaines, notamment ceux port\u00e9s par les jeunes\u00a0\u00bb, a d\u00e9clar\u00e9 M. Tebboune. Il a soulign\u00e9 l&rsquo;importance d&rsquo;assurer un cadre de vie d\u00e9cent aux habitants du sud.<\/p>\n\n\n\n<p>Le pr\u00e9sident sortant qui brigue un second mandat a appel\u00e9 les jeunes de Djanet et du Sud en g\u00e9n\u00e9ral \u00e0 cr\u00e9er des start-ups dans les secteurs de l&rsquo;agriculture, de l&rsquo;\u00e9levage, du tourisme et des services. Il a promis de les soutenir afin qu&rsquo;ils contribuent au d\u00e9veloppement de la r\u00e9gion. M. Tebboune s&rsquo;est r\u00e9joui de \u00ab\u00a0la satisfaction manifest\u00e9e aujourd&rsquo;hui par les jeunes Alg\u00e9riens dans leur pays\u00a0\u00bb, notant que beaucoup sont pr\u00eats \u00e0 mettre leur exp\u00e9rience acquise \u00e0 l&rsquo;\u00e9tranger au service de la patrie. Mettant en avant le r\u00f4le crucial des habitants du Sud dans la protection du pays, le candidat s&rsquo;est engag\u00e9, en cas de victoire, \u00e0 tenir une r\u00e9union du gouvernement \u00e0 Djanet. L&rsquo;objectif serait de recueillir les revendications des habitants, comme cela a \u00e9t\u00e9 fait ces derni\u00e8res ann\u00e9es dans d&rsquo;autres r\u00e9gions telles que Khenchela, Tissemsilt et Tindouf.<\/p>\n\n\n\n<p>Tebboune a affirm\u00e9 conna\u00eetre les besoins de la r\u00e9gion et a promis d&rsquo;acc\u00e9l\u00e9rer sa dynamique de d\u00e9veloppement. Il s&rsquo;est notamment engag\u00e9 \u00e0 ouvrir des postes frontaliers avec le Niger et la Libye, qualifi\u00e9s de \u00ab\u00a0pays fr\u00e8res\u00a0\u00bb, et \u00e0 cr\u00e9er des zones franches. Le candidat estime que la forte production alg\u00e9rienne dans plusieurs secteurs, comme l&rsquo;industrie pharmaceutique, l&rsquo;\u00e9lectrom\u00e9nager et les industries de transformation, permettra de commercialiser ces produits dans les pays voisins. Le d\u00e9veloppement du tourisme saharien, en particulier \u00e0 Djanet, figure parmi les priorit\u00e9s annonc\u00e9es par le vadidat. Il a promis d&rsquo;accorder de nombreuses facilit\u00e9s pour stimuler ce secteur, soulignant le fort potentiel de Djanet dans les domaines de l&rsquo;agriculture, du tourisme et des services.<\/p>\n\n\n\n<p>Au cours de son discours, le candidat a rappel\u00e9 les r\u00e9alisations accomplies depuis 2019. Il a \u00e9voqu\u00e9 la lutte contre la corruption et le d\u00e9tournement des fonds publics, la reconstruction \u00e9conomique et la mise en \u0153uvre de ses 54 engagements, en r\u00e9f\u00e9rence \u00e0 la R\u00e9volution de Novembre 1954. Il a soulign\u00e9 l&rsquo;Alg\u00e9rie a \u00e9t\u00e9 \u00ab\u00a0remise sur les rails\u00a0\u00bb ces derni\u00e8res ann\u00e9es, comme en t\u00e9moignent \u00ab\u00a0les nombreux aspects positifs notables dans plusieurs domaines\u00a0\u00bb. Il a \u00e9galement soulign\u00e9 que le pays a retrouv\u00e9 sa place sur la sc\u00e8ne internationale.<\/p>\n\n\n\n<p>Tebboune a r\u00e9affirm\u00e9 son engagement \u00e0 \u00ab\u00a0demeurer fid\u00e8le au serment des vaillants Chouhada et Moudjahidine\u00a0\u00bb. Il a assur\u00e9 qu&rsquo;il continuerait \u00e0 d\u00e9fendre les peuples opprim\u00e9s et les causes justes dans le monde, notamment les causes palestinienne et sahraouie. Le candidat a \u00e9galement promis de soutenir les pays voisins et fr\u00e8res, citant l&rsquo;exemple du Niger. \u00ab\u00a0L&rsquo;Alg\u00e9rie est un pays qui \u0153uvre pour le bien de tous et qui combat la tyrannie. Il en sera toujours ainsi\u00a0\u00bb, a-t-il d\u00e9clar\u00e9. Abdelmadjid Tebboune a appel\u00e9 les citoyens \u00e0 \u00ab\u00a0aller massivement aux urnes le 7 septembre prochain\u00a0\u00bb pour lui renouveler leur confiance. Il a soulign\u00e9 que cela lui permettrait de poursuivre les r\u00e9alisations attendues par le peuple alg\u00e9rien.<\/p>\n\n\n\n<p>Chokri Hafed<\/p>\n","protected":false},"excerpt":{"rendered":"<p>Le candidat ind\u00e9pendant \u00e0 la pr\u00e9sidentielle du 7 septembre, Abdelmadjid Tebboune, a fait campagne jeudi \u00e0 Djanet, dans le sud<\/p>\n","protected":false},"author":6,"featured_media":56681,"comment_status":"open","ping_status":"closed","sticky":false,"template":"","format":"standard","meta":{"colormag_page_container_layout":"default_layout","colormag_page_sidebar_layout":"default_layout","om_disable_all_campaigns":false,"_monsterinsights_skip_tracking":false,"_monsterinsights_sitenote_active":false,"_monsterinsights_sitenote_note":"","_monsterinsights_sitenote_category":0,"footnotes":"","_wpscppro_dont_share_socialmedia":false,"_wpscppro_custom_social_share_image":0,"_facebook_share_type":"default","_twitter_share_type":"default","_linkedin_share_type":"default","_pinterest_share_type":"default","_linkedin_share_type_page":"","_instagram_share_type":"default","_medium_share_type":"","_threads_share_type":"","_google_business_share_type":"","_selected_social_profile":[],"_wpsp_enable_custom_social_template":false,"_wpsp_social_scheduling":{"enabled":false,"datetime":null,"platforms":[],"status":"template_only","dateOption":"today","timeOption":"now","customDays":"","customHours":"","customDate":"","customTime":"","schedulingType":"absolute"},"_wpsp_active_default_template":true},"categories":[87],"tags":[],"class_list":["post-56680","post","type-post","status-publish","format-standard","has-post-thumbnail","hentry","category-presidentielle-2024"],"aioseo_notices":[],"yoast_head":"<!-- This site is optimized with the Yoast SEO plugin v27.5 - https:\/\/yoast.com\/product\/yoast-seo-wordpress\/ -->\n<title>Abdelmadjid Tebboune a anim\u00e9 un meeting jeudi \u00e0 Djanet: \u00a0\u00ab\u00a0L&rsquo;Alg\u00e9rie a \u00e9t\u00e9 remise sur les rails\u00a0\u00bb - La Sentinelle<\/title>\n<meta name=\"robots\" content=\"index, follow, max-snippet:-1, max-image-preview:large, max-video-preview:-1\" \/>\n<link rel=\"canonical\" href=\"https:\/\/lasentinelle.dz\/index.php\/2024\/09\/01\/abdelmadjid-tebboune-a-anime-un-meeting-jeudi-a-djanet-lalgerie-a-ete-remise-sur-les-rails\/\" \/>\n<meta property=\"og:locale\" content=\"fr_FR\" \/>\n<meta property=\"og:type\" content=\"article\" \/>\n<meta property=\"og:title\" content=\"Abdelmadjid Tebboune a anim\u00e9 un meeting jeudi \u00e0 Djanet: \u00a0\u00ab\u00a0L&rsquo;Alg\u00e9rie a \u00e9t\u00e9 remise sur les rails\u00a0\u00bb - La Sentinelle\" \/>\n<meta property=\"og:description\" content=\"Le candidat ind\u00e9pendant \u00e0 la pr\u00e9sidentielle du 7 septembre, Abdelmadjid Tebboune, a fait campagne jeudi \u00e0 Djanet, dans le sud\" \/>\n<meta property=\"og:url\" content=\"https:\/\/lasentinelle.dz\/index.php\/2024\/09\/01\/abdelmadjid-tebboune-a-anime-un-meeting-jeudi-a-djanet-lalgerie-a-ete-remise-sur-les-rails\/\" \/>\n<meta property=\"og:site_name\" content=\"La Sentinelle\" \/>\n<meta property=\"article:publisher\" content=\"https:\/\/www.facebook.com\/La-Sentinelle-104059864394773\" \/>\n<meta property=\"article:published_time\" content=\"2024-09-01T14:57:21+00:00\" \/>\n<meta property=\"article:modified_time\" content=\"2024-09-06T14:57:54+00:00\" \/>\n<meta property=\"og:image\" content=\"https:\/\/lasentinelle.dz\/wp-content\/uploads\/2024\/09\/tebboune-1.jpg\" \/>\n\t<meta property=\"og:image:width\" content=\"1080\" \/>\n\t<meta property=\"og:image:height\" content=\"720\" \/>\n\t<meta property=\"og:image:type\" content=\"image\/jpeg\" \/>\n<meta name=\"author\" content=\"admin\" \/>\n<meta name=\"twitter:card\" content=\"summary_large_image\" \/>\n<meta name=\"twitter:label1\" content=\"\u00c9crit par\" \/>\n\t<meta name=\"twitter:data1\" content=\"admin\" \/>\n\t<meta name=\"twitter:label2\" content=\"Dur\u00e9e de lecture estim\u00e9e\" \/>\n\t<meta name=\"twitter:data2\" content=\"4 minutes\" \/>\n<script type=\"application\/ld+json\" class=\"yoast-schema-graph\">{\"@context\":\"https:\\\/\\\/schema.org\",\"@graph\":[{\"@type\":\"Article\",\"@id\":\"https:\\\/\\\/lasentinelle.dz\\\/index.php\\\/2024\\\/09\\\/01\\\/abdelmadjid-tebboune-a-anime-un-meeting-jeudi-a-djanet-lalgerie-a-ete-remise-sur-les-rails\\\/#article\",\"isPartOf\":{\"@id\":\"https:\\\/\\\/lasentinelle.dz\\\/index.php\\\/2024\\\/09\\\/01\\\/abdelmadjid-tebboune-a-anime-un-meeting-jeudi-a-djanet-lalgerie-a-ete-remise-sur-les-rails\\\/\"},\"author\":{\"name\":\"admin\",\"@id\":\"https:\\\/\\\/lasentinelle.dz\\\/#\\\/schema\\\/person\\\/729ee0024f24e0b8c5ec17232f8e8b41\"},\"headline\":\"Abdelmadjid Tebboune a anim\u00e9 un meeting jeudi \u00e0 Djanet: \u00a0\u00ab\u00a0L&rsquo;Alg\u00e9rie a \u00e9t\u00e9 remise sur les rails\u00a0\u00bb\",\"datePublished\":\"2024-09-01T14:57:21+00:00\",\"dateModified\":\"2024-09-06T14:57:54+00:00\",\"mainEntityOfPage\":{\"@id\":\"https:\\\/\\\/lasentinelle.dz\\\/index.php\\\/2024\\\/09\\\/01\\\/abdelmadjid-tebboune-a-anime-un-meeting-jeudi-a-djanet-lalgerie-a-ete-remise-sur-les-rails\\\/\"},\"wordCount\":635,\"commentCount\":0,\"publisher\":{\"@id\":\"https:\\\/\\\/lasentinelle.dz\\\/#organization\"},\"image\":{\"@id\":\"https:\\\/\\\/lasentinelle.dz\\\/index.php\\\/2024\\\/09\\\/01\\\/abdelmadjid-tebboune-a-anime-un-meeting-jeudi-a-djanet-lalgerie-a-ete-remise-sur-les-rails\\\/#primaryimage\"},\"thumbnailUrl\":\"https:\\\/\\\/lasentinelle.dz\\\/wp-content\\\/uploads\\\/2024\\\/09\\\/tebboune-1.jpg\",\"articleSection\":[\"Pr\u00e9sidentielle 2024\"],\"inLanguage\":\"fr-FR\",\"potentialAction\":[{\"@type\":\"CommentAction\",\"name\":\"Comment\",\"target\":[\"https:\\\/\\\/lasentinelle.dz\\\/index.php\\\/2024\\\/09\\\/01\\\/abdelmadjid-tebboune-a-anime-un-meeting-jeudi-a-djanet-lalgerie-a-ete-remise-sur-les-rails\\\/#respond\"]}]},{\"@type\":\"WebPage\",\"@id\":\"https:\\\/\\\/lasentinelle.dz\\\/index.php\\\/2024\\\/09\\\/01\\\/abdelmadjid-tebboune-a-anime-un-meeting-jeudi-a-djanet-lalgerie-a-ete-remise-sur-les-rails\\\/\",\"url\":\"https:\\\/\\\/lasentinelle.dz\\\/index.php\\\/2024\\\/09\\\/01\\\/abdelmadjid-tebboune-a-anime-un-meeting-jeudi-a-djanet-lalgerie-a-ete-remise-sur-les-rails\\\/\",\"name\":\"Abdelmadjid Tebboune a anim\u00e9 un meeting jeudi \u00e0 Djanet: \u00a0\u00ab\u00a0L&rsquo;Alg\u00e9rie a \u00e9t\u00e9 remise sur les rails\u00a0\u00bb - La Sentinelle\",\"isPartOf\":{\"@id\":\"https:\\\/\\\/lasentinelle.dz\\\/#website\"},\"primaryImageOfPage\":{\"@id\":\"https:\\\/\\\/lasentinelle.dz\\\/index.php\\\/2024\\\/09\\\/01\\\/abdelmadjid-tebboune-a-anime-un-meeting-jeudi-a-djanet-lalgerie-a-ete-remise-sur-les-rails\\\/#primaryimage\"},\"image\":{\"@id\":\"https:\\\/\\\/lasentinelle.dz\\\/index.php\\\/2024\\\/09\\\/01\\\/abdelmadjid-tebboune-a-anime-un-meeting-jeudi-a-djanet-lalgerie-a-ete-remise-sur-les-rails\\\/#primaryimage\"},\"thumbnailUrl\":\"https:\\\/\\\/lasentinelle.dz\\\/wp-content\\\/uploads\\\/2024\\\/09\\\/tebboune-1.jpg\",\"datePublished\":\"2024-09-01T14:57:21+00:00\",\"dateModified\":\"2024-09-06T14:57:54+00:00\",\"breadcrumb\":{\"@id\":\"https:\\\/\\\/lasentinelle.dz\\\/index.php\\\/2024\\\/09\\\/01\\\/abdelmadjid-tebboune-a-anime-un-meeting-jeudi-a-djanet-lalgerie-a-ete-remise-sur-les-rails\\\/#breadcrumb\"},\"inLanguage\":\"fr-FR\",\"potentialAction\":[{\"@type\":\"ReadAction\",\"target\":[\"https:\\\/\\\/lasentinelle.dz\\\/index.php\\\/2024\\\/09\\\/01\\\/abdelmadjid-tebboune-a-anime-un-meeting-jeudi-a-djanet-lalgerie-a-ete-remise-sur-les-rails\\\/\"]}]},{\"@type\":\"ImageObject\",\"inLanguage\":\"fr-FR\",\"@id\":\"https:\\\/\\\/lasentinelle.dz\\\/index.php\\\/2024\\\/09\\\/01\\\/abdelmadjid-tebboune-a-anime-un-meeting-jeudi-a-djanet-lalgerie-a-ete-remise-sur-les-rails\\\/#primaryimage\",\"url\":\"https:\\\/\\\/lasentinelle.dz\\\/wp-content\\\/uploads\\\/2024\\\/09\\\/tebboune-1.jpg\",\"contentUrl\":\"https:\\\/\\\/lasentinelle.dz\\\/wp-content\\\/uploads\\\/2024\\\/09\\\/tebboune-1.jpg\",\"width\":1080,\"height\":720},{\"@type\":\"BreadcrumbList\",\"@id\":\"https:\\\/\\\/lasentinelle.dz\\\/index.php\\\/2024\\\/09\\\/01\\\/abdelmadjid-tebboune-a-anime-un-meeting-jeudi-a-djanet-lalgerie-a-ete-remise-sur-les-rails\\\/#breadcrumb\",\"itemListElement\":[{\"@type\":\"ListItem\",\"position\":1,\"name\":\"Accueil\",\"item\":\"https:\\\/\\\/lasentinelle.dz\\\/\"},{\"@type\":\"ListItem\",\"position\":2,\"name\":\"Abdelmadjid Tebboune a anim\u00e9 un meeting jeudi \u00e0 Djanet: \u00a0\u00ab\u00a0L&rsquo;Alg\u00e9rie a \u00e9t\u00e9 remise sur les rails\u00a0\u00bb\"}]},{\"@type\":\"WebSite\",\"@id\":\"https:\\\/\\\/lasentinelle.dz\\\/#website\",\"url\":\"https:\\\/\\\/lasentinelle.dz\\\/\",\"name\":\"La Sentinelle\",\"description\":\"Quotidien national d&#039;information\",\"publisher\":{\"@id\":\"https:\\\/\\\/lasentinelle.dz\\\/#organization\"},\"potentialAction\":[{\"@type\":\"SearchAction\",\"target\":{\"@type\":\"EntryPoint\",\"urlTemplate\":\"https:\\\/\\\/lasentinelle.dz\\\/?s={search_term_string}\"},\"query-input\":{\"@type\":\"PropertyValueSpecification\",\"valueRequired\":true,\"valueName\":\"search_term_string\"}}],\"inLanguage\":\"fr-FR\"},{\"@type\":\"Organization\",\"@id\":\"https:\\\/\\\/lasentinelle.dz\\\/#organization\",\"name\":\"Quotidien La Sentinelle\",\"url\":\"https:\\\/\\\/lasentinelle.dz\\\/\",\"logo\":{\"@type\":\"ImageObject\",\"inLanguage\":\"fr-FR\",\"@id\":\"https:\\\/\\\/lasentinelle.dz\\\/#\\\/schema\\\/logo\\\/image\\\/\",\"url\":\"https:\\\/\\\/lasentinelle.dz\\\/wp-content\\\/uploads\\\/2021\\\/09\\\/logo-sentinelleSLOGAN-1.png\",\"contentUrl\":\"https:\\\/\\\/lasentinelle.dz\\\/wp-content\\\/uploads\\\/2021\\\/09\\\/logo-sentinelleSLOGAN-1.png\",\"width\":615,\"height\":142,\"caption\":\"Quotidien La Sentinelle\"},\"image\":{\"@id\":\"https:\\\/\\\/lasentinelle.dz\\\/#\\\/schema\\\/logo\\\/image\\\/\"},\"sameAs\":[\"https:\\\/\\\/www.facebook.com\\\/La-Sentinelle-104059864394773\"]},{\"@type\":\"Person\",\"@id\":\"https:\\\/\\\/lasentinelle.dz\\\/#\\\/schema\\\/person\\\/729ee0024f24e0b8c5ec17232f8e8b41\",\"name\":\"admin\",\"image\":{\"@type\":\"ImageObject\",\"inLanguage\":\"fr-FR\",\"@id\":\"https:\\\/\\\/secure.gravatar.com\\\/avatar\\\/4c81fed838786e9b53f540bf46533e750f5d292099ae3b66cfc6fb1982e29df7?s=96&d=mm&r=g\",\"url\":\"https:\\\/\\\/secure.gravatar.com\\\/avatar\\\/4c81fed838786e9b53f540bf46533e750f5d292099ae3b66cfc6fb1982e29df7?s=96&d=mm&r=g\",\"contentUrl\":\"https:\\\/\\\/secure.gravatar.com\\\/avatar\\\/4c81fed838786e9b53f540bf46533e750f5d292099ae3b66cfc6fb1982e29df7?s=96&d=mm&r=g\",\"caption\":\"admin\"},\"description\":\"admin\",\"url\":\"https:\\\/\\\/lasentinelle.dz\\\/author\\\/admin\\\/\"}]}<\/script>\n<!-- \/ Yoast SEO plugin. -->","yoast_head_json":{"title":"Abdelmadjid Tebboune a anim\u00e9 un meeting jeudi \u00e0 Djanet: \u00a0\u00ab\u00a0L&rsquo;Alg\u00e9rie a \u00e9t\u00e9 remise sur les rails\u00a0\u00bb - La Sentinelle","robots":{"index":"index","follow":"follow","max-snippet":"max-snippet:-1","max-image-preview":"max-image-preview:large","max-video-preview":"max-video-preview:-1"},"canonical":"https:\/\/lasentinelle.dz\/index.php\/2024\/09\/01\/abdelmadjid-tebboune-a-anime-un-meeting-jeudi-a-djanet-lalgerie-a-ete-remise-sur-les-rails\/","og_locale":"fr_FR","og_type":"article","og_title":"Abdelmadjid Tebboune a anim\u00e9 un meeting jeudi \u00e0 Djanet: \u00a0\u00ab\u00a0L&rsquo;Alg\u00e9rie a \u00e9t\u00e9 remise sur les rails\u00a0\u00bb - La Sentinelle","og_description":"Le candidat ind\u00e9pendant \u00e0 la pr\u00e9sidentielle du 7 septembre, Abdelmadjid Tebboune, a fait campagne jeudi \u00e0 Djanet, dans le sud","og_url":"https:\/\/lasentinelle.dz\/index.php\/2024\/09\/01\/abdelmadjid-tebboune-a-anime-un-meeting-jeudi-a-djanet-lalgerie-a-ete-remise-sur-les-rails\/","og_site_name":"La Sentinelle","article_publisher":"https:\/\/www.facebook.com\/La-Sentinelle-104059864394773","article_published_time":"2024-09-01T14:57:21+00:00","article_modified_time":"2024-09-06T14:57:54+00:00","og_image":[{"width":1080,"height":720,"url":"https:\/\/lasentinelle.dz\/wp-content\/uploads\/2024\/09\/tebboune-1.jpg","type":"image\/jpeg"}],"author":"admin","twitter_card":"summary_large_image","twitter_misc":{"\u00c9crit par":"admin","Dur\u00e9e de lecture estim\u00e9e":"4 minutes"},"schema":{"@context":"https:\/\/schema.org","@graph":[{"@type":"Article","@id":"https:\/\/lasentinelle.dz\/index.php\/2024\/09\/01\/abdelmadjid-tebboune-a-anime-un-meeting-jeudi-a-djanet-lalgerie-a-ete-remise-sur-les-rails\/#article","isPartOf":{"@id":"https:\/\/lasentinelle.dz\/index.php\/2024\/09\/01\/abdelmadjid-tebboune-a-anime-un-meeting-jeudi-a-djanet-lalgerie-a-ete-remise-sur-les-rails\/"},"author":{"name":"admin","@id":"https:\/\/lasentinelle.dz\/#\/schema\/person\/729ee0024f24e0b8c5ec17232f8e8b41"},"headline":"Abdelmadjid Tebboune a anim\u00e9 un meeting jeudi \u00e0 Djanet: \u00a0\u00ab\u00a0L&rsquo;Alg\u00e9rie a \u00e9t\u00e9 remise sur les rails\u00a0\u00bb","datePublished":"2024-09-01T14:57:21+00:00","dateModified":"2024-09-06T14:57:54+00:00","mainEntityOfPage":{"@id":"https:\/\/lasentinelle.dz\/index.php\/2024\/09\/01\/abdelmadjid-tebboune-a-anime-un-meeting-jeudi-a-djanet-lalgerie-a-ete-remise-sur-les-rails\/"},"wordCount":635,"commentCount":0,"publisher":{"@id":"https:\/\/lasentinelle.dz\/#organization"},"image":{"@id":"https:\/\/lasentinelle.dz\/index.php\/2024\/09\/01\/abdelmadjid-tebboune-a-anime-un-meeting-jeudi-a-djanet-lalgerie-a-ete-remise-sur-les-rails\/#primaryimage"},"thumbnailUrl":"https:\/\/lasentinelle.dz\/wp-content\/uploads\/2024\/09\/tebboune-1.jpg","articleSection":["Pr\u00e9sidentielle 2024"],"inLanguage":"fr-FR","potentialAction":[{"@type":"CommentAction","name":"Comment","target":["https:\/\/lasentinelle.dz\/index.php\/2024\/09\/01\/abdelmadjid-tebboune-a-anime-un-meeting-jeudi-a-djanet-lalgerie-a-ete-remise-sur-les-rails\/#respond"]}]},{"@type":"WebPage","@id":"https:\/\/lasentinelle.dz\/index.php\/2024\/09\/01\/abdelmadjid-tebboune-a-anime-un-meeting-jeudi-a-djanet-lalgerie-a-ete-remise-sur-les-rails\/","url":"https:\/\/lasentinelle.dz\/index.php\/2024\/09\/01\/abdelmadjid-tebboune-a-anime-un-meeting-jeudi-a-djanet-lalgerie-a-ete-remise-sur-les-rails\/","name":"Abdelmadjid Tebboune a anim\u00e9 un meeting jeudi \u00e0 Djanet: \u00a0\u00ab\u00a0L&rsquo;Alg\u00e9rie a \u00e9t\u00e9 remise sur les rails\u00a0\u00bb - La Sentinelle","isPartOf":{"@id":"https:\/\/lasentinelle.dz\/#website"},"primaryImageOfPage":{"@id":"https:\/\/lasentinelle.dz\/index.php\/2024\/09\/01\/abdelmadjid-tebboune-a-anime-un-meeting-jeudi-a-djanet-lalgerie-a-ete-remise-sur-les-rails\/#primaryimage"},"image":{"@id":"https:\/\/lasentinelle.dz\/index.php\/2024\/09\/01\/abdelmadjid-tebboune-a-anime-un-meeting-jeudi-a-djanet-lalgerie-a-ete-remise-sur-les-rails\/#primaryimage"},"thumbnailUrl":"https:\/\/lasentinelle.dz\/wp-content\/uploads\/2024\/09\/tebboune-1.jpg","datePublished":"2024-09-01T14:57:21+00:00","dateModified":"2024-09-06T14:57:54+00:00","breadcrumb":{"@id":"https:\/\/lasentinelle.dz\/index.php\/2024\/09\/01\/abdelmadjid-tebboune-a-anime-un-meeting-jeudi-a-djanet-lalgerie-a-ete-remise-sur-les-rails\/#breadcrumb"},"inLanguage":"fr-FR","potentialAction":[{"@type":"ReadAction","target":["https:\/\/lasentinelle.dz\/index.php\/2024\/09\/01\/abdelmadjid-tebboune-a-anime-un-meeting-jeudi-a-djanet-lalgerie-a-ete-remise-sur-les-rails\/"]}]},{"@type":"ImageObject","inLanguage":"fr-FR","@id":"https:\/\/lasentinelle.dz\/index.php\/2024\/09\/01\/abdelmadjid-tebboune-a-anime-un-meeting-jeudi-a-djanet-lalgerie-a-ete-remise-sur-les-rails\/#primaryimage","url":"https:\/\/lasentinelle.dz\/wp-content\/uploads\/2024\/09\/tebboune-1.jpg","contentUrl":"https:\/\/lasentinelle.dz\/wp-content\/uploads\/2024\/09\/tebboune-1.jpg","width":1080,"height":720},{"@type":"BreadcrumbList","@id":"https:\/\/lasentinelle.dz\/index.php\/2024\/09\/01\/abdelmadjid-tebboune-a-anime-un-meeting-jeudi-a-djanet-lalgerie-a-ete-remise-sur-les-rails\/#breadcrumb","itemListElement":[{"@type":"ListItem","position":1,"name":"Accueil","item":"https:\/\/lasentinelle.dz\/"},{"@type":"ListItem","position":2,"name":"Abdelmadjid Tebboune a anim\u00e9 un meeting jeudi \u00e0 Djanet: \u00a0\u00ab\u00a0L&rsquo;Alg\u00e9rie a \u00e9t\u00e9 remise sur les rails\u00a0\u00bb"}]},{"@type":"WebSite","@id":"https:\/\/lasentinelle.dz\/#website","url":"https:\/\/lasentinelle.dz\/","name":"La Sentinelle","description":"Quotidien national d&#039;information","publisher":{"@id":"https:\/\/lasentinelle.dz\/#organization"},"potentialAction":[{"@type":"SearchAction","target":{"@type":"EntryPoint","urlTemplate":"https:\/\/lasentinelle.dz\/?s={search_term_string}"},"query-input":{"@type":"PropertyValueSpecification","valueRequired":true,"valueName":"search_term_string"}}],"inLanguage":"fr-FR"},{"@type":"Organization","@id":"https:\/\/lasentinelle.dz\/#organization","name":"Quotidien La Sentinelle","url":"https:\/\/lasentinelle.dz\/","logo":{"@type":"ImageObject","inLanguage":"fr-FR","@id":"https:\/\/lasentinelle.dz\/#\/schema\/logo\/image\/","url":"https:\/\/lasentinelle.dz\/wp-content\/uploads\/2021\/09\/logo-sentinelleSLOGAN-1.png","contentUrl":"https:\/\/lasentinelle.dz\/wp-content\/uploads\/2021\/09\/logo-sentinelleSLOGAN-1.png","width":615,"height":142,"caption":"Quotidien La Sentinelle"},"image":{"@id":"https:\/\/lasentinelle.dz\/#\/schema\/logo\/image\/"},"sameAs":["https:\/\/www.facebook.com\/La-Sentinelle-104059864394773"]},{"@type":"Person","@id":"https:\/\/lasentinelle.dz\/#\/schema\/person\/729ee0024f24e0b8c5ec17232f8e8b41","name":"admin","image":{"@type":"ImageObject","inLanguage":"fr-FR","@id":"https:\/\/secure.gravatar.com\/avatar\/4c81fed838786e9b53f540bf46533e750f5d292099ae3b66cfc6fb1982e29df7?s=96&d=mm&r=g","url":"https:\/\/secure.gravatar.com\/avatar\/4c81fed838786e9b53f540bf46533e750f5d292099ae3b66cfc6fb1982e29df7?s=96&d=mm&r=g","contentUrl":"https:\/\/secure.gravatar.com\/avatar\/4c81fed838786e9b53f540bf46533e750f5d292099ae3b66cfc6fb1982e29df7?s=96&d=mm&r=g","caption":"admin"},"description":"admin","url":"https:\/\/lasentinelle.dz\/author\/admin\/"}]}},"_links":{"self":[{"href":"https:\/\/lasentinelle.dz\/index.php\/wp-json\/wp\/v2\/posts\/56680","targetHints":{"allow":["GET"]}}],"collection":[{"href":"https:\/\/lasentinelle.dz\/index.php\/wp-json\/wp\/v2\/posts"}],"about":[{"href":"https:\/\/lasentinelle.dz\/index.php\/wp-json\/wp\/v2\/types\/post"}],"author":[{"embeddable":true,"href":"https:\/\/lasentinelle.dz\/index.php\/wp-json\/wp\/v2\/users\/6"}],"replies":[{"embeddable":true,"href":"https:\/\/lasentinelle.dz\/index.php\/wp-json\/wp\/v2\/comments?post=56680"}],"version-history":[{"count":2,"href":"https:\/\/lasentinelle.dz\/index.php\/wp-json\/wp\/v2\/posts\/56680\/revisions"}],"predecessor-version":[{"id":56683,"href":"https:\/\/lasentinelle.dz\/index.php\/wp-json\/wp\/v2\/posts\/56680\/revisions\/56683"}],"wp:featuredmedia":[{"embeddable":true,"href":"https:\/\/lasentinelle.dz\/index.php\/wp-json\/wp\/v2\/media\/56681"}],"wp:attachment":[{"href":"https:\/\/lasentinelle.dz\/index.php\/wp-json\/wp\/v2\/media?parent=56680"}],"wp:term":[{"taxonomy":"category","embeddable":true,"href":"https:\/\/lasentinelle.dz\/index.php\/wp-json\/wp\/v2\/categories?post=56680"},{"taxonomy":"post_tag","embeddable":true,"href":"https:\/\/lasentinelle.dz\/index.php\/wp-json\/wp\/v2\/tags?post=56680"}],"curies":[{"name":"wp","href":"https:\/\/api.w.org\/{rel}","templated":true}]}}