{"id":56703,"date":"2024-09-08T12:47:13","date_gmt":"2024-09-08T11:47:13","guid":{"rendered":"https:\/\/lasentinelle.dz\/?p=56703"},"modified":"2024-09-08T12:47:13","modified_gmt":"2024-09-08T11:47:13","slug":"sahara-occidental-des-organisations-politiques-syndicales-et-civiles-exhortent-lonu-a-accelerer-la-decolonisation","status":"publish","type":"post","link":"https:\/\/lasentinelle.dz\/index.php\/2024\/09\/08\/sahara-occidental-des-organisations-politiques-syndicales-et-civiles-exhortent-lonu-a-accelerer-la-decolonisation\/","title":{"rendered":"Sahara occidental : Des organisations politiques, syndicales et civiles exhortent l\u2019ONU \u00e0 acc\u00e9l\u00e9rer la d\u00e9colonisation"},"content":{"rendered":"\n<p>Des partis politiques, organisations syndicales et civiles sud-africains ont exhort\u00e9 l\u2019ONU \u00e0 acc\u00e9l\u00e9rer la d\u00e9colonisation du Sahara occidental et \u00e0 permettre \u00e0 l\u2019Afrique de \u00ab tourner la derni\u00e8re page de l\u2019histoire du colonialisme \u00bb \u00e0 travers l\u2019exercice par le peuple sahraoui de son droit \u00e0 l\u2019autod\u00e9termination. Lors d\u2019un s\u00e9minaire organis\u00e9 vendredi \u00e0 Pretoria, des repr\u00e9sentants du Congr\u00e8s national africain (ANC), du parti communiste sud-africain, du Congr\u00e8s des syndicats sud-africains (COSATU), du Syndicat des travailleurs de l\u2019Education et de la Sant\u00e9 et de ses diverses branches, ainsi que du mouvement sud-africain de solidarit\u00e9 avec le peuple sahraoui, ont mis l\u2019accent sur la n\u00e9cessit\u00e9 de soutenir le peuple sahraoui jusqu\u2019\u00e0 son accession \u00e0 l\u2019ind\u00e9pendance. Le pr\u00e9sident du Mouvement de solidarit\u00e9 avec le peuple sahraoui, l\u2019ancien g\u00e9n\u00e9ral sud-africain Keith Mokoape, a condamn\u00e9, \u00e0 l\u2019occasion, les politiques coloniales marocaines, exprimant son \u00ab indignation \u00bb face aux crimes perp\u00e9tr\u00e9s par le Maroc contre le peuple sahraoui. Il a d\u00e9nonc\u00e9, en outre, le pillage par le Maroc des ressources naturelles sahraouies qui se poursuit avec la complicit\u00e9 de \u00ab puissances mondiales \u00bb, affirmant que ces crimes \u00ab ne resteront pas impunis \u00bb. Le pr\u00e9sident du Mouvement de solidarit\u00e9 avec le peuple sahraoui a appel\u00e9, \u00e0 ce titre, l\u2019Union africaine (UA) \u00e0 imposer des sanctions \u00e0 l\u2019encontre du Maroc pour \u00ab violation flagrante des principes fondateurs de l\u2019UA par son occupation ill\u00e9gale et honteuse de certaines parties du territoire sahraoui. \u00bb L\u2019ancien g\u00e9n\u00e9ral Keith Mokoape a rappel\u00e9, dans son intervention, le soutien apport\u00e9 par la R\u00e9publique arabe sahraoui et d\u00e9mocratique (RASD) \u00e0 la lutte anti-apartheid en Afrique du Sud, soulignant que les Sahraouis ont, toujours, plaid\u00e9 pour un durcissement des sanctions africaines et internationales contre le r\u00e9gime de l\u2019apartheid. Evoquant les dimensions juridiques et politiques de la lutte du peuple sahraoui contre l\u2019occupation marocaine, l\u2019avocate Magdalene Moonsamy a rappel\u00e9 que toutes les r\u00e9solutions des Nations unies, l\u2019avis consultatif de la Cour internationale de justice (CIJ) et divers autres avis et jugements de la Cour africaine des droits de l\u2019homme et des peuples et de la Cour europ\u00e9enne de justice, ont tous convenu que \u00ab le Maroc est une force d\u2019occupation \u00bb et qu\u2019il \u00ab ne jouit d\u2019aucune s ouverainet\u00e9 sur le Sahara occidental \u00bb. Selon Magdalene Moonsamy, \u00ab le Maroc viole toutes les r\u00e9solutions onusiennes, d\u00e9cisions et jugements internationaux, et continu \u00e0 commettre des crimes de guerre contre le peuple sahraoui depuis les ann\u00e9es 1970 \u00bb. Elle a relev\u00e9, dans ce contexte, la gravit\u00e9 de la situation des droits de l\u2019homme dans les territoires occup\u00e9s du Sahara occidental, soulignant les souffrances endur\u00e9es par les prisonniers politiques sahraouis en raison de la poursuite de l\u2019occupation marocaine. Lors de ce s\u00e9minaire organis\u00e9 en collaboration avec l\u2019ambassade de la RASD \u00e0 Pretoria, l\u2019ambassadeur sahraoui, Mohamed Yeslem Beissat, a pr\u00e9sent\u00e9 un bref aper\u00e7u des derniers d\u00e9veloppements sur les plans politique, militaire, diplomatique et des droits de l\u2019homme dans la lutte du peuple sahraoui, men\u00e9e par son repr\u00e9sentant l\u00e9gitime et unique, le Front Polisario. Il a r\u00e9it\u00e9r\u00e9, \u00e0 l\u2019occasion, la d\u00e9termination de ce \u00ab fier peuple africain \u00bb \u00e0 poursuivre sa lutte jusqu\u2019\u00e0 la victoire finale.<\/p>\n\n\n\n<p>APS<\/p>\n","protected":false},"excerpt":{"rendered":"<p>Des partis politiques, organisations syndicales et civiles sud-africains ont exhort\u00e9 l\u2019ONU \u00e0 acc\u00e9l\u00e9rer la d\u00e9colonisation du Sahara occidental et \u00e0<\/p>\n","protected":false},"author":6,"featured_media":11367,"comment_status":"open","ping_status":"closed","sticky":false,"template":"","format":"standard","meta":{"colormag_page_container_layout":"default_layout","colormag_page_sidebar_layout":"default_layout","om_disable_all_campaigns":false,"_monsterinsights_skip_tracking":false,"_monsterinsights_sitenote_active":false,"_monsterinsights_sitenote_note":"","_monsterinsights_sitenote_category":0,"footnotes":"","_wpscppro_dont_share_socialmedia":false,"_wpscppro_custom_social_share_image":0,"_facebook_share_type":"default","_twitter_share_type":"default","_linkedin_share_type":"default","_pinterest_share_type":"default","_linkedin_share_type_page":"","_instagram_share_type":"default","_medium_share_type":"","_threads_share_type":"","_google_business_share_type":"","_selected_social_profile":[],"_wpsp_enable_custom_social_template":false,"_wpsp_social_scheduling":{"enabled":false,"datetime":null,"platforms":[],"status":"template_only","dateOption":"today","timeOption":"now","customDays":"","customHours":"","customDate":"","customTime":"","schedulingType":"absolute"},"_wpsp_active_default_template":true},"categories":[37],"tags":[],"class_list":["post-56703","post","type-post","status-publish","format-standard","has-post-thumbnail","hentry","category-monde"],"aioseo_notices":[],"yoast_head":"<!-- This site is optimized with the Yoast SEO plugin v27.4 - https:\/\/yoast.com\/product\/yoast-seo-wordpress\/ -->\n<title>Sahara occidental : Des organisations politiques, syndicales et civiles exhortent l\u2019ONU \u00e0 acc\u00e9l\u00e9rer la d\u00e9colonisation - La Sentinelle<\/title>\n<meta name=\"robots\" content=\"index, follow, max-snippet:-1, max-image-preview:large, max-video-preview:-1\" \/>\n<link rel=\"canonical\" href=\"https:\/\/lasentinelle.dz\/index.php\/2024\/09\/08\/sahara-occidental-des-organisations-politiques-syndicales-et-civiles-exhortent-lonu-a-accelerer-la-decolonisation\/\" \/>\n<meta property=\"og:locale\" content=\"fr_FR\" \/>\n<meta property=\"og:type\" content=\"article\" \/>\n<meta property=\"og:title\" content=\"Sahara occidental : Des organisations politiques, syndicales et civiles exhortent l\u2019ONU \u00e0 acc\u00e9l\u00e9rer la d\u00e9colonisation - La Sentinelle\" \/>\n<meta property=\"og:description\" content=\"Des partis politiques, organisations syndicales et civiles sud-africains ont exhort\u00e9 l\u2019ONU \u00e0 acc\u00e9l\u00e9rer la d\u00e9colonisation du Sahara occidental et \u00e0\" \/>\n<meta property=\"og:url\" content=\"https:\/\/lasentinelle.dz\/index.php\/2024\/09\/08\/sahara-occidental-des-organisations-politiques-syndicales-et-civiles-exhortent-lonu-a-accelerer-la-decolonisation\/\" \/>\n<meta property=\"og:site_name\" content=\"La Sentinelle\" \/>\n<meta property=\"article:publisher\" content=\"https:\/\/www.facebook.com\/La-Sentinelle-104059864394773\" \/>\n<meta property=\"article:published_time\" content=\"2024-09-08T11:47:13+00:00\" \/>\n<meta property=\"og:image\" content=\"https:\/\/lasentinelle.dz\/wp-content\/uploads\/2021\/10\/sahara.jpeg\" \/>\n\t<meta property=\"og:image:width\" content=\"580\" \/>\n\t<meta property=\"og:image:height\" content=\"350\" \/>\n\t<meta property=\"og:image:type\" content=\"image\/jpeg\" \/>\n<meta name=\"author\" content=\"admin\" \/>\n<meta name=\"twitter:card\" content=\"summary_large_image\" \/>\n<meta name=\"twitter:label1\" content=\"\u00c9crit par\" \/>\n\t<meta name=\"twitter:data1\" content=\"admin\" \/>\n\t<meta name=\"twitter:label2\" content=\"Dur\u00e9e de lecture estim\u00e9e\" \/>\n\t<meta name=\"twitter:data2\" content=\"3 minutes\" \/>\n<script type=\"application\/ld+json\" class=\"yoast-schema-graph\">{\"@context\":\"https:\\\/\\\/schema.org\",\"@graph\":[{\"@type\":\"Article\",\"@id\":\"https:\\\/\\\/lasentinelle.dz\\\/index.php\\\/2024\\\/09\\\/08\\\/sahara-occidental-des-organisations-politiques-syndicales-et-civiles-exhortent-lonu-a-accelerer-la-decolonisation\\\/#article\",\"isPartOf\":{\"@id\":\"https:\\\/\\\/lasentinelle.dz\\\/index.php\\\/2024\\\/09\\\/08\\\/sahara-occidental-des-organisations-politiques-syndicales-et-civiles-exhortent-lonu-a-accelerer-la-decolonisation\\\/\"},\"author\":{\"name\":\"admin\",\"@id\":\"https:\\\/\\\/lasentinelle.dz\\\/#\\\/schema\\\/person\\\/729ee0024f24e0b8c5ec17232f8e8b41\"},\"headline\":\"Sahara occidental : Des organisations politiques, syndicales et civiles exhortent l\u2019ONU \u00e0 acc\u00e9l\u00e9rer la d\u00e9colonisation\",\"datePublished\":\"2024-09-08T11:47:13+00:00\",\"mainEntityOfPage\":{\"@id\":\"https:\\\/\\\/lasentinelle.dz\\\/index.php\\\/2024\\\/09\\\/08\\\/sahara-occidental-des-organisations-politiques-syndicales-et-civiles-exhortent-lonu-a-accelerer-la-decolonisation\\\/\"},\"wordCount\":567,\"commentCount\":0,\"publisher\":{\"@id\":\"https:\\\/\\\/lasentinelle.dz\\\/#organization\"},\"image\":{\"@id\":\"https:\\\/\\\/lasentinelle.dz\\\/index.php\\\/2024\\\/09\\\/08\\\/sahara-occidental-des-organisations-politiques-syndicales-et-civiles-exhortent-lonu-a-accelerer-la-decolonisation\\\/#primaryimage\"},\"thumbnailUrl\":\"https:\\\/\\\/lasentinelle.dz\\\/wp-content\\\/uploads\\\/2021\\\/10\\\/sahara.jpeg\",\"articleSection\":[\"Monde\"],\"inLanguage\":\"fr-FR\",\"potentialAction\":[{\"@type\":\"CommentAction\",\"name\":\"Comment\",\"target\":[\"https:\\\/\\\/lasentinelle.dz\\\/index.php\\\/2024\\\/09\\\/08\\\/sahara-occidental-des-organisations-politiques-syndicales-et-civiles-exhortent-lonu-a-accelerer-la-decolonisation\\\/#respond\"]}]},{\"@type\":\"WebPage\",\"@id\":\"https:\\\/\\\/lasentinelle.dz\\\/index.php\\\/2024\\\/09\\\/08\\\/sahara-occidental-des-organisations-politiques-syndicales-et-civiles-exhortent-lonu-a-accelerer-la-decolonisation\\\/\",\"url\":\"https:\\\/\\\/lasentinelle.dz\\\/index.php\\\/2024\\\/09\\\/08\\\/sahara-occidental-des-organisations-politiques-syndicales-et-civiles-exhortent-lonu-a-accelerer-la-decolonisation\\\/\",\"name\":\"Sahara occidental : Des organisations politiques, syndicales et civiles exhortent l\u2019ONU \u00e0 acc\u00e9l\u00e9rer la d\u00e9colonisation - La Sentinelle\",\"isPartOf\":{\"@id\":\"https:\\\/\\\/lasentinelle.dz\\\/#website\"},\"primaryImageOfPage\":{\"@id\":\"https:\\\/\\\/lasentinelle.dz\\\/index.php\\\/2024\\\/09\\\/08\\\/sahara-occidental-des-organisations-politiques-syndicales-et-civiles-exhortent-lonu-a-accelerer-la-decolonisation\\\/#primaryimage\"},\"image\":{\"@id\":\"https:\\\/\\\/lasentinelle.dz\\\/index.php\\\/2024\\\/09\\\/08\\\/sahara-occidental-des-organisations-politiques-syndicales-et-civiles-exhortent-lonu-a-accelerer-la-decolonisation\\\/#primaryimage\"},\"thumbnailUrl\":\"https:\\\/\\\/lasentinelle.dz\\\/wp-content\\\/uploads\\\/2021\\\/10\\\/sahara.jpeg\",\"datePublished\":\"2024-09-08T11:47:13+00:00\",\"breadcrumb\":{\"@id\":\"https:\\\/\\\/lasentinelle.dz\\\/index.php\\\/2024\\\/09\\\/08\\\/sahara-occidental-des-organisations-politiques-syndicales-et-civiles-exhortent-lonu-a-accelerer-la-decolonisation\\\/#breadcrumb\"},\"inLanguage\":\"fr-FR\",\"potentialAction\":[{\"@type\":\"ReadAction\",\"target\":[\"https:\\\/\\\/lasentinelle.dz\\\/index.php\\\/2024\\\/09\\\/08\\\/sahara-occidental-des-organisations-politiques-syndicales-et-civiles-exhortent-lonu-a-accelerer-la-decolonisation\\\/\"]}]},{\"@type\":\"ImageObject\",\"inLanguage\":\"fr-FR\",\"@id\":\"https:\\\/\\\/lasentinelle.dz\\\/index.php\\\/2024\\\/09\\\/08\\\/sahara-occidental-des-organisations-politiques-syndicales-et-civiles-exhortent-lonu-a-accelerer-la-decolonisation\\\/#primaryimage\",\"url\":\"https:\\\/\\\/lasentinelle.dz\\\/wp-content\\\/uploads\\\/2021\\\/10\\\/sahara.jpeg\",\"contentUrl\":\"https:\\\/\\\/lasentinelle.dz\\\/wp-content\\\/uploads\\\/2021\\\/10\\\/sahara.jpeg\",\"width\":580,\"height\":350},{\"@type\":\"BreadcrumbList\",\"@id\":\"https:\\\/\\\/lasentinelle.dz\\\/index.php\\\/2024\\\/09\\\/08\\\/sahara-occidental-des-organisations-politiques-syndicales-et-civiles-exhortent-lonu-a-accelerer-la-decolonisation\\\/#breadcrumb\",\"itemListElement\":[{\"@type\":\"ListItem\",\"position\":1,\"name\":\"Accueil\",\"item\":\"https:\\\/\\\/lasentinelle.dz\\\/\"},{\"@type\":\"ListItem\",\"position\":2,\"name\":\"Sahara occidental : Des organisations politiques, syndicales et civiles exhortent l\u2019ONU \u00e0 acc\u00e9l\u00e9rer la d\u00e9colonisation\"}]},{\"@type\":\"WebSite\",\"@id\":\"https:\\\/\\\/lasentinelle.dz\\\/#website\",\"url\":\"https:\\\/\\\/lasentinelle.dz\\\/\",\"name\":\"La Sentinelle\",\"description\":\"Quotidien national d&#039;information\",\"publisher\":{\"@id\":\"https:\\\/\\\/lasentinelle.dz\\\/#organization\"},\"potentialAction\":[{\"@type\":\"SearchAction\",\"target\":{\"@type\":\"EntryPoint\",\"urlTemplate\":\"https:\\\/\\\/lasentinelle.dz\\\/?s={search_term_string}\"},\"query-input\":{\"@type\":\"PropertyValueSpecification\",\"valueRequired\":true,\"valueName\":\"search_term_string\"}}],\"inLanguage\":\"fr-FR\"},{\"@type\":\"Organization\",\"@id\":\"https:\\\/\\\/lasentinelle.dz\\\/#organization\",\"name\":\"Quotidien La Sentinelle\",\"url\":\"https:\\\/\\\/lasentinelle.dz\\\/\",\"logo\":{\"@type\":\"ImageObject\",\"inLanguage\":\"fr-FR\",\"@id\":\"https:\\\/\\\/lasentinelle.dz\\\/#\\\/schema\\\/logo\\\/image\\\/\",\"url\":\"https:\\\/\\\/lasentinelle.dz\\\/wp-content\\\/uploads\\\/2021\\\/09\\\/logo-sentinelleSLOGAN-1.png\",\"contentUrl\":\"https:\\\/\\\/lasentinelle.dz\\\/wp-content\\\/uploads\\\/2021\\\/09\\\/logo-sentinelleSLOGAN-1.png\",\"width\":615,\"height\":142,\"caption\":\"Quotidien La Sentinelle\"},\"image\":{\"@id\":\"https:\\\/\\\/lasentinelle.dz\\\/#\\\/schema\\\/logo\\\/image\\\/\"},\"sameAs\":[\"https:\\\/\\\/www.facebook.com\\\/La-Sentinelle-104059864394773\"]},{\"@type\":\"Person\",\"@id\":\"https:\\\/\\\/lasentinelle.dz\\\/#\\\/schema\\\/person\\\/729ee0024f24e0b8c5ec17232f8e8b41\",\"name\":\"admin\",\"image\":{\"@type\":\"ImageObject\",\"inLanguage\":\"fr-FR\",\"@id\":\"https:\\\/\\\/secure.gravatar.com\\\/avatar\\\/4c81fed838786e9b53f540bf46533e750f5d292099ae3b66cfc6fb1982e29df7?s=96&d=mm&r=g\",\"url\":\"https:\\\/\\\/secure.gravatar.com\\\/avatar\\\/4c81fed838786e9b53f540bf46533e750f5d292099ae3b66cfc6fb1982e29df7?s=96&d=mm&r=g\",\"contentUrl\":\"https:\\\/\\\/secure.gravatar.com\\\/avatar\\\/4c81fed838786e9b53f540bf46533e750f5d292099ae3b66cfc6fb1982e29df7?s=96&d=mm&r=g\",\"caption\":\"admin\"},\"description\":\"admin\",\"url\":\"https:\\\/\\\/lasentinelle.dz\\\/author\\\/admin\\\/\"}]}<\/script>\n<!-- \/ Yoast SEO plugin. -->","yoast_head_json":{"title":"Sahara occidental : Des organisations politiques, syndicales et civiles exhortent l\u2019ONU \u00e0 acc\u00e9l\u00e9rer la d\u00e9colonisation - La Sentinelle","robots":{"index":"index","follow":"follow","max-snippet":"max-snippet:-1","max-image-preview":"max-image-preview:large","max-video-preview":"max-video-preview:-1"},"canonical":"https:\/\/lasentinelle.dz\/index.php\/2024\/09\/08\/sahara-occidental-des-organisations-politiques-syndicales-et-civiles-exhortent-lonu-a-accelerer-la-decolonisation\/","og_locale":"fr_FR","og_type":"article","og_title":"Sahara occidental : Des organisations politiques, syndicales et civiles exhortent l\u2019ONU \u00e0 acc\u00e9l\u00e9rer la d\u00e9colonisation - La Sentinelle","og_description":"Des partis politiques, organisations syndicales et civiles sud-africains ont exhort\u00e9 l\u2019ONU \u00e0 acc\u00e9l\u00e9rer la d\u00e9colonisation du Sahara occidental et \u00e0","og_url":"https:\/\/lasentinelle.dz\/index.php\/2024\/09\/08\/sahara-occidental-des-organisations-politiques-syndicales-et-civiles-exhortent-lonu-a-accelerer-la-decolonisation\/","og_site_name":"La Sentinelle","article_publisher":"https:\/\/www.facebook.com\/La-Sentinelle-104059864394773","article_published_time":"2024-09-08T11:47:13+00:00","og_image":[{"width":580,"height":350,"url":"https:\/\/lasentinelle.dz\/wp-content\/uploads\/2021\/10\/sahara.jpeg","type":"image\/jpeg"}],"author":"admin","twitter_card":"summary_large_image","twitter_misc":{"\u00c9crit par":"admin","Dur\u00e9e de lecture estim\u00e9e":"3 minutes"},"schema":{"@context":"https:\/\/schema.org","@graph":[{"@type":"Article","@id":"https:\/\/lasentinelle.dz\/index.php\/2024\/09\/08\/sahara-occidental-des-organisations-politiques-syndicales-et-civiles-exhortent-lonu-a-accelerer-la-decolonisation\/#article","isPartOf":{"@id":"https:\/\/lasentinelle.dz\/index.php\/2024\/09\/08\/sahara-occidental-des-organisations-politiques-syndicales-et-civiles-exhortent-lonu-a-accelerer-la-decolonisation\/"},"author":{"name":"admin","@id":"https:\/\/lasentinelle.dz\/#\/schema\/person\/729ee0024f24e0b8c5ec17232f8e8b41"},"headline":"Sahara occidental : Des organisations politiques, syndicales et civiles exhortent l\u2019ONU \u00e0 acc\u00e9l\u00e9rer la d\u00e9colonisation","datePublished":"2024-09-08T11:47:13+00:00","mainEntityOfPage":{"@id":"https:\/\/lasentinelle.dz\/index.php\/2024\/09\/08\/sahara-occidental-des-organisations-politiques-syndicales-et-civiles-exhortent-lonu-a-accelerer-la-decolonisation\/"},"wordCount":567,"commentCount":0,"publisher":{"@id":"https:\/\/lasentinelle.dz\/#organization"},"image":{"@id":"https:\/\/lasentinelle.dz\/index.php\/2024\/09\/08\/sahara-occidental-des-organisations-politiques-syndicales-et-civiles-exhortent-lonu-a-accelerer-la-decolonisation\/#primaryimage"},"thumbnailUrl":"https:\/\/lasentinelle.dz\/wp-content\/uploads\/2021\/10\/sahara.jpeg","articleSection":["Monde"],"inLanguage":"fr-FR","potentialAction":[{"@type":"CommentAction","name":"Comment","target":["https:\/\/lasentinelle.dz\/index.php\/2024\/09\/08\/sahara-occidental-des-organisations-politiques-syndicales-et-civiles-exhortent-lonu-a-accelerer-la-decolonisation\/#respond"]}]},{"@type":"WebPage","@id":"https:\/\/lasentinelle.dz\/index.php\/2024\/09\/08\/sahara-occidental-des-organisations-politiques-syndicales-et-civiles-exhortent-lonu-a-accelerer-la-decolonisation\/","url":"https:\/\/lasentinelle.dz\/index.php\/2024\/09\/08\/sahara-occidental-des-organisations-politiques-syndicales-et-civiles-exhortent-lonu-a-accelerer-la-decolonisation\/","name":"Sahara occidental : Des organisations politiques, syndicales et civiles exhortent l\u2019ONU \u00e0 acc\u00e9l\u00e9rer la d\u00e9colonisation - La Sentinelle","isPartOf":{"@id":"https:\/\/lasentinelle.dz\/#website"},"primaryImageOfPage":{"@id":"https:\/\/lasentinelle.dz\/index.php\/2024\/09\/08\/sahara-occidental-des-organisations-politiques-syndicales-et-civiles-exhortent-lonu-a-accelerer-la-decolonisation\/#primaryimage"},"image":{"@id":"https:\/\/lasentinelle.dz\/index.php\/2024\/09\/08\/sahara-occidental-des-organisations-politiques-syndicales-et-civiles-exhortent-lonu-a-accelerer-la-decolonisation\/#primaryimage"},"thumbnailUrl":"https:\/\/lasentinelle.dz\/wp-content\/uploads\/2021\/10\/sahara.jpeg","datePublished":"2024-09-08T11:47:13+00:00","breadcrumb":{"@id":"https:\/\/lasentinelle.dz\/index.php\/2024\/09\/08\/sahara-occidental-des-organisations-politiques-syndicales-et-civiles-exhortent-lonu-a-accelerer-la-decolonisation\/#breadcrumb"},"inLanguage":"fr-FR","potentialAction":[{"@type":"ReadAction","target":["https:\/\/lasentinelle.dz\/index.php\/2024\/09\/08\/sahara-occidental-des-organisations-politiques-syndicales-et-civiles-exhortent-lonu-a-accelerer-la-decolonisation\/"]}]},{"@type":"ImageObject","inLanguage":"fr-FR","@id":"https:\/\/lasentinelle.dz\/index.php\/2024\/09\/08\/sahara-occidental-des-organisations-politiques-syndicales-et-civiles-exhortent-lonu-a-accelerer-la-decolonisation\/#primaryimage","url":"https:\/\/lasentinelle.dz\/wp-content\/uploads\/2021\/10\/sahara.jpeg","contentUrl":"https:\/\/lasentinelle.dz\/wp-content\/uploads\/2021\/10\/sahara.jpeg","width":580,"height":350},{"@type":"BreadcrumbList","@id":"https:\/\/lasentinelle.dz\/index.php\/2024\/09\/08\/sahara-occidental-des-organisations-politiques-syndicales-et-civiles-exhortent-lonu-a-accelerer-la-decolonisation\/#breadcrumb","itemListElement":[{"@type":"ListItem","position":1,"name":"Accueil","item":"https:\/\/lasentinelle.dz\/"},{"@type":"ListItem","position":2,"name":"Sahara occidental : Des organisations politiques, syndicales et civiles exhortent l\u2019ONU \u00e0 acc\u00e9l\u00e9rer la d\u00e9colonisation"}]},{"@type":"WebSite","@id":"https:\/\/lasentinelle.dz\/#website","url":"https:\/\/lasentinelle.dz\/","name":"La Sentinelle","description":"Quotidien national d&#039;information","publisher":{"@id":"https:\/\/lasentinelle.dz\/#organization"},"potentialAction":[{"@type":"SearchAction","target":{"@type":"EntryPoint","urlTemplate":"https:\/\/lasentinelle.dz\/?s={search_term_string}"},"query-input":{"@type":"PropertyValueSpecification","valueRequired":true,"valueName":"search_term_string"}}],"inLanguage":"fr-FR"},{"@type":"Organization","@id":"https:\/\/lasentinelle.dz\/#organization","name":"Quotidien La Sentinelle","url":"https:\/\/lasentinelle.dz\/","logo":{"@type":"ImageObject","inLanguage":"fr-FR","@id":"https:\/\/lasentinelle.dz\/#\/schema\/logo\/image\/","url":"https:\/\/lasentinelle.dz\/wp-content\/uploads\/2021\/09\/logo-sentinelleSLOGAN-1.png","contentUrl":"https:\/\/lasentinelle.dz\/wp-content\/uploads\/2021\/09\/logo-sentinelleSLOGAN-1.png","width":615,"height":142,"caption":"Quotidien La Sentinelle"},"image":{"@id":"https:\/\/lasentinelle.dz\/#\/schema\/logo\/image\/"},"sameAs":["https:\/\/www.facebook.com\/La-Sentinelle-104059864394773"]},{"@type":"Person","@id":"https:\/\/lasentinelle.dz\/#\/schema\/person\/729ee0024f24e0b8c5ec17232f8e8b41","name":"admin","image":{"@type":"ImageObject","inLanguage":"fr-FR","@id":"https:\/\/secure.gravatar.com\/avatar\/4c81fed838786e9b53f540bf46533e750f5d292099ae3b66cfc6fb1982e29df7?s=96&d=mm&r=g","url":"https:\/\/secure.gravatar.com\/avatar\/4c81fed838786e9b53f540bf46533e750f5d292099ae3b66cfc6fb1982e29df7?s=96&d=mm&r=g","contentUrl":"https:\/\/secure.gravatar.com\/avatar\/4c81fed838786e9b53f540bf46533e750f5d292099ae3b66cfc6fb1982e29df7?s=96&d=mm&r=g","caption":"admin"},"description":"admin","url":"https:\/\/lasentinelle.dz\/author\/admin\/"}]}},"_links":{"self":[{"href":"https:\/\/lasentinelle.dz\/index.php\/wp-json\/wp\/v2\/posts\/56703","targetHints":{"allow":["GET"]}}],"collection":[{"href":"https:\/\/lasentinelle.dz\/index.php\/wp-json\/wp\/v2\/posts"}],"about":[{"href":"https:\/\/lasentinelle.dz\/index.php\/wp-json\/wp\/v2\/types\/post"}],"author":[{"embeddable":true,"href":"https:\/\/lasentinelle.dz\/index.php\/wp-json\/wp\/v2\/users\/6"}],"replies":[{"embeddable":true,"href":"https:\/\/lasentinelle.dz\/index.php\/wp-json\/wp\/v2\/comments?post=56703"}],"version-history":[{"count":1,"href":"https:\/\/lasentinelle.dz\/index.php\/wp-json\/wp\/v2\/posts\/56703\/revisions"}],"predecessor-version":[{"id":56704,"href":"https:\/\/lasentinelle.dz\/index.php\/wp-json\/wp\/v2\/posts\/56703\/revisions\/56704"}],"wp:featuredmedia":[{"embeddable":true,"href":"https:\/\/lasentinelle.dz\/index.php\/wp-json\/wp\/v2\/media\/11367"}],"wp:attachment":[{"href":"https:\/\/lasentinelle.dz\/index.php\/wp-json\/wp\/v2\/media?parent=56703"}],"wp:term":[{"taxonomy":"category","embeddable":true,"href":"https:\/\/lasentinelle.dz\/index.php\/wp-json\/wp\/v2\/categories?post=56703"},{"taxonomy":"post_tag","embeddable":true,"href":"https:\/\/lasentinelle.dz\/index.php\/wp-json\/wp\/v2\/tags?post=56703"}],"curies":[{"name":"wp","href":"https:\/\/api.w.org\/{rel}","templated":true}]}}