{"id":56709,"date":"2024-09-08T12:49:20","date_gmt":"2024-09-08T11:49:20","guid":{"rendered":"https:\/\/lasentinelle.dz\/?p=56709"},"modified":"2024-09-08T12:49:21","modified_gmt":"2024-09-08T11:49:21","slug":"foncier-industriel-non-exploite-99-hectares-recuperes-a-batna","status":"publish","type":"post","link":"https:\/\/lasentinelle.dz\/index.php\/2024\/09\/08\/foncier-industriel-non-exploite-99-hectares-recuperes-a-batna\/","title":{"rendered":"Foncier industriel non-exploit\u00e9 : 99 hectares r\u00e9cup\u00e9r\u00e9s \u00e0 Batna\u00a0"},"content":{"rendered":"\n<p>L\u2019action s\u2019inscrit dans le cadre de l\u2019assainissement du foncier \u00e9conomique men\u00e9e depuis 2021.<\/p>\n\n\n\n<p>La commission locale de la wilaya de Batna, charg\u00e9e de cette op\u00e9ration d\u2019assainissement du foncier, a r\u00e9cup\u00e9r\u00e9 depuis janvier 2024, en cours, 99 hectares du foncier industriel non exploit\u00e9. Le premier responsable de la wilaya de Batna, a confirm\u00e9 cette op\u00e9ration qui a cibl\u00e9 plusieurs zones d\u2019activit\u00e9s de la wilaya. Lors de la visite d\u2019une usine de c\u00e9ramique, fruit d\u2019un investissement priv\u00e9, dans la commune de Fesdis, le wali de Batna a mis en relief les efforts d\u00e9ploy\u00e9s par les membres de la commission qui se sont sold\u00e9s par la r\u00e9cup\u00e9ration des 99 hectares, qui seront redistribu\u00e9s aux vrais investisseurs et porteurs de projets cr\u00e9ateurs de richesses et de postes de travail. Dans le m\u00eame contexte, et au titre du m\u00eame l\u2019exercice , il a \u00e9t\u00e9 proc\u00e9d\u00e9 \u00e0 l\u2019annulation de 25 arr\u00eat\u00e9s d\u2019octroi de foncier industriel et l\u2019\u00e9tablissement de 134 mises en demeure adress\u00e9es \u00e0 des investisseurs n\u2019ayant pas entam\u00e9 la concr\u00e9tisation de leurs projets d\u2019investissement. Par ailleurs, pas moins de 135 projets d\u2019investissements ont b\u00e9n\u00e9fici\u00e9 de la lev\u00e9e des entraves et contraintes rencontr\u00e9es par les investisseurs. Une fois concr\u00e9tis\u00e9s, ces investissements sont appel\u00e9s \u00e0 cr\u00e9er quelque 11.000 emplois directs et 5.207 autres indirects, est-il pr\u00e9cis\u00e9. \u00c0 rappeler, la wilaya de Batna compte onze unit\u00e9s de c\u00e9ramique de diverses tailles totalisant une capacit\u00e9 de production de plus de 73 millions de m\u00e8tres cubes\/ an, ainsi qu\u2019une nouvelle unit\u00e9 devant entrer en activit\u00e9 en 2025 dans la commune de Djerma, a-t-on pr\u00e9cis\u00e9.<\/p>\n\n\n\n<p><strong>Sofia Chahine<\/strong><\/p>\n","protected":false},"excerpt":{"rendered":"<p>L\u2019action s\u2019inscrit dans le cadre de l\u2019assainissement du foncier \u00e9conomique men\u00e9e depuis 2021. La commission locale de la wilaya de<\/p>\n","protected":false},"author":6,"featured_media":56710,"comment_status":"open","ping_status":"closed","sticky":false,"template":"","format":"standard","meta":{"colormag_page_container_layout":"default_layout","colormag_page_sidebar_layout":"default_layout","om_disable_all_campaigns":false,"_monsterinsights_skip_tracking":false,"_monsterinsights_sitenote_active":false,"_monsterinsights_sitenote_note":"","_monsterinsights_sitenote_category":0,"footnotes":"","_wpscppro_dont_share_socialmedia":false,"_wpscppro_custom_social_share_image":0,"_facebook_share_type":"default","_twitter_share_type":"default","_linkedin_share_type":"default","_pinterest_share_type":"default","_linkedin_share_type_page":"","_instagram_share_type":"default","_medium_share_type":"","_threads_share_type":"","_google_business_share_type":"","_selected_social_profile":[],"_wpsp_enable_custom_social_template":false,"_wpsp_social_scheduling":{"enabled":false,"datetime":null,"platforms":[],"status":"template_only","dateOption":"today","timeOption":"now","customDays":"","customHours":"","customDate":"","customTime":"","schedulingType":"absolute"},"_wpsp_active_default_template":true},"categories":[31],"tags":[],"class_list":["post-56709","post","type-post","status-publish","format-standard","has-post-thumbnail","hentry","category-regions"],"aioseo_notices":[],"yoast_head":"<!-- This site is optimized with the Yoast SEO plugin v27.5 - https:\/\/yoast.com\/product\/yoast-seo-wordpress\/ -->\n<title>Foncier industriel non-exploit\u00e9 : 99 hectares r\u00e9cup\u00e9r\u00e9s \u00e0 Batna\u00a0 - La Sentinelle<\/title>\n<meta name=\"robots\" content=\"index, follow, max-snippet:-1, max-image-preview:large, max-video-preview:-1\" \/>\n<link rel=\"canonical\" href=\"https:\/\/lasentinelle.dz\/index.php\/2024\/09\/08\/foncier-industriel-non-exploite-99-hectares-recuperes-a-batna\/\" \/>\n<meta property=\"og:locale\" content=\"fr_FR\" \/>\n<meta property=\"og:type\" content=\"article\" \/>\n<meta property=\"og:title\" content=\"Foncier industriel non-exploit\u00e9 : 99 hectares r\u00e9cup\u00e9r\u00e9s \u00e0 Batna\u00a0 - La Sentinelle\" \/>\n<meta property=\"og:description\" content=\"L\u2019action s\u2019inscrit dans le cadre de l\u2019assainissement du foncier \u00e9conomique men\u00e9e depuis 2021. La commission locale de la wilaya de\" \/>\n<meta property=\"og:url\" content=\"https:\/\/lasentinelle.dz\/index.php\/2024\/09\/08\/foncier-industriel-non-exploite-99-hectares-recuperes-a-batna\/\" \/>\n<meta property=\"og:site_name\" content=\"La Sentinelle\" \/>\n<meta property=\"article:publisher\" content=\"https:\/\/www.facebook.com\/La-Sentinelle-104059864394773\" \/>\n<meta property=\"article:published_time\" content=\"2024-09-08T11:49:20+00:00\" \/>\n<meta property=\"article:modified_time\" content=\"2024-09-08T11:49:21+00:00\" \/>\n<meta property=\"og:image\" content=\"https:\/\/lasentinelle.dz\/wp-content\/uploads\/2024\/09\/zone.jpg\" \/>\n\t<meta property=\"og:image:width\" content=\"745\" \/>\n\t<meta property=\"og:image:height\" content=\"470\" \/>\n\t<meta property=\"og:image:type\" content=\"image\/jpeg\" \/>\n<meta name=\"author\" content=\"admin\" \/>\n<meta name=\"twitter:card\" content=\"summary_large_image\" \/>\n<meta name=\"twitter:label1\" content=\"\u00c9crit par\" \/>\n\t<meta name=\"twitter:data1\" content=\"admin\" \/>\n\t<meta name=\"twitter:label2\" content=\"Dur\u00e9e de lecture estim\u00e9e\" \/>\n\t<meta name=\"twitter:data2\" content=\"2 minutes\" \/>\n<script type=\"application\/ld+json\" class=\"yoast-schema-graph\">{\"@context\":\"https:\\\/\\\/schema.org\",\"@graph\":[{\"@type\":\"Article\",\"@id\":\"https:\\\/\\\/lasentinelle.dz\\\/index.php\\\/2024\\\/09\\\/08\\\/foncier-industriel-non-exploite-99-hectares-recuperes-a-batna\\\/#article\",\"isPartOf\":{\"@id\":\"https:\\\/\\\/lasentinelle.dz\\\/index.php\\\/2024\\\/09\\\/08\\\/foncier-industriel-non-exploite-99-hectares-recuperes-a-batna\\\/\"},\"author\":{\"name\":\"admin\",\"@id\":\"https:\\\/\\\/lasentinelle.dz\\\/#\\\/schema\\\/person\\\/729ee0024f24e0b8c5ec17232f8e8b41\"},\"headline\":\"Foncier industriel non-exploit\u00e9 : 99 hectares r\u00e9cup\u00e9r\u00e9s \u00e0 Batna\u00a0\",\"datePublished\":\"2024-09-08T11:49:20+00:00\",\"dateModified\":\"2024-09-08T11:49:21+00:00\",\"mainEntityOfPage\":{\"@id\":\"https:\\\/\\\/lasentinelle.dz\\\/index.php\\\/2024\\\/09\\\/08\\\/foncier-industriel-non-exploite-99-hectares-recuperes-a-batna\\\/\"},\"wordCount\":299,\"commentCount\":0,\"publisher\":{\"@id\":\"https:\\\/\\\/lasentinelle.dz\\\/#organization\"},\"image\":{\"@id\":\"https:\\\/\\\/lasentinelle.dz\\\/index.php\\\/2024\\\/09\\\/08\\\/foncier-industriel-non-exploite-99-hectares-recuperes-a-batna\\\/#primaryimage\"},\"thumbnailUrl\":\"https:\\\/\\\/lasentinelle.dz\\\/wp-content\\\/uploads\\\/2024\\\/09\\\/zone.jpg\",\"articleSection\":[\"R\u00e9gions\"],\"inLanguage\":\"fr-FR\",\"potentialAction\":[{\"@type\":\"CommentAction\",\"name\":\"Comment\",\"target\":[\"https:\\\/\\\/lasentinelle.dz\\\/index.php\\\/2024\\\/09\\\/08\\\/foncier-industriel-non-exploite-99-hectares-recuperes-a-batna\\\/#respond\"]}]},{\"@type\":\"WebPage\",\"@id\":\"https:\\\/\\\/lasentinelle.dz\\\/index.php\\\/2024\\\/09\\\/08\\\/foncier-industriel-non-exploite-99-hectares-recuperes-a-batna\\\/\",\"url\":\"https:\\\/\\\/lasentinelle.dz\\\/index.php\\\/2024\\\/09\\\/08\\\/foncier-industriel-non-exploite-99-hectares-recuperes-a-batna\\\/\",\"name\":\"Foncier industriel non-exploit\u00e9 : 99 hectares r\u00e9cup\u00e9r\u00e9s \u00e0 Batna\u00a0 - La Sentinelle\",\"isPartOf\":{\"@id\":\"https:\\\/\\\/lasentinelle.dz\\\/#website\"},\"primaryImageOfPage\":{\"@id\":\"https:\\\/\\\/lasentinelle.dz\\\/index.php\\\/2024\\\/09\\\/08\\\/foncier-industriel-non-exploite-99-hectares-recuperes-a-batna\\\/#primaryimage\"},\"image\":{\"@id\":\"https:\\\/\\\/lasentinelle.dz\\\/index.php\\\/2024\\\/09\\\/08\\\/foncier-industriel-non-exploite-99-hectares-recuperes-a-batna\\\/#primaryimage\"},\"thumbnailUrl\":\"https:\\\/\\\/lasentinelle.dz\\\/wp-content\\\/uploads\\\/2024\\\/09\\\/zone.jpg\",\"datePublished\":\"2024-09-08T11:49:20+00:00\",\"dateModified\":\"2024-09-08T11:49:21+00:00\",\"breadcrumb\":{\"@id\":\"https:\\\/\\\/lasentinelle.dz\\\/index.php\\\/2024\\\/09\\\/08\\\/foncier-industriel-non-exploite-99-hectares-recuperes-a-batna\\\/#breadcrumb\"},\"inLanguage\":\"fr-FR\",\"potentialAction\":[{\"@type\":\"ReadAction\",\"target\":[\"https:\\\/\\\/lasentinelle.dz\\\/index.php\\\/2024\\\/09\\\/08\\\/foncier-industriel-non-exploite-99-hectares-recuperes-a-batna\\\/\"]}]},{\"@type\":\"ImageObject\",\"inLanguage\":\"fr-FR\",\"@id\":\"https:\\\/\\\/lasentinelle.dz\\\/index.php\\\/2024\\\/09\\\/08\\\/foncier-industriel-non-exploite-99-hectares-recuperes-a-batna\\\/#primaryimage\",\"url\":\"https:\\\/\\\/lasentinelle.dz\\\/wp-content\\\/uploads\\\/2024\\\/09\\\/zone.jpg\",\"contentUrl\":\"https:\\\/\\\/lasentinelle.dz\\\/wp-content\\\/uploads\\\/2024\\\/09\\\/zone.jpg\",\"width\":745,\"height\":470},{\"@type\":\"BreadcrumbList\",\"@id\":\"https:\\\/\\\/lasentinelle.dz\\\/index.php\\\/2024\\\/09\\\/08\\\/foncier-industriel-non-exploite-99-hectares-recuperes-a-batna\\\/#breadcrumb\",\"itemListElement\":[{\"@type\":\"ListItem\",\"position\":1,\"name\":\"Accueil\",\"item\":\"https:\\\/\\\/lasentinelle.dz\\\/\"},{\"@type\":\"ListItem\",\"position\":2,\"name\":\"Foncier industriel non-exploit\u00e9 : 99 hectares r\u00e9cup\u00e9r\u00e9s \u00e0 Batna\u00a0\"}]},{\"@type\":\"WebSite\",\"@id\":\"https:\\\/\\\/lasentinelle.dz\\\/#website\",\"url\":\"https:\\\/\\\/lasentinelle.dz\\\/\",\"name\":\"La Sentinelle\",\"description\":\"Quotidien national d&#039;information\",\"publisher\":{\"@id\":\"https:\\\/\\\/lasentinelle.dz\\\/#organization\"},\"potentialAction\":[{\"@type\":\"SearchAction\",\"target\":{\"@type\":\"EntryPoint\",\"urlTemplate\":\"https:\\\/\\\/lasentinelle.dz\\\/?s={search_term_string}\"},\"query-input\":{\"@type\":\"PropertyValueSpecification\",\"valueRequired\":true,\"valueName\":\"search_term_string\"}}],\"inLanguage\":\"fr-FR\"},{\"@type\":\"Organization\",\"@id\":\"https:\\\/\\\/lasentinelle.dz\\\/#organization\",\"name\":\"Quotidien La Sentinelle\",\"url\":\"https:\\\/\\\/lasentinelle.dz\\\/\",\"logo\":{\"@type\":\"ImageObject\",\"inLanguage\":\"fr-FR\",\"@id\":\"https:\\\/\\\/lasentinelle.dz\\\/#\\\/schema\\\/logo\\\/image\\\/\",\"url\":\"https:\\\/\\\/lasentinelle.dz\\\/wp-content\\\/uploads\\\/2021\\\/09\\\/logo-sentinelleSLOGAN-1.png\",\"contentUrl\":\"https:\\\/\\\/lasentinelle.dz\\\/wp-content\\\/uploads\\\/2021\\\/09\\\/logo-sentinelleSLOGAN-1.png\",\"width\":615,\"height\":142,\"caption\":\"Quotidien La Sentinelle\"},\"image\":{\"@id\":\"https:\\\/\\\/lasentinelle.dz\\\/#\\\/schema\\\/logo\\\/image\\\/\"},\"sameAs\":[\"https:\\\/\\\/www.facebook.com\\\/La-Sentinelle-104059864394773\"]},{\"@type\":\"Person\",\"@id\":\"https:\\\/\\\/lasentinelle.dz\\\/#\\\/schema\\\/person\\\/729ee0024f24e0b8c5ec17232f8e8b41\",\"name\":\"admin\",\"image\":{\"@type\":\"ImageObject\",\"inLanguage\":\"fr-FR\",\"@id\":\"https:\\\/\\\/secure.gravatar.com\\\/avatar\\\/4c81fed838786e9b53f540bf46533e750f5d292099ae3b66cfc6fb1982e29df7?s=96&d=mm&r=g\",\"url\":\"https:\\\/\\\/secure.gravatar.com\\\/avatar\\\/4c81fed838786e9b53f540bf46533e750f5d292099ae3b66cfc6fb1982e29df7?s=96&d=mm&r=g\",\"contentUrl\":\"https:\\\/\\\/secure.gravatar.com\\\/avatar\\\/4c81fed838786e9b53f540bf46533e750f5d292099ae3b66cfc6fb1982e29df7?s=96&d=mm&r=g\",\"caption\":\"admin\"},\"description\":\"admin\",\"url\":\"https:\\\/\\\/lasentinelle.dz\\\/author\\\/admin\\\/\"}]}<\/script>\n<!-- \/ Yoast SEO plugin. -->","yoast_head_json":{"title":"Foncier industriel non-exploit\u00e9 : 99 hectares r\u00e9cup\u00e9r\u00e9s \u00e0 Batna\u00a0 - La Sentinelle","robots":{"index":"index","follow":"follow","max-snippet":"max-snippet:-1","max-image-preview":"max-image-preview:large","max-video-preview":"max-video-preview:-1"},"canonical":"https:\/\/lasentinelle.dz\/index.php\/2024\/09\/08\/foncier-industriel-non-exploite-99-hectares-recuperes-a-batna\/","og_locale":"fr_FR","og_type":"article","og_title":"Foncier industriel non-exploit\u00e9 : 99 hectares r\u00e9cup\u00e9r\u00e9s \u00e0 Batna\u00a0 - La Sentinelle","og_description":"L\u2019action s\u2019inscrit dans le cadre de l\u2019assainissement du foncier \u00e9conomique men\u00e9e depuis 2021. La commission locale de la wilaya de","og_url":"https:\/\/lasentinelle.dz\/index.php\/2024\/09\/08\/foncier-industriel-non-exploite-99-hectares-recuperes-a-batna\/","og_site_name":"La Sentinelle","article_publisher":"https:\/\/www.facebook.com\/La-Sentinelle-104059864394773","article_published_time":"2024-09-08T11:49:20+00:00","article_modified_time":"2024-09-08T11:49:21+00:00","og_image":[{"width":745,"height":470,"url":"https:\/\/lasentinelle.dz\/wp-content\/uploads\/2024\/09\/zone.jpg","type":"image\/jpeg"}],"author":"admin","twitter_card":"summary_large_image","twitter_misc":{"\u00c9crit par":"admin","Dur\u00e9e de lecture estim\u00e9e":"2 minutes"},"schema":{"@context":"https:\/\/schema.org","@graph":[{"@type":"Article","@id":"https:\/\/lasentinelle.dz\/index.php\/2024\/09\/08\/foncier-industriel-non-exploite-99-hectares-recuperes-a-batna\/#article","isPartOf":{"@id":"https:\/\/lasentinelle.dz\/index.php\/2024\/09\/08\/foncier-industriel-non-exploite-99-hectares-recuperes-a-batna\/"},"author":{"name":"admin","@id":"https:\/\/lasentinelle.dz\/#\/schema\/person\/729ee0024f24e0b8c5ec17232f8e8b41"},"headline":"Foncier industriel non-exploit\u00e9 : 99 hectares r\u00e9cup\u00e9r\u00e9s \u00e0 Batna\u00a0","datePublished":"2024-09-08T11:49:20+00:00","dateModified":"2024-09-08T11:49:21+00:00","mainEntityOfPage":{"@id":"https:\/\/lasentinelle.dz\/index.php\/2024\/09\/08\/foncier-industriel-non-exploite-99-hectares-recuperes-a-batna\/"},"wordCount":299,"commentCount":0,"publisher":{"@id":"https:\/\/lasentinelle.dz\/#organization"},"image":{"@id":"https:\/\/lasentinelle.dz\/index.php\/2024\/09\/08\/foncier-industriel-non-exploite-99-hectares-recuperes-a-batna\/#primaryimage"},"thumbnailUrl":"https:\/\/lasentinelle.dz\/wp-content\/uploads\/2024\/09\/zone.jpg","articleSection":["R\u00e9gions"],"inLanguage":"fr-FR","potentialAction":[{"@type":"CommentAction","name":"Comment","target":["https:\/\/lasentinelle.dz\/index.php\/2024\/09\/08\/foncier-industriel-non-exploite-99-hectares-recuperes-a-batna\/#respond"]}]},{"@type":"WebPage","@id":"https:\/\/lasentinelle.dz\/index.php\/2024\/09\/08\/foncier-industriel-non-exploite-99-hectares-recuperes-a-batna\/","url":"https:\/\/lasentinelle.dz\/index.php\/2024\/09\/08\/foncier-industriel-non-exploite-99-hectares-recuperes-a-batna\/","name":"Foncier industriel non-exploit\u00e9 : 99 hectares r\u00e9cup\u00e9r\u00e9s \u00e0 Batna\u00a0 - La Sentinelle","isPartOf":{"@id":"https:\/\/lasentinelle.dz\/#website"},"primaryImageOfPage":{"@id":"https:\/\/lasentinelle.dz\/index.php\/2024\/09\/08\/foncier-industriel-non-exploite-99-hectares-recuperes-a-batna\/#primaryimage"},"image":{"@id":"https:\/\/lasentinelle.dz\/index.php\/2024\/09\/08\/foncier-industriel-non-exploite-99-hectares-recuperes-a-batna\/#primaryimage"},"thumbnailUrl":"https:\/\/lasentinelle.dz\/wp-content\/uploads\/2024\/09\/zone.jpg","datePublished":"2024-09-08T11:49:20+00:00","dateModified":"2024-09-08T11:49:21+00:00","breadcrumb":{"@id":"https:\/\/lasentinelle.dz\/index.php\/2024\/09\/08\/foncier-industriel-non-exploite-99-hectares-recuperes-a-batna\/#breadcrumb"},"inLanguage":"fr-FR","potentialAction":[{"@type":"ReadAction","target":["https:\/\/lasentinelle.dz\/index.php\/2024\/09\/08\/foncier-industriel-non-exploite-99-hectares-recuperes-a-batna\/"]}]},{"@type":"ImageObject","inLanguage":"fr-FR","@id":"https:\/\/lasentinelle.dz\/index.php\/2024\/09\/08\/foncier-industriel-non-exploite-99-hectares-recuperes-a-batna\/#primaryimage","url":"https:\/\/lasentinelle.dz\/wp-content\/uploads\/2024\/09\/zone.jpg","contentUrl":"https:\/\/lasentinelle.dz\/wp-content\/uploads\/2024\/09\/zone.jpg","width":745,"height":470},{"@type":"BreadcrumbList","@id":"https:\/\/lasentinelle.dz\/index.php\/2024\/09\/08\/foncier-industriel-non-exploite-99-hectares-recuperes-a-batna\/#breadcrumb","itemListElement":[{"@type":"ListItem","position":1,"name":"Accueil","item":"https:\/\/lasentinelle.dz\/"},{"@type":"ListItem","position":2,"name":"Foncier industriel non-exploit\u00e9 : 99 hectares r\u00e9cup\u00e9r\u00e9s \u00e0 Batna\u00a0"}]},{"@type":"WebSite","@id":"https:\/\/lasentinelle.dz\/#website","url":"https:\/\/lasentinelle.dz\/","name":"La Sentinelle","description":"Quotidien national d&#039;information","publisher":{"@id":"https:\/\/lasentinelle.dz\/#organization"},"potentialAction":[{"@type":"SearchAction","target":{"@type":"EntryPoint","urlTemplate":"https:\/\/lasentinelle.dz\/?s={search_term_string}"},"query-input":{"@type":"PropertyValueSpecification","valueRequired":true,"valueName":"search_term_string"}}],"inLanguage":"fr-FR"},{"@type":"Organization","@id":"https:\/\/lasentinelle.dz\/#organization","name":"Quotidien La Sentinelle","url":"https:\/\/lasentinelle.dz\/","logo":{"@type":"ImageObject","inLanguage":"fr-FR","@id":"https:\/\/lasentinelle.dz\/#\/schema\/logo\/image\/","url":"https:\/\/lasentinelle.dz\/wp-content\/uploads\/2021\/09\/logo-sentinelleSLOGAN-1.png","contentUrl":"https:\/\/lasentinelle.dz\/wp-content\/uploads\/2021\/09\/logo-sentinelleSLOGAN-1.png","width":615,"height":142,"caption":"Quotidien La Sentinelle"},"image":{"@id":"https:\/\/lasentinelle.dz\/#\/schema\/logo\/image\/"},"sameAs":["https:\/\/www.facebook.com\/La-Sentinelle-104059864394773"]},{"@type":"Person","@id":"https:\/\/lasentinelle.dz\/#\/schema\/person\/729ee0024f24e0b8c5ec17232f8e8b41","name":"admin","image":{"@type":"ImageObject","inLanguage":"fr-FR","@id":"https:\/\/secure.gravatar.com\/avatar\/4c81fed838786e9b53f540bf46533e750f5d292099ae3b66cfc6fb1982e29df7?s=96&d=mm&r=g","url":"https:\/\/secure.gravatar.com\/avatar\/4c81fed838786e9b53f540bf46533e750f5d292099ae3b66cfc6fb1982e29df7?s=96&d=mm&r=g","contentUrl":"https:\/\/secure.gravatar.com\/avatar\/4c81fed838786e9b53f540bf46533e750f5d292099ae3b66cfc6fb1982e29df7?s=96&d=mm&r=g","caption":"admin"},"description":"admin","url":"https:\/\/lasentinelle.dz\/author\/admin\/"}]}},"_links":{"self":[{"href":"https:\/\/lasentinelle.dz\/index.php\/wp-json\/wp\/v2\/posts\/56709","targetHints":{"allow":["GET"]}}],"collection":[{"href":"https:\/\/lasentinelle.dz\/index.php\/wp-json\/wp\/v2\/posts"}],"about":[{"href":"https:\/\/lasentinelle.dz\/index.php\/wp-json\/wp\/v2\/types\/post"}],"author":[{"embeddable":true,"href":"https:\/\/lasentinelle.dz\/index.php\/wp-json\/wp\/v2\/users\/6"}],"replies":[{"embeddable":true,"href":"https:\/\/lasentinelle.dz\/index.php\/wp-json\/wp\/v2\/comments?post=56709"}],"version-history":[{"count":1,"href":"https:\/\/lasentinelle.dz\/index.php\/wp-json\/wp\/v2\/posts\/56709\/revisions"}],"predecessor-version":[{"id":56711,"href":"https:\/\/lasentinelle.dz\/index.php\/wp-json\/wp\/v2\/posts\/56709\/revisions\/56711"}],"wp:featuredmedia":[{"embeddable":true,"href":"https:\/\/lasentinelle.dz\/index.php\/wp-json\/wp\/v2\/media\/56710"}],"wp:attachment":[{"href":"https:\/\/lasentinelle.dz\/index.php\/wp-json\/wp\/v2\/media?parent=56709"}],"wp:term":[{"taxonomy":"category","embeddable":true,"href":"https:\/\/lasentinelle.dz\/index.php\/wp-json\/wp\/v2\/categories?post=56709"},{"taxonomy":"post_tag","embeddable":true,"href":"https:\/\/lasentinelle.dz\/index.php\/wp-json\/wp\/v2\/tags?post=56709"}],"curies":[{"name":"wp","href":"https:\/\/api.w.org\/{rel}","templated":true}]}}