{"id":56759,"date":"2024-09-10T14:59:57","date_gmt":"2024-09-10T13:59:57","guid":{"rendered":"https:\/\/lasentinelle.dz\/?p=56759"},"modified":"2024-09-10T14:59:57","modified_gmt":"2024-09-10T13:59:57","slug":"ligue-1-mobilis-preparation-la-js-el-biar-et-le-rc-kouba-au-menu-de-la-jsk","status":"publish","type":"post","link":"https:\/\/lasentinelle.dz\/index.php\/2024\/09\/10\/ligue-1-mobilis-preparation-la-js-el-biar-et-le-rc-kouba-au-menu-de-la-jsk\/","title":{"rendered":"Ligue 1 Mobilis (pr\u00e9paration): La JS El Biar et le RC Kouba au menu de la JSK"},"content":{"rendered":"\n<p>La Jeunesse Sportive de Kabylie, soci\u00e9taire de la Ligue 1 Mobilis de football, accueillera la Jeunesse Sportive d&rsquo;El Biar et le Raed de Kouba respectivement le lundi 9 septembre et le jeudi 12 septembre \u00e0 Tizi-Ouzou, dans le cadre de sa derni\u00e8re phase pr\u00e9paratoire avant la nouvelle saison 2024-2025, dont le coup d&rsquo;envoi sera donn\u00e9 \u00e0 la fin du mois courant, a annonc\u00e9 dimanche le club du Djurdjura. \u00ab\u00a0Les deux matchs sont pr\u00e9vus \u00e0 16h00, sur un des terrains annexes du stade Hocine A\u00eft Ahmed\u00a0\u00bb, a pr\u00e9cis\u00e9 la Direction du club dans un communiqu\u00e9, diffus\u00e9 sur son site officiel. Les Canaris commenceront donc par affronter la JSEB, nouveau promu en Ligue 2 Amateur (Groupe Centre-Ouest), au sein duquel \u00e9volue \u00e9galement le RCK, leur deuxi\u00e8me adversaire dans ces matchs amicaux de pr\u00e9paration. La JSK avait effectu\u00e9 l&rsquo;essentiel de sa pr\u00e9paration en Turquie, o\u00f9 elle avait disput\u00e9 un certain nombre de matchs amicaux, alors que le RC Kouba avait jet\u00e9 son d\u00e9volu sur la ville d&rsquo;A\u00efn Drahem, en Tunisie, o\u00f9 il avait lui aussi disput\u00e9 un certain nombre de matchs amicaux. La Direction de la JSK a confi\u00e9 les commandes techniques de l&rsquo;\u00e9quipe senior au technicien alg\u00e9rien Abdelhak Benchikha, assist\u00e9 dans sa t\u00e2che par les entra\u00eeneurs adjoints Mohamed Lacet et Farid Zemiti. En mati\u00e8re de recrutement, le club du Djurdjura a \u00e9t\u00e9 l&rsquo;un des clubs les plus actifs sur le march\u00e9 des transferts, avec l&rsquo;arriv\u00e9e de plusieurs nouvelles recrues, dont le gardien de but Gaya Merbah, les d\u00e9fenseurs Mohamed Amine Madani, Mohamed R\u00e9da Hamidi, et Idir Mokeddem, ainsi que le milieu offensif A\u00efmen Abdelaziz Lahmeri, le milieu de terrain malien Sadio Kanout\u00e9, et l&rsquo;attaquant Burkinab\u00e9 Djibril Ouattara. L&rsquo;actionnaire majoritaire du club, ATM Mobilis, a d\u00e9cid\u00e9 de mettre le paquet pour permettre \u00e0 l&rsquo;\u00e9quipe de jouer les premiers r\u00f4les lors du prochain exercice, d&rsquo;autant que le dernier titre de champion remonte \u00e0 2008, alors que la derni\u00e8re Coupe d&rsquo;Alg\u00e9rie avait \u00e9t\u00e9 remport\u00e9e en 2011. Lors du pr\u00e9c\u00e9dent exercice, la JSK avait termin\u00e9 \u00e0 la 6e place au classement final. Elle d\u00e9butera la nouvelle saison \u00e0 domicile face au champion d&rsquo;Alg\u00e9rie en titre, le MC Alger.<\/p>\n\n\n\n<p>APS<\/p>\n","protected":false},"excerpt":{"rendered":"<p>La Jeunesse Sportive de Kabylie, soci\u00e9taire de la Ligue 1 Mobilis de football, accueillera la Jeunesse Sportive d&rsquo;El Biar et<\/p>\n","protected":false},"author":6,"featured_media":56760,"comment_status":"open","ping_status":"closed","sticky":false,"template":"","format":"standard","meta":{"colormag_page_container_layout":"default_layout","colormag_page_sidebar_layout":"default_layout","om_disable_all_campaigns":false,"_monsterinsights_skip_tracking":false,"_monsterinsights_sitenote_active":false,"_monsterinsights_sitenote_note":"","_monsterinsights_sitenote_category":0,"footnotes":"","_wpscppro_dont_share_socialmedia":false,"_wpscppro_custom_social_share_image":0,"_facebook_share_type":"default","_twitter_share_type":"default","_linkedin_share_type":"default","_pinterest_share_type":"default","_linkedin_share_type_page":"","_instagram_share_type":"default","_medium_share_type":"","_threads_share_type":"","_google_business_share_type":"","_selected_social_profile":[],"_wpsp_enable_custom_social_template":false,"_wpsp_social_scheduling":{"enabled":false,"datetime":null,"platforms":[],"status":"template_only","dateOption":"today","timeOption":"now","customDays":"","customHours":"","customDate":"","customTime":"","schedulingType":"absolute"},"_wpsp_active_default_template":true},"categories":[33],"tags":[],"class_list":["post-56759","post","type-post","status-publish","format-standard","has-post-thumbnail","hentry","category-sports"],"aioseo_notices":[],"yoast_head":"<!-- This site is optimized with the Yoast SEO plugin v27.5 - https:\/\/yoast.com\/product\/yoast-seo-wordpress\/ -->\n<title>Ligue 1 Mobilis (pr\u00e9paration): La JS El Biar et le RC Kouba au menu de la JSK - La Sentinelle<\/title>\n<meta name=\"robots\" content=\"index, follow, max-snippet:-1, max-image-preview:large, max-video-preview:-1\" \/>\n<link rel=\"canonical\" href=\"https:\/\/lasentinelle.dz\/index.php\/2024\/09\/10\/ligue-1-mobilis-preparation-la-js-el-biar-et-le-rc-kouba-au-menu-de-la-jsk\/\" \/>\n<meta property=\"og:locale\" content=\"fr_FR\" \/>\n<meta property=\"og:type\" content=\"article\" \/>\n<meta property=\"og:title\" content=\"Ligue 1 Mobilis (pr\u00e9paration): La JS El Biar et le RC Kouba au menu de la JSK - La Sentinelle\" \/>\n<meta property=\"og:description\" content=\"La Jeunesse Sportive de Kabylie, soci\u00e9taire de la Ligue 1 Mobilis de football, accueillera la Jeunesse Sportive d&rsquo;El Biar et\" \/>\n<meta property=\"og:url\" content=\"https:\/\/lasentinelle.dz\/index.php\/2024\/09\/10\/ligue-1-mobilis-preparation-la-js-el-biar-et-le-rc-kouba-au-menu-de-la-jsk\/\" \/>\n<meta property=\"og:site_name\" content=\"La Sentinelle\" \/>\n<meta property=\"article:publisher\" content=\"https:\/\/www.facebook.com\/La-Sentinelle-104059864394773\" \/>\n<meta property=\"article:published_time\" content=\"2024-09-10T13:59:57+00:00\" \/>\n<meta property=\"og:image\" content=\"https:\/\/lasentinelle.dz\/wp-content\/uploads\/2024\/09\/JSK.jpg\" \/>\n\t<meta property=\"og:image:width\" content=\"2048\" \/>\n\t<meta property=\"og:image:height\" content=\"1639\" \/>\n\t<meta property=\"og:image:type\" content=\"image\/jpeg\" \/>\n<meta name=\"author\" content=\"admin\" \/>\n<meta name=\"twitter:card\" content=\"summary_large_image\" \/>\n<meta name=\"twitter:label1\" content=\"\u00c9crit par\" \/>\n\t<meta name=\"twitter:data1\" content=\"admin\" \/>\n\t<meta name=\"twitter:label2\" content=\"Dur\u00e9e de lecture estim\u00e9e\" \/>\n\t<meta name=\"twitter:data2\" content=\"3 minutes\" \/>\n<script type=\"application\/ld+json\" class=\"yoast-schema-graph\">{\"@context\":\"https:\\\/\\\/schema.org\",\"@graph\":[{\"@type\":\"Article\",\"@id\":\"https:\\\/\\\/lasentinelle.dz\\\/index.php\\\/2024\\\/09\\\/10\\\/ligue-1-mobilis-preparation-la-js-el-biar-et-le-rc-kouba-au-menu-de-la-jsk\\\/#article\",\"isPartOf\":{\"@id\":\"https:\\\/\\\/lasentinelle.dz\\\/index.php\\\/2024\\\/09\\\/10\\\/ligue-1-mobilis-preparation-la-js-el-biar-et-le-rc-kouba-au-menu-de-la-jsk\\\/\"},\"author\":{\"name\":\"admin\",\"@id\":\"https:\\\/\\\/lasentinelle.dz\\\/#\\\/schema\\\/person\\\/729ee0024f24e0b8c5ec17232f8e8b41\"},\"headline\":\"Ligue 1 Mobilis (pr\u00e9paration): La JS El Biar et le RC Kouba au menu de la JSK\",\"datePublished\":\"2024-09-10T13:59:57+00:00\",\"mainEntityOfPage\":{\"@id\":\"https:\\\/\\\/lasentinelle.dz\\\/index.php\\\/2024\\\/09\\\/10\\\/ligue-1-mobilis-preparation-la-js-el-biar-et-le-rc-kouba-au-menu-de-la-jsk\\\/\"},\"wordCount\":398,\"commentCount\":0,\"publisher\":{\"@id\":\"https:\\\/\\\/lasentinelle.dz\\\/#organization\"},\"image\":{\"@id\":\"https:\\\/\\\/lasentinelle.dz\\\/index.php\\\/2024\\\/09\\\/10\\\/ligue-1-mobilis-preparation-la-js-el-biar-et-le-rc-kouba-au-menu-de-la-jsk\\\/#primaryimage\"},\"thumbnailUrl\":\"https:\\\/\\\/lasentinelle.dz\\\/wp-content\\\/uploads\\\/2024\\\/09\\\/JSK.jpg\",\"articleSection\":[\"Sports\"],\"inLanguage\":\"fr-FR\",\"potentialAction\":[{\"@type\":\"CommentAction\",\"name\":\"Comment\",\"target\":[\"https:\\\/\\\/lasentinelle.dz\\\/index.php\\\/2024\\\/09\\\/10\\\/ligue-1-mobilis-preparation-la-js-el-biar-et-le-rc-kouba-au-menu-de-la-jsk\\\/#respond\"]}]},{\"@type\":\"WebPage\",\"@id\":\"https:\\\/\\\/lasentinelle.dz\\\/index.php\\\/2024\\\/09\\\/10\\\/ligue-1-mobilis-preparation-la-js-el-biar-et-le-rc-kouba-au-menu-de-la-jsk\\\/\",\"url\":\"https:\\\/\\\/lasentinelle.dz\\\/index.php\\\/2024\\\/09\\\/10\\\/ligue-1-mobilis-preparation-la-js-el-biar-et-le-rc-kouba-au-menu-de-la-jsk\\\/\",\"name\":\"Ligue 1 Mobilis (pr\u00e9paration): La JS El Biar et le RC Kouba au menu de la JSK - La Sentinelle\",\"isPartOf\":{\"@id\":\"https:\\\/\\\/lasentinelle.dz\\\/#website\"},\"primaryImageOfPage\":{\"@id\":\"https:\\\/\\\/lasentinelle.dz\\\/index.php\\\/2024\\\/09\\\/10\\\/ligue-1-mobilis-preparation-la-js-el-biar-et-le-rc-kouba-au-menu-de-la-jsk\\\/#primaryimage\"},\"image\":{\"@id\":\"https:\\\/\\\/lasentinelle.dz\\\/index.php\\\/2024\\\/09\\\/10\\\/ligue-1-mobilis-preparation-la-js-el-biar-et-le-rc-kouba-au-menu-de-la-jsk\\\/#primaryimage\"},\"thumbnailUrl\":\"https:\\\/\\\/lasentinelle.dz\\\/wp-content\\\/uploads\\\/2024\\\/09\\\/JSK.jpg\",\"datePublished\":\"2024-09-10T13:59:57+00:00\",\"breadcrumb\":{\"@id\":\"https:\\\/\\\/lasentinelle.dz\\\/index.php\\\/2024\\\/09\\\/10\\\/ligue-1-mobilis-preparation-la-js-el-biar-et-le-rc-kouba-au-menu-de-la-jsk\\\/#breadcrumb\"},\"inLanguage\":\"fr-FR\",\"potentialAction\":[{\"@type\":\"ReadAction\",\"target\":[\"https:\\\/\\\/lasentinelle.dz\\\/index.php\\\/2024\\\/09\\\/10\\\/ligue-1-mobilis-preparation-la-js-el-biar-et-le-rc-kouba-au-menu-de-la-jsk\\\/\"]}]},{\"@type\":\"ImageObject\",\"inLanguage\":\"fr-FR\",\"@id\":\"https:\\\/\\\/lasentinelle.dz\\\/index.php\\\/2024\\\/09\\\/10\\\/ligue-1-mobilis-preparation-la-js-el-biar-et-le-rc-kouba-au-menu-de-la-jsk\\\/#primaryimage\",\"url\":\"https:\\\/\\\/lasentinelle.dz\\\/wp-content\\\/uploads\\\/2024\\\/09\\\/JSK.jpg\",\"contentUrl\":\"https:\\\/\\\/lasentinelle.dz\\\/wp-content\\\/uploads\\\/2024\\\/09\\\/JSK.jpg\",\"width\":2048,\"height\":1639},{\"@type\":\"BreadcrumbList\",\"@id\":\"https:\\\/\\\/lasentinelle.dz\\\/index.php\\\/2024\\\/09\\\/10\\\/ligue-1-mobilis-preparation-la-js-el-biar-et-le-rc-kouba-au-menu-de-la-jsk\\\/#breadcrumb\",\"itemListElement\":[{\"@type\":\"ListItem\",\"position\":1,\"name\":\"Accueil\",\"item\":\"https:\\\/\\\/lasentinelle.dz\\\/\"},{\"@type\":\"ListItem\",\"position\":2,\"name\":\"Ligue 1 Mobilis (pr\u00e9paration): La JS El Biar et le RC Kouba au menu de la JSK\"}]},{\"@type\":\"WebSite\",\"@id\":\"https:\\\/\\\/lasentinelle.dz\\\/#website\",\"url\":\"https:\\\/\\\/lasentinelle.dz\\\/\",\"name\":\"La Sentinelle\",\"description\":\"Quotidien national d&#039;information\",\"publisher\":{\"@id\":\"https:\\\/\\\/lasentinelle.dz\\\/#organization\"},\"potentialAction\":[{\"@type\":\"SearchAction\",\"target\":{\"@type\":\"EntryPoint\",\"urlTemplate\":\"https:\\\/\\\/lasentinelle.dz\\\/?s={search_term_string}\"},\"query-input\":{\"@type\":\"PropertyValueSpecification\",\"valueRequired\":true,\"valueName\":\"search_term_string\"}}],\"inLanguage\":\"fr-FR\"},{\"@type\":\"Organization\",\"@id\":\"https:\\\/\\\/lasentinelle.dz\\\/#organization\",\"name\":\"Quotidien La Sentinelle\",\"url\":\"https:\\\/\\\/lasentinelle.dz\\\/\",\"logo\":{\"@type\":\"ImageObject\",\"inLanguage\":\"fr-FR\",\"@id\":\"https:\\\/\\\/lasentinelle.dz\\\/#\\\/schema\\\/logo\\\/image\\\/\",\"url\":\"https:\\\/\\\/lasentinelle.dz\\\/wp-content\\\/uploads\\\/2021\\\/09\\\/logo-sentinelleSLOGAN-1.png\",\"contentUrl\":\"https:\\\/\\\/lasentinelle.dz\\\/wp-content\\\/uploads\\\/2021\\\/09\\\/logo-sentinelleSLOGAN-1.png\",\"width\":615,\"height\":142,\"caption\":\"Quotidien La Sentinelle\"},\"image\":{\"@id\":\"https:\\\/\\\/lasentinelle.dz\\\/#\\\/schema\\\/logo\\\/image\\\/\"},\"sameAs\":[\"https:\\\/\\\/www.facebook.com\\\/La-Sentinelle-104059864394773\"]},{\"@type\":\"Person\",\"@id\":\"https:\\\/\\\/lasentinelle.dz\\\/#\\\/schema\\\/person\\\/729ee0024f24e0b8c5ec17232f8e8b41\",\"name\":\"admin\",\"image\":{\"@type\":\"ImageObject\",\"inLanguage\":\"fr-FR\",\"@id\":\"https:\\\/\\\/secure.gravatar.com\\\/avatar\\\/4c81fed838786e9b53f540bf46533e750f5d292099ae3b66cfc6fb1982e29df7?s=96&d=mm&r=g\",\"url\":\"https:\\\/\\\/secure.gravatar.com\\\/avatar\\\/4c81fed838786e9b53f540bf46533e750f5d292099ae3b66cfc6fb1982e29df7?s=96&d=mm&r=g\",\"contentUrl\":\"https:\\\/\\\/secure.gravatar.com\\\/avatar\\\/4c81fed838786e9b53f540bf46533e750f5d292099ae3b66cfc6fb1982e29df7?s=96&d=mm&r=g\",\"caption\":\"admin\"},\"description\":\"admin\",\"url\":\"https:\\\/\\\/lasentinelle.dz\\\/author\\\/admin\\\/\"}]}<\/script>\n<!-- \/ Yoast SEO plugin. -->","yoast_head_json":{"title":"Ligue 1 Mobilis (pr\u00e9paration): La JS El Biar et le RC Kouba au menu de la JSK - La Sentinelle","robots":{"index":"index","follow":"follow","max-snippet":"max-snippet:-1","max-image-preview":"max-image-preview:large","max-video-preview":"max-video-preview:-1"},"canonical":"https:\/\/lasentinelle.dz\/index.php\/2024\/09\/10\/ligue-1-mobilis-preparation-la-js-el-biar-et-le-rc-kouba-au-menu-de-la-jsk\/","og_locale":"fr_FR","og_type":"article","og_title":"Ligue 1 Mobilis (pr\u00e9paration): La JS El Biar et le RC Kouba au menu de la JSK - La Sentinelle","og_description":"La Jeunesse Sportive de Kabylie, soci\u00e9taire de la Ligue 1 Mobilis de football, accueillera la Jeunesse Sportive d&rsquo;El Biar et","og_url":"https:\/\/lasentinelle.dz\/index.php\/2024\/09\/10\/ligue-1-mobilis-preparation-la-js-el-biar-et-le-rc-kouba-au-menu-de-la-jsk\/","og_site_name":"La Sentinelle","article_publisher":"https:\/\/www.facebook.com\/La-Sentinelle-104059864394773","article_published_time":"2024-09-10T13:59:57+00:00","og_image":[{"width":2048,"height":1639,"url":"https:\/\/lasentinelle.dz\/wp-content\/uploads\/2024\/09\/JSK.jpg","type":"image\/jpeg"}],"author":"admin","twitter_card":"summary_large_image","twitter_misc":{"\u00c9crit par":"admin","Dur\u00e9e de lecture estim\u00e9e":"3 minutes"},"schema":{"@context":"https:\/\/schema.org","@graph":[{"@type":"Article","@id":"https:\/\/lasentinelle.dz\/index.php\/2024\/09\/10\/ligue-1-mobilis-preparation-la-js-el-biar-et-le-rc-kouba-au-menu-de-la-jsk\/#article","isPartOf":{"@id":"https:\/\/lasentinelle.dz\/index.php\/2024\/09\/10\/ligue-1-mobilis-preparation-la-js-el-biar-et-le-rc-kouba-au-menu-de-la-jsk\/"},"author":{"name":"admin","@id":"https:\/\/lasentinelle.dz\/#\/schema\/person\/729ee0024f24e0b8c5ec17232f8e8b41"},"headline":"Ligue 1 Mobilis (pr\u00e9paration): La JS El Biar et le RC Kouba au menu de la JSK","datePublished":"2024-09-10T13:59:57+00:00","mainEntityOfPage":{"@id":"https:\/\/lasentinelle.dz\/index.php\/2024\/09\/10\/ligue-1-mobilis-preparation-la-js-el-biar-et-le-rc-kouba-au-menu-de-la-jsk\/"},"wordCount":398,"commentCount":0,"publisher":{"@id":"https:\/\/lasentinelle.dz\/#organization"},"image":{"@id":"https:\/\/lasentinelle.dz\/index.php\/2024\/09\/10\/ligue-1-mobilis-preparation-la-js-el-biar-et-le-rc-kouba-au-menu-de-la-jsk\/#primaryimage"},"thumbnailUrl":"https:\/\/lasentinelle.dz\/wp-content\/uploads\/2024\/09\/JSK.jpg","articleSection":["Sports"],"inLanguage":"fr-FR","potentialAction":[{"@type":"CommentAction","name":"Comment","target":["https:\/\/lasentinelle.dz\/index.php\/2024\/09\/10\/ligue-1-mobilis-preparation-la-js-el-biar-et-le-rc-kouba-au-menu-de-la-jsk\/#respond"]}]},{"@type":"WebPage","@id":"https:\/\/lasentinelle.dz\/index.php\/2024\/09\/10\/ligue-1-mobilis-preparation-la-js-el-biar-et-le-rc-kouba-au-menu-de-la-jsk\/","url":"https:\/\/lasentinelle.dz\/index.php\/2024\/09\/10\/ligue-1-mobilis-preparation-la-js-el-biar-et-le-rc-kouba-au-menu-de-la-jsk\/","name":"Ligue 1 Mobilis (pr\u00e9paration): La JS El Biar et le RC Kouba au menu de la JSK - La Sentinelle","isPartOf":{"@id":"https:\/\/lasentinelle.dz\/#website"},"primaryImageOfPage":{"@id":"https:\/\/lasentinelle.dz\/index.php\/2024\/09\/10\/ligue-1-mobilis-preparation-la-js-el-biar-et-le-rc-kouba-au-menu-de-la-jsk\/#primaryimage"},"image":{"@id":"https:\/\/lasentinelle.dz\/index.php\/2024\/09\/10\/ligue-1-mobilis-preparation-la-js-el-biar-et-le-rc-kouba-au-menu-de-la-jsk\/#primaryimage"},"thumbnailUrl":"https:\/\/lasentinelle.dz\/wp-content\/uploads\/2024\/09\/JSK.jpg","datePublished":"2024-09-10T13:59:57+00:00","breadcrumb":{"@id":"https:\/\/lasentinelle.dz\/index.php\/2024\/09\/10\/ligue-1-mobilis-preparation-la-js-el-biar-et-le-rc-kouba-au-menu-de-la-jsk\/#breadcrumb"},"inLanguage":"fr-FR","potentialAction":[{"@type":"ReadAction","target":["https:\/\/lasentinelle.dz\/index.php\/2024\/09\/10\/ligue-1-mobilis-preparation-la-js-el-biar-et-le-rc-kouba-au-menu-de-la-jsk\/"]}]},{"@type":"ImageObject","inLanguage":"fr-FR","@id":"https:\/\/lasentinelle.dz\/index.php\/2024\/09\/10\/ligue-1-mobilis-preparation-la-js-el-biar-et-le-rc-kouba-au-menu-de-la-jsk\/#primaryimage","url":"https:\/\/lasentinelle.dz\/wp-content\/uploads\/2024\/09\/JSK.jpg","contentUrl":"https:\/\/lasentinelle.dz\/wp-content\/uploads\/2024\/09\/JSK.jpg","width":2048,"height":1639},{"@type":"BreadcrumbList","@id":"https:\/\/lasentinelle.dz\/index.php\/2024\/09\/10\/ligue-1-mobilis-preparation-la-js-el-biar-et-le-rc-kouba-au-menu-de-la-jsk\/#breadcrumb","itemListElement":[{"@type":"ListItem","position":1,"name":"Accueil","item":"https:\/\/lasentinelle.dz\/"},{"@type":"ListItem","position":2,"name":"Ligue 1 Mobilis (pr\u00e9paration): La JS El Biar et le RC Kouba au menu de la JSK"}]},{"@type":"WebSite","@id":"https:\/\/lasentinelle.dz\/#website","url":"https:\/\/lasentinelle.dz\/","name":"La Sentinelle","description":"Quotidien national d&#039;information","publisher":{"@id":"https:\/\/lasentinelle.dz\/#organization"},"potentialAction":[{"@type":"SearchAction","target":{"@type":"EntryPoint","urlTemplate":"https:\/\/lasentinelle.dz\/?s={search_term_string}"},"query-input":{"@type":"PropertyValueSpecification","valueRequired":true,"valueName":"search_term_string"}}],"inLanguage":"fr-FR"},{"@type":"Organization","@id":"https:\/\/lasentinelle.dz\/#organization","name":"Quotidien La Sentinelle","url":"https:\/\/lasentinelle.dz\/","logo":{"@type":"ImageObject","inLanguage":"fr-FR","@id":"https:\/\/lasentinelle.dz\/#\/schema\/logo\/image\/","url":"https:\/\/lasentinelle.dz\/wp-content\/uploads\/2021\/09\/logo-sentinelleSLOGAN-1.png","contentUrl":"https:\/\/lasentinelle.dz\/wp-content\/uploads\/2021\/09\/logo-sentinelleSLOGAN-1.png","width":615,"height":142,"caption":"Quotidien La Sentinelle"},"image":{"@id":"https:\/\/lasentinelle.dz\/#\/schema\/logo\/image\/"},"sameAs":["https:\/\/www.facebook.com\/La-Sentinelle-104059864394773"]},{"@type":"Person","@id":"https:\/\/lasentinelle.dz\/#\/schema\/person\/729ee0024f24e0b8c5ec17232f8e8b41","name":"admin","image":{"@type":"ImageObject","inLanguage":"fr-FR","@id":"https:\/\/secure.gravatar.com\/avatar\/4c81fed838786e9b53f540bf46533e750f5d292099ae3b66cfc6fb1982e29df7?s=96&d=mm&r=g","url":"https:\/\/secure.gravatar.com\/avatar\/4c81fed838786e9b53f540bf46533e750f5d292099ae3b66cfc6fb1982e29df7?s=96&d=mm&r=g","contentUrl":"https:\/\/secure.gravatar.com\/avatar\/4c81fed838786e9b53f540bf46533e750f5d292099ae3b66cfc6fb1982e29df7?s=96&d=mm&r=g","caption":"admin"},"description":"admin","url":"https:\/\/lasentinelle.dz\/author\/admin\/"}]}},"_links":{"self":[{"href":"https:\/\/lasentinelle.dz\/index.php\/wp-json\/wp\/v2\/posts\/56759","targetHints":{"allow":["GET"]}}],"collection":[{"href":"https:\/\/lasentinelle.dz\/index.php\/wp-json\/wp\/v2\/posts"}],"about":[{"href":"https:\/\/lasentinelle.dz\/index.php\/wp-json\/wp\/v2\/types\/post"}],"author":[{"embeddable":true,"href":"https:\/\/lasentinelle.dz\/index.php\/wp-json\/wp\/v2\/users\/6"}],"replies":[{"embeddable":true,"href":"https:\/\/lasentinelle.dz\/index.php\/wp-json\/wp\/v2\/comments?post=56759"}],"version-history":[{"count":1,"href":"https:\/\/lasentinelle.dz\/index.php\/wp-json\/wp\/v2\/posts\/56759\/revisions"}],"predecessor-version":[{"id":56761,"href":"https:\/\/lasentinelle.dz\/index.php\/wp-json\/wp\/v2\/posts\/56759\/revisions\/56761"}],"wp:featuredmedia":[{"embeddable":true,"href":"https:\/\/lasentinelle.dz\/index.php\/wp-json\/wp\/v2\/media\/56760"}],"wp:attachment":[{"href":"https:\/\/lasentinelle.dz\/index.php\/wp-json\/wp\/v2\/media?parent=56759"}],"wp:term":[{"taxonomy":"category","embeddable":true,"href":"https:\/\/lasentinelle.dz\/index.php\/wp-json\/wp\/v2\/categories?post=56759"},{"taxonomy":"post_tag","embeddable":true,"href":"https:\/\/lasentinelle.dz\/index.php\/wp-json\/wp\/v2\/tags?post=56759"}],"curies":[{"name":"wp","href":"https:\/\/api.w.org\/{rel}","templated":true}]}}