{"id":56781,"date":"2024-09-10T15:15:06","date_gmt":"2024-09-10T14:15:06","guid":{"rendered":"https:\/\/lasentinelle.dz\/?p=56781"},"modified":"2024-09-10T15:15:06","modified_gmt":"2024-09-10T14:15:06","slug":"annaba-les-campus-universitaires-sous-la-loupe","status":"publish","type":"post","link":"https:\/\/lasentinelle.dz\/index.php\/2024\/09\/10\/annaba-les-campus-universitaires-sous-la-loupe\/","title":{"rendered":"Annaba: Les campus universitaires sous la loupe"},"content":{"rendered":"\n<p>L\u2019op\u00e9ration s\u2019inscrit dans le cadre de l\u2019am\u00e9lioration des conditions de r\u00e9sidence pour les \u00e9tudiants, surtout que l\u2019ann\u00e9e derni\u00e8re plusieurs revendications ont \u00e9t\u00e9 soulev\u00e9es par les \u00e9tudiants, d\u00e9non\u00e7ant la d\u00e9t\u00e9rioration des lieux.<\/p>\n\n\n\n<p>En pr\u00e9vision de la rentr\u00e9e universitaire 2024\/2025, la commission de wilaya charg\u00e9e du secteur des services universitaires a effectu\u00e9 des sorties de terrain dans les diff\u00e9rentes r\u00e9sidences universitaires \u00e0 Annaba, qu&rsquo;il s&rsquo;agisse de celles relevant de la direction de wilaya des \u0153uvres universitaires d&rsquo;Annaba- centrale, ou celles relevant de la direction des \u0153uvres universitaires de Sidi Amar o\u00f9, des travaux de restauration et d&rsquo;entretien de certaines de ses installations ont \u00e9t\u00e9 op\u00e9r\u00e9s. Ces op\u00e9rations de contr\u00f4le ont notamment cibl\u00e9 les restaurants universitaires, les douches et toutes les ailes de r\u00e9sidence des \u00e9tudiants. Afin d\u2019\u00e9viter tout impr\u00e9vu et parer \u00e0 toutes lacunes, la commission de wilaya a, pendant deux semaines, op\u00e9r\u00e9 des inspections avant la reprise des cours dans les universit\u00e9s, dont le compte \u00e0 rebours s\u2019acc\u00e9l\u00e8re. Accompagn\u00e9s des responsables des \u0153uvres universitaires, les membres de la commission de wilaya ont cibl\u00e9 tous les campus universitaires, dont entre autres, la cit\u00e9 des 3000 lits (El Bouni), la cit\u00e9 Sidi Achour, la Cit\u00e9 plaine Ouest et Bouhdid. Une visite d\u2019inspection a aussi \u00e9t\u00e9 effectu\u00e9e dans la r\u00e9sidence universitaire filles du Pont-Blanc Souissi o\u00f9, il a \u00e9t\u00e9 constat\u00e9 l&rsquo;avancement des travaux dans ce campus qui fait encore l\u2019objet d\u2019importants travaux. Cette cit\u00e9 universitaire, convient-il de le noter, \u00e9tait ferm\u00e9e depuis plusieurs ann\u00e9es et avait fait l&rsquo;objet d&rsquo;une op\u00e9rations de r\u00e9habilitation et de restauration d&rsquo;envergure, afin d&rsquo;accueillir des \u00e9tudiants de la facult\u00e9 de m\u00e9decine, qui \u00e9taient dans la r\u00e9sidence des Cr\u00eates. Celle-ci qui, en r\u00e9alit\u00e9, est une propri\u00e9t\u00e9 de la direction de l\u2019\u00e9ducation nationale d\u2019Annaba, qui l\u2019a r\u00e9cup\u00e9r\u00e9 pour \u00eatre affect\u00e9e \u00e0 sa vocation initiale, la formation des enseignants. \u00c0 l\u2019issue de cette inspection, premi\u00e8re du genre, les membres de la commission, ont affich\u00e9 une satisfaction quant aux travaux de restauration et de r\u00e9habilitation des r\u00e9sidences universitaires, relevant de la direction des \u0153uvres universitaires d\u2019Annaba. Toutefois, les contr\u00f4leurs ont insist\u00e9 au campus du Pont-Blanc sur la n\u00e9cessit\u00e9 de l\u2019ach\u00e8vement de tous les travaux avant la reprise de l\u2019ann\u00e9e universitaire 2024\/2025. Le souci majeur des membres de la commission est de procurer le confort n\u00e9cessaire pour les \u00e9tudiants r\u00e9sidents, afin qu\u2019ils puissent mener un cursus universitaire dans les meilleures conditions possibles.<\/p>\n\n\n\n<p><strong>Sofia Chahine<\/strong><\/p>\n","protected":false},"excerpt":{"rendered":"<p>L\u2019op\u00e9ration s\u2019inscrit dans le cadre de l\u2019am\u00e9lioration des conditions de r\u00e9sidence pour les \u00e9tudiants, surtout que l\u2019ann\u00e9e derni\u00e8re plusieurs revendications<\/p>\n","protected":false},"author":6,"featured_media":56782,"comment_status":"open","ping_status":"closed","sticky":false,"template":"","format":"standard","meta":{"colormag_page_container_layout":"default_layout","colormag_page_sidebar_layout":"default_layout","om_disable_all_campaigns":false,"_monsterinsights_skip_tracking":false,"_monsterinsights_sitenote_active":false,"_monsterinsights_sitenote_note":"","_monsterinsights_sitenote_category":0,"footnotes":"","_wpscppro_dont_share_socialmedia":false,"_wpscppro_custom_social_share_image":0,"_facebook_share_type":"default","_twitter_share_type":"default","_linkedin_share_type":"default","_pinterest_share_type":"default","_linkedin_share_type_page":"","_instagram_share_type":"default","_medium_share_type":"","_threads_share_type":"","_google_business_share_type":"","_selected_social_profile":[],"_wpsp_enable_custom_social_template":false,"_wpsp_social_scheduling":{"enabled":false,"datetime":null,"platforms":[],"status":"template_only","dateOption":"today","timeOption":"now","customDays":"","customHours":"","customDate":"","customTime":"","schedulingType":"absolute"},"_wpsp_active_default_template":true},"categories":[31],"tags":[],"class_list":["post-56781","post","type-post","status-publish","format-standard","has-post-thumbnail","hentry","category-regions"],"aioseo_notices":[],"yoast_head":"<!-- This site is optimized with the Yoast SEO plugin v27.5 - https:\/\/yoast.com\/product\/yoast-seo-wordpress\/ -->\n<title>Annaba: Les campus universitaires sous la loupe - La Sentinelle<\/title>\n<meta name=\"robots\" content=\"index, follow, max-snippet:-1, max-image-preview:large, max-video-preview:-1\" \/>\n<link rel=\"canonical\" href=\"https:\/\/lasentinelle.dz\/index.php\/2024\/09\/10\/annaba-les-campus-universitaires-sous-la-loupe\/\" \/>\n<meta property=\"og:locale\" content=\"fr_FR\" \/>\n<meta property=\"og:type\" content=\"article\" \/>\n<meta property=\"og:title\" content=\"Annaba: Les campus universitaires sous la loupe - La Sentinelle\" \/>\n<meta property=\"og:description\" content=\"L\u2019op\u00e9ration s\u2019inscrit dans le cadre de l\u2019am\u00e9lioration des conditions de r\u00e9sidence pour les \u00e9tudiants, surtout que l\u2019ann\u00e9e derni\u00e8re plusieurs revendications\" \/>\n<meta property=\"og:url\" content=\"https:\/\/lasentinelle.dz\/index.php\/2024\/09\/10\/annaba-les-campus-universitaires-sous-la-loupe\/\" \/>\n<meta property=\"og:site_name\" content=\"La Sentinelle\" \/>\n<meta property=\"article:publisher\" content=\"https:\/\/www.facebook.com\/La-Sentinelle-104059864394773\" \/>\n<meta property=\"article:published_time\" content=\"2024-09-10T14:15:06+00:00\" \/>\n<meta property=\"og:image\" content=\"https:\/\/lasentinelle.dz\/wp-content\/uploads\/2024\/09\/Universite-annaba.gif\" \/>\n\t<meta property=\"og:image:width\" content=\"1024\" \/>\n\t<meta property=\"og:image:height\" content=\"768\" \/>\n\t<meta property=\"og:image:type\" content=\"image\/gif\" \/>\n<meta name=\"author\" content=\"admin\" \/>\n<meta name=\"twitter:card\" content=\"summary_large_image\" \/>\n<meta name=\"twitter:label1\" content=\"\u00c9crit par\" \/>\n\t<meta name=\"twitter:data1\" content=\"admin\" \/>\n\t<meta name=\"twitter:label2\" content=\"Dur\u00e9e de lecture estim\u00e9e\" \/>\n\t<meta name=\"twitter:data2\" content=\"3 minutes\" \/>\n<script type=\"application\/ld+json\" class=\"yoast-schema-graph\">{\"@context\":\"https:\\\/\\\/schema.org\",\"@graph\":[{\"@type\":\"Article\",\"@id\":\"https:\\\/\\\/lasentinelle.dz\\\/index.php\\\/2024\\\/09\\\/10\\\/annaba-les-campus-universitaires-sous-la-loupe\\\/#article\",\"isPartOf\":{\"@id\":\"https:\\\/\\\/lasentinelle.dz\\\/index.php\\\/2024\\\/09\\\/10\\\/annaba-les-campus-universitaires-sous-la-loupe\\\/\"},\"author\":{\"name\":\"admin\",\"@id\":\"https:\\\/\\\/lasentinelle.dz\\\/#\\\/schema\\\/person\\\/729ee0024f24e0b8c5ec17232f8e8b41\"},\"headline\":\"Annaba: Les campus universitaires sous la loupe\",\"datePublished\":\"2024-09-10T14:15:06+00:00\",\"mainEntityOfPage\":{\"@id\":\"https:\\\/\\\/lasentinelle.dz\\\/index.php\\\/2024\\\/09\\\/10\\\/annaba-les-campus-universitaires-sous-la-loupe\\\/\"},\"wordCount\":463,\"commentCount\":0,\"publisher\":{\"@id\":\"https:\\\/\\\/lasentinelle.dz\\\/#organization\"},\"image\":{\"@id\":\"https:\\\/\\\/lasentinelle.dz\\\/index.php\\\/2024\\\/09\\\/10\\\/annaba-les-campus-universitaires-sous-la-loupe\\\/#primaryimage\"},\"thumbnailUrl\":\"https:\\\/\\\/lasentinelle.dz\\\/wp-content\\\/uploads\\\/2024\\\/09\\\/Universite-annaba.gif\",\"articleSection\":[\"R\u00e9gions\"],\"inLanguage\":\"fr-FR\",\"potentialAction\":[{\"@type\":\"CommentAction\",\"name\":\"Comment\",\"target\":[\"https:\\\/\\\/lasentinelle.dz\\\/index.php\\\/2024\\\/09\\\/10\\\/annaba-les-campus-universitaires-sous-la-loupe\\\/#respond\"]}]},{\"@type\":\"WebPage\",\"@id\":\"https:\\\/\\\/lasentinelle.dz\\\/index.php\\\/2024\\\/09\\\/10\\\/annaba-les-campus-universitaires-sous-la-loupe\\\/\",\"url\":\"https:\\\/\\\/lasentinelle.dz\\\/index.php\\\/2024\\\/09\\\/10\\\/annaba-les-campus-universitaires-sous-la-loupe\\\/\",\"name\":\"Annaba: Les campus universitaires sous la loupe - La Sentinelle\",\"isPartOf\":{\"@id\":\"https:\\\/\\\/lasentinelle.dz\\\/#website\"},\"primaryImageOfPage\":{\"@id\":\"https:\\\/\\\/lasentinelle.dz\\\/index.php\\\/2024\\\/09\\\/10\\\/annaba-les-campus-universitaires-sous-la-loupe\\\/#primaryimage\"},\"image\":{\"@id\":\"https:\\\/\\\/lasentinelle.dz\\\/index.php\\\/2024\\\/09\\\/10\\\/annaba-les-campus-universitaires-sous-la-loupe\\\/#primaryimage\"},\"thumbnailUrl\":\"https:\\\/\\\/lasentinelle.dz\\\/wp-content\\\/uploads\\\/2024\\\/09\\\/Universite-annaba.gif\",\"datePublished\":\"2024-09-10T14:15:06+00:00\",\"breadcrumb\":{\"@id\":\"https:\\\/\\\/lasentinelle.dz\\\/index.php\\\/2024\\\/09\\\/10\\\/annaba-les-campus-universitaires-sous-la-loupe\\\/#breadcrumb\"},\"inLanguage\":\"fr-FR\",\"potentialAction\":[{\"@type\":\"ReadAction\",\"target\":[\"https:\\\/\\\/lasentinelle.dz\\\/index.php\\\/2024\\\/09\\\/10\\\/annaba-les-campus-universitaires-sous-la-loupe\\\/\"]}]},{\"@type\":\"ImageObject\",\"inLanguage\":\"fr-FR\",\"@id\":\"https:\\\/\\\/lasentinelle.dz\\\/index.php\\\/2024\\\/09\\\/10\\\/annaba-les-campus-universitaires-sous-la-loupe\\\/#primaryimage\",\"url\":\"https:\\\/\\\/lasentinelle.dz\\\/wp-content\\\/uploads\\\/2024\\\/09\\\/Universite-annaba.gif\",\"contentUrl\":\"https:\\\/\\\/lasentinelle.dz\\\/wp-content\\\/uploads\\\/2024\\\/09\\\/Universite-annaba.gif\",\"width\":1024,\"height\":768},{\"@type\":\"BreadcrumbList\",\"@id\":\"https:\\\/\\\/lasentinelle.dz\\\/index.php\\\/2024\\\/09\\\/10\\\/annaba-les-campus-universitaires-sous-la-loupe\\\/#breadcrumb\",\"itemListElement\":[{\"@type\":\"ListItem\",\"position\":1,\"name\":\"Accueil\",\"item\":\"https:\\\/\\\/lasentinelle.dz\\\/\"},{\"@type\":\"ListItem\",\"position\":2,\"name\":\"Annaba: Les campus universitaires sous la loupe\"}]},{\"@type\":\"WebSite\",\"@id\":\"https:\\\/\\\/lasentinelle.dz\\\/#website\",\"url\":\"https:\\\/\\\/lasentinelle.dz\\\/\",\"name\":\"La Sentinelle\",\"description\":\"Quotidien national d&#039;information\",\"publisher\":{\"@id\":\"https:\\\/\\\/lasentinelle.dz\\\/#organization\"},\"potentialAction\":[{\"@type\":\"SearchAction\",\"target\":{\"@type\":\"EntryPoint\",\"urlTemplate\":\"https:\\\/\\\/lasentinelle.dz\\\/?s={search_term_string}\"},\"query-input\":{\"@type\":\"PropertyValueSpecification\",\"valueRequired\":true,\"valueName\":\"search_term_string\"}}],\"inLanguage\":\"fr-FR\"},{\"@type\":\"Organization\",\"@id\":\"https:\\\/\\\/lasentinelle.dz\\\/#organization\",\"name\":\"Quotidien La Sentinelle\",\"url\":\"https:\\\/\\\/lasentinelle.dz\\\/\",\"logo\":{\"@type\":\"ImageObject\",\"inLanguage\":\"fr-FR\",\"@id\":\"https:\\\/\\\/lasentinelle.dz\\\/#\\\/schema\\\/logo\\\/image\\\/\",\"url\":\"https:\\\/\\\/lasentinelle.dz\\\/wp-content\\\/uploads\\\/2021\\\/09\\\/logo-sentinelleSLOGAN-1.png\",\"contentUrl\":\"https:\\\/\\\/lasentinelle.dz\\\/wp-content\\\/uploads\\\/2021\\\/09\\\/logo-sentinelleSLOGAN-1.png\",\"width\":615,\"height\":142,\"caption\":\"Quotidien La Sentinelle\"},\"image\":{\"@id\":\"https:\\\/\\\/lasentinelle.dz\\\/#\\\/schema\\\/logo\\\/image\\\/\"},\"sameAs\":[\"https:\\\/\\\/www.facebook.com\\\/La-Sentinelle-104059864394773\"]},{\"@type\":\"Person\",\"@id\":\"https:\\\/\\\/lasentinelle.dz\\\/#\\\/schema\\\/person\\\/729ee0024f24e0b8c5ec17232f8e8b41\",\"name\":\"admin\",\"image\":{\"@type\":\"ImageObject\",\"inLanguage\":\"fr-FR\",\"@id\":\"https:\\\/\\\/secure.gravatar.com\\\/avatar\\\/4c81fed838786e9b53f540bf46533e750f5d292099ae3b66cfc6fb1982e29df7?s=96&d=mm&r=g\",\"url\":\"https:\\\/\\\/secure.gravatar.com\\\/avatar\\\/4c81fed838786e9b53f540bf46533e750f5d292099ae3b66cfc6fb1982e29df7?s=96&d=mm&r=g\",\"contentUrl\":\"https:\\\/\\\/secure.gravatar.com\\\/avatar\\\/4c81fed838786e9b53f540bf46533e750f5d292099ae3b66cfc6fb1982e29df7?s=96&d=mm&r=g\",\"caption\":\"admin\"},\"description\":\"admin\",\"url\":\"https:\\\/\\\/lasentinelle.dz\\\/author\\\/admin\\\/\"}]}<\/script>\n<!-- \/ Yoast SEO plugin. -->","yoast_head_json":{"title":"Annaba: Les campus universitaires sous la loupe - La Sentinelle","robots":{"index":"index","follow":"follow","max-snippet":"max-snippet:-1","max-image-preview":"max-image-preview:large","max-video-preview":"max-video-preview:-1"},"canonical":"https:\/\/lasentinelle.dz\/index.php\/2024\/09\/10\/annaba-les-campus-universitaires-sous-la-loupe\/","og_locale":"fr_FR","og_type":"article","og_title":"Annaba: Les campus universitaires sous la loupe - La Sentinelle","og_description":"L\u2019op\u00e9ration s\u2019inscrit dans le cadre de l\u2019am\u00e9lioration des conditions de r\u00e9sidence pour les \u00e9tudiants, surtout que l\u2019ann\u00e9e derni\u00e8re plusieurs revendications","og_url":"https:\/\/lasentinelle.dz\/index.php\/2024\/09\/10\/annaba-les-campus-universitaires-sous-la-loupe\/","og_site_name":"La Sentinelle","article_publisher":"https:\/\/www.facebook.com\/La-Sentinelle-104059864394773","article_published_time":"2024-09-10T14:15:06+00:00","og_image":[{"width":1024,"height":768,"url":"https:\/\/lasentinelle.dz\/wp-content\/uploads\/2024\/09\/Universite-annaba.gif","type":"image\/gif"}],"author":"admin","twitter_card":"summary_large_image","twitter_misc":{"\u00c9crit par":"admin","Dur\u00e9e de lecture estim\u00e9e":"3 minutes"},"schema":{"@context":"https:\/\/schema.org","@graph":[{"@type":"Article","@id":"https:\/\/lasentinelle.dz\/index.php\/2024\/09\/10\/annaba-les-campus-universitaires-sous-la-loupe\/#article","isPartOf":{"@id":"https:\/\/lasentinelle.dz\/index.php\/2024\/09\/10\/annaba-les-campus-universitaires-sous-la-loupe\/"},"author":{"name":"admin","@id":"https:\/\/lasentinelle.dz\/#\/schema\/person\/729ee0024f24e0b8c5ec17232f8e8b41"},"headline":"Annaba: Les campus universitaires sous la loupe","datePublished":"2024-09-10T14:15:06+00:00","mainEntityOfPage":{"@id":"https:\/\/lasentinelle.dz\/index.php\/2024\/09\/10\/annaba-les-campus-universitaires-sous-la-loupe\/"},"wordCount":463,"commentCount":0,"publisher":{"@id":"https:\/\/lasentinelle.dz\/#organization"},"image":{"@id":"https:\/\/lasentinelle.dz\/index.php\/2024\/09\/10\/annaba-les-campus-universitaires-sous-la-loupe\/#primaryimage"},"thumbnailUrl":"https:\/\/lasentinelle.dz\/wp-content\/uploads\/2024\/09\/Universite-annaba.gif","articleSection":["R\u00e9gions"],"inLanguage":"fr-FR","potentialAction":[{"@type":"CommentAction","name":"Comment","target":["https:\/\/lasentinelle.dz\/index.php\/2024\/09\/10\/annaba-les-campus-universitaires-sous-la-loupe\/#respond"]}]},{"@type":"WebPage","@id":"https:\/\/lasentinelle.dz\/index.php\/2024\/09\/10\/annaba-les-campus-universitaires-sous-la-loupe\/","url":"https:\/\/lasentinelle.dz\/index.php\/2024\/09\/10\/annaba-les-campus-universitaires-sous-la-loupe\/","name":"Annaba: Les campus universitaires sous la loupe - La Sentinelle","isPartOf":{"@id":"https:\/\/lasentinelle.dz\/#website"},"primaryImageOfPage":{"@id":"https:\/\/lasentinelle.dz\/index.php\/2024\/09\/10\/annaba-les-campus-universitaires-sous-la-loupe\/#primaryimage"},"image":{"@id":"https:\/\/lasentinelle.dz\/index.php\/2024\/09\/10\/annaba-les-campus-universitaires-sous-la-loupe\/#primaryimage"},"thumbnailUrl":"https:\/\/lasentinelle.dz\/wp-content\/uploads\/2024\/09\/Universite-annaba.gif","datePublished":"2024-09-10T14:15:06+00:00","breadcrumb":{"@id":"https:\/\/lasentinelle.dz\/index.php\/2024\/09\/10\/annaba-les-campus-universitaires-sous-la-loupe\/#breadcrumb"},"inLanguage":"fr-FR","potentialAction":[{"@type":"ReadAction","target":["https:\/\/lasentinelle.dz\/index.php\/2024\/09\/10\/annaba-les-campus-universitaires-sous-la-loupe\/"]}]},{"@type":"ImageObject","inLanguage":"fr-FR","@id":"https:\/\/lasentinelle.dz\/index.php\/2024\/09\/10\/annaba-les-campus-universitaires-sous-la-loupe\/#primaryimage","url":"https:\/\/lasentinelle.dz\/wp-content\/uploads\/2024\/09\/Universite-annaba.gif","contentUrl":"https:\/\/lasentinelle.dz\/wp-content\/uploads\/2024\/09\/Universite-annaba.gif","width":1024,"height":768},{"@type":"BreadcrumbList","@id":"https:\/\/lasentinelle.dz\/index.php\/2024\/09\/10\/annaba-les-campus-universitaires-sous-la-loupe\/#breadcrumb","itemListElement":[{"@type":"ListItem","position":1,"name":"Accueil","item":"https:\/\/lasentinelle.dz\/"},{"@type":"ListItem","position":2,"name":"Annaba: Les campus universitaires sous la loupe"}]},{"@type":"WebSite","@id":"https:\/\/lasentinelle.dz\/#website","url":"https:\/\/lasentinelle.dz\/","name":"La Sentinelle","description":"Quotidien national d&#039;information","publisher":{"@id":"https:\/\/lasentinelle.dz\/#organization"},"potentialAction":[{"@type":"SearchAction","target":{"@type":"EntryPoint","urlTemplate":"https:\/\/lasentinelle.dz\/?s={search_term_string}"},"query-input":{"@type":"PropertyValueSpecification","valueRequired":true,"valueName":"search_term_string"}}],"inLanguage":"fr-FR"},{"@type":"Organization","@id":"https:\/\/lasentinelle.dz\/#organization","name":"Quotidien La Sentinelle","url":"https:\/\/lasentinelle.dz\/","logo":{"@type":"ImageObject","inLanguage":"fr-FR","@id":"https:\/\/lasentinelle.dz\/#\/schema\/logo\/image\/","url":"https:\/\/lasentinelle.dz\/wp-content\/uploads\/2021\/09\/logo-sentinelleSLOGAN-1.png","contentUrl":"https:\/\/lasentinelle.dz\/wp-content\/uploads\/2021\/09\/logo-sentinelleSLOGAN-1.png","width":615,"height":142,"caption":"Quotidien La Sentinelle"},"image":{"@id":"https:\/\/lasentinelle.dz\/#\/schema\/logo\/image\/"},"sameAs":["https:\/\/www.facebook.com\/La-Sentinelle-104059864394773"]},{"@type":"Person","@id":"https:\/\/lasentinelle.dz\/#\/schema\/person\/729ee0024f24e0b8c5ec17232f8e8b41","name":"admin","image":{"@type":"ImageObject","inLanguage":"fr-FR","@id":"https:\/\/secure.gravatar.com\/avatar\/4c81fed838786e9b53f540bf46533e750f5d292099ae3b66cfc6fb1982e29df7?s=96&d=mm&r=g","url":"https:\/\/secure.gravatar.com\/avatar\/4c81fed838786e9b53f540bf46533e750f5d292099ae3b66cfc6fb1982e29df7?s=96&d=mm&r=g","contentUrl":"https:\/\/secure.gravatar.com\/avatar\/4c81fed838786e9b53f540bf46533e750f5d292099ae3b66cfc6fb1982e29df7?s=96&d=mm&r=g","caption":"admin"},"description":"admin","url":"https:\/\/lasentinelle.dz\/author\/admin\/"}]}},"_links":{"self":[{"href":"https:\/\/lasentinelle.dz\/index.php\/wp-json\/wp\/v2\/posts\/56781","targetHints":{"allow":["GET"]}}],"collection":[{"href":"https:\/\/lasentinelle.dz\/index.php\/wp-json\/wp\/v2\/posts"}],"about":[{"href":"https:\/\/lasentinelle.dz\/index.php\/wp-json\/wp\/v2\/types\/post"}],"author":[{"embeddable":true,"href":"https:\/\/lasentinelle.dz\/index.php\/wp-json\/wp\/v2\/users\/6"}],"replies":[{"embeddable":true,"href":"https:\/\/lasentinelle.dz\/index.php\/wp-json\/wp\/v2\/comments?post=56781"}],"version-history":[{"count":1,"href":"https:\/\/lasentinelle.dz\/index.php\/wp-json\/wp\/v2\/posts\/56781\/revisions"}],"predecessor-version":[{"id":56783,"href":"https:\/\/lasentinelle.dz\/index.php\/wp-json\/wp\/v2\/posts\/56781\/revisions\/56783"}],"wp:featuredmedia":[{"embeddable":true,"href":"https:\/\/lasentinelle.dz\/index.php\/wp-json\/wp\/v2\/media\/56782"}],"wp:attachment":[{"href":"https:\/\/lasentinelle.dz\/index.php\/wp-json\/wp\/v2\/media?parent=56781"}],"wp:term":[{"taxonomy":"category","embeddable":true,"href":"https:\/\/lasentinelle.dz\/index.php\/wp-json\/wp\/v2\/categories?post=56781"},{"taxonomy":"post_tag","embeddable":true,"href":"https:\/\/lasentinelle.dz\/index.php\/wp-json\/wp\/v2\/tags?post=56781"}],"curies":[{"name":"wp","href":"https:\/\/api.w.org\/{rel}","templated":true}]}}