{"id":56861,"date":"2024-09-11T15:41:41","date_gmt":"2024-09-11T14:41:41","guid":{"rendered":"https:\/\/lasentinelle.dz\/?p=56861"},"modified":"2024-09-11T15:41:42","modified_gmt":"2024-09-11T14:41:42","slug":"eliminatoires-de-la-can-2025-les-fennecs-prennent-le-large","status":"publish","type":"post","link":"https:\/\/lasentinelle.dz\/index.php\/2024\/09\/11\/eliminatoires-de-la-can-2025-les-fennecs-prennent-le-large\/","title":{"rendered":"\u00c9liminatoires de la CAN-2025: Les Fennecs prennent le large !"},"content":{"rendered":"\n<p>L&rsquo;\u00e9quipe nationale de football a enchain\u00e9 hier une seconde performance impressionnante lors de la deuxi\u00e8me journ\u00e9e des qualifications pour la Coupe d&rsquo;Afrique des Nations (CAN) 2025. Face au Liberia, \u00e0 Monrovia, les Fennecs ont d\u00e9montr\u00e9 leur sup\u00e9riorit\u00e9 en s&rsquo;imposant sur le score sans appel de 3-0, et ce malgr\u00e9 l&rsquo;absence de cadres de l&rsquo;\u00e9quipe qui ont d\u00e9clar\u00e9 forfait pour blessure. D\u00e8s la premi\u00e8re mi-temps, les Fennecs ont pris les devants gr\u00e2ce \u00e0 deux r\u00e9alisations sign\u00e9es Amine Gouiri (17e) et Adem Zorgane (25e). La domination alg\u00e9rienne s&rsquo;est poursuivie en seconde p\u00e9riode, avec un troisi\u00e8me but inscrit par Baghdad Bounedjah \u00e0 la 80e minute, scellant d\u00e9finitivement le sort de la rencontre.<\/p>\n\n\n\n<p>Cette victoire \u00e9clatante permet \u00e0 l&rsquo;Alg\u00e9rie de consolider sa position de leader du groupe E avec un total de 6 points. Les Fennecs devancent d\u00e9sormais le Togo (2 points), tandis que le Liberia et la Guin\u00e9e \u00e9quatoriale ferment la marche avec un point chacun. Dans l&rsquo;autre match du groupe, disput\u00e9 la veille \u00e0 Malabo, la Guin\u00e9e \u00e9quatoriale et le Togo se sont neutralis\u00e9s (2-2). Ce r\u00e9sultat renforce davantage la position favorable de l&rsquo;Alg\u00e9rie dans la course \u00e0 la qualification.<\/p>\n\n\n\n<p>Les prochaines \u00e9ch\u00e9ances pour les Fennecs seront cruciales. Lors des 3e et 4e journ\u00e9es pr\u00e9vues en octobre 2024, ils affronteront le Togo en matchs aller-retour. Ces rencontres repr\u00e9senteront une opportunit\u00e9 pour l&rsquo;Alg\u00e9rie de creuser l&rsquo;\u00e9cart et de se rapprocher de la qualification pour la phase finale de la CAN 2025.<\/p>\n\n\n\n<p>Rappelons que les deux premiers de chaque groupe se qualifieront pour la phase finale, \u00e0 l&rsquo;exception du groupe du pays h\u00f4te, o\u00f9 seul le premier sera qualifi\u00e9. Avec ce d\u00e9but de parcours parfait, l&rsquo;Alg\u00e9rie semble bien partie pour d\u00e9crocher son billet pour la prochaine Coupe d&rsquo;Afrique des Nations. Les Fennecs, emmen\u00e9s par leur s\u00e9lectionneur et leur effectif talentueux, affichent des ambitions \u00e9lev\u00e9es pour cette campagne de qualification. Leur jeu offensif et leur solidit\u00e9 d\u00e9fensive laissent pr\u00e9sager un beau parcours dans ces \u00e9liminatoires et potentiellement lors de la phase finale de la CAN 2025.<\/p>\n\n\n\n<p>Moncef Dahleb<\/p>\n","protected":false},"excerpt":{"rendered":"<p>L&rsquo;\u00e9quipe nationale de football a enchain\u00e9 hier une seconde performance impressionnante lors de la deuxi\u00e8me journ\u00e9e des qualifications pour la<\/p>\n","protected":false},"author":6,"featured_media":56862,"comment_status":"open","ping_status":"closed","sticky":false,"template":"","format":"standard","meta":{"colormag_page_container_layout":"default_layout","colormag_page_sidebar_layout":"default_layout","om_disable_all_campaigns":false,"_monsterinsights_skip_tracking":false,"_monsterinsights_sitenote_active":false,"_monsterinsights_sitenote_note":"","_monsterinsights_sitenote_category":0,"footnotes":"","_wpscppro_dont_share_socialmedia":false,"_wpscppro_custom_social_share_image":0,"_facebook_share_type":"default","_twitter_share_type":"default","_linkedin_share_type":"default","_pinterest_share_type":"default","_linkedin_share_type_page":"","_instagram_share_type":"default","_medium_share_type":"","_threads_share_type":"","_google_business_share_type":"","_selected_social_profile":[],"_wpsp_enable_custom_social_template":false,"_wpsp_social_scheduling":{"enabled":false,"datetime":null,"platforms":[],"status":"template_only","dateOption":"today","timeOption":"now","customDays":"","customHours":"","customDate":"","customTime":"","schedulingType":"absolute"},"_wpsp_active_default_template":true},"categories":[52,33],"tags":[],"class_list":["post-56861","post","type-post","status-publish","format-standard","has-post-thumbnail","hentry","category-a-la-une","category-sports"],"aioseo_notices":[],"yoast_head":"<!-- This site is optimized with the Yoast SEO plugin v27.5 - https:\/\/yoast.com\/product\/yoast-seo-wordpress\/ -->\n<title>\u00c9liminatoires de la CAN-2025: Les Fennecs prennent le large ! - La Sentinelle<\/title>\n<meta name=\"robots\" content=\"index, follow, max-snippet:-1, max-image-preview:large, max-video-preview:-1\" \/>\n<link rel=\"canonical\" href=\"https:\/\/lasentinelle.dz\/index.php\/2024\/09\/11\/eliminatoires-de-la-can-2025-les-fennecs-prennent-le-large\/\" \/>\n<meta property=\"og:locale\" content=\"fr_FR\" \/>\n<meta property=\"og:type\" content=\"article\" \/>\n<meta property=\"og:title\" content=\"\u00c9liminatoires de la CAN-2025: Les Fennecs prennent le large ! - La Sentinelle\" \/>\n<meta property=\"og:description\" content=\"L&rsquo;\u00e9quipe nationale de football a enchain\u00e9 hier une seconde performance impressionnante lors de la deuxi\u00e8me journ\u00e9e des qualifications pour la\" \/>\n<meta property=\"og:url\" content=\"https:\/\/lasentinelle.dz\/index.php\/2024\/09\/11\/eliminatoires-de-la-can-2025-les-fennecs-prennent-le-large\/\" \/>\n<meta property=\"og:site_name\" content=\"La Sentinelle\" \/>\n<meta property=\"article:publisher\" content=\"https:\/\/www.facebook.com\/La-Sentinelle-104059864394773\" \/>\n<meta property=\"article:published_time\" content=\"2024-09-11T14:41:41+00:00\" \/>\n<meta property=\"article:modified_time\" content=\"2024-09-11T14:41:42+00:00\" \/>\n<meta property=\"og:image\" content=\"https:\/\/lasentinelle.dz\/wp-content\/uploads\/2024\/09\/EN-1.jpg\" \/>\n\t<meta property=\"og:image:width\" content=\"2401\" \/>\n\t<meta property=\"og:image:height\" content=\"1600\" \/>\n\t<meta property=\"og:image:type\" content=\"image\/jpeg\" \/>\n<meta name=\"author\" content=\"admin\" \/>\n<meta name=\"twitter:card\" content=\"summary_large_image\" \/>\n<meta name=\"twitter:label1\" content=\"\u00c9crit par\" \/>\n\t<meta name=\"twitter:data1\" content=\"admin\" \/>\n\t<meta name=\"twitter:label2\" content=\"Dur\u00e9e de lecture estim\u00e9e\" \/>\n\t<meta name=\"twitter:data2\" content=\"2 minutes\" \/>\n<script type=\"application\/ld+json\" class=\"yoast-schema-graph\">{\"@context\":\"https:\\\/\\\/schema.org\",\"@graph\":[{\"@type\":\"Article\",\"@id\":\"https:\\\/\\\/lasentinelle.dz\\\/index.php\\\/2024\\\/09\\\/11\\\/eliminatoires-de-la-can-2025-les-fennecs-prennent-le-large\\\/#article\",\"isPartOf\":{\"@id\":\"https:\\\/\\\/lasentinelle.dz\\\/index.php\\\/2024\\\/09\\\/11\\\/eliminatoires-de-la-can-2025-les-fennecs-prennent-le-large\\\/\"},\"author\":{\"name\":\"admin\",\"@id\":\"https:\\\/\\\/lasentinelle.dz\\\/#\\\/schema\\\/person\\\/729ee0024f24e0b8c5ec17232f8e8b41\"},\"headline\":\"\u00c9liminatoires de la CAN-2025: Les Fennecs prennent le large !\",\"datePublished\":\"2024-09-11T14:41:41+00:00\",\"dateModified\":\"2024-09-11T14:41:42+00:00\",\"mainEntityOfPage\":{\"@id\":\"https:\\\/\\\/lasentinelle.dz\\\/index.php\\\/2024\\\/09\\\/11\\\/eliminatoires-de-la-can-2025-les-fennecs-prennent-le-large\\\/\"},\"wordCount\":378,\"commentCount\":0,\"publisher\":{\"@id\":\"https:\\\/\\\/lasentinelle.dz\\\/#organization\"},\"image\":{\"@id\":\"https:\\\/\\\/lasentinelle.dz\\\/index.php\\\/2024\\\/09\\\/11\\\/eliminatoires-de-la-can-2025-les-fennecs-prennent-le-large\\\/#primaryimage\"},\"thumbnailUrl\":\"https:\\\/\\\/lasentinelle.dz\\\/wp-content\\\/uploads\\\/2024\\\/09\\\/EN-1.jpg\",\"articleSection\":[\"\u00c0 la Une\",\"Sports\"],\"inLanguage\":\"fr-FR\",\"potentialAction\":[{\"@type\":\"CommentAction\",\"name\":\"Comment\",\"target\":[\"https:\\\/\\\/lasentinelle.dz\\\/index.php\\\/2024\\\/09\\\/11\\\/eliminatoires-de-la-can-2025-les-fennecs-prennent-le-large\\\/#respond\"]}]},{\"@type\":\"WebPage\",\"@id\":\"https:\\\/\\\/lasentinelle.dz\\\/index.php\\\/2024\\\/09\\\/11\\\/eliminatoires-de-la-can-2025-les-fennecs-prennent-le-large\\\/\",\"url\":\"https:\\\/\\\/lasentinelle.dz\\\/index.php\\\/2024\\\/09\\\/11\\\/eliminatoires-de-la-can-2025-les-fennecs-prennent-le-large\\\/\",\"name\":\"\u00c9liminatoires de la CAN-2025: Les Fennecs prennent le large ! - La Sentinelle\",\"isPartOf\":{\"@id\":\"https:\\\/\\\/lasentinelle.dz\\\/#website\"},\"primaryImageOfPage\":{\"@id\":\"https:\\\/\\\/lasentinelle.dz\\\/index.php\\\/2024\\\/09\\\/11\\\/eliminatoires-de-la-can-2025-les-fennecs-prennent-le-large\\\/#primaryimage\"},\"image\":{\"@id\":\"https:\\\/\\\/lasentinelle.dz\\\/index.php\\\/2024\\\/09\\\/11\\\/eliminatoires-de-la-can-2025-les-fennecs-prennent-le-large\\\/#primaryimage\"},\"thumbnailUrl\":\"https:\\\/\\\/lasentinelle.dz\\\/wp-content\\\/uploads\\\/2024\\\/09\\\/EN-1.jpg\",\"datePublished\":\"2024-09-11T14:41:41+00:00\",\"dateModified\":\"2024-09-11T14:41:42+00:00\",\"breadcrumb\":{\"@id\":\"https:\\\/\\\/lasentinelle.dz\\\/index.php\\\/2024\\\/09\\\/11\\\/eliminatoires-de-la-can-2025-les-fennecs-prennent-le-large\\\/#breadcrumb\"},\"inLanguage\":\"fr-FR\",\"potentialAction\":[{\"@type\":\"ReadAction\",\"target\":[\"https:\\\/\\\/lasentinelle.dz\\\/index.php\\\/2024\\\/09\\\/11\\\/eliminatoires-de-la-can-2025-les-fennecs-prennent-le-large\\\/\"]}]},{\"@type\":\"ImageObject\",\"inLanguage\":\"fr-FR\",\"@id\":\"https:\\\/\\\/lasentinelle.dz\\\/index.php\\\/2024\\\/09\\\/11\\\/eliminatoires-de-la-can-2025-les-fennecs-prennent-le-large\\\/#primaryimage\",\"url\":\"https:\\\/\\\/lasentinelle.dz\\\/wp-content\\\/uploads\\\/2024\\\/09\\\/EN-1.jpg\",\"contentUrl\":\"https:\\\/\\\/lasentinelle.dz\\\/wp-content\\\/uploads\\\/2024\\\/09\\\/EN-1.jpg\",\"width\":2401,\"height\":1600},{\"@type\":\"BreadcrumbList\",\"@id\":\"https:\\\/\\\/lasentinelle.dz\\\/index.php\\\/2024\\\/09\\\/11\\\/eliminatoires-de-la-can-2025-les-fennecs-prennent-le-large\\\/#breadcrumb\",\"itemListElement\":[{\"@type\":\"ListItem\",\"position\":1,\"name\":\"Accueil\",\"item\":\"https:\\\/\\\/lasentinelle.dz\\\/\"},{\"@type\":\"ListItem\",\"position\":2,\"name\":\"\u00c9liminatoires de la CAN-2025: Les Fennecs prennent le large !\"}]},{\"@type\":\"WebSite\",\"@id\":\"https:\\\/\\\/lasentinelle.dz\\\/#website\",\"url\":\"https:\\\/\\\/lasentinelle.dz\\\/\",\"name\":\"La Sentinelle\",\"description\":\"Quotidien national d&#039;information\",\"publisher\":{\"@id\":\"https:\\\/\\\/lasentinelle.dz\\\/#organization\"},\"potentialAction\":[{\"@type\":\"SearchAction\",\"target\":{\"@type\":\"EntryPoint\",\"urlTemplate\":\"https:\\\/\\\/lasentinelle.dz\\\/?s={search_term_string}\"},\"query-input\":{\"@type\":\"PropertyValueSpecification\",\"valueRequired\":true,\"valueName\":\"search_term_string\"}}],\"inLanguage\":\"fr-FR\"},{\"@type\":\"Organization\",\"@id\":\"https:\\\/\\\/lasentinelle.dz\\\/#organization\",\"name\":\"Quotidien La Sentinelle\",\"url\":\"https:\\\/\\\/lasentinelle.dz\\\/\",\"logo\":{\"@type\":\"ImageObject\",\"inLanguage\":\"fr-FR\",\"@id\":\"https:\\\/\\\/lasentinelle.dz\\\/#\\\/schema\\\/logo\\\/image\\\/\",\"url\":\"https:\\\/\\\/lasentinelle.dz\\\/wp-content\\\/uploads\\\/2021\\\/09\\\/logo-sentinelleSLOGAN-1.png\",\"contentUrl\":\"https:\\\/\\\/lasentinelle.dz\\\/wp-content\\\/uploads\\\/2021\\\/09\\\/logo-sentinelleSLOGAN-1.png\",\"width\":615,\"height\":142,\"caption\":\"Quotidien La Sentinelle\"},\"image\":{\"@id\":\"https:\\\/\\\/lasentinelle.dz\\\/#\\\/schema\\\/logo\\\/image\\\/\"},\"sameAs\":[\"https:\\\/\\\/www.facebook.com\\\/La-Sentinelle-104059864394773\"]},{\"@type\":\"Person\",\"@id\":\"https:\\\/\\\/lasentinelle.dz\\\/#\\\/schema\\\/person\\\/729ee0024f24e0b8c5ec17232f8e8b41\",\"name\":\"admin\",\"image\":{\"@type\":\"ImageObject\",\"inLanguage\":\"fr-FR\",\"@id\":\"https:\\\/\\\/secure.gravatar.com\\\/avatar\\\/4c81fed838786e9b53f540bf46533e750f5d292099ae3b66cfc6fb1982e29df7?s=96&d=mm&r=g\",\"url\":\"https:\\\/\\\/secure.gravatar.com\\\/avatar\\\/4c81fed838786e9b53f540bf46533e750f5d292099ae3b66cfc6fb1982e29df7?s=96&d=mm&r=g\",\"contentUrl\":\"https:\\\/\\\/secure.gravatar.com\\\/avatar\\\/4c81fed838786e9b53f540bf46533e750f5d292099ae3b66cfc6fb1982e29df7?s=96&d=mm&r=g\",\"caption\":\"admin\"},\"description\":\"admin\",\"url\":\"https:\\\/\\\/lasentinelle.dz\\\/author\\\/admin\\\/\"}]}<\/script>\n<!-- \/ Yoast SEO plugin. -->","yoast_head_json":{"title":"\u00c9liminatoires de la CAN-2025: Les Fennecs prennent le large ! - La Sentinelle","robots":{"index":"index","follow":"follow","max-snippet":"max-snippet:-1","max-image-preview":"max-image-preview:large","max-video-preview":"max-video-preview:-1"},"canonical":"https:\/\/lasentinelle.dz\/index.php\/2024\/09\/11\/eliminatoires-de-la-can-2025-les-fennecs-prennent-le-large\/","og_locale":"fr_FR","og_type":"article","og_title":"\u00c9liminatoires de la CAN-2025: Les Fennecs prennent le large ! - La Sentinelle","og_description":"L&rsquo;\u00e9quipe nationale de football a enchain\u00e9 hier une seconde performance impressionnante lors de la deuxi\u00e8me journ\u00e9e des qualifications pour la","og_url":"https:\/\/lasentinelle.dz\/index.php\/2024\/09\/11\/eliminatoires-de-la-can-2025-les-fennecs-prennent-le-large\/","og_site_name":"La Sentinelle","article_publisher":"https:\/\/www.facebook.com\/La-Sentinelle-104059864394773","article_published_time":"2024-09-11T14:41:41+00:00","article_modified_time":"2024-09-11T14:41:42+00:00","og_image":[{"width":2401,"height":1600,"url":"https:\/\/lasentinelle.dz\/wp-content\/uploads\/2024\/09\/EN-1.jpg","type":"image\/jpeg"}],"author":"admin","twitter_card":"summary_large_image","twitter_misc":{"\u00c9crit par":"admin","Dur\u00e9e de lecture estim\u00e9e":"2 minutes"},"schema":{"@context":"https:\/\/schema.org","@graph":[{"@type":"Article","@id":"https:\/\/lasentinelle.dz\/index.php\/2024\/09\/11\/eliminatoires-de-la-can-2025-les-fennecs-prennent-le-large\/#article","isPartOf":{"@id":"https:\/\/lasentinelle.dz\/index.php\/2024\/09\/11\/eliminatoires-de-la-can-2025-les-fennecs-prennent-le-large\/"},"author":{"name":"admin","@id":"https:\/\/lasentinelle.dz\/#\/schema\/person\/729ee0024f24e0b8c5ec17232f8e8b41"},"headline":"\u00c9liminatoires de la CAN-2025: Les Fennecs prennent le large !","datePublished":"2024-09-11T14:41:41+00:00","dateModified":"2024-09-11T14:41:42+00:00","mainEntityOfPage":{"@id":"https:\/\/lasentinelle.dz\/index.php\/2024\/09\/11\/eliminatoires-de-la-can-2025-les-fennecs-prennent-le-large\/"},"wordCount":378,"commentCount":0,"publisher":{"@id":"https:\/\/lasentinelle.dz\/#organization"},"image":{"@id":"https:\/\/lasentinelle.dz\/index.php\/2024\/09\/11\/eliminatoires-de-la-can-2025-les-fennecs-prennent-le-large\/#primaryimage"},"thumbnailUrl":"https:\/\/lasentinelle.dz\/wp-content\/uploads\/2024\/09\/EN-1.jpg","articleSection":["\u00c0 la Une","Sports"],"inLanguage":"fr-FR","potentialAction":[{"@type":"CommentAction","name":"Comment","target":["https:\/\/lasentinelle.dz\/index.php\/2024\/09\/11\/eliminatoires-de-la-can-2025-les-fennecs-prennent-le-large\/#respond"]}]},{"@type":"WebPage","@id":"https:\/\/lasentinelle.dz\/index.php\/2024\/09\/11\/eliminatoires-de-la-can-2025-les-fennecs-prennent-le-large\/","url":"https:\/\/lasentinelle.dz\/index.php\/2024\/09\/11\/eliminatoires-de-la-can-2025-les-fennecs-prennent-le-large\/","name":"\u00c9liminatoires de la CAN-2025: Les Fennecs prennent le large ! - La Sentinelle","isPartOf":{"@id":"https:\/\/lasentinelle.dz\/#website"},"primaryImageOfPage":{"@id":"https:\/\/lasentinelle.dz\/index.php\/2024\/09\/11\/eliminatoires-de-la-can-2025-les-fennecs-prennent-le-large\/#primaryimage"},"image":{"@id":"https:\/\/lasentinelle.dz\/index.php\/2024\/09\/11\/eliminatoires-de-la-can-2025-les-fennecs-prennent-le-large\/#primaryimage"},"thumbnailUrl":"https:\/\/lasentinelle.dz\/wp-content\/uploads\/2024\/09\/EN-1.jpg","datePublished":"2024-09-11T14:41:41+00:00","dateModified":"2024-09-11T14:41:42+00:00","breadcrumb":{"@id":"https:\/\/lasentinelle.dz\/index.php\/2024\/09\/11\/eliminatoires-de-la-can-2025-les-fennecs-prennent-le-large\/#breadcrumb"},"inLanguage":"fr-FR","potentialAction":[{"@type":"ReadAction","target":["https:\/\/lasentinelle.dz\/index.php\/2024\/09\/11\/eliminatoires-de-la-can-2025-les-fennecs-prennent-le-large\/"]}]},{"@type":"ImageObject","inLanguage":"fr-FR","@id":"https:\/\/lasentinelle.dz\/index.php\/2024\/09\/11\/eliminatoires-de-la-can-2025-les-fennecs-prennent-le-large\/#primaryimage","url":"https:\/\/lasentinelle.dz\/wp-content\/uploads\/2024\/09\/EN-1.jpg","contentUrl":"https:\/\/lasentinelle.dz\/wp-content\/uploads\/2024\/09\/EN-1.jpg","width":2401,"height":1600},{"@type":"BreadcrumbList","@id":"https:\/\/lasentinelle.dz\/index.php\/2024\/09\/11\/eliminatoires-de-la-can-2025-les-fennecs-prennent-le-large\/#breadcrumb","itemListElement":[{"@type":"ListItem","position":1,"name":"Accueil","item":"https:\/\/lasentinelle.dz\/"},{"@type":"ListItem","position":2,"name":"\u00c9liminatoires de la CAN-2025: Les Fennecs prennent le large !"}]},{"@type":"WebSite","@id":"https:\/\/lasentinelle.dz\/#website","url":"https:\/\/lasentinelle.dz\/","name":"La Sentinelle","description":"Quotidien national d&#039;information","publisher":{"@id":"https:\/\/lasentinelle.dz\/#organization"},"potentialAction":[{"@type":"SearchAction","target":{"@type":"EntryPoint","urlTemplate":"https:\/\/lasentinelle.dz\/?s={search_term_string}"},"query-input":{"@type":"PropertyValueSpecification","valueRequired":true,"valueName":"search_term_string"}}],"inLanguage":"fr-FR"},{"@type":"Organization","@id":"https:\/\/lasentinelle.dz\/#organization","name":"Quotidien La Sentinelle","url":"https:\/\/lasentinelle.dz\/","logo":{"@type":"ImageObject","inLanguage":"fr-FR","@id":"https:\/\/lasentinelle.dz\/#\/schema\/logo\/image\/","url":"https:\/\/lasentinelle.dz\/wp-content\/uploads\/2021\/09\/logo-sentinelleSLOGAN-1.png","contentUrl":"https:\/\/lasentinelle.dz\/wp-content\/uploads\/2021\/09\/logo-sentinelleSLOGAN-1.png","width":615,"height":142,"caption":"Quotidien La Sentinelle"},"image":{"@id":"https:\/\/lasentinelle.dz\/#\/schema\/logo\/image\/"},"sameAs":["https:\/\/www.facebook.com\/La-Sentinelle-104059864394773"]},{"@type":"Person","@id":"https:\/\/lasentinelle.dz\/#\/schema\/person\/729ee0024f24e0b8c5ec17232f8e8b41","name":"admin","image":{"@type":"ImageObject","inLanguage":"fr-FR","@id":"https:\/\/secure.gravatar.com\/avatar\/4c81fed838786e9b53f540bf46533e750f5d292099ae3b66cfc6fb1982e29df7?s=96&d=mm&r=g","url":"https:\/\/secure.gravatar.com\/avatar\/4c81fed838786e9b53f540bf46533e750f5d292099ae3b66cfc6fb1982e29df7?s=96&d=mm&r=g","contentUrl":"https:\/\/secure.gravatar.com\/avatar\/4c81fed838786e9b53f540bf46533e750f5d292099ae3b66cfc6fb1982e29df7?s=96&d=mm&r=g","caption":"admin"},"description":"admin","url":"https:\/\/lasentinelle.dz\/author\/admin\/"}]}},"_links":{"self":[{"href":"https:\/\/lasentinelle.dz\/index.php\/wp-json\/wp\/v2\/posts\/56861","targetHints":{"allow":["GET"]}}],"collection":[{"href":"https:\/\/lasentinelle.dz\/index.php\/wp-json\/wp\/v2\/posts"}],"about":[{"href":"https:\/\/lasentinelle.dz\/index.php\/wp-json\/wp\/v2\/types\/post"}],"author":[{"embeddable":true,"href":"https:\/\/lasentinelle.dz\/index.php\/wp-json\/wp\/v2\/users\/6"}],"replies":[{"embeddable":true,"href":"https:\/\/lasentinelle.dz\/index.php\/wp-json\/wp\/v2\/comments?post=56861"}],"version-history":[{"count":1,"href":"https:\/\/lasentinelle.dz\/index.php\/wp-json\/wp\/v2\/posts\/56861\/revisions"}],"predecessor-version":[{"id":56863,"href":"https:\/\/lasentinelle.dz\/index.php\/wp-json\/wp\/v2\/posts\/56861\/revisions\/56863"}],"wp:featuredmedia":[{"embeddable":true,"href":"https:\/\/lasentinelle.dz\/index.php\/wp-json\/wp\/v2\/media\/56862"}],"wp:attachment":[{"href":"https:\/\/lasentinelle.dz\/index.php\/wp-json\/wp\/v2\/media?parent=56861"}],"wp:term":[{"taxonomy":"category","embeddable":true,"href":"https:\/\/lasentinelle.dz\/index.php\/wp-json\/wp\/v2\/categories?post=56861"},{"taxonomy":"post_tag","embeddable":true,"href":"https:\/\/lasentinelle.dz\/index.php\/wp-json\/wp\/v2\/tags?post=56861"}],"curies":[{"name":"wp","href":"https:\/\/api.w.org\/{rel}","templated":true}]}}