{"id":56890,"date":"2024-09-15T18:04:01","date_gmt":"2024-09-15T17:04:01","guid":{"rendered":"https:\/\/lasentinelle.dz\/?p=56890"},"modified":"2024-09-15T18:04:02","modified_gmt":"2024-09-15T17:04:02","slug":"vernissage-de-lexposition-les-resistants-de-mustapha-boutadjine-a-a-galerie-baya-lhommage-aux-heros","status":"publish","type":"post","link":"https:\/\/lasentinelle.dz\/index.php\/2024\/09\/15\/vernissage-de-lexposition-les-resistants-de-mustapha-boutadjine-a-a-galerie-baya-lhommage-aux-heros\/","title":{"rendered":"Vernissage de l&rsquo;exposition \u00ab\u00a0Les R\u00e9sistants\u00a0\u00bb de Mustapha Boutadjine \u00e0 a galerie Baya: L&rsquo;hommage aux h\u00e9ros"},"content":{"rendered":"\n<p>Le vernissage de l&rsquo;exposition \u00ab\u00a0Les R\u00e9sistants\u00a0\u00bb de l\u2019artiste plasticien alg\u00e9rien Mustapha Boutadjine a eu lieu, jeudi, \u00e0 la Galerie Baya du Palais de la Culture Moufdi-Zakaria (Alger).<\/p>\n\n\n\n<p>Dans l&rsquo;\u00e9crin lumineux de la Galerie Baya, nich\u00e9e au c\u0153ur du Palais de la Culture Moufdi-Zakaria, une symphonie de visages r\u00e9sistants a pris vie jeudi dernier. Tel un peintre des temps modernes, Mustapha Boutadjine a d\u00e9voil\u00e9 sa derni\u00e8re cr\u00e9ation, \u00ab\u00a0Les R\u00e9sistants\u00a0\u00bb, une fresque humaine o\u00f9 chaque portrait est un cri de libert\u00e9 fig\u00e9 dans le temps. Sous le regard bienveillant de la ministre de la Culture et des Arts, Soraya Mouloudji, le vernissage s&rsquo;est mu\u00e9 en un v\u00e9ritable hommage aux h\u00e9ros de l&rsquo;ombre. L&rsquo;atmosph\u00e8re \u00e9tait \u00e9lectrique, charg\u00e9e d&rsquo;\u00e9motions, comme si les esprits des r\u00e9sistants flottaient parmi nous, t\u00e9moins silencieux de cette c\u00e9l\u00e9bration de leur m\u00e9moire. Dans cette galerie des gloires, plus d&rsquo;une vingtaine de portraits se dressent fi\u00e8rement, tels des phares dans la nuit de l&rsquo;oubli. Larbi Ben M&rsquo;hidi, Ali La Pointe, Hassiba Ben Bouali &#8211; ces noms r\u00e9sonnent comme autant de coups de tonnerre dans le ciel de l&rsquo;Histoire nationale. Leurs visages, recr\u00e9\u00e9s par le g\u00e9nie de Boutadjine, semblent nous interpeller, nous rappelant que la libert\u00e9 est un combat de chaque instant.<\/p>\n\n\n\n<p>Mais l&rsquo;artiste ne s&rsquo;arr\u00eate pas aux fronti\u00e8res de l&rsquo;Alg\u00e9rie. Son pinceau traverse les oc\u00e9ans, capturant l&rsquo;essence m\u00eame de figures embl\u00e9matiques qui ont secou\u00e9 le joug de l&rsquo;oppression \u00e0 travers le monde. Patrice Lumumba, Fidel Castro, Nelson Mandela &#8211; ces g\u00e9ants de la lutte anti-imp\u00e9rialiste c\u00f4toient Che Guevara, H\u00f4 Chi Minh et Frantz Fanon dans une danse intemporelle de la r\u00e9sistance.<\/p>\n\n\n\n<p>La ministre Mouloudji, captiv\u00e9e par cette galerie de titans, n&rsquo;a pas tari d&rsquo;\u00e9loges sur Boutadjine, le qualifiant de \u00ab\u00a0valeur artistique alg\u00e9rienne de grande renomm\u00e9e sur la sc\u00e8ne mondiale\u00a0\u00bb. Ses mots soulignent l&rsquo;importance de cette exposition qui transcende le simple acte artistique pour devenir un devoir de m\u00e9moire. Dans un geste d&rsquo;ouverture, la ministre a lanc\u00e9 une invitation aux \u00e9tudiants des Beaux-Arts et au grand public, les conviant \u00e0 ce festin visuel. \u00ab\u00a0Venez, semblait-elle dire, plongez dans l&rsquo;univers de cet artiste engag\u00e9, laissez-vous porter par ces \u0153uvres qui immortalisent les symboles de la r\u00e9sistance et de la lutte nationales et de l&rsquo;humanit\u00e9.\u00a0\u00bb<\/p>\n\n\n\n<p>Mustapha Boutadjine, l&rsquo;alchimiste de ces portraits-collages, reste fid\u00e8le \u00e0 sa vision artistique engag\u00e9e. Avec la pr\u00e9cision d&rsquo;un orf\u00e8vre et la passion d&rsquo;un r\u00e9volutionnaire, il assemble des coupures de magazines, transformant ces fragments en mosa\u00efques vivantes. \u00ab\u00a024 portraits, confie-t-il, issus d&rsquo;une collection de 300, pris\u00e9s par les amateurs d&rsquo;art \u00e0 travers le monde.\u00a0\u00bb Chaque \u0153uvre est un diamant taill\u00e9 dans la roche de l&rsquo;Histoire, refl\u00e9tant les mille facettes de la r\u00e9sistance humaine.<\/p>\n\n\n\n<p>L&rsquo;artiste, n\u00e9 \u00e0 Alger en 1952, a forg\u00e9 son talent dans le creuset des Beaux-Arts d&rsquo;Alger avant de l&rsquo;affiner \u00e0 Paris. Dipl\u00f4m\u00e9 en architecture d&rsquo;int\u00e9rieur, design, et titulaire d&rsquo;un DEA en esth\u00e9tique et sciences de l&rsquo;art, Boutadjine est revenu aux sources en 1979, partageant son savoir dans les instituts et \u00e9coles alg\u00e9riennes. Son parcours, jalonn\u00e9 d&rsquo;expositions et de prix, est un t\u00e9moignage vivant de l&rsquo;engagement artistique au service de la m\u00e9moire collective.<\/p>\n\n\n\n<p>L&rsquo;exposition \u00ab\u00a0Les R\u00e9sistants\u00a0\u00bb n&rsquo;est pas qu&rsquo;une simple collection de portraits. C&rsquo;est un cri du c\u0153ur, un manifeste pictural qui r\u00e9sonne dans les couloirs du temps. Du 12 septembre au 12 octobre, la Galerie Baya devient le sanctuaire de cette m\u00e9moire r\u00e9sistante, un lieu de p\u00e8lerinage pour tous ceux qui croient en la force indomptable de l&rsquo;esprit humain face \u00e0 l&rsquo;adversit\u00e9.<\/p>\n\n\n\n<p>Chaque visiteur qui franchira le seuil de cette exposition entrera dans une danse avec l&rsquo;Histoire. Les regards per\u00e7ants des r\u00e9sistants, captur\u00e9s par le talent de Boutadjine, sembleront suivre chaque pas, chaque geste. On pourra presque entendre le murmure de leurs voix, le bruissement de leurs id\u00e9aux qui ont chang\u00e9 le cours du monde.<\/p>\n\n\n\n<p>Dans ce temple de la r\u00e9sistance artistique, les murs eux-m\u00eames semblent vibrer au rythme des luttes pass\u00e9es et pr\u00e9sentes. L&rsquo;art de Boutadjine transcende le simple acte de repr\u00e9sentation pour devenir un acte de r\u00e9sistance en soi, un rappel puissant que la libert\u00e9 et la dignit\u00e9 humaine sont des flammes qui ne s&rsquo;\u00e9teignent jamais.<\/p>\n\n\n\n<p>Alors que le soleil se couche sur Alger, baignant la ville d&rsquo;une lumi\u00e8re dor\u00e9e, l&rsquo;exposition \u00ab\u00a0Les R\u00e9sistants\u00a0\u00bb brille comme un phare dans la nuit. Elle est un rappel, une promesse, un h\u00e9ritage. Pour ceux qui franchiront ses portes, ce sera plus qu&rsquo;une simple visite &#8211; ce sera un voyage au c\u0153ur m\u00eame de la r\u00e9silience humaine, une c\u00e9l\u00e9bration de ceux qui ont os\u00e9 se dresser contre l&rsquo;injustice, et une invitation \u00e0 perp\u00e9tuer leur combat.<\/p>\n\n\n\n<p>Mohamed Seghir<\/p>\n","protected":false},"excerpt":{"rendered":"<p>Le vernissage de l&rsquo;exposition \u00ab\u00a0Les R\u00e9sistants\u00a0\u00bb de l\u2019artiste plasticien alg\u00e9rien Mustapha Boutadjine a eu lieu, jeudi, \u00e0 la Galerie Baya<\/p>\n","protected":false},"author":6,"featured_media":56891,"comment_status":"open","ping_status":"closed","sticky":false,"template":"","format":"standard","meta":{"colormag_page_container_layout":"default_layout","colormag_page_sidebar_layout":"default_layout","om_disable_all_campaigns":false,"_monsterinsights_skip_tracking":false,"_monsterinsights_sitenote_active":false,"_monsterinsights_sitenote_note":"","_monsterinsights_sitenote_category":0,"footnotes":"","_wpscppro_dont_share_socialmedia":false,"_wpscppro_custom_social_share_image":0,"_facebook_share_type":"default","_twitter_share_type":"default","_linkedin_share_type":"default","_pinterest_share_type":"default","_linkedin_share_type_page":"","_instagram_share_type":"default","_medium_share_type":"","_threads_share_type":"","_google_business_share_type":"","_selected_social_profile":[],"_wpsp_enable_custom_social_template":false,"_wpsp_social_scheduling":{"enabled":false,"datetime":null,"platforms":[],"status":"template_only","dateOption":"today","timeOption":"now","customDays":"","customHours":"","customDate":"","customTime":"","schedulingType":"absolute"},"_wpsp_active_default_template":true},"categories":[36],"tags":[],"class_list":["post-56890","post","type-post","status-publish","format-standard","has-post-thumbnail","hentry","category-culture"],"aioseo_notices":[],"yoast_head":"<!-- This site is optimized with the Yoast SEO plugin v27.5 - https:\/\/yoast.com\/product\/yoast-seo-wordpress\/ -->\n<title>Vernissage de l&rsquo;exposition \u00ab\u00a0Les R\u00e9sistants\u00a0\u00bb de Mustapha Boutadjine \u00e0 a galerie Baya: L&rsquo;hommage aux h\u00e9ros - La Sentinelle<\/title>\n<meta name=\"robots\" content=\"index, follow, max-snippet:-1, max-image-preview:large, max-video-preview:-1\" \/>\n<link rel=\"canonical\" href=\"https:\/\/lasentinelle.dz\/index.php\/2024\/09\/15\/vernissage-de-lexposition-les-resistants-de-mustapha-boutadjine-a-a-galerie-baya-lhommage-aux-heros\/\" \/>\n<meta property=\"og:locale\" content=\"fr_FR\" \/>\n<meta property=\"og:type\" content=\"article\" \/>\n<meta property=\"og:title\" content=\"Vernissage de l&rsquo;exposition \u00ab\u00a0Les R\u00e9sistants\u00a0\u00bb de Mustapha Boutadjine \u00e0 a galerie Baya: L&rsquo;hommage aux h\u00e9ros - La Sentinelle\" \/>\n<meta property=\"og:description\" content=\"Le vernissage de l&rsquo;exposition \u00ab\u00a0Les R\u00e9sistants\u00a0\u00bb de l\u2019artiste plasticien alg\u00e9rien Mustapha Boutadjine a eu lieu, jeudi, \u00e0 la Galerie Baya\" \/>\n<meta property=\"og:url\" content=\"https:\/\/lasentinelle.dz\/index.php\/2024\/09\/15\/vernissage-de-lexposition-les-resistants-de-mustapha-boutadjine-a-a-galerie-baya-lhommage-aux-heros\/\" \/>\n<meta property=\"og:site_name\" content=\"La Sentinelle\" \/>\n<meta property=\"article:publisher\" content=\"https:\/\/www.facebook.com\/La-Sentinelle-104059864394773\" \/>\n<meta property=\"article:published_time\" content=\"2024-09-15T17:04:01+00:00\" \/>\n<meta property=\"article:modified_time\" content=\"2024-09-15T17:04:02+00:00\" \/>\n<meta property=\"og:image\" content=\"https:\/\/lasentinelle.dz\/wp-content\/uploads\/2024\/09\/resitants.jpg\" \/>\n\t<meta property=\"og:image:width\" content=\"1440\" \/>\n\t<meta property=\"og:image:height\" content=\"810\" \/>\n\t<meta property=\"og:image:type\" content=\"image\/jpeg\" \/>\n<meta name=\"author\" content=\"admin\" \/>\n<meta name=\"twitter:card\" content=\"summary_large_image\" \/>\n<meta name=\"twitter:label1\" content=\"\u00c9crit par\" \/>\n\t<meta name=\"twitter:data1\" content=\"admin\" \/>\n\t<meta name=\"twitter:label2\" content=\"Dur\u00e9e de lecture estim\u00e9e\" \/>\n\t<meta name=\"twitter:data2\" content=\"5 minutes\" \/>\n<script type=\"application\/ld+json\" class=\"yoast-schema-graph\">{\"@context\":\"https:\\\/\\\/schema.org\",\"@graph\":[{\"@type\":\"Article\",\"@id\":\"https:\\\/\\\/lasentinelle.dz\\\/index.php\\\/2024\\\/09\\\/15\\\/vernissage-de-lexposition-les-resistants-de-mustapha-boutadjine-a-a-galerie-baya-lhommage-aux-heros\\\/#article\",\"isPartOf\":{\"@id\":\"https:\\\/\\\/lasentinelle.dz\\\/index.php\\\/2024\\\/09\\\/15\\\/vernissage-de-lexposition-les-resistants-de-mustapha-boutadjine-a-a-galerie-baya-lhommage-aux-heros\\\/\"},\"author\":{\"name\":\"admin\",\"@id\":\"https:\\\/\\\/lasentinelle.dz\\\/#\\\/schema\\\/person\\\/729ee0024f24e0b8c5ec17232f8e8b41\"},\"headline\":\"Vernissage de l&rsquo;exposition \u00ab\u00a0Les R\u00e9sistants\u00a0\u00bb de Mustapha Boutadjine \u00e0 a galerie Baya: L&rsquo;hommage aux h\u00e9ros\",\"datePublished\":\"2024-09-15T17:04:01+00:00\",\"dateModified\":\"2024-09-15T17:04:02+00:00\",\"mainEntityOfPage\":{\"@id\":\"https:\\\/\\\/lasentinelle.dz\\\/index.php\\\/2024\\\/09\\\/15\\\/vernissage-de-lexposition-les-resistants-de-mustapha-boutadjine-a-a-galerie-baya-lhommage-aux-heros\\\/\"},\"wordCount\":879,\"commentCount\":0,\"publisher\":{\"@id\":\"https:\\\/\\\/lasentinelle.dz\\\/#organization\"},\"image\":{\"@id\":\"https:\\\/\\\/lasentinelle.dz\\\/index.php\\\/2024\\\/09\\\/15\\\/vernissage-de-lexposition-les-resistants-de-mustapha-boutadjine-a-a-galerie-baya-lhommage-aux-heros\\\/#primaryimage\"},\"thumbnailUrl\":\"https:\\\/\\\/lasentinelle.dz\\\/wp-content\\\/uploads\\\/2024\\\/09\\\/resitants.jpg\",\"articleSection\":[\"Culture\"],\"inLanguage\":\"fr-FR\",\"potentialAction\":[{\"@type\":\"CommentAction\",\"name\":\"Comment\",\"target\":[\"https:\\\/\\\/lasentinelle.dz\\\/index.php\\\/2024\\\/09\\\/15\\\/vernissage-de-lexposition-les-resistants-de-mustapha-boutadjine-a-a-galerie-baya-lhommage-aux-heros\\\/#respond\"]}]},{\"@type\":\"WebPage\",\"@id\":\"https:\\\/\\\/lasentinelle.dz\\\/index.php\\\/2024\\\/09\\\/15\\\/vernissage-de-lexposition-les-resistants-de-mustapha-boutadjine-a-a-galerie-baya-lhommage-aux-heros\\\/\",\"url\":\"https:\\\/\\\/lasentinelle.dz\\\/index.php\\\/2024\\\/09\\\/15\\\/vernissage-de-lexposition-les-resistants-de-mustapha-boutadjine-a-a-galerie-baya-lhommage-aux-heros\\\/\",\"name\":\"Vernissage de l&rsquo;exposition \u00ab\u00a0Les R\u00e9sistants\u00a0\u00bb de Mustapha Boutadjine \u00e0 a galerie Baya: L&rsquo;hommage aux h\u00e9ros - La Sentinelle\",\"isPartOf\":{\"@id\":\"https:\\\/\\\/lasentinelle.dz\\\/#website\"},\"primaryImageOfPage\":{\"@id\":\"https:\\\/\\\/lasentinelle.dz\\\/index.php\\\/2024\\\/09\\\/15\\\/vernissage-de-lexposition-les-resistants-de-mustapha-boutadjine-a-a-galerie-baya-lhommage-aux-heros\\\/#primaryimage\"},\"image\":{\"@id\":\"https:\\\/\\\/lasentinelle.dz\\\/index.php\\\/2024\\\/09\\\/15\\\/vernissage-de-lexposition-les-resistants-de-mustapha-boutadjine-a-a-galerie-baya-lhommage-aux-heros\\\/#primaryimage\"},\"thumbnailUrl\":\"https:\\\/\\\/lasentinelle.dz\\\/wp-content\\\/uploads\\\/2024\\\/09\\\/resitants.jpg\",\"datePublished\":\"2024-09-15T17:04:01+00:00\",\"dateModified\":\"2024-09-15T17:04:02+00:00\",\"breadcrumb\":{\"@id\":\"https:\\\/\\\/lasentinelle.dz\\\/index.php\\\/2024\\\/09\\\/15\\\/vernissage-de-lexposition-les-resistants-de-mustapha-boutadjine-a-a-galerie-baya-lhommage-aux-heros\\\/#breadcrumb\"},\"inLanguage\":\"fr-FR\",\"potentialAction\":[{\"@type\":\"ReadAction\",\"target\":[\"https:\\\/\\\/lasentinelle.dz\\\/index.php\\\/2024\\\/09\\\/15\\\/vernissage-de-lexposition-les-resistants-de-mustapha-boutadjine-a-a-galerie-baya-lhommage-aux-heros\\\/\"]}]},{\"@type\":\"ImageObject\",\"inLanguage\":\"fr-FR\",\"@id\":\"https:\\\/\\\/lasentinelle.dz\\\/index.php\\\/2024\\\/09\\\/15\\\/vernissage-de-lexposition-les-resistants-de-mustapha-boutadjine-a-a-galerie-baya-lhommage-aux-heros\\\/#primaryimage\",\"url\":\"https:\\\/\\\/lasentinelle.dz\\\/wp-content\\\/uploads\\\/2024\\\/09\\\/resitants.jpg\",\"contentUrl\":\"https:\\\/\\\/lasentinelle.dz\\\/wp-content\\\/uploads\\\/2024\\\/09\\\/resitants.jpg\",\"width\":1440,\"height\":810},{\"@type\":\"BreadcrumbList\",\"@id\":\"https:\\\/\\\/lasentinelle.dz\\\/index.php\\\/2024\\\/09\\\/15\\\/vernissage-de-lexposition-les-resistants-de-mustapha-boutadjine-a-a-galerie-baya-lhommage-aux-heros\\\/#breadcrumb\",\"itemListElement\":[{\"@type\":\"ListItem\",\"position\":1,\"name\":\"Accueil\",\"item\":\"https:\\\/\\\/lasentinelle.dz\\\/\"},{\"@type\":\"ListItem\",\"position\":2,\"name\":\"Vernissage de l&rsquo;exposition \u00ab\u00a0Les R\u00e9sistants\u00a0\u00bb de Mustapha Boutadjine \u00e0 a galerie Baya: L&rsquo;hommage aux h\u00e9ros\"}]},{\"@type\":\"WebSite\",\"@id\":\"https:\\\/\\\/lasentinelle.dz\\\/#website\",\"url\":\"https:\\\/\\\/lasentinelle.dz\\\/\",\"name\":\"La Sentinelle\",\"description\":\"Quotidien national d&#039;information\",\"publisher\":{\"@id\":\"https:\\\/\\\/lasentinelle.dz\\\/#organization\"},\"potentialAction\":[{\"@type\":\"SearchAction\",\"target\":{\"@type\":\"EntryPoint\",\"urlTemplate\":\"https:\\\/\\\/lasentinelle.dz\\\/?s={search_term_string}\"},\"query-input\":{\"@type\":\"PropertyValueSpecification\",\"valueRequired\":true,\"valueName\":\"search_term_string\"}}],\"inLanguage\":\"fr-FR\"},{\"@type\":\"Organization\",\"@id\":\"https:\\\/\\\/lasentinelle.dz\\\/#organization\",\"name\":\"Quotidien La Sentinelle\",\"url\":\"https:\\\/\\\/lasentinelle.dz\\\/\",\"logo\":{\"@type\":\"ImageObject\",\"inLanguage\":\"fr-FR\",\"@id\":\"https:\\\/\\\/lasentinelle.dz\\\/#\\\/schema\\\/logo\\\/image\\\/\",\"url\":\"https:\\\/\\\/lasentinelle.dz\\\/wp-content\\\/uploads\\\/2021\\\/09\\\/logo-sentinelleSLOGAN-1.png\",\"contentUrl\":\"https:\\\/\\\/lasentinelle.dz\\\/wp-content\\\/uploads\\\/2021\\\/09\\\/logo-sentinelleSLOGAN-1.png\",\"width\":615,\"height\":142,\"caption\":\"Quotidien La Sentinelle\"},\"image\":{\"@id\":\"https:\\\/\\\/lasentinelle.dz\\\/#\\\/schema\\\/logo\\\/image\\\/\"},\"sameAs\":[\"https:\\\/\\\/www.facebook.com\\\/La-Sentinelle-104059864394773\"]},{\"@type\":\"Person\",\"@id\":\"https:\\\/\\\/lasentinelle.dz\\\/#\\\/schema\\\/person\\\/729ee0024f24e0b8c5ec17232f8e8b41\",\"name\":\"admin\",\"image\":{\"@type\":\"ImageObject\",\"inLanguage\":\"fr-FR\",\"@id\":\"https:\\\/\\\/secure.gravatar.com\\\/avatar\\\/4c81fed838786e9b53f540bf46533e750f5d292099ae3b66cfc6fb1982e29df7?s=96&d=mm&r=g\",\"url\":\"https:\\\/\\\/secure.gravatar.com\\\/avatar\\\/4c81fed838786e9b53f540bf46533e750f5d292099ae3b66cfc6fb1982e29df7?s=96&d=mm&r=g\",\"contentUrl\":\"https:\\\/\\\/secure.gravatar.com\\\/avatar\\\/4c81fed838786e9b53f540bf46533e750f5d292099ae3b66cfc6fb1982e29df7?s=96&d=mm&r=g\",\"caption\":\"admin\"},\"description\":\"admin\",\"url\":\"https:\\\/\\\/lasentinelle.dz\\\/author\\\/admin\\\/\"}]}<\/script>\n<!-- \/ Yoast SEO plugin. -->","yoast_head_json":{"title":"Vernissage de l&rsquo;exposition \u00ab\u00a0Les R\u00e9sistants\u00a0\u00bb de Mustapha Boutadjine \u00e0 a galerie Baya: L&rsquo;hommage aux h\u00e9ros - La Sentinelle","robots":{"index":"index","follow":"follow","max-snippet":"max-snippet:-1","max-image-preview":"max-image-preview:large","max-video-preview":"max-video-preview:-1"},"canonical":"https:\/\/lasentinelle.dz\/index.php\/2024\/09\/15\/vernissage-de-lexposition-les-resistants-de-mustapha-boutadjine-a-a-galerie-baya-lhommage-aux-heros\/","og_locale":"fr_FR","og_type":"article","og_title":"Vernissage de l&rsquo;exposition \u00ab\u00a0Les R\u00e9sistants\u00a0\u00bb de Mustapha Boutadjine \u00e0 a galerie Baya: L&rsquo;hommage aux h\u00e9ros - La Sentinelle","og_description":"Le vernissage de l&rsquo;exposition \u00ab\u00a0Les R\u00e9sistants\u00a0\u00bb de l\u2019artiste plasticien alg\u00e9rien Mustapha Boutadjine a eu lieu, jeudi, \u00e0 la Galerie Baya","og_url":"https:\/\/lasentinelle.dz\/index.php\/2024\/09\/15\/vernissage-de-lexposition-les-resistants-de-mustapha-boutadjine-a-a-galerie-baya-lhommage-aux-heros\/","og_site_name":"La Sentinelle","article_publisher":"https:\/\/www.facebook.com\/La-Sentinelle-104059864394773","article_published_time":"2024-09-15T17:04:01+00:00","article_modified_time":"2024-09-15T17:04:02+00:00","og_image":[{"width":1440,"height":810,"url":"https:\/\/lasentinelle.dz\/wp-content\/uploads\/2024\/09\/resitants.jpg","type":"image\/jpeg"}],"author":"admin","twitter_card":"summary_large_image","twitter_misc":{"\u00c9crit par":"admin","Dur\u00e9e de lecture estim\u00e9e":"5 minutes"},"schema":{"@context":"https:\/\/schema.org","@graph":[{"@type":"Article","@id":"https:\/\/lasentinelle.dz\/index.php\/2024\/09\/15\/vernissage-de-lexposition-les-resistants-de-mustapha-boutadjine-a-a-galerie-baya-lhommage-aux-heros\/#article","isPartOf":{"@id":"https:\/\/lasentinelle.dz\/index.php\/2024\/09\/15\/vernissage-de-lexposition-les-resistants-de-mustapha-boutadjine-a-a-galerie-baya-lhommage-aux-heros\/"},"author":{"name":"admin","@id":"https:\/\/lasentinelle.dz\/#\/schema\/person\/729ee0024f24e0b8c5ec17232f8e8b41"},"headline":"Vernissage de l&rsquo;exposition \u00ab\u00a0Les R\u00e9sistants\u00a0\u00bb de Mustapha Boutadjine \u00e0 a galerie Baya: L&rsquo;hommage aux h\u00e9ros","datePublished":"2024-09-15T17:04:01+00:00","dateModified":"2024-09-15T17:04:02+00:00","mainEntityOfPage":{"@id":"https:\/\/lasentinelle.dz\/index.php\/2024\/09\/15\/vernissage-de-lexposition-les-resistants-de-mustapha-boutadjine-a-a-galerie-baya-lhommage-aux-heros\/"},"wordCount":879,"commentCount":0,"publisher":{"@id":"https:\/\/lasentinelle.dz\/#organization"},"image":{"@id":"https:\/\/lasentinelle.dz\/index.php\/2024\/09\/15\/vernissage-de-lexposition-les-resistants-de-mustapha-boutadjine-a-a-galerie-baya-lhommage-aux-heros\/#primaryimage"},"thumbnailUrl":"https:\/\/lasentinelle.dz\/wp-content\/uploads\/2024\/09\/resitants.jpg","articleSection":["Culture"],"inLanguage":"fr-FR","potentialAction":[{"@type":"CommentAction","name":"Comment","target":["https:\/\/lasentinelle.dz\/index.php\/2024\/09\/15\/vernissage-de-lexposition-les-resistants-de-mustapha-boutadjine-a-a-galerie-baya-lhommage-aux-heros\/#respond"]}]},{"@type":"WebPage","@id":"https:\/\/lasentinelle.dz\/index.php\/2024\/09\/15\/vernissage-de-lexposition-les-resistants-de-mustapha-boutadjine-a-a-galerie-baya-lhommage-aux-heros\/","url":"https:\/\/lasentinelle.dz\/index.php\/2024\/09\/15\/vernissage-de-lexposition-les-resistants-de-mustapha-boutadjine-a-a-galerie-baya-lhommage-aux-heros\/","name":"Vernissage de l&rsquo;exposition \u00ab\u00a0Les R\u00e9sistants\u00a0\u00bb de Mustapha Boutadjine \u00e0 a galerie Baya: L&rsquo;hommage aux h\u00e9ros - La Sentinelle","isPartOf":{"@id":"https:\/\/lasentinelle.dz\/#website"},"primaryImageOfPage":{"@id":"https:\/\/lasentinelle.dz\/index.php\/2024\/09\/15\/vernissage-de-lexposition-les-resistants-de-mustapha-boutadjine-a-a-galerie-baya-lhommage-aux-heros\/#primaryimage"},"image":{"@id":"https:\/\/lasentinelle.dz\/index.php\/2024\/09\/15\/vernissage-de-lexposition-les-resistants-de-mustapha-boutadjine-a-a-galerie-baya-lhommage-aux-heros\/#primaryimage"},"thumbnailUrl":"https:\/\/lasentinelle.dz\/wp-content\/uploads\/2024\/09\/resitants.jpg","datePublished":"2024-09-15T17:04:01+00:00","dateModified":"2024-09-15T17:04:02+00:00","breadcrumb":{"@id":"https:\/\/lasentinelle.dz\/index.php\/2024\/09\/15\/vernissage-de-lexposition-les-resistants-de-mustapha-boutadjine-a-a-galerie-baya-lhommage-aux-heros\/#breadcrumb"},"inLanguage":"fr-FR","potentialAction":[{"@type":"ReadAction","target":["https:\/\/lasentinelle.dz\/index.php\/2024\/09\/15\/vernissage-de-lexposition-les-resistants-de-mustapha-boutadjine-a-a-galerie-baya-lhommage-aux-heros\/"]}]},{"@type":"ImageObject","inLanguage":"fr-FR","@id":"https:\/\/lasentinelle.dz\/index.php\/2024\/09\/15\/vernissage-de-lexposition-les-resistants-de-mustapha-boutadjine-a-a-galerie-baya-lhommage-aux-heros\/#primaryimage","url":"https:\/\/lasentinelle.dz\/wp-content\/uploads\/2024\/09\/resitants.jpg","contentUrl":"https:\/\/lasentinelle.dz\/wp-content\/uploads\/2024\/09\/resitants.jpg","width":1440,"height":810},{"@type":"BreadcrumbList","@id":"https:\/\/lasentinelle.dz\/index.php\/2024\/09\/15\/vernissage-de-lexposition-les-resistants-de-mustapha-boutadjine-a-a-galerie-baya-lhommage-aux-heros\/#breadcrumb","itemListElement":[{"@type":"ListItem","position":1,"name":"Accueil","item":"https:\/\/lasentinelle.dz\/"},{"@type":"ListItem","position":2,"name":"Vernissage de l&rsquo;exposition \u00ab\u00a0Les R\u00e9sistants\u00a0\u00bb de Mustapha Boutadjine \u00e0 a galerie Baya: L&rsquo;hommage aux h\u00e9ros"}]},{"@type":"WebSite","@id":"https:\/\/lasentinelle.dz\/#website","url":"https:\/\/lasentinelle.dz\/","name":"La Sentinelle","description":"Quotidien national d&#039;information","publisher":{"@id":"https:\/\/lasentinelle.dz\/#organization"},"potentialAction":[{"@type":"SearchAction","target":{"@type":"EntryPoint","urlTemplate":"https:\/\/lasentinelle.dz\/?s={search_term_string}"},"query-input":{"@type":"PropertyValueSpecification","valueRequired":true,"valueName":"search_term_string"}}],"inLanguage":"fr-FR"},{"@type":"Organization","@id":"https:\/\/lasentinelle.dz\/#organization","name":"Quotidien La Sentinelle","url":"https:\/\/lasentinelle.dz\/","logo":{"@type":"ImageObject","inLanguage":"fr-FR","@id":"https:\/\/lasentinelle.dz\/#\/schema\/logo\/image\/","url":"https:\/\/lasentinelle.dz\/wp-content\/uploads\/2021\/09\/logo-sentinelleSLOGAN-1.png","contentUrl":"https:\/\/lasentinelle.dz\/wp-content\/uploads\/2021\/09\/logo-sentinelleSLOGAN-1.png","width":615,"height":142,"caption":"Quotidien La Sentinelle"},"image":{"@id":"https:\/\/lasentinelle.dz\/#\/schema\/logo\/image\/"},"sameAs":["https:\/\/www.facebook.com\/La-Sentinelle-104059864394773"]},{"@type":"Person","@id":"https:\/\/lasentinelle.dz\/#\/schema\/person\/729ee0024f24e0b8c5ec17232f8e8b41","name":"admin","image":{"@type":"ImageObject","inLanguage":"fr-FR","@id":"https:\/\/secure.gravatar.com\/avatar\/4c81fed838786e9b53f540bf46533e750f5d292099ae3b66cfc6fb1982e29df7?s=96&d=mm&r=g","url":"https:\/\/secure.gravatar.com\/avatar\/4c81fed838786e9b53f540bf46533e750f5d292099ae3b66cfc6fb1982e29df7?s=96&d=mm&r=g","contentUrl":"https:\/\/secure.gravatar.com\/avatar\/4c81fed838786e9b53f540bf46533e750f5d292099ae3b66cfc6fb1982e29df7?s=96&d=mm&r=g","caption":"admin"},"description":"admin","url":"https:\/\/lasentinelle.dz\/author\/admin\/"}]}},"_links":{"self":[{"href":"https:\/\/lasentinelle.dz\/index.php\/wp-json\/wp\/v2\/posts\/56890","targetHints":{"allow":["GET"]}}],"collection":[{"href":"https:\/\/lasentinelle.dz\/index.php\/wp-json\/wp\/v2\/posts"}],"about":[{"href":"https:\/\/lasentinelle.dz\/index.php\/wp-json\/wp\/v2\/types\/post"}],"author":[{"embeddable":true,"href":"https:\/\/lasentinelle.dz\/index.php\/wp-json\/wp\/v2\/users\/6"}],"replies":[{"embeddable":true,"href":"https:\/\/lasentinelle.dz\/index.php\/wp-json\/wp\/v2\/comments?post=56890"}],"version-history":[{"count":2,"href":"https:\/\/lasentinelle.dz\/index.php\/wp-json\/wp\/v2\/posts\/56890\/revisions"}],"predecessor-version":[{"id":56893,"href":"https:\/\/lasentinelle.dz\/index.php\/wp-json\/wp\/v2\/posts\/56890\/revisions\/56893"}],"wp:featuredmedia":[{"embeddable":true,"href":"https:\/\/lasentinelle.dz\/index.php\/wp-json\/wp\/v2\/media\/56891"}],"wp:attachment":[{"href":"https:\/\/lasentinelle.dz\/index.php\/wp-json\/wp\/v2\/media?parent=56890"}],"wp:term":[{"taxonomy":"category","embeddable":true,"href":"https:\/\/lasentinelle.dz\/index.php\/wp-json\/wp\/v2\/categories?post=56890"},{"taxonomy":"post_tag","embeddable":true,"href":"https:\/\/lasentinelle.dz\/index.php\/wp-json\/wp\/v2\/tags?post=56890"}],"curies":[{"name":"wp","href":"https:\/\/api.w.org\/{rel}","templated":true}]}}