{"id":56905,"date":"2024-09-15T18:09:22","date_gmt":"2024-09-15T17:09:22","guid":{"rendered":"https:\/\/lasentinelle.dz\/?p=56905"},"modified":"2024-09-15T18:09:23","modified_gmt":"2024-09-15T17:09:23","slug":"commune-del-hadjar-le-p-apc-le-sg-et-deux-elus-sous-control-judiciaire","status":"publish","type":"post","link":"https:\/\/lasentinelle.dz\/index.php\/2024\/09\/15\/commune-del-hadjar-le-p-apc-le-sg-et-deux-elus-sous-control-judiciaire\/","title":{"rendered":"Commune d&rsquo;El Hadjar: Le P\/APC, le SG et deux \u00e9lus sous control judiciaire"},"content":{"rendered":"\n<p>Le pr\u00e9sident de l\u2019Assembl\u00e9e populaire communale (APC) d\u2019El Hadjar, le secr\u00e9taire g\u00e9n\u00e9ral et deux \u00e9lus, impliqu\u00e9s dans l\u2019attribution d&rsquo;un&nbsp;march\u00e9 de la location d\u2019un espace d\u2019exposition \u00e0 la localit\u00e9 d\u2019Atoui, dans la commune d\u2019El Hadjar, ont \u00e9t\u00e9 mis sous contr\u00f4le judiciaire.<\/p>\n\n\n\n<p>L\u2019affaire a fait l\u2019objet d\u2019une enqu\u00eate men\u00e9e par les services de s\u00e9curit\u00e9 concern\u00e9s, apprend-on de source judiciaire. Selon cette derni\u00e8re, \u00e0 l\u2019issue de l\u2019enqu\u00eate pr\u00e9liminaire, les quatre pr\u00e9venus ont \u00e9t\u00e9 d\u00e9f\u00e9r\u00e9s jeudi par devant le procureur de la R\u00e9publique, relevant du tribunal d\u2019Annaba, qui \u00e0 son tour a orient\u00e9 le dossier de l\u2019affaire au juge d\u2019instruction. L\u2019 affaire se rapporte \u00e0 l&rsquo;octroi d&rsquo;un contrat de location d&rsquo;un showroom commercial, pendant plus de deux ans, dans la localit\u00e9 d\u2019Atoui Salah, en plus d\u2019indus avantages accord\u00e9s au locataire au d\u00e9triment de l\u2019APC. A l&rsquo;issue des proc\u00e9dures d&rsquo;enqu\u00eate pr\u00e9liminaire, le juge d&rsquo;instruction a ordonn\u00e9 le placement sous contr\u00f4le judiciaire des quatre pr\u00e9venus jusqu&rsquo;\u00e0 leur comparution devant la barre, a pr\u00e9cis\u00e9 notre source. Cela intervient, convient-il de le noter, au moment o\u00f9 l\u2019Assembl\u00e9e populaire communale d&rsquo;El-Hadjar se trouve en \u00e9tat de gel apr\u00e8s le blocage survenu il y a plusieurs mois en raison du conflit interne entre l&rsquo;opposition et le P\/APC, qui refuse de d\u00e9missionner. Face \u00e0 la persistance du P\/APC \u00e0 conserver sa place de pr\u00e9sident de l\u2019Assembl\u00e9e communale populaire, l&rsquo;opposition qui repr\u00e9sente la majorit\u00e9, a refus\u00e9 d&rsquo;approuver l&rsquo;ordre du jour pendant trois sessions cons\u00e9cutives, ce qui a entra\u00een\u00e9 le blocage de l&rsquo;assembl\u00e9e. Ainsi, et conform\u00e9ment aux lois relatives aux collectivit\u00e9s locales, le wali d\u2019Annaba, Abdelkader Djellaoui a gel\u00e9 l&rsquo;APC et a confi\u00e9 la gestion de la commune au chef de da\u00efra d\u2019El Hadjar. Par ailleurs, et selon les lois en vigueur, le wali d\u2019Annaba devrait intervenir pour suspendre le P\/APC et les \u00e9lus poursuivis en justice dans cette affaire \u00e0 caract\u00e8re de corruption. Le chef de da\u00efra devrait pour sa part convoquer le reste des membres de l\u2019assembl\u00e9e populaire communale pour voter la lev\u00e9e du gel. En cas d&rsquo;approbation par la majorit\u00e9, le chef de l\u2019ex\u00e9cutif local l\u00e8vera officiellement le gel sur l\u2019APC d\u2019El Hadjar et demandera aux \u00e9lus \u00e0 tenir une s\u00e9ance extraordinaire, dont la date sera d\u00e9termin\u00e9e apr\u00e8s accord et consultation entre les \u00e9lus, pour \u00e9lire un P\/APC provisoire qui repr\u00e9sentera la majorit\u00e9 pour g\u00e9rer les affaires de la commune, rest\u00e9e en suspens depuis plus de deux ans. Notons qu\u2019il a \u00e9t\u00e9 reproch\u00e9 au P\/APC d\u2019El Hadjar, entre autres, la situation de l\u00e9thargie et le laxisme, en raison du manque de suivi des projets lanc\u00e9s \u00e0 la fin de l&rsquo;ann\u00e9e 2023.<\/p>\n\n\n\n<p><strong>Sofia Chahine<\/strong><\/p>\n","protected":false},"excerpt":{"rendered":"<p>Le pr\u00e9sident de l\u2019Assembl\u00e9e populaire communale (APC) d\u2019El Hadjar, le secr\u00e9taire g\u00e9n\u00e9ral et deux \u00e9lus, impliqu\u00e9s dans l\u2019attribution d&rsquo;un&nbsp;march\u00e9 de<\/p>\n","protected":false},"author":6,"featured_media":29413,"comment_status":"open","ping_status":"closed","sticky":false,"template":"","format":"standard","meta":{"colormag_page_container_layout":"default_layout","colormag_page_sidebar_layout":"default_layout","om_disable_all_campaigns":false,"_monsterinsights_skip_tracking":false,"_monsterinsights_sitenote_active":false,"_monsterinsights_sitenote_note":"","_monsterinsights_sitenote_category":0,"footnotes":"","_wpscppro_dont_share_socialmedia":false,"_wpscppro_custom_social_share_image":0,"_facebook_share_type":"default","_twitter_share_type":"default","_linkedin_share_type":"default","_pinterest_share_type":"default","_linkedin_share_type_page":"","_instagram_share_type":"default","_medium_share_type":"","_threads_share_type":"","_google_business_share_type":"","_selected_social_profile":[],"_wpsp_enable_custom_social_template":false,"_wpsp_social_scheduling":{"enabled":false,"datetime":null,"platforms":[],"status":"template_only","dateOption":"today","timeOption":"now","customDays":"","customHours":"","customDate":"","customTime":"","schedulingType":"absolute"},"_wpsp_active_default_template":true},"categories":[31],"tags":[],"class_list":["post-56905","post","type-post","status-publish","format-standard","has-post-thumbnail","hentry","category-regions"],"aioseo_notices":[],"yoast_head":"<!-- This site is optimized with the Yoast SEO plugin v27.5 - https:\/\/yoast.com\/product\/yoast-seo-wordpress\/ -->\n<title>Commune d&rsquo;El Hadjar: Le P\/APC, le SG et deux \u00e9lus sous control judiciaire - La Sentinelle<\/title>\n<meta name=\"robots\" content=\"index, follow, max-snippet:-1, max-image-preview:large, max-video-preview:-1\" \/>\n<link rel=\"canonical\" href=\"https:\/\/lasentinelle.dz\/index.php\/2024\/09\/15\/commune-del-hadjar-le-p-apc-le-sg-et-deux-elus-sous-control-judiciaire\/\" \/>\n<meta property=\"og:locale\" content=\"fr_FR\" \/>\n<meta property=\"og:type\" content=\"article\" \/>\n<meta property=\"og:title\" content=\"Commune d&rsquo;El Hadjar: Le P\/APC, le SG et deux \u00e9lus sous control judiciaire - La Sentinelle\" \/>\n<meta property=\"og:description\" content=\"Le pr\u00e9sident de l\u2019Assembl\u00e9e populaire communale (APC) d\u2019El Hadjar, le secr\u00e9taire g\u00e9n\u00e9ral et deux \u00e9lus, impliqu\u00e9s dans l\u2019attribution d&rsquo;un&nbsp;march\u00e9 de\" \/>\n<meta property=\"og:url\" content=\"https:\/\/lasentinelle.dz\/index.php\/2024\/09\/15\/commune-del-hadjar-le-p-apc-le-sg-et-deux-elus-sous-control-judiciaire\/\" \/>\n<meta property=\"og:site_name\" content=\"La Sentinelle\" \/>\n<meta property=\"article:publisher\" content=\"https:\/\/www.facebook.com\/La-Sentinelle-104059864394773\" \/>\n<meta property=\"article:published_time\" content=\"2024-09-15T17:09:22+00:00\" \/>\n<meta property=\"article:modified_time\" content=\"2024-09-15T17:09:23+00:00\" \/>\n<meta property=\"og:image\" content=\"https:\/\/lasentinelle.dz\/wp-content\/uploads\/2022\/10\/APC.png\" \/>\n\t<meta property=\"og:image:width\" content=\"1364\" \/>\n\t<meta property=\"og:image:height\" content=\"900\" \/>\n\t<meta property=\"og:image:type\" content=\"image\/png\" \/>\n<meta name=\"author\" content=\"admin\" \/>\n<meta name=\"twitter:card\" content=\"summary_large_image\" \/>\n<meta name=\"twitter:label1\" content=\"\u00c9crit par\" \/>\n\t<meta name=\"twitter:data1\" content=\"admin\" \/>\n\t<meta name=\"twitter:label2\" content=\"Dur\u00e9e de lecture estim\u00e9e\" \/>\n\t<meta name=\"twitter:data2\" content=\"3 minutes\" \/>\n<script type=\"application\/ld+json\" class=\"yoast-schema-graph\">{\"@context\":\"https:\\\/\\\/schema.org\",\"@graph\":[{\"@type\":\"Article\",\"@id\":\"https:\\\/\\\/lasentinelle.dz\\\/index.php\\\/2024\\\/09\\\/15\\\/commune-del-hadjar-le-p-apc-le-sg-et-deux-elus-sous-control-judiciaire\\\/#article\",\"isPartOf\":{\"@id\":\"https:\\\/\\\/lasentinelle.dz\\\/index.php\\\/2024\\\/09\\\/15\\\/commune-del-hadjar-le-p-apc-le-sg-et-deux-elus-sous-control-judiciaire\\\/\"},\"author\":{\"name\":\"admin\",\"@id\":\"https:\\\/\\\/lasentinelle.dz\\\/#\\\/schema\\\/person\\\/729ee0024f24e0b8c5ec17232f8e8b41\"},\"headline\":\"Commune d&rsquo;El Hadjar: Le P\\\/APC, le SG et deux \u00e9lus sous control judiciaire\",\"datePublished\":\"2024-09-15T17:09:22+00:00\",\"dateModified\":\"2024-09-15T17:09:23+00:00\",\"mainEntityOfPage\":{\"@id\":\"https:\\\/\\\/lasentinelle.dz\\\/index.php\\\/2024\\\/09\\\/15\\\/commune-del-hadjar-le-p-apc-le-sg-et-deux-elus-sous-control-judiciaire\\\/\"},\"wordCount\":536,\"commentCount\":0,\"publisher\":{\"@id\":\"https:\\\/\\\/lasentinelle.dz\\\/#organization\"},\"image\":{\"@id\":\"https:\\\/\\\/lasentinelle.dz\\\/index.php\\\/2024\\\/09\\\/15\\\/commune-del-hadjar-le-p-apc-le-sg-et-deux-elus-sous-control-judiciaire\\\/#primaryimage\"},\"thumbnailUrl\":\"https:\\\/\\\/lasentinelle.dz\\\/wp-content\\\/uploads\\\/2022\\\/10\\\/APC.png\",\"articleSection\":[\"R\u00e9gions\"],\"inLanguage\":\"fr-FR\",\"potentialAction\":[{\"@type\":\"CommentAction\",\"name\":\"Comment\",\"target\":[\"https:\\\/\\\/lasentinelle.dz\\\/index.php\\\/2024\\\/09\\\/15\\\/commune-del-hadjar-le-p-apc-le-sg-et-deux-elus-sous-control-judiciaire\\\/#respond\"]}]},{\"@type\":\"WebPage\",\"@id\":\"https:\\\/\\\/lasentinelle.dz\\\/index.php\\\/2024\\\/09\\\/15\\\/commune-del-hadjar-le-p-apc-le-sg-et-deux-elus-sous-control-judiciaire\\\/\",\"url\":\"https:\\\/\\\/lasentinelle.dz\\\/index.php\\\/2024\\\/09\\\/15\\\/commune-del-hadjar-le-p-apc-le-sg-et-deux-elus-sous-control-judiciaire\\\/\",\"name\":\"Commune d&rsquo;El Hadjar: Le P\\\/APC, le SG et deux \u00e9lus sous control judiciaire - La Sentinelle\",\"isPartOf\":{\"@id\":\"https:\\\/\\\/lasentinelle.dz\\\/#website\"},\"primaryImageOfPage\":{\"@id\":\"https:\\\/\\\/lasentinelle.dz\\\/index.php\\\/2024\\\/09\\\/15\\\/commune-del-hadjar-le-p-apc-le-sg-et-deux-elus-sous-control-judiciaire\\\/#primaryimage\"},\"image\":{\"@id\":\"https:\\\/\\\/lasentinelle.dz\\\/index.php\\\/2024\\\/09\\\/15\\\/commune-del-hadjar-le-p-apc-le-sg-et-deux-elus-sous-control-judiciaire\\\/#primaryimage\"},\"thumbnailUrl\":\"https:\\\/\\\/lasentinelle.dz\\\/wp-content\\\/uploads\\\/2022\\\/10\\\/APC.png\",\"datePublished\":\"2024-09-15T17:09:22+00:00\",\"dateModified\":\"2024-09-15T17:09:23+00:00\",\"breadcrumb\":{\"@id\":\"https:\\\/\\\/lasentinelle.dz\\\/index.php\\\/2024\\\/09\\\/15\\\/commune-del-hadjar-le-p-apc-le-sg-et-deux-elus-sous-control-judiciaire\\\/#breadcrumb\"},\"inLanguage\":\"fr-FR\",\"potentialAction\":[{\"@type\":\"ReadAction\",\"target\":[\"https:\\\/\\\/lasentinelle.dz\\\/index.php\\\/2024\\\/09\\\/15\\\/commune-del-hadjar-le-p-apc-le-sg-et-deux-elus-sous-control-judiciaire\\\/\"]}]},{\"@type\":\"ImageObject\",\"inLanguage\":\"fr-FR\",\"@id\":\"https:\\\/\\\/lasentinelle.dz\\\/index.php\\\/2024\\\/09\\\/15\\\/commune-del-hadjar-le-p-apc-le-sg-et-deux-elus-sous-control-judiciaire\\\/#primaryimage\",\"url\":\"https:\\\/\\\/lasentinelle.dz\\\/wp-content\\\/uploads\\\/2022\\\/10\\\/APC.png\",\"contentUrl\":\"https:\\\/\\\/lasentinelle.dz\\\/wp-content\\\/uploads\\\/2022\\\/10\\\/APC.png\",\"width\":1364,\"height\":900},{\"@type\":\"BreadcrumbList\",\"@id\":\"https:\\\/\\\/lasentinelle.dz\\\/index.php\\\/2024\\\/09\\\/15\\\/commune-del-hadjar-le-p-apc-le-sg-et-deux-elus-sous-control-judiciaire\\\/#breadcrumb\",\"itemListElement\":[{\"@type\":\"ListItem\",\"position\":1,\"name\":\"Accueil\",\"item\":\"https:\\\/\\\/lasentinelle.dz\\\/\"},{\"@type\":\"ListItem\",\"position\":2,\"name\":\"Commune d&rsquo;El Hadjar: Le P\\\/APC, le SG et deux \u00e9lus sous control judiciaire\"}]},{\"@type\":\"WebSite\",\"@id\":\"https:\\\/\\\/lasentinelle.dz\\\/#website\",\"url\":\"https:\\\/\\\/lasentinelle.dz\\\/\",\"name\":\"La Sentinelle\",\"description\":\"Quotidien national d&#039;information\",\"publisher\":{\"@id\":\"https:\\\/\\\/lasentinelle.dz\\\/#organization\"},\"potentialAction\":[{\"@type\":\"SearchAction\",\"target\":{\"@type\":\"EntryPoint\",\"urlTemplate\":\"https:\\\/\\\/lasentinelle.dz\\\/?s={search_term_string}\"},\"query-input\":{\"@type\":\"PropertyValueSpecification\",\"valueRequired\":true,\"valueName\":\"search_term_string\"}}],\"inLanguage\":\"fr-FR\"},{\"@type\":\"Organization\",\"@id\":\"https:\\\/\\\/lasentinelle.dz\\\/#organization\",\"name\":\"Quotidien La Sentinelle\",\"url\":\"https:\\\/\\\/lasentinelle.dz\\\/\",\"logo\":{\"@type\":\"ImageObject\",\"inLanguage\":\"fr-FR\",\"@id\":\"https:\\\/\\\/lasentinelle.dz\\\/#\\\/schema\\\/logo\\\/image\\\/\",\"url\":\"https:\\\/\\\/lasentinelle.dz\\\/wp-content\\\/uploads\\\/2021\\\/09\\\/logo-sentinelleSLOGAN-1.png\",\"contentUrl\":\"https:\\\/\\\/lasentinelle.dz\\\/wp-content\\\/uploads\\\/2021\\\/09\\\/logo-sentinelleSLOGAN-1.png\",\"width\":615,\"height\":142,\"caption\":\"Quotidien La Sentinelle\"},\"image\":{\"@id\":\"https:\\\/\\\/lasentinelle.dz\\\/#\\\/schema\\\/logo\\\/image\\\/\"},\"sameAs\":[\"https:\\\/\\\/www.facebook.com\\\/La-Sentinelle-104059864394773\"]},{\"@type\":\"Person\",\"@id\":\"https:\\\/\\\/lasentinelle.dz\\\/#\\\/schema\\\/person\\\/729ee0024f24e0b8c5ec17232f8e8b41\",\"name\":\"admin\",\"image\":{\"@type\":\"ImageObject\",\"inLanguage\":\"fr-FR\",\"@id\":\"https:\\\/\\\/secure.gravatar.com\\\/avatar\\\/4c81fed838786e9b53f540bf46533e750f5d292099ae3b66cfc6fb1982e29df7?s=96&d=mm&r=g\",\"url\":\"https:\\\/\\\/secure.gravatar.com\\\/avatar\\\/4c81fed838786e9b53f540bf46533e750f5d292099ae3b66cfc6fb1982e29df7?s=96&d=mm&r=g\",\"contentUrl\":\"https:\\\/\\\/secure.gravatar.com\\\/avatar\\\/4c81fed838786e9b53f540bf46533e750f5d292099ae3b66cfc6fb1982e29df7?s=96&d=mm&r=g\",\"caption\":\"admin\"},\"description\":\"admin\",\"url\":\"https:\\\/\\\/lasentinelle.dz\\\/author\\\/admin\\\/\"}]}<\/script>\n<!-- \/ Yoast SEO plugin. -->","yoast_head_json":{"title":"Commune d&rsquo;El Hadjar: Le P\/APC, le SG et deux \u00e9lus sous control judiciaire - La Sentinelle","robots":{"index":"index","follow":"follow","max-snippet":"max-snippet:-1","max-image-preview":"max-image-preview:large","max-video-preview":"max-video-preview:-1"},"canonical":"https:\/\/lasentinelle.dz\/index.php\/2024\/09\/15\/commune-del-hadjar-le-p-apc-le-sg-et-deux-elus-sous-control-judiciaire\/","og_locale":"fr_FR","og_type":"article","og_title":"Commune d&rsquo;El Hadjar: Le P\/APC, le SG et deux \u00e9lus sous control judiciaire - La Sentinelle","og_description":"Le pr\u00e9sident de l\u2019Assembl\u00e9e populaire communale (APC) d\u2019El Hadjar, le secr\u00e9taire g\u00e9n\u00e9ral et deux \u00e9lus, impliqu\u00e9s dans l\u2019attribution d&rsquo;un&nbsp;march\u00e9 de","og_url":"https:\/\/lasentinelle.dz\/index.php\/2024\/09\/15\/commune-del-hadjar-le-p-apc-le-sg-et-deux-elus-sous-control-judiciaire\/","og_site_name":"La Sentinelle","article_publisher":"https:\/\/www.facebook.com\/La-Sentinelle-104059864394773","article_published_time":"2024-09-15T17:09:22+00:00","article_modified_time":"2024-09-15T17:09:23+00:00","og_image":[{"width":1364,"height":900,"url":"https:\/\/lasentinelle.dz\/wp-content\/uploads\/2022\/10\/APC.png","type":"image\/png"}],"author":"admin","twitter_card":"summary_large_image","twitter_misc":{"\u00c9crit par":"admin","Dur\u00e9e de lecture estim\u00e9e":"3 minutes"},"schema":{"@context":"https:\/\/schema.org","@graph":[{"@type":"Article","@id":"https:\/\/lasentinelle.dz\/index.php\/2024\/09\/15\/commune-del-hadjar-le-p-apc-le-sg-et-deux-elus-sous-control-judiciaire\/#article","isPartOf":{"@id":"https:\/\/lasentinelle.dz\/index.php\/2024\/09\/15\/commune-del-hadjar-le-p-apc-le-sg-et-deux-elus-sous-control-judiciaire\/"},"author":{"name":"admin","@id":"https:\/\/lasentinelle.dz\/#\/schema\/person\/729ee0024f24e0b8c5ec17232f8e8b41"},"headline":"Commune d&rsquo;El Hadjar: Le P\/APC, le SG et deux \u00e9lus sous control judiciaire","datePublished":"2024-09-15T17:09:22+00:00","dateModified":"2024-09-15T17:09:23+00:00","mainEntityOfPage":{"@id":"https:\/\/lasentinelle.dz\/index.php\/2024\/09\/15\/commune-del-hadjar-le-p-apc-le-sg-et-deux-elus-sous-control-judiciaire\/"},"wordCount":536,"commentCount":0,"publisher":{"@id":"https:\/\/lasentinelle.dz\/#organization"},"image":{"@id":"https:\/\/lasentinelle.dz\/index.php\/2024\/09\/15\/commune-del-hadjar-le-p-apc-le-sg-et-deux-elus-sous-control-judiciaire\/#primaryimage"},"thumbnailUrl":"https:\/\/lasentinelle.dz\/wp-content\/uploads\/2022\/10\/APC.png","articleSection":["R\u00e9gions"],"inLanguage":"fr-FR","potentialAction":[{"@type":"CommentAction","name":"Comment","target":["https:\/\/lasentinelle.dz\/index.php\/2024\/09\/15\/commune-del-hadjar-le-p-apc-le-sg-et-deux-elus-sous-control-judiciaire\/#respond"]}]},{"@type":"WebPage","@id":"https:\/\/lasentinelle.dz\/index.php\/2024\/09\/15\/commune-del-hadjar-le-p-apc-le-sg-et-deux-elus-sous-control-judiciaire\/","url":"https:\/\/lasentinelle.dz\/index.php\/2024\/09\/15\/commune-del-hadjar-le-p-apc-le-sg-et-deux-elus-sous-control-judiciaire\/","name":"Commune d&rsquo;El Hadjar: Le P\/APC, le SG et deux \u00e9lus sous control judiciaire - La Sentinelle","isPartOf":{"@id":"https:\/\/lasentinelle.dz\/#website"},"primaryImageOfPage":{"@id":"https:\/\/lasentinelle.dz\/index.php\/2024\/09\/15\/commune-del-hadjar-le-p-apc-le-sg-et-deux-elus-sous-control-judiciaire\/#primaryimage"},"image":{"@id":"https:\/\/lasentinelle.dz\/index.php\/2024\/09\/15\/commune-del-hadjar-le-p-apc-le-sg-et-deux-elus-sous-control-judiciaire\/#primaryimage"},"thumbnailUrl":"https:\/\/lasentinelle.dz\/wp-content\/uploads\/2022\/10\/APC.png","datePublished":"2024-09-15T17:09:22+00:00","dateModified":"2024-09-15T17:09:23+00:00","breadcrumb":{"@id":"https:\/\/lasentinelle.dz\/index.php\/2024\/09\/15\/commune-del-hadjar-le-p-apc-le-sg-et-deux-elus-sous-control-judiciaire\/#breadcrumb"},"inLanguage":"fr-FR","potentialAction":[{"@type":"ReadAction","target":["https:\/\/lasentinelle.dz\/index.php\/2024\/09\/15\/commune-del-hadjar-le-p-apc-le-sg-et-deux-elus-sous-control-judiciaire\/"]}]},{"@type":"ImageObject","inLanguage":"fr-FR","@id":"https:\/\/lasentinelle.dz\/index.php\/2024\/09\/15\/commune-del-hadjar-le-p-apc-le-sg-et-deux-elus-sous-control-judiciaire\/#primaryimage","url":"https:\/\/lasentinelle.dz\/wp-content\/uploads\/2022\/10\/APC.png","contentUrl":"https:\/\/lasentinelle.dz\/wp-content\/uploads\/2022\/10\/APC.png","width":1364,"height":900},{"@type":"BreadcrumbList","@id":"https:\/\/lasentinelle.dz\/index.php\/2024\/09\/15\/commune-del-hadjar-le-p-apc-le-sg-et-deux-elus-sous-control-judiciaire\/#breadcrumb","itemListElement":[{"@type":"ListItem","position":1,"name":"Accueil","item":"https:\/\/lasentinelle.dz\/"},{"@type":"ListItem","position":2,"name":"Commune d&rsquo;El Hadjar: Le P\/APC, le SG et deux \u00e9lus sous control judiciaire"}]},{"@type":"WebSite","@id":"https:\/\/lasentinelle.dz\/#website","url":"https:\/\/lasentinelle.dz\/","name":"La Sentinelle","description":"Quotidien national d&#039;information","publisher":{"@id":"https:\/\/lasentinelle.dz\/#organization"},"potentialAction":[{"@type":"SearchAction","target":{"@type":"EntryPoint","urlTemplate":"https:\/\/lasentinelle.dz\/?s={search_term_string}"},"query-input":{"@type":"PropertyValueSpecification","valueRequired":true,"valueName":"search_term_string"}}],"inLanguage":"fr-FR"},{"@type":"Organization","@id":"https:\/\/lasentinelle.dz\/#organization","name":"Quotidien La Sentinelle","url":"https:\/\/lasentinelle.dz\/","logo":{"@type":"ImageObject","inLanguage":"fr-FR","@id":"https:\/\/lasentinelle.dz\/#\/schema\/logo\/image\/","url":"https:\/\/lasentinelle.dz\/wp-content\/uploads\/2021\/09\/logo-sentinelleSLOGAN-1.png","contentUrl":"https:\/\/lasentinelle.dz\/wp-content\/uploads\/2021\/09\/logo-sentinelleSLOGAN-1.png","width":615,"height":142,"caption":"Quotidien La Sentinelle"},"image":{"@id":"https:\/\/lasentinelle.dz\/#\/schema\/logo\/image\/"},"sameAs":["https:\/\/www.facebook.com\/La-Sentinelle-104059864394773"]},{"@type":"Person","@id":"https:\/\/lasentinelle.dz\/#\/schema\/person\/729ee0024f24e0b8c5ec17232f8e8b41","name":"admin","image":{"@type":"ImageObject","inLanguage":"fr-FR","@id":"https:\/\/secure.gravatar.com\/avatar\/4c81fed838786e9b53f540bf46533e750f5d292099ae3b66cfc6fb1982e29df7?s=96&d=mm&r=g","url":"https:\/\/secure.gravatar.com\/avatar\/4c81fed838786e9b53f540bf46533e750f5d292099ae3b66cfc6fb1982e29df7?s=96&d=mm&r=g","contentUrl":"https:\/\/secure.gravatar.com\/avatar\/4c81fed838786e9b53f540bf46533e750f5d292099ae3b66cfc6fb1982e29df7?s=96&d=mm&r=g","caption":"admin"},"description":"admin","url":"https:\/\/lasentinelle.dz\/author\/admin\/"}]}},"_links":{"self":[{"href":"https:\/\/lasentinelle.dz\/index.php\/wp-json\/wp\/v2\/posts\/56905","targetHints":{"allow":["GET"]}}],"collection":[{"href":"https:\/\/lasentinelle.dz\/index.php\/wp-json\/wp\/v2\/posts"}],"about":[{"href":"https:\/\/lasentinelle.dz\/index.php\/wp-json\/wp\/v2\/types\/post"}],"author":[{"embeddable":true,"href":"https:\/\/lasentinelle.dz\/index.php\/wp-json\/wp\/v2\/users\/6"}],"replies":[{"embeddable":true,"href":"https:\/\/lasentinelle.dz\/index.php\/wp-json\/wp\/v2\/comments?post=56905"}],"version-history":[{"count":2,"href":"https:\/\/lasentinelle.dz\/index.php\/wp-json\/wp\/v2\/posts\/56905\/revisions"}],"predecessor-version":[{"id":56910,"href":"https:\/\/lasentinelle.dz\/index.php\/wp-json\/wp\/v2\/posts\/56905\/revisions\/56910"}],"wp:featuredmedia":[{"embeddable":true,"href":"https:\/\/lasentinelle.dz\/index.php\/wp-json\/wp\/v2\/media\/29413"}],"wp:attachment":[{"href":"https:\/\/lasentinelle.dz\/index.php\/wp-json\/wp\/v2\/media?parent=56905"}],"wp:term":[{"taxonomy":"category","embeddable":true,"href":"https:\/\/lasentinelle.dz\/index.php\/wp-json\/wp\/v2\/categories?post=56905"},{"taxonomy":"post_tag","embeddable":true,"href":"https:\/\/lasentinelle.dz\/index.php\/wp-json\/wp\/v2\/tags?post=56905"}],"curies":[{"name":"wp","href":"https:\/\/api.w.org\/{rel}","templated":true}]}}