{"id":56915,"date":"2024-09-15T18:13:23","date_gmt":"2024-09-15T17:13:23","guid":{"rendered":"https:\/\/lasentinelle.dz\/?p=56915"},"modified":"2024-09-15T18:13:24","modified_gmt":"2024-09-15T17:13:24","slug":"sonelgaz-se-deploie-a-linternational","status":"publish","type":"post","link":"https:\/\/lasentinelle.dz\/index.php\/2024\/09\/15\/sonelgaz-se-deploie-a-linternational\/","title":{"rendered":"Sonelgaz se d\u00e9ploie \u00e0 l\u2019international"},"content":{"rendered":"\n<p>Le groupe Sonelgaz a annonc\u00e9, hier, avoir proc\u00e9d\u00e9 \u00e0 l&rsquo;exportation d&rsquo;\u00e9quipements \u00e9lectriques importants vers l&rsquo;Irak, selon un communiqu\u00e9 de ce groupe, soulignant au passage avoir r\u00e9ussi \u00e0 relancer des partenariats commerciaux importants sur les plans local et international.<\/p>\n\n\n\n<p>Selon la m\u00eame source, la c\u00e9r\u00e9monie de l&rsquo;op\u00e9ration d&rsquo;exportation s\u2019est d\u00e9roul\u00e9e, hier au niveau de l&rsquo;usine de la soci\u00e9t\u00e9 General Electric Algeria Turbines <strong>\u00ab\u00a0GEAT\u00a0\u00bb<\/strong>, implant\u00e9e \u00e0 Batna, une soci\u00e9t\u00e9 mixte par actions entre le groupe Sonelgaz et la soci\u00e9t\u00e9 am\u00e9ricaine General Electric (GE), gr\u00e2ce \u00e0 laquelle une importante cargaison d&rsquo;\u00e9quipements \u00e9lectriques est export\u00e9e vers la soci\u00e9t\u00e9 irakienne \u00ab\u00a0Taurus Arm For Power Generation, Oil Trading and Transportation Ltd\u00a0\u00bb. &nbsp;Plus explicite, le groupe Sonelgaz a pr\u00e9cis\u00e9 qu\u2019il s&rsquo;agit de l&rsquo;exportation d&rsquo;un g\u00e9n\u00e9rateur pour turbines \u00e0 gaz de types \u00ab\u00a0H53\u00a0\u00bb et \u00ab\u00a0H50\u00a0\u00bb d&rsquo;une puissance de 300 m\u00e9gawatts en sus des accessoires, ajoutant que cette op\u00e9ration s&rsquo;inscrit dans le cadre de la mise en \u0153uvre des instructions des hautes autorit\u00e9s du pays visant \u00e0 sortir progressivement de la d\u00e9pendance aux hydrocarbures, \u00e0 travers la diversification des activit\u00e9s \u00e9conomiques et commerciales et la valorisation du produit national. &nbsp;Continuant dans le m\u00eame sens, le groupe Sonelgaz a affirm\u00e9 qu\u2019il va poursuivre ses programmes strat\u00e9giques pour augmenter la valeur de ses exportations et soutenir le taux d&rsquo;int\u00e9gration nationale, indiquant qu\u2019il a pu, \u00e0 travers ses filiales et en un temps record, relancer des partenariats commerciaux importants aux niveaux local et international, une performance ce qui t\u00e9moigne, selon le communiqu\u00e9 de ce groupe, de son efficacit\u00e9 \u00e9conomique dans la mise en \u0153uvre des orientations des hautes autorit\u00e9s du pays.<\/p>\n\n\n\n<p>Autrement dit, ces op\u00e9rations confirment \u00e9galement la grande contribution du groupe \u00e0 renforcer la cha\u00eene de valeur dans le secteur de l&rsquo;\u00e9nergie, \u00e0 r\u00e9aliser la croissance et la prosp\u00e9rit\u00e9 et \u00e0 d\u00e9velopper les comp\u00e9tences locales, de m\u00eame qu&rsquo;elles mettent en \u00e9vidence le r\u00f4le pr\u00e9pond\u00e9rant du groupe dans le soutien de la dynamique du d\u00e9veloppement national conform\u00e9ment \u00e0 la vision \u00e9conomique adopt\u00e9e par les hautes autorit\u00e9s du pays, rel\u00e8ve ce groupe.<\/p>\n\n\n\n<p>Il y a lieu de rappeler que le groupe Sonelgaz a r\u00e9alis\u00e9 un chiffre d\u2019affaires \u00e0 l\u2019export de plus de 219 millions d\u2019euros en 2023, pr\u00e9cisant que ces exportations ont concern\u00e9 notamment les domaines de l\u2019exportation d\u2019\u00e9lectricit\u00e9 ; l\u2019exportation d\u2019\u00e9quipements sophistiqu\u00e9s fabriqu\u00e9s en Alg\u00e9rie et les services de formation professionnelle dans le domaine de l\u2019\u00e9lectricit\u00e9 et du gaz.<\/p>\n\n\n\n<p>Ces chiffres t\u00e9moignent, selon la m\u00eame source, de l\u2019int\u00e9r\u00eat accord\u00e9 par Sonelgaz \u00e0 faire des exportations un v\u00e9ritable moteur de croissance \u00e9conomique et de diversification des sources de devises d\u2019une part, et \u00e0 contribuer \u00e0 augmenter les taux d\u2019int\u00e9gration nationale et \u00e0 r\u00e9duire la facture d\u2019importation d\u2019autre part.<\/p>\n\n\n\n<p>Fort de ce succ\u00e8s, Sonelgaz envisage de poursuivre sa strat\u00e9gie de d\u00e9veloppement \u00e0 l\u2019international et de renforcer ses partenariats avec des acteurs \u00e9conomiques de renom. Ces perspectives d\u2019avenir s\u2019annoncent prometteuses pour le groupe et pour l\u2019\u00e9conomie alg\u00e9rienne dans son ensemble. Ceci dit, ses exportations croissantes permettront, selon les observateurs, au groupe Sonelgaz renforce sa coop\u00e9ration avec des partenaires internationaux dans le domaine de l\u2019\u00e9nergie et des technologies. &nbsp;Cette ouverture sur le march\u00e9 mondial permet au groupe de b\u00e9n\u00e9ficier de nouvelles opportunit\u00e9s de croissance et de g\u00e9n\u00e9rer une valeur ajout\u00e9e importante aussi bien au groupe qu\u2019\u00e0 l\u2019\u00e9conomie nationale en termes d&rsquo;entr\u00e9es de devises et de diversification de ses exportations hors hydrocarbures dont le minist\u00e8re du commerce ambitionne d\u2019atteindre 13 milliards de dollars d\u2019ici 2030.<\/p>\n\n\n\n<p>Cette d\u00e9marche intervient conform\u00e9ment aux instructions des pouvoirs publics visant une sortie progressive de la d\u00e9pendance aux hydrocarbures \u00e0 travers la diversification des activit\u00e9s \u00e9conomiques et commerciales, ainsi que la valorisation du produit national fabriqu\u00e9 localement, et ce pour int\u00e9grer un mod\u00e8le \u00e9conomique nouveau qui repose sur la cr\u00e9ation d&rsquo;une plus-value.&nbsp;<\/p>\n\n\n\n<p><strong>Hakim Aomar<\/strong><\/p>\n\n\n\n<p><strong>Exportation d&rsquo;une importante cargaison de pi\u00e8ces de rechange pour compteurs d&rsquo;\u00e9lectricit\u00e9 vers la Tunisie<\/strong><\/p>\n\n\n\n<p>Le groupe Sonelgaz a proc\u00e9d\u00e9, samedi, \u00e0 l&rsquo;exportation d&rsquo;une importante cargaison de diff\u00e9rentes pi\u00e8ces de rechange pour compteurs d&rsquo;\u00e9lectricit\u00e9 vers la Tunisie, dans le cadre des efforts du Groupe visant \u00e0 contribuer \u00e0 l&rsquo;augmentation des exportations du pays hors hydrocarbures, indique un communiqu\u00e9 de Sonelgaz. Le Groupe a pr\u00e9cis\u00e9 que les pi\u00e8ces de rechange en question ont \u00e9t\u00e9 fabriqu\u00e9es par sa filiale industrielle, \u00e0 savoir la Soci\u00e9t\u00e9 alg\u00e9rienne des industries \u00e9lectriques et gazi\u00e8res (SAIEG), soulignant que le processus de fabrication s&rsquo;est d\u00e9roul\u00e9 au niveau de l&rsquo;unit\u00e9 d&rsquo;El Eulma. Cette op\u00e9ration s&rsquo;inscrit, selon le Groupe, dans le cadre de la mise en \u0153uvre des instructions des hautes autorit\u00e9s du pays visant \u00e0 sortir progressivement de la d\u00e9pendance aux hydrocarbures, \u00e0 travers la diversification des activit\u00e9s \u00e9conomiques et commerciales et la valorisation du produit national. Cette op\u00e9ration d&rsquo;exportation fait suite \u00e0 l&rsquo;envoi, la semaine derni\u00e8re, d&rsquo;une cargaison provenant de l&rsquo;usine de bornes de recharge pour v\u00e9hicules \u00e9lectriques relevant de la SAIEG pour l&rsquo;exportation de 433 bornes de recharge, fabriqu\u00e9es au niveau de la m\u00eame unit\u00e9, selon la m\u00eame source. Dans ce cadre, le Groupe a fait \u00e9tat de la signature, via sa filiale SAIEG, de plusieurs contrats et accords pour l&rsquo;exportation de diff\u00e9rents types d&rsquo;\u00e9quipements et de pi\u00e8ces de rechange \u00e9lectriques vers le march\u00e9 ext\u00e9rieur, et ce, apr\u00e8s avoir atteint une autosuffisance au niveau du march\u00e9 national, conclut le communiqu\u00e9.<\/p>\n","protected":false},"excerpt":{"rendered":"<p>Le groupe Sonelgaz a annonc\u00e9, hier, avoir proc\u00e9d\u00e9 \u00e0 l&rsquo;exportation d&rsquo;\u00e9quipements \u00e9lectriques importants vers l&rsquo;Irak, selon un communiqu\u00e9 de ce<\/p>\n","protected":false},"author":6,"featured_media":56917,"comment_status":"open","ping_status":"closed","sticky":false,"template":"","format":"standard","meta":{"colormag_page_container_layout":"default_layout","colormag_page_sidebar_layout":"default_layout","om_disable_all_campaigns":false,"_monsterinsights_skip_tracking":false,"_monsterinsights_sitenote_active":false,"_monsterinsights_sitenote_note":"","_monsterinsights_sitenote_category":0,"footnotes":"","_wpscppro_dont_share_socialmedia":false,"_wpscppro_custom_social_share_image":0,"_facebook_share_type":"default","_twitter_share_type":"default","_linkedin_share_type":"default","_pinterest_share_type":"default","_linkedin_share_type_page":"","_instagram_share_type":"default","_medium_share_type":"","_threads_share_type":"","_google_business_share_type":"","_selected_social_profile":[],"_wpsp_enable_custom_social_template":false,"_wpsp_social_scheduling":{"enabled":false,"datetime":null,"platforms":[],"status":"template_only","dateOption":"today","timeOption":"now","customDays":"","customHours":"","customDate":"","customTime":"","schedulingType":"absolute"},"_wpsp_active_default_template":true},"categories":[52,29],"tags":[],"class_list":["post-56915","post","type-post","status-publish","format-standard","has-post-thumbnail","hentry","category-a-la-une","category-economie"],"aioseo_notices":[],"yoast_head":"<!-- This site is optimized with the Yoast SEO plugin v27.5 - https:\/\/yoast.com\/product\/yoast-seo-wordpress\/ -->\n<title>Sonelgaz se d\u00e9ploie \u00e0 l\u2019international - La Sentinelle<\/title>\n<meta name=\"robots\" content=\"index, follow, max-snippet:-1, max-image-preview:large, max-video-preview:-1\" \/>\n<link rel=\"canonical\" href=\"https:\/\/lasentinelle.dz\/index.php\/2024\/09\/15\/sonelgaz-se-deploie-a-linternational\/\" \/>\n<meta property=\"og:locale\" content=\"fr_FR\" \/>\n<meta property=\"og:type\" content=\"article\" \/>\n<meta property=\"og:title\" content=\"Sonelgaz se d\u00e9ploie \u00e0 l\u2019international - La Sentinelle\" \/>\n<meta property=\"og:description\" content=\"Le groupe Sonelgaz a annonc\u00e9, hier, avoir proc\u00e9d\u00e9 \u00e0 l&rsquo;exportation d&rsquo;\u00e9quipements \u00e9lectriques importants vers l&rsquo;Irak, selon un communiqu\u00e9 de ce\" \/>\n<meta property=\"og:url\" content=\"https:\/\/lasentinelle.dz\/index.php\/2024\/09\/15\/sonelgaz-se-deploie-a-linternational\/\" \/>\n<meta property=\"og:site_name\" content=\"La Sentinelle\" \/>\n<meta property=\"article:publisher\" content=\"https:\/\/www.facebook.com\/La-Sentinelle-104059864394773\" \/>\n<meta property=\"article:published_time\" content=\"2024-09-15T17:13:23+00:00\" \/>\n<meta property=\"article:modified_time\" content=\"2024-09-15T17:13:24+00:00\" \/>\n<meta property=\"og:image\" content=\"https:\/\/lasentinelle.dz\/wp-content\/uploads\/2024\/09\/turbine-sonelgaz.jpg\" \/>\n\t<meta property=\"og:image:width\" content=\"850\" \/>\n\t<meta property=\"og:image:height\" content=\"480\" \/>\n\t<meta property=\"og:image:type\" content=\"image\/jpeg\" \/>\n<meta name=\"author\" content=\"admin\" \/>\n<meta name=\"twitter:card\" content=\"summary_large_image\" \/>\n<meta name=\"twitter:label1\" content=\"\u00c9crit par\" \/>\n\t<meta name=\"twitter:data1\" content=\"admin\" \/>\n\t<meta name=\"twitter:label2\" content=\"Dur\u00e9e de lecture estim\u00e9e\" \/>\n\t<meta name=\"twitter:data2\" content=\"5 minutes\" \/>\n<script type=\"application\/ld+json\" class=\"yoast-schema-graph\">{\"@context\":\"https:\\\/\\\/schema.org\",\"@graph\":[{\"@type\":\"Article\",\"@id\":\"https:\\\/\\\/lasentinelle.dz\\\/index.php\\\/2024\\\/09\\\/15\\\/sonelgaz-se-deploie-a-linternational\\\/#article\",\"isPartOf\":{\"@id\":\"https:\\\/\\\/lasentinelle.dz\\\/index.php\\\/2024\\\/09\\\/15\\\/sonelgaz-se-deploie-a-linternational\\\/\"},\"author\":{\"name\":\"admin\",\"@id\":\"https:\\\/\\\/lasentinelle.dz\\\/#\\\/schema\\\/person\\\/729ee0024f24e0b8c5ec17232f8e8b41\"},\"headline\":\"Sonelgaz se d\u00e9ploie \u00e0 l\u2019international\",\"datePublished\":\"2024-09-15T17:13:23+00:00\",\"dateModified\":\"2024-09-15T17:13:24+00:00\",\"mainEntityOfPage\":{\"@id\":\"https:\\\/\\\/lasentinelle.dz\\\/index.php\\\/2024\\\/09\\\/15\\\/sonelgaz-se-deploie-a-linternational\\\/\"},\"wordCount\":990,\"commentCount\":0,\"publisher\":{\"@id\":\"https:\\\/\\\/lasentinelle.dz\\\/#organization\"},\"image\":{\"@id\":\"https:\\\/\\\/lasentinelle.dz\\\/index.php\\\/2024\\\/09\\\/15\\\/sonelgaz-se-deploie-a-linternational\\\/#primaryimage\"},\"thumbnailUrl\":\"https:\\\/\\\/lasentinelle.dz\\\/wp-content\\\/uploads\\\/2024\\\/09\\\/turbine-sonelgaz.jpg\",\"articleSection\":[\"\u00c0 la Une\",\"\u00c9conomie\"],\"inLanguage\":\"fr-FR\",\"potentialAction\":[{\"@type\":\"CommentAction\",\"name\":\"Comment\",\"target\":[\"https:\\\/\\\/lasentinelle.dz\\\/index.php\\\/2024\\\/09\\\/15\\\/sonelgaz-se-deploie-a-linternational\\\/#respond\"]}]},{\"@type\":\"WebPage\",\"@id\":\"https:\\\/\\\/lasentinelle.dz\\\/index.php\\\/2024\\\/09\\\/15\\\/sonelgaz-se-deploie-a-linternational\\\/\",\"url\":\"https:\\\/\\\/lasentinelle.dz\\\/index.php\\\/2024\\\/09\\\/15\\\/sonelgaz-se-deploie-a-linternational\\\/\",\"name\":\"Sonelgaz se d\u00e9ploie \u00e0 l\u2019international - La Sentinelle\",\"isPartOf\":{\"@id\":\"https:\\\/\\\/lasentinelle.dz\\\/#website\"},\"primaryImageOfPage\":{\"@id\":\"https:\\\/\\\/lasentinelle.dz\\\/index.php\\\/2024\\\/09\\\/15\\\/sonelgaz-se-deploie-a-linternational\\\/#primaryimage\"},\"image\":{\"@id\":\"https:\\\/\\\/lasentinelle.dz\\\/index.php\\\/2024\\\/09\\\/15\\\/sonelgaz-se-deploie-a-linternational\\\/#primaryimage\"},\"thumbnailUrl\":\"https:\\\/\\\/lasentinelle.dz\\\/wp-content\\\/uploads\\\/2024\\\/09\\\/turbine-sonelgaz.jpg\",\"datePublished\":\"2024-09-15T17:13:23+00:00\",\"dateModified\":\"2024-09-15T17:13:24+00:00\",\"breadcrumb\":{\"@id\":\"https:\\\/\\\/lasentinelle.dz\\\/index.php\\\/2024\\\/09\\\/15\\\/sonelgaz-se-deploie-a-linternational\\\/#breadcrumb\"},\"inLanguage\":\"fr-FR\",\"potentialAction\":[{\"@type\":\"ReadAction\",\"target\":[\"https:\\\/\\\/lasentinelle.dz\\\/index.php\\\/2024\\\/09\\\/15\\\/sonelgaz-se-deploie-a-linternational\\\/\"]}]},{\"@type\":\"ImageObject\",\"inLanguage\":\"fr-FR\",\"@id\":\"https:\\\/\\\/lasentinelle.dz\\\/index.php\\\/2024\\\/09\\\/15\\\/sonelgaz-se-deploie-a-linternational\\\/#primaryimage\",\"url\":\"https:\\\/\\\/lasentinelle.dz\\\/wp-content\\\/uploads\\\/2024\\\/09\\\/turbine-sonelgaz.jpg\",\"contentUrl\":\"https:\\\/\\\/lasentinelle.dz\\\/wp-content\\\/uploads\\\/2024\\\/09\\\/turbine-sonelgaz.jpg\",\"width\":850,\"height\":480},{\"@type\":\"BreadcrumbList\",\"@id\":\"https:\\\/\\\/lasentinelle.dz\\\/index.php\\\/2024\\\/09\\\/15\\\/sonelgaz-se-deploie-a-linternational\\\/#breadcrumb\",\"itemListElement\":[{\"@type\":\"ListItem\",\"position\":1,\"name\":\"Accueil\",\"item\":\"https:\\\/\\\/lasentinelle.dz\\\/\"},{\"@type\":\"ListItem\",\"position\":2,\"name\":\"Sonelgaz se d\u00e9ploie \u00e0 l\u2019international\"}]},{\"@type\":\"WebSite\",\"@id\":\"https:\\\/\\\/lasentinelle.dz\\\/#website\",\"url\":\"https:\\\/\\\/lasentinelle.dz\\\/\",\"name\":\"La Sentinelle\",\"description\":\"Quotidien national d&#039;information\",\"publisher\":{\"@id\":\"https:\\\/\\\/lasentinelle.dz\\\/#organization\"},\"potentialAction\":[{\"@type\":\"SearchAction\",\"target\":{\"@type\":\"EntryPoint\",\"urlTemplate\":\"https:\\\/\\\/lasentinelle.dz\\\/?s={search_term_string}\"},\"query-input\":{\"@type\":\"PropertyValueSpecification\",\"valueRequired\":true,\"valueName\":\"search_term_string\"}}],\"inLanguage\":\"fr-FR\"},{\"@type\":\"Organization\",\"@id\":\"https:\\\/\\\/lasentinelle.dz\\\/#organization\",\"name\":\"Quotidien La Sentinelle\",\"url\":\"https:\\\/\\\/lasentinelle.dz\\\/\",\"logo\":{\"@type\":\"ImageObject\",\"inLanguage\":\"fr-FR\",\"@id\":\"https:\\\/\\\/lasentinelle.dz\\\/#\\\/schema\\\/logo\\\/image\\\/\",\"url\":\"https:\\\/\\\/lasentinelle.dz\\\/wp-content\\\/uploads\\\/2021\\\/09\\\/logo-sentinelleSLOGAN-1.png\",\"contentUrl\":\"https:\\\/\\\/lasentinelle.dz\\\/wp-content\\\/uploads\\\/2021\\\/09\\\/logo-sentinelleSLOGAN-1.png\",\"width\":615,\"height\":142,\"caption\":\"Quotidien La Sentinelle\"},\"image\":{\"@id\":\"https:\\\/\\\/lasentinelle.dz\\\/#\\\/schema\\\/logo\\\/image\\\/\"},\"sameAs\":[\"https:\\\/\\\/www.facebook.com\\\/La-Sentinelle-104059864394773\"]},{\"@type\":\"Person\",\"@id\":\"https:\\\/\\\/lasentinelle.dz\\\/#\\\/schema\\\/person\\\/729ee0024f24e0b8c5ec17232f8e8b41\",\"name\":\"admin\",\"image\":{\"@type\":\"ImageObject\",\"inLanguage\":\"fr-FR\",\"@id\":\"https:\\\/\\\/secure.gravatar.com\\\/avatar\\\/4c81fed838786e9b53f540bf46533e750f5d292099ae3b66cfc6fb1982e29df7?s=96&d=mm&r=g\",\"url\":\"https:\\\/\\\/secure.gravatar.com\\\/avatar\\\/4c81fed838786e9b53f540bf46533e750f5d292099ae3b66cfc6fb1982e29df7?s=96&d=mm&r=g\",\"contentUrl\":\"https:\\\/\\\/secure.gravatar.com\\\/avatar\\\/4c81fed838786e9b53f540bf46533e750f5d292099ae3b66cfc6fb1982e29df7?s=96&d=mm&r=g\",\"caption\":\"admin\"},\"description\":\"admin\",\"url\":\"https:\\\/\\\/lasentinelle.dz\\\/author\\\/admin\\\/\"}]}<\/script>\n<!-- \/ Yoast SEO plugin. -->","yoast_head_json":{"title":"Sonelgaz se d\u00e9ploie \u00e0 l\u2019international - La Sentinelle","robots":{"index":"index","follow":"follow","max-snippet":"max-snippet:-1","max-image-preview":"max-image-preview:large","max-video-preview":"max-video-preview:-1"},"canonical":"https:\/\/lasentinelle.dz\/index.php\/2024\/09\/15\/sonelgaz-se-deploie-a-linternational\/","og_locale":"fr_FR","og_type":"article","og_title":"Sonelgaz se d\u00e9ploie \u00e0 l\u2019international - La Sentinelle","og_description":"Le groupe Sonelgaz a annonc\u00e9, hier, avoir proc\u00e9d\u00e9 \u00e0 l&rsquo;exportation d&rsquo;\u00e9quipements \u00e9lectriques importants vers l&rsquo;Irak, selon un communiqu\u00e9 de ce","og_url":"https:\/\/lasentinelle.dz\/index.php\/2024\/09\/15\/sonelgaz-se-deploie-a-linternational\/","og_site_name":"La Sentinelle","article_publisher":"https:\/\/www.facebook.com\/La-Sentinelle-104059864394773","article_published_time":"2024-09-15T17:13:23+00:00","article_modified_time":"2024-09-15T17:13:24+00:00","og_image":[{"width":850,"height":480,"url":"https:\/\/lasentinelle.dz\/wp-content\/uploads\/2024\/09\/turbine-sonelgaz.jpg","type":"image\/jpeg"}],"author":"admin","twitter_card":"summary_large_image","twitter_misc":{"\u00c9crit par":"admin","Dur\u00e9e de lecture estim\u00e9e":"5 minutes"},"schema":{"@context":"https:\/\/schema.org","@graph":[{"@type":"Article","@id":"https:\/\/lasentinelle.dz\/index.php\/2024\/09\/15\/sonelgaz-se-deploie-a-linternational\/#article","isPartOf":{"@id":"https:\/\/lasentinelle.dz\/index.php\/2024\/09\/15\/sonelgaz-se-deploie-a-linternational\/"},"author":{"name":"admin","@id":"https:\/\/lasentinelle.dz\/#\/schema\/person\/729ee0024f24e0b8c5ec17232f8e8b41"},"headline":"Sonelgaz se d\u00e9ploie \u00e0 l\u2019international","datePublished":"2024-09-15T17:13:23+00:00","dateModified":"2024-09-15T17:13:24+00:00","mainEntityOfPage":{"@id":"https:\/\/lasentinelle.dz\/index.php\/2024\/09\/15\/sonelgaz-se-deploie-a-linternational\/"},"wordCount":990,"commentCount":0,"publisher":{"@id":"https:\/\/lasentinelle.dz\/#organization"},"image":{"@id":"https:\/\/lasentinelle.dz\/index.php\/2024\/09\/15\/sonelgaz-se-deploie-a-linternational\/#primaryimage"},"thumbnailUrl":"https:\/\/lasentinelle.dz\/wp-content\/uploads\/2024\/09\/turbine-sonelgaz.jpg","articleSection":["\u00c0 la Une","\u00c9conomie"],"inLanguage":"fr-FR","potentialAction":[{"@type":"CommentAction","name":"Comment","target":["https:\/\/lasentinelle.dz\/index.php\/2024\/09\/15\/sonelgaz-se-deploie-a-linternational\/#respond"]}]},{"@type":"WebPage","@id":"https:\/\/lasentinelle.dz\/index.php\/2024\/09\/15\/sonelgaz-se-deploie-a-linternational\/","url":"https:\/\/lasentinelle.dz\/index.php\/2024\/09\/15\/sonelgaz-se-deploie-a-linternational\/","name":"Sonelgaz se d\u00e9ploie \u00e0 l\u2019international - La Sentinelle","isPartOf":{"@id":"https:\/\/lasentinelle.dz\/#website"},"primaryImageOfPage":{"@id":"https:\/\/lasentinelle.dz\/index.php\/2024\/09\/15\/sonelgaz-se-deploie-a-linternational\/#primaryimage"},"image":{"@id":"https:\/\/lasentinelle.dz\/index.php\/2024\/09\/15\/sonelgaz-se-deploie-a-linternational\/#primaryimage"},"thumbnailUrl":"https:\/\/lasentinelle.dz\/wp-content\/uploads\/2024\/09\/turbine-sonelgaz.jpg","datePublished":"2024-09-15T17:13:23+00:00","dateModified":"2024-09-15T17:13:24+00:00","breadcrumb":{"@id":"https:\/\/lasentinelle.dz\/index.php\/2024\/09\/15\/sonelgaz-se-deploie-a-linternational\/#breadcrumb"},"inLanguage":"fr-FR","potentialAction":[{"@type":"ReadAction","target":["https:\/\/lasentinelle.dz\/index.php\/2024\/09\/15\/sonelgaz-se-deploie-a-linternational\/"]}]},{"@type":"ImageObject","inLanguage":"fr-FR","@id":"https:\/\/lasentinelle.dz\/index.php\/2024\/09\/15\/sonelgaz-se-deploie-a-linternational\/#primaryimage","url":"https:\/\/lasentinelle.dz\/wp-content\/uploads\/2024\/09\/turbine-sonelgaz.jpg","contentUrl":"https:\/\/lasentinelle.dz\/wp-content\/uploads\/2024\/09\/turbine-sonelgaz.jpg","width":850,"height":480},{"@type":"BreadcrumbList","@id":"https:\/\/lasentinelle.dz\/index.php\/2024\/09\/15\/sonelgaz-se-deploie-a-linternational\/#breadcrumb","itemListElement":[{"@type":"ListItem","position":1,"name":"Accueil","item":"https:\/\/lasentinelle.dz\/"},{"@type":"ListItem","position":2,"name":"Sonelgaz se d\u00e9ploie \u00e0 l\u2019international"}]},{"@type":"WebSite","@id":"https:\/\/lasentinelle.dz\/#website","url":"https:\/\/lasentinelle.dz\/","name":"La Sentinelle","description":"Quotidien national d&#039;information","publisher":{"@id":"https:\/\/lasentinelle.dz\/#organization"},"potentialAction":[{"@type":"SearchAction","target":{"@type":"EntryPoint","urlTemplate":"https:\/\/lasentinelle.dz\/?s={search_term_string}"},"query-input":{"@type":"PropertyValueSpecification","valueRequired":true,"valueName":"search_term_string"}}],"inLanguage":"fr-FR"},{"@type":"Organization","@id":"https:\/\/lasentinelle.dz\/#organization","name":"Quotidien La Sentinelle","url":"https:\/\/lasentinelle.dz\/","logo":{"@type":"ImageObject","inLanguage":"fr-FR","@id":"https:\/\/lasentinelle.dz\/#\/schema\/logo\/image\/","url":"https:\/\/lasentinelle.dz\/wp-content\/uploads\/2021\/09\/logo-sentinelleSLOGAN-1.png","contentUrl":"https:\/\/lasentinelle.dz\/wp-content\/uploads\/2021\/09\/logo-sentinelleSLOGAN-1.png","width":615,"height":142,"caption":"Quotidien La Sentinelle"},"image":{"@id":"https:\/\/lasentinelle.dz\/#\/schema\/logo\/image\/"},"sameAs":["https:\/\/www.facebook.com\/La-Sentinelle-104059864394773"]},{"@type":"Person","@id":"https:\/\/lasentinelle.dz\/#\/schema\/person\/729ee0024f24e0b8c5ec17232f8e8b41","name":"admin","image":{"@type":"ImageObject","inLanguage":"fr-FR","@id":"https:\/\/secure.gravatar.com\/avatar\/4c81fed838786e9b53f540bf46533e750f5d292099ae3b66cfc6fb1982e29df7?s=96&d=mm&r=g","url":"https:\/\/secure.gravatar.com\/avatar\/4c81fed838786e9b53f540bf46533e750f5d292099ae3b66cfc6fb1982e29df7?s=96&d=mm&r=g","contentUrl":"https:\/\/secure.gravatar.com\/avatar\/4c81fed838786e9b53f540bf46533e750f5d292099ae3b66cfc6fb1982e29df7?s=96&d=mm&r=g","caption":"admin"},"description":"admin","url":"https:\/\/lasentinelle.dz\/author\/admin\/"}]}},"_links":{"self":[{"href":"https:\/\/lasentinelle.dz\/index.php\/wp-json\/wp\/v2\/posts\/56915","targetHints":{"allow":["GET"]}}],"collection":[{"href":"https:\/\/lasentinelle.dz\/index.php\/wp-json\/wp\/v2\/posts"}],"about":[{"href":"https:\/\/lasentinelle.dz\/index.php\/wp-json\/wp\/v2\/types\/post"}],"author":[{"embeddable":true,"href":"https:\/\/lasentinelle.dz\/index.php\/wp-json\/wp\/v2\/users\/6"}],"replies":[{"embeddable":true,"href":"https:\/\/lasentinelle.dz\/index.php\/wp-json\/wp\/v2\/comments?post=56915"}],"version-history":[{"count":1,"href":"https:\/\/lasentinelle.dz\/index.php\/wp-json\/wp\/v2\/posts\/56915\/revisions"}],"predecessor-version":[{"id":56918,"href":"https:\/\/lasentinelle.dz\/index.php\/wp-json\/wp\/v2\/posts\/56915\/revisions\/56918"}],"wp:featuredmedia":[{"embeddable":true,"href":"https:\/\/lasentinelle.dz\/index.php\/wp-json\/wp\/v2\/media\/56917"}],"wp:attachment":[{"href":"https:\/\/lasentinelle.dz\/index.php\/wp-json\/wp\/v2\/media?parent=56915"}],"wp:term":[{"taxonomy":"category","embeddable":true,"href":"https:\/\/lasentinelle.dz\/index.php\/wp-json\/wp\/v2\/categories?post=56915"},{"taxonomy":"post_tag","embeddable":true,"href":"https:\/\/lasentinelle.dz\/index.php\/wp-json\/wp\/v2\/tags?post=56915"}],"curies":[{"name":"wp","href":"https:\/\/api.w.org\/{rel}","templated":true}]}}