{"id":56960,"date":"2024-09-12T18:33:53","date_gmt":"2024-09-12T17:33:53","guid":{"rendered":"https:\/\/lasentinelle.dz\/?p=56960"},"modified":"2024-09-15T18:34:51","modified_gmt":"2024-09-15T17:34:51","slug":"mercato-estival-2024-2025-delort-slimani-et-boudebouz-enflamment-les-dernieres-heures-du-marche","status":"publish","type":"post","link":"https:\/\/lasentinelle.dz\/index.php\/2024\/09\/12\/mercato-estival-2024-2025-delort-slimani-et-boudebouz-enflamment-les-dernieres-heures-du-marche\/","title":{"rendered":"Mercato estival 2024-2025 : Delort, Slimani, et Boudebouz enflamment les derni\u00e8res heures du march\u00e9"},"content":{"rendered":"\n<p>Le mercato estival de la Ligue 1 professionnelle de football, cl\u00f4tur\u00e9 le mardi 10 septembre \u00e0 minuit, a \u00e9t\u00e9 marqu\u00e9 durant ses derni\u00e8res heures par l&rsquo;arriv\u00e9e de trois internationaux alg\u00e9riens : les attaquants: Andy Delort et Islam Slimani, ainsi que le milieu offensif Riyad Boudebouz, qui se sont engag\u00e9s respectivement avec le MC Alger, le CR Belouizdadi, et la JS Kabylie. La soir\u00e9e de mardi a \u00e9t\u00e9 mouvement\u00e9e, notamment sur les r\u00e9seaux sociaux, o\u00f9 les supporters des trois clubs en question ont exprim\u00e9 leur satisfaction de voir la direction de leurs clubs respectifs frapper un grand coup lors du dernier jour du march\u00e9 des transferts. Si le transfert des trois noms cit\u00e9s a circul\u00e9 d\u00e9j\u00e0 depuis quelques jours, l&rsquo;officialisation s&rsquo;est concr\u00e9tis\u00e9e mardi soir, o\u00f9 chacune des trois formations a annonc\u00e9, en grandes pompes, ce recrutement tant attendu. Le \u00ab\u00a0Doyen\u00a0\u00bb, champion d&rsquo;Alg\u00e9rie en titre, \u00e9tait le premier \u00e0 annoncer l&rsquo;arriv\u00e9e de Delort (32 ans) pour un contrat de trois saisons, apr\u00e8s une exp\u00e9rience d&rsquo;une saison avec le club qatari d&rsquo;Umm Salal (20 matchs\/ 13 buts). Connu pour \u00eatre un v\u00e9ritable globe-trotter, Delort qui compte 15 s\u00e9lections avec l&rsquo;\u00e9quipe nationale (2 buts), va conna\u00eetre le 13e club depuis le d\u00e9but de sa carri\u00e8re professionnelle en 2008, lui qui a \u00e9volu\u00e9 notamment avec Wigan Athl\u00e9tic (Angleterre) 2014-2015 et Tigres UANL au Mexique (2016-2017). Quelques instants plus tard, c&rsquo;\u00e9tait au tour de l&rsquo;actuel meilleur buteur de la s\u00e9lection (45 buts) Islam Slimani (36 ans) d&rsquo;\u00eatre annonc\u00e9 de retour au club de ses premiers amours le CRB, 11 ans apr\u00e8s l&rsquo;avoir quitt\u00e9 pour embrasser une riche carri\u00e8re en Europe. L&rsquo;enfant d&rsquo;A\u00efn Benian rejoint le Chabab jusqu&rsquo;en 2026, quelques mois apr\u00e8s son d\u00e9part du club belge de KV Malines, avec lequel il avait jou\u00e9 13 matchs (3 buts). L&rsquo;ancien baroudeur du Sporting Lisbonne (Portugal), au 102 s\u00e9lections avec les \u00ab\u00a0Verts\u00a0\u00bb, esp\u00e8re relancer sa carri\u00e8re au CRB, et contribuer au retour du club de La\u00e2quiba au sommet du football national, apr\u00e8s avoir \u00e9t\u00e9 d\u00e9chu de sa couronne par le MCA, apr\u00e8s quatre saisons d&rsquo;h\u00e9g\u00e9monie. La JSK, l&rsquo;un des clubs les plus actifs du march\u00e9 des transferts, a r\u00e9ussi \u00e0 convaincre Riyad Boudebouz (34 ans) de rejoindre le championnat national, apr\u00e8s avoir \u00e9volu\u00e9 lors des deux derni\u00e8res saisons en Arabie saoudite, d&rsquo;abord sous le maillot d&rsquo;Al-Ahly Djeddah (2022-2023) puis \u00e0 Ohod Club (2023-2024). Consid\u00e9r\u00e9 comme l&rsquo;un des joueurs les plus talentueux de sa g\u00e9n\u00e9ration, le natif de Colmar (France), qui s&rsquo;est engag\u00e9 pour un contrat de deux saisons plus une en option, a accept\u00e9 le challenge propos\u00e9 par les \u00ab\u00a0Canaris\u00a0\u00bb, qui esp\u00e8rent signer leur grand retour sur la sc\u00e8ne nationale, apr\u00e8s plusieurs ann\u00e9es de disette. Contrairement \u00e0 Delort et Slimani, dont la derni\u00e8re apparition avec l&rsquo;\u00e9quipe nationale remonte respectivement \u00e0 2023 et 2024, il faudra remonter \u00e0 2017 pour assister au dernier match disput\u00e9 par Boudebouz avec le \u00ab\u00a0Club Alg\u00e9rie\u00a0\u00bb, qui avait pris part notamment au Mondial 2010 en Afrique du Sud.<\/p>\n\n\n\n<p>APS<\/p>\n","protected":false},"excerpt":{"rendered":"<p>Le mercato estival de la Ligue 1 professionnelle de football, cl\u00f4tur\u00e9 le mardi 10 septembre \u00e0 minuit, a \u00e9t\u00e9 marqu\u00e9<\/p>\n","protected":false},"author":6,"featured_media":56961,"comment_status":"open","ping_status":"closed","sticky":false,"template":"","format":"standard","meta":{"colormag_page_container_layout":"default_layout","colormag_page_sidebar_layout":"default_layout","om_disable_all_campaigns":false,"_monsterinsights_skip_tracking":false,"_monsterinsights_sitenote_active":false,"_monsterinsights_sitenote_note":"","_monsterinsights_sitenote_category":0,"footnotes":"","_wpscppro_dont_share_socialmedia":false,"_wpscppro_custom_social_share_image":0,"_facebook_share_type":"default","_twitter_share_type":"default","_linkedin_share_type":"default","_pinterest_share_type":"default","_linkedin_share_type_page":"","_instagram_share_type":"default","_medium_share_type":"","_threads_share_type":"","_google_business_share_type":"","_selected_social_profile":[],"_wpsp_enable_custom_social_template":false,"_wpsp_social_scheduling":{"enabled":false,"datetime":null,"platforms":[],"status":"template_only","dateOption":"today","timeOption":"now","customDays":"","customHours":"","customDate":"","customTime":"","schedulingType":"absolute"},"_wpsp_active_default_template":true},"categories":[33],"tags":[],"class_list":["post-56960","post","type-post","status-publish","format-standard","has-post-thumbnail","hentry","category-sports"],"aioseo_notices":[],"yoast_head":"<!-- This site is optimized with the Yoast SEO plugin v27.5 - https:\/\/yoast.com\/product\/yoast-seo-wordpress\/ -->\n<title>Mercato estival 2024-2025 : Delort, Slimani, et Boudebouz enflamment les derni\u00e8res heures du march\u00e9 - La Sentinelle<\/title>\n<meta name=\"robots\" content=\"index, follow, max-snippet:-1, max-image-preview:large, max-video-preview:-1\" \/>\n<link rel=\"canonical\" href=\"https:\/\/lasentinelle.dz\/index.php\/2024\/09\/12\/mercato-estival-2024-2025-delort-slimani-et-boudebouz-enflamment-les-dernieres-heures-du-marche\/\" \/>\n<meta property=\"og:locale\" content=\"fr_FR\" \/>\n<meta property=\"og:type\" content=\"article\" \/>\n<meta property=\"og:title\" content=\"Mercato estival 2024-2025 : Delort, Slimani, et Boudebouz enflamment les derni\u00e8res heures du march\u00e9 - La Sentinelle\" \/>\n<meta property=\"og:description\" content=\"Le mercato estival de la Ligue 1 professionnelle de football, cl\u00f4tur\u00e9 le mardi 10 septembre \u00e0 minuit, a \u00e9t\u00e9 marqu\u00e9\" \/>\n<meta property=\"og:url\" content=\"https:\/\/lasentinelle.dz\/index.php\/2024\/09\/12\/mercato-estival-2024-2025-delort-slimani-et-boudebouz-enflamment-les-dernieres-heures-du-marche\/\" \/>\n<meta property=\"og:site_name\" content=\"La Sentinelle\" \/>\n<meta property=\"article:publisher\" content=\"https:\/\/www.facebook.com\/La-Sentinelle-104059864394773\" \/>\n<meta property=\"article:published_time\" content=\"2024-09-12T17:33:53+00:00\" \/>\n<meta property=\"article:modified_time\" content=\"2024-09-15T17:34:51+00:00\" \/>\n<meta property=\"og:image\" content=\"https:\/\/lasentinelle.dz\/wp-content\/uploads\/2024\/09\/slimani.webp\" \/>\n\t<meta property=\"og:image:width\" content=\"900\" \/>\n\t<meta property=\"og:image:height\" content=\"675\" \/>\n\t<meta property=\"og:image:type\" content=\"image\/webp\" \/>\n<meta name=\"author\" content=\"admin\" \/>\n<meta name=\"twitter:card\" content=\"summary_large_image\" \/>\n<meta name=\"twitter:label1\" content=\"\u00c9crit par\" \/>\n\t<meta name=\"twitter:data1\" content=\"admin\" \/>\n\t<meta name=\"twitter:label2\" content=\"Dur\u00e9e de lecture estim\u00e9e\" \/>\n\t<meta name=\"twitter:data2\" content=\"3 minutes\" \/>\n<script type=\"application\/ld+json\" class=\"yoast-schema-graph\">{\"@context\":\"https:\\\/\\\/schema.org\",\"@graph\":[{\"@type\":\"Article\",\"@id\":\"https:\\\/\\\/lasentinelle.dz\\\/index.php\\\/2024\\\/09\\\/12\\\/mercato-estival-2024-2025-delort-slimani-et-boudebouz-enflamment-les-dernieres-heures-du-marche\\\/#article\",\"isPartOf\":{\"@id\":\"https:\\\/\\\/lasentinelle.dz\\\/index.php\\\/2024\\\/09\\\/12\\\/mercato-estival-2024-2025-delort-slimani-et-boudebouz-enflamment-les-dernieres-heures-du-marche\\\/\"},\"author\":{\"name\":\"admin\",\"@id\":\"https:\\\/\\\/lasentinelle.dz\\\/#\\\/schema\\\/person\\\/729ee0024f24e0b8c5ec17232f8e8b41\"},\"headline\":\"Mercato estival 2024-2025 : Delort, Slimani, et Boudebouz enflamment les derni\u00e8res heures du march\u00e9\",\"datePublished\":\"2024-09-12T17:33:53+00:00\",\"dateModified\":\"2024-09-15T17:34:51+00:00\",\"mainEntityOfPage\":{\"@id\":\"https:\\\/\\\/lasentinelle.dz\\\/index.php\\\/2024\\\/09\\\/12\\\/mercato-estival-2024-2025-delort-slimani-et-boudebouz-enflamment-les-dernieres-heures-du-marche\\\/\"},\"wordCount\":543,\"commentCount\":0,\"publisher\":{\"@id\":\"https:\\\/\\\/lasentinelle.dz\\\/#organization\"},\"image\":{\"@id\":\"https:\\\/\\\/lasentinelle.dz\\\/index.php\\\/2024\\\/09\\\/12\\\/mercato-estival-2024-2025-delort-slimani-et-boudebouz-enflamment-les-dernieres-heures-du-marche\\\/#primaryimage\"},\"thumbnailUrl\":\"https:\\\/\\\/lasentinelle.dz\\\/wp-content\\\/uploads\\\/2024\\\/09\\\/slimani.webp\",\"articleSection\":[\"Sports\"],\"inLanguage\":\"fr-FR\",\"potentialAction\":[{\"@type\":\"CommentAction\",\"name\":\"Comment\",\"target\":[\"https:\\\/\\\/lasentinelle.dz\\\/index.php\\\/2024\\\/09\\\/12\\\/mercato-estival-2024-2025-delort-slimani-et-boudebouz-enflamment-les-dernieres-heures-du-marche\\\/#respond\"]}]},{\"@type\":\"WebPage\",\"@id\":\"https:\\\/\\\/lasentinelle.dz\\\/index.php\\\/2024\\\/09\\\/12\\\/mercato-estival-2024-2025-delort-slimani-et-boudebouz-enflamment-les-dernieres-heures-du-marche\\\/\",\"url\":\"https:\\\/\\\/lasentinelle.dz\\\/index.php\\\/2024\\\/09\\\/12\\\/mercato-estival-2024-2025-delort-slimani-et-boudebouz-enflamment-les-dernieres-heures-du-marche\\\/\",\"name\":\"Mercato estival 2024-2025 : Delort, Slimani, et Boudebouz enflamment les derni\u00e8res heures du march\u00e9 - La Sentinelle\",\"isPartOf\":{\"@id\":\"https:\\\/\\\/lasentinelle.dz\\\/#website\"},\"primaryImageOfPage\":{\"@id\":\"https:\\\/\\\/lasentinelle.dz\\\/index.php\\\/2024\\\/09\\\/12\\\/mercato-estival-2024-2025-delort-slimani-et-boudebouz-enflamment-les-dernieres-heures-du-marche\\\/#primaryimage\"},\"image\":{\"@id\":\"https:\\\/\\\/lasentinelle.dz\\\/index.php\\\/2024\\\/09\\\/12\\\/mercato-estival-2024-2025-delort-slimani-et-boudebouz-enflamment-les-dernieres-heures-du-marche\\\/#primaryimage\"},\"thumbnailUrl\":\"https:\\\/\\\/lasentinelle.dz\\\/wp-content\\\/uploads\\\/2024\\\/09\\\/slimani.webp\",\"datePublished\":\"2024-09-12T17:33:53+00:00\",\"dateModified\":\"2024-09-15T17:34:51+00:00\",\"breadcrumb\":{\"@id\":\"https:\\\/\\\/lasentinelle.dz\\\/index.php\\\/2024\\\/09\\\/12\\\/mercato-estival-2024-2025-delort-slimani-et-boudebouz-enflamment-les-dernieres-heures-du-marche\\\/#breadcrumb\"},\"inLanguage\":\"fr-FR\",\"potentialAction\":[{\"@type\":\"ReadAction\",\"target\":[\"https:\\\/\\\/lasentinelle.dz\\\/index.php\\\/2024\\\/09\\\/12\\\/mercato-estival-2024-2025-delort-slimani-et-boudebouz-enflamment-les-dernieres-heures-du-marche\\\/\"]}]},{\"@type\":\"ImageObject\",\"inLanguage\":\"fr-FR\",\"@id\":\"https:\\\/\\\/lasentinelle.dz\\\/index.php\\\/2024\\\/09\\\/12\\\/mercato-estival-2024-2025-delort-slimani-et-boudebouz-enflamment-les-dernieres-heures-du-marche\\\/#primaryimage\",\"url\":\"https:\\\/\\\/lasentinelle.dz\\\/wp-content\\\/uploads\\\/2024\\\/09\\\/slimani.webp\",\"contentUrl\":\"https:\\\/\\\/lasentinelle.dz\\\/wp-content\\\/uploads\\\/2024\\\/09\\\/slimani.webp\",\"width\":900,\"height\":675},{\"@type\":\"BreadcrumbList\",\"@id\":\"https:\\\/\\\/lasentinelle.dz\\\/index.php\\\/2024\\\/09\\\/12\\\/mercato-estival-2024-2025-delort-slimani-et-boudebouz-enflamment-les-dernieres-heures-du-marche\\\/#breadcrumb\",\"itemListElement\":[{\"@type\":\"ListItem\",\"position\":1,\"name\":\"Accueil\",\"item\":\"https:\\\/\\\/lasentinelle.dz\\\/\"},{\"@type\":\"ListItem\",\"position\":2,\"name\":\"Mercato estival 2024-2025 : Delort, Slimani, et Boudebouz enflamment les derni\u00e8res heures du march\u00e9\"}]},{\"@type\":\"WebSite\",\"@id\":\"https:\\\/\\\/lasentinelle.dz\\\/#website\",\"url\":\"https:\\\/\\\/lasentinelle.dz\\\/\",\"name\":\"La Sentinelle\",\"description\":\"Quotidien national d&#039;information\",\"publisher\":{\"@id\":\"https:\\\/\\\/lasentinelle.dz\\\/#organization\"},\"potentialAction\":[{\"@type\":\"SearchAction\",\"target\":{\"@type\":\"EntryPoint\",\"urlTemplate\":\"https:\\\/\\\/lasentinelle.dz\\\/?s={search_term_string}\"},\"query-input\":{\"@type\":\"PropertyValueSpecification\",\"valueRequired\":true,\"valueName\":\"search_term_string\"}}],\"inLanguage\":\"fr-FR\"},{\"@type\":\"Organization\",\"@id\":\"https:\\\/\\\/lasentinelle.dz\\\/#organization\",\"name\":\"Quotidien La Sentinelle\",\"url\":\"https:\\\/\\\/lasentinelle.dz\\\/\",\"logo\":{\"@type\":\"ImageObject\",\"inLanguage\":\"fr-FR\",\"@id\":\"https:\\\/\\\/lasentinelle.dz\\\/#\\\/schema\\\/logo\\\/image\\\/\",\"url\":\"https:\\\/\\\/lasentinelle.dz\\\/wp-content\\\/uploads\\\/2021\\\/09\\\/logo-sentinelleSLOGAN-1.png\",\"contentUrl\":\"https:\\\/\\\/lasentinelle.dz\\\/wp-content\\\/uploads\\\/2021\\\/09\\\/logo-sentinelleSLOGAN-1.png\",\"width\":615,\"height\":142,\"caption\":\"Quotidien La Sentinelle\"},\"image\":{\"@id\":\"https:\\\/\\\/lasentinelle.dz\\\/#\\\/schema\\\/logo\\\/image\\\/\"},\"sameAs\":[\"https:\\\/\\\/www.facebook.com\\\/La-Sentinelle-104059864394773\"]},{\"@type\":\"Person\",\"@id\":\"https:\\\/\\\/lasentinelle.dz\\\/#\\\/schema\\\/person\\\/729ee0024f24e0b8c5ec17232f8e8b41\",\"name\":\"admin\",\"image\":{\"@type\":\"ImageObject\",\"inLanguage\":\"fr-FR\",\"@id\":\"https:\\\/\\\/secure.gravatar.com\\\/avatar\\\/4c81fed838786e9b53f540bf46533e750f5d292099ae3b66cfc6fb1982e29df7?s=96&d=mm&r=g\",\"url\":\"https:\\\/\\\/secure.gravatar.com\\\/avatar\\\/4c81fed838786e9b53f540bf46533e750f5d292099ae3b66cfc6fb1982e29df7?s=96&d=mm&r=g\",\"contentUrl\":\"https:\\\/\\\/secure.gravatar.com\\\/avatar\\\/4c81fed838786e9b53f540bf46533e750f5d292099ae3b66cfc6fb1982e29df7?s=96&d=mm&r=g\",\"caption\":\"admin\"},\"description\":\"admin\",\"url\":\"https:\\\/\\\/lasentinelle.dz\\\/author\\\/admin\\\/\"}]}<\/script>\n<!-- \/ Yoast SEO plugin. -->","yoast_head_json":{"title":"Mercato estival 2024-2025 : Delort, Slimani, et Boudebouz enflamment les derni\u00e8res heures du march\u00e9 - La Sentinelle","robots":{"index":"index","follow":"follow","max-snippet":"max-snippet:-1","max-image-preview":"max-image-preview:large","max-video-preview":"max-video-preview:-1"},"canonical":"https:\/\/lasentinelle.dz\/index.php\/2024\/09\/12\/mercato-estival-2024-2025-delort-slimani-et-boudebouz-enflamment-les-dernieres-heures-du-marche\/","og_locale":"fr_FR","og_type":"article","og_title":"Mercato estival 2024-2025 : Delort, Slimani, et Boudebouz enflamment les derni\u00e8res heures du march\u00e9 - La Sentinelle","og_description":"Le mercato estival de la Ligue 1 professionnelle de football, cl\u00f4tur\u00e9 le mardi 10 septembre \u00e0 minuit, a \u00e9t\u00e9 marqu\u00e9","og_url":"https:\/\/lasentinelle.dz\/index.php\/2024\/09\/12\/mercato-estival-2024-2025-delort-slimani-et-boudebouz-enflamment-les-dernieres-heures-du-marche\/","og_site_name":"La Sentinelle","article_publisher":"https:\/\/www.facebook.com\/La-Sentinelle-104059864394773","article_published_time":"2024-09-12T17:33:53+00:00","article_modified_time":"2024-09-15T17:34:51+00:00","og_image":[{"width":900,"height":675,"url":"https:\/\/lasentinelle.dz\/wp-content\/uploads\/2024\/09\/slimani.webp","type":"image\/webp"}],"author":"admin","twitter_card":"summary_large_image","twitter_misc":{"\u00c9crit par":"admin","Dur\u00e9e de lecture estim\u00e9e":"3 minutes"},"schema":{"@context":"https:\/\/schema.org","@graph":[{"@type":"Article","@id":"https:\/\/lasentinelle.dz\/index.php\/2024\/09\/12\/mercato-estival-2024-2025-delort-slimani-et-boudebouz-enflamment-les-dernieres-heures-du-marche\/#article","isPartOf":{"@id":"https:\/\/lasentinelle.dz\/index.php\/2024\/09\/12\/mercato-estival-2024-2025-delort-slimani-et-boudebouz-enflamment-les-dernieres-heures-du-marche\/"},"author":{"name":"admin","@id":"https:\/\/lasentinelle.dz\/#\/schema\/person\/729ee0024f24e0b8c5ec17232f8e8b41"},"headline":"Mercato estival 2024-2025 : Delort, Slimani, et Boudebouz enflamment les derni\u00e8res heures du march\u00e9","datePublished":"2024-09-12T17:33:53+00:00","dateModified":"2024-09-15T17:34:51+00:00","mainEntityOfPage":{"@id":"https:\/\/lasentinelle.dz\/index.php\/2024\/09\/12\/mercato-estival-2024-2025-delort-slimani-et-boudebouz-enflamment-les-dernieres-heures-du-marche\/"},"wordCount":543,"commentCount":0,"publisher":{"@id":"https:\/\/lasentinelle.dz\/#organization"},"image":{"@id":"https:\/\/lasentinelle.dz\/index.php\/2024\/09\/12\/mercato-estival-2024-2025-delort-slimani-et-boudebouz-enflamment-les-dernieres-heures-du-marche\/#primaryimage"},"thumbnailUrl":"https:\/\/lasentinelle.dz\/wp-content\/uploads\/2024\/09\/slimani.webp","articleSection":["Sports"],"inLanguage":"fr-FR","potentialAction":[{"@type":"CommentAction","name":"Comment","target":["https:\/\/lasentinelle.dz\/index.php\/2024\/09\/12\/mercato-estival-2024-2025-delort-slimani-et-boudebouz-enflamment-les-dernieres-heures-du-marche\/#respond"]}]},{"@type":"WebPage","@id":"https:\/\/lasentinelle.dz\/index.php\/2024\/09\/12\/mercato-estival-2024-2025-delort-slimani-et-boudebouz-enflamment-les-dernieres-heures-du-marche\/","url":"https:\/\/lasentinelle.dz\/index.php\/2024\/09\/12\/mercato-estival-2024-2025-delort-slimani-et-boudebouz-enflamment-les-dernieres-heures-du-marche\/","name":"Mercato estival 2024-2025 : Delort, Slimani, et Boudebouz enflamment les derni\u00e8res heures du march\u00e9 - La Sentinelle","isPartOf":{"@id":"https:\/\/lasentinelle.dz\/#website"},"primaryImageOfPage":{"@id":"https:\/\/lasentinelle.dz\/index.php\/2024\/09\/12\/mercato-estival-2024-2025-delort-slimani-et-boudebouz-enflamment-les-dernieres-heures-du-marche\/#primaryimage"},"image":{"@id":"https:\/\/lasentinelle.dz\/index.php\/2024\/09\/12\/mercato-estival-2024-2025-delort-slimani-et-boudebouz-enflamment-les-dernieres-heures-du-marche\/#primaryimage"},"thumbnailUrl":"https:\/\/lasentinelle.dz\/wp-content\/uploads\/2024\/09\/slimani.webp","datePublished":"2024-09-12T17:33:53+00:00","dateModified":"2024-09-15T17:34:51+00:00","breadcrumb":{"@id":"https:\/\/lasentinelle.dz\/index.php\/2024\/09\/12\/mercato-estival-2024-2025-delort-slimani-et-boudebouz-enflamment-les-dernieres-heures-du-marche\/#breadcrumb"},"inLanguage":"fr-FR","potentialAction":[{"@type":"ReadAction","target":["https:\/\/lasentinelle.dz\/index.php\/2024\/09\/12\/mercato-estival-2024-2025-delort-slimani-et-boudebouz-enflamment-les-dernieres-heures-du-marche\/"]}]},{"@type":"ImageObject","inLanguage":"fr-FR","@id":"https:\/\/lasentinelle.dz\/index.php\/2024\/09\/12\/mercato-estival-2024-2025-delort-slimani-et-boudebouz-enflamment-les-dernieres-heures-du-marche\/#primaryimage","url":"https:\/\/lasentinelle.dz\/wp-content\/uploads\/2024\/09\/slimani.webp","contentUrl":"https:\/\/lasentinelle.dz\/wp-content\/uploads\/2024\/09\/slimani.webp","width":900,"height":675},{"@type":"BreadcrumbList","@id":"https:\/\/lasentinelle.dz\/index.php\/2024\/09\/12\/mercato-estival-2024-2025-delort-slimani-et-boudebouz-enflamment-les-dernieres-heures-du-marche\/#breadcrumb","itemListElement":[{"@type":"ListItem","position":1,"name":"Accueil","item":"https:\/\/lasentinelle.dz\/"},{"@type":"ListItem","position":2,"name":"Mercato estival 2024-2025 : Delort, Slimani, et Boudebouz enflamment les derni\u00e8res heures du march\u00e9"}]},{"@type":"WebSite","@id":"https:\/\/lasentinelle.dz\/#website","url":"https:\/\/lasentinelle.dz\/","name":"La Sentinelle","description":"Quotidien national d&#039;information","publisher":{"@id":"https:\/\/lasentinelle.dz\/#organization"},"potentialAction":[{"@type":"SearchAction","target":{"@type":"EntryPoint","urlTemplate":"https:\/\/lasentinelle.dz\/?s={search_term_string}"},"query-input":{"@type":"PropertyValueSpecification","valueRequired":true,"valueName":"search_term_string"}}],"inLanguage":"fr-FR"},{"@type":"Organization","@id":"https:\/\/lasentinelle.dz\/#organization","name":"Quotidien La Sentinelle","url":"https:\/\/lasentinelle.dz\/","logo":{"@type":"ImageObject","inLanguage":"fr-FR","@id":"https:\/\/lasentinelle.dz\/#\/schema\/logo\/image\/","url":"https:\/\/lasentinelle.dz\/wp-content\/uploads\/2021\/09\/logo-sentinelleSLOGAN-1.png","contentUrl":"https:\/\/lasentinelle.dz\/wp-content\/uploads\/2021\/09\/logo-sentinelleSLOGAN-1.png","width":615,"height":142,"caption":"Quotidien La Sentinelle"},"image":{"@id":"https:\/\/lasentinelle.dz\/#\/schema\/logo\/image\/"},"sameAs":["https:\/\/www.facebook.com\/La-Sentinelle-104059864394773"]},{"@type":"Person","@id":"https:\/\/lasentinelle.dz\/#\/schema\/person\/729ee0024f24e0b8c5ec17232f8e8b41","name":"admin","image":{"@type":"ImageObject","inLanguage":"fr-FR","@id":"https:\/\/secure.gravatar.com\/avatar\/4c81fed838786e9b53f540bf46533e750f5d292099ae3b66cfc6fb1982e29df7?s=96&d=mm&r=g","url":"https:\/\/secure.gravatar.com\/avatar\/4c81fed838786e9b53f540bf46533e750f5d292099ae3b66cfc6fb1982e29df7?s=96&d=mm&r=g","contentUrl":"https:\/\/secure.gravatar.com\/avatar\/4c81fed838786e9b53f540bf46533e750f5d292099ae3b66cfc6fb1982e29df7?s=96&d=mm&r=g","caption":"admin"},"description":"admin","url":"https:\/\/lasentinelle.dz\/author\/admin\/"}]}},"_links":{"self":[{"href":"https:\/\/lasentinelle.dz\/index.php\/wp-json\/wp\/v2\/posts\/56960","targetHints":{"allow":["GET"]}}],"collection":[{"href":"https:\/\/lasentinelle.dz\/index.php\/wp-json\/wp\/v2\/posts"}],"about":[{"href":"https:\/\/lasentinelle.dz\/index.php\/wp-json\/wp\/v2\/types\/post"}],"author":[{"embeddable":true,"href":"https:\/\/lasentinelle.dz\/index.php\/wp-json\/wp\/v2\/users\/6"}],"replies":[{"embeddable":true,"href":"https:\/\/lasentinelle.dz\/index.php\/wp-json\/wp\/v2\/comments?post=56960"}],"version-history":[{"count":1,"href":"https:\/\/lasentinelle.dz\/index.php\/wp-json\/wp\/v2\/posts\/56960\/revisions"}],"predecessor-version":[{"id":56962,"href":"https:\/\/lasentinelle.dz\/index.php\/wp-json\/wp\/v2\/posts\/56960\/revisions\/56962"}],"wp:featuredmedia":[{"embeddable":true,"href":"https:\/\/lasentinelle.dz\/index.php\/wp-json\/wp\/v2\/media\/56961"}],"wp:attachment":[{"href":"https:\/\/lasentinelle.dz\/index.php\/wp-json\/wp\/v2\/media?parent=56960"}],"wp:term":[{"taxonomy":"category","embeddable":true,"href":"https:\/\/lasentinelle.dz\/index.php\/wp-json\/wp\/v2\/categories?post=56960"},{"taxonomy":"post_tag","embeddable":true,"href":"https:\/\/lasentinelle.dz\/index.php\/wp-json\/wp\/v2\/tags?post=56960"}],"curies":[{"name":"wp","href":"https:\/\/api.w.org\/{rel}","templated":true}]}}