{"id":56972,"date":"2024-09-12T18:38:43","date_gmt":"2024-09-12T17:38:43","guid":{"rendered":"https:\/\/lasentinelle.dz\/?p=56972"},"modified":"2024-09-15T18:39:34","modified_gmt":"2024-09-15T17:39:34","slug":"annaba-10-000-quintaux-de-semences-et-engrais-pour-les-cerealiculteurs","status":"publish","type":"post","link":"https:\/\/lasentinelle.dz\/index.php\/2024\/09\/12\/annaba-10-000-quintaux-de-semences-et-engrais-pour-les-cerealiculteurs\/","title":{"rendered":"Annaba: 10.000 quintaux de semences et engrais pour les c\u00e9r\u00e9aliculteurs"},"content":{"rendered":"\n<p>Les premi\u00e8res pluies automnales ont fait leur apparition, annon\u00e7ant le lancement de la nouvelle saison agricole. Une saison n\u00e9cessitant la mise en place de tous les moyens pour sa r\u00e9ussite.<\/p>\n\n\n\n<p>\u00c0 cet effet, et en pr\u00e9vision du lancement de la campagne laboures-semailles 2024\/2025, pr\u00e9vue au d\u00e9but du mois d\u2019octobre prochain, les services concern\u00e9s dans la wilaya d\u2019Annaba ont entam\u00e9 les pr\u00e9paratifs notamment pour la fili\u00e8re c\u00e9r\u00e9ali\u00e8re. Celle-ci jouit, convient-il de le souligner, d\u2019un int\u00e9r\u00eat particulier, en raison de son importance dans sa contribution dans le processus de la s\u00e9curit\u00e9 alimentaire et la r\u00e9duction de la facture d\u2019importation, pr\u00f4n\u00e9e par les plus hautes autorit\u00e9s de l&rsquo;\u00c9tat. Dans cet sens, la coop\u00e9rative des c\u00e9r\u00e9ales et l\u00e9gumes secs (CCLS) de la wilaya d\u2019Annaba a r\u00e9serv\u00e9 plus de 10.000 quintaux de semences et engrais aux professionnels de la c\u00e9r\u00e9aliculture dans la wilaya d\u2019Annaba. La superficie consacr\u00e9e \u00e0 la culture c\u00e9r\u00e9ali\u00e8re \u00e0 Annaba est de 14.000 hectares. Une superficie pour laquelle 10.000 quintaux de semences et engrais ont \u00e9t\u00e9 r\u00e9serv\u00e9s aux 1.300 agriculteurs activent dans la fili\u00e8re c\u00e9r\u00e9ali\u00e8re. La quantit\u00e9 d\u2019engrais et semences a \u00e9t\u00e9 soumise \u00e0 l\u2019agr\u00e9ment du Centre national de contr\u00f4le et certification des semences et des plants, avant sa remise aux agriculteurs. \u00c0 noter que ces pr\u00e9paratifs de la campagne labours-semailles pour cette saison ont pour objectifs de pallier \u00e0 toutes contraintes de livraison, les retard en l\u2019occurrence dans la remise des engrais chimiques pr\u00e9vus pour la campagne de labours-semailles 2024\/2025. Car, rappelons-le, le d\u00e9sagr\u00e9ment du retard de livraison l&rsquo;ann\u00e9e derni\u00e8re, avait perturb\u00e9 l\u2019ensemble des agriculteurs qui avaient, rappelons-le, refus\u00e9 de semer sans l\u2019apport des engrais, par crainte d\u2019essuyer des pertes sur les rendements. Les pouvoirs publics, notamment le minist\u00e8re de l\u2019Agriculture, ont fix\u00e9 comme objectif l\u2019emblavement c\u00e9r\u00e9alier de 3,2 millions d\u2019hectares lors de la saison 2024-2025 avec la mise \u00e0 disposition \u00e0 cet effet de 5,2 millions de quintaux de semences. Le premier responsable du d\u00e9partement de l\u2019agriculture, M. Youcef Chorfa a reconnu, notons-le, que les r\u00e9sultats de la campagne 2023\/2024 rel\u00e8vent du \u00ab miracle\u00bb en raison des obstacles rencontr\u00e9s, lors de la distribution des semences et des engrais aux agriculteurs, avant qu\u2019une solution ne soit trouv\u00e9e en d\u00e9cembre 2023. Afin d\u2019\u00e9viter que le sc\u00e9nario catastrophe de l\u2019ann\u00e9e derni\u00e8re ne se reproduise, le ministre a enjoint aux directeurs des services agricoles de tenir compte des exigences des professionnels qui sont les mieux plac\u00e9s pour d\u00e9terminer les besoins li\u00e9s \u00e0 la campagne labours-semailles. C\u2019est pourquoi, il a instruit les cadres du secteur \u00e0 l\u2019effet de ma\u00eetriser les intrants, de pr\u00e9parer les semences et les engrais et de prendre toutes les mesures n\u00e9cessaires \u00abavant la fin du mois d\u2019octobre 2024\u00bb. Des instructions qui ont suscit\u00e9 la satisfaction des professionnels de la fili\u00e8re c\u00e9r\u00e9ali\u00e8res dans la wilaya. Car, ces agriculteurs dont une grande partie s&rsquo;\u00e9tait engag\u00e9e dans la culture du Colza , et suite \u00e0 l\u2019\u00e9chec de cette culture, se sont orient\u00e9s vers la culture du bl\u00e9 et les l\u00e9gumes secs. Cet engouement pour la fili\u00e8re c\u00e9r\u00e9ali\u00e8re s&rsquo;explique par la batterie de mesures d\u2019accompagnement et subventions d\u00e9cid\u00e9es par l\u2019Etat. Des efforts ont \u00e9t\u00e9 d\u00e9ploy\u00e9s en faveur de la dynamisation de l\u2019activit\u00e9 agricole, notamment l\u2019augmentation des superficies emblav\u00e9es, et ce en application des instructions du pr\u00e9sident de la R\u00e9publique visant \u00e0 r\u00e9duire les importations, assurer la s\u00e9curit\u00e9 alimentaire et l\u2019autosuffisance .<\/p>\n\n\n\n<p><strong>Sofia Chahine<\/strong><\/p>\n","protected":false},"excerpt":{"rendered":"<p>Les premi\u00e8res pluies automnales ont fait leur apparition, annon\u00e7ant le lancement de la nouvelle saison agricole. Une saison n\u00e9cessitant la<\/p>\n","protected":false},"author":6,"featured_media":34578,"comment_status":"open","ping_status":"closed","sticky":false,"template":"","format":"standard","meta":{"colormag_page_container_layout":"default_layout","colormag_page_sidebar_layout":"default_layout","om_disable_all_campaigns":false,"_monsterinsights_skip_tracking":false,"_monsterinsights_sitenote_active":false,"_monsterinsights_sitenote_note":"","_monsterinsights_sitenote_category":0,"footnotes":"","_wpscppro_dont_share_socialmedia":false,"_wpscppro_custom_social_share_image":0,"_facebook_share_type":"default","_twitter_share_type":"default","_linkedin_share_type":"default","_pinterest_share_type":"default","_linkedin_share_type_page":"","_instagram_share_type":"default","_medium_share_type":"","_threads_share_type":"","_google_business_share_type":"","_selected_social_profile":[],"_wpsp_enable_custom_social_template":false,"_wpsp_social_scheduling":{"enabled":false,"datetime":null,"platforms":[],"status":"template_only","dateOption":"today","timeOption":"now","customDays":"","customHours":"","customDate":"","customTime":"","schedulingType":"absolute"},"_wpsp_active_default_template":true},"categories":[31],"tags":[],"class_list":["post-56972","post","type-post","status-publish","format-standard","has-post-thumbnail","hentry","category-regions"],"aioseo_notices":[],"yoast_head":"<!-- This site is optimized with the Yoast SEO plugin v27.5 - https:\/\/yoast.com\/product\/yoast-seo-wordpress\/ -->\n<title>Annaba: 10.000 quintaux de semences et engrais pour les c\u00e9r\u00e9aliculteurs - La Sentinelle<\/title>\n<meta name=\"robots\" content=\"index, follow, max-snippet:-1, max-image-preview:large, max-video-preview:-1\" \/>\n<link rel=\"canonical\" href=\"https:\/\/lasentinelle.dz\/index.php\/2024\/09\/12\/annaba-10-000-quintaux-de-semences-et-engrais-pour-les-cerealiculteurs\/\" \/>\n<meta property=\"og:locale\" content=\"fr_FR\" \/>\n<meta property=\"og:type\" content=\"article\" \/>\n<meta property=\"og:title\" content=\"Annaba: 10.000 quintaux de semences et engrais pour les c\u00e9r\u00e9aliculteurs - La Sentinelle\" \/>\n<meta property=\"og:description\" content=\"Les premi\u00e8res pluies automnales ont fait leur apparition, annon\u00e7ant le lancement de la nouvelle saison agricole. Une saison n\u00e9cessitant la\" \/>\n<meta property=\"og:url\" content=\"https:\/\/lasentinelle.dz\/index.php\/2024\/09\/12\/annaba-10-000-quintaux-de-semences-et-engrais-pour-les-cerealiculteurs\/\" \/>\n<meta property=\"og:site_name\" content=\"La Sentinelle\" \/>\n<meta property=\"article:publisher\" content=\"https:\/\/www.facebook.com\/La-Sentinelle-104059864394773\" \/>\n<meta property=\"article:published_time\" content=\"2024-09-12T17:38:43+00:00\" \/>\n<meta property=\"article:modified_time\" content=\"2024-09-15T17:39:34+00:00\" \/>\n<meta property=\"og:image\" content=\"https:\/\/lasentinelle.dz\/wp-content\/uploads\/2023\/01\/cereales-1.png\" \/>\n\t<meta property=\"og:image:width\" content=\"1391\" \/>\n\t<meta property=\"og:image:height\" content=\"900\" \/>\n\t<meta property=\"og:image:type\" content=\"image\/png\" \/>\n<meta name=\"author\" content=\"admin\" \/>\n<meta name=\"twitter:card\" content=\"summary_large_image\" \/>\n<meta name=\"twitter:label1\" content=\"\u00c9crit par\" \/>\n\t<meta name=\"twitter:data1\" content=\"admin\" \/>\n\t<meta name=\"twitter:label2\" content=\"Dur\u00e9e de lecture estim\u00e9e\" \/>\n\t<meta name=\"twitter:data2\" content=\"3 minutes\" \/>\n<script type=\"application\/ld+json\" class=\"yoast-schema-graph\">{\"@context\":\"https:\\\/\\\/schema.org\",\"@graph\":[{\"@type\":\"Article\",\"@id\":\"https:\\\/\\\/lasentinelle.dz\\\/index.php\\\/2024\\\/09\\\/12\\\/annaba-10-000-quintaux-de-semences-et-engrais-pour-les-cerealiculteurs\\\/#article\",\"isPartOf\":{\"@id\":\"https:\\\/\\\/lasentinelle.dz\\\/index.php\\\/2024\\\/09\\\/12\\\/annaba-10-000-quintaux-de-semences-et-engrais-pour-les-cerealiculteurs\\\/\"},\"author\":{\"name\":\"admin\",\"@id\":\"https:\\\/\\\/lasentinelle.dz\\\/#\\\/schema\\\/person\\\/729ee0024f24e0b8c5ec17232f8e8b41\"},\"headline\":\"Annaba: 10.000 quintaux de semences et engrais pour les c\u00e9r\u00e9aliculteurs\",\"datePublished\":\"2024-09-12T17:38:43+00:00\",\"dateModified\":\"2024-09-15T17:39:34+00:00\",\"mainEntityOfPage\":{\"@id\":\"https:\\\/\\\/lasentinelle.dz\\\/index.php\\\/2024\\\/09\\\/12\\\/annaba-10-000-quintaux-de-semences-et-engrais-pour-les-cerealiculteurs\\\/\"},\"wordCount\":648,\"commentCount\":0,\"publisher\":{\"@id\":\"https:\\\/\\\/lasentinelle.dz\\\/#organization\"},\"image\":{\"@id\":\"https:\\\/\\\/lasentinelle.dz\\\/index.php\\\/2024\\\/09\\\/12\\\/annaba-10-000-quintaux-de-semences-et-engrais-pour-les-cerealiculteurs\\\/#primaryimage\"},\"thumbnailUrl\":\"https:\\\/\\\/lasentinelle.dz\\\/wp-content\\\/uploads\\\/2023\\\/01\\\/cereales-1.png\",\"articleSection\":[\"R\u00e9gions\"],\"inLanguage\":\"fr-FR\",\"potentialAction\":[{\"@type\":\"CommentAction\",\"name\":\"Comment\",\"target\":[\"https:\\\/\\\/lasentinelle.dz\\\/index.php\\\/2024\\\/09\\\/12\\\/annaba-10-000-quintaux-de-semences-et-engrais-pour-les-cerealiculteurs\\\/#respond\"]}]},{\"@type\":\"WebPage\",\"@id\":\"https:\\\/\\\/lasentinelle.dz\\\/index.php\\\/2024\\\/09\\\/12\\\/annaba-10-000-quintaux-de-semences-et-engrais-pour-les-cerealiculteurs\\\/\",\"url\":\"https:\\\/\\\/lasentinelle.dz\\\/index.php\\\/2024\\\/09\\\/12\\\/annaba-10-000-quintaux-de-semences-et-engrais-pour-les-cerealiculteurs\\\/\",\"name\":\"Annaba: 10.000 quintaux de semences et engrais pour les c\u00e9r\u00e9aliculteurs - La Sentinelle\",\"isPartOf\":{\"@id\":\"https:\\\/\\\/lasentinelle.dz\\\/#website\"},\"primaryImageOfPage\":{\"@id\":\"https:\\\/\\\/lasentinelle.dz\\\/index.php\\\/2024\\\/09\\\/12\\\/annaba-10-000-quintaux-de-semences-et-engrais-pour-les-cerealiculteurs\\\/#primaryimage\"},\"image\":{\"@id\":\"https:\\\/\\\/lasentinelle.dz\\\/index.php\\\/2024\\\/09\\\/12\\\/annaba-10-000-quintaux-de-semences-et-engrais-pour-les-cerealiculteurs\\\/#primaryimage\"},\"thumbnailUrl\":\"https:\\\/\\\/lasentinelle.dz\\\/wp-content\\\/uploads\\\/2023\\\/01\\\/cereales-1.png\",\"datePublished\":\"2024-09-12T17:38:43+00:00\",\"dateModified\":\"2024-09-15T17:39:34+00:00\",\"breadcrumb\":{\"@id\":\"https:\\\/\\\/lasentinelle.dz\\\/index.php\\\/2024\\\/09\\\/12\\\/annaba-10-000-quintaux-de-semences-et-engrais-pour-les-cerealiculteurs\\\/#breadcrumb\"},\"inLanguage\":\"fr-FR\",\"potentialAction\":[{\"@type\":\"ReadAction\",\"target\":[\"https:\\\/\\\/lasentinelle.dz\\\/index.php\\\/2024\\\/09\\\/12\\\/annaba-10-000-quintaux-de-semences-et-engrais-pour-les-cerealiculteurs\\\/\"]}]},{\"@type\":\"ImageObject\",\"inLanguage\":\"fr-FR\",\"@id\":\"https:\\\/\\\/lasentinelle.dz\\\/index.php\\\/2024\\\/09\\\/12\\\/annaba-10-000-quintaux-de-semences-et-engrais-pour-les-cerealiculteurs\\\/#primaryimage\",\"url\":\"https:\\\/\\\/lasentinelle.dz\\\/wp-content\\\/uploads\\\/2023\\\/01\\\/cereales-1.png\",\"contentUrl\":\"https:\\\/\\\/lasentinelle.dz\\\/wp-content\\\/uploads\\\/2023\\\/01\\\/cereales-1.png\",\"width\":1391,\"height\":900},{\"@type\":\"BreadcrumbList\",\"@id\":\"https:\\\/\\\/lasentinelle.dz\\\/index.php\\\/2024\\\/09\\\/12\\\/annaba-10-000-quintaux-de-semences-et-engrais-pour-les-cerealiculteurs\\\/#breadcrumb\",\"itemListElement\":[{\"@type\":\"ListItem\",\"position\":1,\"name\":\"Accueil\",\"item\":\"https:\\\/\\\/lasentinelle.dz\\\/\"},{\"@type\":\"ListItem\",\"position\":2,\"name\":\"Annaba: 10.000 quintaux de semences et engrais pour les c\u00e9r\u00e9aliculteurs\"}]},{\"@type\":\"WebSite\",\"@id\":\"https:\\\/\\\/lasentinelle.dz\\\/#website\",\"url\":\"https:\\\/\\\/lasentinelle.dz\\\/\",\"name\":\"La Sentinelle\",\"description\":\"Quotidien national d&#039;information\",\"publisher\":{\"@id\":\"https:\\\/\\\/lasentinelle.dz\\\/#organization\"},\"potentialAction\":[{\"@type\":\"SearchAction\",\"target\":{\"@type\":\"EntryPoint\",\"urlTemplate\":\"https:\\\/\\\/lasentinelle.dz\\\/?s={search_term_string}\"},\"query-input\":{\"@type\":\"PropertyValueSpecification\",\"valueRequired\":true,\"valueName\":\"search_term_string\"}}],\"inLanguage\":\"fr-FR\"},{\"@type\":\"Organization\",\"@id\":\"https:\\\/\\\/lasentinelle.dz\\\/#organization\",\"name\":\"Quotidien La Sentinelle\",\"url\":\"https:\\\/\\\/lasentinelle.dz\\\/\",\"logo\":{\"@type\":\"ImageObject\",\"inLanguage\":\"fr-FR\",\"@id\":\"https:\\\/\\\/lasentinelle.dz\\\/#\\\/schema\\\/logo\\\/image\\\/\",\"url\":\"https:\\\/\\\/lasentinelle.dz\\\/wp-content\\\/uploads\\\/2021\\\/09\\\/logo-sentinelleSLOGAN-1.png\",\"contentUrl\":\"https:\\\/\\\/lasentinelle.dz\\\/wp-content\\\/uploads\\\/2021\\\/09\\\/logo-sentinelleSLOGAN-1.png\",\"width\":615,\"height\":142,\"caption\":\"Quotidien La Sentinelle\"},\"image\":{\"@id\":\"https:\\\/\\\/lasentinelle.dz\\\/#\\\/schema\\\/logo\\\/image\\\/\"},\"sameAs\":[\"https:\\\/\\\/www.facebook.com\\\/La-Sentinelle-104059864394773\"]},{\"@type\":\"Person\",\"@id\":\"https:\\\/\\\/lasentinelle.dz\\\/#\\\/schema\\\/person\\\/729ee0024f24e0b8c5ec17232f8e8b41\",\"name\":\"admin\",\"image\":{\"@type\":\"ImageObject\",\"inLanguage\":\"fr-FR\",\"@id\":\"https:\\\/\\\/secure.gravatar.com\\\/avatar\\\/4c81fed838786e9b53f540bf46533e750f5d292099ae3b66cfc6fb1982e29df7?s=96&d=mm&r=g\",\"url\":\"https:\\\/\\\/secure.gravatar.com\\\/avatar\\\/4c81fed838786e9b53f540bf46533e750f5d292099ae3b66cfc6fb1982e29df7?s=96&d=mm&r=g\",\"contentUrl\":\"https:\\\/\\\/secure.gravatar.com\\\/avatar\\\/4c81fed838786e9b53f540bf46533e750f5d292099ae3b66cfc6fb1982e29df7?s=96&d=mm&r=g\",\"caption\":\"admin\"},\"description\":\"admin\",\"url\":\"https:\\\/\\\/lasentinelle.dz\\\/author\\\/admin\\\/\"}]}<\/script>\n<!-- \/ Yoast SEO plugin. -->","yoast_head_json":{"title":"Annaba: 10.000 quintaux de semences et engrais pour les c\u00e9r\u00e9aliculteurs - La Sentinelle","robots":{"index":"index","follow":"follow","max-snippet":"max-snippet:-1","max-image-preview":"max-image-preview:large","max-video-preview":"max-video-preview:-1"},"canonical":"https:\/\/lasentinelle.dz\/index.php\/2024\/09\/12\/annaba-10-000-quintaux-de-semences-et-engrais-pour-les-cerealiculteurs\/","og_locale":"fr_FR","og_type":"article","og_title":"Annaba: 10.000 quintaux de semences et engrais pour les c\u00e9r\u00e9aliculteurs - La Sentinelle","og_description":"Les premi\u00e8res pluies automnales ont fait leur apparition, annon\u00e7ant le lancement de la nouvelle saison agricole. Une saison n\u00e9cessitant la","og_url":"https:\/\/lasentinelle.dz\/index.php\/2024\/09\/12\/annaba-10-000-quintaux-de-semences-et-engrais-pour-les-cerealiculteurs\/","og_site_name":"La Sentinelle","article_publisher":"https:\/\/www.facebook.com\/La-Sentinelle-104059864394773","article_published_time":"2024-09-12T17:38:43+00:00","article_modified_time":"2024-09-15T17:39:34+00:00","og_image":[{"width":1391,"height":900,"url":"https:\/\/lasentinelle.dz\/wp-content\/uploads\/2023\/01\/cereales-1.png","type":"image\/png"}],"author":"admin","twitter_card":"summary_large_image","twitter_misc":{"\u00c9crit par":"admin","Dur\u00e9e de lecture estim\u00e9e":"3 minutes"},"schema":{"@context":"https:\/\/schema.org","@graph":[{"@type":"Article","@id":"https:\/\/lasentinelle.dz\/index.php\/2024\/09\/12\/annaba-10-000-quintaux-de-semences-et-engrais-pour-les-cerealiculteurs\/#article","isPartOf":{"@id":"https:\/\/lasentinelle.dz\/index.php\/2024\/09\/12\/annaba-10-000-quintaux-de-semences-et-engrais-pour-les-cerealiculteurs\/"},"author":{"name":"admin","@id":"https:\/\/lasentinelle.dz\/#\/schema\/person\/729ee0024f24e0b8c5ec17232f8e8b41"},"headline":"Annaba: 10.000 quintaux de semences et engrais pour les c\u00e9r\u00e9aliculteurs","datePublished":"2024-09-12T17:38:43+00:00","dateModified":"2024-09-15T17:39:34+00:00","mainEntityOfPage":{"@id":"https:\/\/lasentinelle.dz\/index.php\/2024\/09\/12\/annaba-10-000-quintaux-de-semences-et-engrais-pour-les-cerealiculteurs\/"},"wordCount":648,"commentCount":0,"publisher":{"@id":"https:\/\/lasentinelle.dz\/#organization"},"image":{"@id":"https:\/\/lasentinelle.dz\/index.php\/2024\/09\/12\/annaba-10-000-quintaux-de-semences-et-engrais-pour-les-cerealiculteurs\/#primaryimage"},"thumbnailUrl":"https:\/\/lasentinelle.dz\/wp-content\/uploads\/2023\/01\/cereales-1.png","articleSection":["R\u00e9gions"],"inLanguage":"fr-FR","potentialAction":[{"@type":"CommentAction","name":"Comment","target":["https:\/\/lasentinelle.dz\/index.php\/2024\/09\/12\/annaba-10-000-quintaux-de-semences-et-engrais-pour-les-cerealiculteurs\/#respond"]}]},{"@type":"WebPage","@id":"https:\/\/lasentinelle.dz\/index.php\/2024\/09\/12\/annaba-10-000-quintaux-de-semences-et-engrais-pour-les-cerealiculteurs\/","url":"https:\/\/lasentinelle.dz\/index.php\/2024\/09\/12\/annaba-10-000-quintaux-de-semences-et-engrais-pour-les-cerealiculteurs\/","name":"Annaba: 10.000 quintaux de semences et engrais pour les c\u00e9r\u00e9aliculteurs - La Sentinelle","isPartOf":{"@id":"https:\/\/lasentinelle.dz\/#website"},"primaryImageOfPage":{"@id":"https:\/\/lasentinelle.dz\/index.php\/2024\/09\/12\/annaba-10-000-quintaux-de-semences-et-engrais-pour-les-cerealiculteurs\/#primaryimage"},"image":{"@id":"https:\/\/lasentinelle.dz\/index.php\/2024\/09\/12\/annaba-10-000-quintaux-de-semences-et-engrais-pour-les-cerealiculteurs\/#primaryimage"},"thumbnailUrl":"https:\/\/lasentinelle.dz\/wp-content\/uploads\/2023\/01\/cereales-1.png","datePublished":"2024-09-12T17:38:43+00:00","dateModified":"2024-09-15T17:39:34+00:00","breadcrumb":{"@id":"https:\/\/lasentinelle.dz\/index.php\/2024\/09\/12\/annaba-10-000-quintaux-de-semences-et-engrais-pour-les-cerealiculteurs\/#breadcrumb"},"inLanguage":"fr-FR","potentialAction":[{"@type":"ReadAction","target":["https:\/\/lasentinelle.dz\/index.php\/2024\/09\/12\/annaba-10-000-quintaux-de-semences-et-engrais-pour-les-cerealiculteurs\/"]}]},{"@type":"ImageObject","inLanguage":"fr-FR","@id":"https:\/\/lasentinelle.dz\/index.php\/2024\/09\/12\/annaba-10-000-quintaux-de-semences-et-engrais-pour-les-cerealiculteurs\/#primaryimage","url":"https:\/\/lasentinelle.dz\/wp-content\/uploads\/2023\/01\/cereales-1.png","contentUrl":"https:\/\/lasentinelle.dz\/wp-content\/uploads\/2023\/01\/cereales-1.png","width":1391,"height":900},{"@type":"BreadcrumbList","@id":"https:\/\/lasentinelle.dz\/index.php\/2024\/09\/12\/annaba-10-000-quintaux-de-semences-et-engrais-pour-les-cerealiculteurs\/#breadcrumb","itemListElement":[{"@type":"ListItem","position":1,"name":"Accueil","item":"https:\/\/lasentinelle.dz\/"},{"@type":"ListItem","position":2,"name":"Annaba: 10.000 quintaux de semences et engrais pour les c\u00e9r\u00e9aliculteurs"}]},{"@type":"WebSite","@id":"https:\/\/lasentinelle.dz\/#website","url":"https:\/\/lasentinelle.dz\/","name":"La Sentinelle","description":"Quotidien national d&#039;information","publisher":{"@id":"https:\/\/lasentinelle.dz\/#organization"},"potentialAction":[{"@type":"SearchAction","target":{"@type":"EntryPoint","urlTemplate":"https:\/\/lasentinelle.dz\/?s={search_term_string}"},"query-input":{"@type":"PropertyValueSpecification","valueRequired":true,"valueName":"search_term_string"}}],"inLanguage":"fr-FR"},{"@type":"Organization","@id":"https:\/\/lasentinelle.dz\/#organization","name":"Quotidien La Sentinelle","url":"https:\/\/lasentinelle.dz\/","logo":{"@type":"ImageObject","inLanguage":"fr-FR","@id":"https:\/\/lasentinelle.dz\/#\/schema\/logo\/image\/","url":"https:\/\/lasentinelle.dz\/wp-content\/uploads\/2021\/09\/logo-sentinelleSLOGAN-1.png","contentUrl":"https:\/\/lasentinelle.dz\/wp-content\/uploads\/2021\/09\/logo-sentinelleSLOGAN-1.png","width":615,"height":142,"caption":"Quotidien La Sentinelle"},"image":{"@id":"https:\/\/lasentinelle.dz\/#\/schema\/logo\/image\/"},"sameAs":["https:\/\/www.facebook.com\/La-Sentinelle-104059864394773"]},{"@type":"Person","@id":"https:\/\/lasentinelle.dz\/#\/schema\/person\/729ee0024f24e0b8c5ec17232f8e8b41","name":"admin","image":{"@type":"ImageObject","inLanguage":"fr-FR","@id":"https:\/\/secure.gravatar.com\/avatar\/4c81fed838786e9b53f540bf46533e750f5d292099ae3b66cfc6fb1982e29df7?s=96&d=mm&r=g","url":"https:\/\/secure.gravatar.com\/avatar\/4c81fed838786e9b53f540bf46533e750f5d292099ae3b66cfc6fb1982e29df7?s=96&d=mm&r=g","contentUrl":"https:\/\/secure.gravatar.com\/avatar\/4c81fed838786e9b53f540bf46533e750f5d292099ae3b66cfc6fb1982e29df7?s=96&d=mm&r=g","caption":"admin"},"description":"admin","url":"https:\/\/lasentinelle.dz\/author\/admin\/"}]}},"_links":{"self":[{"href":"https:\/\/lasentinelle.dz\/index.php\/wp-json\/wp\/v2\/posts\/56972","targetHints":{"allow":["GET"]}}],"collection":[{"href":"https:\/\/lasentinelle.dz\/index.php\/wp-json\/wp\/v2\/posts"}],"about":[{"href":"https:\/\/lasentinelle.dz\/index.php\/wp-json\/wp\/v2\/types\/post"}],"author":[{"embeddable":true,"href":"https:\/\/lasentinelle.dz\/index.php\/wp-json\/wp\/v2\/users\/6"}],"replies":[{"embeddable":true,"href":"https:\/\/lasentinelle.dz\/index.php\/wp-json\/wp\/v2\/comments?post=56972"}],"version-history":[{"count":1,"href":"https:\/\/lasentinelle.dz\/index.php\/wp-json\/wp\/v2\/posts\/56972\/revisions"}],"predecessor-version":[{"id":56973,"href":"https:\/\/lasentinelle.dz\/index.php\/wp-json\/wp\/v2\/posts\/56972\/revisions\/56973"}],"wp:featuredmedia":[{"embeddable":true,"href":"https:\/\/lasentinelle.dz\/index.php\/wp-json\/wp\/v2\/media\/34578"}],"wp:attachment":[{"href":"https:\/\/lasentinelle.dz\/index.php\/wp-json\/wp\/v2\/media?parent=56972"}],"wp:term":[{"taxonomy":"category","embeddable":true,"href":"https:\/\/lasentinelle.dz\/index.php\/wp-json\/wp\/v2\/categories?post=56972"},{"taxonomy":"post_tag","embeddable":true,"href":"https:\/\/lasentinelle.dz\/index.php\/wp-json\/wp\/v2\/tags?post=56972"}],"curies":[{"name":"wp","href":"https:\/\/api.w.org\/{rel}","templated":true}]}}