{"id":56977,"date":"2024-09-12T18:41:01","date_gmt":"2024-09-12T17:41:01","guid":{"rendered":"https:\/\/lasentinelle.dz\/?p=56977"},"modified":"2024-09-15T18:45:28","modified_gmt":"2024-09-15T17:45:28","slug":"election-presidentielle-un-pas-decisif-vers-la-consolidation-de-la-democratie","status":"publish","type":"post","link":"https:\/\/lasentinelle.dz\/index.php\/2024\/09\/12\/election-presidentielle-un-pas-decisif-vers-la-consolidation-de-la-democratie\/","title":{"rendered":"\u00c9lection pr\u00e9sidentielle : Un pas d\u00e9cisif vers la consolidation de la d\u00e9mocratie"},"content":{"rendered":"\n<p>L&rsquo;\u00e9lection pr\u00e9sidentielle du 7 septembre marque une \u00e9tape cruciale dans le renforcement du processus d\u00e9mocratique du pays. L&rsquo;\u00e9ditorial du dernier num\u00e9ro de la revue El Dje\u00efch a soulign\u00e9 que cet \u00e9v\u00e9nement repr\u00e9sente \u00ab\u00a0une nouvelle victoire sur la voie de la consolidation du processus d\u00e9mocratique\u00a0\u00bb pour l&rsquo;Alg\u00e9rie. Le scrutin a vu la r\u00e9\u00e9lection du pr\u00e9sident Abdelmadjid Tebboune pour un second mandat, t\u00e9moignant du renouvellement de la confiance du peuple alg\u00e9rien envers ses institutions. Cette d\u00e9cision \u00e9lectorale souligne la volont\u00e9 populaire de poursuivre les r\u00e9formes entam\u00e9es lors du premier mandat du pr\u00e9sident, d\u00e9crit comme \u00ab\u00a0riche en r\u00e9alisations\u00a0\u00bb, souligne l&rsquo;\u00e9ditorialiste. Et d&rsquo;ajouter que l&rsquo;Arm\u00e9e nationale populaire, en collaboration avec d&rsquo;autres services de s\u00e9curit\u00e9, a jou\u00e9 un r\u00f4le crucial dans le succ\u00e8s de cette \u00e9lection. Ils ont permis de s\u00e9curiser le processus \u00e9lectoral et d&rsquo;assurer que les conditions n\u00e9cessaires soient r\u00e9unies pour que les citoyens puissent exprimer librement leur choix dans un climat de paix et de s\u00e9r\u00e9nit\u00e9.<\/p>\n\n\n\n<p>La publication rel\u00e8ve \u00e0 cet effet que \u00ab\u00a0le peuple alg\u00e9rien souverain a tranch\u00e9 en donnant sa voix \u00e0 Monsieur le Pr\u00e9sident pour poursuivre le processus de r\u00e9formes profondes et progressives qu&rsquo;il a entam\u00e9es lors de son premier mandat, riche en r\u00e9alisations\u00a0\u00bb. Dans son \u00e9ditorial intitul\u00e9 \u00ab\u00a0Un autre triomphe pour l&rsquo;Alg\u00e9rie nouvelle\u00a0\u00bb, El Dje\u00efch mentionne que \u00ab\u00a0l&rsquo;Arm\u00e9e nationale populaire, avec les autres services de s\u00e9curit\u00e9, a contribu\u00e9 au succ\u00e8s de cet important rendez-vous en s\u00e9curisant le processus \u00e9lectoral et en veillant \u00e0 ce que l&rsquo;ensemble des conditions soient r\u00e9unies pour que le peuple alg\u00e9rien puisse exprimer, \u00e0 travers tout le pays, son libre choix dans une atmosph\u00e8re de tranquillit\u00e9, de calme et de paix\u00a0\u00bb. Pour la revue, \u00ab\u00a0cette paix dont jouit notre Patrie, qui s&rsquo;est d\u00e9finitivement affermie, lui permettra, \u00e0 n&rsquo;en pas douter, de faire face aux grands d\u00e9fis qui se profilent \u00e0 l&rsquo;horizon, dans le cadre d&rsquo;une strat\u00e9gie ambitieuse visant la r\u00e9alisation du renouveau et du d\u00e9veloppement national global escompt\u00e9s pour lesquels notre pays dispose de tous les facteurs de succ\u00e8s, dans la s\u00e9curit\u00e9 et la stabilit\u00e9\u00a0\u00bb. A cet \u00e9gard, El Dje\u00efch a soulign\u00e9 que c&rsquo;est \u00ab\u00a0une perspective qui ouvre grandement la voie \u00e0 la concr\u00e9tisation des espoirs et des aspirations du peuple alg\u00e9rien en la dynamisation de tous les secteurs, gr\u00e2ce aux efforts concert\u00e9s de tous les enfants de l&rsquo;Alg\u00e9rie, \u00e0 leur solidarit\u00e9 et \u00e0 leur conscience des dangers auxquels nous pouvons \u00eatre confront\u00e9s, en raison des perturbations et des tensions pr\u00e9valant sur les sc\u00e8nes r\u00e9gionale et internationale, en serrant les rangs sous l&rsquo;\u00e9gide du Commandement du pays afin que l&rsquo;Alg\u00e9rie continue toujours de faire \u00e9chec \u00e0 toute tentative la ciblant et visant \u00e0 entraver sa renaissance et son progr\u00e8s\u00a0\u00bb. \u00ab\u00a0Il est certain que le r\u00e9tablissement de la confiance du peuple alg\u00e9rien en ses institutions \u00e9tatiques et les r\u00e9alisations qualitatives qui ont suivi dans tous les domaines, sans exception, seront d&rsquo;un grand appui durant le nouveau mandat pr\u00e9sidentiel dans la poursuite du processus de d\u00e9veloppement, de la prosp\u00e9rit\u00e9 et de paris gagn\u00e9s qui hisseront notre pays au rang de pays \u00e9mergent\u00a0\u00bb, a fait observer la publication, pr\u00e9cisant que \u00ab\u00a0ces aspirations et objectifs l\u00e9gitimes trouveront leur mat\u00e9rialisation en pr\u00e9sence d&rsquo;une r\u00e9elle et sinc\u00e8re volont\u00e9 d&rsquo;\u0153uvrer, avec d\u00e9vouement et abn\u00e9gation, au service des int\u00e9r\u00eats supr\u00eames de la Patrie, que ce soit au niveau int\u00e9rieur ou ext\u00e9rieur\u00a0\u00bb. \u00ab\u00a0Nous ne pouvons parler de la victoire remport\u00e9e par l&rsquo;Alg\u00e9rie sans souligner le r\u00f4le important jou\u00e9 par l&rsquo;ANP, en tant qu&rsquo;institution constitutionnelle d&rsquo;avant-garde, au diapason des avanc\u00e9es de notre pays, procurant confiance et s\u00e9curit\u00e9 pour poursuivre le chemin sur la voie juste et correcte, \u00e0 travers un travail inlassable et continu, avec comp\u00e9tence et d\u00e9vouement, n&rsquo;ayant de cesse d&rsquo;\u0153uvrer au renforcement de sa disponibilit\u00e9 op\u00e9rationnelle, \u00e0 l&rsquo;am\u00e9lioration de ses capacit\u00e9s de combat et de ses performances pour faire face aux menaces potentielles \u00e0 la s\u00e9curit\u00e9 et \u00e0 la s\u00fbret\u00e9 de notre pays, du fait des conditions s\u00e9curitaires pr\u00e9valant sur les plans r\u00e9gional et international\u00a0\u00bb, comme l&rsquo;avait \u00e9galement soulign\u00e9 le G\u00e9n\u00e9ral d&rsquo;arm\u00e9e, Sa\u00efd Chanegriha, chef d&rsquo;Etat-Major de l&rsquo;ANP.<\/p>\n\n\n\n<p>Chokri Hafed<\/p>\n","protected":false},"excerpt":{"rendered":"<p>L&rsquo;\u00e9lection pr\u00e9sidentielle du 7 septembre marque une \u00e9tape cruciale dans le renforcement du processus d\u00e9mocratique du pays. L&rsquo;\u00e9ditorial du dernier<\/p>\n","protected":false},"author":6,"featured_media":56978,"comment_status":"open","ping_status":"closed","sticky":false,"template":"","format":"standard","meta":{"colormag_page_container_layout":"default_layout","colormag_page_sidebar_layout":"default_layout","om_disable_all_campaigns":false,"_monsterinsights_skip_tracking":false,"_monsterinsights_sitenote_active":false,"_monsterinsights_sitenote_note":"","_monsterinsights_sitenote_category":0,"footnotes":"","_wpscppro_dont_share_socialmedia":false,"_wpscppro_custom_social_share_image":0,"_facebook_share_type":"default","_twitter_share_type":"default","_linkedin_share_type":"default","_pinterest_share_type":"default","_linkedin_share_type_page":"","_instagram_share_type":"default","_medium_share_type":"","_threads_share_type":"","_google_business_share_type":"","_selected_social_profile":[],"_wpsp_enable_custom_social_template":false,"_wpsp_social_scheduling":{"enabled":false,"datetime":null,"platforms":[],"status":"template_only","dateOption":"today","timeOption":"now","customDays":"","customHours":"","customDate":"","customTime":"","schedulingType":"absolute"},"_wpsp_active_default_template":true},"categories":[87],"tags":[],"class_list":["post-56977","post","type-post","status-publish","format-standard","has-post-thumbnail","hentry","category-presidentielle-2024"],"aioseo_notices":[],"yoast_head":"<!-- This site is optimized with the Yoast SEO plugin v27.5 - https:\/\/yoast.com\/product\/yoast-seo-wordpress\/ -->\n<title>\u00c9lection pr\u00e9sidentielle : Un pas d\u00e9cisif vers la consolidation de la d\u00e9mocratie - La Sentinelle<\/title>\n<meta name=\"robots\" content=\"index, follow, max-snippet:-1, max-image-preview:large, max-video-preview:-1\" \/>\n<link rel=\"canonical\" href=\"https:\/\/lasentinelle.dz\/index.php\/2024\/09\/12\/election-presidentielle-un-pas-decisif-vers-la-consolidation-de-la-democratie\/\" \/>\n<meta property=\"og:locale\" content=\"fr_FR\" \/>\n<meta property=\"og:type\" content=\"article\" \/>\n<meta property=\"og:title\" content=\"\u00c9lection pr\u00e9sidentielle : Un pas d\u00e9cisif vers la consolidation de la d\u00e9mocratie - La Sentinelle\" \/>\n<meta property=\"og:description\" content=\"L&rsquo;\u00e9lection pr\u00e9sidentielle du 7 septembre marque une \u00e9tape cruciale dans le renforcement du processus d\u00e9mocratique du pays. L&rsquo;\u00e9ditorial du dernier\" \/>\n<meta property=\"og:url\" content=\"https:\/\/lasentinelle.dz\/index.php\/2024\/09\/12\/election-presidentielle-un-pas-decisif-vers-la-consolidation-de-la-democratie\/\" \/>\n<meta property=\"og:site_name\" content=\"La Sentinelle\" \/>\n<meta property=\"article:publisher\" content=\"https:\/\/www.facebook.com\/La-Sentinelle-104059864394773\" \/>\n<meta property=\"article:published_time\" content=\"2024-09-12T17:41:01+00:00\" \/>\n<meta property=\"article:modified_time\" content=\"2024-09-15T17:45:28+00:00\" \/>\n<meta property=\"og:image\" content=\"https:\/\/lasentinelle.dz\/wp-content\/uploads\/2024\/09\/el-djeich.jpg\" \/>\n\t<meta property=\"og:image:width\" content=\"280\" \/>\n\t<meta property=\"og:image:height\" content=\"169\" \/>\n\t<meta property=\"og:image:type\" content=\"image\/jpeg\" \/>\n<meta name=\"author\" content=\"admin\" \/>\n<meta name=\"twitter:card\" content=\"summary_large_image\" \/>\n<meta name=\"twitter:label1\" content=\"\u00c9crit par\" \/>\n\t<meta name=\"twitter:data1\" content=\"admin\" \/>\n\t<meta name=\"twitter:label2\" content=\"Dur\u00e9e de lecture estim\u00e9e\" \/>\n\t<meta name=\"twitter:data2\" content=\"4 minutes\" \/>\n<script type=\"application\/ld+json\" class=\"yoast-schema-graph\">{\"@context\":\"https:\\\/\\\/schema.org\",\"@graph\":[{\"@type\":\"Article\",\"@id\":\"https:\\\/\\\/lasentinelle.dz\\\/index.php\\\/2024\\\/09\\\/12\\\/election-presidentielle-un-pas-decisif-vers-la-consolidation-de-la-democratie\\\/#article\",\"isPartOf\":{\"@id\":\"https:\\\/\\\/lasentinelle.dz\\\/index.php\\\/2024\\\/09\\\/12\\\/election-presidentielle-un-pas-decisif-vers-la-consolidation-de-la-democratie\\\/\"},\"author\":{\"name\":\"admin\",\"@id\":\"https:\\\/\\\/lasentinelle.dz\\\/#\\\/schema\\\/person\\\/729ee0024f24e0b8c5ec17232f8e8b41\"},\"headline\":\"\u00c9lection pr\u00e9sidentielle : Un pas d\u00e9cisif vers la consolidation de la d\u00e9mocratie\",\"datePublished\":\"2024-09-12T17:41:01+00:00\",\"dateModified\":\"2024-09-15T17:45:28+00:00\",\"mainEntityOfPage\":{\"@id\":\"https:\\\/\\\/lasentinelle.dz\\\/index.php\\\/2024\\\/09\\\/12\\\/election-presidentielle-un-pas-decisif-vers-la-consolidation-de-la-democratie\\\/\"},\"wordCount\":791,\"commentCount\":0,\"publisher\":{\"@id\":\"https:\\\/\\\/lasentinelle.dz\\\/#organization\"},\"image\":{\"@id\":\"https:\\\/\\\/lasentinelle.dz\\\/index.php\\\/2024\\\/09\\\/12\\\/election-presidentielle-un-pas-decisif-vers-la-consolidation-de-la-democratie\\\/#primaryimage\"},\"thumbnailUrl\":\"https:\\\/\\\/lasentinelle.dz\\\/wp-content\\\/uploads\\\/2024\\\/09\\\/el-djeich.jpg\",\"articleSection\":[\"Pr\u00e9sidentielle 2024\"],\"inLanguage\":\"fr-FR\",\"potentialAction\":[{\"@type\":\"CommentAction\",\"name\":\"Comment\",\"target\":[\"https:\\\/\\\/lasentinelle.dz\\\/index.php\\\/2024\\\/09\\\/12\\\/election-presidentielle-un-pas-decisif-vers-la-consolidation-de-la-democratie\\\/#respond\"]}]},{\"@type\":\"WebPage\",\"@id\":\"https:\\\/\\\/lasentinelle.dz\\\/index.php\\\/2024\\\/09\\\/12\\\/election-presidentielle-un-pas-decisif-vers-la-consolidation-de-la-democratie\\\/\",\"url\":\"https:\\\/\\\/lasentinelle.dz\\\/index.php\\\/2024\\\/09\\\/12\\\/election-presidentielle-un-pas-decisif-vers-la-consolidation-de-la-democratie\\\/\",\"name\":\"\u00c9lection pr\u00e9sidentielle : Un pas d\u00e9cisif vers la consolidation de la d\u00e9mocratie - La Sentinelle\",\"isPartOf\":{\"@id\":\"https:\\\/\\\/lasentinelle.dz\\\/#website\"},\"primaryImageOfPage\":{\"@id\":\"https:\\\/\\\/lasentinelle.dz\\\/index.php\\\/2024\\\/09\\\/12\\\/election-presidentielle-un-pas-decisif-vers-la-consolidation-de-la-democratie\\\/#primaryimage\"},\"image\":{\"@id\":\"https:\\\/\\\/lasentinelle.dz\\\/index.php\\\/2024\\\/09\\\/12\\\/election-presidentielle-un-pas-decisif-vers-la-consolidation-de-la-democratie\\\/#primaryimage\"},\"thumbnailUrl\":\"https:\\\/\\\/lasentinelle.dz\\\/wp-content\\\/uploads\\\/2024\\\/09\\\/el-djeich.jpg\",\"datePublished\":\"2024-09-12T17:41:01+00:00\",\"dateModified\":\"2024-09-15T17:45:28+00:00\",\"breadcrumb\":{\"@id\":\"https:\\\/\\\/lasentinelle.dz\\\/index.php\\\/2024\\\/09\\\/12\\\/election-presidentielle-un-pas-decisif-vers-la-consolidation-de-la-democratie\\\/#breadcrumb\"},\"inLanguage\":\"fr-FR\",\"potentialAction\":[{\"@type\":\"ReadAction\",\"target\":[\"https:\\\/\\\/lasentinelle.dz\\\/index.php\\\/2024\\\/09\\\/12\\\/election-presidentielle-un-pas-decisif-vers-la-consolidation-de-la-democratie\\\/\"]}]},{\"@type\":\"ImageObject\",\"inLanguage\":\"fr-FR\",\"@id\":\"https:\\\/\\\/lasentinelle.dz\\\/index.php\\\/2024\\\/09\\\/12\\\/election-presidentielle-un-pas-decisif-vers-la-consolidation-de-la-democratie\\\/#primaryimage\",\"url\":\"https:\\\/\\\/lasentinelle.dz\\\/wp-content\\\/uploads\\\/2024\\\/09\\\/el-djeich.jpg\",\"contentUrl\":\"https:\\\/\\\/lasentinelle.dz\\\/wp-content\\\/uploads\\\/2024\\\/09\\\/el-djeich.jpg\",\"width\":280,\"height\":169},{\"@type\":\"BreadcrumbList\",\"@id\":\"https:\\\/\\\/lasentinelle.dz\\\/index.php\\\/2024\\\/09\\\/12\\\/election-presidentielle-un-pas-decisif-vers-la-consolidation-de-la-democratie\\\/#breadcrumb\",\"itemListElement\":[{\"@type\":\"ListItem\",\"position\":1,\"name\":\"Accueil\",\"item\":\"https:\\\/\\\/lasentinelle.dz\\\/\"},{\"@type\":\"ListItem\",\"position\":2,\"name\":\"\u00c9lection pr\u00e9sidentielle : Un pas d\u00e9cisif vers la consolidation de la d\u00e9mocratie\"}]},{\"@type\":\"WebSite\",\"@id\":\"https:\\\/\\\/lasentinelle.dz\\\/#website\",\"url\":\"https:\\\/\\\/lasentinelle.dz\\\/\",\"name\":\"La Sentinelle\",\"description\":\"Quotidien national d&#039;information\",\"publisher\":{\"@id\":\"https:\\\/\\\/lasentinelle.dz\\\/#organization\"},\"potentialAction\":[{\"@type\":\"SearchAction\",\"target\":{\"@type\":\"EntryPoint\",\"urlTemplate\":\"https:\\\/\\\/lasentinelle.dz\\\/?s={search_term_string}\"},\"query-input\":{\"@type\":\"PropertyValueSpecification\",\"valueRequired\":true,\"valueName\":\"search_term_string\"}}],\"inLanguage\":\"fr-FR\"},{\"@type\":\"Organization\",\"@id\":\"https:\\\/\\\/lasentinelle.dz\\\/#organization\",\"name\":\"Quotidien La Sentinelle\",\"url\":\"https:\\\/\\\/lasentinelle.dz\\\/\",\"logo\":{\"@type\":\"ImageObject\",\"inLanguage\":\"fr-FR\",\"@id\":\"https:\\\/\\\/lasentinelle.dz\\\/#\\\/schema\\\/logo\\\/image\\\/\",\"url\":\"https:\\\/\\\/lasentinelle.dz\\\/wp-content\\\/uploads\\\/2021\\\/09\\\/logo-sentinelleSLOGAN-1.png\",\"contentUrl\":\"https:\\\/\\\/lasentinelle.dz\\\/wp-content\\\/uploads\\\/2021\\\/09\\\/logo-sentinelleSLOGAN-1.png\",\"width\":615,\"height\":142,\"caption\":\"Quotidien La Sentinelle\"},\"image\":{\"@id\":\"https:\\\/\\\/lasentinelle.dz\\\/#\\\/schema\\\/logo\\\/image\\\/\"},\"sameAs\":[\"https:\\\/\\\/www.facebook.com\\\/La-Sentinelle-104059864394773\"]},{\"@type\":\"Person\",\"@id\":\"https:\\\/\\\/lasentinelle.dz\\\/#\\\/schema\\\/person\\\/729ee0024f24e0b8c5ec17232f8e8b41\",\"name\":\"admin\",\"image\":{\"@type\":\"ImageObject\",\"inLanguage\":\"fr-FR\",\"@id\":\"https:\\\/\\\/secure.gravatar.com\\\/avatar\\\/4c81fed838786e9b53f540bf46533e750f5d292099ae3b66cfc6fb1982e29df7?s=96&d=mm&r=g\",\"url\":\"https:\\\/\\\/secure.gravatar.com\\\/avatar\\\/4c81fed838786e9b53f540bf46533e750f5d292099ae3b66cfc6fb1982e29df7?s=96&d=mm&r=g\",\"contentUrl\":\"https:\\\/\\\/secure.gravatar.com\\\/avatar\\\/4c81fed838786e9b53f540bf46533e750f5d292099ae3b66cfc6fb1982e29df7?s=96&d=mm&r=g\",\"caption\":\"admin\"},\"description\":\"admin\",\"url\":\"https:\\\/\\\/lasentinelle.dz\\\/author\\\/admin\\\/\"}]}<\/script>\n<!-- \/ Yoast SEO plugin. -->","yoast_head_json":{"title":"\u00c9lection pr\u00e9sidentielle : Un pas d\u00e9cisif vers la consolidation de la d\u00e9mocratie - La Sentinelle","robots":{"index":"index","follow":"follow","max-snippet":"max-snippet:-1","max-image-preview":"max-image-preview:large","max-video-preview":"max-video-preview:-1"},"canonical":"https:\/\/lasentinelle.dz\/index.php\/2024\/09\/12\/election-presidentielle-un-pas-decisif-vers-la-consolidation-de-la-democratie\/","og_locale":"fr_FR","og_type":"article","og_title":"\u00c9lection pr\u00e9sidentielle : Un pas d\u00e9cisif vers la consolidation de la d\u00e9mocratie - La Sentinelle","og_description":"L&rsquo;\u00e9lection pr\u00e9sidentielle du 7 septembre marque une \u00e9tape cruciale dans le renforcement du processus d\u00e9mocratique du pays. L&rsquo;\u00e9ditorial du dernier","og_url":"https:\/\/lasentinelle.dz\/index.php\/2024\/09\/12\/election-presidentielle-un-pas-decisif-vers-la-consolidation-de-la-democratie\/","og_site_name":"La Sentinelle","article_publisher":"https:\/\/www.facebook.com\/La-Sentinelle-104059864394773","article_published_time":"2024-09-12T17:41:01+00:00","article_modified_time":"2024-09-15T17:45:28+00:00","og_image":[{"width":280,"height":169,"url":"https:\/\/lasentinelle.dz\/wp-content\/uploads\/2024\/09\/el-djeich.jpg","type":"image\/jpeg"}],"author":"admin","twitter_card":"summary_large_image","twitter_misc":{"\u00c9crit par":"admin","Dur\u00e9e de lecture estim\u00e9e":"4 minutes"},"schema":{"@context":"https:\/\/schema.org","@graph":[{"@type":"Article","@id":"https:\/\/lasentinelle.dz\/index.php\/2024\/09\/12\/election-presidentielle-un-pas-decisif-vers-la-consolidation-de-la-democratie\/#article","isPartOf":{"@id":"https:\/\/lasentinelle.dz\/index.php\/2024\/09\/12\/election-presidentielle-un-pas-decisif-vers-la-consolidation-de-la-democratie\/"},"author":{"name":"admin","@id":"https:\/\/lasentinelle.dz\/#\/schema\/person\/729ee0024f24e0b8c5ec17232f8e8b41"},"headline":"\u00c9lection pr\u00e9sidentielle : Un pas d\u00e9cisif vers la consolidation de la d\u00e9mocratie","datePublished":"2024-09-12T17:41:01+00:00","dateModified":"2024-09-15T17:45:28+00:00","mainEntityOfPage":{"@id":"https:\/\/lasentinelle.dz\/index.php\/2024\/09\/12\/election-presidentielle-un-pas-decisif-vers-la-consolidation-de-la-democratie\/"},"wordCount":791,"commentCount":0,"publisher":{"@id":"https:\/\/lasentinelle.dz\/#organization"},"image":{"@id":"https:\/\/lasentinelle.dz\/index.php\/2024\/09\/12\/election-presidentielle-un-pas-decisif-vers-la-consolidation-de-la-democratie\/#primaryimage"},"thumbnailUrl":"https:\/\/lasentinelle.dz\/wp-content\/uploads\/2024\/09\/el-djeich.jpg","articleSection":["Pr\u00e9sidentielle 2024"],"inLanguage":"fr-FR","potentialAction":[{"@type":"CommentAction","name":"Comment","target":["https:\/\/lasentinelle.dz\/index.php\/2024\/09\/12\/election-presidentielle-un-pas-decisif-vers-la-consolidation-de-la-democratie\/#respond"]}]},{"@type":"WebPage","@id":"https:\/\/lasentinelle.dz\/index.php\/2024\/09\/12\/election-presidentielle-un-pas-decisif-vers-la-consolidation-de-la-democratie\/","url":"https:\/\/lasentinelle.dz\/index.php\/2024\/09\/12\/election-presidentielle-un-pas-decisif-vers-la-consolidation-de-la-democratie\/","name":"\u00c9lection pr\u00e9sidentielle : Un pas d\u00e9cisif vers la consolidation de la d\u00e9mocratie - La Sentinelle","isPartOf":{"@id":"https:\/\/lasentinelle.dz\/#website"},"primaryImageOfPage":{"@id":"https:\/\/lasentinelle.dz\/index.php\/2024\/09\/12\/election-presidentielle-un-pas-decisif-vers-la-consolidation-de-la-democratie\/#primaryimage"},"image":{"@id":"https:\/\/lasentinelle.dz\/index.php\/2024\/09\/12\/election-presidentielle-un-pas-decisif-vers-la-consolidation-de-la-democratie\/#primaryimage"},"thumbnailUrl":"https:\/\/lasentinelle.dz\/wp-content\/uploads\/2024\/09\/el-djeich.jpg","datePublished":"2024-09-12T17:41:01+00:00","dateModified":"2024-09-15T17:45:28+00:00","breadcrumb":{"@id":"https:\/\/lasentinelle.dz\/index.php\/2024\/09\/12\/election-presidentielle-un-pas-decisif-vers-la-consolidation-de-la-democratie\/#breadcrumb"},"inLanguage":"fr-FR","potentialAction":[{"@type":"ReadAction","target":["https:\/\/lasentinelle.dz\/index.php\/2024\/09\/12\/election-presidentielle-un-pas-decisif-vers-la-consolidation-de-la-democratie\/"]}]},{"@type":"ImageObject","inLanguage":"fr-FR","@id":"https:\/\/lasentinelle.dz\/index.php\/2024\/09\/12\/election-presidentielle-un-pas-decisif-vers-la-consolidation-de-la-democratie\/#primaryimage","url":"https:\/\/lasentinelle.dz\/wp-content\/uploads\/2024\/09\/el-djeich.jpg","contentUrl":"https:\/\/lasentinelle.dz\/wp-content\/uploads\/2024\/09\/el-djeich.jpg","width":280,"height":169},{"@type":"BreadcrumbList","@id":"https:\/\/lasentinelle.dz\/index.php\/2024\/09\/12\/election-presidentielle-un-pas-decisif-vers-la-consolidation-de-la-democratie\/#breadcrumb","itemListElement":[{"@type":"ListItem","position":1,"name":"Accueil","item":"https:\/\/lasentinelle.dz\/"},{"@type":"ListItem","position":2,"name":"\u00c9lection pr\u00e9sidentielle : Un pas d\u00e9cisif vers la consolidation de la d\u00e9mocratie"}]},{"@type":"WebSite","@id":"https:\/\/lasentinelle.dz\/#website","url":"https:\/\/lasentinelle.dz\/","name":"La Sentinelle","description":"Quotidien national d&#039;information","publisher":{"@id":"https:\/\/lasentinelle.dz\/#organization"},"potentialAction":[{"@type":"SearchAction","target":{"@type":"EntryPoint","urlTemplate":"https:\/\/lasentinelle.dz\/?s={search_term_string}"},"query-input":{"@type":"PropertyValueSpecification","valueRequired":true,"valueName":"search_term_string"}}],"inLanguage":"fr-FR"},{"@type":"Organization","@id":"https:\/\/lasentinelle.dz\/#organization","name":"Quotidien La Sentinelle","url":"https:\/\/lasentinelle.dz\/","logo":{"@type":"ImageObject","inLanguage":"fr-FR","@id":"https:\/\/lasentinelle.dz\/#\/schema\/logo\/image\/","url":"https:\/\/lasentinelle.dz\/wp-content\/uploads\/2021\/09\/logo-sentinelleSLOGAN-1.png","contentUrl":"https:\/\/lasentinelle.dz\/wp-content\/uploads\/2021\/09\/logo-sentinelleSLOGAN-1.png","width":615,"height":142,"caption":"Quotidien La Sentinelle"},"image":{"@id":"https:\/\/lasentinelle.dz\/#\/schema\/logo\/image\/"},"sameAs":["https:\/\/www.facebook.com\/La-Sentinelle-104059864394773"]},{"@type":"Person","@id":"https:\/\/lasentinelle.dz\/#\/schema\/person\/729ee0024f24e0b8c5ec17232f8e8b41","name":"admin","image":{"@type":"ImageObject","inLanguage":"fr-FR","@id":"https:\/\/secure.gravatar.com\/avatar\/4c81fed838786e9b53f540bf46533e750f5d292099ae3b66cfc6fb1982e29df7?s=96&d=mm&r=g","url":"https:\/\/secure.gravatar.com\/avatar\/4c81fed838786e9b53f540bf46533e750f5d292099ae3b66cfc6fb1982e29df7?s=96&d=mm&r=g","contentUrl":"https:\/\/secure.gravatar.com\/avatar\/4c81fed838786e9b53f540bf46533e750f5d292099ae3b66cfc6fb1982e29df7?s=96&d=mm&r=g","caption":"admin"},"description":"admin","url":"https:\/\/lasentinelle.dz\/author\/admin\/"}]}},"_links":{"self":[{"href":"https:\/\/lasentinelle.dz\/index.php\/wp-json\/wp\/v2\/posts\/56977","targetHints":{"allow":["GET"]}}],"collection":[{"href":"https:\/\/lasentinelle.dz\/index.php\/wp-json\/wp\/v2\/posts"}],"about":[{"href":"https:\/\/lasentinelle.dz\/index.php\/wp-json\/wp\/v2\/types\/post"}],"author":[{"embeddable":true,"href":"https:\/\/lasentinelle.dz\/index.php\/wp-json\/wp\/v2\/users\/6"}],"replies":[{"embeddable":true,"href":"https:\/\/lasentinelle.dz\/index.php\/wp-json\/wp\/v2\/comments?post=56977"}],"version-history":[{"count":1,"href":"https:\/\/lasentinelle.dz\/index.php\/wp-json\/wp\/v2\/posts\/56977\/revisions"}],"predecessor-version":[{"id":56979,"href":"https:\/\/lasentinelle.dz\/index.php\/wp-json\/wp\/v2\/posts\/56977\/revisions\/56979"}],"wp:featuredmedia":[{"embeddable":true,"href":"https:\/\/lasentinelle.dz\/index.php\/wp-json\/wp\/v2\/media\/56978"}],"wp:attachment":[{"href":"https:\/\/lasentinelle.dz\/index.php\/wp-json\/wp\/v2\/media?parent=56977"}],"wp:term":[{"taxonomy":"category","embeddable":true,"href":"https:\/\/lasentinelle.dz\/index.php\/wp-json\/wp\/v2\/categories?post=56977"},{"taxonomy":"post_tag","embeddable":true,"href":"https:\/\/lasentinelle.dz\/index.php\/wp-json\/wp\/v2\/tags?post=56977"}],"curies":[{"name":"wp","href":"https:\/\/api.w.org\/{rel}","templated":true}]}}