{"id":56995,"date":"2024-09-12T18:57:20","date_gmt":"2024-09-12T17:57:20","guid":{"rendered":"https:\/\/lasentinelle.dz\/?p=56995"},"modified":"2024-09-15T18:58:21","modified_gmt":"2024-09-15T17:58:21","slug":"macron-multiplie-les-appels-du-pied","status":"publish","type":"post","link":"https:\/\/lasentinelle.dz\/index.php\/2024\/09\/12\/macron-multiplie-les-appels-du-pied\/","title":{"rendered":"Macron multiplie les appels du pied&#8230;"},"content":{"rendered":"\n<p>La r\u00e9cente r\u00e9\u00e9lection du pr\u00e9sident Abdelmadjid Tebboune pour un second mandat \u00e0 la t\u00eate du pays a suscit\u00e9 une vague de r\u00e9actions diplomatiques, mettant en lumi\u00e8re la position strat\u00e9gique du pays sur la sc\u00e8ne internationale. Cette p\u00e9riode post-\u00e9lectorale est marqu\u00e9e par une intense activit\u00e9 diplomatique, refl\u00e9tant les enjeux g\u00e9opolitiques complexes auxquels l&rsquo;Alg\u00e9rie fait face.<\/p>\n\n\n\n<p>C&rsquo;est dans ce contexte le pr\u00e9sident de la R\u00e9publique a re\u00e7u hier l&rsquo;envoy\u00e9e sp\u00e9ciale et conseill\u00e8re Afrique du Nord et Moyen-Orient du pr\u00e9sident fran\u00e7ais Emmanuel Macron, Anne-Claire Legendre. \u00ab\u00a0Le pr\u00e9sident de la R\u00e9publique, M. Abdelmadjid Tebboune, a re\u00e7u, ce jour, Mme Anne-Claire Legendre, envoy\u00e9e sp\u00e9ciale et conseill\u00e8re Afrique du Nord et Moyen-Orient du pr\u00e9sident fran\u00e7ais, Emmanuel Macron, qui \u00e9tait porteuse d&rsquo;une lettre du pr\u00e9sident fran\u00e7ais \u00e0 Monsieur le pr\u00e9sident de la R\u00e9publique\u00a0\u00bb, indique un communiqu\u00e9 de la Pr\u00e9sidence de la R\u00e9publique. Lundi, Macron avait d\u00e9j\u00e0 adress\u00e9 lundi un massage de f\u00e9licitation au Pr\u00e9sident Tebboune suite \u00e0 sa r\u00e9\u00e9lection. Un message de f\u00e9licitation dans lequel Emmanuel Macron a indiqu\u00e9 que \u00ab\u00a0les relations avec l&rsquo;Alg\u00e9rie demeurent exceptionnelles dans tous les domaines, notamment la s\u00e9curit\u00e9 et la lutte contre le terrorisme\u00a0\u00bb. Il a ajout\u00e9 que \u00ab\u00a0le dialogue entre l&rsquo;Alg\u00e9rie et la France est primordial, notamment dans le contexte de la pr\u00e9sence de l&rsquo;Alg\u00e9rie au Conseil de s\u00e9curit\u00e9 des Nations unies\u00a0\u00bb. Apr\u00e8s avoir soulign\u00e9 que \u00ab\u00a0des liens d&rsquo;amiti\u00e9 forts unissent la France et l&rsquo;Alg\u00e9rie\u00a0\u00bb, le pr\u00e9sident fran\u00e7ais a dit qu&rsquo;il entendait \u00ab\u00a0poursuivre r\u00e9solument le travail ambitieux engag\u00e9 avec la D\u00e9claration d&rsquo;Alger pour renouveler le partenariat qui unit nos deux pays\u00a0\u00bb, conclut le communiqu\u00e9. Le pr\u00e9sident fran\u00e7ais affiche ainsi son d\u00e9sir de renouer le dialogue avec Alger au moment o\u00f9 les relations entre l&rsquo;Alg\u00e9rie et la France traversent un nouveau fois, provoqu\u00e9 par une \u00e9ni\u00e8me provocation de Paris qui a d\u00e9cid\u00e9 de soutenir le pseudo plan d&rsquo;autonomie marocain pour le Sahara occidental et par ricochet aux vis\u00e9es colonialistes et expansionnistes. Chose qui a conduit au rappel de l&rsquo;ambassadeur d&rsquo;Alg\u00e9rie en France le 31 juillet dernier. Il faut dire que la r\u00e9ponse alg\u00e9rienne \u00e0 la d\u00e9cision fran\u00e7aise a \u00e9t\u00e9 \u00ab\u00a0ferme, r\u00e9solue et tr\u00e8s pr\u00e9cise\u00a0\u00bb. Alger consid\u00e8re que la d\u00e9marche fran\u00e7aise sur le Sahara occidental ne peut contribuer \u00e0 la relance du processus politique et ne fait qu&rsquo;alimenter l&rsquo;impasse dans laquelle le plan d&rsquo;autonomie a plong\u00e9 la question sahraouie depuis plus de dix-sept ans.<\/p>\n\n\n\n<p>Renforcement des liens avec les pays du Golfe<\/p>\n\n\n\n<p>Sur un autre volet, l&rsquo;Alg\u00e9rie semble renforcer ses liens avec les pays du Golfe. Le pr\u00e9sident Tebboune a re\u00e7u hier une lettre de l&rsquo;\u00c9mir du Qatar, Cheikh Tamim ben Hamad Al Thani, remise par l&rsquo;ambassadeur qatari en Alg\u00e9rie. Cette d\u00e9marche t\u00e9moigne de l&rsquo;importance accord\u00e9e aux relations bilat\u00e9rales entre les deux pays. De m\u00eame, le prince h\u00e9ritier d&rsquo;Arabie saoudite, Mohammed ben Salmane, a personnellement appel\u00e9 le pr\u00e9sident Tebboune pour le f\u00e9liciter de sa r\u00e9\u00e9lection. Les deux dirigeants ont convenu de tenir prochainement une rencontre, soulignant la volont\u00e9 mutuelle de renforcer leurs liens diplomatiques et \u00e9conomiques.<\/p>\n\n\n\n<p>L&rsquo;Alg\u00e9rie a \u00e9galement re\u00e7u les f\u00e9licitations de l&rsquo;\u00c9tat du Kowe\u00eft. L&rsquo;ambassadeur kowe\u00eftien, Mohammad Al Shabou, a \u00e9t\u00e9 re\u00e7u par le pr\u00e9sident Tebboune dans le cadre d&rsquo;une visite d&rsquo;adieu au terme de sa mission. Cette rencontre a \u00e9t\u00e9 l&rsquo;occasion de r\u00e9affirmer les liens privil\u00e9gi\u00e9s entre l&rsquo;Alg\u00e9rie et le Kowe\u00eft, avec un appel au renforcement des relations \u00e9conomiques et commerciales.<\/p>\n\n\n\n<p>Sur le plan national, des figures importantes de la classe politique ont \u00e9galement exprim\u00e9 leur soutien au pr\u00e9sident r\u00e9\u00e9lu. Apr\u00e8s l&rsquo;ancien pr\u00e9sident Liamine Zeroual, l&rsquo;ancien ministre des Affaires \u00e9trang\u00e8res, Ahmed Taleb Ibrahimi, a personnellement appel\u00e9 Tebboune pour le f\u00e9liciter et lui souhaiter plein succ\u00e8s dans son nouveau mandat.<\/p>\n\n\n\n<p>Hocine Fadheli<\/p>\n","protected":false},"excerpt":{"rendered":"<p>La r\u00e9cente r\u00e9\u00e9lection du pr\u00e9sident Abdelmadjid Tebboune pour un second mandat \u00e0 la t\u00eate du pays a suscit\u00e9 une vague<\/p>\n","protected":false},"author":6,"featured_media":56996,"comment_status":"open","ping_status":"closed","sticky":false,"template":"","format":"standard","meta":{"colormag_page_container_layout":"default_layout","colormag_page_sidebar_layout":"default_layout","om_disable_all_campaigns":false,"_monsterinsights_skip_tracking":false,"_monsterinsights_sitenote_active":false,"_monsterinsights_sitenote_note":"","_monsterinsights_sitenote_category":0,"footnotes":"","_wpscppro_dont_share_socialmedia":false,"_wpscppro_custom_social_share_image":0,"_facebook_share_type":"default","_twitter_share_type":"default","_linkedin_share_type":"default","_pinterest_share_type":"default","_linkedin_share_type_page":"","_instagram_share_type":"default","_medium_share_type":"","_threads_share_type":"","_google_business_share_type":"","_selected_social_profile":[],"_wpsp_enable_custom_social_template":false,"_wpsp_social_scheduling":{"enabled":false,"datetime":null,"platforms":[],"status":"template_only","dateOption":"today","timeOption":"now","customDays":"","customHours":"","customDate":"","customTime":"","schedulingType":"absolute"},"_wpsp_active_default_template":true},"categories":[27],"tags":[],"class_list":["post-56995","post","type-post","status-publish","format-standard","has-post-thumbnail","hentry","category-actualite"],"aioseo_notices":[],"yoast_head":"<!-- This site is optimized with the Yoast SEO plugin v27.5 - https:\/\/yoast.com\/product\/yoast-seo-wordpress\/ -->\n<title>Macron multiplie les appels du pied&#8230; - La Sentinelle<\/title>\n<meta name=\"robots\" content=\"index, follow, max-snippet:-1, max-image-preview:large, max-video-preview:-1\" \/>\n<link rel=\"canonical\" href=\"https:\/\/lasentinelle.dz\/index.php\/2024\/09\/12\/macron-multiplie-les-appels-du-pied\/\" \/>\n<meta property=\"og:locale\" content=\"fr_FR\" \/>\n<meta property=\"og:type\" content=\"article\" \/>\n<meta property=\"og:title\" content=\"Macron multiplie les appels du pied&#8230; - La Sentinelle\" \/>\n<meta property=\"og:description\" content=\"La r\u00e9cente r\u00e9\u00e9lection du pr\u00e9sident Abdelmadjid Tebboune pour un second mandat \u00e0 la t\u00eate du pays a suscit\u00e9 une vague\" \/>\n<meta property=\"og:url\" content=\"https:\/\/lasentinelle.dz\/index.php\/2024\/09\/12\/macron-multiplie-les-appels-du-pied\/\" \/>\n<meta property=\"og:site_name\" content=\"La Sentinelle\" \/>\n<meta property=\"article:publisher\" content=\"https:\/\/www.facebook.com\/La-Sentinelle-104059864394773\" \/>\n<meta property=\"article:published_time\" content=\"2024-09-12T17:57:20+00:00\" \/>\n<meta property=\"article:modified_time\" content=\"2024-09-15T17:58:21+00:00\" \/>\n<meta property=\"og:image\" content=\"https:\/\/lasentinelle.dz\/wp-content\/uploads\/2024\/09\/Tebboune-le-gendre.jpg\" \/>\n\t<meta property=\"og:image:width\" content=\"1920\" \/>\n\t<meta property=\"og:image:height\" content=\"1080\" \/>\n\t<meta property=\"og:image:type\" content=\"image\/jpeg\" \/>\n<meta name=\"author\" content=\"admin\" \/>\n<meta name=\"twitter:card\" content=\"summary_large_image\" \/>\n<meta name=\"twitter:label1\" content=\"\u00c9crit par\" \/>\n\t<meta name=\"twitter:data1\" content=\"admin\" \/>\n\t<meta name=\"twitter:label2\" content=\"Dur\u00e9e de lecture estim\u00e9e\" \/>\n\t<meta name=\"twitter:data2\" content=\"4 minutes\" \/>\n<script type=\"application\/ld+json\" class=\"yoast-schema-graph\">{\"@context\":\"https:\\\/\\\/schema.org\",\"@graph\":[{\"@type\":\"Article\",\"@id\":\"https:\\\/\\\/lasentinelle.dz\\\/index.php\\\/2024\\\/09\\\/12\\\/macron-multiplie-les-appels-du-pied\\\/#article\",\"isPartOf\":{\"@id\":\"https:\\\/\\\/lasentinelle.dz\\\/index.php\\\/2024\\\/09\\\/12\\\/macron-multiplie-les-appels-du-pied\\\/\"},\"author\":{\"name\":\"admin\",\"@id\":\"https:\\\/\\\/lasentinelle.dz\\\/#\\\/schema\\\/person\\\/729ee0024f24e0b8c5ec17232f8e8b41\"},\"headline\":\"Macron multiplie les appels du pied&#8230;\",\"datePublished\":\"2024-09-12T17:57:20+00:00\",\"dateModified\":\"2024-09-15T17:58:21+00:00\",\"mainEntityOfPage\":{\"@id\":\"https:\\\/\\\/lasentinelle.dz\\\/index.php\\\/2024\\\/09\\\/12\\\/macron-multiplie-les-appels-du-pied\\\/\"},\"wordCount\":726,\"commentCount\":0,\"publisher\":{\"@id\":\"https:\\\/\\\/lasentinelle.dz\\\/#organization\"},\"image\":{\"@id\":\"https:\\\/\\\/lasentinelle.dz\\\/index.php\\\/2024\\\/09\\\/12\\\/macron-multiplie-les-appels-du-pied\\\/#primaryimage\"},\"thumbnailUrl\":\"https:\\\/\\\/lasentinelle.dz\\\/wp-content\\\/uploads\\\/2024\\\/09\\\/Tebboune-le-gendre.jpg\",\"articleSection\":[\"Actualit\u00e9\"],\"inLanguage\":\"fr-FR\",\"potentialAction\":[{\"@type\":\"CommentAction\",\"name\":\"Comment\",\"target\":[\"https:\\\/\\\/lasentinelle.dz\\\/index.php\\\/2024\\\/09\\\/12\\\/macron-multiplie-les-appels-du-pied\\\/#respond\"]}]},{\"@type\":\"WebPage\",\"@id\":\"https:\\\/\\\/lasentinelle.dz\\\/index.php\\\/2024\\\/09\\\/12\\\/macron-multiplie-les-appels-du-pied\\\/\",\"url\":\"https:\\\/\\\/lasentinelle.dz\\\/index.php\\\/2024\\\/09\\\/12\\\/macron-multiplie-les-appels-du-pied\\\/\",\"name\":\"Macron multiplie les appels du pied&#8230; - La Sentinelle\",\"isPartOf\":{\"@id\":\"https:\\\/\\\/lasentinelle.dz\\\/#website\"},\"primaryImageOfPage\":{\"@id\":\"https:\\\/\\\/lasentinelle.dz\\\/index.php\\\/2024\\\/09\\\/12\\\/macron-multiplie-les-appels-du-pied\\\/#primaryimage\"},\"image\":{\"@id\":\"https:\\\/\\\/lasentinelle.dz\\\/index.php\\\/2024\\\/09\\\/12\\\/macron-multiplie-les-appels-du-pied\\\/#primaryimage\"},\"thumbnailUrl\":\"https:\\\/\\\/lasentinelle.dz\\\/wp-content\\\/uploads\\\/2024\\\/09\\\/Tebboune-le-gendre.jpg\",\"datePublished\":\"2024-09-12T17:57:20+00:00\",\"dateModified\":\"2024-09-15T17:58:21+00:00\",\"breadcrumb\":{\"@id\":\"https:\\\/\\\/lasentinelle.dz\\\/index.php\\\/2024\\\/09\\\/12\\\/macron-multiplie-les-appels-du-pied\\\/#breadcrumb\"},\"inLanguage\":\"fr-FR\",\"potentialAction\":[{\"@type\":\"ReadAction\",\"target\":[\"https:\\\/\\\/lasentinelle.dz\\\/index.php\\\/2024\\\/09\\\/12\\\/macron-multiplie-les-appels-du-pied\\\/\"]}]},{\"@type\":\"ImageObject\",\"inLanguage\":\"fr-FR\",\"@id\":\"https:\\\/\\\/lasentinelle.dz\\\/index.php\\\/2024\\\/09\\\/12\\\/macron-multiplie-les-appels-du-pied\\\/#primaryimage\",\"url\":\"https:\\\/\\\/lasentinelle.dz\\\/wp-content\\\/uploads\\\/2024\\\/09\\\/Tebboune-le-gendre.jpg\",\"contentUrl\":\"https:\\\/\\\/lasentinelle.dz\\\/wp-content\\\/uploads\\\/2024\\\/09\\\/Tebboune-le-gendre.jpg\",\"width\":1920,\"height\":1080},{\"@type\":\"BreadcrumbList\",\"@id\":\"https:\\\/\\\/lasentinelle.dz\\\/index.php\\\/2024\\\/09\\\/12\\\/macron-multiplie-les-appels-du-pied\\\/#breadcrumb\",\"itemListElement\":[{\"@type\":\"ListItem\",\"position\":1,\"name\":\"Accueil\",\"item\":\"https:\\\/\\\/lasentinelle.dz\\\/\"},{\"@type\":\"ListItem\",\"position\":2,\"name\":\"Macron multiplie les appels du pied&#8230;\"}]},{\"@type\":\"WebSite\",\"@id\":\"https:\\\/\\\/lasentinelle.dz\\\/#website\",\"url\":\"https:\\\/\\\/lasentinelle.dz\\\/\",\"name\":\"La Sentinelle\",\"description\":\"Quotidien national d&#039;information\",\"publisher\":{\"@id\":\"https:\\\/\\\/lasentinelle.dz\\\/#organization\"},\"potentialAction\":[{\"@type\":\"SearchAction\",\"target\":{\"@type\":\"EntryPoint\",\"urlTemplate\":\"https:\\\/\\\/lasentinelle.dz\\\/?s={search_term_string}\"},\"query-input\":{\"@type\":\"PropertyValueSpecification\",\"valueRequired\":true,\"valueName\":\"search_term_string\"}}],\"inLanguage\":\"fr-FR\"},{\"@type\":\"Organization\",\"@id\":\"https:\\\/\\\/lasentinelle.dz\\\/#organization\",\"name\":\"Quotidien La Sentinelle\",\"url\":\"https:\\\/\\\/lasentinelle.dz\\\/\",\"logo\":{\"@type\":\"ImageObject\",\"inLanguage\":\"fr-FR\",\"@id\":\"https:\\\/\\\/lasentinelle.dz\\\/#\\\/schema\\\/logo\\\/image\\\/\",\"url\":\"https:\\\/\\\/lasentinelle.dz\\\/wp-content\\\/uploads\\\/2021\\\/09\\\/logo-sentinelleSLOGAN-1.png\",\"contentUrl\":\"https:\\\/\\\/lasentinelle.dz\\\/wp-content\\\/uploads\\\/2021\\\/09\\\/logo-sentinelleSLOGAN-1.png\",\"width\":615,\"height\":142,\"caption\":\"Quotidien La Sentinelle\"},\"image\":{\"@id\":\"https:\\\/\\\/lasentinelle.dz\\\/#\\\/schema\\\/logo\\\/image\\\/\"},\"sameAs\":[\"https:\\\/\\\/www.facebook.com\\\/La-Sentinelle-104059864394773\"]},{\"@type\":\"Person\",\"@id\":\"https:\\\/\\\/lasentinelle.dz\\\/#\\\/schema\\\/person\\\/729ee0024f24e0b8c5ec17232f8e8b41\",\"name\":\"admin\",\"image\":{\"@type\":\"ImageObject\",\"inLanguage\":\"fr-FR\",\"@id\":\"https:\\\/\\\/secure.gravatar.com\\\/avatar\\\/4c81fed838786e9b53f540bf46533e750f5d292099ae3b66cfc6fb1982e29df7?s=96&d=mm&r=g\",\"url\":\"https:\\\/\\\/secure.gravatar.com\\\/avatar\\\/4c81fed838786e9b53f540bf46533e750f5d292099ae3b66cfc6fb1982e29df7?s=96&d=mm&r=g\",\"contentUrl\":\"https:\\\/\\\/secure.gravatar.com\\\/avatar\\\/4c81fed838786e9b53f540bf46533e750f5d292099ae3b66cfc6fb1982e29df7?s=96&d=mm&r=g\",\"caption\":\"admin\"},\"description\":\"admin\",\"url\":\"https:\\\/\\\/lasentinelle.dz\\\/author\\\/admin\\\/\"}]}<\/script>\n<!-- \/ Yoast SEO plugin. -->","yoast_head_json":{"title":"Macron multiplie les appels du pied&#8230; - La Sentinelle","robots":{"index":"index","follow":"follow","max-snippet":"max-snippet:-1","max-image-preview":"max-image-preview:large","max-video-preview":"max-video-preview:-1"},"canonical":"https:\/\/lasentinelle.dz\/index.php\/2024\/09\/12\/macron-multiplie-les-appels-du-pied\/","og_locale":"fr_FR","og_type":"article","og_title":"Macron multiplie les appels du pied&#8230; - La Sentinelle","og_description":"La r\u00e9cente r\u00e9\u00e9lection du pr\u00e9sident Abdelmadjid Tebboune pour un second mandat \u00e0 la t\u00eate du pays a suscit\u00e9 une vague","og_url":"https:\/\/lasentinelle.dz\/index.php\/2024\/09\/12\/macron-multiplie-les-appels-du-pied\/","og_site_name":"La Sentinelle","article_publisher":"https:\/\/www.facebook.com\/La-Sentinelle-104059864394773","article_published_time":"2024-09-12T17:57:20+00:00","article_modified_time":"2024-09-15T17:58:21+00:00","og_image":[{"width":1920,"height":1080,"url":"https:\/\/lasentinelle.dz\/wp-content\/uploads\/2024\/09\/Tebboune-le-gendre.jpg","type":"image\/jpeg"}],"author":"admin","twitter_card":"summary_large_image","twitter_misc":{"\u00c9crit par":"admin","Dur\u00e9e de lecture estim\u00e9e":"4 minutes"},"schema":{"@context":"https:\/\/schema.org","@graph":[{"@type":"Article","@id":"https:\/\/lasentinelle.dz\/index.php\/2024\/09\/12\/macron-multiplie-les-appels-du-pied\/#article","isPartOf":{"@id":"https:\/\/lasentinelle.dz\/index.php\/2024\/09\/12\/macron-multiplie-les-appels-du-pied\/"},"author":{"name":"admin","@id":"https:\/\/lasentinelle.dz\/#\/schema\/person\/729ee0024f24e0b8c5ec17232f8e8b41"},"headline":"Macron multiplie les appels du pied&#8230;","datePublished":"2024-09-12T17:57:20+00:00","dateModified":"2024-09-15T17:58:21+00:00","mainEntityOfPage":{"@id":"https:\/\/lasentinelle.dz\/index.php\/2024\/09\/12\/macron-multiplie-les-appels-du-pied\/"},"wordCount":726,"commentCount":0,"publisher":{"@id":"https:\/\/lasentinelle.dz\/#organization"},"image":{"@id":"https:\/\/lasentinelle.dz\/index.php\/2024\/09\/12\/macron-multiplie-les-appels-du-pied\/#primaryimage"},"thumbnailUrl":"https:\/\/lasentinelle.dz\/wp-content\/uploads\/2024\/09\/Tebboune-le-gendre.jpg","articleSection":["Actualit\u00e9"],"inLanguage":"fr-FR","potentialAction":[{"@type":"CommentAction","name":"Comment","target":["https:\/\/lasentinelle.dz\/index.php\/2024\/09\/12\/macron-multiplie-les-appels-du-pied\/#respond"]}]},{"@type":"WebPage","@id":"https:\/\/lasentinelle.dz\/index.php\/2024\/09\/12\/macron-multiplie-les-appels-du-pied\/","url":"https:\/\/lasentinelle.dz\/index.php\/2024\/09\/12\/macron-multiplie-les-appels-du-pied\/","name":"Macron multiplie les appels du pied&#8230; - La Sentinelle","isPartOf":{"@id":"https:\/\/lasentinelle.dz\/#website"},"primaryImageOfPage":{"@id":"https:\/\/lasentinelle.dz\/index.php\/2024\/09\/12\/macron-multiplie-les-appels-du-pied\/#primaryimage"},"image":{"@id":"https:\/\/lasentinelle.dz\/index.php\/2024\/09\/12\/macron-multiplie-les-appels-du-pied\/#primaryimage"},"thumbnailUrl":"https:\/\/lasentinelle.dz\/wp-content\/uploads\/2024\/09\/Tebboune-le-gendre.jpg","datePublished":"2024-09-12T17:57:20+00:00","dateModified":"2024-09-15T17:58:21+00:00","breadcrumb":{"@id":"https:\/\/lasentinelle.dz\/index.php\/2024\/09\/12\/macron-multiplie-les-appels-du-pied\/#breadcrumb"},"inLanguage":"fr-FR","potentialAction":[{"@type":"ReadAction","target":["https:\/\/lasentinelle.dz\/index.php\/2024\/09\/12\/macron-multiplie-les-appels-du-pied\/"]}]},{"@type":"ImageObject","inLanguage":"fr-FR","@id":"https:\/\/lasentinelle.dz\/index.php\/2024\/09\/12\/macron-multiplie-les-appels-du-pied\/#primaryimage","url":"https:\/\/lasentinelle.dz\/wp-content\/uploads\/2024\/09\/Tebboune-le-gendre.jpg","contentUrl":"https:\/\/lasentinelle.dz\/wp-content\/uploads\/2024\/09\/Tebboune-le-gendre.jpg","width":1920,"height":1080},{"@type":"BreadcrumbList","@id":"https:\/\/lasentinelle.dz\/index.php\/2024\/09\/12\/macron-multiplie-les-appels-du-pied\/#breadcrumb","itemListElement":[{"@type":"ListItem","position":1,"name":"Accueil","item":"https:\/\/lasentinelle.dz\/"},{"@type":"ListItem","position":2,"name":"Macron multiplie les appels du pied&#8230;"}]},{"@type":"WebSite","@id":"https:\/\/lasentinelle.dz\/#website","url":"https:\/\/lasentinelle.dz\/","name":"La Sentinelle","description":"Quotidien national d&#039;information","publisher":{"@id":"https:\/\/lasentinelle.dz\/#organization"},"potentialAction":[{"@type":"SearchAction","target":{"@type":"EntryPoint","urlTemplate":"https:\/\/lasentinelle.dz\/?s={search_term_string}"},"query-input":{"@type":"PropertyValueSpecification","valueRequired":true,"valueName":"search_term_string"}}],"inLanguage":"fr-FR"},{"@type":"Organization","@id":"https:\/\/lasentinelle.dz\/#organization","name":"Quotidien La Sentinelle","url":"https:\/\/lasentinelle.dz\/","logo":{"@type":"ImageObject","inLanguage":"fr-FR","@id":"https:\/\/lasentinelle.dz\/#\/schema\/logo\/image\/","url":"https:\/\/lasentinelle.dz\/wp-content\/uploads\/2021\/09\/logo-sentinelleSLOGAN-1.png","contentUrl":"https:\/\/lasentinelle.dz\/wp-content\/uploads\/2021\/09\/logo-sentinelleSLOGAN-1.png","width":615,"height":142,"caption":"Quotidien La Sentinelle"},"image":{"@id":"https:\/\/lasentinelle.dz\/#\/schema\/logo\/image\/"},"sameAs":["https:\/\/www.facebook.com\/La-Sentinelle-104059864394773"]},{"@type":"Person","@id":"https:\/\/lasentinelle.dz\/#\/schema\/person\/729ee0024f24e0b8c5ec17232f8e8b41","name":"admin","image":{"@type":"ImageObject","inLanguage":"fr-FR","@id":"https:\/\/secure.gravatar.com\/avatar\/4c81fed838786e9b53f540bf46533e750f5d292099ae3b66cfc6fb1982e29df7?s=96&d=mm&r=g","url":"https:\/\/secure.gravatar.com\/avatar\/4c81fed838786e9b53f540bf46533e750f5d292099ae3b66cfc6fb1982e29df7?s=96&d=mm&r=g","contentUrl":"https:\/\/secure.gravatar.com\/avatar\/4c81fed838786e9b53f540bf46533e750f5d292099ae3b66cfc6fb1982e29df7?s=96&d=mm&r=g","caption":"admin"},"description":"admin","url":"https:\/\/lasentinelle.dz\/author\/admin\/"}]}},"_links":{"self":[{"href":"https:\/\/lasentinelle.dz\/index.php\/wp-json\/wp\/v2\/posts\/56995","targetHints":{"allow":["GET"]}}],"collection":[{"href":"https:\/\/lasentinelle.dz\/index.php\/wp-json\/wp\/v2\/posts"}],"about":[{"href":"https:\/\/lasentinelle.dz\/index.php\/wp-json\/wp\/v2\/types\/post"}],"author":[{"embeddable":true,"href":"https:\/\/lasentinelle.dz\/index.php\/wp-json\/wp\/v2\/users\/6"}],"replies":[{"embeddable":true,"href":"https:\/\/lasentinelle.dz\/index.php\/wp-json\/wp\/v2\/comments?post=56995"}],"version-history":[{"count":2,"href":"https:\/\/lasentinelle.dz\/index.php\/wp-json\/wp\/v2\/posts\/56995\/revisions"}],"predecessor-version":[{"id":56998,"href":"https:\/\/lasentinelle.dz\/index.php\/wp-json\/wp\/v2\/posts\/56995\/revisions\/56998"}],"wp:featuredmedia":[{"embeddable":true,"href":"https:\/\/lasentinelle.dz\/index.php\/wp-json\/wp\/v2\/media\/56996"}],"wp:attachment":[{"href":"https:\/\/lasentinelle.dz\/index.php\/wp-json\/wp\/v2\/media?parent=56995"}],"wp:term":[{"taxonomy":"category","embeddable":true,"href":"https:\/\/lasentinelle.dz\/index.php\/wp-json\/wp\/v2\/categories?post=56995"},{"taxonomy":"post_tag","embeddable":true,"href":"https:\/\/lasentinelle.dz\/index.php\/wp-json\/wp\/v2\/tags?post=56995"}],"curies":[{"name":"wp","href":"https:\/\/api.w.org\/{rel}","templated":true}]}}