{"id":56999,"date":"2024-09-12T18:58:38","date_gmt":"2024-09-12T17:58:38","guid":{"rendered":"https:\/\/lasentinelle.dz\/?p=56999"},"modified":"2024-09-15T18:59:26","modified_gmt":"2024-09-15T17:59:26","slug":"une-prise-en-charge-immediate-des-sinistres","status":"publish","type":"post","link":"https:\/\/lasentinelle.dz\/index.php\/2024\/09\/12\/une-prise-en-charge-immediate-des-sinistres\/","title":{"rendered":"Une prise en charge imm\u00e9diate des sinistr\u00e9s"},"content":{"rendered":"\n<p>Le Premier ministre, Mohamed Nadir Larbaoui a pr\u00e9sid\u00e9, hier \u00e0 Alger, une r\u00e9union du Gouvernement, consacr\u00e9e \u00e0 l\u2019examen de plusieurs dossiers notamment au suivi des mesures d\u2019urgences prises pour le recensement des citoyens sinistr\u00e9s et des pertes caus\u00e9s par les derni\u00e8res inondations ayant touch\u00e9es plusieurs wilayas du sud dont B\u00e9char, N\u00e2ama, El Bayadh et Tamanrasset.<\/p>\n\n\n\n<p>Ainsi, le ministre de l\u2019Int\u00e9rieur, des Collectivit\u00e9s locales et de l\u2019Am\u00e9nagement du territoire, Brahim Merad a pr\u00e9sent\u00e9 un expos\u00e9 d\u00e9taill\u00e9 sur la situation dans ces wilayas et les diff\u00e9rentes mesures d\u2019urgences lors de la visite qu\u2019il effectu\u00e9e, lundi, en compagnie de la ministre de la Solidarit\u00e9 nationale, Kaouther Krikou et du ministre des Travaux publics, Lakhdar Rakhroukh dans les wilayas de Bechar et de N\u00e2ama. Rappelons que le ministre de l\u2019Int\u00e9rieur, des Collectivit\u00e9s Locales et de l\u2019Am\u00e9nagement du Territoire, Brahim Merad, a pr\u00e9sid\u00e9 une r\u00e9union d\u2019urgence sur les d\u00e9g\u00e2ts occasionn\u00e9s par les r\u00e9centes intemp\u00e9ries, dans la wilaya de B\u00e9char pour coordonner la gestion des dommages et le soutien aux personnes touch\u00e9es, soulignant l\u2019imp\u00e9ratif d\u2019envoyer imm\u00e9diatement \u00ab des \u00e9quipes pour recenser les citoyens affect\u00e9s par les fortes pr\u00e9cipitations et \u00e9valuer les d\u00e9g\u00e2ts mat\u00e9riels. Il a exhort\u00e9 les parties concern\u00e9es \u00e0 agir avec c\u00e9l\u00e9rit\u00e9 pour normaliser la situation. Il a requis l\u2019\u00e9vacuation et l\u2019h\u00e9bergement des familles impact\u00e9es temporairement dans des sites prot\u00e9g\u00e9s, le temps d\u2019\u00e9carter tout danger sur leurs vies.<\/p>\n\n\n\n<p>Ceci dit, le Premier ministre a insist\u00e9 lors de la r\u00e9union du Gouvernement tenue, hier, sur la prise en charge imm\u00e9diate des familles sinistr\u00e9es, l\u2019indemnisation des pertes, la restauration et la r\u00e9habilitation du r\u00e9seau routier et des \u00e9quipements publics endommag\u00e9s en pr\u00e9vision de la rentr\u00e9e scolaire et universitaire, ainsi que la garantie de la disponibilit\u00e9 des mati\u00e8res et produits de base dans les wilayas sinistr\u00e9es, selon le communiqu\u00e9 des services du Premier ministre.<\/p>\n\n\n\n<p>La m\u00eame source pr\u00e9cise que le Premier ministre, M. Nadir Larbaoui, a pr\u00e9sid\u00e9 une r\u00e9union du Gouvernement \u00ab\u00a0consacr\u00e9e notamment \u00e0 l&rsquo;examen des mesures prises concernant le parach\u00e8vement, sous le sceau de l&rsquo;urgence, de l&rsquo;op\u00e9ration de recensement des pertes et des d\u00e9g\u00e2ts occasionn\u00e9s par les inondations survenues dans plusieurs wilayas du pays, avec la prise en charge imm\u00e9diate des familles impact\u00e9es, l&rsquo;indemnisation des pertes, la restauration et la r\u00e9habilitation du r\u00e9seau routier et des services publics endommag\u00e9s, ainsi que l\u2019ex\u00e9cution des travaux de r\u00e9paration en toute urgence, en pr\u00e9vision de la rentr\u00e9e scolaire et universitaire, tout en garantissant la disponibilit\u00e9 des mat\u00e9riaux et des produits de base au niveau des wilayas touch\u00e9es\u00a0\u00bb.<\/p>\n\n\n\n<p>Selon la m\u00eame source, le Gouvernement a proc\u00e9d\u00e9 \u00e0 l\u2019\u00e9vacuation et \u00e0 l\u2019h\u00e9bergement temporaire de toutes les familles touch\u00e9es, en les mettant \u00e0 l\u2019abri de tout risque, et en r\u00e9pondant imm\u00e9diatement \u00e0 leurs besoins.<\/p>\n\n\n\n<p>Sur un autre volet, le gouvernement a achev\u00e9 l\u2019\u00e9tude de l\u2019avant-projet de loi portant r\u00e8glement budg\u00e9taire de l\u2019ann\u00e9e \u00e9coul\u00e9e, qu\u2019il a examin\u00e9 lors de sa r\u00e9union du 7 ao\u00fbt 2024, et ce conform\u00e9ment aux dispositions de la loi organique relative aux lois de finances.<\/p>\n\n\n\n<p>Le gouvernement a, \u00e9galement, suivi un expos\u00e9 sur la mise en \u0153uvre de la strat\u00e9gie, dans ses diff\u00e9rentes dimensions, visant \u00e0 am\u00e9liorer la gestion des ports afin de r\u00e9duire les d\u00e9lais de passage portuaire des marchandises import\u00e9es, et ce en application des d\u00e9cisions du Conseil des ministres, tenu le 2 juin 2024, lors duquel le Pr\u00e9sident de la R\u00e9publique Abdelmadjid Tebboune a charg\u00e9 le gouvernement de concevoir une approche exhaustive pour une nouvelle strat\u00e9gie de gestion portuaire, \u00e0 soumettre en Conseil des ministres dans les meilleurs d\u00e9lais.<\/p>\n\n\n\n<p>Enfin, le gouvernement a examin\u00e9 un projet de d\u00e9cret ex\u00e9cutif modifiant et compl\u00e9tant le d\u00e9cret ex\u00e9cutif n\u00b0 04\/381 du 28 novembre 2004 d\u00e9finissant les r\u00e8gles de la circulation routi\u00e8re, qui vise \u00e0 introduire plusieurs mesures pour am\u00e9liorer la s\u00e9curit\u00e9 routi\u00e8re, renforcer la s\u00e9curit\u00e9 des personnes et des biens, ainsi que faciliter les proc\u00e9dures administratives pour les ressortissants alg\u00e9riens r\u00e9sidant \u00e0 l\u2019\u00e9tranger.<\/p>\n\n\n\n<p><strong>Hakim Aomar<\/strong><\/p>\n","protected":false},"excerpt":{"rendered":"<p>Le Premier ministre, Mohamed Nadir Larbaoui a pr\u00e9sid\u00e9, hier \u00e0 Alger, une r\u00e9union du Gouvernement, consacr\u00e9e \u00e0 l\u2019examen de plusieurs<\/p>\n","protected":false},"author":6,"featured_media":57000,"comment_status":"open","ping_status":"closed","sticky":false,"template":"","format":"standard","meta":{"colormag_page_container_layout":"default_layout","colormag_page_sidebar_layout":"default_layout","om_disable_all_campaigns":false,"_monsterinsights_skip_tracking":false,"_monsterinsights_sitenote_active":false,"_monsterinsights_sitenote_note":"","_monsterinsights_sitenote_category":0,"footnotes":"","_wpscppro_dont_share_socialmedia":false,"_wpscppro_custom_social_share_image":0,"_facebook_share_type":"default","_twitter_share_type":"default","_linkedin_share_type":"default","_pinterest_share_type":"default","_linkedin_share_type_page":"","_instagram_share_type":"default","_medium_share_type":"","_threads_share_type":"","_google_business_share_type":"","_selected_social_profile":[],"_wpsp_enable_custom_social_template":false,"_wpsp_social_scheduling":{"enabled":false,"datetime":null,"platforms":[],"status":"template_only","dateOption":"today","timeOption":"now","customDays":"","customHours":"","customDate":"","customTime":"","schedulingType":"absolute"},"_wpsp_active_default_template":true},"categories":[27],"tags":[],"class_list":["post-56999","post","type-post","status-publish","format-standard","has-post-thumbnail","hentry","category-actualite"],"aioseo_notices":[],"yoast_head":"<!-- This site is optimized with the Yoast SEO plugin v27.5 - https:\/\/yoast.com\/product\/yoast-seo-wordpress\/ -->\n<title>Une prise en charge imm\u00e9diate des sinistr\u00e9s - La Sentinelle<\/title>\n<meta name=\"robots\" content=\"index, follow, max-snippet:-1, max-image-preview:large, max-video-preview:-1\" \/>\n<link rel=\"canonical\" href=\"https:\/\/lasentinelle.dz\/index.php\/2024\/09\/12\/une-prise-en-charge-immediate-des-sinistres\/\" \/>\n<meta property=\"og:locale\" content=\"fr_FR\" \/>\n<meta property=\"og:type\" content=\"article\" \/>\n<meta property=\"og:title\" content=\"Une prise en charge imm\u00e9diate des sinistr\u00e9s - La Sentinelle\" \/>\n<meta property=\"og:description\" content=\"Le Premier ministre, Mohamed Nadir Larbaoui a pr\u00e9sid\u00e9, hier \u00e0 Alger, une r\u00e9union du Gouvernement, consacr\u00e9e \u00e0 l\u2019examen de plusieurs\" \/>\n<meta property=\"og:url\" content=\"https:\/\/lasentinelle.dz\/index.php\/2024\/09\/12\/une-prise-en-charge-immediate-des-sinistres\/\" \/>\n<meta property=\"og:site_name\" content=\"La Sentinelle\" \/>\n<meta property=\"article:publisher\" content=\"https:\/\/www.facebook.com\/La-Sentinelle-104059864394773\" \/>\n<meta property=\"article:published_time\" content=\"2024-09-12T17:58:38+00:00\" \/>\n<meta property=\"article:modified_time\" content=\"2024-09-15T17:59:26+00:00\" \/>\n<meta property=\"og:image\" content=\"https:\/\/lasentinelle.dz\/wp-content\/uploads\/2024\/09\/intemperes.jpg\" \/>\n\t<meta property=\"og:image:width\" content=\"1080\" \/>\n\t<meta property=\"og:image:height\" content=\"720\" \/>\n\t<meta property=\"og:image:type\" content=\"image\/jpeg\" \/>\n<meta name=\"author\" content=\"admin\" \/>\n<meta name=\"twitter:card\" content=\"summary_large_image\" \/>\n<meta name=\"twitter:label1\" content=\"\u00c9crit par\" \/>\n\t<meta name=\"twitter:data1\" content=\"admin\" \/>\n\t<meta name=\"twitter:label2\" content=\"Dur\u00e9e de lecture estim\u00e9e\" \/>\n\t<meta name=\"twitter:data2\" content=\"4 minutes\" \/>\n<script type=\"application\/ld+json\" class=\"yoast-schema-graph\">{\"@context\":\"https:\\\/\\\/schema.org\",\"@graph\":[{\"@type\":\"Article\",\"@id\":\"https:\\\/\\\/lasentinelle.dz\\\/index.php\\\/2024\\\/09\\\/12\\\/une-prise-en-charge-immediate-des-sinistres\\\/#article\",\"isPartOf\":{\"@id\":\"https:\\\/\\\/lasentinelle.dz\\\/index.php\\\/2024\\\/09\\\/12\\\/une-prise-en-charge-immediate-des-sinistres\\\/\"},\"author\":{\"name\":\"admin\",\"@id\":\"https:\\\/\\\/lasentinelle.dz\\\/#\\\/schema\\\/person\\\/729ee0024f24e0b8c5ec17232f8e8b41\"},\"headline\":\"Une prise en charge imm\u00e9diate des sinistr\u00e9s\",\"datePublished\":\"2024-09-12T17:58:38+00:00\",\"dateModified\":\"2024-09-15T17:59:26+00:00\",\"mainEntityOfPage\":{\"@id\":\"https:\\\/\\\/lasentinelle.dz\\\/index.php\\\/2024\\\/09\\\/12\\\/une-prise-en-charge-immediate-des-sinistres\\\/\"},\"wordCount\":765,\"commentCount\":0,\"publisher\":{\"@id\":\"https:\\\/\\\/lasentinelle.dz\\\/#organization\"},\"image\":{\"@id\":\"https:\\\/\\\/lasentinelle.dz\\\/index.php\\\/2024\\\/09\\\/12\\\/une-prise-en-charge-immediate-des-sinistres\\\/#primaryimage\"},\"thumbnailUrl\":\"https:\\\/\\\/lasentinelle.dz\\\/wp-content\\\/uploads\\\/2024\\\/09\\\/intemperes.jpg\",\"articleSection\":[\"Actualit\u00e9\"],\"inLanguage\":\"fr-FR\",\"potentialAction\":[{\"@type\":\"CommentAction\",\"name\":\"Comment\",\"target\":[\"https:\\\/\\\/lasentinelle.dz\\\/index.php\\\/2024\\\/09\\\/12\\\/une-prise-en-charge-immediate-des-sinistres\\\/#respond\"]}]},{\"@type\":\"WebPage\",\"@id\":\"https:\\\/\\\/lasentinelle.dz\\\/index.php\\\/2024\\\/09\\\/12\\\/une-prise-en-charge-immediate-des-sinistres\\\/\",\"url\":\"https:\\\/\\\/lasentinelle.dz\\\/index.php\\\/2024\\\/09\\\/12\\\/une-prise-en-charge-immediate-des-sinistres\\\/\",\"name\":\"Une prise en charge imm\u00e9diate des sinistr\u00e9s - La Sentinelle\",\"isPartOf\":{\"@id\":\"https:\\\/\\\/lasentinelle.dz\\\/#website\"},\"primaryImageOfPage\":{\"@id\":\"https:\\\/\\\/lasentinelle.dz\\\/index.php\\\/2024\\\/09\\\/12\\\/une-prise-en-charge-immediate-des-sinistres\\\/#primaryimage\"},\"image\":{\"@id\":\"https:\\\/\\\/lasentinelle.dz\\\/index.php\\\/2024\\\/09\\\/12\\\/une-prise-en-charge-immediate-des-sinistres\\\/#primaryimage\"},\"thumbnailUrl\":\"https:\\\/\\\/lasentinelle.dz\\\/wp-content\\\/uploads\\\/2024\\\/09\\\/intemperes.jpg\",\"datePublished\":\"2024-09-12T17:58:38+00:00\",\"dateModified\":\"2024-09-15T17:59:26+00:00\",\"breadcrumb\":{\"@id\":\"https:\\\/\\\/lasentinelle.dz\\\/index.php\\\/2024\\\/09\\\/12\\\/une-prise-en-charge-immediate-des-sinistres\\\/#breadcrumb\"},\"inLanguage\":\"fr-FR\",\"potentialAction\":[{\"@type\":\"ReadAction\",\"target\":[\"https:\\\/\\\/lasentinelle.dz\\\/index.php\\\/2024\\\/09\\\/12\\\/une-prise-en-charge-immediate-des-sinistres\\\/\"]}]},{\"@type\":\"ImageObject\",\"inLanguage\":\"fr-FR\",\"@id\":\"https:\\\/\\\/lasentinelle.dz\\\/index.php\\\/2024\\\/09\\\/12\\\/une-prise-en-charge-immediate-des-sinistres\\\/#primaryimage\",\"url\":\"https:\\\/\\\/lasentinelle.dz\\\/wp-content\\\/uploads\\\/2024\\\/09\\\/intemperes.jpg\",\"contentUrl\":\"https:\\\/\\\/lasentinelle.dz\\\/wp-content\\\/uploads\\\/2024\\\/09\\\/intemperes.jpg\",\"width\":1080,\"height\":720},{\"@type\":\"BreadcrumbList\",\"@id\":\"https:\\\/\\\/lasentinelle.dz\\\/index.php\\\/2024\\\/09\\\/12\\\/une-prise-en-charge-immediate-des-sinistres\\\/#breadcrumb\",\"itemListElement\":[{\"@type\":\"ListItem\",\"position\":1,\"name\":\"Accueil\",\"item\":\"https:\\\/\\\/lasentinelle.dz\\\/\"},{\"@type\":\"ListItem\",\"position\":2,\"name\":\"Une prise en charge imm\u00e9diate des sinistr\u00e9s\"}]},{\"@type\":\"WebSite\",\"@id\":\"https:\\\/\\\/lasentinelle.dz\\\/#website\",\"url\":\"https:\\\/\\\/lasentinelle.dz\\\/\",\"name\":\"La Sentinelle\",\"description\":\"Quotidien national d&#039;information\",\"publisher\":{\"@id\":\"https:\\\/\\\/lasentinelle.dz\\\/#organization\"},\"potentialAction\":[{\"@type\":\"SearchAction\",\"target\":{\"@type\":\"EntryPoint\",\"urlTemplate\":\"https:\\\/\\\/lasentinelle.dz\\\/?s={search_term_string}\"},\"query-input\":{\"@type\":\"PropertyValueSpecification\",\"valueRequired\":true,\"valueName\":\"search_term_string\"}}],\"inLanguage\":\"fr-FR\"},{\"@type\":\"Organization\",\"@id\":\"https:\\\/\\\/lasentinelle.dz\\\/#organization\",\"name\":\"Quotidien La Sentinelle\",\"url\":\"https:\\\/\\\/lasentinelle.dz\\\/\",\"logo\":{\"@type\":\"ImageObject\",\"inLanguage\":\"fr-FR\",\"@id\":\"https:\\\/\\\/lasentinelle.dz\\\/#\\\/schema\\\/logo\\\/image\\\/\",\"url\":\"https:\\\/\\\/lasentinelle.dz\\\/wp-content\\\/uploads\\\/2021\\\/09\\\/logo-sentinelleSLOGAN-1.png\",\"contentUrl\":\"https:\\\/\\\/lasentinelle.dz\\\/wp-content\\\/uploads\\\/2021\\\/09\\\/logo-sentinelleSLOGAN-1.png\",\"width\":615,\"height\":142,\"caption\":\"Quotidien La Sentinelle\"},\"image\":{\"@id\":\"https:\\\/\\\/lasentinelle.dz\\\/#\\\/schema\\\/logo\\\/image\\\/\"},\"sameAs\":[\"https:\\\/\\\/www.facebook.com\\\/La-Sentinelle-104059864394773\"]},{\"@type\":\"Person\",\"@id\":\"https:\\\/\\\/lasentinelle.dz\\\/#\\\/schema\\\/person\\\/729ee0024f24e0b8c5ec17232f8e8b41\",\"name\":\"admin\",\"image\":{\"@type\":\"ImageObject\",\"inLanguage\":\"fr-FR\",\"@id\":\"https:\\\/\\\/secure.gravatar.com\\\/avatar\\\/4c81fed838786e9b53f540bf46533e750f5d292099ae3b66cfc6fb1982e29df7?s=96&d=mm&r=g\",\"url\":\"https:\\\/\\\/secure.gravatar.com\\\/avatar\\\/4c81fed838786e9b53f540bf46533e750f5d292099ae3b66cfc6fb1982e29df7?s=96&d=mm&r=g\",\"contentUrl\":\"https:\\\/\\\/secure.gravatar.com\\\/avatar\\\/4c81fed838786e9b53f540bf46533e750f5d292099ae3b66cfc6fb1982e29df7?s=96&d=mm&r=g\",\"caption\":\"admin\"},\"description\":\"admin\",\"url\":\"https:\\\/\\\/lasentinelle.dz\\\/author\\\/admin\\\/\"}]}<\/script>\n<!-- \/ Yoast SEO plugin. -->","yoast_head_json":{"title":"Une prise en charge imm\u00e9diate des sinistr\u00e9s - La Sentinelle","robots":{"index":"index","follow":"follow","max-snippet":"max-snippet:-1","max-image-preview":"max-image-preview:large","max-video-preview":"max-video-preview:-1"},"canonical":"https:\/\/lasentinelle.dz\/index.php\/2024\/09\/12\/une-prise-en-charge-immediate-des-sinistres\/","og_locale":"fr_FR","og_type":"article","og_title":"Une prise en charge imm\u00e9diate des sinistr\u00e9s - La Sentinelle","og_description":"Le Premier ministre, Mohamed Nadir Larbaoui a pr\u00e9sid\u00e9, hier \u00e0 Alger, une r\u00e9union du Gouvernement, consacr\u00e9e \u00e0 l\u2019examen de plusieurs","og_url":"https:\/\/lasentinelle.dz\/index.php\/2024\/09\/12\/une-prise-en-charge-immediate-des-sinistres\/","og_site_name":"La Sentinelle","article_publisher":"https:\/\/www.facebook.com\/La-Sentinelle-104059864394773","article_published_time":"2024-09-12T17:58:38+00:00","article_modified_time":"2024-09-15T17:59:26+00:00","og_image":[{"width":1080,"height":720,"url":"https:\/\/lasentinelle.dz\/wp-content\/uploads\/2024\/09\/intemperes.jpg","type":"image\/jpeg"}],"author":"admin","twitter_card":"summary_large_image","twitter_misc":{"\u00c9crit par":"admin","Dur\u00e9e de lecture estim\u00e9e":"4 minutes"},"schema":{"@context":"https:\/\/schema.org","@graph":[{"@type":"Article","@id":"https:\/\/lasentinelle.dz\/index.php\/2024\/09\/12\/une-prise-en-charge-immediate-des-sinistres\/#article","isPartOf":{"@id":"https:\/\/lasentinelle.dz\/index.php\/2024\/09\/12\/une-prise-en-charge-immediate-des-sinistres\/"},"author":{"name":"admin","@id":"https:\/\/lasentinelle.dz\/#\/schema\/person\/729ee0024f24e0b8c5ec17232f8e8b41"},"headline":"Une prise en charge imm\u00e9diate des sinistr\u00e9s","datePublished":"2024-09-12T17:58:38+00:00","dateModified":"2024-09-15T17:59:26+00:00","mainEntityOfPage":{"@id":"https:\/\/lasentinelle.dz\/index.php\/2024\/09\/12\/une-prise-en-charge-immediate-des-sinistres\/"},"wordCount":765,"commentCount":0,"publisher":{"@id":"https:\/\/lasentinelle.dz\/#organization"},"image":{"@id":"https:\/\/lasentinelle.dz\/index.php\/2024\/09\/12\/une-prise-en-charge-immediate-des-sinistres\/#primaryimage"},"thumbnailUrl":"https:\/\/lasentinelle.dz\/wp-content\/uploads\/2024\/09\/intemperes.jpg","articleSection":["Actualit\u00e9"],"inLanguage":"fr-FR","potentialAction":[{"@type":"CommentAction","name":"Comment","target":["https:\/\/lasentinelle.dz\/index.php\/2024\/09\/12\/une-prise-en-charge-immediate-des-sinistres\/#respond"]}]},{"@type":"WebPage","@id":"https:\/\/lasentinelle.dz\/index.php\/2024\/09\/12\/une-prise-en-charge-immediate-des-sinistres\/","url":"https:\/\/lasentinelle.dz\/index.php\/2024\/09\/12\/une-prise-en-charge-immediate-des-sinistres\/","name":"Une prise en charge imm\u00e9diate des sinistr\u00e9s - La Sentinelle","isPartOf":{"@id":"https:\/\/lasentinelle.dz\/#website"},"primaryImageOfPage":{"@id":"https:\/\/lasentinelle.dz\/index.php\/2024\/09\/12\/une-prise-en-charge-immediate-des-sinistres\/#primaryimage"},"image":{"@id":"https:\/\/lasentinelle.dz\/index.php\/2024\/09\/12\/une-prise-en-charge-immediate-des-sinistres\/#primaryimage"},"thumbnailUrl":"https:\/\/lasentinelle.dz\/wp-content\/uploads\/2024\/09\/intemperes.jpg","datePublished":"2024-09-12T17:58:38+00:00","dateModified":"2024-09-15T17:59:26+00:00","breadcrumb":{"@id":"https:\/\/lasentinelle.dz\/index.php\/2024\/09\/12\/une-prise-en-charge-immediate-des-sinistres\/#breadcrumb"},"inLanguage":"fr-FR","potentialAction":[{"@type":"ReadAction","target":["https:\/\/lasentinelle.dz\/index.php\/2024\/09\/12\/une-prise-en-charge-immediate-des-sinistres\/"]}]},{"@type":"ImageObject","inLanguage":"fr-FR","@id":"https:\/\/lasentinelle.dz\/index.php\/2024\/09\/12\/une-prise-en-charge-immediate-des-sinistres\/#primaryimage","url":"https:\/\/lasentinelle.dz\/wp-content\/uploads\/2024\/09\/intemperes.jpg","contentUrl":"https:\/\/lasentinelle.dz\/wp-content\/uploads\/2024\/09\/intemperes.jpg","width":1080,"height":720},{"@type":"BreadcrumbList","@id":"https:\/\/lasentinelle.dz\/index.php\/2024\/09\/12\/une-prise-en-charge-immediate-des-sinistres\/#breadcrumb","itemListElement":[{"@type":"ListItem","position":1,"name":"Accueil","item":"https:\/\/lasentinelle.dz\/"},{"@type":"ListItem","position":2,"name":"Une prise en charge imm\u00e9diate des sinistr\u00e9s"}]},{"@type":"WebSite","@id":"https:\/\/lasentinelle.dz\/#website","url":"https:\/\/lasentinelle.dz\/","name":"La Sentinelle","description":"Quotidien national d&#039;information","publisher":{"@id":"https:\/\/lasentinelle.dz\/#organization"},"potentialAction":[{"@type":"SearchAction","target":{"@type":"EntryPoint","urlTemplate":"https:\/\/lasentinelle.dz\/?s={search_term_string}"},"query-input":{"@type":"PropertyValueSpecification","valueRequired":true,"valueName":"search_term_string"}}],"inLanguage":"fr-FR"},{"@type":"Organization","@id":"https:\/\/lasentinelle.dz\/#organization","name":"Quotidien La Sentinelle","url":"https:\/\/lasentinelle.dz\/","logo":{"@type":"ImageObject","inLanguage":"fr-FR","@id":"https:\/\/lasentinelle.dz\/#\/schema\/logo\/image\/","url":"https:\/\/lasentinelle.dz\/wp-content\/uploads\/2021\/09\/logo-sentinelleSLOGAN-1.png","contentUrl":"https:\/\/lasentinelle.dz\/wp-content\/uploads\/2021\/09\/logo-sentinelleSLOGAN-1.png","width":615,"height":142,"caption":"Quotidien La Sentinelle"},"image":{"@id":"https:\/\/lasentinelle.dz\/#\/schema\/logo\/image\/"},"sameAs":["https:\/\/www.facebook.com\/La-Sentinelle-104059864394773"]},{"@type":"Person","@id":"https:\/\/lasentinelle.dz\/#\/schema\/person\/729ee0024f24e0b8c5ec17232f8e8b41","name":"admin","image":{"@type":"ImageObject","inLanguage":"fr-FR","@id":"https:\/\/secure.gravatar.com\/avatar\/4c81fed838786e9b53f540bf46533e750f5d292099ae3b66cfc6fb1982e29df7?s=96&d=mm&r=g","url":"https:\/\/secure.gravatar.com\/avatar\/4c81fed838786e9b53f540bf46533e750f5d292099ae3b66cfc6fb1982e29df7?s=96&d=mm&r=g","contentUrl":"https:\/\/secure.gravatar.com\/avatar\/4c81fed838786e9b53f540bf46533e750f5d292099ae3b66cfc6fb1982e29df7?s=96&d=mm&r=g","caption":"admin"},"description":"admin","url":"https:\/\/lasentinelle.dz\/author\/admin\/"}]}},"_links":{"self":[{"href":"https:\/\/lasentinelle.dz\/index.php\/wp-json\/wp\/v2\/posts\/56999","targetHints":{"allow":["GET"]}}],"collection":[{"href":"https:\/\/lasentinelle.dz\/index.php\/wp-json\/wp\/v2\/posts"}],"about":[{"href":"https:\/\/lasentinelle.dz\/index.php\/wp-json\/wp\/v2\/types\/post"}],"author":[{"embeddable":true,"href":"https:\/\/lasentinelle.dz\/index.php\/wp-json\/wp\/v2\/users\/6"}],"replies":[{"embeddable":true,"href":"https:\/\/lasentinelle.dz\/index.php\/wp-json\/wp\/v2\/comments?post=56999"}],"version-history":[{"count":1,"href":"https:\/\/lasentinelle.dz\/index.php\/wp-json\/wp\/v2\/posts\/56999\/revisions"}],"predecessor-version":[{"id":57001,"href":"https:\/\/lasentinelle.dz\/index.php\/wp-json\/wp\/v2\/posts\/56999\/revisions\/57001"}],"wp:featuredmedia":[{"embeddable":true,"href":"https:\/\/lasentinelle.dz\/index.php\/wp-json\/wp\/v2\/media\/57000"}],"wp:attachment":[{"href":"https:\/\/lasentinelle.dz\/index.php\/wp-json\/wp\/v2\/media?parent=56999"}],"wp:term":[{"taxonomy":"category","embeddable":true,"href":"https:\/\/lasentinelle.dz\/index.php\/wp-json\/wp\/v2\/categories?post=56999"},{"taxonomy":"post_tag","embeddable":true,"href":"https:\/\/lasentinelle.dz\/index.php\/wp-json\/wp\/v2\/tags?post=56999"}],"curies":[{"name":"wp","href":"https:\/\/api.w.org\/{rel}","templated":true}]}}