{"id":5700,"date":"2021-08-29T00:01:00","date_gmt":"2021-08-28T23:01:00","guid":{"rendered":"https:\/\/lasentinelle.dz\/?p=5700"},"modified":"2021-08-28T18:46:53","modified_gmt":"2021-08-28T17:46:53","slug":"lutte-anti-covid19-lancement-dune-caravane-daides-aux-hopitaux-dalger-et-de-blida","status":"publish","type":"post","link":"https:\/\/lasentinelle.dz\/index.php\/2021\/08\/29\/lutte-anti-covid19-lancement-dune-caravane-daides-aux-hopitaux-dalger-et-de-blida\/","title":{"rendered":"Lutte anti-covid19 : Lancement d&rsquo;une caravane d&rsquo;aides aux h\u00f4pitaux d&rsquo;Alger et de Blida"},"content":{"rendered":"\n<p class=\"wp-block-paragraph\">Une caravane d&rsquo;aides charg\u00e9e de produits pharmaceutiques et d&rsquo;hygi\u00e8ne s&rsquo;est \u00e9branl\u00e9e, hier \u00e0 Alger, en direction des h\u00f4pitaux d&rsquo;Alger et de Blida.Cette caravane de solidarit\u00e9 dont le coup d&rsquo;envoi a \u00e9t\u00e9 donn\u00e9e au Palais des expositions par les repr\u00e9sentants des ministres de la Sant\u00e9, et du Commerce, comporte 4 cargaisons charg\u00e9es de m\u00e9dicaments et de produits pharmaceutiques notamment des m\u00e9dicaments contre les br\u00fblures destin\u00e9s \u00e0 l&rsquo;h\u00f4pital de Douera, ainsi que des produits d&rsquo;hygi\u00e8ne et de pr\u00e9vention contre le coronavirus (COVID-19).L&rsquo;Association Meeting of Algeria&rsquo;s Youth (Rencontre de la jeunesse alg\u00e9rienne) a supervis\u00e9 la collecte des dons qui seront achemin\u00e9s vers les h\u00f4pitaux d&rsquo;Alger dont le CHU Mustapha Bacha, et vers d&rsquo;autres h\u00f4pitaux \u00e0 Blida.<\/p>\n\n\n\n<p class=\"wp-block-paragraph\">Le repr\u00e9sentant du ministre de la Sant\u00e9, le Dr Djamel Fourar a affirm\u00e9 que cet \u00e9lan de solidarit\u00e9 initi\u00e9 par l&rsquo;Association Meeting of Algeria&rsquo;s Youth et ses partenaires, vise \u00e0 \u00ab\u00a0all\u00e9ger la pression au niveau des h\u00f4pitaux d&rsquo;Alger et de Blida en leur offrant des \u00e9quipements m\u00e9dicaux en cette conjoncture sensible\u00a0\u00bb.La solidarit\u00e9 nationale se poursuit et la soci\u00e9t\u00e9 civile a jou\u00e9 un grand r\u00f4le dans la lutte contre le Coronavirus depuis le d\u00e9but de la pand\u00e9mie, en prolongement des efforts d\u00e9ploy\u00e9s par l&rsquo;Etat et le minist\u00e8re de la Sant\u00e9, a-t-il soulign\u00e9.Le pr\u00e9sident de l&rsquo;Association, Abdelmalek Benlaouar a pr\u00e9cis\u00e9 pour sa part que cette initiative \u00ab\u00a0a pour objectif de pr\u00eater assistance \u00e0 l&rsquo;arm\u00e9e blanche et aux malades hospitalis\u00e9s, et de soutenir les efforts de l&rsquo;Etat dans la lutte contre le coronavirus\u00a0\u00bb, pr\u00e9cisant que cette op\u00e9ration \u00ab\u00a0vient s&rsquo;ajouter \u00e0 plusieurs autres r\u00e9alis\u00e9es par l&rsquo;Association dans plusieurs autres wilayas du pays\u00a0\u00bb.Apr\u00e8s avoir not\u00e9 que les aides seront orient\u00e9es vers les h\u00f4pitaux d&rsquo;Alger et de Blida y compris le foyer pour personnes \u00e2g\u00e9es \u00e0 Alger, M. Benlaouar a salu\u00e9 l&rsquo;intervention rapide de la soci\u00e9t\u00e9 \u00ab\u00a0Unilever\u00a0\u00bb qui a fait don de produits d&rsquo;hygi\u00e8ne et de d\u00e9sinfection d&rsquo;une valeur de 2 millions de DA, ainsi que la contribution des donneurs avec pr\u00e8s de 20 tonnes de mat\u00e9riel m\u00e9dical.L&rsquo;Association poursuit l&rsquo;action de solidarit\u00e9 et r\u00e9pond toujours \u00e0 l&rsquo;appel de la patrie en cette conjoncture difficile, a-t-il ajout\u00e9.<\/p>\n\n\n\n<p class=\"wp-block-paragraph\"><strong>APS<\/strong><\/p>\n","protected":false},"excerpt":{"rendered":"<p>Une caravane d&rsquo;aides charg\u00e9e de produits pharmaceutiques et d&rsquo;hygi\u00e8ne s&rsquo;est \u00e9branl\u00e9e, hier \u00e0 Alger, en direction des h\u00f4pitaux d&rsquo;Alger et<\/p>\n","protected":false},"author":3,"featured_media":5705,"comment_status":"open","ping_status":"closed","sticky":false,"template":"","format":"standard","meta":{"colormag_page_container_layout":"default_layout","colormag_page_sidebar_layout":"default_layout","om_disable_all_campaigns":false,"_monsterinsights_skip_tracking":false,"footnotes":"","_wpscppro_dont_share_socialmedia":false,"_wpscppro_custom_social_share_image":0,"_facebook_share_type":"","_twitter_share_type":"","_linkedin_share_type":"","_pinterest_share_type":"","_linkedin_share_type_page":"","_instagram_share_type":"","_medium_share_type":"","_threads_share_type":"","_google_business_share_type":"","_bluesky_share_type":"","_mastodon_share_type":"","_selected_social_profile":[],"_wpsp_enable_custom_social_template":false,"_wpsp_social_scheduling":{"enabled":false,"datetime":null,"platforms":[],"status":"template_only","dateOption":"today","timeOption":"now","customDays":"","customHours":"","customDate":"","customTime":"","schedulingType":"absolute"},"_wpsp_active_default_template":true},"categories":[27],"tags":[],"class_list":["post-5700","post","type-post","status-publish","format-standard","has-post-thumbnail","hentry","category-actualite"],"aioseo_notices":[],"aioseo_head":"\n\t\t<!-- All in One SEO 5.0.0.1 - aioseo.com -->\n\t<meta name=\"description\" content=\"Une caravane d&#039;aides charg\u00e9e de produits pharmaceutiques et d&#039;hygi\u00e8ne s&#039;est \u00e9branl\u00e9e, hier \u00e0 Alger, en direction des h\u00f4pitaux d&#039;Alger et de Blida.Cette caravane de solidarit\u00e9 dont le coup d&#039;envoi a \u00e9t\u00e9 donn\u00e9e au Palais des expositions par les repr\u00e9sentants des ministres de la Sant\u00e9, et du Commerce, comporte 4 cargaisons charg\u00e9es de m\u00e9dicaments et de\" \/>\n\t<meta name=\"robots\" content=\"max-image-preview:large\" \/>\n\t<meta name=\"author\" content=\"La Sentinelle\"\/>\n\t<link rel=\"canonical\" href=\"https:\/\/lasentinelle.dz\/index.php\/2021\/08\/29\/lutte-anti-covid19-lancement-dune-caravane-daides-aux-hopitaux-dalger-et-de-blida\/\" \/>\n\t<meta name=\"generator\" content=\"All in One SEO (AIOSEO) 5.0.0.1\" \/>\n\t\t<meta property=\"og:locale\" content=\"fr_FR\" \/>\n\t\t<meta property=\"og:site_name\" content=\"La Sentinelle - Quotidien national d&#039;information\" \/>\n\t\t<meta property=\"og:type\" content=\"article\" \/>\n\t\t<meta property=\"og:title\" content=\"Lutte anti-covid19 : Lancement d\u2019une caravane d\u2019aides aux h\u00f4pitaux d\u2019Alger et de Blida - La Sentinelle\" \/>\n\t\t<meta property=\"og:description\" content=\"Une caravane d&#039;aides charg\u00e9e de produits pharmaceutiques et d&#039;hygi\u00e8ne s&#039;est \u00e9branl\u00e9e, hier \u00e0 Alger, en direction des h\u00f4pitaux d&#039;Alger et de Blida.Cette caravane de solidarit\u00e9 dont le coup d&#039;envoi a \u00e9t\u00e9 donn\u00e9e au Palais des expositions par les repr\u00e9sentants des ministres de la Sant\u00e9, et du Commerce, comporte 4 cargaisons charg\u00e9es de m\u00e9dicaments et de\" \/>\n\t\t<meta property=\"og:url\" content=\"https:\/\/lasentinelle.dz\/index.php\/2021\/08\/29\/lutte-anti-covid19-lancement-dune-caravane-daides-aux-hopitaux-dalger-et-de-blida\/\" \/>\n\t\t<meta property=\"og:image\" content=\"https:\/\/lasentinelle.dz\/wp-content\/uploads\/2021\/09\/cropped-la-sentinelle-earth-golden-anima-5.gif\" \/>\n\t\t<meta property=\"og:image:secure_url\" content=\"https:\/\/lasentinelle.dz\/wp-content\/uploads\/2021\/09\/cropped-la-sentinelle-earth-golden-anima-5.gif\" \/>\n\t\t<meta property=\"og:image:width\" content=\"450\" \/>\n\t\t<meta property=\"og:image:height\" content=\"213\" \/>\n\t\t<meta property=\"article:published_time\" content=\"2021-08-28T23:01:00+00:00\" \/>\n\t\t<meta property=\"article:modified_time\" content=\"2021-08-28T17:46:53+00:00\" \/>\n\t\t<meta property=\"article:publisher\" content=\"https:\/\/www.facebook.com\/azzedine.lasentinelle.1\" \/>\n\t\t<meta name=\"twitter:card\" content=\"summary_large_image\" \/>\n\t\t<meta name=\"twitter:title\" content=\"Lutte anti-covid19 : Lancement d\u2019une caravane d\u2019aides aux h\u00f4pitaux d\u2019Alger et de Blida - La Sentinelle\" \/>\n\t\t<meta name=\"twitter:description\" content=\"Une caravane d&#039;aides charg\u00e9e de produits pharmaceutiques et d&#039;hygi\u00e8ne s&#039;est \u00e9branl\u00e9e, hier \u00e0 Alger, en direction des h\u00f4pitaux d&#039;Alger et de Blida.Cette caravane de solidarit\u00e9 dont le coup d&#039;envoi a \u00e9t\u00e9 donn\u00e9e au Palais des expositions par les repr\u00e9sentants des ministres de la Sant\u00e9, et du Commerce, comporte 4 cargaisons charg\u00e9es de m\u00e9dicaments et de\" \/>\n\t\t<meta name=\"twitter:image\" content=\"https:\/\/lasentinelle.dz\/wp-content\/uploads\/2021\/09\/cropped-la-sentinelle-earth-golden-anima-5.gif\" \/>\n\t\t<script type=\"application\/ld+json\" class=\"aioseo-schema\">\n\t\t\t{\"@context\":\"https:\\\/\\\/schema.org\",\"@graph\":[{\"@type\":\"BlogPosting\",\"@id\":\"https:\\\/\\\/lasentinelle.dz\\\/index.php\\\/2021\\\/08\\\/29\\\/lutte-anti-covid19-lancement-dune-caravane-daides-aux-hopitaux-dalger-et-de-blida\\\/#blogposting\",\"name\":\"Lutte anti-covid19 : Lancement d\\u2019une caravane d\\u2019aides aux h\\u00f4pitaux d\\u2019Alger et de Blida - La Sentinelle\",\"headline\":\"Lutte anti-covid19 : Lancement d&rsquo;une caravane d&rsquo;aides aux h\\u00f4pitaux d&rsquo;Alger et de Blida\",\"author\":{\"@id\":\"https:\\\/\\\/lasentinelle.dz\\\/author\\\/redaction\\\/#author\"},\"publisher\":{\"@id\":\"https:\\\/\\\/lasentinelle.dz\\\/#organization\"},\"image\":{\"@type\":\"ImageObject\",\"url\":\"https:\\\/\\\/lasentinelle.dz\\\/wp-content\\\/uploads\\\/2021\\\/08\\\/image_2021-08-28_184624.png\",\"width\":1400,\"height\":768},\"datePublished\":\"2021-08-29T00:01:00+01:00\",\"dateModified\":\"2021-08-28T18:46:53+01:00\",\"inLanguage\":\"fr-FR\",\"mainEntityOfPage\":{\"@id\":\"https:\\\/\\\/lasentinelle.dz\\\/index.php\\\/2021\\\/08\\\/29\\\/lutte-anti-covid19-lancement-dune-caravane-daides-aux-hopitaux-dalger-et-de-blida\\\/#webpage\"},\"isPartOf\":{\"@id\":\"https:\\\/\\\/lasentinelle.dz\\\/index.php\\\/2021\\\/08\\\/29\\\/lutte-anti-covid19-lancement-dune-caravane-daides-aux-hopitaux-dalger-et-de-blida\\\/#webpage\"},\"articleSection\":\"Actualit\\u00e9\"},{\"@type\":\"BreadcrumbList\",\"@id\":\"https:\\\/\\\/lasentinelle.dz\\\/index.php\\\/2021\\\/08\\\/29\\\/lutte-anti-covid19-lancement-dune-caravane-daides-aux-hopitaux-dalger-et-de-blida\\\/#breadcrumblist\",\"itemListElement\":[{\"@type\":\"ListItem\",\"@id\":\"https:\\\/\\\/lasentinelle.dz#listItem\",\"position\":1,\"name\":\"Home\",\"item\":\"https:\\\/\\\/lasentinelle.dz\",\"nextItem\":{\"@type\":\"ListItem\",\"@id\":\"https:\\\/\\\/lasentinelle.dz\\\/index.php\\\/category\\\/actualite\\\/#listItem\",\"name\":\"Actualit\\u00e9\"}},{\"@type\":\"ListItem\",\"@id\":\"https:\\\/\\\/lasentinelle.dz\\\/index.php\\\/category\\\/actualite\\\/#listItem\",\"position\":2,\"name\":\"Actualit\\u00e9\",\"item\":\"https:\\\/\\\/lasentinelle.dz\\\/index.php\\\/category\\\/actualite\\\/\",\"nextItem\":{\"@type\":\"ListItem\",\"@id\":\"https:\\\/\\\/lasentinelle.dz\\\/index.php\\\/2021\\\/08\\\/29\\\/lutte-anti-covid19-lancement-dune-caravane-daides-aux-hopitaux-dalger-et-de-blida\\\/#listItem\",\"name\":\"Lutte anti-covid19 : Lancement d&rsquo;une caravane d&rsquo;aides aux h\\u00f4pitaux d&rsquo;Alger et de Blida\"},\"previousItem\":{\"@type\":\"ListItem\",\"@id\":\"https:\\\/\\\/lasentinelle.dz#listItem\",\"name\":\"Home\"}},{\"@type\":\"ListItem\",\"@id\":\"https:\\\/\\\/lasentinelle.dz\\\/index.php\\\/2021\\\/08\\\/29\\\/lutte-anti-covid19-lancement-dune-caravane-daides-aux-hopitaux-dalger-et-de-blida\\\/#listItem\",\"position\":3,\"name\":\"Lutte anti-covid19 : Lancement d&rsquo;une caravane d&rsquo;aides aux h\\u00f4pitaux d&rsquo;Alger et de Blida\",\"previousItem\":{\"@type\":\"ListItem\",\"@id\":\"https:\\\/\\\/lasentinelle.dz\\\/index.php\\\/category\\\/actualite\\\/#listItem\",\"name\":\"Actualit\\u00e9\"}}]},{\"@type\":\"Organization\",\"@id\":\"https:\\\/\\\/lasentinelle.dz\\\/#organization\",\"name\":\"La Sentinelle La Sentinelle\",\"description\":\"Quotidien national d'information\",\"url\":\"https:\\\/\\\/lasentinelle.dz\\\/\",\"logo\":{\"@type\":\"ImageObject\",\"url\":\"https:\\\/\\\/lasentinelle.dz\\\/wp-content\\\/uploads\\\/2021\\\/09\\\/cropped-la-sentinelle-earth-golden-anima-5.gif\",\"@id\":\"https:\\\/\\\/lasentinelle.dz\\\/index.php\\\/2021\\\/08\\\/29\\\/lutte-anti-covid19-lancement-dune-caravane-daides-aux-hopitaux-dalger-et-de-blida\\\/#organizationLogo\",\"width\":450,\"height\":213},\"image\":{\"@id\":\"https:\\\/\\\/lasentinelle.dz\\\/index.php\\\/2021\\\/08\\\/29\\\/lutte-anti-covid19-lancement-dune-caravane-daides-aux-hopitaux-dalger-et-de-blida\\\/#organizationLogo\"},\"sameAs\":[\"https:\\\/\\\/www.facebook.com\\\/azzedine.lasentinelle.1\"]},{\"@type\":\"Person\",\"@id\":\"https:\\\/\\\/lasentinelle.dz\\\/author\\\/redaction\\\/#author\",\"url\":\"https:\\\/\\\/lasentinelle.dz\\\/author\\\/redaction\\\/\",\"name\":\"La Sentinelle\",\"image\":{\"@type\":\"ImageObject\",\"@id\":\"https:\\\/\\\/lasentinelle.dz\\\/index.php\\\/2021\\\/08\\\/29\\\/lutte-anti-covid19-lancement-dune-caravane-daides-aux-hopitaux-dalger-et-de-blida\\\/#authorImage\",\"url\":\"https:\\\/\\\/secure.gravatar.com\\\/avatar\\\/57de8e5d4b15d43fb361a71fbb36338450fe67865b528a43dd10ef7c51a20392?s=96&d=mm&r=g\",\"width\":96,\"height\":96,\"caption\":\"La Sentinelle\"}},{\"@type\":\"WebPage\",\"@id\":\"https:\\\/\\\/lasentinelle.dz\\\/index.php\\\/2021\\\/08\\\/29\\\/lutte-anti-covid19-lancement-dune-caravane-daides-aux-hopitaux-dalger-et-de-blida\\\/#webpage\",\"url\":\"https:\\\/\\\/lasentinelle.dz\\\/index.php\\\/2021\\\/08\\\/29\\\/lutte-anti-covid19-lancement-dune-caravane-daides-aux-hopitaux-dalger-et-de-blida\\\/\",\"name\":\"Lutte anti-covid19 : Lancement d\\u2019une caravane d\\u2019aides aux h\\u00f4pitaux d\\u2019Alger et de Blida - La Sentinelle\",\"description\":\"Une caravane d'aides charg\\u00e9e de produits pharmaceutiques et d'hygi\\u00e8ne s'est \\u00e9branl\\u00e9e, hier \\u00e0 Alger, en direction des h\\u00f4pitaux d'Alger et de Blida.Cette caravane de solidarit\\u00e9 dont le coup d'envoi a \\u00e9t\\u00e9 donn\\u00e9e au Palais des expositions par les repr\\u00e9sentants des ministres de la Sant\\u00e9, et du Commerce, comporte 4 cargaisons charg\\u00e9es de m\\u00e9dicaments et de\",\"inLanguage\":\"fr-FR\",\"isPartOf\":{\"@id\":\"https:\\\/\\\/lasentinelle.dz\\\/#website\"},\"breadcrumb\":{\"@id\":\"https:\\\/\\\/lasentinelle.dz\\\/index.php\\\/2021\\\/08\\\/29\\\/lutte-anti-covid19-lancement-dune-caravane-daides-aux-hopitaux-dalger-et-de-blida\\\/#breadcrumblist\"},\"author\":{\"@id\":\"https:\\\/\\\/lasentinelle.dz\\\/author\\\/redaction\\\/#author\"},\"creator\":{\"@id\":\"https:\\\/\\\/lasentinelle.dz\\\/author\\\/redaction\\\/#author\"},\"image\":{\"@type\":\"ImageObject\",\"url\":\"https:\\\/\\\/lasentinelle.dz\\\/wp-content\\\/uploads\\\/2021\\\/08\\\/image_2021-08-28_184624.png\",\"@id\":\"https:\\\/\\\/lasentinelle.dz\\\/index.php\\\/2021\\\/08\\\/29\\\/lutte-anti-covid19-lancement-dune-caravane-daides-aux-hopitaux-dalger-et-de-blida\\\/#mainImage\",\"width\":1400,\"height\":768},\"primaryImageOfPage\":{\"@id\":\"https:\\\/\\\/lasentinelle.dz\\\/index.php\\\/2021\\\/08\\\/29\\\/lutte-anti-covid19-lancement-dune-caravane-daides-aux-hopitaux-dalger-et-de-blida\\\/#mainImage\"},\"datePublished\":\"2021-08-29T00:01:00+01:00\",\"dateModified\":\"2021-08-28T18:46:53+01:00\"},{\"@type\":\"WebSite\",\"@id\":\"https:\\\/\\\/lasentinelle.dz\\\/#website\",\"url\":\"https:\\\/\\\/lasentinelle.dz\\\/\",\"name\":\"La Sentinelle\",\"description\":\"Quotidien national d'information\",\"inLanguage\":\"fr-FR\",\"publisher\":{\"@id\":\"https:\\\/\\\/lasentinelle.dz\\\/#organization\"}}]}\n\t\t<\/script>\n\t\t<!-- All in One SEO -->\n\n","aioseo_head_json":{"title":"Lutte anti-covid19 : Lancement d\u2019une caravane d\u2019aides aux h\u00f4pitaux d\u2019Alger et de Blida - La Sentinelle","description":"Une caravane d'aides charg\u00e9e de produits pharmaceutiques et d'hygi\u00e8ne s'est \u00e9branl\u00e9e, hier \u00e0 Alger, en direction des h\u00f4pitaux d'Alger et de Blida.Cette caravane de solidarit\u00e9 dont le coup d'envoi a \u00e9t\u00e9 donn\u00e9e au Palais des expositions par les repr\u00e9sentants des ministres de la Sant\u00e9, et du Commerce, comporte 4 cargaisons charg\u00e9es de m\u00e9dicaments et de","canonical_url":"https:\/\/lasentinelle.dz\/index.php\/2021\/08\/29\/lutte-anti-covid19-lancement-dune-caravane-daides-aux-hopitaux-dalger-et-de-blida\/","robots":"max-image-preview:large","keywords":"","webmasterTools":{"miscellaneous":""},"schema":{"@context":"https:\/\/schema.org","@graph":[{"@type":"BlogPosting","@id":"https:\/\/lasentinelle.dz\/index.php\/2021\/08\/29\/lutte-anti-covid19-lancement-dune-caravane-daides-aux-hopitaux-dalger-et-de-blida\/#blogposting","name":"Lutte anti-covid19 : Lancement d\u2019une caravane d\u2019aides aux h\u00f4pitaux d\u2019Alger et de Blida - La Sentinelle","headline":"Lutte anti-covid19 : Lancement d&rsquo;une caravane d&rsquo;aides aux h\u00f4pitaux d&rsquo;Alger et de Blida","author":{"@id":"https:\/\/lasentinelle.dz\/author\/redaction\/#author"},"publisher":{"@id":"https:\/\/lasentinelle.dz\/#organization"},"image":{"@type":"ImageObject","url":"https:\/\/lasentinelle.dz\/wp-content\/uploads\/2021\/08\/image_2021-08-28_184624.png","width":1400,"height":768},"datePublished":"2021-08-29T00:01:00+01:00","dateModified":"2021-08-28T18:46:53+01:00","inLanguage":"fr-FR","mainEntityOfPage":{"@id":"https:\/\/lasentinelle.dz\/index.php\/2021\/08\/29\/lutte-anti-covid19-lancement-dune-caravane-daides-aux-hopitaux-dalger-et-de-blida\/#webpage"},"isPartOf":{"@id":"https:\/\/lasentinelle.dz\/index.php\/2021\/08\/29\/lutte-anti-covid19-lancement-dune-caravane-daides-aux-hopitaux-dalger-et-de-blida\/#webpage"},"articleSection":"Actualit\u00e9"},{"@type":"BreadcrumbList","@id":"https:\/\/lasentinelle.dz\/index.php\/2021\/08\/29\/lutte-anti-covid19-lancement-dune-caravane-daides-aux-hopitaux-dalger-et-de-blida\/#breadcrumblist","itemListElement":[{"@type":"ListItem","@id":"https:\/\/lasentinelle.dz#listItem","position":1,"name":"Home","item":"https:\/\/lasentinelle.dz","nextItem":{"@type":"ListItem","@id":"https:\/\/lasentinelle.dz\/index.php\/category\/actualite\/#listItem","name":"Actualit\u00e9"}},{"@type":"ListItem","@id":"https:\/\/lasentinelle.dz\/index.php\/category\/actualite\/#listItem","position":2,"name":"Actualit\u00e9","item":"https:\/\/lasentinelle.dz\/index.php\/category\/actualite\/","nextItem":{"@type":"ListItem","@id":"https:\/\/lasentinelle.dz\/index.php\/2021\/08\/29\/lutte-anti-covid19-lancement-dune-caravane-daides-aux-hopitaux-dalger-et-de-blida\/#listItem","name":"Lutte anti-covid19 : Lancement d&rsquo;une caravane d&rsquo;aides aux h\u00f4pitaux d&rsquo;Alger et de Blida"},"previousItem":{"@type":"ListItem","@id":"https:\/\/lasentinelle.dz#listItem","name":"Home"}},{"@type":"ListItem","@id":"https:\/\/lasentinelle.dz\/index.php\/2021\/08\/29\/lutte-anti-covid19-lancement-dune-caravane-daides-aux-hopitaux-dalger-et-de-blida\/#listItem","position":3,"name":"Lutte anti-covid19 : Lancement d&rsquo;une caravane d&rsquo;aides aux h\u00f4pitaux d&rsquo;Alger et de Blida","previousItem":{"@type":"ListItem","@id":"https:\/\/lasentinelle.dz\/index.php\/category\/actualite\/#listItem","name":"Actualit\u00e9"}}]},{"@type":"Organization","@id":"https:\/\/lasentinelle.dz\/#organization","name":"La Sentinelle La Sentinelle","description":"Quotidien national d'information","url":"https:\/\/lasentinelle.dz\/","logo":{"@type":"ImageObject","url":"https:\/\/lasentinelle.dz\/wp-content\/uploads\/2021\/09\/cropped-la-sentinelle-earth-golden-anima-5.gif","@id":"https:\/\/lasentinelle.dz\/index.php\/2021\/08\/29\/lutte-anti-covid19-lancement-dune-caravane-daides-aux-hopitaux-dalger-et-de-blida\/#organizationLogo","width":450,"height":213},"image":{"@id":"https:\/\/lasentinelle.dz\/index.php\/2021\/08\/29\/lutte-anti-covid19-lancement-dune-caravane-daides-aux-hopitaux-dalger-et-de-blida\/#organizationLogo"},"sameAs":["https:\/\/www.facebook.com\/azzedine.lasentinelle.1"]},{"@type":"Person","@id":"https:\/\/lasentinelle.dz\/author\/redaction\/#author","url":"https:\/\/lasentinelle.dz\/author\/redaction\/","name":"La Sentinelle","image":{"@type":"ImageObject","@id":"https:\/\/lasentinelle.dz\/index.php\/2021\/08\/29\/lutte-anti-covid19-lancement-dune-caravane-daides-aux-hopitaux-dalger-et-de-blida\/#authorImage","url":"https:\/\/secure.gravatar.com\/avatar\/57de8e5d4b15d43fb361a71fbb36338450fe67865b528a43dd10ef7c51a20392?s=96&d=mm&r=g","width":96,"height":96,"caption":"La Sentinelle"}},{"@type":"WebPage","@id":"https:\/\/lasentinelle.dz\/index.php\/2021\/08\/29\/lutte-anti-covid19-lancement-dune-caravane-daides-aux-hopitaux-dalger-et-de-blida\/#webpage","url":"https:\/\/lasentinelle.dz\/index.php\/2021\/08\/29\/lutte-anti-covid19-lancement-dune-caravane-daides-aux-hopitaux-dalger-et-de-blida\/","name":"Lutte anti-covid19 : Lancement d\u2019une caravane d\u2019aides aux h\u00f4pitaux d\u2019Alger et de Blida - La Sentinelle","description":"Une caravane d'aides charg\u00e9e de produits pharmaceutiques et d'hygi\u00e8ne s'est \u00e9branl\u00e9e, hier \u00e0 Alger, en direction des h\u00f4pitaux d'Alger et de Blida.Cette caravane de solidarit\u00e9 dont le coup d'envoi a \u00e9t\u00e9 donn\u00e9e au Palais des expositions par les repr\u00e9sentants des ministres de la Sant\u00e9, et du Commerce, comporte 4 cargaisons charg\u00e9es de m\u00e9dicaments et de","inLanguage":"fr-FR","isPartOf":{"@id":"https:\/\/lasentinelle.dz\/#website"},"breadcrumb":{"@id":"https:\/\/lasentinelle.dz\/index.php\/2021\/08\/29\/lutte-anti-covid19-lancement-dune-caravane-daides-aux-hopitaux-dalger-et-de-blida\/#breadcrumblist"},"author":{"@id":"https:\/\/lasentinelle.dz\/author\/redaction\/#author"},"creator":{"@id":"https:\/\/lasentinelle.dz\/author\/redaction\/#author"},"image":{"@type":"ImageObject","url":"https:\/\/lasentinelle.dz\/wp-content\/uploads\/2021\/08\/image_2021-08-28_184624.png","@id":"https:\/\/lasentinelle.dz\/index.php\/2021\/08\/29\/lutte-anti-covid19-lancement-dune-caravane-daides-aux-hopitaux-dalger-et-de-blida\/#mainImage","width":1400,"height":768},"primaryImageOfPage":{"@id":"https:\/\/lasentinelle.dz\/index.php\/2021\/08\/29\/lutte-anti-covid19-lancement-dune-caravane-daides-aux-hopitaux-dalger-et-de-blida\/#mainImage"},"datePublished":"2021-08-29T00:01:00+01:00","dateModified":"2021-08-28T18:46:53+01:00"},{"@type":"WebSite","@id":"https:\/\/lasentinelle.dz\/#website","url":"https:\/\/lasentinelle.dz\/","name":"La Sentinelle","description":"Quotidien national d'information","inLanguage":"fr-FR","publisher":{"@id":"https:\/\/lasentinelle.dz\/#organization"}}]},"og:locale":"fr_FR","og:site_name":"La Sentinelle - Quotidien national d'information","og:type":"article","og:title":"Lutte anti-covid19 : Lancement d\u2019une caravane d\u2019aides aux h\u00f4pitaux d\u2019Alger et de Blida - La Sentinelle","og:description":"Une caravane d'aides charg\u00e9e de produits pharmaceutiques et d'hygi\u00e8ne s'est \u00e9branl\u00e9e, hier \u00e0 Alger, en direction des h\u00f4pitaux d'Alger et de Blida.Cette caravane de solidarit\u00e9 dont le coup d'envoi a \u00e9t\u00e9 donn\u00e9e au Palais des expositions par les repr\u00e9sentants des ministres de la Sant\u00e9, et du Commerce, comporte 4 cargaisons charg\u00e9es de m\u00e9dicaments et de","og:url":"https:\/\/lasentinelle.dz\/index.php\/2021\/08\/29\/lutte-anti-covid19-lancement-dune-caravane-daides-aux-hopitaux-dalger-et-de-blida\/","og:image":"https:\/\/lasentinelle.dz\/wp-content\/uploads\/2021\/09\/cropped-la-sentinelle-earth-golden-anima-5.gif","og:image:secure_url":"https:\/\/lasentinelle.dz\/wp-content\/uploads\/2021\/09\/cropped-la-sentinelle-earth-golden-anima-5.gif","og:image:width":450,"og:image:height":213,"article:published_time":"2021-08-28T23:01:00+00:00","article:modified_time":"2021-08-28T17:46:53+00:00","article:publisher":"https:\/\/www.facebook.com\/azzedine.lasentinelle.1","twitter:card":"summary_large_image","twitter:title":"Lutte anti-covid19 : Lancement d\u2019une caravane d\u2019aides aux h\u00f4pitaux d\u2019Alger et de Blida - La Sentinelle","twitter:description":"Une caravane d'aides charg\u00e9e de produits pharmaceutiques et d'hygi\u00e8ne s'est \u00e9branl\u00e9e, hier \u00e0 Alger, en direction des h\u00f4pitaux d'Alger et de Blida.Cette caravane de solidarit\u00e9 dont le coup d'envoi a \u00e9t\u00e9 donn\u00e9e au Palais des expositions par les repr\u00e9sentants des ministres de la Sant\u00e9, et du Commerce, comporte 4 cargaisons charg\u00e9es de m\u00e9dicaments et de","twitter:image":"https:\/\/lasentinelle.dz\/wp-content\/uploads\/2021\/09\/cropped-la-sentinelle-earth-golden-anima-5.gif"},"aioseo_meta_data":{"post_id":"5700","title":null,"description":null,"keywords":null,"keyphrases":null,"primary_term":null,"canonical_url":null,"og_title":null,"og_description":null,"og_object_type":"default","og_image_type":"default","og_image_url":null,"og_image_width":null,"og_image_height":null,"og_image_custom_url":null,"og_image_custom_fields":null,"og_video":null,"og_custom_url":null,"og_article_section":null,"og_article_tags":null,"twitter_use_og":false,"twitter_card":"default","twitter_image_type":"default","twitter_image_url":null,"twitter_image_custom_url":null,"twitter_image_custom_fields":null,"twitter_title":null,"twitter_description":null,"schema":{"blockGraphs":[],"customGraphs":[],"default":{"data":{"Article":[],"Course":[],"Dataset":[],"FAQPage":[],"Movie":[],"Person":[],"Product":[],"ProductReview":[],"Car":[],"Recipe":[],"Service":[],"SoftwareApplication":[],"WebPage":[]},"graphName":"","isEnabled":true},"graphs":[]},"schema_type":"default","schema_type_options":null,"pillar_content":false,"robots_default":true,"robots_noindex":false,"robots_noarchive":false,"robots_nosnippet":false,"robots_nofollow":false,"robots_noimageindex":false,"robots_noodp":false,"robots_notranslate":false,"robots_max_snippet":null,"robots_max_videopreview":null,"robots_max_imagepreview":"large","priority":null,"frequency":null,"local_seo":null,"breadcrumb_settings":null,"limit_modified_date":false,"ai":null,"created":"2026-04-21 08:00:13","updated":"2026-04-21 08:00:13","focus_keyword":null,"additional_keywords":null,"truseo_locale":null,"seo_analyzer_scan_date":null},"aioseo_breadcrumb":"<div class=\"aioseo-breadcrumbs\"><span class=\"aioseo-breadcrumb\">\n\t\t\t<a href=\"https:\/\/lasentinelle.dz\" title=\"Home\">Home<\/a>\n\t\t<\/span><span class=\"aioseo-breadcrumb-separator\">&raquo;<\/span><span class=\"aioseo-breadcrumb\">\n\t\t\t<a href=\"https:\/\/lasentinelle.dz\/index.php\/category\/actualite\/\" title=\"Actualit\u00e9\">Actualit\u00e9<\/a>\n\t\t<\/span><span class=\"aioseo-breadcrumb-separator\">&raquo;<\/span><span class=\"aioseo-breadcrumb\">\n\t\t\tLutte anti-covid19 : Lancement d\u2019une caravane d\u2019aides aux h\u00f4pitaux d\u2019Alger et de Blida\n\t\t<\/span><\/div>","aioseo_breadcrumb_json":[{"label":"Home","link":"https:\/\/lasentinelle.dz"},{"label":"Actualit\u00e9","link":"https:\/\/lasentinelle.dz\/index.php\/category\/actualite\/"},{"label":"Lutte anti-covid19 : Lancement d&rsquo;une caravane d&rsquo;aides aux h\u00f4pitaux d&rsquo;Alger et de Blida","link":"https:\/\/lasentinelle.dz\/index.php\/2021\/08\/29\/lutte-anti-covid19-lancement-dune-caravane-daides-aux-hopitaux-dalger-et-de-blida\/"}],"yoast_head":"<!-- This site is optimized with the Yoast SEO plugin v28.4 - https:\/\/yoast.com\/product\/yoast-seo-wordpress\/ -->\n<title>Lutte anti-covid19 : Lancement d&#039;une caravane d&#039;aides aux h\u00f4pitaux d&#039;Alger et de Blida - La Sentinelle<\/title>\n<meta name=\"robots\" content=\"index, follow, max-snippet:-1, max-image-preview:large, max-video-preview:-1\" \/>\n<link rel=\"canonical\" href=\"https:\/\/lasentinelle.dz\/index.php\/2021\/08\/29\/lutte-anti-covid19-lancement-dune-caravane-daides-aux-hopitaux-dalger-et-de-blida\/\" \/>\n<meta property=\"og:locale\" content=\"fr_FR\" \/>\n<meta property=\"og:type\" content=\"article\" \/>\n<meta property=\"og:title\" content=\"Lutte anti-covid19 : Lancement d&#039;une caravane d&#039;aides aux h\u00f4pitaux d&#039;Alger et de Blida - La Sentinelle\" \/>\n<meta property=\"og:description\" content=\"Une caravane d&rsquo;aides charg\u00e9e de produits pharmaceutiques et d&rsquo;hygi\u00e8ne s&rsquo;est \u00e9branl\u00e9e, hier \u00e0 Alger, en direction des h\u00f4pitaux d&rsquo;Alger et\" \/>\n<meta property=\"og:url\" content=\"https:\/\/lasentinelle.dz\/index.php\/2021\/08\/29\/lutte-anti-covid19-lancement-dune-caravane-daides-aux-hopitaux-dalger-et-de-blida\/\" \/>\n<meta property=\"og:site_name\" content=\"La Sentinelle\" \/>\n<meta property=\"article:publisher\" content=\"https:\/\/www.facebook.com\/La-Sentinelle-104059864394773\" \/>\n<meta property=\"article:published_time\" content=\"2021-08-28T23:01:00+00:00\" \/>\n<meta property=\"og:image\" content=\"https:\/\/lasentinelle.dz\/wp-content\/uploads\/2021\/08\/image_2021-08-28_184624.png\" \/>\n\t<meta property=\"og:image:width\" content=\"1400\" \/>\n\t<meta property=\"og:image:height\" content=\"768\" \/>\n\t<meta property=\"og:image:type\" content=\"image\/png\" \/>\n<meta name=\"author\" content=\"La Sentinelle\" \/>\n<meta name=\"twitter:card\" content=\"summary_large_image\" \/>\n<meta name=\"twitter:label1\" content=\"\u00c9crit par\" \/>\n\t<meta name=\"twitter:data1\" content=\"La Sentinelle\" \/>\n\t<meta name=\"twitter:label2\" content=\"Dur\u00e9e de lecture estim\u00e9e\" \/>\n\t<meta name=\"twitter:data2\" content=\"2 minutes\" \/>\n<script type=\"application\/ld+json\" class=\"yoast-schema-graph\">{\"@context\":\"https:\\\/\\\/schema.org\",\"@graph\":[{\"@type\":\"Article\",\"@id\":\"https:\\\/\\\/lasentinelle.dz\\\/index.php\\\/2021\\\/08\\\/29\\\/lutte-anti-covid19-lancement-dune-caravane-daides-aux-hopitaux-dalger-et-de-blida\\\/#article\",\"isPartOf\":{\"@id\":\"https:\\\/\\\/lasentinelle.dz\\\/index.php\\\/2021\\\/08\\\/29\\\/lutte-anti-covid19-lancement-dune-caravane-daides-aux-hopitaux-dalger-et-de-blida\\\/\"},\"author\":{\"name\":\"La Sentinelle\",\"@id\":\"https:\\\/\\\/lasentinelle.dz\\\/#\\\/schema\\\/person\\\/d865044e22e70a75174ce8bcad3acfb3\"},\"headline\":\"Lutte anti-covid19 : Lancement d&rsquo;une caravane d&rsquo;aides aux h\u00f4pitaux d&rsquo;Alger et de Blida\",\"datePublished\":\"2021-08-28T23:01:00+00:00\",\"mainEntityOfPage\":{\"@id\":\"https:\\\/\\\/lasentinelle.dz\\\/index.php\\\/2021\\\/08\\\/29\\\/lutte-anti-covid19-lancement-dune-caravane-daides-aux-hopitaux-dalger-et-de-blida\\\/\"},\"wordCount\":431,\"commentCount\":0,\"publisher\":{\"@id\":\"https:\\\/\\\/lasentinelle.dz\\\/#organization\"},\"image\":{\"@id\":\"https:\\\/\\\/lasentinelle.dz\\\/index.php\\\/2021\\\/08\\\/29\\\/lutte-anti-covid19-lancement-dune-caravane-daides-aux-hopitaux-dalger-et-de-blida\\\/#primaryimage\"},\"thumbnailUrl\":\"https:\\\/\\\/lasentinelle.dz\\\/wp-content\\\/uploads\\\/2021\\\/08\\\/image_2021-08-28_184624.png\",\"articleSection\":[\"Actualit\u00e9\"],\"inLanguage\":\"fr-FR\",\"potentialAction\":[{\"@type\":\"CommentAction\",\"name\":\"Comment\",\"target\":[\"https:\\\/\\\/lasentinelle.dz\\\/index.php\\\/2021\\\/08\\\/29\\\/lutte-anti-covid19-lancement-dune-caravane-daides-aux-hopitaux-dalger-et-de-blida\\\/#respond\"]}]},{\"@type\":\"WebPage\",\"@id\":\"https:\\\/\\\/lasentinelle.dz\\\/index.php\\\/2021\\\/08\\\/29\\\/lutte-anti-covid19-lancement-dune-caravane-daides-aux-hopitaux-dalger-et-de-blida\\\/\",\"url\":\"https:\\\/\\\/lasentinelle.dz\\\/index.php\\\/2021\\\/08\\\/29\\\/lutte-anti-covid19-lancement-dune-caravane-daides-aux-hopitaux-dalger-et-de-blida\\\/\",\"name\":\"Lutte anti-covid19 : Lancement d'une caravane d'aides aux h\u00f4pitaux d'Alger et de Blida - La Sentinelle\",\"isPartOf\":{\"@id\":\"https:\\\/\\\/lasentinelle.dz\\\/#website\"},\"primaryImageOfPage\":{\"@id\":\"https:\\\/\\\/lasentinelle.dz\\\/index.php\\\/2021\\\/08\\\/29\\\/lutte-anti-covid19-lancement-dune-caravane-daides-aux-hopitaux-dalger-et-de-blida\\\/#primaryimage\"},\"image\":{\"@id\":\"https:\\\/\\\/lasentinelle.dz\\\/index.php\\\/2021\\\/08\\\/29\\\/lutte-anti-covid19-lancement-dune-caravane-daides-aux-hopitaux-dalger-et-de-blida\\\/#primaryimage\"},\"thumbnailUrl\":\"https:\\\/\\\/lasentinelle.dz\\\/wp-content\\\/uploads\\\/2021\\\/08\\\/image_2021-08-28_184624.png\",\"datePublished\":\"2021-08-28T23:01:00+00:00\",\"breadcrumb\":{\"@id\":\"https:\\\/\\\/lasentinelle.dz\\\/index.php\\\/2021\\\/08\\\/29\\\/lutte-anti-covid19-lancement-dune-caravane-daides-aux-hopitaux-dalger-et-de-blida\\\/#breadcrumb\"},\"inLanguage\":\"fr-FR\",\"potentialAction\":[{\"@type\":\"ReadAction\",\"target\":[\"https:\\\/\\\/lasentinelle.dz\\\/index.php\\\/2021\\\/08\\\/29\\\/lutte-anti-covid19-lancement-dune-caravane-daides-aux-hopitaux-dalger-et-de-blida\\\/\"]}]},{\"@type\":\"ImageObject\",\"inLanguage\":\"fr-FR\",\"@id\":\"https:\\\/\\\/lasentinelle.dz\\\/index.php\\\/2021\\\/08\\\/29\\\/lutte-anti-covid19-lancement-dune-caravane-daides-aux-hopitaux-dalger-et-de-blida\\\/#primaryimage\",\"url\":\"https:\\\/\\\/lasentinelle.dz\\\/wp-content\\\/uploads\\\/2021\\\/08\\\/image_2021-08-28_184624.png\",\"contentUrl\":\"https:\\\/\\\/lasentinelle.dz\\\/wp-content\\\/uploads\\\/2021\\\/08\\\/image_2021-08-28_184624.png\",\"width\":1400,\"height\":768},{\"@type\":\"BreadcrumbList\",\"@id\":\"https:\\\/\\\/lasentinelle.dz\\\/index.php\\\/2021\\\/08\\\/29\\\/lutte-anti-covid19-lancement-dune-caravane-daides-aux-hopitaux-dalger-et-de-blida\\\/#breadcrumb\",\"itemListElement\":[{\"@type\":\"ListItem\",\"position\":1,\"name\":\"Accueil\",\"item\":\"https:\\\/\\\/lasentinelle.dz\\\/\"},{\"@type\":\"ListItem\",\"position\":2,\"name\":\"Lutte anti-covid19 : Lancement d&rsquo;une caravane d&rsquo;aides aux h\u00f4pitaux d&rsquo;Alger et de Blida\"}]},{\"@type\":\"WebSite\",\"@id\":\"https:\\\/\\\/lasentinelle.dz\\\/#website\",\"url\":\"https:\\\/\\\/lasentinelle.dz\\\/\",\"name\":\"La Sentinelle\",\"description\":\"Quotidien national d&#039;information\",\"publisher\":{\"@id\":\"https:\\\/\\\/lasentinelle.dz\\\/#organization\"},\"potentialAction\":[{\"@type\":\"SearchAction\",\"target\":{\"@type\":\"EntryPoint\",\"urlTemplate\":\"https:\\\/\\\/lasentinelle.dz\\\/?s={search_term_string}\"},\"query-input\":{\"@type\":\"PropertyValueSpecification\",\"valueRequired\":true,\"valueName\":\"search_term_string\"}}],\"inLanguage\":\"fr-FR\"},{\"@type\":\"Organization\",\"@id\":\"https:\\\/\\\/lasentinelle.dz\\\/#organization\",\"name\":\"Quotidien La Sentinelle\",\"url\":\"https:\\\/\\\/lasentinelle.dz\\\/\",\"logo\":{\"@type\":\"ImageObject\",\"inLanguage\":\"fr-FR\",\"@id\":\"https:\\\/\\\/lasentinelle.dz\\\/#\\\/schema\\\/logo\\\/image\\\/\",\"url\":\"https:\\\/\\\/lasentinelle.dz\\\/wp-content\\\/uploads\\\/2021\\\/09\\\/logo-sentinelleSLOGAN-1.png\",\"contentUrl\":\"https:\\\/\\\/lasentinelle.dz\\\/wp-content\\\/uploads\\\/2021\\\/09\\\/logo-sentinelleSLOGAN-1.png\",\"width\":615,\"height\":142,\"caption\":\"Quotidien La Sentinelle\"},\"image\":{\"@id\":\"https:\\\/\\\/lasentinelle.dz\\\/#\\\/schema\\\/logo\\\/image\\\/\"},\"sameAs\":[\"https:\\\/\\\/www.facebook.com\\\/La-Sentinelle-104059864394773\"]},{\"@type\":\"Person\",\"@id\":\"https:\\\/\\\/lasentinelle.dz\\\/#\\\/schema\\\/person\\\/d865044e22e70a75174ce8bcad3acfb3\",\"name\":\"La Sentinelle\",\"image\":{\"@type\":\"ImageObject\",\"inLanguage\":\"fr-FR\",\"@id\":\"https:\\\/\\\/secure.gravatar.com\\\/avatar\\\/57de8e5d4b15d43fb361a71fbb36338450fe67865b528a43dd10ef7c51a20392?s=96&d=mm&r=g\",\"url\":\"https:\\\/\\\/secure.gravatar.com\\\/avatar\\\/57de8e5d4b15d43fb361a71fbb36338450fe67865b528a43dd10ef7c51a20392?s=96&d=mm&r=g\",\"contentUrl\":\"https:\\\/\\\/secure.gravatar.com\\\/avatar\\\/57de8e5d4b15d43fb361a71fbb36338450fe67865b528a43dd10ef7c51a20392?s=96&d=mm&r=g\",\"caption\":\"La Sentinelle\"},\"sameAs\":[\"http:\\\/\\\/www.lasentinelle.dz\"],\"url\":\"https:\\\/\\\/lasentinelle.dz\\\/author\\\/redaction\\\/\"}]}<\/script>\n<!-- \/ Yoast SEO plugin. -->","yoast_head_json":{"title":"Lutte anti-covid19 : Lancement d'une caravane d'aides aux h\u00f4pitaux d'Alger et de Blida - La Sentinelle","robots":{"index":"index","follow":"follow","max-snippet":"max-snippet:-1","max-image-preview":"max-image-preview:large","max-video-preview":"max-video-preview:-1"},"canonical":"https:\/\/lasentinelle.dz\/index.php\/2021\/08\/29\/lutte-anti-covid19-lancement-dune-caravane-daides-aux-hopitaux-dalger-et-de-blida\/","og_locale":"fr_FR","og_type":"article","og_title":"Lutte anti-covid19 : Lancement d'une caravane d'aides aux h\u00f4pitaux d'Alger et de Blida - La Sentinelle","og_description":"Une caravane d&rsquo;aides charg\u00e9e de produits pharmaceutiques et d&rsquo;hygi\u00e8ne s&rsquo;est \u00e9branl\u00e9e, hier \u00e0 Alger, en direction des h\u00f4pitaux d&rsquo;Alger et","og_url":"https:\/\/lasentinelle.dz\/index.php\/2021\/08\/29\/lutte-anti-covid19-lancement-dune-caravane-daides-aux-hopitaux-dalger-et-de-blida\/","og_site_name":"La Sentinelle","article_publisher":"https:\/\/www.facebook.com\/La-Sentinelle-104059864394773","article_published_time":"2021-08-28T23:01:00+00:00","og_image":[{"width":1400,"height":768,"url":"https:\/\/lasentinelle.dz\/wp-content\/uploads\/2021\/08\/image_2021-08-28_184624.png","type":"image\/png"}],"author":"La Sentinelle","twitter_card":"summary_large_image","twitter_misc":{"\u00c9crit par":"La Sentinelle","Dur\u00e9e de lecture estim\u00e9e":"2 minutes"},"schema":{"@context":"https:\/\/schema.org","@graph":[{"@type":"Article","@id":"https:\/\/lasentinelle.dz\/index.php\/2021\/08\/29\/lutte-anti-covid19-lancement-dune-caravane-daides-aux-hopitaux-dalger-et-de-blida\/#article","isPartOf":{"@id":"https:\/\/lasentinelle.dz\/index.php\/2021\/08\/29\/lutte-anti-covid19-lancement-dune-caravane-daides-aux-hopitaux-dalger-et-de-blida\/"},"author":{"name":"La Sentinelle","@id":"https:\/\/lasentinelle.dz\/#\/schema\/person\/d865044e22e70a75174ce8bcad3acfb3"},"headline":"Lutte anti-covid19 : Lancement d&rsquo;une caravane d&rsquo;aides aux h\u00f4pitaux d&rsquo;Alger et de Blida","datePublished":"2021-08-28T23:01:00+00:00","mainEntityOfPage":{"@id":"https:\/\/lasentinelle.dz\/index.php\/2021\/08\/29\/lutte-anti-covid19-lancement-dune-caravane-daides-aux-hopitaux-dalger-et-de-blida\/"},"wordCount":431,"commentCount":0,"publisher":{"@id":"https:\/\/lasentinelle.dz\/#organization"},"image":{"@id":"https:\/\/lasentinelle.dz\/index.php\/2021\/08\/29\/lutte-anti-covid19-lancement-dune-caravane-daides-aux-hopitaux-dalger-et-de-blida\/#primaryimage"},"thumbnailUrl":"https:\/\/lasentinelle.dz\/wp-content\/uploads\/2021\/08\/image_2021-08-28_184624.png","articleSection":["Actualit\u00e9"],"inLanguage":"fr-FR","potentialAction":[{"@type":"CommentAction","name":"Comment","target":["https:\/\/lasentinelle.dz\/index.php\/2021\/08\/29\/lutte-anti-covid19-lancement-dune-caravane-daides-aux-hopitaux-dalger-et-de-blida\/#respond"]}]},{"@type":"WebPage","@id":"https:\/\/lasentinelle.dz\/index.php\/2021\/08\/29\/lutte-anti-covid19-lancement-dune-caravane-daides-aux-hopitaux-dalger-et-de-blida\/","url":"https:\/\/lasentinelle.dz\/index.php\/2021\/08\/29\/lutte-anti-covid19-lancement-dune-caravane-daides-aux-hopitaux-dalger-et-de-blida\/","name":"Lutte anti-covid19 : Lancement d'une caravane d'aides aux h\u00f4pitaux d'Alger et de Blida - La Sentinelle","isPartOf":{"@id":"https:\/\/lasentinelle.dz\/#website"},"primaryImageOfPage":{"@id":"https:\/\/lasentinelle.dz\/index.php\/2021\/08\/29\/lutte-anti-covid19-lancement-dune-caravane-daides-aux-hopitaux-dalger-et-de-blida\/#primaryimage"},"image":{"@id":"https:\/\/lasentinelle.dz\/index.php\/2021\/08\/29\/lutte-anti-covid19-lancement-dune-caravane-daides-aux-hopitaux-dalger-et-de-blida\/#primaryimage"},"thumbnailUrl":"https:\/\/lasentinelle.dz\/wp-content\/uploads\/2021\/08\/image_2021-08-28_184624.png","datePublished":"2021-08-28T23:01:00+00:00","breadcrumb":{"@id":"https:\/\/lasentinelle.dz\/index.php\/2021\/08\/29\/lutte-anti-covid19-lancement-dune-caravane-daides-aux-hopitaux-dalger-et-de-blida\/#breadcrumb"},"inLanguage":"fr-FR","potentialAction":[{"@type":"ReadAction","target":["https:\/\/lasentinelle.dz\/index.php\/2021\/08\/29\/lutte-anti-covid19-lancement-dune-caravane-daides-aux-hopitaux-dalger-et-de-blida\/"]}]},{"@type":"ImageObject","inLanguage":"fr-FR","@id":"https:\/\/lasentinelle.dz\/index.php\/2021\/08\/29\/lutte-anti-covid19-lancement-dune-caravane-daides-aux-hopitaux-dalger-et-de-blida\/#primaryimage","url":"https:\/\/lasentinelle.dz\/wp-content\/uploads\/2021\/08\/image_2021-08-28_184624.png","contentUrl":"https:\/\/lasentinelle.dz\/wp-content\/uploads\/2021\/08\/image_2021-08-28_184624.png","width":1400,"height":768},{"@type":"BreadcrumbList","@id":"https:\/\/lasentinelle.dz\/index.php\/2021\/08\/29\/lutte-anti-covid19-lancement-dune-caravane-daides-aux-hopitaux-dalger-et-de-blida\/#breadcrumb","itemListElement":[{"@type":"ListItem","position":1,"name":"Accueil","item":"https:\/\/lasentinelle.dz\/"},{"@type":"ListItem","position":2,"name":"Lutte anti-covid19 : Lancement d&rsquo;une caravane d&rsquo;aides aux h\u00f4pitaux d&rsquo;Alger et de Blida"}]},{"@type":"WebSite","@id":"https:\/\/lasentinelle.dz\/#website","url":"https:\/\/lasentinelle.dz\/","name":"La Sentinelle","description":"Quotidien national d&#039;information","publisher":{"@id":"https:\/\/lasentinelle.dz\/#organization"},"potentialAction":[{"@type":"SearchAction","target":{"@type":"EntryPoint","urlTemplate":"https:\/\/lasentinelle.dz\/?s={search_term_string}"},"query-input":{"@type":"PropertyValueSpecification","valueRequired":true,"valueName":"search_term_string"}}],"inLanguage":"fr-FR"},{"@type":"Organization","@id":"https:\/\/lasentinelle.dz\/#organization","name":"Quotidien La Sentinelle","url":"https:\/\/lasentinelle.dz\/","logo":{"@type":"ImageObject","inLanguage":"fr-FR","@id":"https:\/\/lasentinelle.dz\/#\/schema\/logo\/image\/","url":"https:\/\/lasentinelle.dz\/wp-content\/uploads\/2021\/09\/logo-sentinelleSLOGAN-1.png","contentUrl":"https:\/\/lasentinelle.dz\/wp-content\/uploads\/2021\/09\/logo-sentinelleSLOGAN-1.png","width":615,"height":142,"caption":"Quotidien La Sentinelle"},"image":{"@id":"https:\/\/lasentinelle.dz\/#\/schema\/logo\/image\/"},"sameAs":["https:\/\/www.facebook.com\/La-Sentinelle-104059864394773"]},{"@type":"Person","@id":"https:\/\/lasentinelle.dz\/#\/schema\/person\/d865044e22e70a75174ce8bcad3acfb3","name":"La Sentinelle","image":{"@type":"ImageObject","inLanguage":"fr-FR","@id":"https:\/\/secure.gravatar.com\/avatar\/57de8e5d4b15d43fb361a71fbb36338450fe67865b528a43dd10ef7c51a20392?s=96&d=mm&r=g","url":"https:\/\/secure.gravatar.com\/avatar\/57de8e5d4b15d43fb361a71fbb36338450fe67865b528a43dd10ef7c51a20392?s=96&d=mm&r=g","contentUrl":"https:\/\/secure.gravatar.com\/avatar\/57de8e5d4b15d43fb361a71fbb36338450fe67865b528a43dd10ef7c51a20392?s=96&d=mm&r=g","caption":"La Sentinelle"},"sameAs":["http:\/\/www.lasentinelle.dz"],"url":"https:\/\/lasentinelle.dz\/author\/redaction\/"}]}},"_links":{"self":[{"href":"https:\/\/lasentinelle.dz\/index.php\/wp-json\/wp\/v2\/posts\/5700","targetHints":{"allow":["GET"]}}],"collection":[{"href":"https:\/\/lasentinelle.dz\/index.php\/wp-json\/wp\/v2\/posts"}],"about":[{"href":"https:\/\/lasentinelle.dz\/index.php\/wp-json\/wp\/v2\/types\/post"}],"author":[{"embeddable":true,"href":"https:\/\/lasentinelle.dz\/index.php\/wp-json\/wp\/v2\/users\/3"}],"replies":[{"embeddable":true,"href":"https:\/\/lasentinelle.dz\/index.php\/wp-json\/wp\/v2\/comments?post=5700"}],"version-history":[{"count":1,"href":"https:\/\/lasentinelle.dz\/index.php\/wp-json\/wp\/v2\/posts\/5700\/revisions"}],"predecessor-version":[{"id":5707,"href":"https:\/\/lasentinelle.dz\/index.php\/wp-json\/wp\/v2\/posts\/5700\/revisions\/5707"}],"wp:featuredmedia":[{"embeddable":true,"href":"https:\/\/lasentinelle.dz\/index.php\/wp-json\/wp\/v2\/media\/5705"}],"wp:attachment":[{"href":"https:\/\/lasentinelle.dz\/index.php\/wp-json\/wp\/v2\/media?parent=5700"}],"wp:term":[{"taxonomy":"category","embeddable":true,"href":"https:\/\/lasentinelle.dz\/index.php\/wp-json\/wp\/v2\/categories?post=5700"},{"taxonomy":"post_tag","embeddable":true,"href":"https:\/\/lasentinelle.dz\/index.php\/wp-json\/wp\/v2\/tags?post=5700"}],"curies":[{"name":"wp","href":"https:\/\/api.w.org\/{rel}","templated":true}]}}