{"id":57023,"date":"2024-09-09T19:30:10","date_gmt":"2024-09-09T18:30:10","guid":{"rendered":"https:\/\/lasentinelle.dz\/?p=57023"},"modified":"2024-09-15T19:30:50","modified_gmt":"2024-09-15T18:30:50","slug":"constantine-mise-en-service-du-nouveau-centre-anti-cancer","status":"publish","type":"post","link":"https:\/\/lasentinelle.dz\/index.php\/2024\/09\/09\/constantine-mise-en-service-du-nouveau-centre-anti-cancer\/","title":{"rendered":"Constantine : Mise en service du nouveau centre anti-cancer"},"content":{"rendered":"\n<p>Dot\u00e9e d\u2019\u00e9quipements m\u00e9dicaux de pointe, le nouveau CAC doit permettre de renforcer le secteur de la sant\u00e9, en contribuant \u00e0 fournir une prestation sanitaire de qualit\u00e9 aux malades atteints de cancer.<\/p>\n\n\n\n<p>La r\u00e9novation et la r\u00e9habilitation des infrastructures, l\u2019acquisition de nouveaux \u00e9quipements m\u00e9dicaux et le lancement de services de soins innovants, sont autant d\u2019indices du dynamisme du secteur de la sant\u00e9 dans la wilaya de Constantine. En t\u00e9moigne cet essor visible et palpable du secteur de la sant\u00e9, avec l\u2019entr\u00e9e en service du nouveau centre anti-cancer, relevant du centre hospitalo-universitaire (CHU) Ben Badis. Dot\u00e9e d\u2019\u00e9quipements m\u00e9dicaux de pointe, le nouveau CAC doit permettre de renforcer le secteur de la sant\u00e9, en contribuant \u00e0 fournir une prestation sanitaire de qualit\u00e9 aux malades atteints de cancer. Cette r\u00e9alisation constitue un acquis majeur pour les patients atteints de cancer, tant dans la wilaya que dans toute la r\u00e9gion Est du pays. D\u2019une capacit\u00e9 d\u2019accueil de 64 lits, l\u2019\u00e9tablissement est dot\u00e9 d\u2019\u00e9quipements High Tech de derni\u00e8re g\u00e9n\u00e9ration, notamment quatre acc\u00e9l\u00e9rateurs nucl\u00e9aires, dont un mod\u00e8le \u00ab\u00a0Truebeam\u00a0\u00bb, la derni\u00e8re nouveaut\u00e9 dans le domaine. Ce dispositif permettra de r\u00e9duire les listes d\u2019attente et d\u2019assurer une prise en charge rapide des patients, avec 90 patients\/ j. La structure dispose de deux salles d\u2019op\u00e9ration pour canc\u00e9reux, d\u2019un laboratoire d\u2019anatomie pathologique et d\u2019unit\u00e9s de soins intensifs. Lors de la mise en service de la structure, la semaine \u00e9coul\u00e9e, le wali de Constantine a \u00e9mis des observations, pour ne pas dire des r\u00e9serves, \u00e0 l\u2019entreprise charg\u00e9e de la r\u00e9alisation quant aux ajustements \u00e0 apporter avant la r\u00e9ception d\u00e9finitive du projet. Au-del\u00e0, le chef de l\u2019ex\u00e9cutif local a charg\u00e9 l\u2019inspecteur g\u00e9n\u00e9ral de la wilaya de surveiller la qualit\u00e9 des services fournis aux patients. Pour cela, le responsable a mis l\u2019accent sur l\u2019importance de compl\u00e9ter l\u2019\u00e9quipement du centre avec les ressources n\u00e9cessaires pour garantir le confort des patients durant leur s\u00e9jour, en plus de l\u2019importance du recrutement d\u2019 un personnel m\u00e9dical, param\u00e9dical et administratif comp\u00e9tent, capable d\u2019assurer une prise en charge optimale et de qualit\u00e9 adapt\u00e9e aux besoins sp\u00e9cifiques des patients atteints de cancer. Outre la mise en service de ce nouveau CAC, le secteur de la sant\u00e9 dans la wilaya de Constantine conna\u00eet une vraie dynamique de par les multiples op\u00e9rations de remise en \u00e9tat et l\u2019acquisition d\u2019\u00e9quipements m\u00e9dicaux entre autres, dont l\u2019objectif est d\u2019optimiser la prise en charge des patients et moderniser le syst\u00e8me de sant\u00e9 local, afin d\u2019 atteindre des standards internationaux. Dans ce contexte, il faut souligner que plusieurs \u00e9tablissements de sant\u00e9 ont b\u00e9n\u00e9fici\u00e9 d\u2019un vaste programme de r\u00e9habilitation, incluant l\u2019h\u00f4pital d\u2019El Khroub, l\u2019\u00e9tablissement sp\u00e9cialis\u00e9 en psychiatrie de Djebel Ouahch, et l\u2019h\u00f4pital Dakci. M\u00eame les cliniques polyvalentes, dont celles de Filali et de Zouaghi, ainsi que l\u2019Institut sup\u00e9rieur de formation param\u00e9dicale ont \u00e9t\u00e9 r\u00e9nov\u00e9s. La contribution des donateurs a fortement confort\u00e9 le secteur de la sant\u00e9 dans la wilaya des ponts. En effet, le secteur a re\u00e7u pas moins de 35 appareils de dialyse et 4 unit\u00e9s de traitement des eaux, livr\u00e9s par des \u00e2mes charitables, refl\u00e9tant la responsabilit\u00e9 solidaire des citoyens. Dans le cadre de cette dynamique que conna\u00eet depuis quelques mois le secteur de la sant\u00e9 \u00e0 Constantine, l\u2019h\u00f4pital Abdelkader Ben Cherif \u00e0 Ali Mendjeli a \u00e9t\u00e9 \u00e9quip\u00e9 d\u2019un r\u00e9servoir d\u2019oxyg\u00e8ne de 6.000 litres, tandis que 75 concentrateurs d\u2019oxyg\u00e8ne ont \u00e9t\u00e9 mis en service. Dans le m\u00eame sillage, le parc automobile sanitaire a \u00e9t\u00e9 renforc\u00e9 par l\u2019achat de 10 ambulances m\u00e9dicalis\u00e9es et 11 v\u00e9hicules utilitaires, en plus d\u2019\u00e9quipements de pointe pour le diagnostic et le traitement du cancer qui ont \u00e9t\u00e9 acquis, dont un premier acc\u00e9l\u00e9rateur de particules d\u00e9j\u00e0 op\u00e9rationnel et un second devant \u00eatre r\u00e9ceptionn\u00e9 prochainement. Au volet des activit\u00e9s m\u00e9dicales, le secteur a connu un essor significatif avec la reprise des transplantations r\u00e9nales, en coordination avec l\u2019agence nationale des greffes. Au-del\u00e0, un syst\u00e8me de garde de nuit en H24 a \u00e9t\u00e9 instaur\u00e9 dans plusieurs polycliniques, en plus de la cr\u00e9ation, \u00e0 la polyclinique Fadli Cherif, d\u2019une unit\u00e9 de vaccination internationale. La num\u00e9risation du secteur n\u2019est pas rest\u00e9e en marge du d\u00e9veloppement du secteur de la sant\u00e9 \u00e0 Constantine. Une plateforme num\u00e9rique a \u00e9t\u00e9 mise en place, reli\u00e9e au num\u00e9ro vert \u2018\u20193030\u2019\u2019. Une d\u00e9marche devant permettre d\u2019am\u00e9liorer la coordination des urgences m\u00e9dico-chirurgicales. Ainsi, pour une prise en charge sp\u00e9cialis\u00e9e, les urgences cardiaques sont d\u00e9sormais accessibles aux citoyens via cette plateforme num\u00e9rique. Cette mue du secteur de la sant\u00e9 dans la wilaya du Rummel refl\u00e8te l\u2019engagement des autorit\u00e9s locales de la wilaya, et leur d\u00e9termination \u00e0 am\u00e9liorer la qualit\u00e9 des soins afin de r\u00e9pondre aux besoins de la population en mati\u00e8re de sant\u00e9 publique.<\/p>\n\n\n\n<p><strong>Sofia Chahine<\/strong><\/p>\n","protected":false},"excerpt":{"rendered":"<p>Dot\u00e9e d\u2019\u00e9quipements m\u00e9dicaux de pointe, le nouveau CAC doit permettre de renforcer le secteur de la sant\u00e9, en contribuant \u00e0<\/p>\n","protected":false},"author":6,"featured_media":56604,"comment_status":"open","ping_status":"closed","sticky":false,"template":"","format":"standard","meta":{"colormag_page_container_layout":"default_layout","colormag_page_sidebar_layout":"default_layout","om_disable_all_campaigns":false,"_monsterinsights_skip_tracking":false,"_monsterinsights_sitenote_active":false,"_monsterinsights_sitenote_note":"","_monsterinsights_sitenote_category":0,"footnotes":"","_wpscppro_dont_share_socialmedia":false,"_wpscppro_custom_social_share_image":0,"_facebook_share_type":"default","_twitter_share_type":"default","_linkedin_share_type":"default","_pinterest_share_type":"default","_linkedin_share_type_page":"","_instagram_share_type":"default","_medium_share_type":"","_threads_share_type":"","_google_business_share_type":"","_selected_social_profile":[],"_wpsp_enable_custom_social_template":false,"_wpsp_social_scheduling":{"enabled":false,"datetime":null,"platforms":[],"status":"template_only","dateOption":"today","timeOption":"now","customDays":"","customHours":"","customDate":"","customTime":"","schedulingType":"absolute"},"_wpsp_active_default_template":true},"categories":[31],"tags":[],"class_list":["post-57023","post","type-post","status-publish","format-standard","has-post-thumbnail","hentry","category-regions"],"aioseo_notices":[],"yoast_head":"<!-- This site is optimized with the Yoast SEO plugin v27.5 - https:\/\/yoast.com\/product\/yoast-seo-wordpress\/ -->\n<title>Constantine : Mise en service du nouveau centre anti-cancer - La Sentinelle<\/title>\n<meta name=\"robots\" content=\"index, follow, max-snippet:-1, max-image-preview:large, max-video-preview:-1\" \/>\n<link rel=\"canonical\" href=\"https:\/\/lasentinelle.dz\/index.php\/2024\/09\/09\/constantine-mise-en-service-du-nouveau-centre-anti-cancer\/\" \/>\n<meta property=\"og:locale\" content=\"fr_FR\" \/>\n<meta property=\"og:type\" content=\"article\" \/>\n<meta property=\"og:title\" content=\"Constantine : Mise en service du nouveau centre anti-cancer - La Sentinelle\" \/>\n<meta property=\"og:description\" content=\"Dot\u00e9e d\u2019\u00e9quipements m\u00e9dicaux de pointe, le nouveau CAC doit permettre de renforcer le secteur de la sant\u00e9, en contribuant \u00e0\" \/>\n<meta property=\"og:url\" content=\"https:\/\/lasentinelle.dz\/index.php\/2024\/09\/09\/constantine-mise-en-service-du-nouveau-centre-anti-cancer\/\" \/>\n<meta property=\"og:site_name\" content=\"La Sentinelle\" \/>\n<meta property=\"article:publisher\" content=\"https:\/\/www.facebook.com\/La-Sentinelle-104059864394773\" \/>\n<meta property=\"article:published_time\" content=\"2024-09-09T18:30:10+00:00\" \/>\n<meta property=\"article:modified_time\" content=\"2024-09-15T18:30:50+00:00\" \/>\n<meta property=\"og:image\" content=\"https:\/\/lasentinelle.dz\/wp-content\/uploads\/2024\/09\/CAC.jpeg\" \/>\n\t<meta property=\"og:image:width\" content=\"300\" \/>\n\t<meta property=\"og:image:height\" content=\"168\" \/>\n\t<meta property=\"og:image:type\" content=\"image\/jpeg\" \/>\n<meta name=\"author\" content=\"admin\" \/>\n<meta name=\"twitter:card\" content=\"summary_large_image\" \/>\n<meta name=\"twitter:label1\" content=\"\u00c9crit par\" \/>\n\t<meta name=\"twitter:data1\" content=\"admin\" \/>\n\t<meta name=\"twitter:label2\" content=\"Dur\u00e9e de lecture estim\u00e9e\" \/>\n\t<meta name=\"twitter:data2\" content=\"5 minutes\" \/>\n<script type=\"application\/ld+json\" class=\"yoast-schema-graph\">{\"@context\":\"https:\\\/\\\/schema.org\",\"@graph\":[{\"@type\":\"Article\",\"@id\":\"https:\\\/\\\/lasentinelle.dz\\\/index.php\\\/2024\\\/09\\\/09\\\/constantine-mise-en-service-du-nouveau-centre-anti-cancer\\\/#article\",\"isPartOf\":{\"@id\":\"https:\\\/\\\/lasentinelle.dz\\\/index.php\\\/2024\\\/09\\\/09\\\/constantine-mise-en-service-du-nouveau-centre-anti-cancer\\\/\"},\"author\":{\"name\":\"admin\",\"@id\":\"https:\\\/\\\/lasentinelle.dz\\\/#\\\/schema\\\/person\\\/729ee0024f24e0b8c5ec17232f8e8b41\"},\"headline\":\"Constantine : Mise en service du nouveau centre anti-cancer\",\"datePublished\":\"2024-09-09T18:30:10+00:00\",\"dateModified\":\"2024-09-15T18:30:50+00:00\",\"mainEntityOfPage\":{\"@id\":\"https:\\\/\\\/lasentinelle.dz\\\/index.php\\\/2024\\\/09\\\/09\\\/constantine-mise-en-service-du-nouveau-centre-anti-cancer\\\/\"},\"wordCount\":890,\"commentCount\":0,\"publisher\":{\"@id\":\"https:\\\/\\\/lasentinelle.dz\\\/#organization\"},\"image\":{\"@id\":\"https:\\\/\\\/lasentinelle.dz\\\/index.php\\\/2024\\\/09\\\/09\\\/constantine-mise-en-service-du-nouveau-centre-anti-cancer\\\/#primaryimage\"},\"thumbnailUrl\":\"https:\\\/\\\/lasentinelle.dz\\\/wp-content\\\/uploads\\\/2024\\\/09\\\/CAC.jpeg\",\"articleSection\":[\"R\u00e9gions\"],\"inLanguage\":\"fr-FR\",\"potentialAction\":[{\"@type\":\"CommentAction\",\"name\":\"Comment\",\"target\":[\"https:\\\/\\\/lasentinelle.dz\\\/index.php\\\/2024\\\/09\\\/09\\\/constantine-mise-en-service-du-nouveau-centre-anti-cancer\\\/#respond\"]}]},{\"@type\":\"WebPage\",\"@id\":\"https:\\\/\\\/lasentinelle.dz\\\/index.php\\\/2024\\\/09\\\/09\\\/constantine-mise-en-service-du-nouveau-centre-anti-cancer\\\/\",\"url\":\"https:\\\/\\\/lasentinelle.dz\\\/index.php\\\/2024\\\/09\\\/09\\\/constantine-mise-en-service-du-nouveau-centre-anti-cancer\\\/\",\"name\":\"Constantine : Mise en service du nouveau centre anti-cancer - La Sentinelle\",\"isPartOf\":{\"@id\":\"https:\\\/\\\/lasentinelle.dz\\\/#website\"},\"primaryImageOfPage\":{\"@id\":\"https:\\\/\\\/lasentinelle.dz\\\/index.php\\\/2024\\\/09\\\/09\\\/constantine-mise-en-service-du-nouveau-centre-anti-cancer\\\/#primaryimage\"},\"image\":{\"@id\":\"https:\\\/\\\/lasentinelle.dz\\\/index.php\\\/2024\\\/09\\\/09\\\/constantine-mise-en-service-du-nouveau-centre-anti-cancer\\\/#primaryimage\"},\"thumbnailUrl\":\"https:\\\/\\\/lasentinelle.dz\\\/wp-content\\\/uploads\\\/2024\\\/09\\\/CAC.jpeg\",\"datePublished\":\"2024-09-09T18:30:10+00:00\",\"dateModified\":\"2024-09-15T18:30:50+00:00\",\"breadcrumb\":{\"@id\":\"https:\\\/\\\/lasentinelle.dz\\\/index.php\\\/2024\\\/09\\\/09\\\/constantine-mise-en-service-du-nouveau-centre-anti-cancer\\\/#breadcrumb\"},\"inLanguage\":\"fr-FR\",\"potentialAction\":[{\"@type\":\"ReadAction\",\"target\":[\"https:\\\/\\\/lasentinelle.dz\\\/index.php\\\/2024\\\/09\\\/09\\\/constantine-mise-en-service-du-nouveau-centre-anti-cancer\\\/\"]}]},{\"@type\":\"ImageObject\",\"inLanguage\":\"fr-FR\",\"@id\":\"https:\\\/\\\/lasentinelle.dz\\\/index.php\\\/2024\\\/09\\\/09\\\/constantine-mise-en-service-du-nouveau-centre-anti-cancer\\\/#primaryimage\",\"url\":\"https:\\\/\\\/lasentinelle.dz\\\/wp-content\\\/uploads\\\/2024\\\/09\\\/CAC.jpeg\",\"contentUrl\":\"https:\\\/\\\/lasentinelle.dz\\\/wp-content\\\/uploads\\\/2024\\\/09\\\/CAC.jpeg\",\"width\":300,\"height\":168},{\"@type\":\"BreadcrumbList\",\"@id\":\"https:\\\/\\\/lasentinelle.dz\\\/index.php\\\/2024\\\/09\\\/09\\\/constantine-mise-en-service-du-nouveau-centre-anti-cancer\\\/#breadcrumb\",\"itemListElement\":[{\"@type\":\"ListItem\",\"position\":1,\"name\":\"Accueil\",\"item\":\"https:\\\/\\\/lasentinelle.dz\\\/\"},{\"@type\":\"ListItem\",\"position\":2,\"name\":\"Constantine : Mise en service du nouveau centre anti-cancer\"}]},{\"@type\":\"WebSite\",\"@id\":\"https:\\\/\\\/lasentinelle.dz\\\/#website\",\"url\":\"https:\\\/\\\/lasentinelle.dz\\\/\",\"name\":\"La Sentinelle\",\"description\":\"Quotidien national d&#039;information\",\"publisher\":{\"@id\":\"https:\\\/\\\/lasentinelle.dz\\\/#organization\"},\"potentialAction\":[{\"@type\":\"SearchAction\",\"target\":{\"@type\":\"EntryPoint\",\"urlTemplate\":\"https:\\\/\\\/lasentinelle.dz\\\/?s={search_term_string}\"},\"query-input\":{\"@type\":\"PropertyValueSpecification\",\"valueRequired\":true,\"valueName\":\"search_term_string\"}}],\"inLanguage\":\"fr-FR\"},{\"@type\":\"Organization\",\"@id\":\"https:\\\/\\\/lasentinelle.dz\\\/#organization\",\"name\":\"Quotidien La Sentinelle\",\"url\":\"https:\\\/\\\/lasentinelle.dz\\\/\",\"logo\":{\"@type\":\"ImageObject\",\"inLanguage\":\"fr-FR\",\"@id\":\"https:\\\/\\\/lasentinelle.dz\\\/#\\\/schema\\\/logo\\\/image\\\/\",\"url\":\"https:\\\/\\\/lasentinelle.dz\\\/wp-content\\\/uploads\\\/2021\\\/09\\\/logo-sentinelleSLOGAN-1.png\",\"contentUrl\":\"https:\\\/\\\/lasentinelle.dz\\\/wp-content\\\/uploads\\\/2021\\\/09\\\/logo-sentinelleSLOGAN-1.png\",\"width\":615,\"height\":142,\"caption\":\"Quotidien La Sentinelle\"},\"image\":{\"@id\":\"https:\\\/\\\/lasentinelle.dz\\\/#\\\/schema\\\/logo\\\/image\\\/\"},\"sameAs\":[\"https:\\\/\\\/www.facebook.com\\\/La-Sentinelle-104059864394773\"]},{\"@type\":\"Person\",\"@id\":\"https:\\\/\\\/lasentinelle.dz\\\/#\\\/schema\\\/person\\\/729ee0024f24e0b8c5ec17232f8e8b41\",\"name\":\"admin\",\"image\":{\"@type\":\"ImageObject\",\"inLanguage\":\"fr-FR\",\"@id\":\"https:\\\/\\\/secure.gravatar.com\\\/avatar\\\/4c81fed838786e9b53f540bf46533e750f5d292099ae3b66cfc6fb1982e29df7?s=96&d=mm&r=g\",\"url\":\"https:\\\/\\\/secure.gravatar.com\\\/avatar\\\/4c81fed838786e9b53f540bf46533e750f5d292099ae3b66cfc6fb1982e29df7?s=96&d=mm&r=g\",\"contentUrl\":\"https:\\\/\\\/secure.gravatar.com\\\/avatar\\\/4c81fed838786e9b53f540bf46533e750f5d292099ae3b66cfc6fb1982e29df7?s=96&d=mm&r=g\",\"caption\":\"admin\"},\"description\":\"admin\",\"url\":\"https:\\\/\\\/lasentinelle.dz\\\/author\\\/admin\\\/\"}]}<\/script>\n<!-- \/ Yoast SEO plugin. -->","yoast_head_json":{"title":"Constantine : Mise en service du nouveau centre anti-cancer - La Sentinelle","robots":{"index":"index","follow":"follow","max-snippet":"max-snippet:-1","max-image-preview":"max-image-preview:large","max-video-preview":"max-video-preview:-1"},"canonical":"https:\/\/lasentinelle.dz\/index.php\/2024\/09\/09\/constantine-mise-en-service-du-nouveau-centre-anti-cancer\/","og_locale":"fr_FR","og_type":"article","og_title":"Constantine : Mise en service du nouveau centre anti-cancer - La Sentinelle","og_description":"Dot\u00e9e d\u2019\u00e9quipements m\u00e9dicaux de pointe, le nouveau CAC doit permettre de renforcer le secteur de la sant\u00e9, en contribuant \u00e0","og_url":"https:\/\/lasentinelle.dz\/index.php\/2024\/09\/09\/constantine-mise-en-service-du-nouveau-centre-anti-cancer\/","og_site_name":"La Sentinelle","article_publisher":"https:\/\/www.facebook.com\/La-Sentinelle-104059864394773","article_published_time":"2024-09-09T18:30:10+00:00","article_modified_time":"2024-09-15T18:30:50+00:00","og_image":[{"width":300,"height":168,"url":"https:\/\/lasentinelle.dz\/wp-content\/uploads\/2024\/09\/CAC.jpeg","type":"image\/jpeg"}],"author":"admin","twitter_card":"summary_large_image","twitter_misc":{"\u00c9crit par":"admin","Dur\u00e9e de lecture estim\u00e9e":"5 minutes"},"schema":{"@context":"https:\/\/schema.org","@graph":[{"@type":"Article","@id":"https:\/\/lasentinelle.dz\/index.php\/2024\/09\/09\/constantine-mise-en-service-du-nouveau-centre-anti-cancer\/#article","isPartOf":{"@id":"https:\/\/lasentinelle.dz\/index.php\/2024\/09\/09\/constantine-mise-en-service-du-nouveau-centre-anti-cancer\/"},"author":{"name":"admin","@id":"https:\/\/lasentinelle.dz\/#\/schema\/person\/729ee0024f24e0b8c5ec17232f8e8b41"},"headline":"Constantine : Mise en service du nouveau centre anti-cancer","datePublished":"2024-09-09T18:30:10+00:00","dateModified":"2024-09-15T18:30:50+00:00","mainEntityOfPage":{"@id":"https:\/\/lasentinelle.dz\/index.php\/2024\/09\/09\/constantine-mise-en-service-du-nouveau-centre-anti-cancer\/"},"wordCount":890,"commentCount":0,"publisher":{"@id":"https:\/\/lasentinelle.dz\/#organization"},"image":{"@id":"https:\/\/lasentinelle.dz\/index.php\/2024\/09\/09\/constantine-mise-en-service-du-nouveau-centre-anti-cancer\/#primaryimage"},"thumbnailUrl":"https:\/\/lasentinelle.dz\/wp-content\/uploads\/2024\/09\/CAC.jpeg","articleSection":["R\u00e9gions"],"inLanguage":"fr-FR","potentialAction":[{"@type":"CommentAction","name":"Comment","target":["https:\/\/lasentinelle.dz\/index.php\/2024\/09\/09\/constantine-mise-en-service-du-nouveau-centre-anti-cancer\/#respond"]}]},{"@type":"WebPage","@id":"https:\/\/lasentinelle.dz\/index.php\/2024\/09\/09\/constantine-mise-en-service-du-nouveau-centre-anti-cancer\/","url":"https:\/\/lasentinelle.dz\/index.php\/2024\/09\/09\/constantine-mise-en-service-du-nouveau-centre-anti-cancer\/","name":"Constantine : Mise en service du nouveau centre anti-cancer - La Sentinelle","isPartOf":{"@id":"https:\/\/lasentinelle.dz\/#website"},"primaryImageOfPage":{"@id":"https:\/\/lasentinelle.dz\/index.php\/2024\/09\/09\/constantine-mise-en-service-du-nouveau-centre-anti-cancer\/#primaryimage"},"image":{"@id":"https:\/\/lasentinelle.dz\/index.php\/2024\/09\/09\/constantine-mise-en-service-du-nouveau-centre-anti-cancer\/#primaryimage"},"thumbnailUrl":"https:\/\/lasentinelle.dz\/wp-content\/uploads\/2024\/09\/CAC.jpeg","datePublished":"2024-09-09T18:30:10+00:00","dateModified":"2024-09-15T18:30:50+00:00","breadcrumb":{"@id":"https:\/\/lasentinelle.dz\/index.php\/2024\/09\/09\/constantine-mise-en-service-du-nouveau-centre-anti-cancer\/#breadcrumb"},"inLanguage":"fr-FR","potentialAction":[{"@type":"ReadAction","target":["https:\/\/lasentinelle.dz\/index.php\/2024\/09\/09\/constantine-mise-en-service-du-nouveau-centre-anti-cancer\/"]}]},{"@type":"ImageObject","inLanguage":"fr-FR","@id":"https:\/\/lasentinelle.dz\/index.php\/2024\/09\/09\/constantine-mise-en-service-du-nouveau-centre-anti-cancer\/#primaryimage","url":"https:\/\/lasentinelle.dz\/wp-content\/uploads\/2024\/09\/CAC.jpeg","contentUrl":"https:\/\/lasentinelle.dz\/wp-content\/uploads\/2024\/09\/CAC.jpeg","width":300,"height":168},{"@type":"BreadcrumbList","@id":"https:\/\/lasentinelle.dz\/index.php\/2024\/09\/09\/constantine-mise-en-service-du-nouveau-centre-anti-cancer\/#breadcrumb","itemListElement":[{"@type":"ListItem","position":1,"name":"Accueil","item":"https:\/\/lasentinelle.dz\/"},{"@type":"ListItem","position":2,"name":"Constantine : Mise en service du nouveau centre anti-cancer"}]},{"@type":"WebSite","@id":"https:\/\/lasentinelle.dz\/#website","url":"https:\/\/lasentinelle.dz\/","name":"La Sentinelle","description":"Quotidien national d&#039;information","publisher":{"@id":"https:\/\/lasentinelle.dz\/#organization"},"potentialAction":[{"@type":"SearchAction","target":{"@type":"EntryPoint","urlTemplate":"https:\/\/lasentinelle.dz\/?s={search_term_string}"},"query-input":{"@type":"PropertyValueSpecification","valueRequired":true,"valueName":"search_term_string"}}],"inLanguage":"fr-FR"},{"@type":"Organization","@id":"https:\/\/lasentinelle.dz\/#organization","name":"Quotidien La Sentinelle","url":"https:\/\/lasentinelle.dz\/","logo":{"@type":"ImageObject","inLanguage":"fr-FR","@id":"https:\/\/lasentinelle.dz\/#\/schema\/logo\/image\/","url":"https:\/\/lasentinelle.dz\/wp-content\/uploads\/2021\/09\/logo-sentinelleSLOGAN-1.png","contentUrl":"https:\/\/lasentinelle.dz\/wp-content\/uploads\/2021\/09\/logo-sentinelleSLOGAN-1.png","width":615,"height":142,"caption":"Quotidien La Sentinelle"},"image":{"@id":"https:\/\/lasentinelle.dz\/#\/schema\/logo\/image\/"},"sameAs":["https:\/\/www.facebook.com\/La-Sentinelle-104059864394773"]},{"@type":"Person","@id":"https:\/\/lasentinelle.dz\/#\/schema\/person\/729ee0024f24e0b8c5ec17232f8e8b41","name":"admin","image":{"@type":"ImageObject","inLanguage":"fr-FR","@id":"https:\/\/secure.gravatar.com\/avatar\/4c81fed838786e9b53f540bf46533e750f5d292099ae3b66cfc6fb1982e29df7?s=96&d=mm&r=g","url":"https:\/\/secure.gravatar.com\/avatar\/4c81fed838786e9b53f540bf46533e750f5d292099ae3b66cfc6fb1982e29df7?s=96&d=mm&r=g","contentUrl":"https:\/\/secure.gravatar.com\/avatar\/4c81fed838786e9b53f540bf46533e750f5d292099ae3b66cfc6fb1982e29df7?s=96&d=mm&r=g","caption":"admin"},"description":"admin","url":"https:\/\/lasentinelle.dz\/author\/admin\/"}]}},"_links":{"self":[{"href":"https:\/\/lasentinelle.dz\/index.php\/wp-json\/wp\/v2\/posts\/57023","targetHints":{"allow":["GET"]}}],"collection":[{"href":"https:\/\/lasentinelle.dz\/index.php\/wp-json\/wp\/v2\/posts"}],"about":[{"href":"https:\/\/lasentinelle.dz\/index.php\/wp-json\/wp\/v2\/types\/post"}],"author":[{"embeddable":true,"href":"https:\/\/lasentinelle.dz\/index.php\/wp-json\/wp\/v2\/users\/6"}],"replies":[{"embeddable":true,"href":"https:\/\/lasentinelle.dz\/index.php\/wp-json\/wp\/v2\/comments?post=57023"}],"version-history":[{"count":1,"href":"https:\/\/lasentinelle.dz\/index.php\/wp-json\/wp\/v2\/posts\/57023\/revisions"}],"predecessor-version":[{"id":57024,"href":"https:\/\/lasentinelle.dz\/index.php\/wp-json\/wp\/v2\/posts\/57023\/revisions\/57024"}],"wp:featuredmedia":[{"embeddable":true,"href":"https:\/\/lasentinelle.dz\/index.php\/wp-json\/wp\/v2\/media\/56604"}],"wp:attachment":[{"href":"https:\/\/lasentinelle.dz\/index.php\/wp-json\/wp\/v2\/media?parent=57023"}],"wp:term":[{"taxonomy":"category","embeddable":true,"href":"https:\/\/lasentinelle.dz\/index.php\/wp-json\/wp\/v2\/categories?post=57023"},{"taxonomy":"post_tag","embeddable":true,"href":"https:\/\/lasentinelle.dz\/index.php\/wp-json\/wp\/v2\/tags?post=57023"}],"curies":[{"name":"wp","href":"https:\/\/api.w.org\/{rel}","templated":true}]}}