{"id":57031,"date":"2024-09-09T19:34:36","date_gmt":"2024-09-09T18:34:36","guid":{"rendered":"https:\/\/lasentinelle.dz\/?p=57031"},"modified":"2024-09-15T19:35:18","modified_gmt":"2024-09-15T18:35:18","slug":"amman-avertit-expulser-les-palestiniens-de-la-cisjordanie-occupee-vers-la-jordanie-serait-une-declaration-de-guerre","status":"publish","type":"post","link":"https:\/\/lasentinelle.dz\/index.php\/2024\/09\/09\/amman-avertit-expulser-les-palestiniens-de-la-cisjordanie-occupee-vers-la-jordanie-serait-une-declaration-de-guerre\/","title":{"rendered":"Amman avertit: Expulser les Palestiniens de la Cisjordanie occup\u00e9e vers la Jordanie serait une \u00ab\u00a0d\u00e9claration de guerre\u00a0\u00bb"},"content":{"rendered":"\n<p>Le ministre jordanien des Affaires \u00e9trang\u00e8res, Ayman Safadi, a pr\u00e9venu que toute tentative de l&rsquo;entit\u00e9 Sioniste d&rsquo;expulser les Palestiniens de la Cisjordanie occup\u00e9e vers la Jordanie serait consid\u00e9r\u00e9e par Amman comme une \u00ab\u00a0d\u00e9claration de guerre\u00a0\u00bb. Safadi a d\u00e9clar\u00e9, lors d\u2019une conf\u00e9rence de presse conjointe avec son homologue allemande, Annalena Baerbock, que toute tentative des forces d&rsquo;occupation sioniste d&rsquo;expulser des Palestiniens de la Cisjordanie occup\u00e9e vers la Jordanie serait consid\u00e9r\u00e9e comme une \u00ab\u00a0d\u00e9claration de guerre\u00a0\u00bb, ajoutant que son minist\u00e8re pr\u00e9pare des dossiers juridiques pour intenter une action en justice concernant les raids des forces sionistes sur les lieux saints d&rsquo;El Qods, sans pour autant pr\u00e9ciser l&rsquo;autorit\u00e9 \u00e0 laquelle ces dossiers seront soumis. Appelant la communaut\u00e9 internationale \u00e0 agir avant que la Cisjordanie et l&rsquo;ensemble de la r\u00e9gion ne se transforment en zone de guerre, le chef de la diplomatie jordanienne a indiqu\u00e9 que la premi\u00e8re mesure \u00e0 prendre pour \u00e9viter que la situation dans la r\u00e9gion ne s&rsquo;aggrave est de mettre un terme aux attaques contre les territoires palestiniens. Pour sa part, la ministre allemand des Affaires \u00e9trang\u00e8res a condamn\u00e9 la rh\u00e9torique et les actions des forces d&rsquo;occupation sioniste \u00e0 l&rsquo;\u00e9gard des lieux saints d&rsquo;Al Qods et d\u00e9clar\u00e9 qu&rsquo;elles aggravaient la tension actuelle. A propos de la situation \u00e0 Ghaza et en Cisjordanie et de ses r\u00e9percussions sur le Liban et l&rsquo;Iran, Baerbock a soulign\u00e9 que \u00ab\u00a0le Moyen-Orient et le Proche-Orient sont au bord d&rsquo;une v\u00e9ritable catastrophe et que, dans ce contexte, il est essentiel de parvenir \u00e0 une paix durable et \u00e0 une solution fond\u00e9e sur la coexistence de deux Etats dans la r\u00e9gion\u00a0\u00bb. Rappelons que la violence de l&rsquo;occupation est mont\u00e9e d&rsquo;un cran au cours des derniers jours en Cisjordanie occup\u00e9e confirmant les vell\u00e9it\u00e9s de nettoyage ethnique de l&rsquo;entit\u00e9 sioniste et de ses colons qui cherchent \u00e0 expulser les Palestiniens aussi bien de Ghaza que de la Cisjordanie occup\u00e9e. Une violence qui s&rsquo;est refl\u00e9t\u00e9e par la multiplication des assassinats, des arrestations arbitraires et kidnappings et des raids des colons sionistes contre les villes et villages palestiniens, sans oublier les expulsions et saisies des terres et biens des palestiniens au rythme de la multiplication des colonies. Dans ce contexte, &nbsp;le Club des prisonniers palestiniens a indiqu\u00e9 hier que l&rsquo;arm\u00e9e d&rsquo;occupation sioniste a arr\u00eat\u00e9 au moins 35 Palestiniens de Cisjordanie occup\u00e9e, dont d&rsquo;anciens d\u00e9tenus, au cours des deux derniers jours. Le Club des prisonniers a pr\u00e9cis\u00e9 dans un communiqu\u00e9 que \u00ab\u00a0les arrestations ont \u00e9t\u00e9 r\u00e9parties dans la plupart des gouvernorats de Cisjordanie\u00a0\u00bb. Il a ajout\u00e9 que l&rsquo;arm\u00e9e sioniste \u00ab\u00a0continue de mener des raids et des abus g\u00e9n\u00e9ralis\u00e9s, ainsi que des attaques et des menaces contre les d\u00e9tenus et leurs familles, lors de campagnes d&rsquo;arrestation, en plus des op\u00e9rations d&rsquo;enqu\u00eate sur le terrain, ainsi que du sabotage et de la destruction de maisons\u00a0\u00bb. Le nombre total de d\u00e9tenus en Cisjordanie depuis le d\u00e9but de la guerre g\u00e9nocidaire sioniste contre Ghaza le 7 octobre a atteint plus de 10 400 citoyens de Cisjordanie, y compris El Qods, et le bilan n&rsquo;inclut pas les d\u00e9tenus de la bande de Ghaza, selon des donn\u00e9es pr\u00e9c\u00e9dentes du Club des prisonniers palestiniens.<\/p>\n\n\n\n<p>Chokri Hafed<\/p>\n","protected":false},"excerpt":{"rendered":"<p>Le ministre jordanien des Affaires \u00e9trang\u00e8res, Ayman Safadi, a pr\u00e9venu que toute tentative de l&rsquo;entit\u00e9 Sioniste d&rsquo;expulser les Palestiniens de<\/p>\n","protected":false},"author":6,"featured_media":47391,"comment_status":"open","ping_status":"closed","sticky":false,"template":"","format":"standard","meta":{"colormag_page_container_layout":"default_layout","colormag_page_sidebar_layout":"default_layout","om_disable_all_campaigns":false,"_monsterinsights_skip_tracking":false,"_monsterinsights_sitenote_active":false,"_monsterinsights_sitenote_note":"","_monsterinsights_sitenote_category":0,"footnotes":"","_wpscppro_dont_share_socialmedia":false,"_wpscppro_custom_social_share_image":0,"_facebook_share_type":"default","_twitter_share_type":"default","_linkedin_share_type":"default","_pinterest_share_type":"default","_linkedin_share_type_page":"","_instagram_share_type":"default","_medium_share_type":"","_threads_share_type":"","_google_business_share_type":"","_selected_social_profile":[],"_wpsp_enable_custom_social_template":false,"_wpsp_social_scheduling":{"enabled":false,"datetime":null,"platforms":[],"status":"template_only","dateOption":"today","timeOption":"now","customDays":"","customHours":"","customDate":"","customTime":"","schedulingType":"absolute"},"_wpsp_active_default_template":true},"categories":[27],"tags":[],"class_list":["post-57031","post","type-post","status-publish","format-standard","has-post-thumbnail","hentry","category-actualite"],"aioseo_notices":[],"yoast_head":"<!-- This site is optimized with the Yoast SEO plugin v27.5 - https:\/\/yoast.com\/product\/yoast-seo-wordpress\/ -->\n<title>Amman avertit: Expulser les Palestiniens de la Cisjordanie occup\u00e9e vers la Jordanie serait une \u00ab\u00a0d\u00e9claration de guerre\u00a0\u00bb - La Sentinelle<\/title>\n<meta name=\"robots\" content=\"index, follow, max-snippet:-1, max-image-preview:large, max-video-preview:-1\" \/>\n<link rel=\"canonical\" href=\"https:\/\/lasentinelle.dz\/index.php\/2024\/09\/09\/amman-avertit-expulser-les-palestiniens-de-la-cisjordanie-occupee-vers-la-jordanie-serait-une-declaration-de-guerre\/\" \/>\n<meta property=\"og:locale\" content=\"fr_FR\" \/>\n<meta property=\"og:type\" content=\"article\" \/>\n<meta property=\"og:title\" content=\"Amman avertit: Expulser les Palestiniens de la Cisjordanie occup\u00e9e vers la Jordanie serait une \u00ab\u00a0d\u00e9claration de guerre\u00a0\u00bb - La Sentinelle\" \/>\n<meta property=\"og:description\" content=\"Le ministre jordanien des Affaires \u00e9trang\u00e8res, Ayman Safadi, a pr\u00e9venu que toute tentative de l&rsquo;entit\u00e9 Sioniste d&rsquo;expulser les Palestiniens de\" \/>\n<meta property=\"og:url\" content=\"https:\/\/lasentinelle.dz\/index.php\/2024\/09\/09\/amman-avertit-expulser-les-palestiniens-de-la-cisjordanie-occupee-vers-la-jordanie-serait-une-declaration-de-guerre\/\" \/>\n<meta property=\"og:site_name\" content=\"La Sentinelle\" \/>\n<meta property=\"article:publisher\" content=\"https:\/\/www.facebook.com\/La-Sentinelle-104059864394773\" \/>\n<meta property=\"article:published_time\" content=\"2024-09-09T18:34:36+00:00\" \/>\n<meta property=\"article:modified_time\" content=\"2024-09-15T18:35:18+00:00\" \/>\n<meta property=\"og:image\" content=\"https:\/\/lasentinelle.dz\/wp-content\/uploads\/2023\/11\/cisjordanie.jpeg\" \/>\n\t<meta property=\"og:image:width\" content=\"800\" \/>\n\t<meta property=\"og:image:height\" content=\"534\" \/>\n\t<meta property=\"og:image:type\" content=\"image\/jpeg\" \/>\n<meta name=\"author\" content=\"admin\" \/>\n<meta name=\"twitter:card\" content=\"summary_large_image\" \/>\n<meta name=\"twitter:label1\" content=\"\u00c9crit par\" \/>\n\t<meta name=\"twitter:data1\" content=\"admin\" \/>\n\t<meta name=\"twitter:label2\" content=\"Dur\u00e9e de lecture estim\u00e9e\" \/>\n\t<meta name=\"twitter:data2\" content=\"3 minutes\" \/>\n<script type=\"application\/ld+json\" class=\"yoast-schema-graph\">{\"@context\":\"https:\\\/\\\/schema.org\",\"@graph\":[{\"@type\":\"Article\",\"@id\":\"https:\\\/\\\/lasentinelle.dz\\\/index.php\\\/2024\\\/09\\\/09\\\/amman-avertit-expulser-les-palestiniens-de-la-cisjordanie-occupee-vers-la-jordanie-serait-une-declaration-de-guerre\\\/#article\",\"isPartOf\":{\"@id\":\"https:\\\/\\\/lasentinelle.dz\\\/index.php\\\/2024\\\/09\\\/09\\\/amman-avertit-expulser-les-palestiniens-de-la-cisjordanie-occupee-vers-la-jordanie-serait-une-declaration-de-guerre\\\/\"},\"author\":{\"name\":\"admin\",\"@id\":\"https:\\\/\\\/lasentinelle.dz\\\/#\\\/schema\\\/person\\\/729ee0024f24e0b8c5ec17232f8e8b41\"},\"headline\":\"Amman avertit: Expulser les Palestiniens de la Cisjordanie occup\u00e9e vers la Jordanie serait une \u00ab\u00a0d\u00e9claration de guerre\u00a0\u00bb\",\"datePublished\":\"2024-09-09T18:34:36+00:00\",\"dateModified\":\"2024-09-15T18:35:18+00:00\",\"mainEntityOfPage\":{\"@id\":\"https:\\\/\\\/lasentinelle.dz\\\/index.php\\\/2024\\\/09\\\/09\\\/amman-avertit-expulser-les-palestiniens-de-la-cisjordanie-occupee-vers-la-jordanie-serait-une-declaration-de-guerre\\\/\"},\"wordCount\":603,\"commentCount\":0,\"publisher\":{\"@id\":\"https:\\\/\\\/lasentinelle.dz\\\/#organization\"},\"image\":{\"@id\":\"https:\\\/\\\/lasentinelle.dz\\\/index.php\\\/2024\\\/09\\\/09\\\/amman-avertit-expulser-les-palestiniens-de-la-cisjordanie-occupee-vers-la-jordanie-serait-une-declaration-de-guerre\\\/#primaryimage\"},\"thumbnailUrl\":\"https:\\\/\\\/lasentinelle.dz\\\/wp-content\\\/uploads\\\/2023\\\/11\\\/cisjordanie.jpeg\",\"articleSection\":[\"Actualit\u00e9\"],\"inLanguage\":\"fr-FR\",\"potentialAction\":[{\"@type\":\"CommentAction\",\"name\":\"Comment\",\"target\":[\"https:\\\/\\\/lasentinelle.dz\\\/index.php\\\/2024\\\/09\\\/09\\\/amman-avertit-expulser-les-palestiniens-de-la-cisjordanie-occupee-vers-la-jordanie-serait-une-declaration-de-guerre\\\/#respond\"]}]},{\"@type\":\"WebPage\",\"@id\":\"https:\\\/\\\/lasentinelle.dz\\\/index.php\\\/2024\\\/09\\\/09\\\/amman-avertit-expulser-les-palestiniens-de-la-cisjordanie-occupee-vers-la-jordanie-serait-une-declaration-de-guerre\\\/\",\"url\":\"https:\\\/\\\/lasentinelle.dz\\\/index.php\\\/2024\\\/09\\\/09\\\/amman-avertit-expulser-les-palestiniens-de-la-cisjordanie-occupee-vers-la-jordanie-serait-une-declaration-de-guerre\\\/\",\"name\":\"Amman avertit: Expulser les Palestiniens de la Cisjordanie occup\u00e9e vers la Jordanie serait une \u00ab\u00a0d\u00e9claration de guerre\u00a0\u00bb - La Sentinelle\",\"isPartOf\":{\"@id\":\"https:\\\/\\\/lasentinelle.dz\\\/#website\"},\"primaryImageOfPage\":{\"@id\":\"https:\\\/\\\/lasentinelle.dz\\\/index.php\\\/2024\\\/09\\\/09\\\/amman-avertit-expulser-les-palestiniens-de-la-cisjordanie-occupee-vers-la-jordanie-serait-une-declaration-de-guerre\\\/#primaryimage\"},\"image\":{\"@id\":\"https:\\\/\\\/lasentinelle.dz\\\/index.php\\\/2024\\\/09\\\/09\\\/amman-avertit-expulser-les-palestiniens-de-la-cisjordanie-occupee-vers-la-jordanie-serait-une-declaration-de-guerre\\\/#primaryimage\"},\"thumbnailUrl\":\"https:\\\/\\\/lasentinelle.dz\\\/wp-content\\\/uploads\\\/2023\\\/11\\\/cisjordanie.jpeg\",\"datePublished\":\"2024-09-09T18:34:36+00:00\",\"dateModified\":\"2024-09-15T18:35:18+00:00\",\"breadcrumb\":{\"@id\":\"https:\\\/\\\/lasentinelle.dz\\\/index.php\\\/2024\\\/09\\\/09\\\/amman-avertit-expulser-les-palestiniens-de-la-cisjordanie-occupee-vers-la-jordanie-serait-une-declaration-de-guerre\\\/#breadcrumb\"},\"inLanguage\":\"fr-FR\",\"potentialAction\":[{\"@type\":\"ReadAction\",\"target\":[\"https:\\\/\\\/lasentinelle.dz\\\/index.php\\\/2024\\\/09\\\/09\\\/amman-avertit-expulser-les-palestiniens-de-la-cisjordanie-occupee-vers-la-jordanie-serait-une-declaration-de-guerre\\\/\"]}]},{\"@type\":\"ImageObject\",\"inLanguage\":\"fr-FR\",\"@id\":\"https:\\\/\\\/lasentinelle.dz\\\/index.php\\\/2024\\\/09\\\/09\\\/amman-avertit-expulser-les-palestiniens-de-la-cisjordanie-occupee-vers-la-jordanie-serait-une-declaration-de-guerre\\\/#primaryimage\",\"url\":\"https:\\\/\\\/lasentinelle.dz\\\/wp-content\\\/uploads\\\/2023\\\/11\\\/cisjordanie.jpeg\",\"contentUrl\":\"https:\\\/\\\/lasentinelle.dz\\\/wp-content\\\/uploads\\\/2023\\\/11\\\/cisjordanie.jpeg\",\"width\":800,\"height\":534},{\"@type\":\"BreadcrumbList\",\"@id\":\"https:\\\/\\\/lasentinelle.dz\\\/index.php\\\/2024\\\/09\\\/09\\\/amman-avertit-expulser-les-palestiniens-de-la-cisjordanie-occupee-vers-la-jordanie-serait-une-declaration-de-guerre\\\/#breadcrumb\",\"itemListElement\":[{\"@type\":\"ListItem\",\"position\":1,\"name\":\"Accueil\",\"item\":\"https:\\\/\\\/lasentinelle.dz\\\/\"},{\"@type\":\"ListItem\",\"position\":2,\"name\":\"Amman avertit: Expulser les Palestiniens de la Cisjordanie occup\u00e9e vers la Jordanie serait une \u00ab\u00a0d\u00e9claration de guerre\u00a0\u00bb\"}]},{\"@type\":\"WebSite\",\"@id\":\"https:\\\/\\\/lasentinelle.dz\\\/#website\",\"url\":\"https:\\\/\\\/lasentinelle.dz\\\/\",\"name\":\"La Sentinelle\",\"description\":\"Quotidien national d&#039;information\",\"publisher\":{\"@id\":\"https:\\\/\\\/lasentinelle.dz\\\/#organization\"},\"potentialAction\":[{\"@type\":\"SearchAction\",\"target\":{\"@type\":\"EntryPoint\",\"urlTemplate\":\"https:\\\/\\\/lasentinelle.dz\\\/?s={search_term_string}\"},\"query-input\":{\"@type\":\"PropertyValueSpecification\",\"valueRequired\":true,\"valueName\":\"search_term_string\"}}],\"inLanguage\":\"fr-FR\"},{\"@type\":\"Organization\",\"@id\":\"https:\\\/\\\/lasentinelle.dz\\\/#organization\",\"name\":\"Quotidien La Sentinelle\",\"url\":\"https:\\\/\\\/lasentinelle.dz\\\/\",\"logo\":{\"@type\":\"ImageObject\",\"inLanguage\":\"fr-FR\",\"@id\":\"https:\\\/\\\/lasentinelle.dz\\\/#\\\/schema\\\/logo\\\/image\\\/\",\"url\":\"https:\\\/\\\/lasentinelle.dz\\\/wp-content\\\/uploads\\\/2021\\\/09\\\/logo-sentinelleSLOGAN-1.png\",\"contentUrl\":\"https:\\\/\\\/lasentinelle.dz\\\/wp-content\\\/uploads\\\/2021\\\/09\\\/logo-sentinelleSLOGAN-1.png\",\"width\":615,\"height\":142,\"caption\":\"Quotidien La Sentinelle\"},\"image\":{\"@id\":\"https:\\\/\\\/lasentinelle.dz\\\/#\\\/schema\\\/logo\\\/image\\\/\"},\"sameAs\":[\"https:\\\/\\\/www.facebook.com\\\/La-Sentinelle-104059864394773\"]},{\"@type\":\"Person\",\"@id\":\"https:\\\/\\\/lasentinelle.dz\\\/#\\\/schema\\\/person\\\/729ee0024f24e0b8c5ec17232f8e8b41\",\"name\":\"admin\",\"image\":{\"@type\":\"ImageObject\",\"inLanguage\":\"fr-FR\",\"@id\":\"https:\\\/\\\/secure.gravatar.com\\\/avatar\\\/4c81fed838786e9b53f540bf46533e750f5d292099ae3b66cfc6fb1982e29df7?s=96&d=mm&r=g\",\"url\":\"https:\\\/\\\/secure.gravatar.com\\\/avatar\\\/4c81fed838786e9b53f540bf46533e750f5d292099ae3b66cfc6fb1982e29df7?s=96&d=mm&r=g\",\"contentUrl\":\"https:\\\/\\\/secure.gravatar.com\\\/avatar\\\/4c81fed838786e9b53f540bf46533e750f5d292099ae3b66cfc6fb1982e29df7?s=96&d=mm&r=g\",\"caption\":\"admin\"},\"description\":\"admin\",\"url\":\"https:\\\/\\\/lasentinelle.dz\\\/author\\\/admin\\\/\"}]}<\/script>\n<!-- \/ Yoast SEO plugin. -->","yoast_head_json":{"title":"Amman avertit: Expulser les Palestiniens de la Cisjordanie occup\u00e9e vers la Jordanie serait une \u00ab\u00a0d\u00e9claration de guerre\u00a0\u00bb - La Sentinelle","robots":{"index":"index","follow":"follow","max-snippet":"max-snippet:-1","max-image-preview":"max-image-preview:large","max-video-preview":"max-video-preview:-1"},"canonical":"https:\/\/lasentinelle.dz\/index.php\/2024\/09\/09\/amman-avertit-expulser-les-palestiniens-de-la-cisjordanie-occupee-vers-la-jordanie-serait-une-declaration-de-guerre\/","og_locale":"fr_FR","og_type":"article","og_title":"Amman avertit: Expulser les Palestiniens de la Cisjordanie occup\u00e9e vers la Jordanie serait une \u00ab\u00a0d\u00e9claration de guerre\u00a0\u00bb - La Sentinelle","og_description":"Le ministre jordanien des Affaires \u00e9trang\u00e8res, Ayman Safadi, a pr\u00e9venu que toute tentative de l&rsquo;entit\u00e9 Sioniste d&rsquo;expulser les Palestiniens de","og_url":"https:\/\/lasentinelle.dz\/index.php\/2024\/09\/09\/amman-avertit-expulser-les-palestiniens-de-la-cisjordanie-occupee-vers-la-jordanie-serait-une-declaration-de-guerre\/","og_site_name":"La Sentinelle","article_publisher":"https:\/\/www.facebook.com\/La-Sentinelle-104059864394773","article_published_time":"2024-09-09T18:34:36+00:00","article_modified_time":"2024-09-15T18:35:18+00:00","og_image":[{"width":800,"height":534,"url":"https:\/\/lasentinelle.dz\/wp-content\/uploads\/2023\/11\/cisjordanie.jpeg","type":"image\/jpeg"}],"author":"admin","twitter_card":"summary_large_image","twitter_misc":{"\u00c9crit par":"admin","Dur\u00e9e de lecture estim\u00e9e":"3 minutes"},"schema":{"@context":"https:\/\/schema.org","@graph":[{"@type":"Article","@id":"https:\/\/lasentinelle.dz\/index.php\/2024\/09\/09\/amman-avertit-expulser-les-palestiniens-de-la-cisjordanie-occupee-vers-la-jordanie-serait-une-declaration-de-guerre\/#article","isPartOf":{"@id":"https:\/\/lasentinelle.dz\/index.php\/2024\/09\/09\/amman-avertit-expulser-les-palestiniens-de-la-cisjordanie-occupee-vers-la-jordanie-serait-une-declaration-de-guerre\/"},"author":{"name":"admin","@id":"https:\/\/lasentinelle.dz\/#\/schema\/person\/729ee0024f24e0b8c5ec17232f8e8b41"},"headline":"Amman avertit: Expulser les Palestiniens de la Cisjordanie occup\u00e9e vers la Jordanie serait une \u00ab\u00a0d\u00e9claration de guerre\u00a0\u00bb","datePublished":"2024-09-09T18:34:36+00:00","dateModified":"2024-09-15T18:35:18+00:00","mainEntityOfPage":{"@id":"https:\/\/lasentinelle.dz\/index.php\/2024\/09\/09\/amman-avertit-expulser-les-palestiniens-de-la-cisjordanie-occupee-vers-la-jordanie-serait-une-declaration-de-guerre\/"},"wordCount":603,"commentCount":0,"publisher":{"@id":"https:\/\/lasentinelle.dz\/#organization"},"image":{"@id":"https:\/\/lasentinelle.dz\/index.php\/2024\/09\/09\/amman-avertit-expulser-les-palestiniens-de-la-cisjordanie-occupee-vers-la-jordanie-serait-une-declaration-de-guerre\/#primaryimage"},"thumbnailUrl":"https:\/\/lasentinelle.dz\/wp-content\/uploads\/2023\/11\/cisjordanie.jpeg","articleSection":["Actualit\u00e9"],"inLanguage":"fr-FR","potentialAction":[{"@type":"CommentAction","name":"Comment","target":["https:\/\/lasentinelle.dz\/index.php\/2024\/09\/09\/amman-avertit-expulser-les-palestiniens-de-la-cisjordanie-occupee-vers-la-jordanie-serait-une-declaration-de-guerre\/#respond"]}]},{"@type":"WebPage","@id":"https:\/\/lasentinelle.dz\/index.php\/2024\/09\/09\/amman-avertit-expulser-les-palestiniens-de-la-cisjordanie-occupee-vers-la-jordanie-serait-une-declaration-de-guerre\/","url":"https:\/\/lasentinelle.dz\/index.php\/2024\/09\/09\/amman-avertit-expulser-les-palestiniens-de-la-cisjordanie-occupee-vers-la-jordanie-serait-une-declaration-de-guerre\/","name":"Amman avertit: Expulser les Palestiniens de la Cisjordanie occup\u00e9e vers la Jordanie serait une \u00ab\u00a0d\u00e9claration de guerre\u00a0\u00bb - La Sentinelle","isPartOf":{"@id":"https:\/\/lasentinelle.dz\/#website"},"primaryImageOfPage":{"@id":"https:\/\/lasentinelle.dz\/index.php\/2024\/09\/09\/amman-avertit-expulser-les-palestiniens-de-la-cisjordanie-occupee-vers-la-jordanie-serait-une-declaration-de-guerre\/#primaryimage"},"image":{"@id":"https:\/\/lasentinelle.dz\/index.php\/2024\/09\/09\/amman-avertit-expulser-les-palestiniens-de-la-cisjordanie-occupee-vers-la-jordanie-serait-une-declaration-de-guerre\/#primaryimage"},"thumbnailUrl":"https:\/\/lasentinelle.dz\/wp-content\/uploads\/2023\/11\/cisjordanie.jpeg","datePublished":"2024-09-09T18:34:36+00:00","dateModified":"2024-09-15T18:35:18+00:00","breadcrumb":{"@id":"https:\/\/lasentinelle.dz\/index.php\/2024\/09\/09\/amman-avertit-expulser-les-palestiniens-de-la-cisjordanie-occupee-vers-la-jordanie-serait-une-declaration-de-guerre\/#breadcrumb"},"inLanguage":"fr-FR","potentialAction":[{"@type":"ReadAction","target":["https:\/\/lasentinelle.dz\/index.php\/2024\/09\/09\/amman-avertit-expulser-les-palestiniens-de-la-cisjordanie-occupee-vers-la-jordanie-serait-une-declaration-de-guerre\/"]}]},{"@type":"ImageObject","inLanguage":"fr-FR","@id":"https:\/\/lasentinelle.dz\/index.php\/2024\/09\/09\/amman-avertit-expulser-les-palestiniens-de-la-cisjordanie-occupee-vers-la-jordanie-serait-une-declaration-de-guerre\/#primaryimage","url":"https:\/\/lasentinelle.dz\/wp-content\/uploads\/2023\/11\/cisjordanie.jpeg","contentUrl":"https:\/\/lasentinelle.dz\/wp-content\/uploads\/2023\/11\/cisjordanie.jpeg","width":800,"height":534},{"@type":"BreadcrumbList","@id":"https:\/\/lasentinelle.dz\/index.php\/2024\/09\/09\/amman-avertit-expulser-les-palestiniens-de-la-cisjordanie-occupee-vers-la-jordanie-serait-une-declaration-de-guerre\/#breadcrumb","itemListElement":[{"@type":"ListItem","position":1,"name":"Accueil","item":"https:\/\/lasentinelle.dz\/"},{"@type":"ListItem","position":2,"name":"Amman avertit: Expulser les Palestiniens de la Cisjordanie occup\u00e9e vers la Jordanie serait une \u00ab\u00a0d\u00e9claration de guerre\u00a0\u00bb"}]},{"@type":"WebSite","@id":"https:\/\/lasentinelle.dz\/#website","url":"https:\/\/lasentinelle.dz\/","name":"La Sentinelle","description":"Quotidien national d&#039;information","publisher":{"@id":"https:\/\/lasentinelle.dz\/#organization"},"potentialAction":[{"@type":"SearchAction","target":{"@type":"EntryPoint","urlTemplate":"https:\/\/lasentinelle.dz\/?s={search_term_string}"},"query-input":{"@type":"PropertyValueSpecification","valueRequired":true,"valueName":"search_term_string"}}],"inLanguage":"fr-FR"},{"@type":"Organization","@id":"https:\/\/lasentinelle.dz\/#organization","name":"Quotidien La Sentinelle","url":"https:\/\/lasentinelle.dz\/","logo":{"@type":"ImageObject","inLanguage":"fr-FR","@id":"https:\/\/lasentinelle.dz\/#\/schema\/logo\/image\/","url":"https:\/\/lasentinelle.dz\/wp-content\/uploads\/2021\/09\/logo-sentinelleSLOGAN-1.png","contentUrl":"https:\/\/lasentinelle.dz\/wp-content\/uploads\/2021\/09\/logo-sentinelleSLOGAN-1.png","width":615,"height":142,"caption":"Quotidien La Sentinelle"},"image":{"@id":"https:\/\/lasentinelle.dz\/#\/schema\/logo\/image\/"},"sameAs":["https:\/\/www.facebook.com\/La-Sentinelle-104059864394773"]},{"@type":"Person","@id":"https:\/\/lasentinelle.dz\/#\/schema\/person\/729ee0024f24e0b8c5ec17232f8e8b41","name":"admin","image":{"@type":"ImageObject","inLanguage":"fr-FR","@id":"https:\/\/secure.gravatar.com\/avatar\/4c81fed838786e9b53f540bf46533e750f5d292099ae3b66cfc6fb1982e29df7?s=96&d=mm&r=g","url":"https:\/\/secure.gravatar.com\/avatar\/4c81fed838786e9b53f540bf46533e750f5d292099ae3b66cfc6fb1982e29df7?s=96&d=mm&r=g","contentUrl":"https:\/\/secure.gravatar.com\/avatar\/4c81fed838786e9b53f540bf46533e750f5d292099ae3b66cfc6fb1982e29df7?s=96&d=mm&r=g","caption":"admin"},"description":"admin","url":"https:\/\/lasentinelle.dz\/author\/admin\/"}]}},"_links":{"self":[{"href":"https:\/\/lasentinelle.dz\/index.php\/wp-json\/wp\/v2\/posts\/57031","targetHints":{"allow":["GET"]}}],"collection":[{"href":"https:\/\/lasentinelle.dz\/index.php\/wp-json\/wp\/v2\/posts"}],"about":[{"href":"https:\/\/lasentinelle.dz\/index.php\/wp-json\/wp\/v2\/types\/post"}],"author":[{"embeddable":true,"href":"https:\/\/lasentinelle.dz\/index.php\/wp-json\/wp\/v2\/users\/6"}],"replies":[{"embeddable":true,"href":"https:\/\/lasentinelle.dz\/index.php\/wp-json\/wp\/v2\/comments?post=57031"}],"version-history":[{"count":2,"href":"https:\/\/lasentinelle.dz\/index.php\/wp-json\/wp\/v2\/posts\/57031\/revisions"}],"predecessor-version":[{"id":57033,"href":"https:\/\/lasentinelle.dz\/index.php\/wp-json\/wp\/v2\/posts\/57031\/revisions\/57033"}],"wp:featuredmedia":[{"embeddable":true,"href":"https:\/\/lasentinelle.dz\/index.php\/wp-json\/wp\/v2\/media\/47391"}],"wp:attachment":[{"href":"https:\/\/lasentinelle.dz\/index.php\/wp-json\/wp\/v2\/media?parent=57031"}],"wp:term":[{"taxonomy":"category","embeddable":true,"href":"https:\/\/lasentinelle.dz\/index.php\/wp-json\/wp\/v2\/categories?post=57031"},{"taxonomy":"post_tag","embeddable":true,"href":"https:\/\/lasentinelle.dz\/index.php\/wp-json\/wp\/v2\/tags?post=57031"}],"curies":[{"name":"wp","href":"https:\/\/api.w.org\/{rel}","templated":true}]}}