{"id":57047,"date":"2024-09-09T19:43:58","date_gmt":"2024-09-09T18:43:58","guid":{"rendered":"https:\/\/lasentinelle.dz\/?p=57047"},"modified":"2024-09-15T19:44:46","modified_gmt":"2024-09-15T18:44:46","slug":"il-a-remporte-pres-de-95-des-suffrages-exprimes-un-second-mandat-pour-tebboune","status":"publish","type":"post","link":"https:\/\/lasentinelle.dz\/index.php\/2024\/09\/09\/il-a-remporte-pres-de-95-des-suffrages-exprimes-un-second-mandat-pour-tebboune\/","title":{"rendered":"Il a remport\u00e9 pr\u00e8s de 95% des suffrages exprim\u00e9s: Un second mandat pour Tebboune"},"content":{"rendered":"\n<p>Le pr\u00e9sident de la R\u00e9publique, Abdelmadjid Tebboune, a \u00e9t\u00e9 r\u00e9\u00e9lu \u00e0 l&rsquo;issue de l&rsquo;\u00e9lection pr\u00e9sidentielle qui s&rsquo;est tenue samedi, avec un score massif de plus de 94% des suffrages exprim\u00e9s remport\u00e9s.<\/p>\n\n\n\n<p>L&rsquo;\u00e9lection pr\u00e9sidentielle tenue s&rsquo;est sold\u00e9 par la r\u00e9\u00e9lection d&rsquo;Abdelmadjid Tebboune pour un second mandat de cinq ans \u00e0 la t\u00eate de l&rsquo;\u00c9tat. Hier, Mohamed Charfi, pr\u00e9sident de l&rsquo;Autorit\u00e9 nationale ind\u00e9pendante des \u00e9lections (ANIE), a d\u00e9voil\u00e9 les r\u00e9sultats pr\u00e9liminaires, au moment o\u00f9 les PV des bureaux de vote ont \u00e9t\u00e9 transmis \u00e0 la Cour constitutionnelle qui aura la charge d&rsquo;annoncer les r\u00e9sultats d\u00e9finitifs. Les r\u00e9sultats consign\u00e9s ont confirm\u00e9 la victoire \u00e9crasante du pr\u00e9sident sortant avec un score impressionnant de 94,65% des suffrages exprim\u00e9s, soit 5 329 253 voix, laissant ses concurrents loin derri\u00e8re, Abdela\u00e2li Hassani Cherif du Mouvement de la soci\u00e9t\u00e9 pour la paix (MSP) et Youcef Aouchiche du Front des forces socialistes (FFS) n&rsquo;ayant recueilli respectivement que 3,17% (178 797 voix) et 2,16% (122 146 voix) des suffrages.<\/p>\n\n\n\n<p>Cette r\u00e9\u00e9lection massive de Tebboune s&rsquo;inscrit dans un processus \u00e9lectoral transparent et \u00e9quitable, comme en t\u00e9moigne le bilan de la campagne \u00e9lectorale qui a vu l&rsquo;organisation de pas moins de 6 689 activit\u00e9s, dont 1 521 rassemblements populaires et 5 168 rencontres de proximit\u00e9, avec seulement 9 infractions mineures enregistr\u00e9es ayant donn\u00e9 lieu \u00e0 8 avertissements. Un chiffre remarquablement bas qui, selon Charfi, illustre la maturit\u00e9 \u00e9lectorale atteinte par le peuple alg\u00e9rien et l&rsquo;efficacit\u00e9 des mesures mises en place pour garantir l&rsquo;int\u00e9grit\u00e9 du scrutin, l&rsquo;ANIE ayant veill\u00e9 \u00e0 prot\u00e9ger les voix des \u00e9lecteurs contre toute fraude ou falsification et \u00e0 assurer une concurrence loyale entre les candidats, avec pour objectif principal de pr\u00e9server la libert\u00e9 de l&rsquo;\u00e9lecteur dans son choix de la personne qu&rsquo;il consid\u00e8re comme la mieux adapt\u00e9e pour g\u00e9rer les affaires du pays et sauvegarder les int\u00e9r\u00eats supr\u00eames de la nation.<\/p>\n\n\n\n<p><strong>Un programme ambitieux<\/strong><\/p>\n\n\n\n<p>Fort de ce pl\u00e9biscite qui lui conf\u00e8re une l\u00e9gitimit\u00e9 renouvel\u00e9e, le pr\u00e9sident de la R\u00e9publique Tebboune a d&rsquo;ores et d\u00e9j\u00e0 esquiss\u00e9 les grandes lignes de son ambitieux programme pour les cinq ann\u00e9es \u00e0 venir, pla\u00e7ant l&rsquo;\u00e9conomie au c\u0153ur de ses priorit\u00e9s avec des objectifs audacieux tels que l&rsquo;atteinte d&rsquo;un PIB de 400 milliards de dollars par an d&rsquo;ici 2027, le maintien d&rsquo;un taux de croissance annuel de 4%, la cr\u00e9ation de 450 000 emplois et la r\u00e9alisation de 20 000 projets d&rsquo;investissement, tout en visant \u00e0 r\u00e9duire la d\u00e9pendance aux importations, notamment dans le secteur agricole o\u00f9 il promet l&rsquo;autosuffisance en bl\u00e9 dur, orge et ma\u00efs, et \u00e0 exploiter de nouvelles ressources comme la mine de Gara Djebilet pour diversifier les sources de revenus du pays et augmenter les recettes en devises. Des objectifs que Tebboune qualifie de r\u00e9alistes et reconnus par les institutions internationales comme la Banque mondiale et le FMI, soulignant au passage les succ\u00e8s de sa politique \u00e9conomique qui aurait permis \u00e0 l&rsquo;Alg\u00e9rie d&rsquo;\u00eatre d\u00e9sormais class\u00e9e au troisi\u00e8me rang des \u00e9conomies africaines.<\/p>\n\n\n\n<p>Sur le plan social, le Pr\u00e9sident r\u00e9\u00e9lu s&rsquo;est engag\u00e9 \u00e0 poursuivre et amplifier les mesures en faveur du pouvoir d&rsquo;achat et du bien-\u00eatre des Alg\u00e9riens, promettant notamment la poursuite de l&rsquo;augmentation des salaires, la revalorisation de l&rsquo;allocation ch\u00f4mage, l&rsquo;institution d&rsquo;une allocation pour les femmes au foyer, l&rsquo;augmentation des bourses universitaires, ainsi qu&rsquo;un vaste programme de construction de 2 millions de logements toutes formules confondues pour r\u00e9pondre aux besoins criants de la population et \u00e9radiquer progressivement l&rsquo;habitat pr\u00e9caire, Tebboune affirmant que l&rsquo;\u00c9tat dispose des capacit\u00e9s financi\u00e8res n\u00e9cessaires pour concr\u00e9tiser ces programmes ambitieux.<\/p>\n\n\n\n<p>L&rsquo;\u00e9ducation et le d\u00e9veloppement technologique occupent \u00e9galement une place de choix dans ce programme, avec l&rsquo;annonce d&rsquo;une refonte en profondeur du secteur \u00e9ducatif que Tebboune promet de \u00ab\u00a0revoir de fond en comble\u00a0\u00bb, incluant des mesures concr\u00e8tes comme l&rsquo;all\u00e8gement du poids des cartables scolaires, la promotion de l&rsquo;acc\u00e8s aux \u00e9coles sup\u00e9rieures d&rsquo;informatique et de cybers\u00e9curit\u00e9, et la g\u00e9n\u00e9ralisation de l&rsquo;usage des tablettes num\u00e9riques dans les \u00e9tablissements scolaires, autant d&rsquo;initiatives visant \u00e0 pr\u00e9parer la jeunesse alg\u00e9rienne aux d\u00e9fis du futur et \u00e0 l&rsquo;inscrire pleinement dans l&rsquo;\u00e8re num\u00e9rique.<\/p>\n\n\n\n<p>Les infrastructures et l&rsquo;am\u00e9nagement du territoire n&rsquo;ont pas \u00e9t\u00e9 oubli\u00e9s, avec notamment la promesse de construire cinq nouvelles stations de dessalement d&rsquo;eau de mer pour \u00ab\u00a0lib\u00e9rer la capitale du cauchemar de l&rsquo;eau\u00a0\u00bb et assurer un approvisionnement stable en eau potable dans toutes les r\u00e9gions du pays, ainsi qu&rsquo;une r\u00e9vision du d\u00e9coupage administratif de certaines wilayas jug\u00e9 \u00ab\u00a0injuste\u00a0\u00bb et une refonte des lois sur les communes et les wilayas pour optimiser la gestion des territoires et r\u00e9pondre aux attentes des populations locales, des mesures qui visent \u00e0 am\u00e9liorer concr\u00e8tement le cadre de vie des Alg\u00e9riens et \u00e0 r\u00e9\u00e9quilibrer le d\u00e9veloppement entre les diff\u00e9rentes r\u00e9gions du pays. Sur le plan s\u00e9curitaire, Tebboune a r\u00e9affirm\u00e9 son engagement \u00e0 poursuivre le renforcement des capacit\u00e9s de l&rsquo;Arm\u00e9e nationale populaire (ANP), qu&rsquo;il consid\u00e8re comme un \u00ab\u00a0mod\u00e8le de modernit\u00e9 et de professionnalisme\u00a0\u00bb, afin de faire face aux d\u00e9fis s\u00e9curitaires actuels et futurs dans une r\u00e9gion marqu\u00e9e par l&rsquo;instabilit\u00e9, soulignant l&rsquo;importance cruciale de maintenir une force de d\u00e9fense robuste et moderne pour pr\u00e9server la souverainet\u00e9 et la stabilit\u00e9 de l&rsquo;Alg\u00e9rie. Dans ce contexte, le Conseil du renouveau \u00e9conomique alg\u00e9rien (CREA) s&rsquo;est dit hier \u00ab\u00a0persuad\u00e9 que ce nouveau mandat pr\u00e9sidentiel va ouvrir de nouvelles perspectives \u00e9conomiques qui vont renforcer les premi\u00e8res r\u00e9alisations et en d\u00e9velopper d&rsquo;autres dans de nouveaux secteurs\u00a0\u00bb. Le CREA rappelle que, lors de son premier mandat, le Pr\u00e9sident de la R\u00e9publique a insuffl\u00e9 \u00ab\u00a0un nouvel \u00e9lan pour d\u00e9velopper l&rsquo;\u00e9conomie dont les premiers effets sont d\u00e9montr\u00e9s, entre autres, par le nombre de projets d&rsquo;investissement, un taux de croissance de 4,6% et des exportations hors hydrocarbures exponentielles\u00a0\u00bb. Notons que le pr\u00e9sident Tebboune a re\u00e7u hier les premiers message de f\u00e9licitation des ses homologues de Tunisie, de Turquie et de Palestine; Kais Saied, Recep Tayyib Erdogan et Mahmoud Abbas \u00e0 l&rsquo;issue de sa r\u00e9\u00e9lection.<\/p>\n\n\n\n<p>Hocine Fadheli<\/p>\n","protected":false},"excerpt":{"rendered":"<p>Le pr\u00e9sident de la R\u00e9publique, Abdelmadjid Tebboune, a \u00e9t\u00e9 r\u00e9\u00e9lu \u00e0 l&rsquo;issue de l&rsquo;\u00e9lection pr\u00e9sidentielle qui s&rsquo;est tenue samedi, avec<\/p>\n","protected":false},"author":6,"featured_media":54408,"comment_status":"open","ping_status":"closed","sticky":false,"template":"","format":"standard","meta":{"colormag_page_container_layout":"default_layout","colormag_page_sidebar_layout":"default_layout","om_disable_all_campaigns":false,"_monsterinsights_skip_tracking":false,"_monsterinsights_sitenote_active":false,"_monsterinsights_sitenote_note":"","_monsterinsights_sitenote_category":0,"footnotes":"","_wpscppro_dont_share_socialmedia":false,"_wpscppro_custom_social_share_image":0,"_facebook_share_type":"default","_twitter_share_type":"default","_linkedin_share_type":"default","_pinterest_share_type":"default","_linkedin_share_type_page":"","_instagram_share_type":"default","_medium_share_type":"","_threads_share_type":"","_google_business_share_type":"","_selected_social_profile":[],"_wpsp_enable_custom_social_template":false,"_wpsp_social_scheduling":{"enabled":false,"datetime":null,"platforms":[],"status":"template_only","dateOption":"today","timeOption":"now","customDays":"","customHours":"","customDate":"","customTime":"","schedulingType":"absolute"},"_wpsp_active_default_template":true},"categories":[52,87],"tags":[],"class_list":["post-57047","post","type-post","status-publish","format-standard","has-post-thumbnail","hentry","category-a-la-une","category-presidentielle-2024"],"aioseo_notices":[],"yoast_head":"<!-- This site is optimized with the Yoast SEO plugin v27.5 - https:\/\/yoast.com\/product\/yoast-seo-wordpress\/ -->\n<title>Il a remport\u00e9 pr\u00e8s de 95% des suffrages exprim\u00e9s: Un second mandat pour Tebboune - La Sentinelle<\/title>\n<meta name=\"robots\" content=\"index, follow, max-snippet:-1, max-image-preview:large, max-video-preview:-1\" \/>\n<link rel=\"canonical\" href=\"https:\/\/lasentinelle.dz\/index.php\/2024\/09\/09\/il-a-remporte-pres-de-95-des-suffrages-exprimes-un-second-mandat-pour-tebboune\/\" \/>\n<meta property=\"og:locale\" content=\"fr_FR\" \/>\n<meta property=\"og:type\" content=\"article\" \/>\n<meta property=\"og:title\" content=\"Il a remport\u00e9 pr\u00e8s de 95% des suffrages exprim\u00e9s: Un second mandat pour Tebboune - La Sentinelle\" \/>\n<meta property=\"og:description\" content=\"Le pr\u00e9sident de la R\u00e9publique, Abdelmadjid Tebboune, a \u00e9t\u00e9 r\u00e9\u00e9lu \u00e0 l&rsquo;issue de l&rsquo;\u00e9lection pr\u00e9sidentielle qui s&rsquo;est tenue samedi, avec\" \/>\n<meta property=\"og:url\" content=\"https:\/\/lasentinelle.dz\/index.php\/2024\/09\/09\/il-a-remporte-pres-de-95-des-suffrages-exprimes-un-second-mandat-pour-tebboune\/\" \/>\n<meta property=\"og:site_name\" content=\"La Sentinelle\" \/>\n<meta property=\"article:publisher\" content=\"https:\/\/www.facebook.com\/La-Sentinelle-104059864394773\" \/>\n<meta property=\"article:published_time\" content=\"2024-09-09T18:43:58+00:00\" \/>\n<meta property=\"article:modified_time\" content=\"2024-09-15T18:44:46+00:00\" \/>\n<meta property=\"og:image\" content=\"https:\/\/lasentinelle.dz\/wp-content\/uploads\/2024\/07\/tebboune-1-e1720897216181.png\" \/>\n\t<meta property=\"og:image:width\" content=\"1231\" \/>\n\t<meta property=\"og:image:height\" content=\"693\" \/>\n\t<meta property=\"og:image:type\" content=\"image\/png\" \/>\n<meta name=\"author\" content=\"admin\" \/>\n<meta name=\"twitter:card\" content=\"summary_large_image\" \/>\n<meta name=\"twitter:label1\" content=\"\u00c9crit par\" \/>\n\t<meta name=\"twitter:data1\" content=\"admin\" \/>\n\t<meta name=\"twitter:label2\" content=\"Dur\u00e9e de lecture estim\u00e9e\" \/>\n\t<meta name=\"twitter:data2\" content=\"6 minutes\" \/>\n<script type=\"application\/ld+json\" class=\"yoast-schema-graph\">{\"@context\":\"https:\\\/\\\/schema.org\",\"@graph\":[{\"@type\":\"Article\",\"@id\":\"https:\\\/\\\/lasentinelle.dz\\\/index.php\\\/2024\\\/09\\\/09\\\/il-a-remporte-pres-de-95-des-suffrages-exprimes-un-second-mandat-pour-tebboune\\\/#article\",\"isPartOf\":{\"@id\":\"https:\\\/\\\/lasentinelle.dz\\\/index.php\\\/2024\\\/09\\\/09\\\/il-a-remporte-pres-de-95-des-suffrages-exprimes-un-second-mandat-pour-tebboune\\\/\"},\"author\":{\"name\":\"admin\",\"@id\":\"https:\\\/\\\/lasentinelle.dz\\\/#\\\/schema\\\/person\\\/729ee0024f24e0b8c5ec17232f8e8b41\"},\"headline\":\"Il a remport\u00e9 pr\u00e8s de 95% des suffrages exprim\u00e9s: Un second mandat pour Tebboune\",\"datePublished\":\"2024-09-09T18:43:58+00:00\",\"dateModified\":\"2024-09-15T18:44:46+00:00\",\"mainEntityOfPage\":{\"@id\":\"https:\\\/\\\/lasentinelle.dz\\\/index.php\\\/2024\\\/09\\\/09\\\/il-a-remporte-pres-de-95-des-suffrages-exprimes-un-second-mandat-pour-tebboune\\\/\"},\"wordCount\":1109,\"commentCount\":0,\"publisher\":{\"@id\":\"https:\\\/\\\/lasentinelle.dz\\\/#organization\"},\"image\":{\"@id\":\"https:\\\/\\\/lasentinelle.dz\\\/index.php\\\/2024\\\/09\\\/09\\\/il-a-remporte-pres-de-95-des-suffrages-exprimes-un-second-mandat-pour-tebboune\\\/#primaryimage\"},\"thumbnailUrl\":\"https:\\\/\\\/lasentinelle.dz\\\/wp-content\\\/uploads\\\/2024\\\/07\\\/tebboune-1-e1720897216181.png\",\"articleSection\":[\"\u00c0 la Une\",\"Pr\u00e9sidentielle 2024\"],\"inLanguage\":\"fr-FR\",\"potentialAction\":[{\"@type\":\"CommentAction\",\"name\":\"Comment\",\"target\":[\"https:\\\/\\\/lasentinelle.dz\\\/index.php\\\/2024\\\/09\\\/09\\\/il-a-remporte-pres-de-95-des-suffrages-exprimes-un-second-mandat-pour-tebboune\\\/#respond\"]}]},{\"@type\":\"WebPage\",\"@id\":\"https:\\\/\\\/lasentinelle.dz\\\/index.php\\\/2024\\\/09\\\/09\\\/il-a-remporte-pres-de-95-des-suffrages-exprimes-un-second-mandat-pour-tebboune\\\/\",\"url\":\"https:\\\/\\\/lasentinelle.dz\\\/index.php\\\/2024\\\/09\\\/09\\\/il-a-remporte-pres-de-95-des-suffrages-exprimes-un-second-mandat-pour-tebboune\\\/\",\"name\":\"Il a remport\u00e9 pr\u00e8s de 95% des suffrages exprim\u00e9s: Un second mandat pour Tebboune - La Sentinelle\",\"isPartOf\":{\"@id\":\"https:\\\/\\\/lasentinelle.dz\\\/#website\"},\"primaryImageOfPage\":{\"@id\":\"https:\\\/\\\/lasentinelle.dz\\\/index.php\\\/2024\\\/09\\\/09\\\/il-a-remporte-pres-de-95-des-suffrages-exprimes-un-second-mandat-pour-tebboune\\\/#primaryimage\"},\"image\":{\"@id\":\"https:\\\/\\\/lasentinelle.dz\\\/index.php\\\/2024\\\/09\\\/09\\\/il-a-remporte-pres-de-95-des-suffrages-exprimes-un-second-mandat-pour-tebboune\\\/#primaryimage\"},\"thumbnailUrl\":\"https:\\\/\\\/lasentinelle.dz\\\/wp-content\\\/uploads\\\/2024\\\/07\\\/tebboune-1-e1720897216181.png\",\"datePublished\":\"2024-09-09T18:43:58+00:00\",\"dateModified\":\"2024-09-15T18:44:46+00:00\",\"breadcrumb\":{\"@id\":\"https:\\\/\\\/lasentinelle.dz\\\/index.php\\\/2024\\\/09\\\/09\\\/il-a-remporte-pres-de-95-des-suffrages-exprimes-un-second-mandat-pour-tebboune\\\/#breadcrumb\"},\"inLanguage\":\"fr-FR\",\"potentialAction\":[{\"@type\":\"ReadAction\",\"target\":[\"https:\\\/\\\/lasentinelle.dz\\\/index.php\\\/2024\\\/09\\\/09\\\/il-a-remporte-pres-de-95-des-suffrages-exprimes-un-second-mandat-pour-tebboune\\\/\"]}]},{\"@type\":\"ImageObject\",\"inLanguage\":\"fr-FR\",\"@id\":\"https:\\\/\\\/lasentinelle.dz\\\/index.php\\\/2024\\\/09\\\/09\\\/il-a-remporte-pres-de-95-des-suffrages-exprimes-un-second-mandat-pour-tebboune\\\/#primaryimage\",\"url\":\"https:\\\/\\\/lasentinelle.dz\\\/wp-content\\\/uploads\\\/2024\\\/07\\\/tebboune-1-e1720897216181.png\",\"contentUrl\":\"https:\\\/\\\/lasentinelle.dz\\\/wp-content\\\/uploads\\\/2024\\\/07\\\/tebboune-1-e1720897216181.png\",\"width\":1231,\"height\":693},{\"@type\":\"BreadcrumbList\",\"@id\":\"https:\\\/\\\/lasentinelle.dz\\\/index.php\\\/2024\\\/09\\\/09\\\/il-a-remporte-pres-de-95-des-suffrages-exprimes-un-second-mandat-pour-tebboune\\\/#breadcrumb\",\"itemListElement\":[{\"@type\":\"ListItem\",\"position\":1,\"name\":\"Accueil\",\"item\":\"https:\\\/\\\/lasentinelle.dz\\\/\"},{\"@type\":\"ListItem\",\"position\":2,\"name\":\"Il a remport\u00e9 pr\u00e8s de 95% des suffrages exprim\u00e9s: Un second mandat pour Tebboune\"}]},{\"@type\":\"WebSite\",\"@id\":\"https:\\\/\\\/lasentinelle.dz\\\/#website\",\"url\":\"https:\\\/\\\/lasentinelle.dz\\\/\",\"name\":\"La Sentinelle\",\"description\":\"Quotidien national d&#039;information\",\"publisher\":{\"@id\":\"https:\\\/\\\/lasentinelle.dz\\\/#organization\"},\"potentialAction\":[{\"@type\":\"SearchAction\",\"target\":{\"@type\":\"EntryPoint\",\"urlTemplate\":\"https:\\\/\\\/lasentinelle.dz\\\/?s={search_term_string}\"},\"query-input\":{\"@type\":\"PropertyValueSpecification\",\"valueRequired\":true,\"valueName\":\"search_term_string\"}}],\"inLanguage\":\"fr-FR\"},{\"@type\":\"Organization\",\"@id\":\"https:\\\/\\\/lasentinelle.dz\\\/#organization\",\"name\":\"Quotidien La Sentinelle\",\"url\":\"https:\\\/\\\/lasentinelle.dz\\\/\",\"logo\":{\"@type\":\"ImageObject\",\"inLanguage\":\"fr-FR\",\"@id\":\"https:\\\/\\\/lasentinelle.dz\\\/#\\\/schema\\\/logo\\\/image\\\/\",\"url\":\"https:\\\/\\\/lasentinelle.dz\\\/wp-content\\\/uploads\\\/2021\\\/09\\\/logo-sentinelleSLOGAN-1.png\",\"contentUrl\":\"https:\\\/\\\/lasentinelle.dz\\\/wp-content\\\/uploads\\\/2021\\\/09\\\/logo-sentinelleSLOGAN-1.png\",\"width\":615,\"height\":142,\"caption\":\"Quotidien La Sentinelle\"},\"image\":{\"@id\":\"https:\\\/\\\/lasentinelle.dz\\\/#\\\/schema\\\/logo\\\/image\\\/\"},\"sameAs\":[\"https:\\\/\\\/www.facebook.com\\\/La-Sentinelle-104059864394773\"]},{\"@type\":\"Person\",\"@id\":\"https:\\\/\\\/lasentinelle.dz\\\/#\\\/schema\\\/person\\\/729ee0024f24e0b8c5ec17232f8e8b41\",\"name\":\"admin\",\"image\":{\"@type\":\"ImageObject\",\"inLanguage\":\"fr-FR\",\"@id\":\"https:\\\/\\\/secure.gravatar.com\\\/avatar\\\/4c81fed838786e9b53f540bf46533e750f5d292099ae3b66cfc6fb1982e29df7?s=96&d=mm&r=g\",\"url\":\"https:\\\/\\\/secure.gravatar.com\\\/avatar\\\/4c81fed838786e9b53f540bf46533e750f5d292099ae3b66cfc6fb1982e29df7?s=96&d=mm&r=g\",\"contentUrl\":\"https:\\\/\\\/secure.gravatar.com\\\/avatar\\\/4c81fed838786e9b53f540bf46533e750f5d292099ae3b66cfc6fb1982e29df7?s=96&d=mm&r=g\",\"caption\":\"admin\"},\"description\":\"admin\",\"url\":\"https:\\\/\\\/lasentinelle.dz\\\/author\\\/admin\\\/\"}]}<\/script>\n<!-- \/ Yoast SEO plugin. -->","yoast_head_json":{"title":"Il a remport\u00e9 pr\u00e8s de 95% des suffrages exprim\u00e9s: Un second mandat pour Tebboune - La Sentinelle","robots":{"index":"index","follow":"follow","max-snippet":"max-snippet:-1","max-image-preview":"max-image-preview:large","max-video-preview":"max-video-preview:-1"},"canonical":"https:\/\/lasentinelle.dz\/index.php\/2024\/09\/09\/il-a-remporte-pres-de-95-des-suffrages-exprimes-un-second-mandat-pour-tebboune\/","og_locale":"fr_FR","og_type":"article","og_title":"Il a remport\u00e9 pr\u00e8s de 95% des suffrages exprim\u00e9s: Un second mandat pour Tebboune - La Sentinelle","og_description":"Le pr\u00e9sident de la R\u00e9publique, Abdelmadjid Tebboune, a \u00e9t\u00e9 r\u00e9\u00e9lu \u00e0 l&rsquo;issue de l&rsquo;\u00e9lection pr\u00e9sidentielle qui s&rsquo;est tenue samedi, avec","og_url":"https:\/\/lasentinelle.dz\/index.php\/2024\/09\/09\/il-a-remporte-pres-de-95-des-suffrages-exprimes-un-second-mandat-pour-tebboune\/","og_site_name":"La Sentinelle","article_publisher":"https:\/\/www.facebook.com\/La-Sentinelle-104059864394773","article_published_time":"2024-09-09T18:43:58+00:00","article_modified_time":"2024-09-15T18:44:46+00:00","og_image":[{"width":1231,"height":693,"url":"https:\/\/lasentinelle.dz\/wp-content\/uploads\/2024\/07\/tebboune-1-e1720897216181.png","type":"image\/png"}],"author":"admin","twitter_card":"summary_large_image","twitter_misc":{"\u00c9crit par":"admin","Dur\u00e9e de lecture estim\u00e9e":"6 minutes"},"schema":{"@context":"https:\/\/schema.org","@graph":[{"@type":"Article","@id":"https:\/\/lasentinelle.dz\/index.php\/2024\/09\/09\/il-a-remporte-pres-de-95-des-suffrages-exprimes-un-second-mandat-pour-tebboune\/#article","isPartOf":{"@id":"https:\/\/lasentinelle.dz\/index.php\/2024\/09\/09\/il-a-remporte-pres-de-95-des-suffrages-exprimes-un-second-mandat-pour-tebboune\/"},"author":{"name":"admin","@id":"https:\/\/lasentinelle.dz\/#\/schema\/person\/729ee0024f24e0b8c5ec17232f8e8b41"},"headline":"Il a remport\u00e9 pr\u00e8s de 95% des suffrages exprim\u00e9s: Un second mandat pour Tebboune","datePublished":"2024-09-09T18:43:58+00:00","dateModified":"2024-09-15T18:44:46+00:00","mainEntityOfPage":{"@id":"https:\/\/lasentinelle.dz\/index.php\/2024\/09\/09\/il-a-remporte-pres-de-95-des-suffrages-exprimes-un-second-mandat-pour-tebboune\/"},"wordCount":1109,"commentCount":0,"publisher":{"@id":"https:\/\/lasentinelle.dz\/#organization"},"image":{"@id":"https:\/\/lasentinelle.dz\/index.php\/2024\/09\/09\/il-a-remporte-pres-de-95-des-suffrages-exprimes-un-second-mandat-pour-tebboune\/#primaryimage"},"thumbnailUrl":"https:\/\/lasentinelle.dz\/wp-content\/uploads\/2024\/07\/tebboune-1-e1720897216181.png","articleSection":["\u00c0 la Une","Pr\u00e9sidentielle 2024"],"inLanguage":"fr-FR","potentialAction":[{"@type":"CommentAction","name":"Comment","target":["https:\/\/lasentinelle.dz\/index.php\/2024\/09\/09\/il-a-remporte-pres-de-95-des-suffrages-exprimes-un-second-mandat-pour-tebboune\/#respond"]}]},{"@type":"WebPage","@id":"https:\/\/lasentinelle.dz\/index.php\/2024\/09\/09\/il-a-remporte-pres-de-95-des-suffrages-exprimes-un-second-mandat-pour-tebboune\/","url":"https:\/\/lasentinelle.dz\/index.php\/2024\/09\/09\/il-a-remporte-pres-de-95-des-suffrages-exprimes-un-second-mandat-pour-tebboune\/","name":"Il a remport\u00e9 pr\u00e8s de 95% des suffrages exprim\u00e9s: Un second mandat pour Tebboune - La Sentinelle","isPartOf":{"@id":"https:\/\/lasentinelle.dz\/#website"},"primaryImageOfPage":{"@id":"https:\/\/lasentinelle.dz\/index.php\/2024\/09\/09\/il-a-remporte-pres-de-95-des-suffrages-exprimes-un-second-mandat-pour-tebboune\/#primaryimage"},"image":{"@id":"https:\/\/lasentinelle.dz\/index.php\/2024\/09\/09\/il-a-remporte-pres-de-95-des-suffrages-exprimes-un-second-mandat-pour-tebboune\/#primaryimage"},"thumbnailUrl":"https:\/\/lasentinelle.dz\/wp-content\/uploads\/2024\/07\/tebboune-1-e1720897216181.png","datePublished":"2024-09-09T18:43:58+00:00","dateModified":"2024-09-15T18:44:46+00:00","breadcrumb":{"@id":"https:\/\/lasentinelle.dz\/index.php\/2024\/09\/09\/il-a-remporte-pres-de-95-des-suffrages-exprimes-un-second-mandat-pour-tebboune\/#breadcrumb"},"inLanguage":"fr-FR","potentialAction":[{"@type":"ReadAction","target":["https:\/\/lasentinelle.dz\/index.php\/2024\/09\/09\/il-a-remporte-pres-de-95-des-suffrages-exprimes-un-second-mandat-pour-tebboune\/"]}]},{"@type":"ImageObject","inLanguage":"fr-FR","@id":"https:\/\/lasentinelle.dz\/index.php\/2024\/09\/09\/il-a-remporte-pres-de-95-des-suffrages-exprimes-un-second-mandat-pour-tebboune\/#primaryimage","url":"https:\/\/lasentinelle.dz\/wp-content\/uploads\/2024\/07\/tebboune-1-e1720897216181.png","contentUrl":"https:\/\/lasentinelle.dz\/wp-content\/uploads\/2024\/07\/tebboune-1-e1720897216181.png","width":1231,"height":693},{"@type":"BreadcrumbList","@id":"https:\/\/lasentinelle.dz\/index.php\/2024\/09\/09\/il-a-remporte-pres-de-95-des-suffrages-exprimes-un-second-mandat-pour-tebboune\/#breadcrumb","itemListElement":[{"@type":"ListItem","position":1,"name":"Accueil","item":"https:\/\/lasentinelle.dz\/"},{"@type":"ListItem","position":2,"name":"Il a remport\u00e9 pr\u00e8s de 95% des suffrages exprim\u00e9s: Un second mandat pour Tebboune"}]},{"@type":"WebSite","@id":"https:\/\/lasentinelle.dz\/#website","url":"https:\/\/lasentinelle.dz\/","name":"La Sentinelle","description":"Quotidien national d&#039;information","publisher":{"@id":"https:\/\/lasentinelle.dz\/#organization"},"potentialAction":[{"@type":"SearchAction","target":{"@type":"EntryPoint","urlTemplate":"https:\/\/lasentinelle.dz\/?s={search_term_string}"},"query-input":{"@type":"PropertyValueSpecification","valueRequired":true,"valueName":"search_term_string"}}],"inLanguage":"fr-FR"},{"@type":"Organization","@id":"https:\/\/lasentinelle.dz\/#organization","name":"Quotidien La Sentinelle","url":"https:\/\/lasentinelle.dz\/","logo":{"@type":"ImageObject","inLanguage":"fr-FR","@id":"https:\/\/lasentinelle.dz\/#\/schema\/logo\/image\/","url":"https:\/\/lasentinelle.dz\/wp-content\/uploads\/2021\/09\/logo-sentinelleSLOGAN-1.png","contentUrl":"https:\/\/lasentinelle.dz\/wp-content\/uploads\/2021\/09\/logo-sentinelleSLOGAN-1.png","width":615,"height":142,"caption":"Quotidien La Sentinelle"},"image":{"@id":"https:\/\/lasentinelle.dz\/#\/schema\/logo\/image\/"},"sameAs":["https:\/\/www.facebook.com\/La-Sentinelle-104059864394773"]},{"@type":"Person","@id":"https:\/\/lasentinelle.dz\/#\/schema\/person\/729ee0024f24e0b8c5ec17232f8e8b41","name":"admin","image":{"@type":"ImageObject","inLanguage":"fr-FR","@id":"https:\/\/secure.gravatar.com\/avatar\/4c81fed838786e9b53f540bf46533e750f5d292099ae3b66cfc6fb1982e29df7?s=96&d=mm&r=g","url":"https:\/\/secure.gravatar.com\/avatar\/4c81fed838786e9b53f540bf46533e750f5d292099ae3b66cfc6fb1982e29df7?s=96&d=mm&r=g","contentUrl":"https:\/\/secure.gravatar.com\/avatar\/4c81fed838786e9b53f540bf46533e750f5d292099ae3b66cfc6fb1982e29df7?s=96&d=mm&r=g","caption":"admin"},"description":"admin","url":"https:\/\/lasentinelle.dz\/author\/admin\/"}]}},"_links":{"self":[{"href":"https:\/\/lasentinelle.dz\/index.php\/wp-json\/wp\/v2\/posts\/57047","targetHints":{"allow":["GET"]}}],"collection":[{"href":"https:\/\/lasentinelle.dz\/index.php\/wp-json\/wp\/v2\/posts"}],"about":[{"href":"https:\/\/lasentinelle.dz\/index.php\/wp-json\/wp\/v2\/types\/post"}],"author":[{"embeddable":true,"href":"https:\/\/lasentinelle.dz\/index.php\/wp-json\/wp\/v2\/users\/6"}],"replies":[{"embeddable":true,"href":"https:\/\/lasentinelle.dz\/index.php\/wp-json\/wp\/v2\/comments?post=57047"}],"version-history":[{"count":1,"href":"https:\/\/lasentinelle.dz\/index.php\/wp-json\/wp\/v2\/posts\/57047\/revisions"}],"predecessor-version":[{"id":57048,"href":"https:\/\/lasentinelle.dz\/index.php\/wp-json\/wp\/v2\/posts\/57047\/revisions\/57048"}],"wp:featuredmedia":[{"embeddable":true,"href":"https:\/\/lasentinelle.dz\/index.php\/wp-json\/wp\/v2\/media\/54408"}],"wp:attachment":[{"href":"https:\/\/lasentinelle.dz\/index.php\/wp-json\/wp\/v2\/media?parent=57047"}],"wp:term":[{"taxonomy":"category","embeddable":true,"href":"https:\/\/lasentinelle.dz\/index.php\/wp-json\/wp\/v2\/categories?post=57047"},{"taxonomy":"post_tag","embeddable":true,"href":"https:\/\/lasentinelle.dz\/index.php\/wp-json\/wp\/v2\/tags?post=57047"}],"curies":[{"name":"wp","href":"https:\/\/api.w.org\/{rel}","templated":true}]}}