{"id":57098,"date":"2024-09-17T14:28:27","date_gmt":"2024-09-17T13:28:27","guid":{"rendered":"https:\/\/lasentinelle.dz\/?p=57098"},"modified":"2024-09-17T14:28:28","modified_gmt":"2024-09-17T13:28:28","slug":"lalgerie-met-en-garde-contre-limpunite-de-lentite-sioniste","status":"publish","type":"post","link":"https:\/\/lasentinelle.dz\/index.php\/2024\/09\/17\/lalgerie-met-en-garde-contre-limpunite-de-lentite-sioniste\/","title":{"rendered":"L&rsquo;Alg\u00e9rie met en garde contre l&rsquo;impunit\u00e9 de l&rsquo;entit\u00e9 sioniste"},"content":{"rendered":"\n<p>Lors d&rsquo;un briefing au Conseil de s\u00e9curit\u00e9 de l&rsquo;ONU sur la situation au Moyen-Orient, le repr\u00e9sentant permanent de l&rsquo;Alg\u00e9rie, Ammar Bendjama, a vivement d\u00e9nonc\u00e9 l&rsquo;impunit\u00e9 dont jouit de l&rsquo;entit\u00e9 sioniste laquelle m\u00e8ne une agression g\u00e9nocidaire \u00e0 Ghaza depuis pr\u00e8s d&rsquo;une ann\u00e9e. \u00ab\u00a0Plus l&rsquo;impunit\u00e9 perdure, plus les lois internationales deviennent insignifiantes\u00a0\u00bb, a-t-il averti, appelant \u00e0 une action urgente pour emp\u00eacher une nouvelle d\u00e9t\u00e9rioration de la situation dans l&rsquo;enclave palestinienne. Le diplomate alg\u00e9rien a soulign\u00e9 que la situation actuelle en Palestine est le r\u00e9sultat direct de la politique de la puissance occupante et qu&rsquo;elle doit \u00eatre confront\u00e9e avec des outils juridiques. Il a insist\u00e9 sur la n\u00e9cessit\u00e9 d&rsquo;une coordination renforc\u00e9e entre les agences onusiennes pour intervenir efficacement dans la r\u00e9gion, tout en affirmant le r\u00f4le irrempla\u00e7able de l&rsquo;UNRWA, l&rsquo;agence des Nations Unies pour les r\u00e9fugi\u00e9s palestiniens.<\/p>\n\n\n\n<p>Bendjama a notamment condamn\u00e9 les attaques contre le personnel de l&rsquo;UNRWA et les civils, les qualifiant de violations flagrantes des conventions internationales. \u00ab\u00a0L&rsquo;UNRWA a r\u00e9cemment perdu 6 employ\u00e9s, ce qui est tr\u00e8s grave\u00a0\u00bb, a-t-il d\u00e9clar\u00e9, soulignant que ces actes constituent une atteinte directe aux principes du droit international. En conclusion de son intervention, l&rsquo;ambassadeur alg\u00e9rien a r\u00e9affirm\u00e9 que l&rsquo;arr\u00eat des hostilit\u00e9s \u00e0 Ghaza est \u00ab\u00a0in\u00e9vitable et sans conditions\u00a0\u00bb, appelant la communaut\u00e9 internationale \u00e0 agir de toute urgence pour mettre fin \u00e0 cette situation dramatique.<\/p>\n\n\n\n<p>Pendant ce temps, la situation \u00e0 Ghaza continue de se d\u00e9t\u00e9riorer \u00e0 un rythme alarmant. Selon le dernier bilan du minist\u00e8re palestinien de la Sant\u00e9, l&rsquo;agression g\u00e9nocidaire sioniste a fait 41 226 martyrs et 95 413 bless\u00e9s depuis le 7 octobre 2023, majoritairement des femmes et des enfants. Au cours des derni\u00e8res 24 heures, au moins 20 Palestiniens sont tomb\u00e9s en martyrs et 76 autres ont \u00e9t\u00e9 bless\u00e9s dans trois massacres contre des familles. L&rsquo;UNRWA, malgr\u00e9 les difficult\u00e9s, a r\u00e9ussi \u00e0 mener \u00e0 bien le premier tour d&rsquo;une campagne de vaccination contre la polio, atteignant une couverture de 90% des enfants cibl\u00e9s. Cependant, le commissaire g\u00e9n\u00e9ral de l&rsquo;agence, Philippe Lazzarini, appelle \u00e0 de nouvelles \u00ab\u00a0pauses humanitaires\u00a0\u00bb pour administrer la deuxi\u00e8me dose pr\u00e9vue fin septembre. Il souligne que \u00ab\u00a0lorsqu&rsquo;il y a une volont\u00e9 politique, l&rsquo;aide peut \u00eatre fournie sans interruption\u00a0\u00bb, tout en insistant sur l&rsquo;urgence d&rsquo;un cessez-le-feu imm\u00e9diat.<\/p>\n\n\n\n<p>La situation humanitaire reste catastrophique. Les autorit\u00e9s palestiniennes mettent en garde contre une famine imminente, notamment dans le nord de Ghaza o\u00f9 cinq boulangeries sur six ont d\u00fb fermer faute de carburant et de mati\u00e8res premi\u00e8res. Le blocus isra\u00e9lien emp\u00eache l&rsquo;entr\u00e9e de 250 000 tentes et conteneurs n\u00e9cessaires pour abriter les 2 millions de personnes d\u00e9plac\u00e9es, alors que l&rsquo;hiver approche et que 74% des tentes existantes sont inutilisables.<\/p>\n\n\n\n<p>La communaut\u00e9 internationale est de plus en plus critiqu\u00e9e pour son inaction face \u00e0 cette trag\u00e9die. Edwy Plenel, cofondateur du m\u00e9dia fran\u00e7ais Mediapart, d\u00e9nonce l&rsquo;hypocrisie de l&rsquo;Occident qui applique un \u00ab\u00a0double standard\u00a0\u00bb entre la guerre en Ukraine et celle \u00e0 Ghaza. \u00ab\u00a0Il y a une volont\u00e9 des actuels dirigeants isra\u00e9liens de d\u00e9truire la Palestine et il n&rsquo;y a pas de r\u00e9action !\u00a0\u00bb, fustige-t-il, appelant l&rsquo;Europe \u00e0 se ressaisir face \u00e0 cette situation qu&rsquo;il qualifie de \u00ab\u00a0terrifiante\u00a0\u00bb.<\/p>\n\n\n\n<p>La presse n&rsquo;est pas \u00e9pargn\u00e9e par cette violence. Un nouveau journaliste palestinien a \u00e9t\u00e9 tu\u00e9 dimanche, portant \u00e0 173 le nombre de professionnels des m\u00e9dias tomb\u00e9s en martyrs depuis le d\u00e9but du conflit. Le bureau des m\u00e9dias \u00e0 Ghaza condamne ces assassinats cibl\u00e9s et appelle la communaut\u00e9 internationale \u00e0 faire pression sur l&rsquo;entit\u00e9 sioniste pour mettre fin \u00e0 ces crimes.<\/p>\n\n\n\n<p>Alors que l&rsquo;agression g\u00e9nocidaire sioniste va boucler dans quelques jours un ann\u00e9e, la situation \u00e0 Ghaza semble s&rsquo;enliser dans une spirale de violence et de souffrance sans pr\u00e9c\u00e9dent.<\/p>\n\n\n\n<p>Lyes Sa\u00efdi<\/p>\n","protected":false},"excerpt":{"rendered":"<p>Lors d&rsquo;un briefing au Conseil de s\u00e9curit\u00e9 de l&rsquo;ONU sur la situation au Moyen-Orient, le repr\u00e9sentant permanent de l&rsquo;Alg\u00e9rie, Ammar<\/p>\n","protected":false},"author":6,"featured_media":48688,"comment_status":"open","ping_status":"closed","sticky":false,"template":"","format":"standard","meta":{"colormag_page_container_layout":"default_layout","colormag_page_sidebar_layout":"default_layout","om_disable_all_campaigns":false,"_monsterinsights_skip_tracking":false,"_monsterinsights_sitenote_active":false,"_monsterinsights_sitenote_note":"","_monsterinsights_sitenote_category":0,"footnotes":"","_wpscppro_dont_share_socialmedia":false,"_wpscppro_custom_social_share_image":0,"_facebook_share_type":"default","_twitter_share_type":"default","_linkedin_share_type":"default","_pinterest_share_type":"default","_linkedin_share_type_page":"","_instagram_share_type":"default","_medium_share_type":"","_threads_share_type":"","_google_business_share_type":"","_selected_social_profile":[],"_wpsp_enable_custom_social_template":false,"_wpsp_social_scheduling":{"enabled":false,"datetime":null,"platforms":[],"status":"template_only","dateOption":"today","timeOption":"now","customDays":"","customHours":"","customDate":"","customTime":"","schedulingType":"absolute"},"_wpsp_active_default_template":true},"categories":[52,27],"tags":[],"class_list":["post-57098","post","type-post","status-publish","format-standard","has-post-thumbnail","hentry","category-a-la-une","category-actualite"],"aioseo_notices":[],"yoast_head":"<!-- This site is optimized with the Yoast SEO plugin v27.5 - https:\/\/yoast.com\/product\/yoast-seo-wordpress\/ -->\n<title>L&rsquo;Alg\u00e9rie met en garde contre l&rsquo;impunit\u00e9 de l&rsquo;entit\u00e9 sioniste - La Sentinelle<\/title>\n<meta name=\"robots\" content=\"index, follow, max-snippet:-1, max-image-preview:large, max-video-preview:-1\" \/>\n<link rel=\"canonical\" href=\"https:\/\/lasentinelle.dz\/index.php\/2024\/09\/17\/lalgerie-met-en-garde-contre-limpunite-de-lentite-sioniste\/\" \/>\n<meta property=\"og:locale\" content=\"fr_FR\" \/>\n<meta property=\"og:type\" content=\"article\" \/>\n<meta property=\"og:title\" content=\"L&rsquo;Alg\u00e9rie met en garde contre l&rsquo;impunit\u00e9 de l&rsquo;entit\u00e9 sioniste - La Sentinelle\" \/>\n<meta property=\"og:description\" content=\"Lors d&rsquo;un briefing au Conseil de s\u00e9curit\u00e9 de l&rsquo;ONU sur la situation au Moyen-Orient, le repr\u00e9sentant permanent de l&rsquo;Alg\u00e9rie, Ammar\" \/>\n<meta property=\"og:url\" content=\"https:\/\/lasentinelle.dz\/index.php\/2024\/09\/17\/lalgerie-met-en-garde-contre-limpunite-de-lentite-sioniste\/\" \/>\n<meta property=\"og:site_name\" content=\"La Sentinelle\" \/>\n<meta property=\"article:publisher\" content=\"https:\/\/www.facebook.com\/La-Sentinelle-104059864394773\" \/>\n<meta property=\"article:published_time\" content=\"2024-09-17T13:28:27+00:00\" \/>\n<meta property=\"article:modified_time\" content=\"2024-09-17T13:28:28+00:00\" \/>\n<meta property=\"og:image\" content=\"https:\/\/lasentinelle.dz\/wp-content\/uploads\/2024\/01\/amar-Bendjama.jpeg\" \/>\n\t<meta property=\"og:image:width\" content=\"745\" \/>\n\t<meta property=\"og:image:height\" content=\"470\" \/>\n\t<meta property=\"og:image:type\" content=\"image\/jpeg\" \/>\n<meta name=\"author\" content=\"admin\" \/>\n<meta name=\"twitter:card\" content=\"summary_large_image\" \/>\n<meta name=\"twitter:label1\" content=\"\u00c9crit par\" \/>\n\t<meta name=\"twitter:data1\" content=\"admin\" \/>\n\t<meta name=\"twitter:label2\" content=\"Dur\u00e9e de lecture estim\u00e9e\" \/>\n\t<meta name=\"twitter:data2\" content=\"4 minutes\" \/>\n<script type=\"application\/ld+json\" class=\"yoast-schema-graph\">{\"@context\":\"https:\\\/\\\/schema.org\",\"@graph\":[{\"@type\":\"Article\",\"@id\":\"https:\\\/\\\/lasentinelle.dz\\\/index.php\\\/2024\\\/09\\\/17\\\/lalgerie-met-en-garde-contre-limpunite-de-lentite-sioniste\\\/#article\",\"isPartOf\":{\"@id\":\"https:\\\/\\\/lasentinelle.dz\\\/index.php\\\/2024\\\/09\\\/17\\\/lalgerie-met-en-garde-contre-limpunite-de-lentite-sioniste\\\/\"},\"author\":{\"name\":\"admin\",\"@id\":\"https:\\\/\\\/lasentinelle.dz\\\/#\\\/schema\\\/person\\\/729ee0024f24e0b8c5ec17232f8e8b41\"},\"headline\":\"L&rsquo;Alg\u00e9rie met en garde contre l&rsquo;impunit\u00e9 de l&rsquo;entit\u00e9 sioniste\",\"datePublished\":\"2024-09-17T13:28:27+00:00\",\"dateModified\":\"2024-09-17T13:28:28+00:00\",\"mainEntityOfPage\":{\"@id\":\"https:\\\/\\\/lasentinelle.dz\\\/index.php\\\/2024\\\/09\\\/17\\\/lalgerie-met-en-garde-contre-limpunite-de-lentite-sioniste\\\/\"},\"wordCount\":688,\"commentCount\":0,\"publisher\":{\"@id\":\"https:\\\/\\\/lasentinelle.dz\\\/#organization\"},\"image\":{\"@id\":\"https:\\\/\\\/lasentinelle.dz\\\/index.php\\\/2024\\\/09\\\/17\\\/lalgerie-met-en-garde-contre-limpunite-de-lentite-sioniste\\\/#primaryimage\"},\"thumbnailUrl\":\"https:\\\/\\\/lasentinelle.dz\\\/wp-content\\\/uploads\\\/2024\\\/01\\\/amar-Bendjama.jpeg\",\"articleSection\":[\"\u00c0 la Une\",\"Actualit\u00e9\"],\"inLanguage\":\"fr-FR\",\"potentialAction\":[{\"@type\":\"CommentAction\",\"name\":\"Comment\",\"target\":[\"https:\\\/\\\/lasentinelle.dz\\\/index.php\\\/2024\\\/09\\\/17\\\/lalgerie-met-en-garde-contre-limpunite-de-lentite-sioniste\\\/#respond\"]}]},{\"@type\":\"WebPage\",\"@id\":\"https:\\\/\\\/lasentinelle.dz\\\/index.php\\\/2024\\\/09\\\/17\\\/lalgerie-met-en-garde-contre-limpunite-de-lentite-sioniste\\\/\",\"url\":\"https:\\\/\\\/lasentinelle.dz\\\/index.php\\\/2024\\\/09\\\/17\\\/lalgerie-met-en-garde-contre-limpunite-de-lentite-sioniste\\\/\",\"name\":\"L&rsquo;Alg\u00e9rie met en garde contre l&rsquo;impunit\u00e9 de l&rsquo;entit\u00e9 sioniste - La Sentinelle\",\"isPartOf\":{\"@id\":\"https:\\\/\\\/lasentinelle.dz\\\/#website\"},\"primaryImageOfPage\":{\"@id\":\"https:\\\/\\\/lasentinelle.dz\\\/index.php\\\/2024\\\/09\\\/17\\\/lalgerie-met-en-garde-contre-limpunite-de-lentite-sioniste\\\/#primaryimage\"},\"image\":{\"@id\":\"https:\\\/\\\/lasentinelle.dz\\\/index.php\\\/2024\\\/09\\\/17\\\/lalgerie-met-en-garde-contre-limpunite-de-lentite-sioniste\\\/#primaryimage\"},\"thumbnailUrl\":\"https:\\\/\\\/lasentinelle.dz\\\/wp-content\\\/uploads\\\/2024\\\/01\\\/amar-Bendjama.jpeg\",\"datePublished\":\"2024-09-17T13:28:27+00:00\",\"dateModified\":\"2024-09-17T13:28:28+00:00\",\"breadcrumb\":{\"@id\":\"https:\\\/\\\/lasentinelle.dz\\\/index.php\\\/2024\\\/09\\\/17\\\/lalgerie-met-en-garde-contre-limpunite-de-lentite-sioniste\\\/#breadcrumb\"},\"inLanguage\":\"fr-FR\",\"potentialAction\":[{\"@type\":\"ReadAction\",\"target\":[\"https:\\\/\\\/lasentinelle.dz\\\/index.php\\\/2024\\\/09\\\/17\\\/lalgerie-met-en-garde-contre-limpunite-de-lentite-sioniste\\\/\"]}]},{\"@type\":\"ImageObject\",\"inLanguage\":\"fr-FR\",\"@id\":\"https:\\\/\\\/lasentinelle.dz\\\/index.php\\\/2024\\\/09\\\/17\\\/lalgerie-met-en-garde-contre-limpunite-de-lentite-sioniste\\\/#primaryimage\",\"url\":\"https:\\\/\\\/lasentinelle.dz\\\/wp-content\\\/uploads\\\/2024\\\/01\\\/amar-Bendjama.jpeg\",\"contentUrl\":\"https:\\\/\\\/lasentinelle.dz\\\/wp-content\\\/uploads\\\/2024\\\/01\\\/amar-Bendjama.jpeg\",\"width\":745,\"height\":470},{\"@type\":\"BreadcrumbList\",\"@id\":\"https:\\\/\\\/lasentinelle.dz\\\/index.php\\\/2024\\\/09\\\/17\\\/lalgerie-met-en-garde-contre-limpunite-de-lentite-sioniste\\\/#breadcrumb\",\"itemListElement\":[{\"@type\":\"ListItem\",\"position\":1,\"name\":\"Accueil\",\"item\":\"https:\\\/\\\/lasentinelle.dz\\\/\"},{\"@type\":\"ListItem\",\"position\":2,\"name\":\"L&rsquo;Alg\u00e9rie met en garde contre l&rsquo;impunit\u00e9 de l&rsquo;entit\u00e9 sioniste\"}]},{\"@type\":\"WebSite\",\"@id\":\"https:\\\/\\\/lasentinelle.dz\\\/#website\",\"url\":\"https:\\\/\\\/lasentinelle.dz\\\/\",\"name\":\"La Sentinelle\",\"description\":\"Quotidien national d&#039;information\",\"publisher\":{\"@id\":\"https:\\\/\\\/lasentinelle.dz\\\/#organization\"},\"potentialAction\":[{\"@type\":\"SearchAction\",\"target\":{\"@type\":\"EntryPoint\",\"urlTemplate\":\"https:\\\/\\\/lasentinelle.dz\\\/?s={search_term_string}\"},\"query-input\":{\"@type\":\"PropertyValueSpecification\",\"valueRequired\":true,\"valueName\":\"search_term_string\"}}],\"inLanguage\":\"fr-FR\"},{\"@type\":\"Organization\",\"@id\":\"https:\\\/\\\/lasentinelle.dz\\\/#organization\",\"name\":\"Quotidien La Sentinelle\",\"url\":\"https:\\\/\\\/lasentinelle.dz\\\/\",\"logo\":{\"@type\":\"ImageObject\",\"inLanguage\":\"fr-FR\",\"@id\":\"https:\\\/\\\/lasentinelle.dz\\\/#\\\/schema\\\/logo\\\/image\\\/\",\"url\":\"https:\\\/\\\/lasentinelle.dz\\\/wp-content\\\/uploads\\\/2021\\\/09\\\/logo-sentinelleSLOGAN-1.png\",\"contentUrl\":\"https:\\\/\\\/lasentinelle.dz\\\/wp-content\\\/uploads\\\/2021\\\/09\\\/logo-sentinelleSLOGAN-1.png\",\"width\":615,\"height\":142,\"caption\":\"Quotidien La Sentinelle\"},\"image\":{\"@id\":\"https:\\\/\\\/lasentinelle.dz\\\/#\\\/schema\\\/logo\\\/image\\\/\"},\"sameAs\":[\"https:\\\/\\\/www.facebook.com\\\/La-Sentinelle-104059864394773\"]},{\"@type\":\"Person\",\"@id\":\"https:\\\/\\\/lasentinelle.dz\\\/#\\\/schema\\\/person\\\/729ee0024f24e0b8c5ec17232f8e8b41\",\"name\":\"admin\",\"image\":{\"@type\":\"ImageObject\",\"inLanguage\":\"fr-FR\",\"@id\":\"https:\\\/\\\/secure.gravatar.com\\\/avatar\\\/4c81fed838786e9b53f540bf46533e750f5d292099ae3b66cfc6fb1982e29df7?s=96&d=mm&r=g\",\"url\":\"https:\\\/\\\/secure.gravatar.com\\\/avatar\\\/4c81fed838786e9b53f540bf46533e750f5d292099ae3b66cfc6fb1982e29df7?s=96&d=mm&r=g\",\"contentUrl\":\"https:\\\/\\\/secure.gravatar.com\\\/avatar\\\/4c81fed838786e9b53f540bf46533e750f5d292099ae3b66cfc6fb1982e29df7?s=96&d=mm&r=g\",\"caption\":\"admin\"},\"description\":\"admin\",\"url\":\"https:\\\/\\\/lasentinelle.dz\\\/author\\\/admin\\\/\"}]}<\/script>\n<!-- \/ Yoast SEO plugin. -->","yoast_head_json":{"title":"L&rsquo;Alg\u00e9rie met en garde contre l&rsquo;impunit\u00e9 de l&rsquo;entit\u00e9 sioniste - La Sentinelle","robots":{"index":"index","follow":"follow","max-snippet":"max-snippet:-1","max-image-preview":"max-image-preview:large","max-video-preview":"max-video-preview:-1"},"canonical":"https:\/\/lasentinelle.dz\/index.php\/2024\/09\/17\/lalgerie-met-en-garde-contre-limpunite-de-lentite-sioniste\/","og_locale":"fr_FR","og_type":"article","og_title":"L&rsquo;Alg\u00e9rie met en garde contre l&rsquo;impunit\u00e9 de l&rsquo;entit\u00e9 sioniste - La Sentinelle","og_description":"Lors d&rsquo;un briefing au Conseil de s\u00e9curit\u00e9 de l&rsquo;ONU sur la situation au Moyen-Orient, le repr\u00e9sentant permanent de l&rsquo;Alg\u00e9rie, Ammar","og_url":"https:\/\/lasentinelle.dz\/index.php\/2024\/09\/17\/lalgerie-met-en-garde-contre-limpunite-de-lentite-sioniste\/","og_site_name":"La Sentinelle","article_publisher":"https:\/\/www.facebook.com\/La-Sentinelle-104059864394773","article_published_time":"2024-09-17T13:28:27+00:00","article_modified_time":"2024-09-17T13:28:28+00:00","og_image":[{"width":745,"height":470,"url":"https:\/\/lasentinelle.dz\/wp-content\/uploads\/2024\/01\/amar-Bendjama.jpeg","type":"image\/jpeg"}],"author":"admin","twitter_card":"summary_large_image","twitter_misc":{"\u00c9crit par":"admin","Dur\u00e9e de lecture estim\u00e9e":"4 minutes"},"schema":{"@context":"https:\/\/schema.org","@graph":[{"@type":"Article","@id":"https:\/\/lasentinelle.dz\/index.php\/2024\/09\/17\/lalgerie-met-en-garde-contre-limpunite-de-lentite-sioniste\/#article","isPartOf":{"@id":"https:\/\/lasentinelle.dz\/index.php\/2024\/09\/17\/lalgerie-met-en-garde-contre-limpunite-de-lentite-sioniste\/"},"author":{"name":"admin","@id":"https:\/\/lasentinelle.dz\/#\/schema\/person\/729ee0024f24e0b8c5ec17232f8e8b41"},"headline":"L&rsquo;Alg\u00e9rie met en garde contre l&rsquo;impunit\u00e9 de l&rsquo;entit\u00e9 sioniste","datePublished":"2024-09-17T13:28:27+00:00","dateModified":"2024-09-17T13:28:28+00:00","mainEntityOfPage":{"@id":"https:\/\/lasentinelle.dz\/index.php\/2024\/09\/17\/lalgerie-met-en-garde-contre-limpunite-de-lentite-sioniste\/"},"wordCount":688,"commentCount":0,"publisher":{"@id":"https:\/\/lasentinelle.dz\/#organization"},"image":{"@id":"https:\/\/lasentinelle.dz\/index.php\/2024\/09\/17\/lalgerie-met-en-garde-contre-limpunite-de-lentite-sioniste\/#primaryimage"},"thumbnailUrl":"https:\/\/lasentinelle.dz\/wp-content\/uploads\/2024\/01\/amar-Bendjama.jpeg","articleSection":["\u00c0 la Une","Actualit\u00e9"],"inLanguage":"fr-FR","potentialAction":[{"@type":"CommentAction","name":"Comment","target":["https:\/\/lasentinelle.dz\/index.php\/2024\/09\/17\/lalgerie-met-en-garde-contre-limpunite-de-lentite-sioniste\/#respond"]}]},{"@type":"WebPage","@id":"https:\/\/lasentinelle.dz\/index.php\/2024\/09\/17\/lalgerie-met-en-garde-contre-limpunite-de-lentite-sioniste\/","url":"https:\/\/lasentinelle.dz\/index.php\/2024\/09\/17\/lalgerie-met-en-garde-contre-limpunite-de-lentite-sioniste\/","name":"L&rsquo;Alg\u00e9rie met en garde contre l&rsquo;impunit\u00e9 de l&rsquo;entit\u00e9 sioniste - La Sentinelle","isPartOf":{"@id":"https:\/\/lasentinelle.dz\/#website"},"primaryImageOfPage":{"@id":"https:\/\/lasentinelle.dz\/index.php\/2024\/09\/17\/lalgerie-met-en-garde-contre-limpunite-de-lentite-sioniste\/#primaryimage"},"image":{"@id":"https:\/\/lasentinelle.dz\/index.php\/2024\/09\/17\/lalgerie-met-en-garde-contre-limpunite-de-lentite-sioniste\/#primaryimage"},"thumbnailUrl":"https:\/\/lasentinelle.dz\/wp-content\/uploads\/2024\/01\/amar-Bendjama.jpeg","datePublished":"2024-09-17T13:28:27+00:00","dateModified":"2024-09-17T13:28:28+00:00","breadcrumb":{"@id":"https:\/\/lasentinelle.dz\/index.php\/2024\/09\/17\/lalgerie-met-en-garde-contre-limpunite-de-lentite-sioniste\/#breadcrumb"},"inLanguage":"fr-FR","potentialAction":[{"@type":"ReadAction","target":["https:\/\/lasentinelle.dz\/index.php\/2024\/09\/17\/lalgerie-met-en-garde-contre-limpunite-de-lentite-sioniste\/"]}]},{"@type":"ImageObject","inLanguage":"fr-FR","@id":"https:\/\/lasentinelle.dz\/index.php\/2024\/09\/17\/lalgerie-met-en-garde-contre-limpunite-de-lentite-sioniste\/#primaryimage","url":"https:\/\/lasentinelle.dz\/wp-content\/uploads\/2024\/01\/amar-Bendjama.jpeg","contentUrl":"https:\/\/lasentinelle.dz\/wp-content\/uploads\/2024\/01\/amar-Bendjama.jpeg","width":745,"height":470},{"@type":"BreadcrumbList","@id":"https:\/\/lasentinelle.dz\/index.php\/2024\/09\/17\/lalgerie-met-en-garde-contre-limpunite-de-lentite-sioniste\/#breadcrumb","itemListElement":[{"@type":"ListItem","position":1,"name":"Accueil","item":"https:\/\/lasentinelle.dz\/"},{"@type":"ListItem","position":2,"name":"L&rsquo;Alg\u00e9rie met en garde contre l&rsquo;impunit\u00e9 de l&rsquo;entit\u00e9 sioniste"}]},{"@type":"WebSite","@id":"https:\/\/lasentinelle.dz\/#website","url":"https:\/\/lasentinelle.dz\/","name":"La Sentinelle","description":"Quotidien national d&#039;information","publisher":{"@id":"https:\/\/lasentinelle.dz\/#organization"},"potentialAction":[{"@type":"SearchAction","target":{"@type":"EntryPoint","urlTemplate":"https:\/\/lasentinelle.dz\/?s={search_term_string}"},"query-input":{"@type":"PropertyValueSpecification","valueRequired":true,"valueName":"search_term_string"}}],"inLanguage":"fr-FR"},{"@type":"Organization","@id":"https:\/\/lasentinelle.dz\/#organization","name":"Quotidien La Sentinelle","url":"https:\/\/lasentinelle.dz\/","logo":{"@type":"ImageObject","inLanguage":"fr-FR","@id":"https:\/\/lasentinelle.dz\/#\/schema\/logo\/image\/","url":"https:\/\/lasentinelle.dz\/wp-content\/uploads\/2021\/09\/logo-sentinelleSLOGAN-1.png","contentUrl":"https:\/\/lasentinelle.dz\/wp-content\/uploads\/2021\/09\/logo-sentinelleSLOGAN-1.png","width":615,"height":142,"caption":"Quotidien La Sentinelle"},"image":{"@id":"https:\/\/lasentinelle.dz\/#\/schema\/logo\/image\/"},"sameAs":["https:\/\/www.facebook.com\/La-Sentinelle-104059864394773"]},{"@type":"Person","@id":"https:\/\/lasentinelle.dz\/#\/schema\/person\/729ee0024f24e0b8c5ec17232f8e8b41","name":"admin","image":{"@type":"ImageObject","inLanguage":"fr-FR","@id":"https:\/\/secure.gravatar.com\/avatar\/4c81fed838786e9b53f540bf46533e750f5d292099ae3b66cfc6fb1982e29df7?s=96&d=mm&r=g","url":"https:\/\/secure.gravatar.com\/avatar\/4c81fed838786e9b53f540bf46533e750f5d292099ae3b66cfc6fb1982e29df7?s=96&d=mm&r=g","contentUrl":"https:\/\/secure.gravatar.com\/avatar\/4c81fed838786e9b53f540bf46533e750f5d292099ae3b66cfc6fb1982e29df7?s=96&d=mm&r=g","caption":"admin"},"description":"admin","url":"https:\/\/lasentinelle.dz\/author\/admin\/"}]}},"_links":{"self":[{"href":"https:\/\/lasentinelle.dz\/index.php\/wp-json\/wp\/v2\/posts\/57098","targetHints":{"allow":["GET"]}}],"collection":[{"href":"https:\/\/lasentinelle.dz\/index.php\/wp-json\/wp\/v2\/posts"}],"about":[{"href":"https:\/\/lasentinelle.dz\/index.php\/wp-json\/wp\/v2\/types\/post"}],"author":[{"embeddable":true,"href":"https:\/\/lasentinelle.dz\/index.php\/wp-json\/wp\/v2\/users\/6"}],"replies":[{"embeddable":true,"href":"https:\/\/lasentinelle.dz\/index.php\/wp-json\/wp\/v2\/comments?post=57098"}],"version-history":[{"count":2,"href":"https:\/\/lasentinelle.dz\/index.php\/wp-json\/wp\/v2\/posts\/57098\/revisions"}],"predecessor-version":[{"id":57100,"href":"https:\/\/lasentinelle.dz\/index.php\/wp-json\/wp\/v2\/posts\/57098\/revisions\/57100"}],"wp:featuredmedia":[{"embeddable":true,"href":"https:\/\/lasentinelle.dz\/index.php\/wp-json\/wp\/v2\/media\/48688"}],"wp:attachment":[{"href":"https:\/\/lasentinelle.dz\/index.php\/wp-json\/wp\/v2\/media?parent=57098"}],"wp:term":[{"taxonomy":"category","embeddable":true,"href":"https:\/\/lasentinelle.dz\/index.php\/wp-json\/wp\/v2\/categories?post=57098"},{"taxonomy":"post_tag","embeddable":true,"href":"https:\/\/lasentinelle.dz\/index.php\/wp-json\/wp\/v2\/tags?post=57098"}],"curies":[{"name":"wp","href":"https:\/\/api.w.org\/{rel}","templated":true}]}}