{"id":57101,"date":"2024-09-17T14:29:26","date_gmt":"2024-09-17T13:29:26","guid":{"rendered":"https:\/\/lasentinelle.dz\/?p=57101"},"modified":"2024-09-17T14:29:26","modified_gmt":"2024-09-17T13:29:26","slug":"sommet-de-lavenir-lappel-du-president-tebboune-a-un-ordre-international-equilibre","status":"publish","type":"post","link":"https:\/\/lasentinelle.dz\/index.php\/2024\/09\/17\/sommet-de-lavenir-lappel-du-president-tebboune-a-un-ordre-international-equilibre\/","title":{"rendered":"Sommet de l&rsquo;avenir : L&rsquo;appel du Pr\u00e9sident Tebboune \u00e0 un ordre international \u00e9quilibr\u00e9"},"content":{"rendered":"\n<p>Le pr\u00e9sident de la R\u00e9publique, M. Abdelmadjid Tebboune, a lanc\u00e9 un appel fort pour faire du prochain Sommet de l&rsquo;avenir une \u00ab\u00a0base solide\u00a0\u00bb permettant d&rsquo;\u00e9tablir \u00ab\u00a0un ordre international \u00e9quilibr\u00e9 et juste\u00a0\u00bb.<\/p>\n\n\n\n<p>Le pr\u00e9sident de la R\u00e9publique a soulign\u00e9, dans une allocution lors de sa participation au sommet virtuel \u00ab\u00a0Appel mondial pour le Sommet de l&rsquo;avenir\u00a0\u00bb, en pr\u00e9vision du Sommet de l&rsquo;avenir qui se tiendra les 22 et 23 septembre 2024, l&rsquo;importance cruciale de ce sommet dans le contexte mondial actuel, qu&rsquo;il qualifie de \u00ab\u00a0tournant d\u00e9cisif et p\u00e9rilleux\u00a0\u00bb. Il a insist\u00e9 sur la n\u00e9cessit\u00e9 de saisir cette opportunit\u00e9 pour \u00ab\u00a0renouveler notre engagement collectif envers les principes et valeurs consacr\u00e9es par la Charte des Nations Unies\u00a0\u00bb. \u00ab\u00a0Notre monde est aujourd&rsquo;hui \u00e0 un tournant d\u00e9cisif et p\u00e9rilleux du fait des risques d\u00e9coulant des d\u00e9fis s\u00e9curitaire, climatique et de d\u00e9veloppement, qui impactent aussi bien nos peuples que nos Etats\u00a0\u00bb, a-t-il indiqu\u00e9.\u00a0\u00bbDe telles circonstances exceptionnelles font \u00e0 nouveau \u00e9merger parmi les priorit\u00e9s, l&rsquo;imp\u00e9rative revalorisation de ce qui nous rassemble et nous unit dans l&rsquo;enceinte de notre organisation onusienne, que nous soutenons pleinement, convaincus qu&rsquo;elle est irrempla\u00e7able et indispensable\u00a0\u00bb, a soulign\u00e9 le pr\u00e9sident de la R\u00e9publique. \u00ab\u00a0Le Sommet de l&rsquo;avenir que nous pr\u00e9parons ne doit pas \u00eatre un \u00e9v\u00e9nement anodin ou une occasion \u00e9ph\u00e9m\u00e8re. Ce rendez-vous doit, au contraire, \u00eatre appr\u00e9hend\u00e9 comme une \u00e9tape charni\u00e8re \u00e0 mettre \u00e0 profit pour renouveler notre engagement collectif envers les principes et valeurs consacr\u00e9es par la Charte des Nations Unies\u00a0\u00bb, a soutenu le pr\u00e9sident de la R\u00e9publique.<\/p>\n\n\n\n<p>Le Pr\u00e9sident Tebboune a particuli\u00e8rement mis l&rsquo;accent sur la cr\u00e9ation d&rsquo;un nouvel ordre mondial qui garantirait \u00ab\u00a0la s\u00e9curit\u00e9, la stabilit\u00e9 et la prosp\u00e9rit\u00e9 pour tous\u00a0\u00bb. Il a notamment plaid\u00e9 pour mettre fin \u00e0 \u00ab\u00a0la marginalisation des pays africains qui a tant dur\u00e9\u00a0\u00bb et pour r\u00e9pondre \u00ab\u00a0aux appels de d\u00e9tresse des peuples opprim\u00e9s\u00a0\u00bb. Ce rendez-vous doit \u00eatre consid\u00e9r\u00e9 comme une \u00ab\u00a0opportunit\u00e9 renouvel\u00e9e pour rattraper les occasions manqu\u00e9es en vue de trouver des solutions pacifiques aux crises et conflits qui accablent la communaut\u00e9 internationale\u00a0\u00bb, mais aussi comme une \u00ab\u00a0base solide pour envisager les perspectives d&rsquo;avenir \u00e0 la lumi\u00e8re d&rsquo;un ordre international \u00e9quilibr\u00e9 et juste garantissant la s\u00e9curit\u00e9, la stabilit\u00e9 et la prosp\u00e9rit\u00e9 pour tous, mettant fin \u00e0 la marginalisation des pays africains qui a tant dur\u00e9, r\u00e9pondant aux appels de d\u00e9tresse des peuples opprim\u00e9s et \u00e9radiquant le dernier fl\u00e9au des \u00e9poques r\u00e9volues : la domination, l&rsquo;occupation et le colonialisme\u00a0\u00bb, a poursuivi le pr\u00e9sident de la R\u00e9publique. Et d&rsquo;appeler, par l\u00e0 m\u00eame, les dirigeants des pays du monde \u00e0 adh\u00e9rer \u00e0 cette \u00ab\u00a0noble initiative\u00a0\u00bb et \u00e0 joindre leurs efforts pour traduire les conclusions qui sanctionneront ce Sommet en \u00ab\u00a0actions concr\u00e8tes \u00e0 m\u00eame de pr\u00e9server les int\u00e9r\u00eats des g\u00e9n\u00e9rations actuelles et futures\u00a0\u00bb.<\/p>\n\n\n\n<p>R\u00e9affirmant le soutien plein et entier de l&rsquo;Alg\u00e9rie \u00e0 l&rsquo;Organisation des Nations Unies, qu&rsquo;il consid\u00e8re comme \u00ab\u00a0irrempla\u00e7able et indispensable\u00a0\u00bb, le Pr\u00e9sident Tebboune a soulign\u00e9 l&rsquo;importance de revitaliser ce qui unit la communaut\u00e9 internationale au sein de l&rsquo;ONU.<\/p>\n\n\n\n<p>Chokri Hafed<\/p>\n","protected":false},"excerpt":{"rendered":"<p>Le pr\u00e9sident de la R\u00e9publique, M. Abdelmadjid Tebboune, a lanc\u00e9 un appel fort pour faire du prochain Sommet de l&rsquo;avenir<\/p>\n","protected":false},"author":6,"featured_media":57102,"comment_status":"open","ping_status":"closed","sticky":false,"template":"","format":"standard","meta":{"colormag_page_container_layout":"default_layout","colormag_page_sidebar_layout":"default_layout","om_disable_all_campaigns":false,"_monsterinsights_skip_tracking":false,"_monsterinsights_sitenote_active":false,"_monsterinsights_sitenote_note":"","_monsterinsights_sitenote_category":0,"footnotes":"","_wpscppro_dont_share_socialmedia":false,"_wpscppro_custom_social_share_image":0,"_facebook_share_type":"default","_twitter_share_type":"default","_linkedin_share_type":"default","_pinterest_share_type":"default","_linkedin_share_type_page":"","_instagram_share_type":"default","_medium_share_type":"","_threads_share_type":"","_google_business_share_type":"","_selected_social_profile":[],"_wpsp_enable_custom_social_template":false,"_wpsp_social_scheduling":{"enabled":false,"datetime":null,"platforms":[],"status":"template_only","dateOption":"today","timeOption":"now","customDays":"","customHours":"","customDate":"","customTime":"","schedulingType":"absolute"},"_wpsp_active_default_template":true},"categories":[52,27],"tags":[],"class_list":["post-57101","post","type-post","status-publish","format-standard","has-post-thumbnail","hentry","category-a-la-une","category-actualite"],"aioseo_notices":[],"yoast_head":"<!-- This site is optimized with the Yoast SEO plugin v27.5 - https:\/\/yoast.com\/product\/yoast-seo-wordpress\/ -->\n<title>Sommet de l&rsquo;avenir : L&rsquo;appel du Pr\u00e9sident Tebboune \u00e0 un ordre international \u00e9quilibr\u00e9 - La Sentinelle<\/title>\n<meta name=\"robots\" content=\"index, follow, max-snippet:-1, max-image-preview:large, max-video-preview:-1\" \/>\n<link rel=\"canonical\" href=\"https:\/\/lasentinelle.dz\/index.php\/2024\/09\/17\/sommet-de-lavenir-lappel-du-president-tebboune-a-un-ordre-international-equilibre\/\" \/>\n<meta property=\"og:locale\" content=\"fr_FR\" \/>\n<meta property=\"og:type\" content=\"article\" \/>\n<meta property=\"og:title\" content=\"Sommet de l&rsquo;avenir : L&rsquo;appel du Pr\u00e9sident Tebboune \u00e0 un ordre international \u00e9quilibr\u00e9 - La Sentinelle\" \/>\n<meta property=\"og:description\" content=\"Le pr\u00e9sident de la R\u00e9publique, M. Abdelmadjid Tebboune, a lanc\u00e9 un appel fort pour faire du prochain Sommet de l&rsquo;avenir\" \/>\n<meta property=\"og:url\" content=\"https:\/\/lasentinelle.dz\/index.php\/2024\/09\/17\/sommet-de-lavenir-lappel-du-president-tebboune-a-un-ordre-international-equilibre\/\" \/>\n<meta property=\"og:site_name\" content=\"La Sentinelle\" \/>\n<meta property=\"article:publisher\" content=\"https:\/\/www.facebook.com\/La-Sentinelle-104059864394773\" \/>\n<meta property=\"article:published_time\" content=\"2024-09-17T13:29:26+00:00\" \/>\n<meta property=\"og:image\" content=\"https:\/\/lasentinelle.dz\/wp-content\/uploads\/2024\/09\/president.jpg\" \/>\n\t<meta property=\"og:image:width\" content=\"1280\" \/>\n\t<meta property=\"og:image:height\" content=\"720\" \/>\n\t<meta property=\"og:image:type\" content=\"image\/jpeg\" \/>\n<meta name=\"author\" content=\"admin\" \/>\n<meta name=\"twitter:card\" content=\"summary_large_image\" \/>\n<meta name=\"twitter:label1\" content=\"\u00c9crit par\" \/>\n\t<meta name=\"twitter:data1\" content=\"admin\" \/>\n\t<meta name=\"twitter:label2\" content=\"Dur\u00e9e de lecture estim\u00e9e\" \/>\n\t<meta name=\"twitter:data2\" content=\"3 minutes\" \/>\n<script type=\"application\/ld+json\" class=\"yoast-schema-graph\">{\"@context\":\"https:\\\/\\\/schema.org\",\"@graph\":[{\"@type\":\"Article\",\"@id\":\"https:\\\/\\\/lasentinelle.dz\\\/index.php\\\/2024\\\/09\\\/17\\\/sommet-de-lavenir-lappel-du-president-tebboune-a-un-ordre-international-equilibre\\\/#article\",\"isPartOf\":{\"@id\":\"https:\\\/\\\/lasentinelle.dz\\\/index.php\\\/2024\\\/09\\\/17\\\/sommet-de-lavenir-lappel-du-president-tebboune-a-un-ordre-international-equilibre\\\/\"},\"author\":{\"name\":\"admin\",\"@id\":\"https:\\\/\\\/lasentinelle.dz\\\/#\\\/schema\\\/person\\\/729ee0024f24e0b8c5ec17232f8e8b41\"},\"headline\":\"Sommet de l&rsquo;avenir : L&rsquo;appel du Pr\u00e9sident Tebboune \u00e0 un ordre international \u00e9quilibr\u00e9\",\"datePublished\":\"2024-09-17T13:29:26+00:00\",\"mainEntityOfPage\":{\"@id\":\"https:\\\/\\\/lasentinelle.dz\\\/index.php\\\/2024\\\/09\\\/17\\\/sommet-de-lavenir-lappel-du-president-tebboune-a-un-ordre-international-equilibre\\\/\"},\"wordCount\":571,\"commentCount\":0,\"publisher\":{\"@id\":\"https:\\\/\\\/lasentinelle.dz\\\/#organization\"},\"image\":{\"@id\":\"https:\\\/\\\/lasentinelle.dz\\\/index.php\\\/2024\\\/09\\\/17\\\/sommet-de-lavenir-lappel-du-president-tebboune-a-un-ordre-international-equilibre\\\/#primaryimage\"},\"thumbnailUrl\":\"https:\\\/\\\/lasentinelle.dz\\\/wp-content\\\/uploads\\\/2024\\\/09\\\/president.jpg\",\"articleSection\":[\"\u00c0 la Une\",\"Actualit\u00e9\"],\"inLanguage\":\"fr-FR\",\"potentialAction\":[{\"@type\":\"CommentAction\",\"name\":\"Comment\",\"target\":[\"https:\\\/\\\/lasentinelle.dz\\\/index.php\\\/2024\\\/09\\\/17\\\/sommet-de-lavenir-lappel-du-president-tebboune-a-un-ordre-international-equilibre\\\/#respond\"]}]},{\"@type\":\"WebPage\",\"@id\":\"https:\\\/\\\/lasentinelle.dz\\\/index.php\\\/2024\\\/09\\\/17\\\/sommet-de-lavenir-lappel-du-president-tebboune-a-un-ordre-international-equilibre\\\/\",\"url\":\"https:\\\/\\\/lasentinelle.dz\\\/index.php\\\/2024\\\/09\\\/17\\\/sommet-de-lavenir-lappel-du-president-tebboune-a-un-ordre-international-equilibre\\\/\",\"name\":\"Sommet de l&rsquo;avenir : L&rsquo;appel du Pr\u00e9sident Tebboune \u00e0 un ordre international \u00e9quilibr\u00e9 - La Sentinelle\",\"isPartOf\":{\"@id\":\"https:\\\/\\\/lasentinelle.dz\\\/#website\"},\"primaryImageOfPage\":{\"@id\":\"https:\\\/\\\/lasentinelle.dz\\\/index.php\\\/2024\\\/09\\\/17\\\/sommet-de-lavenir-lappel-du-president-tebboune-a-un-ordre-international-equilibre\\\/#primaryimage\"},\"image\":{\"@id\":\"https:\\\/\\\/lasentinelle.dz\\\/index.php\\\/2024\\\/09\\\/17\\\/sommet-de-lavenir-lappel-du-president-tebboune-a-un-ordre-international-equilibre\\\/#primaryimage\"},\"thumbnailUrl\":\"https:\\\/\\\/lasentinelle.dz\\\/wp-content\\\/uploads\\\/2024\\\/09\\\/president.jpg\",\"datePublished\":\"2024-09-17T13:29:26+00:00\",\"breadcrumb\":{\"@id\":\"https:\\\/\\\/lasentinelle.dz\\\/index.php\\\/2024\\\/09\\\/17\\\/sommet-de-lavenir-lappel-du-president-tebboune-a-un-ordre-international-equilibre\\\/#breadcrumb\"},\"inLanguage\":\"fr-FR\",\"potentialAction\":[{\"@type\":\"ReadAction\",\"target\":[\"https:\\\/\\\/lasentinelle.dz\\\/index.php\\\/2024\\\/09\\\/17\\\/sommet-de-lavenir-lappel-du-president-tebboune-a-un-ordre-international-equilibre\\\/\"]}]},{\"@type\":\"ImageObject\",\"inLanguage\":\"fr-FR\",\"@id\":\"https:\\\/\\\/lasentinelle.dz\\\/index.php\\\/2024\\\/09\\\/17\\\/sommet-de-lavenir-lappel-du-president-tebboune-a-un-ordre-international-equilibre\\\/#primaryimage\",\"url\":\"https:\\\/\\\/lasentinelle.dz\\\/wp-content\\\/uploads\\\/2024\\\/09\\\/president.jpg\",\"contentUrl\":\"https:\\\/\\\/lasentinelle.dz\\\/wp-content\\\/uploads\\\/2024\\\/09\\\/president.jpg\",\"width\":1280,\"height\":720},{\"@type\":\"BreadcrumbList\",\"@id\":\"https:\\\/\\\/lasentinelle.dz\\\/index.php\\\/2024\\\/09\\\/17\\\/sommet-de-lavenir-lappel-du-president-tebboune-a-un-ordre-international-equilibre\\\/#breadcrumb\",\"itemListElement\":[{\"@type\":\"ListItem\",\"position\":1,\"name\":\"Accueil\",\"item\":\"https:\\\/\\\/lasentinelle.dz\\\/\"},{\"@type\":\"ListItem\",\"position\":2,\"name\":\"Sommet de l&rsquo;avenir : L&rsquo;appel du Pr\u00e9sident Tebboune \u00e0 un ordre international \u00e9quilibr\u00e9\"}]},{\"@type\":\"WebSite\",\"@id\":\"https:\\\/\\\/lasentinelle.dz\\\/#website\",\"url\":\"https:\\\/\\\/lasentinelle.dz\\\/\",\"name\":\"La Sentinelle\",\"description\":\"Quotidien national d&#039;information\",\"publisher\":{\"@id\":\"https:\\\/\\\/lasentinelle.dz\\\/#organization\"},\"potentialAction\":[{\"@type\":\"SearchAction\",\"target\":{\"@type\":\"EntryPoint\",\"urlTemplate\":\"https:\\\/\\\/lasentinelle.dz\\\/?s={search_term_string}\"},\"query-input\":{\"@type\":\"PropertyValueSpecification\",\"valueRequired\":true,\"valueName\":\"search_term_string\"}}],\"inLanguage\":\"fr-FR\"},{\"@type\":\"Organization\",\"@id\":\"https:\\\/\\\/lasentinelle.dz\\\/#organization\",\"name\":\"Quotidien La Sentinelle\",\"url\":\"https:\\\/\\\/lasentinelle.dz\\\/\",\"logo\":{\"@type\":\"ImageObject\",\"inLanguage\":\"fr-FR\",\"@id\":\"https:\\\/\\\/lasentinelle.dz\\\/#\\\/schema\\\/logo\\\/image\\\/\",\"url\":\"https:\\\/\\\/lasentinelle.dz\\\/wp-content\\\/uploads\\\/2021\\\/09\\\/logo-sentinelleSLOGAN-1.png\",\"contentUrl\":\"https:\\\/\\\/lasentinelle.dz\\\/wp-content\\\/uploads\\\/2021\\\/09\\\/logo-sentinelleSLOGAN-1.png\",\"width\":615,\"height\":142,\"caption\":\"Quotidien La Sentinelle\"},\"image\":{\"@id\":\"https:\\\/\\\/lasentinelle.dz\\\/#\\\/schema\\\/logo\\\/image\\\/\"},\"sameAs\":[\"https:\\\/\\\/www.facebook.com\\\/La-Sentinelle-104059864394773\"]},{\"@type\":\"Person\",\"@id\":\"https:\\\/\\\/lasentinelle.dz\\\/#\\\/schema\\\/person\\\/729ee0024f24e0b8c5ec17232f8e8b41\",\"name\":\"admin\",\"image\":{\"@type\":\"ImageObject\",\"inLanguage\":\"fr-FR\",\"@id\":\"https:\\\/\\\/secure.gravatar.com\\\/avatar\\\/4c81fed838786e9b53f540bf46533e750f5d292099ae3b66cfc6fb1982e29df7?s=96&d=mm&r=g\",\"url\":\"https:\\\/\\\/secure.gravatar.com\\\/avatar\\\/4c81fed838786e9b53f540bf46533e750f5d292099ae3b66cfc6fb1982e29df7?s=96&d=mm&r=g\",\"contentUrl\":\"https:\\\/\\\/secure.gravatar.com\\\/avatar\\\/4c81fed838786e9b53f540bf46533e750f5d292099ae3b66cfc6fb1982e29df7?s=96&d=mm&r=g\",\"caption\":\"admin\"},\"description\":\"admin\",\"url\":\"https:\\\/\\\/lasentinelle.dz\\\/author\\\/admin\\\/\"}]}<\/script>\n<!-- \/ Yoast SEO plugin. -->","yoast_head_json":{"title":"Sommet de l&rsquo;avenir : L&rsquo;appel du Pr\u00e9sident Tebboune \u00e0 un ordre international \u00e9quilibr\u00e9 - La Sentinelle","robots":{"index":"index","follow":"follow","max-snippet":"max-snippet:-1","max-image-preview":"max-image-preview:large","max-video-preview":"max-video-preview:-1"},"canonical":"https:\/\/lasentinelle.dz\/index.php\/2024\/09\/17\/sommet-de-lavenir-lappel-du-president-tebboune-a-un-ordre-international-equilibre\/","og_locale":"fr_FR","og_type":"article","og_title":"Sommet de l&rsquo;avenir : L&rsquo;appel du Pr\u00e9sident Tebboune \u00e0 un ordre international \u00e9quilibr\u00e9 - La Sentinelle","og_description":"Le pr\u00e9sident de la R\u00e9publique, M. Abdelmadjid Tebboune, a lanc\u00e9 un appel fort pour faire du prochain Sommet de l&rsquo;avenir","og_url":"https:\/\/lasentinelle.dz\/index.php\/2024\/09\/17\/sommet-de-lavenir-lappel-du-president-tebboune-a-un-ordre-international-equilibre\/","og_site_name":"La Sentinelle","article_publisher":"https:\/\/www.facebook.com\/La-Sentinelle-104059864394773","article_published_time":"2024-09-17T13:29:26+00:00","og_image":[{"width":1280,"height":720,"url":"https:\/\/lasentinelle.dz\/wp-content\/uploads\/2024\/09\/president.jpg","type":"image\/jpeg"}],"author":"admin","twitter_card":"summary_large_image","twitter_misc":{"\u00c9crit par":"admin","Dur\u00e9e de lecture estim\u00e9e":"3 minutes"},"schema":{"@context":"https:\/\/schema.org","@graph":[{"@type":"Article","@id":"https:\/\/lasentinelle.dz\/index.php\/2024\/09\/17\/sommet-de-lavenir-lappel-du-president-tebboune-a-un-ordre-international-equilibre\/#article","isPartOf":{"@id":"https:\/\/lasentinelle.dz\/index.php\/2024\/09\/17\/sommet-de-lavenir-lappel-du-president-tebboune-a-un-ordre-international-equilibre\/"},"author":{"name":"admin","@id":"https:\/\/lasentinelle.dz\/#\/schema\/person\/729ee0024f24e0b8c5ec17232f8e8b41"},"headline":"Sommet de l&rsquo;avenir : L&rsquo;appel du Pr\u00e9sident Tebboune \u00e0 un ordre international \u00e9quilibr\u00e9","datePublished":"2024-09-17T13:29:26+00:00","mainEntityOfPage":{"@id":"https:\/\/lasentinelle.dz\/index.php\/2024\/09\/17\/sommet-de-lavenir-lappel-du-president-tebboune-a-un-ordre-international-equilibre\/"},"wordCount":571,"commentCount":0,"publisher":{"@id":"https:\/\/lasentinelle.dz\/#organization"},"image":{"@id":"https:\/\/lasentinelle.dz\/index.php\/2024\/09\/17\/sommet-de-lavenir-lappel-du-president-tebboune-a-un-ordre-international-equilibre\/#primaryimage"},"thumbnailUrl":"https:\/\/lasentinelle.dz\/wp-content\/uploads\/2024\/09\/president.jpg","articleSection":["\u00c0 la Une","Actualit\u00e9"],"inLanguage":"fr-FR","potentialAction":[{"@type":"CommentAction","name":"Comment","target":["https:\/\/lasentinelle.dz\/index.php\/2024\/09\/17\/sommet-de-lavenir-lappel-du-president-tebboune-a-un-ordre-international-equilibre\/#respond"]}]},{"@type":"WebPage","@id":"https:\/\/lasentinelle.dz\/index.php\/2024\/09\/17\/sommet-de-lavenir-lappel-du-president-tebboune-a-un-ordre-international-equilibre\/","url":"https:\/\/lasentinelle.dz\/index.php\/2024\/09\/17\/sommet-de-lavenir-lappel-du-president-tebboune-a-un-ordre-international-equilibre\/","name":"Sommet de l&rsquo;avenir : L&rsquo;appel du Pr\u00e9sident Tebboune \u00e0 un ordre international \u00e9quilibr\u00e9 - La Sentinelle","isPartOf":{"@id":"https:\/\/lasentinelle.dz\/#website"},"primaryImageOfPage":{"@id":"https:\/\/lasentinelle.dz\/index.php\/2024\/09\/17\/sommet-de-lavenir-lappel-du-president-tebboune-a-un-ordre-international-equilibre\/#primaryimage"},"image":{"@id":"https:\/\/lasentinelle.dz\/index.php\/2024\/09\/17\/sommet-de-lavenir-lappel-du-president-tebboune-a-un-ordre-international-equilibre\/#primaryimage"},"thumbnailUrl":"https:\/\/lasentinelle.dz\/wp-content\/uploads\/2024\/09\/president.jpg","datePublished":"2024-09-17T13:29:26+00:00","breadcrumb":{"@id":"https:\/\/lasentinelle.dz\/index.php\/2024\/09\/17\/sommet-de-lavenir-lappel-du-president-tebboune-a-un-ordre-international-equilibre\/#breadcrumb"},"inLanguage":"fr-FR","potentialAction":[{"@type":"ReadAction","target":["https:\/\/lasentinelle.dz\/index.php\/2024\/09\/17\/sommet-de-lavenir-lappel-du-president-tebboune-a-un-ordre-international-equilibre\/"]}]},{"@type":"ImageObject","inLanguage":"fr-FR","@id":"https:\/\/lasentinelle.dz\/index.php\/2024\/09\/17\/sommet-de-lavenir-lappel-du-president-tebboune-a-un-ordre-international-equilibre\/#primaryimage","url":"https:\/\/lasentinelle.dz\/wp-content\/uploads\/2024\/09\/president.jpg","contentUrl":"https:\/\/lasentinelle.dz\/wp-content\/uploads\/2024\/09\/president.jpg","width":1280,"height":720},{"@type":"BreadcrumbList","@id":"https:\/\/lasentinelle.dz\/index.php\/2024\/09\/17\/sommet-de-lavenir-lappel-du-president-tebboune-a-un-ordre-international-equilibre\/#breadcrumb","itemListElement":[{"@type":"ListItem","position":1,"name":"Accueil","item":"https:\/\/lasentinelle.dz\/"},{"@type":"ListItem","position":2,"name":"Sommet de l&rsquo;avenir : L&rsquo;appel du Pr\u00e9sident Tebboune \u00e0 un ordre international \u00e9quilibr\u00e9"}]},{"@type":"WebSite","@id":"https:\/\/lasentinelle.dz\/#website","url":"https:\/\/lasentinelle.dz\/","name":"La Sentinelle","description":"Quotidien national d&#039;information","publisher":{"@id":"https:\/\/lasentinelle.dz\/#organization"},"potentialAction":[{"@type":"SearchAction","target":{"@type":"EntryPoint","urlTemplate":"https:\/\/lasentinelle.dz\/?s={search_term_string}"},"query-input":{"@type":"PropertyValueSpecification","valueRequired":true,"valueName":"search_term_string"}}],"inLanguage":"fr-FR"},{"@type":"Organization","@id":"https:\/\/lasentinelle.dz\/#organization","name":"Quotidien La Sentinelle","url":"https:\/\/lasentinelle.dz\/","logo":{"@type":"ImageObject","inLanguage":"fr-FR","@id":"https:\/\/lasentinelle.dz\/#\/schema\/logo\/image\/","url":"https:\/\/lasentinelle.dz\/wp-content\/uploads\/2021\/09\/logo-sentinelleSLOGAN-1.png","contentUrl":"https:\/\/lasentinelle.dz\/wp-content\/uploads\/2021\/09\/logo-sentinelleSLOGAN-1.png","width":615,"height":142,"caption":"Quotidien La Sentinelle"},"image":{"@id":"https:\/\/lasentinelle.dz\/#\/schema\/logo\/image\/"},"sameAs":["https:\/\/www.facebook.com\/La-Sentinelle-104059864394773"]},{"@type":"Person","@id":"https:\/\/lasentinelle.dz\/#\/schema\/person\/729ee0024f24e0b8c5ec17232f8e8b41","name":"admin","image":{"@type":"ImageObject","inLanguage":"fr-FR","@id":"https:\/\/secure.gravatar.com\/avatar\/4c81fed838786e9b53f540bf46533e750f5d292099ae3b66cfc6fb1982e29df7?s=96&d=mm&r=g","url":"https:\/\/secure.gravatar.com\/avatar\/4c81fed838786e9b53f540bf46533e750f5d292099ae3b66cfc6fb1982e29df7?s=96&d=mm&r=g","contentUrl":"https:\/\/secure.gravatar.com\/avatar\/4c81fed838786e9b53f540bf46533e750f5d292099ae3b66cfc6fb1982e29df7?s=96&d=mm&r=g","caption":"admin"},"description":"admin","url":"https:\/\/lasentinelle.dz\/author\/admin\/"}]}},"_links":{"self":[{"href":"https:\/\/lasentinelle.dz\/index.php\/wp-json\/wp\/v2\/posts\/57101","targetHints":{"allow":["GET"]}}],"collection":[{"href":"https:\/\/lasentinelle.dz\/index.php\/wp-json\/wp\/v2\/posts"}],"about":[{"href":"https:\/\/lasentinelle.dz\/index.php\/wp-json\/wp\/v2\/types\/post"}],"author":[{"embeddable":true,"href":"https:\/\/lasentinelle.dz\/index.php\/wp-json\/wp\/v2\/users\/6"}],"replies":[{"embeddable":true,"href":"https:\/\/lasentinelle.dz\/index.php\/wp-json\/wp\/v2\/comments?post=57101"}],"version-history":[{"count":2,"href":"https:\/\/lasentinelle.dz\/index.php\/wp-json\/wp\/v2\/posts\/57101\/revisions"}],"predecessor-version":[{"id":57104,"href":"https:\/\/lasentinelle.dz\/index.php\/wp-json\/wp\/v2\/posts\/57101\/revisions\/57104"}],"wp:featuredmedia":[{"embeddable":true,"href":"https:\/\/lasentinelle.dz\/index.php\/wp-json\/wp\/v2\/media\/57102"}],"wp:attachment":[{"href":"https:\/\/lasentinelle.dz\/index.php\/wp-json\/wp\/v2\/media?parent=57101"}],"wp:term":[{"taxonomy":"category","embeddable":true,"href":"https:\/\/lasentinelle.dz\/index.php\/wp-json\/wp\/v2\/categories?post=57101"},{"taxonomy":"post_tag","embeddable":true,"href":"https:\/\/lasentinelle.dz\/index.php\/wp-json\/wp\/v2\/tags?post=57101"}],"curies":[{"name":"wp","href":"https:\/\/api.w.org\/{rel}","templated":true}]}}