{"id":57105,"date":"2024-09-17T14:30:22","date_gmt":"2024-09-17T13:30:22","guid":{"rendered":"https:\/\/lasentinelle.dz\/?p=57105"},"modified":"2024-09-17T14:30:24","modified_gmt":"2024-09-17T13:30:24","slug":"croissance-de-7-du-marche-des-assurances-une-resilience-remarquable-et-des-tendances-prometteuses","status":"publish","type":"post","link":"https:\/\/lasentinelle.dz\/index.php\/2024\/09\/17\/croissance-de-7-du-marche-des-assurances-une-resilience-remarquable-et-des-tendances-prometteuses\/","title":{"rendered":"Croissance de 7% du march\u00e9 des assurances : Une r\u00e9silience remarquable et des tendances prometteuses"},"content":{"rendered":"\n<p>Le secteur des assurances a d\u00e9montr\u00e9 une r\u00e9silience exceptionnelle au cours du premier semestre 2024, affichant une croissance robuste malgr\u00e9 un environnement \u00e9conomique complexe. Selon les donn\u00e9es publi\u00e9es par l&rsquo;Union alg\u00e9rienne des soci\u00e9t\u00e9s d&rsquo;assurance et de r\u00e9assurance (UAR), le chiffre d&rsquo;affaires global du secteur a atteint pr\u00e8s de 90 milliards de dinars, soit une hausse significative de 7% par rapport \u00e0 la m\u00eame p\u00e9riode en 2023. Cette performance impressionnante est le r\u00e9sultat d&rsquo;une croissance g\u00e9n\u00e9ralis\u00e9e dans les diff\u00e9rents segments du march\u00e9. Les assurances dommages, pilier traditionnel du secteur, ont enregistr\u00e9 une progression de 5%, avec des primes s&rsquo;\u00e9levant \u00e0 73,6 milliards de DA. L&rsquo;assurance automobile, repr\u00e9sentant plus de la moiti\u00e9 de la production, reste le fer de lance de cette cat\u00e9gorie. Parall\u00e8lement, les assurances de personnes ont connu une augmentation de 5%, atteignant 10,28 milliards de DA. Cette croissance est particuli\u00e8rement remarquable dans le domaine de l&rsquo;assistance voyage, qui a vu ses primes bondir de 29%, refl\u00e9tant une \u00e9volution des priorit\u00e9s des assur\u00e9s et une adaptation rapide du march\u00e9 aux nouvelles tendances de consommation. L&rsquo;un des faits marquants de cette p\u00e9riode est la croissance exceptionnelle des acceptations internationales, qui ont grimp\u00e9 de 51% pour atteindre 5,8 milliards de DA. Cette performance t\u00e9moigne de la confiance croissante des acteurs internationaux envers le march\u00e9 alg\u00e9rien et de la capacit\u00e9 du secteur \u00e0 s&rsquo;int\u00e9grer dans les r\u00e9seaux d&rsquo;assurance mondiaux. Malgr\u00e9 ces succ\u00e8s, le secteur a d\u00fb faire face \u00e0 certains d\u00e9fis. La pr\u00e9voyance collective, bien que restant une composante majeure avec plus de 40% de la production en assurances de personnes, a connu un recul de 4 points. Ce l\u00e9ger repli est compens\u00e9 par la mont\u00e9e en puissance d&rsquo;autres segments, illustrant la capacit\u00e9 d&rsquo;adaptation du march\u00e9. Les donn\u00e9es de l&rsquo;UAR mettent \u00e9galement en avant une gestion plus efficace des sinistres.&nbsp; Le montant total des sinistres ainsi r\u00e9gl\u00e9s s&rsquo;est \u00e9lev\u00e9 \u00e0 33,3 milliards de DA, marquant une baisse de 5% par rapport \u00e0 l&rsquo;ann\u00e9e pr\u00e9c\u00e9dente. Cette diminution, principalement due \u00e0 des r\u00e9ductions dans les assurances dommages et les acceptations internationales, t\u00e9moigne d&rsquo;une gestion plus efficace des risques et d&rsquo;une am\u00e9lioration des pratiques de pr\u00e9vention. Cependant, certains segments comme l&rsquo;assurance automobile et les risques agricoles ont connu des augmentations respectives de 3% et 21% en termes d&rsquo;indemnisations, refl\u00e9tant la nature dynamique et parfois impr\u00e9visible du secteur.<\/p>\n\n\n\n<p>Tendances du march\u00e9<\/p>\n\n\n\n<p>L&rsquo;analyse des donn\u00e9es r\u00e9v\u00e8le plusieurs tendances prometteuses pour l&rsquo;avenir du secteur. En premier lieu, l&rsquo;int\u00e9gration r\u00e9ussie de produits sp\u00e9cialis\u00e9s tels que l&rsquo;assurance-cr\u00e9dit et le Takaful d\u00e9montre la capacit\u00e9 du march\u00e9 \u00e0 innover et \u00e0 r\u00e9pondre \u00e0 des besoins sp\u00e9cifiques. La forte croissance des acceptations internationales ouvre, par ailleurs, de nouvelles perspectives de d\u00e9veloppement et d&rsquo;\u00e9changes avec les march\u00e9s \u00e9trangers. L&rsquo;essor de l&rsquo;assistance voyage illustre aussi la r\u00e9activit\u00e9 du secteur face aux changements de comportement des consommateurs, notamment dans un contexte post-pand\u00e9mique. Bien que non explicitement mentionn\u00e9e dans les donn\u00e9es, la tendance \u00e0 la digitalisation des services d&rsquo;assurance est sous-jacente \u00e0 cette croissance, facilitant l&rsquo;acc\u00e8s aux produits et am\u00e9liorant l&rsquo;exp\u00e9rience client.<\/p>\n\n\n\n<p>La performance solide du secteur des assurances au premier semestre 2024 souligne son r\u00f4le crucial dans l&rsquo;\u00e9conomie alg\u00e9rienne. En offrant une protection contre les risques et en mobilisant l&rsquo;\u00e9pargne, le secteur contribue significativement \u00e0 la stabilit\u00e9 financi\u00e8re et au d\u00e9veloppement \u00e9conomique du pays. La r\u00e9silience d\u00e9montr\u00e9e face aux fluctuations du march\u00e9 et la capacit\u00e9 d&rsquo;adaptation aux nouvelles demandes des consommateurs positionnent le secteur des assurances comme un pilier fiable de l&rsquo;\u00e9conomie nationale, capable de soutenir la croissance et l&rsquo;innovation dans divers secteurs.<\/p>\n\n\n\n<p>Lyna Larbi<\/p>\n","protected":false},"excerpt":{"rendered":"<p>Le secteur des assurances a d\u00e9montr\u00e9 une r\u00e9silience exceptionnelle au cours du premier semestre 2024, affichant une croissance robuste malgr\u00e9<\/p>\n","protected":false},"author":6,"featured_media":53504,"comment_status":"open","ping_status":"closed","sticky":false,"template":"","format":"standard","meta":{"colormag_page_container_layout":"default_layout","colormag_page_sidebar_layout":"default_layout","om_disable_all_campaigns":false,"_monsterinsights_skip_tracking":false,"_monsterinsights_sitenote_active":false,"_monsterinsights_sitenote_note":"","_monsterinsights_sitenote_category":0,"footnotes":"","_wpscppro_dont_share_socialmedia":false,"_wpscppro_custom_social_share_image":0,"_facebook_share_type":"default","_twitter_share_type":"default","_linkedin_share_type":"default","_pinterest_share_type":"default","_linkedin_share_type_page":"","_instagram_share_type":"default","_medium_share_type":"","_threads_share_type":"","_google_business_share_type":"","_selected_social_profile":[],"_wpsp_enable_custom_social_template":false,"_wpsp_social_scheduling":{"enabled":false,"datetime":null,"platforms":[],"status":"template_only","dateOption":"today","timeOption":"now","customDays":"","customHours":"","customDate":"","customTime":"","schedulingType":"absolute"},"_wpsp_active_default_template":true},"categories":[29],"tags":[],"class_list":["post-57105","post","type-post","status-publish","format-standard","has-post-thumbnail","hentry","category-economie"],"aioseo_notices":[],"yoast_head":"<!-- This site is optimized with the Yoast SEO plugin v27.5 - https:\/\/yoast.com\/product\/yoast-seo-wordpress\/ -->\n<title>Croissance de 7% du march\u00e9 des assurances : Une r\u00e9silience remarquable et des tendances prometteuses - La Sentinelle<\/title>\n<meta name=\"robots\" content=\"index, follow, max-snippet:-1, max-image-preview:large, max-video-preview:-1\" \/>\n<link rel=\"canonical\" href=\"https:\/\/lasentinelle.dz\/index.php\/2024\/09\/17\/croissance-de-7-du-marche-des-assurances-une-resilience-remarquable-et-des-tendances-prometteuses\/\" \/>\n<meta property=\"og:locale\" content=\"fr_FR\" \/>\n<meta property=\"og:type\" content=\"article\" \/>\n<meta property=\"og:title\" content=\"Croissance de 7% du march\u00e9 des assurances : Une r\u00e9silience remarquable et des tendances prometteuses - La Sentinelle\" \/>\n<meta property=\"og:description\" content=\"Le secteur des assurances a d\u00e9montr\u00e9 une r\u00e9silience exceptionnelle au cours du premier semestre 2024, affichant une croissance robuste malgr\u00e9\" \/>\n<meta property=\"og:url\" content=\"https:\/\/lasentinelle.dz\/index.php\/2024\/09\/17\/croissance-de-7-du-marche-des-assurances-une-resilience-remarquable-et-des-tendances-prometteuses\/\" \/>\n<meta property=\"og:site_name\" content=\"La Sentinelle\" \/>\n<meta property=\"article:publisher\" content=\"https:\/\/www.facebook.com\/La-Sentinelle-104059864394773\" \/>\n<meta property=\"article:published_time\" content=\"2024-09-17T13:30:22+00:00\" \/>\n<meta property=\"article:modified_time\" content=\"2024-09-17T13:30:24+00:00\" \/>\n<meta property=\"og:image\" content=\"https:\/\/lasentinelle.dz\/wp-content\/uploads\/2024\/06\/assurances.jpeg\" \/>\n\t<meta property=\"og:image:width\" content=\"709\" \/>\n\t<meta property=\"og:image:height\" content=\"473\" \/>\n\t<meta property=\"og:image:type\" content=\"image\/jpeg\" \/>\n<meta name=\"author\" content=\"admin\" \/>\n<meta name=\"twitter:card\" content=\"summary_large_image\" \/>\n<meta name=\"twitter:label1\" content=\"\u00c9crit par\" \/>\n\t<meta name=\"twitter:data1\" content=\"admin\" \/>\n\t<meta name=\"twitter:label2\" content=\"Dur\u00e9e de lecture estim\u00e9e\" \/>\n\t<meta name=\"twitter:data2\" content=\"4 minutes\" \/>\n<script type=\"application\/ld+json\" class=\"yoast-schema-graph\">{\"@context\":\"https:\\\/\\\/schema.org\",\"@graph\":[{\"@type\":\"Article\",\"@id\":\"https:\\\/\\\/lasentinelle.dz\\\/index.php\\\/2024\\\/09\\\/17\\\/croissance-de-7-du-marche-des-assurances-une-resilience-remarquable-et-des-tendances-prometteuses\\\/#article\",\"isPartOf\":{\"@id\":\"https:\\\/\\\/lasentinelle.dz\\\/index.php\\\/2024\\\/09\\\/17\\\/croissance-de-7-du-marche-des-assurances-une-resilience-remarquable-et-des-tendances-prometteuses\\\/\"},\"author\":{\"name\":\"admin\",\"@id\":\"https:\\\/\\\/lasentinelle.dz\\\/#\\\/schema\\\/person\\\/729ee0024f24e0b8c5ec17232f8e8b41\"},\"headline\":\"Croissance de 7% du march\u00e9 des assurances : Une r\u00e9silience remarquable et des tendances prometteuses\",\"datePublished\":\"2024-09-17T13:30:22+00:00\",\"dateModified\":\"2024-09-17T13:30:24+00:00\",\"mainEntityOfPage\":{\"@id\":\"https:\\\/\\\/lasentinelle.dz\\\/index.php\\\/2024\\\/09\\\/17\\\/croissance-de-7-du-marche-des-assurances-une-resilience-remarquable-et-des-tendances-prometteuses\\\/\"},\"wordCount\":668,\"commentCount\":0,\"publisher\":{\"@id\":\"https:\\\/\\\/lasentinelle.dz\\\/#organization\"},\"image\":{\"@id\":\"https:\\\/\\\/lasentinelle.dz\\\/index.php\\\/2024\\\/09\\\/17\\\/croissance-de-7-du-marche-des-assurances-une-resilience-remarquable-et-des-tendances-prometteuses\\\/#primaryimage\"},\"thumbnailUrl\":\"https:\\\/\\\/lasentinelle.dz\\\/wp-content\\\/uploads\\\/2024\\\/06\\\/assurances.jpeg\",\"articleSection\":[\"\u00c9conomie\"],\"inLanguage\":\"fr-FR\",\"potentialAction\":[{\"@type\":\"CommentAction\",\"name\":\"Comment\",\"target\":[\"https:\\\/\\\/lasentinelle.dz\\\/index.php\\\/2024\\\/09\\\/17\\\/croissance-de-7-du-marche-des-assurances-une-resilience-remarquable-et-des-tendances-prometteuses\\\/#respond\"]}]},{\"@type\":\"WebPage\",\"@id\":\"https:\\\/\\\/lasentinelle.dz\\\/index.php\\\/2024\\\/09\\\/17\\\/croissance-de-7-du-marche-des-assurances-une-resilience-remarquable-et-des-tendances-prometteuses\\\/\",\"url\":\"https:\\\/\\\/lasentinelle.dz\\\/index.php\\\/2024\\\/09\\\/17\\\/croissance-de-7-du-marche-des-assurances-une-resilience-remarquable-et-des-tendances-prometteuses\\\/\",\"name\":\"Croissance de 7% du march\u00e9 des assurances : Une r\u00e9silience remarquable et des tendances prometteuses - La Sentinelle\",\"isPartOf\":{\"@id\":\"https:\\\/\\\/lasentinelle.dz\\\/#website\"},\"primaryImageOfPage\":{\"@id\":\"https:\\\/\\\/lasentinelle.dz\\\/index.php\\\/2024\\\/09\\\/17\\\/croissance-de-7-du-marche-des-assurances-une-resilience-remarquable-et-des-tendances-prometteuses\\\/#primaryimage\"},\"image\":{\"@id\":\"https:\\\/\\\/lasentinelle.dz\\\/index.php\\\/2024\\\/09\\\/17\\\/croissance-de-7-du-marche-des-assurances-une-resilience-remarquable-et-des-tendances-prometteuses\\\/#primaryimage\"},\"thumbnailUrl\":\"https:\\\/\\\/lasentinelle.dz\\\/wp-content\\\/uploads\\\/2024\\\/06\\\/assurances.jpeg\",\"datePublished\":\"2024-09-17T13:30:22+00:00\",\"dateModified\":\"2024-09-17T13:30:24+00:00\",\"breadcrumb\":{\"@id\":\"https:\\\/\\\/lasentinelle.dz\\\/index.php\\\/2024\\\/09\\\/17\\\/croissance-de-7-du-marche-des-assurances-une-resilience-remarquable-et-des-tendances-prometteuses\\\/#breadcrumb\"},\"inLanguage\":\"fr-FR\",\"potentialAction\":[{\"@type\":\"ReadAction\",\"target\":[\"https:\\\/\\\/lasentinelle.dz\\\/index.php\\\/2024\\\/09\\\/17\\\/croissance-de-7-du-marche-des-assurances-une-resilience-remarquable-et-des-tendances-prometteuses\\\/\"]}]},{\"@type\":\"ImageObject\",\"inLanguage\":\"fr-FR\",\"@id\":\"https:\\\/\\\/lasentinelle.dz\\\/index.php\\\/2024\\\/09\\\/17\\\/croissance-de-7-du-marche-des-assurances-une-resilience-remarquable-et-des-tendances-prometteuses\\\/#primaryimage\",\"url\":\"https:\\\/\\\/lasentinelle.dz\\\/wp-content\\\/uploads\\\/2024\\\/06\\\/assurances.jpeg\",\"contentUrl\":\"https:\\\/\\\/lasentinelle.dz\\\/wp-content\\\/uploads\\\/2024\\\/06\\\/assurances.jpeg\",\"width\":709,\"height\":473},{\"@type\":\"BreadcrumbList\",\"@id\":\"https:\\\/\\\/lasentinelle.dz\\\/index.php\\\/2024\\\/09\\\/17\\\/croissance-de-7-du-marche-des-assurances-une-resilience-remarquable-et-des-tendances-prometteuses\\\/#breadcrumb\",\"itemListElement\":[{\"@type\":\"ListItem\",\"position\":1,\"name\":\"Accueil\",\"item\":\"https:\\\/\\\/lasentinelle.dz\\\/\"},{\"@type\":\"ListItem\",\"position\":2,\"name\":\"Croissance de 7% du march\u00e9 des assurances : Une r\u00e9silience remarquable et des tendances prometteuses\"}]},{\"@type\":\"WebSite\",\"@id\":\"https:\\\/\\\/lasentinelle.dz\\\/#website\",\"url\":\"https:\\\/\\\/lasentinelle.dz\\\/\",\"name\":\"La Sentinelle\",\"description\":\"Quotidien national d&#039;information\",\"publisher\":{\"@id\":\"https:\\\/\\\/lasentinelle.dz\\\/#organization\"},\"potentialAction\":[{\"@type\":\"SearchAction\",\"target\":{\"@type\":\"EntryPoint\",\"urlTemplate\":\"https:\\\/\\\/lasentinelle.dz\\\/?s={search_term_string}\"},\"query-input\":{\"@type\":\"PropertyValueSpecification\",\"valueRequired\":true,\"valueName\":\"search_term_string\"}}],\"inLanguage\":\"fr-FR\"},{\"@type\":\"Organization\",\"@id\":\"https:\\\/\\\/lasentinelle.dz\\\/#organization\",\"name\":\"Quotidien La Sentinelle\",\"url\":\"https:\\\/\\\/lasentinelle.dz\\\/\",\"logo\":{\"@type\":\"ImageObject\",\"inLanguage\":\"fr-FR\",\"@id\":\"https:\\\/\\\/lasentinelle.dz\\\/#\\\/schema\\\/logo\\\/image\\\/\",\"url\":\"https:\\\/\\\/lasentinelle.dz\\\/wp-content\\\/uploads\\\/2021\\\/09\\\/logo-sentinelleSLOGAN-1.png\",\"contentUrl\":\"https:\\\/\\\/lasentinelle.dz\\\/wp-content\\\/uploads\\\/2021\\\/09\\\/logo-sentinelleSLOGAN-1.png\",\"width\":615,\"height\":142,\"caption\":\"Quotidien La Sentinelle\"},\"image\":{\"@id\":\"https:\\\/\\\/lasentinelle.dz\\\/#\\\/schema\\\/logo\\\/image\\\/\"},\"sameAs\":[\"https:\\\/\\\/www.facebook.com\\\/La-Sentinelle-104059864394773\"]},{\"@type\":\"Person\",\"@id\":\"https:\\\/\\\/lasentinelle.dz\\\/#\\\/schema\\\/person\\\/729ee0024f24e0b8c5ec17232f8e8b41\",\"name\":\"admin\",\"image\":{\"@type\":\"ImageObject\",\"inLanguage\":\"fr-FR\",\"@id\":\"https:\\\/\\\/secure.gravatar.com\\\/avatar\\\/4c81fed838786e9b53f540bf46533e750f5d292099ae3b66cfc6fb1982e29df7?s=96&d=mm&r=g\",\"url\":\"https:\\\/\\\/secure.gravatar.com\\\/avatar\\\/4c81fed838786e9b53f540bf46533e750f5d292099ae3b66cfc6fb1982e29df7?s=96&d=mm&r=g\",\"contentUrl\":\"https:\\\/\\\/secure.gravatar.com\\\/avatar\\\/4c81fed838786e9b53f540bf46533e750f5d292099ae3b66cfc6fb1982e29df7?s=96&d=mm&r=g\",\"caption\":\"admin\"},\"description\":\"admin\",\"url\":\"https:\\\/\\\/lasentinelle.dz\\\/author\\\/admin\\\/\"}]}<\/script>\n<!-- \/ Yoast SEO plugin. -->","yoast_head_json":{"title":"Croissance de 7% du march\u00e9 des assurances : Une r\u00e9silience remarquable et des tendances prometteuses - La Sentinelle","robots":{"index":"index","follow":"follow","max-snippet":"max-snippet:-1","max-image-preview":"max-image-preview:large","max-video-preview":"max-video-preview:-1"},"canonical":"https:\/\/lasentinelle.dz\/index.php\/2024\/09\/17\/croissance-de-7-du-marche-des-assurances-une-resilience-remarquable-et-des-tendances-prometteuses\/","og_locale":"fr_FR","og_type":"article","og_title":"Croissance de 7% du march\u00e9 des assurances : Une r\u00e9silience remarquable et des tendances prometteuses - La Sentinelle","og_description":"Le secteur des assurances a d\u00e9montr\u00e9 une r\u00e9silience exceptionnelle au cours du premier semestre 2024, affichant une croissance robuste malgr\u00e9","og_url":"https:\/\/lasentinelle.dz\/index.php\/2024\/09\/17\/croissance-de-7-du-marche-des-assurances-une-resilience-remarquable-et-des-tendances-prometteuses\/","og_site_name":"La Sentinelle","article_publisher":"https:\/\/www.facebook.com\/La-Sentinelle-104059864394773","article_published_time":"2024-09-17T13:30:22+00:00","article_modified_time":"2024-09-17T13:30:24+00:00","og_image":[{"width":709,"height":473,"url":"https:\/\/lasentinelle.dz\/wp-content\/uploads\/2024\/06\/assurances.jpeg","type":"image\/jpeg"}],"author":"admin","twitter_card":"summary_large_image","twitter_misc":{"\u00c9crit par":"admin","Dur\u00e9e de lecture estim\u00e9e":"4 minutes"},"schema":{"@context":"https:\/\/schema.org","@graph":[{"@type":"Article","@id":"https:\/\/lasentinelle.dz\/index.php\/2024\/09\/17\/croissance-de-7-du-marche-des-assurances-une-resilience-remarquable-et-des-tendances-prometteuses\/#article","isPartOf":{"@id":"https:\/\/lasentinelle.dz\/index.php\/2024\/09\/17\/croissance-de-7-du-marche-des-assurances-une-resilience-remarquable-et-des-tendances-prometteuses\/"},"author":{"name":"admin","@id":"https:\/\/lasentinelle.dz\/#\/schema\/person\/729ee0024f24e0b8c5ec17232f8e8b41"},"headline":"Croissance de 7% du march\u00e9 des assurances : Une r\u00e9silience remarquable et des tendances prometteuses","datePublished":"2024-09-17T13:30:22+00:00","dateModified":"2024-09-17T13:30:24+00:00","mainEntityOfPage":{"@id":"https:\/\/lasentinelle.dz\/index.php\/2024\/09\/17\/croissance-de-7-du-marche-des-assurances-une-resilience-remarquable-et-des-tendances-prometteuses\/"},"wordCount":668,"commentCount":0,"publisher":{"@id":"https:\/\/lasentinelle.dz\/#organization"},"image":{"@id":"https:\/\/lasentinelle.dz\/index.php\/2024\/09\/17\/croissance-de-7-du-marche-des-assurances-une-resilience-remarquable-et-des-tendances-prometteuses\/#primaryimage"},"thumbnailUrl":"https:\/\/lasentinelle.dz\/wp-content\/uploads\/2024\/06\/assurances.jpeg","articleSection":["\u00c9conomie"],"inLanguage":"fr-FR","potentialAction":[{"@type":"CommentAction","name":"Comment","target":["https:\/\/lasentinelle.dz\/index.php\/2024\/09\/17\/croissance-de-7-du-marche-des-assurances-une-resilience-remarquable-et-des-tendances-prometteuses\/#respond"]}]},{"@type":"WebPage","@id":"https:\/\/lasentinelle.dz\/index.php\/2024\/09\/17\/croissance-de-7-du-marche-des-assurances-une-resilience-remarquable-et-des-tendances-prometteuses\/","url":"https:\/\/lasentinelle.dz\/index.php\/2024\/09\/17\/croissance-de-7-du-marche-des-assurances-une-resilience-remarquable-et-des-tendances-prometteuses\/","name":"Croissance de 7% du march\u00e9 des assurances : Une r\u00e9silience remarquable et des tendances prometteuses - La Sentinelle","isPartOf":{"@id":"https:\/\/lasentinelle.dz\/#website"},"primaryImageOfPage":{"@id":"https:\/\/lasentinelle.dz\/index.php\/2024\/09\/17\/croissance-de-7-du-marche-des-assurances-une-resilience-remarquable-et-des-tendances-prometteuses\/#primaryimage"},"image":{"@id":"https:\/\/lasentinelle.dz\/index.php\/2024\/09\/17\/croissance-de-7-du-marche-des-assurances-une-resilience-remarquable-et-des-tendances-prometteuses\/#primaryimage"},"thumbnailUrl":"https:\/\/lasentinelle.dz\/wp-content\/uploads\/2024\/06\/assurances.jpeg","datePublished":"2024-09-17T13:30:22+00:00","dateModified":"2024-09-17T13:30:24+00:00","breadcrumb":{"@id":"https:\/\/lasentinelle.dz\/index.php\/2024\/09\/17\/croissance-de-7-du-marche-des-assurances-une-resilience-remarquable-et-des-tendances-prometteuses\/#breadcrumb"},"inLanguage":"fr-FR","potentialAction":[{"@type":"ReadAction","target":["https:\/\/lasentinelle.dz\/index.php\/2024\/09\/17\/croissance-de-7-du-marche-des-assurances-une-resilience-remarquable-et-des-tendances-prometteuses\/"]}]},{"@type":"ImageObject","inLanguage":"fr-FR","@id":"https:\/\/lasentinelle.dz\/index.php\/2024\/09\/17\/croissance-de-7-du-marche-des-assurances-une-resilience-remarquable-et-des-tendances-prometteuses\/#primaryimage","url":"https:\/\/lasentinelle.dz\/wp-content\/uploads\/2024\/06\/assurances.jpeg","contentUrl":"https:\/\/lasentinelle.dz\/wp-content\/uploads\/2024\/06\/assurances.jpeg","width":709,"height":473},{"@type":"BreadcrumbList","@id":"https:\/\/lasentinelle.dz\/index.php\/2024\/09\/17\/croissance-de-7-du-marche-des-assurances-une-resilience-remarquable-et-des-tendances-prometteuses\/#breadcrumb","itemListElement":[{"@type":"ListItem","position":1,"name":"Accueil","item":"https:\/\/lasentinelle.dz\/"},{"@type":"ListItem","position":2,"name":"Croissance de 7% du march\u00e9 des assurances : Une r\u00e9silience remarquable et des tendances prometteuses"}]},{"@type":"WebSite","@id":"https:\/\/lasentinelle.dz\/#website","url":"https:\/\/lasentinelle.dz\/","name":"La Sentinelle","description":"Quotidien national d&#039;information","publisher":{"@id":"https:\/\/lasentinelle.dz\/#organization"},"potentialAction":[{"@type":"SearchAction","target":{"@type":"EntryPoint","urlTemplate":"https:\/\/lasentinelle.dz\/?s={search_term_string}"},"query-input":{"@type":"PropertyValueSpecification","valueRequired":true,"valueName":"search_term_string"}}],"inLanguage":"fr-FR"},{"@type":"Organization","@id":"https:\/\/lasentinelle.dz\/#organization","name":"Quotidien La Sentinelle","url":"https:\/\/lasentinelle.dz\/","logo":{"@type":"ImageObject","inLanguage":"fr-FR","@id":"https:\/\/lasentinelle.dz\/#\/schema\/logo\/image\/","url":"https:\/\/lasentinelle.dz\/wp-content\/uploads\/2021\/09\/logo-sentinelleSLOGAN-1.png","contentUrl":"https:\/\/lasentinelle.dz\/wp-content\/uploads\/2021\/09\/logo-sentinelleSLOGAN-1.png","width":615,"height":142,"caption":"Quotidien La Sentinelle"},"image":{"@id":"https:\/\/lasentinelle.dz\/#\/schema\/logo\/image\/"},"sameAs":["https:\/\/www.facebook.com\/La-Sentinelle-104059864394773"]},{"@type":"Person","@id":"https:\/\/lasentinelle.dz\/#\/schema\/person\/729ee0024f24e0b8c5ec17232f8e8b41","name":"admin","image":{"@type":"ImageObject","inLanguage":"fr-FR","@id":"https:\/\/secure.gravatar.com\/avatar\/4c81fed838786e9b53f540bf46533e750f5d292099ae3b66cfc6fb1982e29df7?s=96&d=mm&r=g","url":"https:\/\/secure.gravatar.com\/avatar\/4c81fed838786e9b53f540bf46533e750f5d292099ae3b66cfc6fb1982e29df7?s=96&d=mm&r=g","contentUrl":"https:\/\/secure.gravatar.com\/avatar\/4c81fed838786e9b53f540bf46533e750f5d292099ae3b66cfc6fb1982e29df7?s=96&d=mm&r=g","caption":"admin"},"description":"admin","url":"https:\/\/lasentinelle.dz\/author\/admin\/"}]}},"_links":{"self":[{"href":"https:\/\/lasentinelle.dz\/index.php\/wp-json\/wp\/v2\/posts\/57105","targetHints":{"allow":["GET"]}}],"collection":[{"href":"https:\/\/lasentinelle.dz\/index.php\/wp-json\/wp\/v2\/posts"}],"about":[{"href":"https:\/\/lasentinelle.dz\/index.php\/wp-json\/wp\/v2\/types\/post"}],"author":[{"embeddable":true,"href":"https:\/\/lasentinelle.dz\/index.php\/wp-json\/wp\/v2\/users\/6"}],"replies":[{"embeddable":true,"href":"https:\/\/lasentinelle.dz\/index.php\/wp-json\/wp\/v2\/comments?post=57105"}],"version-history":[{"count":1,"href":"https:\/\/lasentinelle.dz\/index.php\/wp-json\/wp\/v2\/posts\/57105\/revisions"}],"predecessor-version":[{"id":57106,"href":"https:\/\/lasentinelle.dz\/index.php\/wp-json\/wp\/v2\/posts\/57105\/revisions\/57106"}],"wp:featuredmedia":[{"embeddable":true,"href":"https:\/\/lasentinelle.dz\/index.php\/wp-json\/wp\/v2\/media\/53504"}],"wp:attachment":[{"href":"https:\/\/lasentinelle.dz\/index.php\/wp-json\/wp\/v2\/media?parent=57105"}],"wp:term":[{"taxonomy":"category","embeddable":true,"href":"https:\/\/lasentinelle.dz\/index.php\/wp-json\/wp\/v2\/categories?post=57105"},{"taxonomy":"post_tag","embeddable":true,"href":"https:\/\/lasentinelle.dz\/index.php\/wp-json\/wp\/v2\/tags?post=57105"}],"curies":[{"name":"wp","href":"https:\/\/api.w.org\/{rel}","templated":true}]}}