{"id":57112,"date":"2024-09-17T14:34:37","date_gmt":"2024-09-17T13:34:37","guid":{"rendered":"https:\/\/lasentinelle.dz\/?p=57112"},"modified":"2024-09-17T14:34:38","modified_gmt":"2024-09-17T13:34:38","slug":"le-president-de-la-republique-investi-aujourdhui-un-second-mandat-centre-sur-leconomie","status":"publish","type":"post","link":"https:\/\/lasentinelle.dz\/index.php\/2024\/09\/17\/le-president-de-la-republique-investi-aujourdhui-un-second-mandat-centre-sur-leconomie\/","title":{"rendered":"Le Pr\u00e9sident de la R\u00e9publique investi aujourd\u2019hui\u00a0 : Un second mandat centr\u00e9 sur l&rsquo;\u00e9conomie"},"content":{"rendered":"\n<p>Le Pr\u00e9sident de la R\u00e9publique, M. Abdelmadjid Tebboune, aujourd\u2019hui, au Palais des nations \u00e0 Alger, pr\u00eatera le sermon d\u2019investiture pour un deuxi\u00e8me mandat apr\u00e8s son \u00e9lection avec 84,30% des suffrages exprim\u00e9s lors de l\u2019\u00e9lection pr\u00e9sidentielle du 07 septembre.<\/p>\n\n\n\n<p>Ce deuxi\u00e8me mandat sera, selon les propos du Pr\u00e9sident Tebboune lors de la campagne \u00e9lectoral, purement \u00e9conomique. &nbsp;Et pour cause, M. Abdelmadjid Tebboune, a r\u00e9affirm\u00e9 sa d\u00e9termination de poursuivre la politique sociale \u00e0 travers le soutien aux cat\u00e9gories vuln\u00e9rables, l\u2019augmentation du pouvoir d\u2019achat \u00e0 travers notamment une hausse des salaires des fonctionnaires et la revalorisation des pensions de retraite et des allocations ch\u00f4mage, soulignant la n\u00e9cessit\u00e9 de renforcer davantage le d\u00e9veloppement \u00e9conomique dans tous ses aspects. Il s\u2019agit, selon le Pr\u00e9sident de la R\u00e9publique, de l\u2019augmentation du PIB (produit int\u00e9rieur brut) \u00e0 400 milliards de dollars d\u2019ici 2025, soit la troisi\u00e8me \u00e9conomie en Afrique apr\u00e8s l\u2019Afrique du Sud et l\u2019Egypte. Ce qui permettra, selon lui, de hisser l\u2019Alg\u00e9rie au rang de pays \u00e9mergent.<\/p>\n\n\n\n<p>Un objectif qui demeure, selon les sp\u00e9cialistes, r\u00e9alisable surtout si l\u2019on tient compte de l\u2019am\u00e9lioration consid\u00e9rable des indicateurs macro\u00e9conomiques du pays avec une croissance de 4,3%, des r\u00e9serves de change de plus de 80 milliards de dollars et une dette ext\u00e9rieure qui ne repr\u00e9sente que 3% du PIB en 2023. &nbsp;A cela s\u2019ajoute, un volume des exportations hors hydrocarbures de 7 milliards de dollars \u00e0 fin 2023 sachant que le gouvernement pr\u00e9voit d\u2019atteindre la barre de 15 milliards de dollars d\u2019ici 2028 et 30 milliards de dollars en 2030.<\/p>\n\n\n\n<p>Cette conjoncture \u00e9conomique favorable est soutenue, aussi, par l\u2019adh\u00e9sion r\u00e9cente de l\u2019Alg\u00e9rie \u00e0 la banque des BRICS (Br\u00e9sil, Russie, Inde, Chine et Afrique du Sud). &nbsp;Ceci dit, le Pr\u00e9sident Tebboune s\u2019est engag\u00e9 notamment \u00e0 poursuivre <strong>\u00ab&nbsp;les acquis dans les volets \u00e9conomique et financier&nbsp;notamment la r\u00e9forme du secteur bancaire et financier\u00bb,<\/strong> tout en continuant <strong>\u00ab&nbsp;la politique de soutien aux jeunes, la pr\u00e9servation du caract\u00e8re social de l\u2019Etat&nbsp;\u00bb, <\/strong>\u00e9voquant dansle m\u00eame sens<strong> \u00ab&nbsp;la r\u00e9cup\u00e9ration des fonds d\u00e9tourn\u00e9s, l\u2019augmentation des salaires pour atteindre 100% d\u2019ici 2027 et la revalorisation des pensions de retraite ainsi que la r\u00e9alisation de 2 millions de logements, toutes formules confondues.&nbsp;\u00bb<\/strong><\/p>\n\n\n\n<p>Le Pr\u00e9sident s\u2019est engag\u00e9, par ailleurs, \u00e0 poursuivre le processus de transformation num\u00e9rique dans tous les secteurs d\u2019activit\u00e9s avec notamment la mise en service de la plateforme nationale d\u2019interop\u00e9rabilit\u00e9 avant la fin de l\u2019ann\u00e9e 2025 et la r\u00e9alisation d\u2019un centre national alg\u00e9rien des services num\u00e9riques qui int\u00e9grera les services du Cloud computing et BIG DATA.<\/p>\n\n\n\n<p>Last but not least, M. Abdelmadjid Tebboune a annonc\u00e9, \u00e9galement, un programme pour la r\u00e9alisation et la cr\u00e9ation de plus de 450&nbsp;000 postes d\u2019emploi ainsi que la cr\u00e9ation de 50&nbsp;000 startups, soutenant qu\u2019il poursuivra la lutte contre les diff\u00e9rents fl\u00e9aux, dont la corruption et s\u2019est engag\u00e9 \u00e0 poursuivre la r\u00e9duction du taux d\u2019inflation en plus de la r\u00e9vision des codes communal et de wilaya et revoir le d\u00e9coupage administratif pour la cr\u00e9ation de 100 nouvelles wilayas.<\/p>\n\n\n\n<p>Il y a lieu de rappeler que le Pr\u00e9sident Tebboune a promis de restituer \u00e0 la destination \u00e9conomique de notre pays ses lettres de noblesse. Une promesse dont il a, d\u00e9j\u00e0, concr\u00e9tis\u00e9e une grande partie \u00e0 travers essentiellement la stabilit\u00e9 juridique du nouveau code des investissements, pour une p\u00e9riode de dix ans et la mise en place d\u2019une plateforme num\u00e9rique d\u00e9di\u00e9e aux investisseurs, qui a ramen\u00e9e de la transparence, de l\u2019\u00e9galit\u00e9 et de la c\u00e9l\u00e9rit\u00e9 dans le traitement des dossiers, ainsi que de l\u2019efficacit\u00e9 et surtout de la confiance. Cette d\u00e9marche est accompagn\u00e9e par une nouvelle approche en termes de foncier \u00e9conomique relevant du domaine priv\u00e9 de l\u2019\u00c9tat et destin\u00e9 \u00e0 la r\u00e9alisation de projets d\u2019investissement , qui est cristallis\u00e9e \u00e0 travers la r\u00e9vision radicale du cadre juridique du foncier industriel, lequel est consid\u00e9r\u00e9 comme une ressource non renouvelable n\u00e9cessitant une r\u00e9elle rationalisation, selon une approche purement \u00e9conomique. Le nouveau texte de loi stipule clairement que la gestion du foncier \u00e9conomique sera du ressort exclusif de l\u2019Agence alg\u00e9rienne de promotion de l\u2019investissement (AAPI) via son guichet unique.<\/p>\n\n\n\n<p><strong>Hakim Aomar<\/strong><\/p>\n","protected":false},"excerpt":{"rendered":"<p>Le Pr\u00e9sident de la R\u00e9publique, M. Abdelmadjid Tebboune, aujourd\u2019hui, au Palais des nations \u00e0 Alger, pr\u00eatera le sermon d\u2019investiture pour<\/p>\n","protected":false},"author":6,"featured_media":54408,"comment_status":"open","ping_status":"closed","sticky":false,"template":"","format":"standard","meta":{"colormag_page_container_layout":"default_layout","colormag_page_sidebar_layout":"default_layout","om_disable_all_campaigns":false,"_monsterinsights_skip_tracking":false,"_monsterinsights_sitenote_active":false,"_monsterinsights_sitenote_note":"","_monsterinsights_sitenote_category":0,"footnotes":"","_wpscppro_dont_share_socialmedia":false,"_wpscppro_custom_social_share_image":0,"_facebook_share_type":"default","_twitter_share_type":"default","_linkedin_share_type":"default","_pinterest_share_type":"default","_linkedin_share_type_page":"","_instagram_share_type":"default","_medium_share_type":"","_threads_share_type":"","_google_business_share_type":"","_selected_social_profile":[],"_wpsp_enable_custom_social_template":false,"_wpsp_social_scheduling":{"enabled":false,"datetime":null,"platforms":[],"status":"template_only","dateOption":"today","timeOption":"now","customDays":"","customHours":"","customDate":"","customTime":"","schedulingType":"absolute"},"_wpsp_active_default_template":true},"categories":[52,27],"tags":[],"class_list":["post-57112","post","type-post","status-publish","format-standard","has-post-thumbnail","hentry","category-a-la-une","category-actualite"],"aioseo_notices":[],"yoast_head":"<!-- This site is optimized with the Yoast SEO plugin v27.5 - https:\/\/yoast.com\/product\/yoast-seo-wordpress\/ -->\n<title>Le Pr\u00e9sident de la R\u00e9publique investi aujourd\u2019hui\u00a0 : Un second mandat centr\u00e9 sur l&rsquo;\u00e9conomie - La Sentinelle<\/title>\n<meta name=\"robots\" content=\"index, follow, max-snippet:-1, max-image-preview:large, max-video-preview:-1\" \/>\n<link rel=\"canonical\" href=\"https:\/\/lasentinelle.dz\/index.php\/2024\/09\/17\/le-president-de-la-republique-investi-aujourdhui-un-second-mandat-centre-sur-leconomie\/\" \/>\n<meta property=\"og:locale\" content=\"fr_FR\" \/>\n<meta property=\"og:type\" content=\"article\" \/>\n<meta property=\"og:title\" content=\"Le Pr\u00e9sident de la R\u00e9publique investi aujourd\u2019hui\u00a0 : Un second mandat centr\u00e9 sur l&rsquo;\u00e9conomie - La Sentinelle\" \/>\n<meta property=\"og:description\" content=\"Le Pr\u00e9sident de la R\u00e9publique, M. Abdelmadjid Tebboune, aujourd\u2019hui, au Palais des nations \u00e0 Alger, pr\u00eatera le sermon d\u2019investiture pour\" \/>\n<meta property=\"og:url\" content=\"https:\/\/lasentinelle.dz\/index.php\/2024\/09\/17\/le-president-de-la-republique-investi-aujourdhui-un-second-mandat-centre-sur-leconomie\/\" \/>\n<meta property=\"og:site_name\" content=\"La Sentinelle\" \/>\n<meta property=\"article:publisher\" content=\"https:\/\/www.facebook.com\/La-Sentinelle-104059864394773\" \/>\n<meta property=\"article:published_time\" content=\"2024-09-17T13:34:37+00:00\" \/>\n<meta property=\"article:modified_time\" content=\"2024-09-17T13:34:38+00:00\" \/>\n<meta property=\"og:image\" content=\"https:\/\/lasentinelle.dz\/wp-content\/uploads\/2024\/07\/tebboune-1-e1720897216181.png\" \/>\n\t<meta property=\"og:image:width\" content=\"1231\" \/>\n\t<meta property=\"og:image:height\" content=\"693\" \/>\n\t<meta property=\"og:image:type\" content=\"image\/png\" \/>\n<meta name=\"author\" content=\"admin\" \/>\n<meta name=\"twitter:card\" content=\"summary_large_image\" \/>\n<meta name=\"twitter:label1\" content=\"\u00c9crit par\" \/>\n\t<meta name=\"twitter:data1\" content=\"admin\" \/>\n\t<meta name=\"twitter:label2\" content=\"Dur\u00e9e de lecture estim\u00e9e\" \/>\n\t<meta name=\"twitter:data2\" content=\"4 minutes\" \/>\n<script type=\"application\/ld+json\" class=\"yoast-schema-graph\">{\"@context\":\"https:\\\/\\\/schema.org\",\"@graph\":[{\"@type\":\"Article\",\"@id\":\"https:\\\/\\\/lasentinelle.dz\\\/index.php\\\/2024\\\/09\\\/17\\\/le-president-de-la-republique-investi-aujourdhui-un-second-mandat-centre-sur-leconomie\\\/#article\",\"isPartOf\":{\"@id\":\"https:\\\/\\\/lasentinelle.dz\\\/index.php\\\/2024\\\/09\\\/17\\\/le-president-de-la-republique-investi-aujourdhui-un-second-mandat-centre-sur-leconomie\\\/\"},\"author\":{\"name\":\"admin\",\"@id\":\"https:\\\/\\\/lasentinelle.dz\\\/#\\\/schema\\\/person\\\/729ee0024f24e0b8c5ec17232f8e8b41\"},\"headline\":\"Le Pr\u00e9sident de la R\u00e9publique investi aujourd\u2019hui\u00a0 : Un second mandat centr\u00e9 sur l&rsquo;\u00e9conomie\",\"datePublished\":\"2024-09-17T13:34:37+00:00\",\"dateModified\":\"2024-09-17T13:34:38+00:00\",\"mainEntityOfPage\":{\"@id\":\"https:\\\/\\\/lasentinelle.dz\\\/index.php\\\/2024\\\/09\\\/17\\\/le-president-de-la-republique-investi-aujourdhui-un-second-mandat-centre-sur-leconomie\\\/\"},\"wordCount\":778,\"commentCount\":0,\"publisher\":{\"@id\":\"https:\\\/\\\/lasentinelle.dz\\\/#organization\"},\"image\":{\"@id\":\"https:\\\/\\\/lasentinelle.dz\\\/index.php\\\/2024\\\/09\\\/17\\\/le-president-de-la-republique-investi-aujourdhui-un-second-mandat-centre-sur-leconomie\\\/#primaryimage\"},\"thumbnailUrl\":\"https:\\\/\\\/lasentinelle.dz\\\/wp-content\\\/uploads\\\/2024\\\/07\\\/tebboune-1-e1720897216181.png\",\"articleSection\":[\"\u00c0 la Une\",\"Actualit\u00e9\"],\"inLanguage\":\"fr-FR\",\"potentialAction\":[{\"@type\":\"CommentAction\",\"name\":\"Comment\",\"target\":[\"https:\\\/\\\/lasentinelle.dz\\\/index.php\\\/2024\\\/09\\\/17\\\/le-president-de-la-republique-investi-aujourdhui-un-second-mandat-centre-sur-leconomie\\\/#respond\"]}]},{\"@type\":\"WebPage\",\"@id\":\"https:\\\/\\\/lasentinelle.dz\\\/index.php\\\/2024\\\/09\\\/17\\\/le-president-de-la-republique-investi-aujourdhui-un-second-mandat-centre-sur-leconomie\\\/\",\"url\":\"https:\\\/\\\/lasentinelle.dz\\\/index.php\\\/2024\\\/09\\\/17\\\/le-president-de-la-republique-investi-aujourdhui-un-second-mandat-centre-sur-leconomie\\\/\",\"name\":\"Le Pr\u00e9sident de la R\u00e9publique investi aujourd\u2019hui\u00a0 : Un second mandat centr\u00e9 sur l&rsquo;\u00e9conomie - La Sentinelle\",\"isPartOf\":{\"@id\":\"https:\\\/\\\/lasentinelle.dz\\\/#website\"},\"primaryImageOfPage\":{\"@id\":\"https:\\\/\\\/lasentinelle.dz\\\/index.php\\\/2024\\\/09\\\/17\\\/le-president-de-la-republique-investi-aujourdhui-un-second-mandat-centre-sur-leconomie\\\/#primaryimage\"},\"image\":{\"@id\":\"https:\\\/\\\/lasentinelle.dz\\\/index.php\\\/2024\\\/09\\\/17\\\/le-president-de-la-republique-investi-aujourdhui-un-second-mandat-centre-sur-leconomie\\\/#primaryimage\"},\"thumbnailUrl\":\"https:\\\/\\\/lasentinelle.dz\\\/wp-content\\\/uploads\\\/2024\\\/07\\\/tebboune-1-e1720897216181.png\",\"datePublished\":\"2024-09-17T13:34:37+00:00\",\"dateModified\":\"2024-09-17T13:34:38+00:00\",\"breadcrumb\":{\"@id\":\"https:\\\/\\\/lasentinelle.dz\\\/index.php\\\/2024\\\/09\\\/17\\\/le-president-de-la-republique-investi-aujourdhui-un-second-mandat-centre-sur-leconomie\\\/#breadcrumb\"},\"inLanguage\":\"fr-FR\",\"potentialAction\":[{\"@type\":\"ReadAction\",\"target\":[\"https:\\\/\\\/lasentinelle.dz\\\/index.php\\\/2024\\\/09\\\/17\\\/le-president-de-la-republique-investi-aujourdhui-un-second-mandat-centre-sur-leconomie\\\/\"]}]},{\"@type\":\"ImageObject\",\"inLanguage\":\"fr-FR\",\"@id\":\"https:\\\/\\\/lasentinelle.dz\\\/index.php\\\/2024\\\/09\\\/17\\\/le-president-de-la-republique-investi-aujourdhui-un-second-mandat-centre-sur-leconomie\\\/#primaryimage\",\"url\":\"https:\\\/\\\/lasentinelle.dz\\\/wp-content\\\/uploads\\\/2024\\\/07\\\/tebboune-1-e1720897216181.png\",\"contentUrl\":\"https:\\\/\\\/lasentinelle.dz\\\/wp-content\\\/uploads\\\/2024\\\/07\\\/tebboune-1-e1720897216181.png\",\"width\":1231,\"height\":693},{\"@type\":\"BreadcrumbList\",\"@id\":\"https:\\\/\\\/lasentinelle.dz\\\/index.php\\\/2024\\\/09\\\/17\\\/le-president-de-la-republique-investi-aujourdhui-un-second-mandat-centre-sur-leconomie\\\/#breadcrumb\",\"itemListElement\":[{\"@type\":\"ListItem\",\"position\":1,\"name\":\"Accueil\",\"item\":\"https:\\\/\\\/lasentinelle.dz\\\/\"},{\"@type\":\"ListItem\",\"position\":2,\"name\":\"Le Pr\u00e9sident de la R\u00e9publique investi aujourd\u2019hui\u00a0 : Un second mandat centr\u00e9 sur l&rsquo;\u00e9conomie\"}]},{\"@type\":\"WebSite\",\"@id\":\"https:\\\/\\\/lasentinelle.dz\\\/#website\",\"url\":\"https:\\\/\\\/lasentinelle.dz\\\/\",\"name\":\"La Sentinelle\",\"description\":\"Quotidien national d&#039;information\",\"publisher\":{\"@id\":\"https:\\\/\\\/lasentinelle.dz\\\/#organization\"},\"potentialAction\":[{\"@type\":\"SearchAction\",\"target\":{\"@type\":\"EntryPoint\",\"urlTemplate\":\"https:\\\/\\\/lasentinelle.dz\\\/?s={search_term_string}\"},\"query-input\":{\"@type\":\"PropertyValueSpecification\",\"valueRequired\":true,\"valueName\":\"search_term_string\"}}],\"inLanguage\":\"fr-FR\"},{\"@type\":\"Organization\",\"@id\":\"https:\\\/\\\/lasentinelle.dz\\\/#organization\",\"name\":\"Quotidien La Sentinelle\",\"url\":\"https:\\\/\\\/lasentinelle.dz\\\/\",\"logo\":{\"@type\":\"ImageObject\",\"inLanguage\":\"fr-FR\",\"@id\":\"https:\\\/\\\/lasentinelle.dz\\\/#\\\/schema\\\/logo\\\/image\\\/\",\"url\":\"https:\\\/\\\/lasentinelle.dz\\\/wp-content\\\/uploads\\\/2021\\\/09\\\/logo-sentinelleSLOGAN-1.png\",\"contentUrl\":\"https:\\\/\\\/lasentinelle.dz\\\/wp-content\\\/uploads\\\/2021\\\/09\\\/logo-sentinelleSLOGAN-1.png\",\"width\":615,\"height\":142,\"caption\":\"Quotidien La Sentinelle\"},\"image\":{\"@id\":\"https:\\\/\\\/lasentinelle.dz\\\/#\\\/schema\\\/logo\\\/image\\\/\"},\"sameAs\":[\"https:\\\/\\\/www.facebook.com\\\/La-Sentinelle-104059864394773\"]},{\"@type\":\"Person\",\"@id\":\"https:\\\/\\\/lasentinelle.dz\\\/#\\\/schema\\\/person\\\/729ee0024f24e0b8c5ec17232f8e8b41\",\"name\":\"admin\",\"image\":{\"@type\":\"ImageObject\",\"inLanguage\":\"fr-FR\",\"@id\":\"https:\\\/\\\/secure.gravatar.com\\\/avatar\\\/4c81fed838786e9b53f540bf46533e750f5d292099ae3b66cfc6fb1982e29df7?s=96&d=mm&r=g\",\"url\":\"https:\\\/\\\/secure.gravatar.com\\\/avatar\\\/4c81fed838786e9b53f540bf46533e750f5d292099ae3b66cfc6fb1982e29df7?s=96&d=mm&r=g\",\"contentUrl\":\"https:\\\/\\\/secure.gravatar.com\\\/avatar\\\/4c81fed838786e9b53f540bf46533e750f5d292099ae3b66cfc6fb1982e29df7?s=96&d=mm&r=g\",\"caption\":\"admin\"},\"description\":\"admin\",\"url\":\"https:\\\/\\\/lasentinelle.dz\\\/author\\\/admin\\\/\"}]}<\/script>\n<!-- \/ Yoast SEO plugin. -->","yoast_head_json":{"title":"Le Pr\u00e9sident de la R\u00e9publique investi aujourd\u2019hui\u00a0 : Un second mandat centr\u00e9 sur l&rsquo;\u00e9conomie - La Sentinelle","robots":{"index":"index","follow":"follow","max-snippet":"max-snippet:-1","max-image-preview":"max-image-preview:large","max-video-preview":"max-video-preview:-1"},"canonical":"https:\/\/lasentinelle.dz\/index.php\/2024\/09\/17\/le-president-de-la-republique-investi-aujourdhui-un-second-mandat-centre-sur-leconomie\/","og_locale":"fr_FR","og_type":"article","og_title":"Le Pr\u00e9sident de la R\u00e9publique investi aujourd\u2019hui\u00a0 : Un second mandat centr\u00e9 sur l&rsquo;\u00e9conomie - La Sentinelle","og_description":"Le Pr\u00e9sident de la R\u00e9publique, M. Abdelmadjid Tebboune, aujourd\u2019hui, au Palais des nations \u00e0 Alger, pr\u00eatera le sermon d\u2019investiture pour","og_url":"https:\/\/lasentinelle.dz\/index.php\/2024\/09\/17\/le-president-de-la-republique-investi-aujourdhui-un-second-mandat-centre-sur-leconomie\/","og_site_name":"La Sentinelle","article_publisher":"https:\/\/www.facebook.com\/La-Sentinelle-104059864394773","article_published_time":"2024-09-17T13:34:37+00:00","article_modified_time":"2024-09-17T13:34:38+00:00","og_image":[{"width":1231,"height":693,"url":"https:\/\/lasentinelle.dz\/wp-content\/uploads\/2024\/07\/tebboune-1-e1720897216181.png","type":"image\/png"}],"author":"admin","twitter_card":"summary_large_image","twitter_misc":{"\u00c9crit par":"admin","Dur\u00e9e de lecture estim\u00e9e":"4 minutes"},"schema":{"@context":"https:\/\/schema.org","@graph":[{"@type":"Article","@id":"https:\/\/lasentinelle.dz\/index.php\/2024\/09\/17\/le-president-de-la-republique-investi-aujourdhui-un-second-mandat-centre-sur-leconomie\/#article","isPartOf":{"@id":"https:\/\/lasentinelle.dz\/index.php\/2024\/09\/17\/le-president-de-la-republique-investi-aujourdhui-un-second-mandat-centre-sur-leconomie\/"},"author":{"name":"admin","@id":"https:\/\/lasentinelle.dz\/#\/schema\/person\/729ee0024f24e0b8c5ec17232f8e8b41"},"headline":"Le Pr\u00e9sident de la R\u00e9publique investi aujourd\u2019hui\u00a0 : Un second mandat centr\u00e9 sur l&rsquo;\u00e9conomie","datePublished":"2024-09-17T13:34:37+00:00","dateModified":"2024-09-17T13:34:38+00:00","mainEntityOfPage":{"@id":"https:\/\/lasentinelle.dz\/index.php\/2024\/09\/17\/le-president-de-la-republique-investi-aujourdhui-un-second-mandat-centre-sur-leconomie\/"},"wordCount":778,"commentCount":0,"publisher":{"@id":"https:\/\/lasentinelle.dz\/#organization"},"image":{"@id":"https:\/\/lasentinelle.dz\/index.php\/2024\/09\/17\/le-president-de-la-republique-investi-aujourdhui-un-second-mandat-centre-sur-leconomie\/#primaryimage"},"thumbnailUrl":"https:\/\/lasentinelle.dz\/wp-content\/uploads\/2024\/07\/tebboune-1-e1720897216181.png","articleSection":["\u00c0 la Une","Actualit\u00e9"],"inLanguage":"fr-FR","potentialAction":[{"@type":"CommentAction","name":"Comment","target":["https:\/\/lasentinelle.dz\/index.php\/2024\/09\/17\/le-president-de-la-republique-investi-aujourdhui-un-second-mandat-centre-sur-leconomie\/#respond"]}]},{"@type":"WebPage","@id":"https:\/\/lasentinelle.dz\/index.php\/2024\/09\/17\/le-president-de-la-republique-investi-aujourdhui-un-second-mandat-centre-sur-leconomie\/","url":"https:\/\/lasentinelle.dz\/index.php\/2024\/09\/17\/le-president-de-la-republique-investi-aujourdhui-un-second-mandat-centre-sur-leconomie\/","name":"Le Pr\u00e9sident de la R\u00e9publique investi aujourd\u2019hui\u00a0 : Un second mandat centr\u00e9 sur l&rsquo;\u00e9conomie - La Sentinelle","isPartOf":{"@id":"https:\/\/lasentinelle.dz\/#website"},"primaryImageOfPage":{"@id":"https:\/\/lasentinelle.dz\/index.php\/2024\/09\/17\/le-president-de-la-republique-investi-aujourdhui-un-second-mandat-centre-sur-leconomie\/#primaryimage"},"image":{"@id":"https:\/\/lasentinelle.dz\/index.php\/2024\/09\/17\/le-president-de-la-republique-investi-aujourdhui-un-second-mandat-centre-sur-leconomie\/#primaryimage"},"thumbnailUrl":"https:\/\/lasentinelle.dz\/wp-content\/uploads\/2024\/07\/tebboune-1-e1720897216181.png","datePublished":"2024-09-17T13:34:37+00:00","dateModified":"2024-09-17T13:34:38+00:00","breadcrumb":{"@id":"https:\/\/lasentinelle.dz\/index.php\/2024\/09\/17\/le-president-de-la-republique-investi-aujourdhui-un-second-mandat-centre-sur-leconomie\/#breadcrumb"},"inLanguage":"fr-FR","potentialAction":[{"@type":"ReadAction","target":["https:\/\/lasentinelle.dz\/index.php\/2024\/09\/17\/le-president-de-la-republique-investi-aujourdhui-un-second-mandat-centre-sur-leconomie\/"]}]},{"@type":"ImageObject","inLanguage":"fr-FR","@id":"https:\/\/lasentinelle.dz\/index.php\/2024\/09\/17\/le-president-de-la-republique-investi-aujourdhui-un-second-mandat-centre-sur-leconomie\/#primaryimage","url":"https:\/\/lasentinelle.dz\/wp-content\/uploads\/2024\/07\/tebboune-1-e1720897216181.png","contentUrl":"https:\/\/lasentinelle.dz\/wp-content\/uploads\/2024\/07\/tebboune-1-e1720897216181.png","width":1231,"height":693},{"@type":"BreadcrumbList","@id":"https:\/\/lasentinelle.dz\/index.php\/2024\/09\/17\/le-president-de-la-republique-investi-aujourdhui-un-second-mandat-centre-sur-leconomie\/#breadcrumb","itemListElement":[{"@type":"ListItem","position":1,"name":"Accueil","item":"https:\/\/lasentinelle.dz\/"},{"@type":"ListItem","position":2,"name":"Le Pr\u00e9sident de la R\u00e9publique investi aujourd\u2019hui\u00a0 : Un second mandat centr\u00e9 sur l&rsquo;\u00e9conomie"}]},{"@type":"WebSite","@id":"https:\/\/lasentinelle.dz\/#website","url":"https:\/\/lasentinelle.dz\/","name":"La Sentinelle","description":"Quotidien national d&#039;information","publisher":{"@id":"https:\/\/lasentinelle.dz\/#organization"},"potentialAction":[{"@type":"SearchAction","target":{"@type":"EntryPoint","urlTemplate":"https:\/\/lasentinelle.dz\/?s={search_term_string}"},"query-input":{"@type":"PropertyValueSpecification","valueRequired":true,"valueName":"search_term_string"}}],"inLanguage":"fr-FR"},{"@type":"Organization","@id":"https:\/\/lasentinelle.dz\/#organization","name":"Quotidien La Sentinelle","url":"https:\/\/lasentinelle.dz\/","logo":{"@type":"ImageObject","inLanguage":"fr-FR","@id":"https:\/\/lasentinelle.dz\/#\/schema\/logo\/image\/","url":"https:\/\/lasentinelle.dz\/wp-content\/uploads\/2021\/09\/logo-sentinelleSLOGAN-1.png","contentUrl":"https:\/\/lasentinelle.dz\/wp-content\/uploads\/2021\/09\/logo-sentinelleSLOGAN-1.png","width":615,"height":142,"caption":"Quotidien La Sentinelle"},"image":{"@id":"https:\/\/lasentinelle.dz\/#\/schema\/logo\/image\/"},"sameAs":["https:\/\/www.facebook.com\/La-Sentinelle-104059864394773"]},{"@type":"Person","@id":"https:\/\/lasentinelle.dz\/#\/schema\/person\/729ee0024f24e0b8c5ec17232f8e8b41","name":"admin","image":{"@type":"ImageObject","inLanguage":"fr-FR","@id":"https:\/\/secure.gravatar.com\/avatar\/4c81fed838786e9b53f540bf46533e750f5d292099ae3b66cfc6fb1982e29df7?s=96&d=mm&r=g","url":"https:\/\/secure.gravatar.com\/avatar\/4c81fed838786e9b53f540bf46533e750f5d292099ae3b66cfc6fb1982e29df7?s=96&d=mm&r=g","contentUrl":"https:\/\/secure.gravatar.com\/avatar\/4c81fed838786e9b53f540bf46533e750f5d292099ae3b66cfc6fb1982e29df7?s=96&d=mm&r=g","caption":"admin"},"description":"admin","url":"https:\/\/lasentinelle.dz\/author\/admin\/"}]}},"_links":{"self":[{"href":"https:\/\/lasentinelle.dz\/index.php\/wp-json\/wp\/v2\/posts\/57112","targetHints":{"allow":["GET"]}}],"collection":[{"href":"https:\/\/lasentinelle.dz\/index.php\/wp-json\/wp\/v2\/posts"}],"about":[{"href":"https:\/\/lasentinelle.dz\/index.php\/wp-json\/wp\/v2\/types\/post"}],"author":[{"embeddable":true,"href":"https:\/\/lasentinelle.dz\/index.php\/wp-json\/wp\/v2\/users\/6"}],"replies":[{"embeddable":true,"href":"https:\/\/lasentinelle.dz\/index.php\/wp-json\/wp\/v2\/comments?post=57112"}],"version-history":[{"count":2,"href":"https:\/\/lasentinelle.dz\/index.php\/wp-json\/wp\/v2\/posts\/57112\/revisions"}],"predecessor-version":[{"id":57114,"href":"https:\/\/lasentinelle.dz\/index.php\/wp-json\/wp\/v2\/posts\/57112\/revisions\/57114"}],"wp:featuredmedia":[{"embeddable":true,"href":"https:\/\/lasentinelle.dz\/index.php\/wp-json\/wp\/v2\/media\/54408"}],"wp:attachment":[{"href":"https:\/\/lasentinelle.dz\/index.php\/wp-json\/wp\/v2\/media?parent=57112"}],"wp:term":[{"taxonomy":"category","embeddable":true,"href":"https:\/\/lasentinelle.dz\/index.php\/wp-json\/wp\/v2\/categories?post=57112"},{"taxonomy":"post_tag","embeddable":true,"href":"https:\/\/lasentinelle.dz\/index.php\/wp-json\/wp\/v2\/tags?post=57112"}],"curies":[{"name":"wp","href":"https:\/\/api.w.org\/{rel}","templated":true}]}}