{"id":57135,"date":"2024-09-18T13:46:20","date_gmt":"2024-09-18T12:46:20","guid":{"rendered":"https:\/\/lasentinelle.dz\/?p=57135"},"modified":"2024-09-18T13:46:21","modified_gmt":"2024-09-18T12:46:21","slug":"can-2025-les-verts-visent-la-qualification-a-annaba","status":"publish","type":"post","link":"https:\/\/lasentinelle.dz\/index.php\/2024\/09\/18\/can-2025-les-verts-visent-la-qualification-a-annaba\/","title":{"rendered":"CAN-2025: Les Verts visent la qualification \u00e0 Annaba"},"content":{"rendered":"\n<p>La F\u00e9d\u00e9ration alg\u00e9rienne de football (FAF) a annonc\u00e9 lundi que la prochaine rencontre \u00e0 domicile des Verts se tiendra le jeudi 10 octobre 2024 au stade du 19 mai 1956 d&rsquo;Annaba. Ce match, comptant pour la troisi\u00e8me journ\u00e9e du groupe E, opposera l&rsquo;Alg\u00e9rie au Togo \u00e0 partir de 20h00.<\/p>\n\n\n\n<p>Le choix d&rsquo;Annaba pour accueillir cette rencontre importante n&rsquo;est pas anodin. La ville c\u00f4ti\u00e8re de poss\u00e8de une riche tradition footballistique et son stade moderne offre des conditions id\u00e9ales pour un match de cette envergure. Les supporters locaux auront \u00e0 c\u0153ur de pousser leur \u00e9quipe nationale vers un nouveau succ\u00e8s. Ce match contre le Togo \u00e0 Annaba sera suivi quelques jours plus tard, le 14 octobre, par la manche retour pr\u00e9vue \u00e0 19h00 au stade de K\u00e9gu\u00e9 \u00e0 Lom\u00e9. Ces deux rencontres face aux \u00c9perviers togolais repr\u00e9sentent une opportunit\u00e9 en or pour les Alg\u00e9riens de consolider leur premi\u00e8re place et de faire un pas de g\u00e9ant vers la qualification.<\/p>\n\n\n\n<p>La campagne de qualification pour la Coupe d&rsquo;Afrique des Nations (CAN) 2025 bat son plein, et l&rsquo;\u00e9quipe nationale de football se positionne d\u00e9j\u00e0 comme l&rsquo;un des favoris de la comp\u00e9tition. Les Verts ont entam\u00e9 leur campagne de la meilleure des mani\u00e8res, encha\u00eenant deux victoires convaincantes lors des deux premi\u00e8res journ\u00e9es des \u00e9liminatoires. Tout d&rsquo;abord, ils ont domin\u00e9 la Guin\u00e9e \u00e9quatoriale (2-0) le 5 septembre au stade Miloud-Hadefi d&rsquo;Oran, avant de s&rsquo;imposer avec brio face au Liberia (3-0) le 10 septembre \u00e0 Monrovia.<\/p>\n\n\n\n<p>Cette derni\u00e8re victoire a \u00e9t\u00e9 particuli\u00e8rement impressionnante, les Alg\u00e9riens ayant fait preuve d&rsquo;une ma\u00eetrise totale malgr\u00e9 l&rsquo;absence de plusieurs cadres bless\u00e9s. Amine Gouiri (17e) et Adem Zorgane (25e) ont rapidement mis l&rsquo;\u00e9quipe sur de bons rails en premi\u00e8re mi-temps, avant que Baghdad Bounedjah ne parach\u00e8ve le succ\u00e8s \u00e0 la 80e minute. Gr\u00e2ce \u00e0 ces deux succ\u00e8s, l&rsquo;Alg\u00e9rie tr\u00f4ne en t\u00eate du groupe E avec 6 points, devan\u00e7ant le Togo (2 points), tandis que le Liberia et la Guin\u00e9e \u00e9quatoriale ferment la marche avec un point chacun. Cette position confortable offre aux Fennecs une marge de man\u0153uvre appr\u00e9ciable pour la suite des \u00e9liminatoires.<\/p>\n\n\n\n<p>Rappelons que les deux premiers de chaque groupe se qualifieront pour la phase finale de la CAN 2025, \u00e0 l&rsquo;exception du groupe du pays h\u00f4te o\u00f9 seul le premier obtiendra son billet. Avec leur d\u00e9but de parcours parfait, les Fennecs semblent bien partis pour d\u00e9crocher leur qualification.<\/p>\n\n\n\n<p>L&rsquo;objectif est clair pour l&rsquo;Alg\u00e9rie : non seulement assurer sa place pour la phase finale, mais aussi y arriver en position de force. Les performances r\u00e9alis\u00e9es lors de ces \u00e9liminatoires permettront \u00e0 l&rsquo;\u00e9quipe d&rsquo;aborder la CAN 2025 avec confiance et ambition.<\/p>\n\n\n\n<p><strong>Moncef D.<\/strong><\/p>\n","protected":false},"excerpt":{"rendered":"<p>La F\u00e9d\u00e9ration alg\u00e9rienne de football (FAF) a annonc\u00e9 lundi que la prochaine rencontre \u00e0 domicile des Verts se tiendra le<\/p>\n","protected":false},"author":6,"featured_media":56964,"comment_status":"open","ping_status":"closed","sticky":false,"template":"","format":"standard","meta":{"colormag_page_container_layout":"default_layout","colormag_page_sidebar_layout":"default_layout","om_disable_all_campaigns":false,"_monsterinsights_skip_tracking":false,"_monsterinsights_sitenote_active":false,"_monsterinsights_sitenote_note":"","_monsterinsights_sitenote_category":0,"footnotes":"","_wpscppro_dont_share_socialmedia":false,"_wpscppro_custom_social_share_image":0,"_facebook_share_type":"default","_twitter_share_type":"default","_linkedin_share_type":"default","_pinterest_share_type":"default","_linkedin_share_type_page":"","_instagram_share_type":"default","_medium_share_type":"","_threads_share_type":"","_google_business_share_type":"","_selected_social_profile":[],"_wpsp_enable_custom_social_template":false,"_wpsp_social_scheduling":{"enabled":false,"datetime":null,"platforms":[],"status":"template_only","dateOption":"today","timeOption":"now","customDays":"","customHours":"","customDate":"","customTime":"","schedulingType":"absolute"},"_wpsp_active_default_template":true},"categories":[33],"tags":[],"class_list":["post-57135","post","type-post","status-publish","format-standard","has-post-thumbnail","hentry","category-sports"],"aioseo_notices":[],"yoast_head":"<!-- This site is optimized with the Yoast SEO plugin v27.5 - https:\/\/yoast.com\/product\/yoast-seo-wordpress\/ -->\n<title>CAN-2025: Les Verts visent la qualification \u00e0 Annaba - La Sentinelle<\/title>\n<meta name=\"robots\" content=\"index, follow, max-snippet:-1, max-image-preview:large, max-video-preview:-1\" \/>\n<link rel=\"canonical\" href=\"https:\/\/lasentinelle.dz\/index.php\/2024\/09\/18\/can-2025-les-verts-visent-la-qualification-a-annaba\/\" \/>\n<meta property=\"og:locale\" content=\"fr_FR\" \/>\n<meta property=\"og:type\" content=\"article\" \/>\n<meta property=\"og:title\" content=\"CAN-2025: Les Verts visent la qualification \u00e0 Annaba - La Sentinelle\" \/>\n<meta property=\"og:description\" content=\"La F\u00e9d\u00e9ration alg\u00e9rienne de football (FAF) a annonc\u00e9 lundi que la prochaine rencontre \u00e0 domicile des Verts se tiendra le\" \/>\n<meta property=\"og:url\" content=\"https:\/\/lasentinelle.dz\/index.php\/2024\/09\/18\/can-2025-les-verts-visent-la-qualification-a-annaba\/\" \/>\n<meta property=\"og:site_name\" content=\"La Sentinelle\" \/>\n<meta property=\"article:publisher\" content=\"https:\/\/www.facebook.com\/La-Sentinelle-104059864394773\" \/>\n<meta property=\"article:published_time\" content=\"2024-09-18T12:46:20+00:00\" \/>\n<meta property=\"article:modified_time\" content=\"2024-09-18T12:46:21+00:00\" \/>\n<meta property=\"og:image\" content=\"https:\/\/lasentinelle.dz\/wp-content\/uploads\/2024\/09\/EN-2.jpg\" \/>\n\t<meta property=\"og:image:width\" content=\"2401\" \/>\n\t<meta property=\"og:image:height\" content=\"1600\" \/>\n\t<meta property=\"og:image:type\" content=\"image\/jpeg\" \/>\n<meta name=\"author\" content=\"admin\" \/>\n<meta name=\"twitter:card\" content=\"summary_large_image\" \/>\n<meta name=\"twitter:label1\" content=\"\u00c9crit par\" \/>\n\t<meta name=\"twitter:data1\" content=\"admin\" \/>\n\t<meta name=\"twitter:label2\" content=\"Dur\u00e9e de lecture estim\u00e9e\" \/>\n\t<meta name=\"twitter:data2\" content=\"3 minutes\" \/>\n<script type=\"application\/ld+json\" class=\"yoast-schema-graph\">{\"@context\":\"https:\\\/\\\/schema.org\",\"@graph\":[{\"@type\":\"Article\",\"@id\":\"https:\\\/\\\/lasentinelle.dz\\\/index.php\\\/2024\\\/09\\\/18\\\/can-2025-les-verts-visent-la-qualification-a-annaba\\\/#article\",\"isPartOf\":{\"@id\":\"https:\\\/\\\/lasentinelle.dz\\\/index.php\\\/2024\\\/09\\\/18\\\/can-2025-les-verts-visent-la-qualification-a-annaba\\\/\"},\"author\":{\"name\":\"admin\",\"@id\":\"https:\\\/\\\/lasentinelle.dz\\\/#\\\/schema\\\/person\\\/729ee0024f24e0b8c5ec17232f8e8b41\"},\"headline\":\"CAN-2025: Les Verts visent la qualification \u00e0 Annaba\",\"datePublished\":\"2024-09-18T12:46:20+00:00\",\"dateModified\":\"2024-09-18T12:46:21+00:00\",\"mainEntityOfPage\":{\"@id\":\"https:\\\/\\\/lasentinelle.dz\\\/index.php\\\/2024\\\/09\\\/18\\\/can-2025-les-verts-visent-la-qualification-a-annaba\\\/\"},\"wordCount\":481,\"commentCount\":0,\"publisher\":{\"@id\":\"https:\\\/\\\/lasentinelle.dz\\\/#organization\"},\"image\":{\"@id\":\"https:\\\/\\\/lasentinelle.dz\\\/index.php\\\/2024\\\/09\\\/18\\\/can-2025-les-verts-visent-la-qualification-a-annaba\\\/#primaryimage\"},\"thumbnailUrl\":\"https:\\\/\\\/lasentinelle.dz\\\/wp-content\\\/uploads\\\/2024\\\/09\\\/EN-2.jpg\",\"articleSection\":[\"Sports\"],\"inLanguage\":\"fr-FR\",\"potentialAction\":[{\"@type\":\"CommentAction\",\"name\":\"Comment\",\"target\":[\"https:\\\/\\\/lasentinelle.dz\\\/index.php\\\/2024\\\/09\\\/18\\\/can-2025-les-verts-visent-la-qualification-a-annaba\\\/#respond\"]}]},{\"@type\":\"WebPage\",\"@id\":\"https:\\\/\\\/lasentinelle.dz\\\/index.php\\\/2024\\\/09\\\/18\\\/can-2025-les-verts-visent-la-qualification-a-annaba\\\/\",\"url\":\"https:\\\/\\\/lasentinelle.dz\\\/index.php\\\/2024\\\/09\\\/18\\\/can-2025-les-verts-visent-la-qualification-a-annaba\\\/\",\"name\":\"CAN-2025: Les Verts visent la qualification \u00e0 Annaba - La Sentinelle\",\"isPartOf\":{\"@id\":\"https:\\\/\\\/lasentinelle.dz\\\/#website\"},\"primaryImageOfPage\":{\"@id\":\"https:\\\/\\\/lasentinelle.dz\\\/index.php\\\/2024\\\/09\\\/18\\\/can-2025-les-verts-visent-la-qualification-a-annaba\\\/#primaryimage\"},\"image\":{\"@id\":\"https:\\\/\\\/lasentinelle.dz\\\/index.php\\\/2024\\\/09\\\/18\\\/can-2025-les-verts-visent-la-qualification-a-annaba\\\/#primaryimage\"},\"thumbnailUrl\":\"https:\\\/\\\/lasentinelle.dz\\\/wp-content\\\/uploads\\\/2024\\\/09\\\/EN-2.jpg\",\"datePublished\":\"2024-09-18T12:46:20+00:00\",\"dateModified\":\"2024-09-18T12:46:21+00:00\",\"breadcrumb\":{\"@id\":\"https:\\\/\\\/lasentinelle.dz\\\/index.php\\\/2024\\\/09\\\/18\\\/can-2025-les-verts-visent-la-qualification-a-annaba\\\/#breadcrumb\"},\"inLanguage\":\"fr-FR\",\"potentialAction\":[{\"@type\":\"ReadAction\",\"target\":[\"https:\\\/\\\/lasentinelle.dz\\\/index.php\\\/2024\\\/09\\\/18\\\/can-2025-les-verts-visent-la-qualification-a-annaba\\\/\"]}]},{\"@type\":\"ImageObject\",\"inLanguage\":\"fr-FR\",\"@id\":\"https:\\\/\\\/lasentinelle.dz\\\/index.php\\\/2024\\\/09\\\/18\\\/can-2025-les-verts-visent-la-qualification-a-annaba\\\/#primaryimage\",\"url\":\"https:\\\/\\\/lasentinelle.dz\\\/wp-content\\\/uploads\\\/2024\\\/09\\\/EN-2.jpg\",\"contentUrl\":\"https:\\\/\\\/lasentinelle.dz\\\/wp-content\\\/uploads\\\/2024\\\/09\\\/EN-2.jpg\",\"width\":2401,\"height\":1600},{\"@type\":\"BreadcrumbList\",\"@id\":\"https:\\\/\\\/lasentinelle.dz\\\/index.php\\\/2024\\\/09\\\/18\\\/can-2025-les-verts-visent-la-qualification-a-annaba\\\/#breadcrumb\",\"itemListElement\":[{\"@type\":\"ListItem\",\"position\":1,\"name\":\"Accueil\",\"item\":\"https:\\\/\\\/lasentinelle.dz\\\/\"},{\"@type\":\"ListItem\",\"position\":2,\"name\":\"CAN-2025: Les Verts visent la qualification \u00e0 Annaba\"}]},{\"@type\":\"WebSite\",\"@id\":\"https:\\\/\\\/lasentinelle.dz\\\/#website\",\"url\":\"https:\\\/\\\/lasentinelle.dz\\\/\",\"name\":\"La Sentinelle\",\"description\":\"Quotidien national d&#039;information\",\"publisher\":{\"@id\":\"https:\\\/\\\/lasentinelle.dz\\\/#organization\"},\"potentialAction\":[{\"@type\":\"SearchAction\",\"target\":{\"@type\":\"EntryPoint\",\"urlTemplate\":\"https:\\\/\\\/lasentinelle.dz\\\/?s={search_term_string}\"},\"query-input\":{\"@type\":\"PropertyValueSpecification\",\"valueRequired\":true,\"valueName\":\"search_term_string\"}}],\"inLanguage\":\"fr-FR\"},{\"@type\":\"Organization\",\"@id\":\"https:\\\/\\\/lasentinelle.dz\\\/#organization\",\"name\":\"Quotidien La Sentinelle\",\"url\":\"https:\\\/\\\/lasentinelle.dz\\\/\",\"logo\":{\"@type\":\"ImageObject\",\"inLanguage\":\"fr-FR\",\"@id\":\"https:\\\/\\\/lasentinelle.dz\\\/#\\\/schema\\\/logo\\\/image\\\/\",\"url\":\"https:\\\/\\\/lasentinelle.dz\\\/wp-content\\\/uploads\\\/2021\\\/09\\\/logo-sentinelleSLOGAN-1.png\",\"contentUrl\":\"https:\\\/\\\/lasentinelle.dz\\\/wp-content\\\/uploads\\\/2021\\\/09\\\/logo-sentinelleSLOGAN-1.png\",\"width\":615,\"height\":142,\"caption\":\"Quotidien La Sentinelle\"},\"image\":{\"@id\":\"https:\\\/\\\/lasentinelle.dz\\\/#\\\/schema\\\/logo\\\/image\\\/\"},\"sameAs\":[\"https:\\\/\\\/www.facebook.com\\\/La-Sentinelle-104059864394773\"]},{\"@type\":\"Person\",\"@id\":\"https:\\\/\\\/lasentinelle.dz\\\/#\\\/schema\\\/person\\\/729ee0024f24e0b8c5ec17232f8e8b41\",\"name\":\"admin\",\"image\":{\"@type\":\"ImageObject\",\"inLanguage\":\"fr-FR\",\"@id\":\"https:\\\/\\\/secure.gravatar.com\\\/avatar\\\/4c81fed838786e9b53f540bf46533e750f5d292099ae3b66cfc6fb1982e29df7?s=96&d=mm&r=g\",\"url\":\"https:\\\/\\\/secure.gravatar.com\\\/avatar\\\/4c81fed838786e9b53f540bf46533e750f5d292099ae3b66cfc6fb1982e29df7?s=96&d=mm&r=g\",\"contentUrl\":\"https:\\\/\\\/secure.gravatar.com\\\/avatar\\\/4c81fed838786e9b53f540bf46533e750f5d292099ae3b66cfc6fb1982e29df7?s=96&d=mm&r=g\",\"caption\":\"admin\"},\"description\":\"admin\",\"url\":\"https:\\\/\\\/lasentinelle.dz\\\/author\\\/admin\\\/\"}]}<\/script>\n<!-- \/ Yoast SEO plugin. -->","yoast_head_json":{"title":"CAN-2025: Les Verts visent la qualification \u00e0 Annaba - La Sentinelle","robots":{"index":"index","follow":"follow","max-snippet":"max-snippet:-1","max-image-preview":"max-image-preview:large","max-video-preview":"max-video-preview:-1"},"canonical":"https:\/\/lasentinelle.dz\/index.php\/2024\/09\/18\/can-2025-les-verts-visent-la-qualification-a-annaba\/","og_locale":"fr_FR","og_type":"article","og_title":"CAN-2025: Les Verts visent la qualification \u00e0 Annaba - La Sentinelle","og_description":"La F\u00e9d\u00e9ration alg\u00e9rienne de football (FAF) a annonc\u00e9 lundi que la prochaine rencontre \u00e0 domicile des Verts se tiendra le","og_url":"https:\/\/lasentinelle.dz\/index.php\/2024\/09\/18\/can-2025-les-verts-visent-la-qualification-a-annaba\/","og_site_name":"La Sentinelle","article_publisher":"https:\/\/www.facebook.com\/La-Sentinelle-104059864394773","article_published_time":"2024-09-18T12:46:20+00:00","article_modified_time":"2024-09-18T12:46:21+00:00","og_image":[{"width":2401,"height":1600,"url":"https:\/\/lasentinelle.dz\/wp-content\/uploads\/2024\/09\/EN-2.jpg","type":"image\/jpeg"}],"author":"admin","twitter_card":"summary_large_image","twitter_misc":{"\u00c9crit par":"admin","Dur\u00e9e de lecture estim\u00e9e":"3 minutes"},"schema":{"@context":"https:\/\/schema.org","@graph":[{"@type":"Article","@id":"https:\/\/lasentinelle.dz\/index.php\/2024\/09\/18\/can-2025-les-verts-visent-la-qualification-a-annaba\/#article","isPartOf":{"@id":"https:\/\/lasentinelle.dz\/index.php\/2024\/09\/18\/can-2025-les-verts-visent-la-qualification-a-annaba\/"},"author":{"name":"admin","@id":"https:\/\/lasentinelle.dz\/#\/schema\/person\/729ee0024f24e0b8c5ec17232f8e8b41"},"headline":"CAN-2025: Les Verts visent la qualification \u00e0 Annaba","datePublished":"2024-09-18T12:46:20+00:00","dateModified":"2024-09-18T12:46:21+00:00","mainEntityOfPage":{"@id":"https:\/\/lasentinelle.dz\/index.php\/2024\/09\/18\/can-2025-les-verts-visent-la-qualification-a-annaba\/"},"wordCount":481,"commentCount":0,"publisher":{"@id":"https:\/\/lasentinelle.dz\/#organization"},"image":{"@id":"https:\/\/lasentinelle.dz\/index.php\/2024\/09\/18\/can-2025-les-verts-visent-la-qualification-a-annaba\/#primaryimage"},"thumbnailUrl":"https:\/\/lasentinelle.dz\/wp-content\/uploads\/2024\/09\/EN-2.jpg","articleSection":["Sports"],"inLanguage":"fr-FR","potentialAction":[{"@type":"CommentAction","name":"Comment","target":["https:\/\/lasentinelle.dz\/index.php\/2024\/09\/18\/can-2025-les-verts-visent-la-qualification-a-annaba\/#respond"]}]},{"@type":"WebPage","@id":"https:\/\/lasentinelle.dz\/index.php\/2024\/09\/18\/can-2025-les-verts-visent-la-qualification-a-annaba\/","url":"https:\/\/lasentinelle.dz\/index.php\/2024\/09\/18\/can-2025-les-verts-visent-la-qualification-a-annaba\/","name":"CAN-2025: Les Verts visent la qualification \u00e0 Annaba - La Sentinelle","isPartOf":{"@id":"https:\/\/lasentinelle.dz\/#website"},"primaryImageOfPage":{"@id":"https:\/\/lasentinelle.dz\/index.php\/2024\/09\/18\/can-2025-les-verts-visent-la-qualification-a-annaba\/#primaryimage"},"image":{"@id":"https:\/\/lasentinelle.dz\/index.php\/2024\/09\/18\/can-2025-les-verts-visent-la-qualification-a-annaba\/#primaryimage"},"thumbnailUrl":"https:\/\/lasentinelle.dz\/wp-content\/uploads\/2024\/09\/EN-2.jpg","datePublished":"2024-09-18T12:46:20+00:00","dateModified":"2024-09-18T12:46:21+00:00","breadcrumb":{"@id":"https:\/\/lasentinelle.dz\/index.php\/2024\/09\/18\/can-2025-les-verts-visent-la-qualification-a-annaba\/#breadcrumb"},"inLanguage":"fr-FR","potentialAction":[{"@type":"ReadAction","target":["https:\/\/lasentinelle.dz\/index.php\/2024\/09\/18\/can-2025-les-verts-visent-la-qualification-a-annaba\/"]}]},{"@type":"ImageObject","inLanguage":"fr-FR","@id":"https:\/\/lasentinelle.dz\/index.php\/2024\/09\/18\/can-2025-les-verts-visent-la-qualification-a-annaba\/#primaryimage","url":"https:\/\/lasentinelle.dz\/wp-content\/uploads\/2024\/09\/EN-2.jpg","contentUrl":"https:\/\/lasentinelle.dz\/wp-content\/uploads\/2024\/09\/EN-2.jpg","width":2401,"height":1600},{"@type":"BreadcrumbList","@id":"https:\/\/lasentinelle.dz\/index.php\/2024\/09\/18\/can-2025-les-verts-visent-la-qualification-a-annaba\/#breadcrumb","itemListElement":[{"@type":"ListItem","position":1,"name":"Accueil","item":"https:\/\/lasentinelle.dz\/"},{"@type":"ListItem","position":2,"name":"CAN-2025: Les Verts visent la qualification \u00e0 Annaba"}]},{"@type":"WebSite","@id":"https:\/\/lasentinelle.dz\/#website","url":"https:\/\/lasentinelle.dz\/","name":"La Sentinelle","description":"Quotidien national d&#039;information","publisher":{"@id":"https:\/\/lasentinelle.dz\/#organization"},"potentialAction":[{"@type":"SearchAction","target":{"@type":"EntryPoint","urlTemplate":"https:\/\/lasentinelle.dz\/?s={search_term_string}"},"query-input":{"@type":"PropertyValueSpecification","valueRequired":true,"valueName":"search_term_string"}}],"inLanguage":"fr-FR"},{"@type":"Organization","@id":"https:\/\/lasentinelle.dz\/#organization","name":"Quotidien La Sentinelle","url":"https:\/\/lasentinelle.dz\/","logo":{"@type":"ImageObject","inLanguage":"fr-FR","@id":"https:\/\/lasentinelle.dz\/#\/schema\/logo\/image\/","url":"https:\/\/lasentinelle.dz\/wp-content\/uploads\/2021\/09\/logo-sentinelleSLOGAN-1.png","contentUrl":"https:\/\/lasentinelle.dz\/wp-content\/uploads\/2021\/09\/logo-sentinelleSLOGAN-1.png","width":615,"height":142,"caption":"Quotidien La Sentinelle"},"image":{"@id":"https:\/\/lasentinelle.dz\/#\/schema\/logo\/image\/"},"sameAs":["https:\/\/www.facebook.com\/La-Sentinelle-104059864394773"]},{"@type":"Person","@id":"https:\/\/lasentinelle.dz\/#\/schema\/person\/729ee0024f24e0b8c5ec17232f8e8b41","name":"admin","image":{"@type":"ImageObject","inLanguage":"fr-FR","@id":"https:\/\/secure.gravatar.com\/avatar\/4c81fed838786e9b53f540bf46533e750f5d292099ae3b66cfc6fb1982e29df7?s=96&d=mm&r=g","url":"https:\/\/secure.gravatar.com\/avatar\/4c81fed838786e9b53f540bf46533e750f5d292099ae3b66cfc6fb1982e29df7?s=96&d=mm&r=g","contentUrl":"https:\/\/secure.gravatar.com\/avatar\/4c81fed838786e9b53f540bf46533e750f5d292099ae3b66cfc6fb1982e29df7?s=96&d=mm&r=g","caption":"admin"},"description":"admin","url":"https:\/\/lasentinelle.dz\/author\/admin\/"}]}},"_links":{"self":[{"href":"https:\/\/lasentinelle.dz\/index.php\/wp-json\/wp\/v2\/posts\/57135","targetHints":{"allow":["GET"]}}],"collection":[{"href":"https:\/\/lasentinelle.dz\/index.php\/wp-json\/wp\/v2\/posts"}],"about":[{"href":"https:\/\/lasentinelle.dz\/index.php\/wp-json\/wp\/v2\/types\/post"}],"author":[{"embeddable":true,"href":"https:\/\/lasentinelle.dz\/index.php\/wp-json\/wp\/v2\/users\/6"}],"replies":[{"embeddable":true,"href":"https:\/\/lasentinelle.dz\/index.php\/wp-json\/wp\/v2\/comments?post=57135"}],"version-history":[{"count":1,"href":"https:\/\/lasentinelle.dz\/index.php\/wp-json\/wp\/v2\/posts\/57135\/revisions"}],"predecessor-version":[{"id":57136,"href":"https:\/\/lasentinelle.dz\/index.php\/wp-json\/wp\/v2\/posts\/57135\/revisions\/57136"}],"wp:featuredmedia":[{"embeddable":true,"href":"https:\/\/lasentinelle.dz\/index.php\/wp-json\/wp\/v2\/media\/56964"}],"wp:attachment":[{"href":"https:\/\/lasentinelle.dz\/index.php\/wp-json\/wp\/v2\/media?parent=57135"}],"wp:term":[{"taxonomy":"category","embeddable":true,"href":"https:\/\/lasentinelle.dz\/index.php\/wp-json\/wp\/v2\/categories?post=57135"},{"taxonomy":"post_tag","embeddable":true,"href":"https:\/\/lasentinelle.dz\/index.php\/wp-json\/wp\/v2\/tags?post=57135"}],"curies":[{"name":"wp","href":"https:\/\/api.w.org\/{rel}","templated":true}]}}