{"id":57137,"date":"2024-09-18T13:47:14","date_gmt":"2024-09-18T12:47:14","guid":{"rendered":"https:\/\/lasentinelle.dz\/?p=57137"},"modified":"2024-09-18T14:06:43","modified_gmt":"2024-09-18T13:06:43","slug":"ligue-1-mobilis-une-nouvelle-saison-palpitante-souvre-demain","status":"publish","type":"post","link":"https:\/\/lasentinelle.dz\/index.php\/2024\/09\/18\/ligue-1-mobilis-une-nouvelle-saison-palpitante-souvre-demain\/","title":{"rendered":"Ligue 1 Mobilis: Une nouvelle saison palpitante s&rsquo;ouvre demain"},"content":{"rendered":"\n<p>La Ligue 1 Mobilis s&rsquo;appr\u00eate \u00e0 lancer sa saison 2024-2025 demain, avec 16 \u00e9quipes sur la ligne de d\u00e9part dont deux promus. Apr\u00e8s un mercato estival particuli\u00e8rement anim\u00e9, les cartes sont rebattues et la bataille pour le titre promet d&rsquo;\u00eatre plus intense que jamais.<\/p>\n\n\n\n<p>Le MC Alger, champion en titre, entend bien conserver sa couronne. Sacr\u00e9 pour la 8e fois de son histoire la saison derni\u00e8re, le \u00ab\u00a0Doyen\u00a0\u00bb a connu quelques changements durant l&rsquo;intersaison. Malgr\u00e9 le d\u00e9part de sa star Youcef Bela\u00efli, parti rejoindre l&rsquo;ES Tunis, le club alg\u00e9rois a r\u00e9ussi \u00e0 pr\u00e9server l&rsquo;essentiel de son ossature. De plus, il s&rsquo;est consid\u00e9rablement renforc\u00e9 avec des recrues de choix comme l&rsquo;international Andy Delort, l&rsquo;ailier Tayeb Meziani ou encore le d\u00e9fenseur ivoirien Serge Anthony Badjo. Sous la houlette du Fran\u00e7ais Amir Beaumelle, reconduit sur le banc, les Mouloud\u00e9ens font logiquement figure de favoris pour leur propre succession.<\/p>\n\n\n\n<p>Mais la concurrence s&rsquo;annonce particuli\u00e8rement rude cette saison. Le CR Belouizdad, vice-champion et vainqueur de la Coupe d&rsquo;Alg\u00e9rie, n&rsquo;a pas dit son dernier mot. Apr\u00e8s avoir vu sa s\u00e9rie de quatre titres cons\u00e9cutifs s&rsquo;arr\u00eater, le Chabab est revanchard. Le club a frapp\u00e9 fort sur le march\u00e9 des transferts en rapatriant notamment l&rsquo;attaquant vedette Islam Slimani, meilleur buteur de l&rsquo;histoire de la s\u00e9lection nationale. Avec l&rsquo;arriv\u00e9e aux commandes de l&rsquo;entra\u00eeneur fran\u00e7ais Corentin Martins, le CRB affiche clairement ses ambitions de reconqu\u00eate.<\/p>\n\n\n\n<p>La JS Kabylie, qui a miraculeusement \u00e9chapp\u00e9 \u00e0 la rel\u00e9gation la saison derni\u00e8re, ne compte pas revivre pareille m\u00e9saventure. Les \u00ab\u00a0Canaris\u00a0\u00bb affichent de grandes ambitions apr\u00e8s un recrutement XXL, symbolis\u00e9 par l&rsquo;arriv\u00e9e de l&rsquo;ancien international Riyad Boudebouz. Sous l&rsquo;impulsion de son nouvel actionnaire majoritaire ATM Mobilis, le club de la ville des Gen\u00eats entend renouer avec son glorieux pass\u00e9, son dernier titre de champion remontant \u00e0 2008. L&rsquo;arriv\u00e9e sur le banc du technicien exp\u00e9riment\u00e9 Abdelhak Benchikha t\u00e9moigne de cette volont\u00e9 de revenir au premier plan.<\/p>\n\n\n\n<p>L&rsquo;USM Alger n&rsquo;est pas en reste dans cette course au titre. Le club de Soustara, qui n&rsquo;a plus \u00e9t\u00e9 sacr\u00e9 depuis 2019, a r\u00e9alis\u00e9 un mercato ambitieux en s&rsquo;offrant plusieurs talents comme le Bolivien Adalid Terrazas, le Congolais K\u00e9vin Mundeko ou encore l&rsquo;ailier Houssem-Eddine Ghacha. Sous la direction du Tunisien Nabil Ma\u00e2loul, l&rsquo;USMA esp\u00e8re bien jouer les trouble-f\u00eates cette saison.<\/p>\n\n\n\n<p>D&rsquo;autres \u00e9quipes comme le CS Constantine, qualifi\u00e9 pour la Coupe de la Conf\u00e9d\u00e9ration africaine, ou encore l&rsquo;ES S\u00e9tif, auront \u00e9galement leur mot \u00e0 dire. Les Sanafir constantinois, d\u00e9sormais entra\u00een\u00e9s par l&rsquo;exp\u00e9riment\u00e9 Khe\u00efreddine Madoui, pourraient bien cr\u00e9er la surprise. Quant \u00e0 l&rsquo;Entente s\u00e9tifienne, elle misera sur la stabilit\u00e9 et le retour aux sources avec la nomination de R\u00e9da Bendriss sur le banc pour retrouver les sommets.<\/p>\n\n\n\n<p>Le MC Oran et l&rsquo;US Biskra, qui ont d\u00fb batailler dur pour assurer leur maintien la saison pass\u00e9e, esp\u00e8rent vivre un exercice plus serein. Les Hamraoua ont conserv\u00e9 leur entra\u00eeneur Youcef Bouzidi et se sont renforc\u00e9s en cons\u00e9quence, tandis que les Zibans ont mis\u00e9 sur la continuit\u00e9 avec Mounir Zeghdoud aux commandes.<\/p>\n\n\n\n<p>La lutte pour le maintien s&rsquo;annonce tout aussi passionnante. Les deux promus, l&rsquo;Olympique Akbou et l&rsquo;ES Mostaganem, auront \u00e0 c\u0153ur de cr\u00e9er la surprise pour leur bapt\u00eame du feu dans l&rsquo;\u00e9lite. L&rsquo;OA, qui d\u00e9couvre la Ligue 1 pour la premi\u00e8re fois de son histoire, devra rapidement s&rsquo;adapter au haut niveau. De leur c\u00f4t\u00e9, le NC Magra et la JS Saoura tenteront d&rsquo;\u00e9viter les affres de la rel\u00e9gation qui les ont menac\u00e9s la saison derni\u00e8re.<\/p>\n\n\n\n<p><strong>La VAR introduite<\/strong><\/p>\n\n\n\n<p>Au-del\u00e0 de ces enjeux sportifs, la nouvelle \u00e9dition du championnat de Ligue 1 Mobilis sera marqu\u00e9e par une innovation majeure : l&rsquo;introduction de l&rsquo;assistance vid\u00e9o \u00e0 l&rsquo;arbitrage (VAR). La F\u00e9d\u00e9ration alg\u00e9rienne de football a investi dans quatre vans VAR enti\u00e8rement \u00e9quip\u00e9s, tandis que 35 arbitres ont \u00e9t\u00e9 certifi\u00e9s pour utiliser cette technologie. Une avanc\u00e9e qui devrait contribuer \u00e0 r\u00e9duire les controverses arbitrales et \u00e0 moderniser le football alg\u00e9rien.<\/p>\n\n\n\n<p>C\u00f4t\u00e9 banc de touche, on note une l\u00e9g\u00e8re baisse du nombre d&rsquo;entra\u00eeneurs locaux par rapport \u00e0 la saison pr\u00e9c\u00e9dente. Ils seront dix techniciens alg\u00e9riens \u00e0 officier cette saison, contre douze l&rsquo;an pass\u00e9. En revanche, la tendance est \u00e0 la hausse pour les entra\u00eeneurs \u00e9trangers : quatre Tunisiens et deux Fran\u00e7ais seront aux commandes de formations de Ligue 1. Cette diversit\u00e9 sur les bancs promet d&rsquo;apporter des approches tactiques vari\u00e9es et enrichissantes pour le championnat.<\/p>\n\n\n\n<p>Parmi les coaches les plus en vue, on retrouve bien s\u00fbr Amir Beaumelle au MC Alger, reconduit apr\u00e8s le titre de la saison derni\u00e8re. Le Fran\u00e7ais Corentin Martins au CR Belouizdad et le Tunisien Nabil Ma\u00e2loul \u00e0 l&rsquo;USM Alger seront \u00e9galement tr\u00e8s attendus. Le retour au pays d&rsquo;Abdelhak Benchikha \u00e0 la JS Kabylie suscite \u00e9galement beaucoup d&rsquo;int\u00e9r\u00eat.<\/p>\n\n\n\n<p>Entre les aspirations des cadors \u00e0 reconqu\u00e9rir ou conserver le titre, les ambitions des outsiders \u00e0 cr\u00e9er la surprise, et la volont\u00e9 des promus \u00e0 s&rsquo;installer durablement dans l&rsquo;\u00e9lite, tous les ingr\u00e9dients sont r\u00e9unis pour une saison 2024-2025 palpitante. La densit\u00e9 du championnat national, o\u00f9 le niveau est souvent tr\u00e8s homog\u00e8ne, promet encore une fois des rebondissements et des surprises tout au long de l&rsquo;exercice. Le coup d&rsquo;envoi sera donn\u00e9 ce jeudi, lan\u00e7ant ainsi plusieurs mois de comp\u00e9tition intense. Entre derbies enflamm\u00e9s, luttes acharn\u00e9es pour le titre et le maintien, et \u00e9mergence de nouveaux talents, la Ligue 1 Mobilis promet une fois de plus de tenir en haleine les passionn\u00e9s de football du pays. Que le meilleur gagne !<\/p>\n\n\n\n<p>Moncef Dahleb<\/p>\n","protected":false},"excerpt":{"rendered":"<p>La Ligue 1 Mobilis s&rsquo;appr\u00eate \u00e0 lancer sa saison 2024-2025 demain, avec 16 \u00e9quipes sur la ligne de d\u00e9part dont<\/p>\n","protected":false},"author":6,"featured_media":43719,"comment_status":"open","ping_status":"closed","sticky":false,"template":"","format":"standard","meta":{"colormag_page_container_layout":"default_layout","colormag_page_sidebar_layout":"default_layout","om_disable_all_campaigns":false,"_monsterinsights_skip_tracking":false,"_monsterinsights_sitenote_active":false,"_monsterinsights_sitenote_note":"","_monsterinsights_sitenote_category":0,"footnotes":"","_wpscppro_dont_share_socialmedia":false,"_wpscppro_custom_social_share_image":0,"_facebook_share_type":"default","_twitter_share_type":"default","_linkedin_share_type":"default","_pinterest_share_type":"default","_linkedin_share_type_page":"","_instagram_share_type":"default","_medium_share_type":"","_threads_share_type":"","_google_business_share_type":"","_selected_social_profile":[],"_wpsp_enable_custom_social_template":false,"_wpsp_social_scheduling":{"enabled":false,"datetime":null,"platforms":[],"status":"template_only","dateOption":"today","timeOption":"now","customDays":"","customHours":"","customDate":"","customTime":"","schedulingType":"absolute"},"_wpsp_active_default_template":true},"categories":[52,33],"tags":[],"class_list":["post-57137","post","type-post","status-publish","format-standard","has-post-thumbnail","hentry","category-a-la-une","category-sports"],"aioseo_notices":[],"yoast_head":"<!-- This site is optimized with the Yoast SEO plugin v27.5 - https:\/\/yoast.com\/product\/yoast-seo-wordpress\/ -->\n<title>Ligue 1 Mobilis: Une nouvelle saison palpitante s&rsquo;ouvre demain - La Sentinelle<\/title>\n<meta name=\"robots\" content=\"index, follow, max-snippet:-1, max-image-preview:large, max-video-preview:-1\" \/>\n<link rel=\"canonical\" href=\"https:\/\/lasentinelle.dz\/index.php\/2024\/09\/18\/ligue-1-mobilis-une-nouvelle-saison-palpitante-souvre-demain\/\" \/>\n<meta property=\"og:locale\" content=\"fr_FR\" \/>\n<meta property=\"og:type\" content=\"article\" \/>\n<meta property=\"og:title\" content=\"Ligue 1 Mobilis: Une nouvelle saison palpitante s&rsquo;ouvre demain - La Sentinelle\" \/>\n<meta property=\"og:description\" content=\"La Ligue 1 Mobilis s&rsquo;appr\u00eate \u00e0 lancer sa saison 2024-2025 demain, avec 16 \u00e9quipes sur la ligne de d\u00e9part dont\" \/>\n<meta property=\"og:url\" content=\"https:\/\/lasentinelle.dz\/index.php\/2024\/09\/18\/ligue-1-mobilis-une-nouvelle-saison-palpitante-souvre-demain\/\" \/>\n<meta property=\"og:site_name\" content=\"La Sentinelle\" \/>\n<meta property=\"article:publisher\" content=\"https:\/\/www.facebook.com\/La-Sentinelle-104059864394773\" \/>\n<meta property=\"article:published_time\" content=\"2024-09-18T12:47:14+00:00\" \/>\n<meta property=\"article:modified_time\" content=\"2024-09-18T13:06:43+00:00\" \/>\n<meta property=\"og:image\" content=\"https:\/\/lasentinelle.dz\/wp-content\/uploads\/2023\/07\/Ligue-1.jpeg\" \/>\n\t<meta property=\"og:image:width\" content=\"580\" \/>\n\t<meta property=\"og:image:height\" content=\"350\" \/>\n\t<meta property=\"og:image:type\" content=\"image\/jpeg\" \/>\n<meta name=\"author\" content=\"admin\" \/>\n<meta name=\"twitter:card\" content=\"summary_large_image\" \/>\n<meta name=\"twitter:label1\" content=\"\u00c9crit par\" \/>\n\t<meta name=\"twitter:data1\" content=\"admin\" \/>\n\t<meta name=\"twitter:label2\" content=\"Dur\u00e9e de lecture estim\u00e9e\" \/>\n\t<meta name=\"twitter:data2\" content=\"5 minutes\" \/>\n<script type=\"application\/ld+json\" class=\"yoast-schema-graph\">{\"@context\":\"https:\\\/\\\/schema.org\",\"@graph\":[{\"@type\":\"Article\",\"@id\":\"https:\\\/\\\/lasentinelle.dz\\\/index.php\\\/2024\\\/09\\\/18\\\/ligue-1-mobilis-une-nouvelle-saison-palpitante-souvre-demain\\\/#article\",\"isPartOf\":{\"@id\":\"https:\\\/\\\/lasentinelle.dz\\\/index.php\\\/2024\\\/09\\\/18\\\/ligue-1-mobilis-une-nouvelle-saison-palpitante-souvre-demain\\\/\"},\"author\":{\"name\":\"admin\",\"@id\":\"https:\\\/\\\/lasentinelle.dz\\\/#\\\/schema\\\/person\\\/729ee0024f24e0b8c5ec17232f8e8b41\"},\"headline\":\"Ligue 1 Mobilis: Une nouvelle saison palpitante s&rsquo;ouvre demain\",\"datePublished\":\"2024-09-18T12:47:14+00:00\",\"dateModified\":\"2024-09-18T13:06:43+00:00\",\"mainEntityOfPage\":{\"@id\":\"https:\\\/\\\/lasentinelle.dz\\\/index.php\\\/2024\\\/09\\\/18\\\/ligue-1-mobilis-une-nouvelle-saison-palpitante-souvre-demain\\\/\"},\"wordCount\":1019,\"commentCount\":0,\"publisher\":{\"@id\":\"https:\\\/\\\/lasentinelle.dz\\\/#organization\"},\"image\":{\"@id\":\"https:\\\/\\\/lasentinelle.dz\\\/index.php\\\/2024\\\/09\\\/18\\\/ligue-1-mobilis-une-nouvelle-saison-palpitante-souvre-demain\\\/#primaryimage\"},\"thumbnailUrl\":\"https:\\\/\\\/lasentinelle.dz\\\/wp-content\\\/uploads\\\/2023\\\/07\\\/Ligue-1.jpeg\",\"articleSection\":[\"\u00c0 la Une\",\"Sports\"],\"inLanguage\":\"fr-FR\",\"potentialAction\":[{\"@type\":\"CommentAction\",\"name\":\"Comment\",\"target\":[\"https:\\\/\\\/lasentinelle.dz\\\/index.php\\\/2024\\\/09\\\/18\\\/ligue-1-mobilis-une-nouvelle-saison-palpitante-souvre-demain\\\/#respond\"]}]},{\"@type\":\"WebPage\",\"@id\":\"https:\\\/\\\/lasentinelle.dz\\\/index.php\\\/2024\\\/09\\\/18\\\/ligue-1-mobilis-une-nouvelle-saison-palpitante-souvre-demain\\\/\",\"url\":\"https:\\\/\\\/lasentinelle.dz\\\/index.php\\\/2024\\\/09\\\/18\\\/ligue-1-mobilis-une-nouvelle-saison-palpitante-souvre-demain\\\/\",\"name\":\"Ligue 1 Mobilis: Une nouvelle saison palpitante s&rsquo;ouvre demain - La Sentinelle\",\"isPartOf\":{\"@id\":\"https:\\\/\\\/lasentinelle.dz\\\/#website\"},\"primaryImageOfPage\":{\"@id\":\"https:\\\/\\\/lasentinelle.dz\\\/index.php\\\/2024\\\/09\\\/18\\\/ligue-1-mobilis-une-nouvelle-saison-palpitante-souvre-demain\\\/#primaryimage\"},\"image\":{\"@id\":\"https:\\\/\\\/lasentinelle.dz\\\/index.php\\\/2024\\\/09\\\/18\\\/ligue-1-mobilis-une-nouvelle-saison-palpitante-souvre-demain\\\/#primaryimage\"},\"thumbnailUrl\":\"https:\\\/\\\/lasentinelle.dz\\\/wp-content\\\/uploads\\\/2023\\\/07\\\/Ligue-1.jpeg\",\"datePublished\":\"2024-09-18T12:47:14+00:00\",\"dateModified\":\"2024-09-18T13:06:43+00:00\",\"breadcrumb\":{\"@id\":\"https:\\\/\\\/lasentinelle.dz\\\/index.php\\\/2024\\\/09\\\/18\\\/ligue-1-mobilis-une-nouvelle-saison-palpitante-souvre-demain\\\/#breadcrumb\"},\"inLanguage\":\"fr-FR\",\"potentialAction\":[{\"@type\":\"ReadAction\",\"target\":[\"https:\\\/\\\/lasentinelle.dz\\\/index.php\\\/2024\\\/09\\\/18\\\/ligue-1-mobilis-une-nouvelle-saison-palpitante-souvre-demain\\\/\"]}]},{\"@type\":\"ImageObject\",\"inLanguage\":\"fr-FR\",\"@id\":\"https:\\\/\\\/lasentinelle.dz\\\/index.php\\\/2024\\\/09\\\/18\\\/ligue-1-mobilis-une-nouvelle-saison-palpitante-souvre-demain\\\/#primaryimage\",\"url\":\"https:\\\/\\\/lasentinelle.dz\\\/wp-content\\\/uploads\\\/2023\\\/07\\\/Ligue-1.jpeg\",\"contentUrl\":\"https:\\\/\\\/lasentinelle.dz\\\/wp-content\\\/uploads\\\/2023\\\/07\\\/Ligue-1.jpeg\",\"width\":580,\"height\":350},{\"@type\":\"BreadcrumbList\",\"@id\":\"https:\\\/\\\/lasentinelle.dz\\\/index.php\\\/2024\\\/09\\\/18\\\/ligue-1-mobilis-une-nouvelle-saison-palpitante-souvre-demain\\\/#breadcrumb\",\"itemListElement\":[{\"@type\":\"ListItem\",\"position\":1,\"name\":\"Accueil\",\"item\":\"https:\\\/\\\/lasentinelle.dz\\\/\"},{\"@type\":\"ListItem\",\"position\":2,\"name\":\"Ligue 1 Mobilis: Une nouvelle saison palpitante s&rsquo;ouvre demain\"}]},{\"@type\":\"WebSite\",\"@id\":\"https:\\\/\\\/lasentinelle.dz\\\/#website\",\"url\":\"https:\\\/\\\/lasentinelle.dz\\\/\",\"name\":\"La Sentinelle\",\"description\":\"Quotidien national d&#039;information\",\"publisher\":{\"@id\":\"https:\\\/\\\/lasentinelle.dz\\\/#organization\"},\"potentialAction\":[{\"@type\":\"SearchAction\",\"target\":{\"@type\":\"EntryPoint\",\"urlTemplate\":\"https:\\\/\\\/lasentinelle.dz\\\/?s={search_term_string}\"},\"query-input\":{\"@type\":\"PropertyValueSpecification\",\"valueRequired\":true,\"valueName\":\"search_term_string\"}}],\"inLanguage\":\"fr-FR\"},{\"@type\":\"Organization\",\"@id\":\"https:\\\/\\\/lasentinelle.dz\\\/#organization\",\"name\":\"Quotidien La Sentinelle\",\"url\":\"https:\\\/\\\/lasentinelle.dz\\\/\",\"logo\":{\"@type\":\"ImageObject\",\"inLanguage\":\"fr-FR\",\"@id\":\"https:\\\/\\\/lasentinelle.dz\\\/#\\\/schema\\\/logo\\\/image\\\/\",\"url\":\"https:\\\/\\\/lasentinelle.dz\\\/wp-content\\\/uploads\\\/2021\\\/09\\\/logo-sentinelleSLOGAN-1.png\",\"contentUrl\":\"https:\\\/\\\/lasentinelle.dz\\\/wp-content\\\/uploads\\\/2021\\\/09\\\/logo-sentinelleSLOGAN-1.png\",\"width\":615,\"height\":142,\"caption\":\"Quotidien La Sentinelle\"},\"image\":{\"@id\":\"https:\\\/\\\/lasentinelle.dz\\\/#\\\/schema\\\/logo\\\/image\\\/\"},\"sameAs\":[\"https:\\\/\\\/www.facebook.com\\\/La-Sentinelle-104059864394773\"]},{\"@type\":\"Person\",\"@id\":\"https:\\\/\\\/lasentinelle.dz\\\/#\\\/schema\\\/person\\\/729ee0024f24e0b8c5ec17232f8e8b41\",\"name\":\"admin\",\"image\":{\"@type\":\"ImageObject\",\"inLanguage\":\"fr-FR\",\"@id\":\"https:\\\/\\\/secure.gravatar.com\\\/avatar\\\/4c81fed838786e9b53f540bf46533e750f5d292099ae3b66cfc6fb1982e29df7?s=96&d=mm&r=g\",\"url\":\"https:\\\/\\\/secure.gravatar.com\\\/avatar\\\/4c81fed838786e9b53f540bf46533e750f5d292099ae3b66cfc6fb1982e29df7?s=96&d=mm&r=g\",\"contentUrl\":\"https:\\\/\\\/secure.gravatar.com\\\/avatar\\\/4c81fed838786e9b53f540bf46533e750f5d292099ae3b66cfc6fb1982e29df7?s=96&d=mm&r=g\",\"caption\":\"admin\"},\"description\":\"admin\",\"url\":\"https:\\\/\\\/lasentinelle.dz\\\/author\\\/admin\\\/\"}]}<\/script>\n<!-- \/ Yoast SEO plugin. -->","yoast_head_json":{"title":"Ligue 1 Mobilis: Une nouvelle saison palpitante s&rsquo;ouvre demain - La Sentinelle","robots":{"index":"index","follow":"follow","max-snippet":"max-snippet:-1","max-image-preview":"max-image-preview:large","max-video-preview":"max-video-preview:-1"},"canonical":"https:\/\/lasentinelle.dz\/index.php\/2024\/09\/18\/ligue-1-mobilis-une-nouvelle-saison-palpitante-souvre-demain\/","og_locale":"fr_FR","og_type":"article","og_title":"Ligue 1 Mobilis: Une nouvelle saison palpitante s&rsquo;ouvre demain - La Sentinelle","og_description":"La Ligue 1 Mobilis s&rsquo;appr\u00eate \u00e0 lancer sa saison 2024-2025 demain, avec 16 \u00e9quipes sur la ligne de d\u00e9part dont","og_url":"https:\/\/lasentinelle.dz\/index.php\/2024\/09\/18\/ligue-1-mobilis-une-nouvelle-saison-palpitante-souvre-demain\/","og_site_name":"La Sentinelle","article_publisher":"https:\/\/www.facebook.com\/La-Sentinelle-104059864394773","article_published_time":"2024-09-18T12:47:14+00:00","article_modified_time":"2024-09-18T13:06:43+00:00","og_image":[{"width":580,"height":350,"url":"https:\/\/lasentinelle.dz\/wp-content\/uploads\/2023\/07\/Ligue-1.jpeg","type":"image\/jpeg"}],"author":"admin","twitter_card":"summary_large_image","twitter_misc":{"\u00c9crit par":"admin","Dur\u00e9e de lecture estim\u00e9e":"5 minutes"},"schema":{"@context":"https:\/\/schema.org","@graph":[{"@type":"Article","@id":"https:\/\/lasentinelle.dz\/index.php\/2024\/09\/18\/ligue-1-mobilis-une-nouvelle-saison-palpitante-souvre-demain\/#article","isPartOf":{"@id":"https:\/\/lasentinelle.dz\/index.php\/2024\/09\/18\/ligue-1-mobilis-une-nouvelle-saison-palpitante-souvre-demain\/"},"author":{"name":"admin","@id":"https:\/\/lasentinelle.dz\/#\/schema\/person\/729ee0024f24e0b8c5ec17232f8e8b41"},"headline":"Ligue 1 Mobilis: Une nouvelle saison palpitante s&rsquo;ouvre demain","datePublished":"2024-09-18T12:47:14+00:00","dateModified":"2024-09-18T13:06:43+00:00","mainEntityOfPage":{"@id":"https:\/\/lasentinelle.dz\/index.php\/2024\/09\/18\/ligue-1-mobilis-une-nouvelle-saison-palpitante-souvre-demain\/"},"wordCount":1019,"commentCount":0,"publisher":{"@id":"https:\/\/lasentinelle.dz\/#organization"},"image":{"@id":"https:\/\/lasentinelle.dz\/index.php\/2024\/09\/18\/ligue-1-mobilis-une-nouvelle-saison-palpitante-souvre-demain\/#primaryimage"},"thumbnailUrl":"https:\/\/lasentinelle.dz\/wp-content\/uploads\/2023\/07\/Ligue-1.jpeg","articleSection":["\u00c0 la Une","Sports"],"inLanguage":"fr-FR","potentialAction":[{"@type":"CommentAction","name":"Comment","target":["https:\/\/lasentinelle.dz\/index.php\/2024\/09\/18\/ligue-1-mobilis-une-nouvelle-saison-palpitante-souvre-demain\/#respond"]}]},{"@type":"WebPage","@id":"https:\/\/lasentinelle.dz\/index.php\/2024\/09\/18\/ligue-1-mobilis-une-nouvelle-saison-palpitante-souvre-demain\/","url":"https:\/\/lasentinelle.dz\/index.php\/2024\/09\/18\/ligue-1-mobilis-une-nouvelle-saison-palpitante-souvre-demain\/","name":"Ligue 1 Mobilis: Une nouvelle saison palpitante s&rsquo;ouvre demain - La Sentinelle","isPartOf":{"@id":"https:\/\/lasentinelle.dz\/#website"},"primaryImageOfPage":{"@id":"https:\/\/lasentinelle.dz\/index.php\/2024\/09\/18\/ligue-1-mobilis-une-nouvelle-saison-palpitante-souvre-demain\/#primaryimage"},"image":{"@id":"https:\/\/lasentinelle.dz\/index.php\/2024\/09\/18\/ligue-1-mobilis-une-nouvelle-saison-palpitante-souvre-demain\/#primaryimage"},"thumbnailUrl":"https:\/\/lasentinelle.dz\/wp-content\/uploads\/2023\/07\/Ligue-1.jpeg","datePublished":"2024-09-18T12:47:14+00:00","dateModified":"2024-09-18T13:06:43+00:00","breadcrumb":{"@id":"https:\/\/lasentinelle.dz\/index.php\/2024\/09\/18\/ligue-1-mobilis-une-nouvelle-saison-palpitante-souvre-demain\/#breadcrumb"},"inLanguage":"fr-FR","potentialAction":[{"@type":"ReadAction","target":["https:\/\/lasentinelle.dz\/index.php\/2024\/09\/18\/ligue-1-mobilis-une-nouvelle-saison-palpitante-souvre-demain\/"]}]},{"@type":"ImageObject","inLanguage":"fr-FR","@id":"https:\/\/lasentinelle.dz\/index.php\/2024\/09\/18\/ligue-1-mobilis-une-nouvelle-saison-palpitante-souvre-demain\/#primaryimage","url":"https:\/\/lasentinelle.dz\/wp-content\/uploads\/2023\/07\/Ligue-1.jpeg","contentUrl":"https:\/\/lasentinelle.dz\/wp-content\/uploads\/2023\/07\/Ligue-1.jpeg","width":580,"height":350},{"@type":"BreadcrumbList","@id":"https:\/\/lasentinelle.dz\/index.php\/2024\/09\/18\/ligue-1-mobilis-une-nouvelle-saison-palpitante-souvre-demain\/#breadcrumb","itemListElement":[{"@type":"ListItem","position":1,"name":"Accueil","item":"https:\/\/lasentinelle.dz\/"},{"@type":"ListItem","position":2,"name":"Ligue 1 Mobilis: Une nouvelle saison palpitante s&rsquo;ouvre demain"}]},{"@type":"WebSite","@id":"https:\/\/lasentinelle.dz\/#website","url":"https:\/\/lasentinelle.dz\/","name":"La Sentinelle","description":"Quotidien national d&#039;information","publisher":{"@id":"https:\/\/lasentinelle.dz\/#organization"},"potentialAction":[{"@type":"SearchAction","target":{"@type":"EntryPoint","urlTemplate":"https:\/\/lasentinelle.dz\/?s={search_term_string}"},"query-input":{"@type":"PropertyValueSpecification","valueRequired":true,"valueName":"search_term_string"}}],"inLanguage":"fr-FR"},{"@type":"Organization","@id":"https:\/\/lasentinelle.dz\/#organization","name":"Quotidien La Sentinelle","url":"https:\/\/lasentinelle.dz\/","logo":{"@type":"ImageObject","inLanguage":"fr-FR","@id":"https:\/\/lasentinelle.dz\/#\/schema\/logo\/image\/","url":"https:\/\/lasentinelle.dz\/wp-content\/uploads\/2021\/09\/logo-sentinelleSLOGAN-1.png","contentUrl":"https:\/\/lasentinelle.dz\/wp-content\/uploads\/2021\/09\/logo-sentinelleSLOGAN-1.png","width":615,"height":142,"caption":"Quotidien La Sentinelle"},"image":{"@id":"https:\/\/lasentinelle.dz\/#\/schema\/logo\/image\/"},"sameAs":["https:\/\/www.facebook.com\/La-Sentinelle-104059864394773"]},{"@type":"Person","@id":"https:\/\/lasentinelle.dz\/#\/schema\/person\/729ee0024f24e0b8c5ec17232f8e8b41","name":"admin","image":{"@type":"ImageObject","inLanguage":"fr-FR","@id":"https:\/\/secure.gravatar.com\/avatar\/4c81fed838786e9b53f540bf46533e750f5d292099ae3b66cfc6fb1982e29df7?s=96&d=mm&r=g","url":"https:\/\/secure.gravatar.com\/avatar\/4c81fed838786e9b53f540bf46533e750f5d292099ae3b66cfc6fb1982e29df7?s=96&d=mm&r=g","contentUrl":"https:\/\/secure.gravatar.com\/avatar\/4c81fed838786e9b53f540bf46533e750f5d292099ae3b66cfc6fb1982e29df7?s=96&d=mm&r=g","caption":"admin"},"description":"admin","url":"https:\/\/lasentinelle.dz\/author\/admin\/"}]}},"_links":{"self":[{"href":"https:\/\/lasentinelle.dz\/index.php\/wp-json\/wp\/v2\/posts\/57137","targetHints":{"allow":["GET"]}}],"collection":[{"href":"https:\/\/lasentinelle.dz\/index.php\/wp-json\/wp\/v2\/posts"}],"about":[{"href":"https:\/\/lasentinelle.dz\/index.php\/wp-json\/wp\/v2\/types\/post"}],"author":[{"embeddable":true,"href":"https:\/\/lasentinelle.dz\/index.php\/wp-json\/wp\/v2\/users\/6"}],"replies":[{"embeddable":true,"href":"https:\/\/lasentinelle.dz\/index.php\/wp-json\/wp\/v2\/comments?post=57137"}],"version-history":[{"count":2,"href":"https:\/\/lasentinelle.dz\/index.php\/wp-json\/wp\/v2\/posts\/57137\/revisions"}],"predecessor-version":[{"id":57139,"href":"https:\/\/lasentinelle.dz\/index.php\/wp-json\/wp\/v2\/posts\/57137\/revisions\/57139"}],"wp:featuredmedia":[{"embeddable":true,"href":"https:\/\/lasentinelle.dz\/index.php\/wp-json\/wp\/v2\/media\/43719"}],"wp:attachment":[{"href":"https:\/\/lasentinelle.dz\/index.php\/wp-json\/wp\/v2\/media?parent=57137"}],"wp:term":[{"taxonomy":"category","embeddable":true,"href":"https:\/\/lasentinelle.dz\/index.php\/wp-json\/wp\/v2\/categories?post=57137"},{"taxonomy":"post_tag","embeddable":true,"href":"https:\/\/lasentinelle.dz\/index.php\/wp-json\/wp\/v2\/tags?post=57137"}],"curies":[{"name":"wp","href":"https:\/\/api.w.org\/{rel}","templated":true}]}}